{"id":18495,"date":"2022-11-21T19:50:51","date_gmt":"2022-11-21T18:50:51","guid":{"rendered":"https:\/\/valenciasjb.salesianos.edu\/colegio\/?p=18495"},"modified":"2022-11-21T19:50:55","modified_gmt":"2022-11-21T18:50:55","slug":"tres-profesores-del-colegio-se-graduan-de-los-cursos-de-expertos-en-direccion-de-centros-educativos-y-coordinacion-de-pastoral","status":"publish","type":"post","link":"https:\/\/valenciasjb.salesianos.edu\/colegio\/tres-profesores-del-colegio-se-graduan-de-los-cursos-de-expertos-en-direccion-de-centros-educativos-y-coordinacion-de-pastoral\/","title":{"rendered":"Tres profesores del colegio se grad\u00faan de los cursos de expertos en Direcci\u00f3n de Centros Educativos y Coordinaci\u00f3n de Pastoral"},"content":{"rendered":"<div id=\"fb-root\"><\/div>\n<p>[et_pb_section fb_built=\u00bb1&#8243; admin_label=\u00bbsection\u00bb _builder_version=\u00bb4.16&#8243; global_colors_info=\u00bb{}\u00bb][et_pb_row admin_label=\u00bbrow\u00bb _builder_version=\u00bb4.16&#8243; background_size=\u00bbinitial\u00bb background_position=\u00bbtop_left\u00bb background_repeat=\u00bbrepeat\u00bb global_colors_info=\u00bb{}\u00bb][et_pb_column type=\u00bb4_4&#8243; _builder_version=\u00bb4.16&#8243; custom_padding=\u00bb|||\u00bb global_colors_info=\u00bb{}\u00bb custom_padding__hover=\u00bb|||\u00bb][\/et_pb_column][\/et_pb_row][\/et_pb_section][et_pb_section fb_built=\u00bb1&#8243; admin_label=\u00bbsection\u00bb _builder_version=\u00bb4.16&#8243; global_colors_info=\u00bb{}\u00bb][et_pb_row admin_label=\u00bbrow\u00bb _builder_version=\u00bb4.16&#8243; background_size=\u00bbinitial\u00bb background_position=\u00bbtop_left\u00bb background_repeat=\u00bbrepeat\u00bb global_colors_info=\u00bb{}\u00bb][et_pb_column type=\u00bb4_4&#8243; _builder_version=\u00bb4.16&#8243; custom_padding=\u00bb|||\u00bb global_colors_info=\u00bb{}\u00bb custom_padding__hover=\u00bb|||\u00bb][et_pb_text admin_label=\u00bbEntradilla (Texto)\u00bb _builder_version=\u00bb4.19.1&#8243; text_font=\u00bb|on|||\u00bb text_orientation=\u00bbjustified\u00bb module_alignment=\u00bbjustified\u00bb hover_enabled=\u00bb0&#8243; global_colors_info=\u00bb{}\u00bb sticky_enabled=\u00bb0&#8243;]<\/p>\n<div id=\"resumen\">\n<p dir=\"ltr\">El viernes 18 de noviembre se celebr\u00f3 en la Sede Inspectorial de\u00a0<i>Salesianos Santiago El Mayor<\/i>\u00a0la graduaci\u00f3n de los\u00a0<b>cursos de expertos de Direcci\u00f3n de Centros Educativos y Coordinaci\u00f3n de Pastoral<\/b>\u00a0organizados por\u00a0<a href=\"http:\/\/www.escuelassalesianas.org\/\">Escuelas Salesianas<\/a>. Con este acto, concluyen las formaciones del curso 2021 \u2013 2022 que han contado con casi noventa participantes de colegios Salesianos y Salesianas en Espa\u00f1a. La formaci\u00f3n de los docentes es uno de los elementos claves para ofrecer una educaci\u00f3n de calidad que responda a los desaf\u00edos que hoy nos presenta la sociedad.<\/p>\n<\/div>\n<div>\u00a0<\/div>\n<p>[\/et_pb_text][et_pb_text admin_label=\u00bbAutor (Texto)\u00bb _builder_version=\u00bb4.19.1&#8243; text_font=\u00bb||on||\u00bb hover_enabled=\u00bb0&#8243; global_colors_info=\u00bb{}\u00bb sticky_enabled=\u00bb0&#8243;]<\/p>\n<p>Redacci\u00f3n.<\/p>\n<p>[\/et_pb_text][et_pb_text admin_label=\u00bbDesarrollo (Texto)\u00bb _builder_version=\u00bb4.19.1&#8243; text_orientation=\u00bbjustified\u00bb module_alignment=\u00bbjustified\u00bb hover_enabled=\u00bb0&#8243; global_colors_info=\u00bb{}\u00bb sticky_enabled=\u00bb0&#8243;]<\/p>\n<p>Nuestros profesores Manuel Pla y Fran Ros, de educaci\u00f3n primaria, y Ver\u00f3nica Pastor, de educaci\u00f3n secundaria, han recibido sus diplomas por la realizaci\u00f3n de estos cursos.<\/p>\n<p dir=\"ltr\">En el momento de los saludos, Jordi Lleix\u00e0, delegado de Pastoral Juvenil de la inspector\u00eda Mar\u00eda Auxiliadora, Samuel Segura, Vicario de Salesianos Santiago El Mayor, y Coral Larraz miembro del Consejo de Escuelas Salesianas de la inspector\u00eda de Salesianas, tuvieron unas palabras de gratitud invitando a los docentes presentes a seguir form\u00e1ndose en el d\u00eda a d\u00eda para poder formar al alumnado y ofrecer una educaci\u00f3n de calidad.<\/p>\n<p dir=\"ltr\">\u00d3scar Bartolom\u00e9, Coordinador Nacional de Escuelas Salesianas, durante la ponencia que dirigi\u00f3 a los graduados y graduadas que llevaba por t\u00edtulo\u00a0<i>Escuelas con estilo.\u00a0La direcci\u00f3n y la pastoral en la escuela salesiana,\u00a0<\/i>ha compartido con todos los asistentes una reflexi\u00f3n sobre la gesti\u00f3n directiva con estilo salesiano. Ha apuntado algunos criterios pastorales para la gesti\u00f3n de la direcci\u00f3n. Ha destacado la importancia de acompa\u00f1ar, liderar y animar desde nuestro estilo salesiano. En definitiva, una clave fundamental para nuestros directivos y coordinadores de pastoral es cuidarse y cuidar. Cuidarse para poder cuidar. Cuidar y acompa\u00f1ar al personal del centro para crecer en identidad salesiana y sentido de pertenencia.<\/p>\n<blockquote>\n<p dir=\"ltr\">Tambi\u00e9n tuvo la palabra el alumnado de estos cursos de expertos, afirmando que \u201csomos nosotros los que tenemos la responsabilidad de acompa\u00f1ar, de ayudar, de delegar y de alejarnos cuando sea necesario\u201d. En la misma l\u00ednea, dec\u00edan con emoci\u00f3n que los docentes de las escuelas salesianas somos \u201ctestigos, gu\u00edas, acompa\u00f1antes, garantes y responsables del estilo salesiano\u201d.<\/p>\n<\/blockquote>\n<p dir=\"ltr\">Por \u00faltimo, \u00d3scar Bartolom\u00e9, \u00a0finaliz\u00f3 el acto de graduaci\u00f3n agradeciendo a todos los alumnos y alumnas su esfuerzo durante el pasado curso 2021-2022.<\/p>\n<p>[\/et_pb_text][et_pb_text disabled_on=\u00bboff|on|on\u00bb admin_label=\u00bbT\u00edtulo: Galer\u00eda de fotos (Texto)\u00bb _builder_version=\u00bb4.18.0&#8243; text_font=\u00bb|on|||\u00bb text_text_color=\u00bb#dc001b\u00bb border_style=\u00bbsolid\u00bb global_colors_info=\u00bb{}\u00bb]<\/p>\n<p>Galer\u00eda de im\u00e1genes<\/p>\n<p>[\/et_pb_text][et_pb_gallery gallery_ids=\u00bb18504,18503,18502,18501,18500,18499,18498&#8243; posts_number=\u00bb8&#8243; show_title_and_caption=\u00bboff\u00bb zoom_icon_color=\u00bb#dc001b\u00bb hover_icon=\u00bb&#x54;||divi||400&#8243; disabled_on=\u00bboff|off|off\u00bb _builder_version=\u00bb4.19.1&#8243; hover_enabled=\u00bb0&#8243; pagination_font_size_tablet=\u00bb51&#8243; pagination_line_height_tablet=\u00bb2&#8243; global_colors_info=\u00bb{}\u00bb sticky_enabled=\u00bb0&#8243;][\/et_pb_gallery][et_pb_video disabled_on=\u00bbon|on|on\u00bb _builder_version=\u00bb4.16&#8243; disabled=\u00bbon\u00bb global_colors_info=\u00bb{}\u00bb][\/et_pb_video][\/et_pb_column][\/et_pb_row][\/et_pb_section]<\/p>\n<!-- AddThis Advanced Settings generic via filter on the_content --><!-- AddThis Share Buttons generic via filter on the_content -->","protected":false},"excerpt":{"rendered":"<p>El viernes 18 de noviembre se celebr\u00f3 en la Sede Inspectorial de\u00a0Salesianos Santiago El Mayor\u00a0la graduaci\u00f3n de los\u00a0cursos de expertos de Direcci\u00f3n de Centros Educativos y Coordinaci\u00f3n de Pastoral\u00a0organizados por\u00a0Escuelas Salesianas. Con este acto, concluyen las formaciones del curso 2021 \u2013 2022 que han contado con casi noventa participantes de colegios Salesianos y Salesianas en [&hellip;]<\/p>\n<p><!-- AddThis Advanced Settings generic via filter on get_the_excerpt --><!-- AddThis Share Buttons generic via filter on get_the_excerpt --><\/p>\n","protected":false},"author":6,"featured_media":18504,"comment_status":"closed","ping_status":"open","sticky":false,"template":"","format":"standard","meta":{"_et_pb_use_builder":"on","_et_pb_old_content":"","_et_gb_content_width":"","footnotes":""},"categories":[14],"tags":[],"class_list":["post-18495","post","type-post","status-publish","format-standard","has-post-thumbnail","hentry","category-noticia_colegio"],"yoast_head":"<!-- This site is optimized with the Yoast SEO plugin v28.4 - https:\/\/yoast.com\/product\/yoast-seo-wordpress\/ -->\n<title>Tres profesores del colegio se grad\u00faan de los cursos de expertos en Direcci\u00f3n de Centros Educativos y Coordinaci\u00f3n de Pastoral - Colegio San Juan Bosco Valencia<\/title>\n<meta name=\"robots\" content=\"index, follow, max-snippet:-1, max-image-preview:large, max-video-preview:-1\" \/>\n<link rel=\"canonical\" href=\"https:\/\/valenciasjb.salesianos.edu\/colegio\/tres-profesores-del-colegio-se-graduan-de-los-cursos-de-expertos-en-direccion-de-centros-educativos-y-coordinacion-de-pastoral\/\" \/>\n<meta property=\"og:locale\" content=\"es_ES\" \/>\n<meta property=\"og:type\" content=\"article\" \/>\n<meta property=\"og:title\" content=\"Tres profesores del colegio se grad\u00faan de los cursos de expertos en Direcci\u00f3n de Centros Educativos y Coordinaci\u00f3n de Pastoral - Colegio San Juan Bosco Valencia\" \/>\n<meta property=\"og:description\" content=\"El viernes 18 de noviembre se celebr\u00f3 en la Sede Inspectorial de\u00a0Salesianos Santiago El Mayor\u00a0la graduaci\u00f3n de los\u00a0cursos de expertos de Direcci\u00f3n de Centros Educativos y Coordinaci\u00f3n de Pastoral\u00a0organizados por\u00a0Escuelas Salesianas. Con este acto, concluyen las formaciones del curso 2021 \u2013 2022 que han contado con casi noventa participantes de colegios Salesianos y Salesianas en [&hellip;]\" \/>\n<meta property=\"og:url\" content=\"https:\/\/valenciasjb.salesianos.edu\/colegio\/tres-profesores-del-colegio-se-graduan-de-los-cursos-de-expertos-en-direccion-de-centros-educativos-y-coordinacion-de-pastoral\/\" \/>\n<meta property=\"og:site_name\" content=\"Colegio San Juan Bosco Valencia\" \/>\n<meta property=\"article:publisher\" content=\"https:\/\/www.facebook.com\/ColegioSalesianoSanJuanBoscoValencia\" \/>\n<meta property=\"article:published_time\" content=\"2022-11-21T18:50:51+00:00\" \/>\n<meta property=\"article:modified_time\" content=\"2022-11-21T18:50:55+00:00\" \/>\n<meta property=\"og:image\" content=\"https:\/\/valenciasjb.salesianos.edu\/colegio\/wp-content\/uploads\/sites\/2\/2022\/11\/IMG_20221121_093316-scaled.jpg\" \/>\n\t<meta property=\"og:image:width\" content=\"1922\" \/>\n\t<meta property=\"og:image:height\" content=\"2560\" \/>\n\t<meta property=\"og:image:type\" content=\"image\/jpeg\" \/>\n<meta name=\"author\" content=\"veronicapastor\" \/>\n<meta name=\"twitter:card\" content=\"summary_large_image\" \/>\n<meta name=\"twitter:creator\" content=\"@SalesianosVSJB\" \/>\n<meta name=\"twitter:site\" content=\"@SalesianosVSJB\" \/>\n<meta name=\"twitter:label1\" content=\"Escrito por\" \/>\n\t<meta name=\"twitter:data1\" content=\"veronicapastor\" \/>\n<script type=\"application\/ld+json\" class=\"yoast-schema-graph\">{\"@context\":\"https:\\\/\\\/schema.org\",\"@graph\":[{\"@type\":\"Article\",\"@id\":\"https:\\\/\\\/valenciasjb.salesianos.edu\\\/colegio\\\/tres-profesores-del-colegio-se-graduan-de-los-cursos-de-expertos-en-direccion-de-centros-educativos-y-coordinacion-de-pastoral\\\/#article\",\"isPartOf\":{\"@id\":\"https:\\\/\\\/valenciasjb.salesianos.edu\\\/colegio\\\/tres-profesores-del-colegio-se-graduan-de-los-cursos-de-expertos-en-direccion-de-centros-educativos-y-coordinacion-de-pastoral\\\/\"},\"author\":{\"name\":\"veronicapastor\",\"@id\":\"https:\\\/\\\/valenciasjb.salesianos.edu\\\/colegio\\\/#\\\/schema\\\/person\\\/1f45b67e52b27da175190a574db6bed9\"},\"headline\":\"Tres profesores del colegio se grad\u00faan de los cursos de expertos en Direcci\u00f3n de Centros Educativos y Coordinaci\u00f3n de Pastoral\",\"datePublished\":\"2022-11-21T18:50:51+00:00\",\"dateModified\":\"2022-11-21T18:50:55+00:00\",\"mainEntityOfPage\":{\"@id\":\"https:\\\/\\\/valenciasjb.salesianos.edu\\\/colegio\\\/tres-profesores-del-colegio-se-graduan-de-los-cursos-de-expertos-en-direccion-de-centros-educativos-y-coordinacion-de-pastoral\\\/\"},\"wordCount\":719,\"image\":{\"@id\":\"https:\\\/\\\/valenciasjb.salesianos.edu\\\/colegio\\\/tres-profesores-del-colegio-se-graduan-de-los-cursos-de-expertos-en-direccion-de-centros-educativos-y-coordinacion-de-pastoral\\\/#primaryimage\"},\"thumbnailUrl\":\"https:\\\/\\\/valenciasjb.salesianos.edu\\\/colegio\\\/wp-content\\\/uploads\\\/sites\\\/2\\\/2022\\\/11\\\/IMG_20221121_093316-scaled.jpg\",\"articleSection\":[\"Noticia Colegio\"],\"inLanguage\":\"es\"},{\"@type\":\"WebPage\",\"@id\":\"https:\\\/\\\/valenciasjb.salesianos.edu\\\/colegio\\\/tres-profesores-del-colegio-se-graduan-de-los-cursos-de-expertos-en-direccion-de-centros-educativos-y-coordinacion-de-pastoral\\\/\",\"url\":\"https:\\\/\\\/valenciasjb.salesianos.edu\\\/colegio\\\/tres-profesores-del-colegio-se-graduan-de-los-cursos-de-expertos-en-direccion-de-centros-educativos-y-coordinacion-de-pastoral\\\/\",\"name\":\"Tres profesores del colegio se grad\u00faan de los cursos de expertos en Direcci\u00f3n de Centros Educativos y Coordinaci\u00f3n de Pastoral - Colegio San Juan Bosco Valencia\",\"isPartOf\":{\"@id\":\"https:\\\/\\\/valenciasjb.salesianos.edu\\\/colegio\\\/#website\"},\"primaryImageOfPage\":{\"@id\":\"https:\\\/\\\/valenciasjb.salesianos.edu\\\/colegio\\\/tres-profesores-del-colegio-se-graduan-de-los-cursos-de-expertos-en-direccion-de-centros-educativos-y-coordinacion-de-pastoral\\\/#primaryimage\"},\"image\":{\"@id\":\"https:\\\/\\\/valenciasjb.salesianos.edu\\\/colegio\\\/tres-profesores-del-colegio-se-graduan-de-los-cursos-de-expertos-en-direccion-de-centros-educativos-y-coordinacion-de-pastoral\\\/#primaryimage\"},\"thumbnailUrl\":\"https:\\\/\\\/valenciasjb.salesianos.edu\\\/colegio\\\/wp-content\\\/uploads\\\/sites\\\/2\\\/2022\\\/11\\\/IMG_20221121_093316-scaled.jpg\",\"datePublished\":\"2022-11-21T18:50:51+00:00\",\"dateModified\":\"2022-11-21T18:50:55+00:00\",\"author\":{\"@id\":\"https:\\\/\\\/valenciasjb.salesianos.edu\\\/colegio\\\/#\\\/schema\\\/person\\\/1f45b67e52b27da175190a574db6bed9\"},\"breadcrumb\":{\"@id\":\"https:\\\/\\\/valenciasjb.salesianos.edu\\\/colegio\\\/tres-profesores-del-colegio-se-graduan-de-los-cursos-de-expertos-en-direccion-de-centros-educativos-y-coordinacion-de-pastoral\\\/#breadcrumb\"},\"inLanguage\":\"es\",\"potentialAction\":[{\"@type\":\"ReadAction\",\"target\":[\"https:\\\/\\\/valenciasjb.salesianos.edu\\\/colegio\\\/tres-profesores-del-colegio-se-graduan-de-los-cursos-de-expertos-en-direccion-de-centros-educativos-y-coordinacion-de-pastoral\\\/\"]}]},{\"@type\":\"ImageObject\",\"inLanguage\":\"es\",\"@id\":\"https:\\\/\\\/valenciasjb.salesianos.edu\\\/colegio\\\/tres-profesores-del-colegio-se-graduan-de-los-cursos-de-expertos-en-direccion-de-centros-educativos-y-coordinacion-de-pastoral\\\/#primaryimage\",\"url\":\"https:\\\/\\\/valenciasjb.salesianos.edu\\\/colegio\\\/wp-content\\\/uploads\\\/sites\\\/2\\\/2022\\\/11\\\/IMG_20221121_093316-scaled.jpg\",\"contentUrl\":\"https:\\\/\\\/valenciasjb.salesianos.edu\\\/colegio\\\/wp-content\\\/uploads\\\/sites\\\/2\\\/2022\\\/11\\\/IMG_20221121_093316-scaled.jpg\",\"width\":1922,\"height\":2560},{\"@type\":\"BreadcrumbList\",\"@id\":\"https:\\\/\\\/valenciasjb.salesianos.edu\\\/colegio\\\/tres-profesores-del-colegio-se-graduan-de-los-cursos-de-expertos-en-direccion-de-centros-educativos-y-coordinacion-de-pastoral\\\/#breadcrumb\",\"itemListElement\":[{\"@type\":\"ListItem\",\"position\":1,\"name\":\"Portada\",\"item\":\"https:\\\/\\\/valenciasjb.salesianos.edu\\\/colegio\\\/\"},{\"@type\":\"ListItem\",\"position\":2,\"name\":\"Tres profesores del colegio se grad\u00faan de los cursos de expertos en Direcci\u00f3n de Centros Educativos y Coordinaci\u00f3n de Pastoral\"}]},{\"@type\":\"WebSite\",\"@id\":\"https:\\\/\\\/valenciasjb.salesianos.edu\\\/colegio\\\/#website\",\"url\":\"https:\\\/\\\/valenciasjb.salesianos.edu\\\/colegio\\\/\",\"name\":\"Colegio San Juan Bosco Valencia\",\"description\":\"P\u00e1gina oficial del Colegio Salesianos San Juan Bosco Valencia\",\"alternateName\":\"Salesianos.VSJB\",\"potentialAction\":[{\"@type\":\"SearchAction\",\"target\":{\"@type\":\"EntryPoint\",\"urlTemplate\":\"https:\\\/\\\/valenciasjb.salesianos.edu\\\/colegio\\\/?s={search_term_string}\"},\"query-input\":{\"@type\":\"PropertyValueSpecification\",\"valueRequired\":true,\"valueName\":\"search_term_string\"}}],\"inLanguage\":\"es\"},{\"@type\":\"Person\",\"@id\":\"https:\\\/\\\/valenciasjb.salesianos.edu\\\/colegio\\\/#\\\/schema\\\/person\\\/1f45b67e52b27da175190a574db6bed9\",\"name\":\"veronicapastor\",\"image\":{\"@type\":\"ImageObject\",\"inLanguage\":\"es\",\"@id\":\"https:\\\/\\\/secure.gravatar.com\\\/avatar\\\/e29bd40bace3fd935e1d6fdb7313ffc14628cc037c5e16f4c7369b20a2a6f7f0?s=96&d=mm&r=g\",\"url\":\"https:\\\/\\\/secure.gravatar.com\\\/avatar\\\/e29bd40bace3fd935e1d6fdb7313ffc14628cc037c5e16f4c7369b20a2a6f7f0?s=96&d=mm&r=g\",\"contentUrl\":\"https:\\\/\\\/secure.gravatar.com\\\/avatar\\\/e29bd40bace3fd935e1d6fdb7313ffc14628cc037c5e16f4c7369b20a2a6f7f0?s=96&d=mm&r=g\",\"caption\":\"veronicapastor\"}}]}<\/script>\n<!-- \/ Yoast SEO plugin. -->","yoast_head_json":{"title":"Tres profesores del colegio se grad\u00faan de los cursos de expertos en Direcci\u00f3n de Centros Educativos y Coordinaci\u00f3n de Pastoral - Colegio San Juan Bosco Valencia","robots":{"index":"index","follow":"follow","max-snippet":"max-snippet:-1","max-image-preview":"max-image-preview:large","max-video-preview":"max-video-preview:-1"},"canonical":"https:\/\/valenciasjb.salesianos.edu\/colegio\/tres-profesores-del-colegio-se-graduan-de-los-cursos-de-expertos-en-direccion-de-centros-educativos-y-coordinacion-de-pastoral\/","og_locale":"es_ES","og_type":"article","og_title":"Tres profesores del colegio se grad\u00faan de los cursos de expertos en Direcci\u00f3n de Centros Educativos y Coordinaci\u00f3n de Pastoral - Colegio San Juan Bosco Valencia","og_description":"El viernes 18 de noviembre se celebr\u00f3 en la Sede Inspectorial de\u00a0Salesianos Santiago El Mayor\u00a0la graduaci\u00f3n de los\u00a0cursos de expertos de Direcci\u00f3n de Centros Educativos y Coordinaci\u00f3n de Pastoral\u00a0organizados por\u00a0Escuelas Salesianas. Con este acto, concluyen las formaciones del curso 2021 \u2013 2022 que han contado con casi noventa participantes de colegios Salesianos y Salesianas en [&hellip;]","og_url":"https:\/\/valenciasjb.salesianos.edu\/colegio\/tres-profesores-del-colegio-se-graduan-de-los-cursos-de-expertos-en-direccion-de-centros-educativos-y-coordinacion-de-pastoral\/","og_site_name":"Colegio San Juan Bosco Valencia","article_publisher":"https:\/\/www.facebook.com\/ColegioSalesianoSanJuanBoscoValencia","article_published_time":"2022-11-21T18:50:51+00:00","article_modified_time":"2022-11-21T18:50:55+00:00","og_image":[{"width":1922,"height":2560,"url":"https:\/\/valenciasjb.salesianos.edu\/colegio\/wp-content\/uploads\/sites\/2\/2022\/11\/IMG_20221121_093316-scaled.jpg","type":"image\/jpeg"}],"author":"veronicapastor","twitter_card":"summary_large_image","twitter_creator":"@SalesianosVSJB","twitter_site":"@SalesianosVSJB","twitter_misc":{"Escrito por":"veronicapastor"},"schema":{"@context":"https:\/\/schema.org","@graph":[{"@type":"Article","@id":"https:\/\/valenciasjb.salesianos.edu\/colegio\/tres-profesores-del-colegio-se-graduan-de-los-cursos-de-expertos-en-direccion-de-centros-educativos-y-coordinacion-de-pastoral\/#article","isPartOf":{"@id":"https:\/\/valenciasjb.salesianos.edu\/colegio\/tres-profesores-del-colegio-se-graduan-de-los-cursos-de-expertos-en-direccion-de-centros-educativos-y-coordinacion-de-pastoral\/"},"author":{"name":"veronicapastor","@id":"https:\/\/valenciasjb.salesianos.edu\/colegio\/#\/schema\/person\/1f45b67e52b27da175190a574db6bed9"},"headline":"Tres profesores del colegio se grad\u00faan de los cursos de expertos en Direcci\u00f3n de Centros Educativos y Coordinaci\u00f3n de Pastoral","datePublished":"2022-11-21T18:50:51+00:00","dateModified":"2022-11-21T18:50:55+00:00","mainEntityOfPage":{"@id":"https:\/\/valenciasjb.salesianos.edu\/colegio\/tres-profesores-del-colegio-se-graduan-de-los-cursos-de-expertos-en-direccion-de-centros-educativos-y-coordinacion-de-pastoral\/"},"wordCount":719,"image":{"@id":"https:\/\/valenciasjb.salesianos.edu\/colegio\/tres-profesores-del-colegio-se-graduan-de-los-cursos-de-expertos-en-direccion-de-centros-educativos-y-coordinacion-de-pastoral\/#primaryimage"},"thumbnailUrl":"https:\/\/valenciasjb.salesianos.edu\/colegio\/wp-content\/uploads\/sites\/2\/2022\/11\/IMG_20221121_093316-scaled.jpg","articleSection":["Noticia Colegio"],"inLanguage":"es"},{"@type":"WebPage","@id":"https:\/\/valenciasjb.salesianos.edu\/colegio\/tres-profesores-del-colegio-se-graduan-de-los-cursos-de-expertos-en-direccion-de-centros-educativos-y-coordinacion-de-pastoral\/","url":"https:\/\/valenciasjb.salesianos.edu\/colegio\/tres-profesores-del-colegio-se-graduan-de-los-cursos-de-expertos-en-direccion-de-centros-educativos-y-coordinacion-de-pastoral\/","name":"Tres profesores del colegio se grad\u00faan de los cursos de expertos en Direcci\u00f3n de Centros Educativos y Coordinaci\u00f3n de Pastoral - Colegio San Juan Bosco Valencia","isPartOf":{"@id":"https:\/\/valenciasjb.salesianos.edu\/colegio\/#website"},"primaryImageOfPage":{"@id":"https:\/\/valenciasjb.salesianos.edu\/colegio\/tres-profesores-del-colegio-se-graduan-de-los-cursos-de-expertos-en-direccion-de-centros-educativos-y-coordinacion-de-pastoral\/#primaryimage"},"image":{"@id":"https:\/\/valenciasjb.salesianos.edu\/colegio\/tres-profesores-del-colegio-se-graduan-de-los-cursos-de-expertos-en-direccion-de-centros-educativos-y-coordinacion-de-pastoral\/#primaryimage"},"thumbnailUrl":"https:\/\/valenciasjb.salesianos.edu\/colegio\/wp-content\/uploads\/sites\/2\/2022\/11\/IMG_20221121_093316-scaled.jpg","datePublished":"2022-11-21T18:50:51+00:00","dateModified":"2022-11-21T18:50:55+00:00","author":{"@id":"https:\/\/valenciasjb.salesianos.edu\/colegio\/#\/schema\/person\/1f45b67e52b27da175190a574db6bed9"},"breadcrumb":{"@id":"https:\/\/valenciasjb.salesianos.edu\/colegio\/tres-profesores-del-colegio-se-graduan-de-los-cursos-de-expertos-en-direccion-de-centros-educativos-y-coordinacion-de-pastoral\/#breadcrumb"},"inLanguage":"es","potentialAction":[{"@type":"ReadAction","target":["https:\/\/valenciasjb.salesianos.edu\/colegio\/tres-profesores-del-colegio-se-graduan-de-los-cursos-de-expertos-en-direccion-de-centros-educativos-y-coordinacion-de-pastoral\/"]}]},{"@type":"ImageObject","inLanguage":"es","@id":"https:\/\/valenciasjb.salesianos.edu\/colegio\/tres-profesores-del-colegio-se-graduan-de-los-cursos-de-expertos-en-direccion-de-centros-educativos-y-coordinacion-de-pastoral\/#primaryimage","url":"https:\/\/valenciasjb.salesianos.edu\/colegio\/wp-content\/uploads\/sites\/2\/2022\/11\/IMG_20221121_093316-scaled.jpg","contentUrl":"https:\/\/valenciasjb.salesianos.edu\/colegio\/wp-content\/uploads\/sites\/2\/2022\/11\/IMG_20221121_093316-scaled.jpg","width":1922,"height":2560},{"@type":"BreadcrumbList","@id":"https:\/\/valenciasjb.salesianos.edu\/colegio\/tres-profesores-del-colegio-se-graduan-de-los-cursos-de-expertos-en-direccion-de-centros-educativos-y-coordinacion-de-pastoral\/#breadcrumb","itemListElement":[{"@type":"ListItem","position":1,"name":"Portada","item":"https:\/\/valenciasjb.salesianos.edu\/colegio\/"},{"@type":"ListItem","position":2,"name":"Tres profesores del colegio se grad\u00faan de los cursos de expertos en Direcci\u00f3n de Centros Educativos y Coordinaci\u00f3n de Pastoral"}]},{"@type":"WebSite","@id":"https:\/\/valenciasjb.salesianos.edu\/colegio\/#website","url":"https:\/\/valenciasjb.salesianos.edu\/colegio\/","name":"Colegio San Juan Bosco Valencia","description":"P\u00e1gina oficial del Colegio Salesianos San Juan Bosco Valencia","alternateName":"Salesianos.VSJB","potentialAction":[{"@type":"SearchAction","target":{"@type":"EntryPoint","urlTemplate":"https:\/\/valenciasjb.salesianos.edu\/colegio\/?s={search_term_string}"},"query-input":{"@type":"PropertyValueSpecification","valueRequired":true,"valueName":"search_term_string"}}],"inLanguage":"es"},{"@type":"Person","@id":"https:\/\/valenciasjb.salesianos.edu\/colegio\/#\/schema\/person\/1f45b67e52b27da175190a574db6bed9","name":"veronicapastor","image":{"@type":"ImageObject","inLanguage":"es","@id":"https:\/\/secure.gravatar.com\/avatar\/e29bd40bace3fd935e1d6fdb7313ffc14628cc037c5e16f4c7369b20a2a6f7f0?s=96&d=mm&r=g","url":"https:\/\/secure.gravatar.com\/avatar\/e29bd40bace3fd935e1d6fdb7313ffc14628cc037c5e16f4c7369b20a2a6f7f0?s=96&d=mm&r=g","contentUrl":"https:\/\/secure.gravatar.com\/avatar\/e29bd40bace3fd935e1d6fdb7313ffc14628cc037c5e16f4c7369b20a2a6f7f0?s=96&d=mm&r=g","caption":"veronicapastor"}}]}},"_links":{"self":[{"href":"https:\/\/valenciasjb.salesianos.edu\/colegio\/wp-json\/wp\/v2\/posts\/18495","targetHints":{"allow":["GET"]}}],"collection":[{"href":"https:\/\/valenciasjb.salesianos.edu\/colegio\/wp-json\/wp\/v2\/posts"}],"about":[{"href":"https:\/\/valenciasjb.salesianos.edu\/colegio\/wp-json\/wp\/v2\/types\/post"}],"author":[{"embeddable":true,"href":"https:\/\/valenciasjb.salesianos.edu\/colegio\/wp-json\/wp\/v2\/users\/6"}],"replies":[{"embeddable":true,"href":"https:\/\/valenciasjb.salesianos.edu\/colegio\/wp-json\/wp\/v2\/comments?post=18495"}],"version-history":[{"count":2,"href":"https:\/\/valenciasjb.salesianos.edu\/colegio\/wp-json\/wp\/v2\/posts\/18495\/revisions"}],"predecessor-version":[{"id":18505,"href":"https:\/\/valenciasjb.salesianos.edu\/colegio\/wp-json\/wp\/v2\/posts\/18495\/revisions\/18505"}],"wp:featuredmedia":[{"embeddable":true,"href":"https:\/\/valenciasjb.salesianos.edu\/colegio\/wp-json\/wp\/v2\/media\/18504"}],"wp:attachment":[{"href":"https:\/\/valenciasjb.salesianos.edu\/colegio\/wp-json\/wp\/v2\/media?parent=18495"}],"wp:term":[{"taxonomy":"category","embeddable":true,"href":"https:\/\/valenciasjb.salesianos.edu\/colegio\/wp-json\/wp\/v2\/categories?post=18495"},{"taxonomy":"post_tag","embeddable":true,"href":"https:\/\/valenciasjb.salesianos.edu\/colegio\/wp-json\/wp\/v2\/tags?post=18495"}],"curies":[{"name":"wp","href":"https:\/\/api.w.org\/{rel}","templated":true}]}}