{"id":18562,"date":"2022-12-16T18:12:48","date_gmt":"2022-12-16T17:12:48","guid":{"rendered":"https:\/\/valenciasjb.salesianos.edu\/colegio\/?p=18562"},"modified":"2022-12-16T18:20:03","modified_gmt":"2022-12-16T17:20:03","slug":"presentacion-equipos-y-deportistas-c-d-don-bosco","status":"publish","type":"post","link":"https:\/\/valenciasjb.salesianos.edu\/colegio\/presentacion-equipos-y-deportistas-c-d-don-bosco\/","title":{"rendered":"Presentaci\u00f3n equipos y deportistas C.D. don Bosco"},"content":{"rendered":"<div id=\"fb-root\"><\/div>\n<p>[et_pb_section fb_built=\u00bb1&#8243; admin_label=\u00bbsection\u00bb _builder_version=\u00bb4.16&#8243; global_colors_info=\u00bb{}\u00bb][et_pb_row admin_label=\u00bbrow\u00bb _builder_version=\u00bb4.16&#8243; background_size=\u00bbinitial\u00bb background_position=\u00bbtop_left\u00bb background_repeat=\u00bbrepeat\u00bb global_colors_info=\u00bb{}\u00bb][et_pb_column type=\u00bb4_4&#8243; _builder_version=\u00bb4.16&#8243; custom_padding=\u00bb|||\u00bb global_colors_info=\u00bb{}\u00bb custom_padding__hover=\u00bb|||\u00bb][et_pb_text admin_label=\u00bbEntradilla (Texto)\u00bb _builder_version=\u00bb4.19.3&#8243; text_font=\u00bb|on|||\u00bb text_orientation=\u00bbjustified\u00bb module_alignment=\u00bbjustified\u00bb global_colors_info=\u00bb{}\u00bb]<\/p>\n<div id=\"resumen\">\n<p style=\"text-align: justify;line-height: 115%;background: white;margin: 0cm 0cm 19.5pt 0cm\"><span style=\"font-size: 15.0pt;line-height: 115%;font-family: 'Arial',sans-serif;color: #222222\">El pasado 4 de diciembre, el\u00a0<strong><span style=\"font-family: 'Arial',sans-serif;font-weight: normal\">Club Deportivo Don Bosco<\/span><\/strong>\u00a0hizo la presentaci\u00f3n de los jugadores y jugadoras de los 17 equipos de la secci\u00f3n de f\u00fatbol y los 15 que componen su secci\u00f3n de baloncesto con edades comprendidas entre 6 y 19 a\u00f1os.<\/span><\/p>\n<\/div>\n<div>\u00a0<\/div>\n<p>[\/et_pb_text][et_pb_text admin_label=\u00bbAutor (Texto)\u00bb _builder_version=\u00bb4.19.3&#8243; text_font=\u00bb||on||\u00bb global_colors_info=\u00bb{}\u00bb]<\/p>\n<p>Redacci\u00f3n.<\/p>\n<p>[\/et_pb_text][et_pb_text admin_label=\u00bbDesarrollo (Texto)\u00bb _builder_version=\u00bb4.19.3&#8243; text_orientation=\u00bbjustified\u00bb module_alignment=\u00bbjustified\u00bb global_colors_info=\u00bb{}\u00bb]<\/p>\n<p>Los m\u00e1s de 450 j\u00f3venes deportistas que componen los diferentes equipos junto a los cerca de 50 educadores y entrenadores desfilaron en las instalaciones de la casa salesiana, en un acto que el club retom\u00f3 tras el par\u00e9ntesis de las \u00faltimas temporadas coincidiendo adem\u00e1s con la celebraci\u00f3n del\u00a0<strong>60 aniversario<\/strong>\u00a0de la entidad.<\/p>\n<p>Tras el desfile, el presidente del club, Pepe Morgado, se dirigi\u00f3 dando la bienvenida a las familias, miembros de la casa salesiana, deportistas y educadores, haciendo hincapi\u00e9 que <em>\u201c\u2026mantener y aumentar cada temporada los valores de don Bosco, valores que representan nuestra propia identidad, RESPETO, SOLIDARIDAD, RESPONSABILIDAD, COMPROMISO, promover e inculcar a todos los que formamos esta gran familia estos valores ES y SEGUIR\u00c1N siendo el reto del equipo directivo.\u201d<\/em><\/p>\n<p>A continuaci\u00f3n, fue Fernando Navarro director de la casa quien tom\u00f3 la palabra \u201c\u2026don Bosco estar\u00eda feliz de estar aqu\u00ed con todos estos j\u00f3venes, ellos y ellas son los aut\u00e9nticos protagonistas\u2026\u201d<\/p>\n<p>Finalmente, el evento finaliz\u00f3 con una gran foto en familia y fotos de cada equipo del club.<\/p>\n<p>[\/et_pb_text][et_pb_text disabled_on=\u00bboff|on|on\u00bb admin_label=\u00bbT\u00edtulo: Galer\u00eda de fotos (Texto)\u00bb _builder_version=\u00bb4.18.0&#8243; text_font=\u00bb|on|||\u00bb text_text_color=\u00bb#dc001b\u00bb border_style=\u00bbsolid\u00bb global_colors_info=\u00bb{}\u00bb]<\/p>\n<p>Galer\u00eda de im\u00e1genes<\/p>\n<p>[\/et_pb_text][et_pb_gallery gallery_ids=\u00bb18585,18584,18583,18582,18581,18580,18579,18578,18577,18576,18575,18574,18573,18572,18571,18570,18569,18568,18567,18566,18565&#8243; posts_number=\u00bb8&#8243; show_title_and_caption=\u00bboff\u00bb zoom_icon_color=\u00bb#dc001b\u00bb hover_icon=\u00bb&#x54;||divi||400&#8243; disabled_on=\u00bboff|off|off\u00bb _builder_version=\u00bb4.19.3&#8243; pagination_font_size_tablet=\u00bb51&#8243; pagination_line_height_tablet=\u00bb2&#8243; global_colors_info=\u00bb{}\u00bb][\/et_pb_gallery][et_pb_video disabled_on=\u00bbon|on|on\u00bb _builder_version=\u00bb4.16&#8243; disabled=\u00bbon\u00bb global_colors_info=\u00bb{}\u00bb][\/et_pb_video][\/et_pb_column][\/et_pb_row][\/et_pb_section]<\/p>\n<!-- AddThis Advanced Settings generic via filter on the_content --><!-- AddThis Share Buttons generic via filter on the_content -->","protected":false},"excerpt":{"rendered":"<p>El pasado 4 de diciembre, el\u00a0Club Deportivo Don Bosco\u00a0hizo la presentaci\u00f3n de los jugadores y jugadoras de los 17 equipos de la secci\u00f3n de f\u00fatbol y los 15 que componen su secci\u00f3n de baloncesto con edades comprendidas entre 6 y 19 a\u00f1os. \u00a0Redacci\u00f3n.Los m\u00e1s de 450 j\u00f3venes deportistas que componen los diferentes equipos junto a [&hellip;]<\/p>\n<p><!-- AddThis Advanced Settings generic via filter on get_the_excerpt --><!-- AddThis Share Buttons generic via filter on get_the_excerpt --><\/p>\n","protected":false},"author":6,"featured_media":18575,"comment_status":"closed","ping_status":"open","sticky":false,"template":"","format":"standard","meta":{"_et_pb_use_builder":"on","_et_pb_old_content":"","_et_gb_content_width":"","footnotes":""},"categories":[14,26],"tags":[],"class_list":["post-18562","post","type-post","status-publish","format-standard","has-post-thumbnail","hentry","category-noticia_colegio","category-noticia_deportes"],"yoast_head":"<!-- This site is optimized with the Yoast SEO plugin v28.3 - https:\/\/yoast.com\/product\/yoast-seo-wordpress\/ -->\n<title>Presentaci\u00f3n equipos y deportistas C.D. don Bosco - Colegio San Juan Bosco Valencia<\/title>\n<meta name=\"robots\" content=\"index, follow, max-snippet:-1, max-image-preview:large, max-video-preview:-1\" \/>\n<link rel=\"canonical\" href=\"https:\/\/valenciasjb.salesianos.edu\/colegio\/presentacion-equipos-y-deportistas-c-d-don-bosco\/\" \/>\n<meta property=\"og:locale\" content=\"es_ES\" \/>\n<meta property=\"og:type\" content=\"article\" \/>\n<meta property=\"og:title\" content=\"Presentaci\u00f3n equipos y deportistas C.D. don Bosco - Colegio San Juan Bosco Valencia\" \/>\n<meta property=\"og:description\" content=\"El pasado 4 de diciembre, el\u00a0Club Deportivo Don Bosco\u00a0hizo la presentaci\u00f3n de los jugadores y jugadoras de los 17 equipos de la secci\u00f3n de f\u00fatbol y los 15 que componen su secci\u00f3n de baloncesto con edades comprendidas entre 6 y 19 a\u00f1os. \u00a0Redacci\u00f3n.Los m\u00e1s de 450 j\u00f3venes deportistas que componen los diferentes equipos junto a [&hellip;]\" \/>\n<meta property=\"og:url\" content=\"https:\/\/valenciasjb.salesianos.edu\/colegio\/presentacion-equipos-y-deportistas-c-d-don-bosco\/\" \/>\n<meta property=\"og:site_name\" content=\"Colegio San Juan Bosco Valencia\" \/>\n<meta property=\"article:publisher\" content=\"https:\/\/www.facebook.com\/ColegioSalesianoSanJuanBoscoValencia\" \/>\n<meta property=\"article:published_time\" content=\"2022-12-16T17:12:48+00:00\" \/>\n<meta property=\"article:modified_time\" content=\"2022-12-16T17:20:03+00:00\" \/>\n<meta property=\"og:image\" content=\"https:\/\/valenciasjb.salesianos.edu\/colegio\/wp-content\/uploads\/sites\/2\/2022\/12\/Imagen-evento-presentacion-2-1.jpg\" \/>\n\t<meta property=\"og:image:width\" content=\"1080\" \/>\n\t<meta property=\"og:image:height\" content=\"1084\" \/>\n\t<meta property=\"og:image:type\" content=\"image\/jpeg\" \/>\n<meta name=\"author\" content=\"veronicapastor\" \/>\n<meta name=\"twitter:card\" content=\"summary_large_image\" \/>\n<meta name=\"twitter:creator\" content=\"@SalesianosVSJB\" \/>\n<meta name=\"twitter:site\" content=\"@SalesianosVSJB\" \/>\n<meta name=\"twitter:label1\" content=\"Escrito por\" \/>\n\t<meta name=\"twitter:data1\" content=\"veronicapastor\" \/>\n\t<meta name=\"twitter:label2\" content=\"Tiempo de lectura\" \/>\n\t<meta name=\"twitter:data2\" content=\"2 minutos\" \/>\n<script type=\"application\/ld+json\" class=\"yoast-schema-graph\">{\"@context\":\"https:\\\/\\\/schema.org\",\"@graph\":[{\"@type\":\"Article\",\"@id\":\"https:\\\/\\\/valenciasjb.salesianos.edu\\\/colegio\\\/presentacion-equipos-y-deportistas-c-d-don-bosco\\\/#article\",\"isPartOf\":{\"@id\":\"https:\\\/\\\/valenciasjb.salesianos.edu\\\/colegio\\\/presentacion-equipos-y-deportistas-c-d-don-bosco\\\/\"},\"author\":{\"name\":\"veronicapastor\",\"@id\":\"https:\\\/\\\/valenciasjb.salesianos.edu\\\/colegio\\\/#\\\/schema\\\/person\\\/1f45b67e52b27da175190a574db6bed9\"},\"headline\":\"Presentaci\u00f3n equipos y deportistas C.D. don Bosco\",\"datePublished\":\"2022-12-16T17:12:48+00:00\",\"dateModified\":\"2022-12-16T17:20:03+00:00\",\"mainEntityOfPage\":{\"@id\":\"https:\\\/\\\/valenciasjb.salesianos.edu\\\/colegio\\\/presentacion-equipos-y-deportistas-c-d-don-bosco\\\/\"},\"wordCount\":454,\"image\":{\"@id\":\"https:\\\/\\\/valenciasjb.salesianos.edu\\\/colegio\\\/presentacion-equipos-y-deportistas-c-d-don-bosco\\\/#primaryimage\"},\"thumbnailUrl\":\"https:\\\/\\\/valenciasjb.salesianos.edu\\\/colegio\\\/wp-content\\\/uploads\\\/sites\\\/2\\\/2022\\\/12\\\/Imagen-evento-presentacion-2-1.jpg\",\"articleSection\":[\"Noticia Colegio\",\"Noticia Deportes\"],\"inLanguage\":\"es\"},{\"@type\":\"WebPage\",\"@id\":\"https:\\\/\\\/valenciasjb.salesianos.edu\\\/colegio\\\/presentacion-equipos-y-deportistas-c-d-don-bosco\\\/\",\"url\":\"https:\\\/\\\/valenciasjb.salesianos.edu\\\/colegio\\\/presentacion-equipos-y-deportistas-c-d-don-bosco\\\/\",\"name\":\"Presentaci\u00f3n equipos y deportistas C.D. don Bosco - Colegio San Juan Bosco Valencia\",\"isPartOf\":{\"@id\":\"https:\\\/\\\/valenciasjb.salesianos.edu\\\/colegio\\\/#website\"},\"primaryImageOfPage\":{\"@id\":\"https:\\\/\\\/valenciasjb.salesianos.edu\\\/colegio\\\/presentacion-equipos-y-deportistas-c-d-don-bosco\\\/#primaryimage\"},\"image\":{\"@id\":\"https:\\\/\\\/valenciasjb.salesianos.edu\\\/colegio\\\/presentacion-equipos-y-deportistas-c-d-don-bosco\\\/#primaryimage\"},\"thumbnailUrl\":\"https:\\\/\\\/valenciasjb.salesianos.edu\\\/colegio\\\/wp-content\\\/uploads\\\/sites\\\/2\\\/2022\\\/12\\\/Imagen-evento-presentacion-2-1.jpg\",\"datePublished\":\"2022-12-16T17:12:48+00:00\",\"dateModified\":\"2022-12-16T17:20:03+00:00\",\"author\":{\"@id\":\"https:\\\/\\\/valenciasjb.salesianos.edu\\\/colegio\\\/#\\\/schema\\\/person\\\/1f45b67e52b27da175190a574db6bed9\"},\"breadcrumb\":{\"@id\":\"https:\\\/\\\/valenciasjb.salesianos.edu\\\/colegio\\\/presentacion-equipos-y-deportistas-c-d-don-bosco\\\/#breadcrumb\"},\"inLanguage\":\"es\",\"potentialAction\":[{\"@type\":\"ReadAction\",\"target\":[\"https:\\\/\\\/valenciasjb.salesianos.edu\\\/colegio\\\/presentacion-equipos-y-deportistas-c-d-don-bosco\\\/\"]}]},{\"@type\":\"ImageObject\",\"inLanguage\":\"es\",\"@id\":\"https:\\\/\\\/valenciasjb.salesianos.edu\\\/colegio\\\/presentacion-equipos-y-deportistas-c-d-don-bosco\\\/#primaryimage\",\"url\":\"https:\\\/\\\/valenciasjb.salesianos.edu\\\/colegio\\\/wp-content\\\/uploads\\\/sites\\\/2\\\/2022\\\/12\\\/Imagen-evento-presentacion-2-1.jpg\",\"contentUrl\":\"https:\\\/\\\/valenciasjb.salesianos.edu\\\/colegio\\\/wp-content\\\/uploads\\\/sites\\\/2\\\/2022\\\/12\\\/Imagen-evento-presentacion-2-1.jpg\",\"width\":1080,\"height\":1084},{\"@type\":\"BreadcrumbList\",\"@id\":\"https:\\\/\\\/valenciasjb.salesianos.edu\\\/colegio\\\/presentacion-equipos-y-deportistas-c-d-don-bosco\\\/#breadcrumb\",\"itemListElement\":[{\"@type\":\"ListItem\",\"position\":1,\"name\":\"Portada\",\"item\":\"https:\\\/\\\/valenciasjb.salesianos.edu\\\/colegio\\\/\"},{\"@type\":\"ListItem\",\"position\":2,\"name\":\"Presentaci\u00f3n equipos y deportistas C.D. don Bosco\"}]},{\"@type\":\"WebSite\",\"@id\":\"https:\\\/\\\/valenciasjb.salesianos.edu\\\/colegio\\\/#website\",\"url\":\"https:\\\/\\\/valenciasjb.salesianos.edu\\\/colegio\\\/\",\"name\":\"Colegio San Juan Bosco Valencia\",\"description\":\"P\u00e1gina oficial del Colegio Salesianos San Juan Bosco Valencia\",\"alternateName\":\"Salesianos.VSJB\",\"potentialAction\":[{\"@type\":\"SearchAction\",\"target\":{\"@type\":\"EntryPoint\",\"urlTemplate\":\"https:\\\/\\\/valenciasjb.salesianos.edu\\\/colegio\\\/?s={search_term_string}\"},\"query-input\":{\"@type\":\"PropertyValueSpecification\",\"valueRequired\":true,\"valueName\":\"search_term_string\"}}],\"inLanguage\":\"es\"},{\"@type\":\"Person\",\"@id\":\"https:\\\/\\\/valenciasjb.salesianos.edu\\\/colegio\\\/#\\\/schema\\\/person\\\/1f45b67e52b27da175190a574db6bed9\",\"name\":\"veronicapastor\",\"image\":{\"@type\":\"ImageObject\",\"inLanguage\":\"es\",\"@id\":\"https:\\\/\\\/secure.gravatar.com\\\/avatar\\\/e29bd40bace3fd935e1d6fdb7313ffc14628cc037c5e16f4c7369b20a2a6f7f0?s=96&d=mm&r=g\",\"url\":\"https:\\\/\\\/secure.gravatar.com\\\/avatar\\\/e29bd40bace3fd935e1d6fdb7313ffc14628cc037c5e16f4c7369b20a2a6f7f0?s=96&d=mm&r=g\",\"contentUrl\":\"https:\\\/\\\/secure.gravatar.com\\\/avatar\\\/e29bd40bace3fd935e1d6fdb7313ffc14628cc037c5e16f4c7369b20a2a6f7f0?s=96&d=mm&r=g\",\"caption\":\"veronicapastor\"}}]}<\/script>\n<!-- \/ Yoast SEO plugin. -->","yoast_head_json":{"title":"Presentaci\u00f3n equipos y deportistas C.D. don Bosco - Colegio San Juan Bosco Valencia","robots":{"index":"index","follow":"follow","max-snippet":"max-snippet:-1","max-image-preview":"max-image-preview:large","max-video-preview":"max-video-preview:-1"},"canonical":"https:\/\/valenciasjb.salesianos.edu\/colegio\/presentacion-equipos-y-deportistas-c-d-don-bosco\/","og_locale":"es_ES","og_type":"article","og_title":"Presentaci\u00f3n equipos y deportistas C.D. don Bosco - Colegio San Juan Bosco Valencia","og_description":"El pasado 4 de diciembre, el\u00a0Club Deportivo Don Bosco\u00a0hizo la presentaci\u00f3n de los jugadores y jugadoras de los 17 equipos de la secci\u00f3n de f\u00fatbol y los 15 que componen su secci\u00f3n de baloncesto con edades comprendidas entre 6 y 19 a\u00f1os. \u00a0Redacci\u00f3n.Los m\u00e1s de 450 j\u00f3venes deportistas que componen los diferentes equipos junto a [&hellip;]","og_url":"https:\/\/valenciasjb.salesianos.edu\/colegio\/presentacion-equipos-y-deportistas-c-d-don-bosco\/","og_site_name":"Colegio San Juan Bosco Valencia","article_publisher":"https:\/\/www.facebook.com\/ColegioSalesianoSanJuanBoscoValencia","article_published_time":"2022-12-16T17:12:48+00:00","article_modified_time":"2022-12-16T17:20:03+00:00","og_image":[{"width":1080,"height":1084,"url":"https:\/\/valenciasjb.salesianos.edu\/colegio\/wp-content\/uploads\/sites\/2\/2022\/12\/Imagen-evento-presentacion-2-1.jpg","type":"image\/jpeg"}],"author":"veronicapastor","twitter_card":"summary_large_image","twitter_creator":"@SalesianosVSJB","twitter_site":"@SalesianosVSJB","twitter_misc":{"Escrito por":"veronicapastor","Tiempo de lectura":"2 minutos"},"schema":{"@context":"https:\/\/schema.org","@graph":[{"@type":"Article","@id":"https:\/\/valenciasjb.salesianos.edu\/colegio\/presentacion-equipos-y-deportistas-c-d-don-bosco\/#article","isPartOf":{"@id":"https:\/\/valenciasjb.salesianos.edu\/colegio\/presentacion-equipos-y-deportistas-c-d-don-bosco\/"},"author":{"name":"veronicapastor","@id":"https:\/\/valenciasjb.salesianos.edu\/colegio\/#\/schema\/person\/1f45b67e52b27da175190a574db6bed9"},"headline":"Presentaci\u00f3n equipos y deportistas C.D. don Bosco","datePublished":"2022-12-16T17:12:48+00:00","dateModified":"2022-12-16T17:20:03+00:00","mainEntityOfPage":{"@id":"https:\/\/valenciasjb.salesianos.edu\/colegio\/presentacion-equipos-y-deportistas-c-d-don-bosco\/"},"wordCount":454,"image":{"@id":"https:\/\/valenciasjb.salesianos.edu\/colegio\/presentacion-equipos-y-deportistas-c-d-don-bosco\/#primaryimage"},"thumbnailUrl":"https:\/\/valenciasjb.salesianos.edu\/colegio\/wp-content\/uploads\/sites\/2\/2022\/12\/Imagen-evento-presentacion-2-1.jpg","articleSection":["Noticia Colegio","Noticia Deportes"],"inLanguage":"es"},{"@type":"WebPage","@id":"https:\/\/valenciasjb.salesianos.edu\/colegio\/presentacion-equipos-y-deportistas-c-d-don-bosco\/","url":"https:\/\/valenciasjb.salesianos.edu\/colegio\/presentacion-equipos-y-deportistas-c-d-don-bosco\/","name":"Presentaci\u00f3n equipos y deportistas C.D. don Bosco - Colegio San Juan Bosco Valencia","isPartOf":{"@id":"https:\/\/valenciasjb.salesianos.edu\/colegio\/#website"},"primaryImageOfPage":{"@id":"https:\/\/valenciasjb.salesianos.edu\/colegio\/presentacion-equipos-y-deportistas-c-d-don-bosco\/#primaryimage"},"image":{"@id":"https:\/\/valenciasjb.salesianos.edu\/colegio\/presentacion-equipos-y-deportistas-c-d-don-bosco\/#primaryimage"},"thumbnailUrl":"https:\/\/valenciasjb.salesianos.edu\/colegio\/wp-content\/uploads\/sites\/2\/2022\/12\/Imagen-evento-presentacion-2-1.jpg","datePublished":"2022-12-16T17:12:48+00:00","dateModified":"2022-12-16T17:20:03+00:00","author":{"@id":"https:\/\/valenciasjb.salesianos.edu\/colegio\/#\/schema\/person\/1f45b67e52b27da175190a574db6bed9"},"breadcrumb":{"@id":"https:\/\/valenciasjb.salesianos.edu\/colegio\/presentacion-equipos-y-deportistas-c-d-don-bosco\/#breadcrumb"},"inLanguage":"es","potentialAction":[{"@type":"ReadAction","target":["https:\/\/valenciasjb.salesianos.edu\/colegio\/presentacion-equipos-y-deportistas-c-d-don-bosco\/"]}]},{"@type":"ImageObject","inLanguage":"es","@id":"https:\/\/valenciasjb.salesianos.edu\/colegio\/presentacion-equipos-y-deportistas-c-d-don-bosco\/#primaryimage","url":"https:\/\/valenciasjb.salesianos.edu\/colegio\/wp-content\/uploads\/sites\/2\/2022\/12\/Imagen-evento-presentacion-2-1.jpg","contentUrl":"https:\/\/valenciasjb.salesianos.edu\/colegio\/wp-content\/uploads\/sites\/2\/2022\/12\/Imagen-evento-presentacion-2-1.jpg","width":1080,"height":1084},{"@type":"BreadcrumbList","@id":"https:\/\/valenciasjb.salesianos.edu\/colegio\/presentacion-equipos-y-deportistas-c-d-don-bosco\/#breadcrumb","itemListElement":[{"@type":"ListItem","position":1,"name":"Portada","item":"https:\/\/valenciasjb.salesianos.edu\/colegio\/"},{"@type":"ListItem","position":2,"name":"Presentaci\u00f3n equipos y deportistas C.D. don Bosco"}]},{"@type":"WebSite","@id":"https:\/\/valenciasjb.salesianos.edu\/colegio\/#website","url":"https:\/\/valenciasjb.salesianos.edu\/colegio\/","name":"Colegio San Juan Bosco Valencia","description":"P\u00e1gina oficial del Colegio Salesianos San Juan Bosco Valencia","alternateName":"Salesianos.VSJB","potentialAction":[{"@type":"SearchAction","target":{"@type":"EntryPoint","urlTemplate":"https:\/\/valenciasjb.salesianos.edu\/colegio\/?s={search_term_string}"},"query-input":{"@type":"PropertyValueSpecification","valueRequired":true,"valueName":"search_term_string"}}],"inLanguage":"es"},{"@type":"Person","@id":"https:\/\/valenciasjb.salesianos.edu\/colegio\/#\/schema\/person\/1f45b67e52b27da175190a574db6bed9","name":"veronicapastor","image":{"@type":"ImageObject","inLanguage":"es","@id":"https:\/\/secure.gravatar.com\/avatar\/e29bd40bace3fd935e1d6fdb7313ffc14628cc037c5e16f4c7369b20a2a6f7f0?s=96&d=mm&r=g","url":"https:\/\/secure.gravatar.com\/avatar\/e29bd40bace3fd935e1d6fdb7313ffc14628cc037c5e16f4c7369b20a2a6f7f0?s=96&d=mm&r=g","contentUrl":"https:\/\/secure.gravatar.com\/avatar\/e29bd40bace3fd935e1d6fdb7313ffc14628cc037c5e16f4c7369b20a2a6f7f0?s=96&d=mm&r=g","caption":"veronicapastor"}}]}},"_links":{"self":[{"href":"https:\/\/valenciasjb.salesianos.edu\/colegio\/wp-json\/wp\/v2\/posts\/18562","targetHints":{"allow":["GET"]}}],"collection":[{"href":"https:\/\/valenciasjb.salesianos.edu\/colegio\/wp-json\/wp\/v2\/posts"}],"about":[{"href":"https:\/\/valenciasjb.salesianos.edu\/colegio\/wp-json\/wp\/v2\/types\/post"}],"author":[{"embeddable":true,"href":"https:\/\/valenciasjb.salesianos.edu\/colegio\/wp-json\/wp\/v2\/users\/6"}],"replies":[{"embeddable":true,"href":"https:\/\/valenciasjb.salesianos.edu\/colegio\/wp-json\/wp\/v2\/comments?post=18562"}],"version-history":[{"count":4,"href":"https:\/\/valenciasjb.salesianos.edu\/colegio\/wp-json\/wp\/v2\/posts\/18562\/revisions"}],"predecessor-version":[{"id":18589,"href":"https:\/\/valenciasjb.salesianos.edu\/colegio\/wp-json\/wp\/v2\/posts\/18562\/revisions\/18589"}],"wp:featuredmedia":[{"embeddable":true,"href":"https:\/\/valenciasjb.salesianos.edu\/colegio\/wp-json\/wp\/v2\/media\/18575"}],"wp:attachment":[{"href":"https:\/\/valenciasjb.salesianos.edu\/colegio\/wp-json\/wp\/v2\/media?parent=18562"}],"wp:term":[{"taxonomy":"category","embeddable":true,"href":"https:\/\/valenciasjb.salesianos.edu\/colegio\/wp-json\/wp\/v2\/categories?post=18562"},{"taxonomy":"post_tag","embeddable":true,"href":"https:\/\/valenciasjb.salesianos.edu\/colegio\/wp-json\/wp\/v2\/tags?post=18562"}],"curies":[{"name":"wp","href":"https:\/\/api.w.org\/{rel}","templated":true}]}}