{"id":18659,"date":"2023-01-16T08:12:53","date_gmt":"2023-01-16T07:12:53","guid":{"rendered":"https:\/\/valenciasjb.salesianos.edu\/colegio\/?p=18659"},"modified":"2023-01-16T08:14:30","modified_gmt":"2023-01-16T07:14:30","slug":"semana-de-orientacion-vocacional-22-23","status":"publish","type":"post","link":"https:\/\/valenciasjb.salesianos.edu\/colegio\/semana-de-orientacion-vocacional-22-23\/","title":{"rendered":"Semana de Orientaci\u00f3n Vocacional 22-23"},"content":{"rendered":"<div id=\"fb-root\"><\/div>\n<p>[et_pb_section fb_built=\u00bb1&#8243; admin_label=\u00bbsection\u00bb _builder_version=\u00bb4.16&#8243; global_colors_info=\u00bb{}\u00bb][et_pb_row admin_label=\u00bbrow\u00bb _builder_version=\u00bb4.16&#8243; background_size=\u00bbinitial\u00bb background_position=\u00bbtop_left\u00bb background_repeat=\u00bbrepeat\u00bb global_colors_info=\u00bb{}\u00bb][et_pb_column type=\u00bb4_4&#8243; _builder_version=\u00bb4.16&#8243; custom_padding=\u00bb|||\u00bb global_colors_info=\u00bb{}\u00bb custom_padding__hover=\u00bb|||\u00bb][et_pb_text admin_label=\u00bbEntradilla (Texto)\u00bb _builder_version=\u00bb4.19.4&#8243; text_font=\u00bb|on|||\u00bb text_orientation=\u00bbjustified\u00bb module_alignment=\u00bbjustified\u00bb global_colors_info=\u00bb{}\u00bb]<\/p>\n<div id=\"resumen\">\n<p>Esta semana tendr\u00e1n lugar las actividades de la Semana de Orientaci\u00f3n Vocacional que se enmarcan dentro del <em>Plan de Orientaci\u00f3n Acad\u00e9mica y Profesional <\/em>de nuestro colegio en el que se especifican las actuaciones que se desarrollan en el colegio para facilitar la toma de decisiones de cada alumno o alumna a lo largo de toda su escolaridad respecto a su futuro acad\u00e9mico y profesional eligiendo entre distintos caminos y alternativas, y <strong>teniendo muy presente la dimensi\u00f3n vocacional, entendida esta como vocaci\u00f3n para la vida y como servicio a los dem\u00e1s.<\/strong><\/p>\n<\/div>\n<div>\u00a0<\/div>\n<p>[\/et_pb_text][et_pb_text admin_label=\u00bbAutor (Texto)\u00bb _builder_version=\u00bb4.16&#8243; text_font=\u00bb||on||\u00bb global_colors_info=\u00bb{}\u00bb]Redacci\u00f3n<br \/>\n[\/et_pb_text][et_pb_text admin_label=\u00bbDesarrollo (Texto)\u00bb _builder_version=\u00bb4.19.4&#8243; text_orientation=\u00bbjustified\u00bb module_alignment=\u00bbjustified\u00bb global_colors_info=\u00bb{}\u00bb]<\/p>\n<p>El papel de la orientaci\u00f3n vocacional, como funci\u00f3n propia de la acci\u00f3n tutorial coordinada con el Departamento de Orientaci\u00f3n y el Departamento de Pastoral, consiste en facilitar en la medida de lo posible los medios y la ayuda educativa necesaria para que afronten adecuadamente la tarea de descubrir y elegir los mejores caminos pensando en futuro.<\/p>\n<p>Las actividades que tendr\u00e1n lugar este curso son:<\/p>\n<table>\n<tbody>\n<tr>\n<td width=\"113\">\n<p><strong>FECHA<\/strong><\/p>\n<\/td>\n<td width=\"265\">\n<p><strong>ACTIVIDAD<\/strong><\/p>\n<\/td>\n<td width=\"113\">\n<p><strong>ALUMNADO A LA QUE VA DIRIGIDA<\/strong><\/p>\n<\/td>\n<\/tr>\n<tr>\n<td rowspan=\"5\" width=\"113\">\n<p>Mi\u00e9rcoles 18<\/p>\n<\/td>\n<td width=\"265\">\n<p>La profesi\u00f3n de mis familiares.<\/p>\n<\/td>\n<td width=\"113\">\n<p>4\u00baESO<\/p>\n<\/td>\n<\/tr>\n<tr>\n<td width=\"265\">\n<p>Programa de radio: Mujeres cient\u00edficas<\/p>\n<\/td>\n<td width=\"113\">\n<p>1\u00baESO<\/p>\n<\/td>\n<\/tr>\n<tr>\n<td width=\"265\">\n<p>Panel de experiencias: \u00a1Esfuerzo y superaci\u00f3n!<\/p>\n<\/td>\n<td width=\"113\">\n<p>3\u00baESO<\/p>\n<\/td>\n<\/tr>\n<tr>\n<td width=\"265\">\n<p>Descubriendo-Me<\/p>\n<\/td>\n<td width=\"113\">\n<p>2\u00baESO<\/p>\n<\/td>\n<\/tr>\n<tr>\n<td width=\"265\">\n<p>M\u00e1s all\u00e1 del curr\u00edculum<\/p>\n<\/td>\n<td width=\"113\">\n<p>1\u00baBACH<\/p>\n<\/td>\n<\/tr>\n<tr>\n<td rowspan=\"3\" width=\"113\">\n<p>Jueves 19<\/p>\n<\/td>\n<td width=\"265\">\n<p>Miradas transformadoras<\/p>\n<\/td>\n<td width=\"113\">\n<p>4\u00baESO<\/p>\n<\/td>\n<\/tr>\n<tr>\n<td width=\"265\">\n<p>UNITUR. Sal\u00f3n de la orientaci\u00f3n<\/p>\n<\/td>\n<td width=\"113\">\n<p>2\u00baBACH<\/p>\n<\/td>\n<\/tr>\n<tr>\n<td width=\"265\">\n<p>Hall Scape \u00bfQu\u00e9 puerta abro?<\/p>\n<\/td>\n<td width=\"113\">\n<p>3\u00baESO<\/p>\n<\/td>\n<\/tr>\n<tr>\n<td width=\"113\">\n<p>Viernes 20<\/p>\n<\/td>\n<td width=\"265\">\n<p>Orientaci\u00f3n a plat\u00f3<\/p>\n<\/td>\n<td width=\"113\">\n<p>2\u00baBACH<\/p>\n<\/td>\n<\/tr>\n<\/tbody>\n<\/table>\n<p>En algunas de estas actividades hemos invitado a personas que por su perfil vocacional podr\u00e1n compartir experiencias que contribuyan a la reflexi\u00f3n sobre la importancia de las decisiones vocacionales. Por otro lado, tambi\u00e9n participar\u00e1n, junto al alumnado m\u00e1s mayor del colegio, miembros de los servicios de informaci\u00f3n de diferentes universidades, tanto p\u00fablicas como privadas.<\/p>\n<p>Todo ello, se plantea como punto de partida para un trabajo de reflexi\u00f3n y decisi\u00f3n que comienza este curso escolar, en cuanto a la elecci\u00f3n de itinerarios acad\u00e9micos.<\/p>\n<p>Juntos ABRIMOS CAMINOS.<\/p>\n<p>[\/et_pb_text][et_pb_text disabled_on=\u00bboff|on|on\u00bb admin_label=\u00bbT\u00edtulo: Galer\u00eda de fotos (Texto)\u00bb _builder_version=\u00bb4.18.0&#8243; text_font=\u00bb|on|||\u00bb text_text_color=\u00bb#dc001b\u00bb border_style=\u00bbsolid\u00bb global_colors_info=\u00bb{}\u00bb]<\/p>\n<p>Galer\u00eda de im\u00e1genes<\/p>\n<p>[\/et_pb_text][et_pb_gallery gallery_ids=\u00bb18652&#8243; posts_number=\u00bb8&#8243; show_title_and_caption=\u00bboff\u00bb zoom_icon_color=\u00bb#dc001b\u00bb hover_icon=\u00bb&#x54;||divi||400&#8243; disabled_on=\u00bboff|off|off\u00bb _builder_version=\u00bb4.19.4&#8243; pagination_font_size_tablet=\u00bb51&#8243; pagination_line_height_tablet=\u00bb2&#8243; global_colors_info=\u00bb{}\u00bb][\/et_pb_gallery][et_pb_video disabled_on=\u00bbon|on|on\u00bb _builder_version=\u00bb4.16&#8243; disabled=\u00bbon\u00bb global_colors_info=\u00bb{}\u00bb][\/et_pb_video][\/et_pb_column][\/et_pb_row][\/et_pb_section]<\/p>\n<!-- AddThis Advanced Settings generic via filter on the_content --><!-- AddThis Share Buttons generic via filter on the_content -->","protected":false},"excerpt":{"rendered":"<p>Esta semana tendr\u00e1n lugar las actividades de la Semana de Orientaci\u00f3n Vocacional que se enmarcan dentro del Plan de Orientaci\u00f3n Acad\u00e9mica y Profesional de nuestro colegio en el que se especifican las actuaciones que se desarrollan en el colegio para facilitar la toma de decisiones de cada alumno o alumna a lo largo de toda [&hellip;]<\/p>\n<p><!-- AddThis Advanced Settings generic via filter on get_the_excerpt --><!-- AddThis Share Buttons generic via filter on get_the_excerpt --><\/p>\n","protected":false},"author":6,"featured_media":18652,"comment_status":"closed","ping_status":"open","sticky":false,"template":"","format":"standard","meta":{"_et_pb_use_builder":"on","_et_pb_old_content":"","_et_gb_content_width":"","footnotes":""},"categories":[14],"tags":[],"class_list":["post-18659","post","type-post","status-publish","format-standard","has-post-thumbnail","hentry","category-noticia_colegio"],"yoast_head":"<!-- This site is optimized with the Yoast SEO plugin v28.4 - https:\/\/yoast.com\/product\/yoast-seo-wordpress\/ -->\n<title>Semana de Orientaci\u00f3n Vocacional 22-23 - Colegio San Juan Bosco Valencia<\/title>\n<meta name=\"robots\" content=\"index, follow, max-snippet:-1, max-image-preview:large, max-video-preview:-1\" \/>\n<link rel=\"canonical\" href=\"https:\/\/valenciasjb.salesianos.edu\/colegio\/semana-de-orientacion-vocacional-22-23\/\" \/>\n<meta property=\"og:locale\" content=\"es_ES\" \/>\n<meta property=\"og:type\" content=\"article\" \/>\n<meta property=\"og:title\" content=\"Semana de Orientaci\u00f3n Vocacional 22-23 - Colegio San Juan Bosco Valencia\" \/>\n<meta property=\"og:description\" content=\"Esta semana tendr\u00e1n lugar las actividades de la Semana de Orientaci\u00f3n Vocacional que se enmarcan dentro del Plan de Orientaci\u00f3n Acad\u00e9mica y Profesional de nuestro colegio en el que se especifican las actuaciones que se desarrollan en el colegio para facilitar la toma de decisiones de cada alumno o alumna a lo largo de toda [&hellip;]\" \/>\n<meta property=\"og:url\" content=\"https:\/\/valenciasjb.salesianos.edu\/colegio\/semana-de-orientacion-vocacional-22-23\/\" \/>\n<meta property=\"og:site_name\" content=\"Colegio San Juan Bosco Valencia\" \/>\n<meta property=\"article:publisher\" content=\"https:\/\/www.facebook.com\/ColegioSalesianoSanJuanBoscoValencia\" \/>\n<meta property=\"article:published_time\" content=\"2023-01-16T07:12:53+00:00\" \/>\n<meta property=\"article:modified_time\" content=\"2023-01-16T07:14:30+00:00\" \/>\n<meta property=\"og:image\" content=\"https:\/\/valenciasjb.salesianos.edu\/colegio\/wp-content\/uploads\/sites\/2\/2023\/01\/3DAEC6FB-2BAF-4BB4-A7C8-7E090CFE1AE7.jpeg\" \/>\n\t<meta property=\"og:image:width\" content=\"1920\" \/>\n\t<meta property=\"og:image:height\" content=\"1080\" \/>\n\t<meta property=\"og:image:type\" content=\"image\/jpeg\" \/>\n<meta name=\"author\" content=\"veronicapastor\" \/>\n<meta name=\"twitter:card\" content=\"summary_large_image\" \/>\n<meta name=\"twitter:creator\" content=\"@SalesianosVSJB\" \/>\n<meta name=\"twitter:site\" content=\"@SalesianosVSJB\" \/>\n<meta name=\"twitter:label1\" content=\"Escrito por\" \/>\n\t<meta name=\"twitter:data1\" content=\"veronicapastor\" \/>\n\t<meta name=\"twitter:label2\" content=\"Tiempo de lectura\" \/>\n\t<meta name=\"twitter:data2\" content=\"2 minutos\" \/>\n<script type=\"application\/ld+json\" class=\"yoast-schema-graph\">{\"@context\":\"https:\\\/\\\/schema.org\",\"@graph\":[{\"@type\":\"Article\",\"@id\":\"https:\\\/\\\/valenciasjb.salesianos.edu\\\/colegio\\\/semana-de-orientacion-vocacional-22-23\\\/#article\",\"isPartOf\":{\"@id\":\"https:\\\/\\\/valenciasjb.salesianos.edu\\\/colegio\\\/semana-de-orientacion-vocacional-22-23\\\/\"},\"author\":{\"name\":\"veronicapastor\",\"@id\":\"https:\\\/\\\/valenciasjb.salesianos.edu\\\/colegio\\\/#\\\/schema\\\/person\\\/1f45b67e52b27da175190a574db6bed9\"},\"headline\":\"Semana de Orientaci\u00f3n Vocacional 22-23\",\"datePublished\":\"2023-01-16T07:12:53+00:00\",\"dateModified\":\"2023-01-16T07:14:30+00:00\",\"mainEntityOfPage\":{\"@id\":\"https:\\\/\\\/valenciasjb.salesianos.edu\\\/colegio\\\/semana-de-orientacion-vocacional-22-23\\\/\"},\"wordCount\":557,\"image\":{\"@id\":\"https:\\\/\\\/valenciasjb.salesianos.edu\\\/colegio\\\/semana-de-orientacion-vocacional-22-23\\\/#primaryimage\"},\"thumbnailUrl\":\"https:\\\/\\\/valenciasjb.salesianos.edu\\\/colegio\\\/wp-content\\\/uploads\\\/sites\\\/2\\\/2023\\\/01\\\/3DAEC6FB-2BAF-4BB4-A7C8-7E090CFE1AE7.jpeg\",\"articleSection\":[\"Noticia Colegio\"],\"inLanguage\":\"es\"},{\"@type\":\"WebPage\",\"@id\":\"https:\\\/\\\/valenciasjb.salesianos.edu\\\/colegio\\\/semana-de-orientacion-vocacional-22-23\\\/\",\"url\":\"https:\\\/\\\/valenciasjb.salesianos.edu\\\/colegio\\\/semana-de-orientacion-vocacional-22-23\\\/\",\"name\":\"Semana de Orientaci\u00f3n Vocacional 22-23 - Colegio San Juan Bosco Valencia\",\"isPartOf\":{\"@id\":\"https:\\\/\\\/valenciasjb.salesianos.edu\\\/colegio\\\/#website\"},\"primaryImageOfPage\":{\"@id\":\"https:\\\/\\\/valenciasjb.salesianos.edu\\\/colegio\\\/semana-de-orientacion-vocacional-22-23\\\/#primaryimage\"},\"image\":{\"@id\":\"https:\\\/\\\/valenciasjb.salesianos.edu\\\/colegio\\\/semana-de-orientacion-vocacional-22-23\\\/#primaryimage\"},\"thumbnailUrl\":\"https:\\\/\\\/valenciasjb.salesianos.edu\\\/colegio\\\/wp-content\\\/uploads\\\/sites\\\/2\\\/2023\\\/01\\\/3DAEC6FB-2BAF-4BB4-A7C8-7E090CFE1AE7.jpeg\",\"datePublished\":\"2023-01-16T07:12:53+00:00\",\"dateModified\":\"2023-01-16T07:14:30+00:00\",\"author\":{\"@id\":\"https:\\\/\\\/valenciasjb.salesianos.edu\\\/colegio\\\/#\\\/schema\\\/person\\\/1f45b67e52b27da175190a574db6bed9\"},\"breadcrumb\":{\"@id\":\"https:\\\/\\\/valenciasjb.salesianos.edu\\\/colegio\\\/semana-de-orientacion-vocacional-22-23\\\/#breadcrumb\"},\"inLanguage\":\"es\",\"potentialAction\":[{\"@type\":\"ReadAction\",\"target\":[\"https:\\\/\\\/valenciasjb.salesianos.edu\\\/colegio\\\/semana-de-orientacion-vocacional-22-23\\\/\"]}]},{\"@type\":\"ImageObject\",\"inLanguage\":\"es\",\"@id\":\"https:\\\/\\\/valenciasjb.salesianos.edu\\\/colegio\\\/semana-de-orientacion-vocacional-22-23\\\/#primaryimage\",\"url\":\"https:\\\/\\\/valenciasjb.salesianos.edu\\\/colegio\\\/wp-content\\\/uploads\\\/sites\\\/2\\\/2023\\\/01\\\/3DAEC6FB-2BAF-4BB4-A7C8-7E090CFE1AE7.jpeg\",\"contentUrl\":\"https:\\\/\\\/valenciasjb.salesianos.edu\\\/colegio\\\/wp-content\\\/uploads\\\/sites\\\/2\\\/2023\\\/01\\\/3DAEC6FB-2BAF-4BB4-A7C8-7E090CFE1AE7.jpeg\",\"width\":1920,\"height\":1080},{\"@type\":\"BreadcrumbList\",\"@id\":\"https:\\\/\\\/valenciasjb.salesianos.edu\\\/colegio\\\/semana-de-orientacion-vocacional-22-23\\\/#breadcrumb\",\"itemListElement\":[{\"@type\":\"ListItem\",\"position\":1,\"name\":\"Portada\",\"item\":\"https:\\\/\\\/valenciasjb.salesianos.edu\\\/colegio\\\/\"},{\"@type\":\"ListItem\",\"position\":2,\"name\":\"Semana de Orientaci\u00f3n Vocacional 22-23\"}]},{\"@type\":\"WebSite\",\"@id\":\"https:\\\/\\\/valenciasjb.salesianos.edu\\\/colegio\\\/#website\",\"url\":\"https:\\\/\\\/valenciasjb.salesianos.edu\\\/colegio\\\/\",\"name\":\"Colegio San Juan Bosco Valencia\",\"description\":\"P\u00e1gina oficial del Colegio Salesianos San Juan Bosco Valencia\",\"alternateName\":\"Salesianos.VSJB\",\"potentialAction\":[{\"@type\":\"SearchAction\",\"target\":{\"@type\":\"EntryPoint\",\"urlTemplate\":\"https:\\\/\\\/valenciasjb.salesianos.edu\\\/colegio\\\/?s={search_term_string}\"},\"query-input\":{\"@type\":\"PropertyValueSpecification\",\"valueRequired\":true,\"valueName\":\"search_term_string\"}}],\"inLanguage\":\"es\"},{\"@type\":\"Person\",\"@id\":\"https:\\\/\\\/valenciasjb.salesianos.edu\\\/colegio\\\/#\\\/schema\\\/person\\\/1f45b67e52b27da175190a574db6bed9\",\"name\":\"veronicapastor\",\"image\":{\"@type\":\"ImageObject\",\"inLanguage\":\"es\",\"@id\":\"https:\\\/\\\/secure.gravatar.com\\\/avatar\\\/e29bd40bace3fd935e1d6fdb7313ffc14628cc037c5e16f4c7369b20a2a6f7f0?s=96&d=mm&r=g\",\"url\":\"https:\\\/\\\/secure.gravatar.com\\\/avatar\\\/e29bd40bace3fd935e1d6fdb7313ffc14628cc037c5e16f4c7369b20a2a6f7f0?s=96&d=mm&r=g\",\"contentUrl\":\"https:\\\/\\\/secure.gravatar.com\\\/avatar\\\/e29bd40bace3fd935e1d6fdb7313ffc14628cc037c5e16f4c7369b20a2a6f7f0?s=96&d=mm&r=g\",\"caption\":\"veronicapastor\"}}]}<\/script>\n<!-- \/ Yoast SEO plugin. -->","yoast_head_json":{"title":"Semana de Orientaci\u00f3n Vocacional 22-23 - Colegio San Juan Bosco Valencia","robots":{"index":"index","follow":"follow","max-snippet":"max-snippet:-1","max-image-preview":"max-image-preview:large","max-video-preview":"max-video-preview:-1"},"canonical":"https:\/\/valenciasjb.salesianos.edu\/colegio\/semana-de-orientacion-vocacional-22-23\/","og_locale":"es_ES","og_type":"article","og_title":"Semana de Orientaci\u00f3n Vocacional 22-23 - Colegio San Juan Bosco Valencia","og_description":"Esta semana tendr\u00e1n lugar las actividades de la Semana de Orientaci\u00f3n Vocacional que se enmarcan dentro del Plan de Orientaci\u00f3n Acad\u00e9mica y Profesional de nuestro colegio en el que se especifican las actuaciones que se desarrollan en el colegio para facilitar la toma de decisiones de cada alumno o alumna a lo largo de toda [&hellip;]","og_url":"https:\/\/valenciasjb.salesianos.edu\/colegio\/semana-de-orientacion-vocacional-22-23\/","og_site_name":"Colegio San Juan Bosco Valencia","article_publisher":"https:\/\/www.facebook.com\/ColegioSalesianoSanJuanBoscoValencia","article_published_time":"2023-01-16T07:12:53+00:00","article_modified_time":"2023-01-16T07:14:30+00:00","og_image":[{"width":1920,"height":1080,"url":"https:\/\/valenciasjb.salesianos.edu\/colegio\/wp-content\/uploads\/sites\/2\/2023\/01\/3DAEC6FB-2BAF-4BB4-A7C8-7E090CFE1AE7.jpeg","type":"image\/jpeg"}],"author":"veronicapastor","twitter_card":"summary_large_image","twitter_creator":"@SalesianosVSJB","twitter_site":"@SalesianosVSJB","twitter_misc":{"Escrito por":"veronicapastor","Tiempo de lectura":"2 minutos"},"schema":{"@context":"https:\/\/schema.org","@graph":[{"@type":"Article","@id":"https:\/\/valenciasjb.salesianos.edu\/colegio\/semana-de-orientacion-vocacional-22-23\/#article","isPartOf":{"@id":"https:\/\/valenciasjb.salesianos.edu\/colegio\/semana-de-orientacion-vocacional-22-23\/"},"author":{"name":"veronicapastor","@id":"https:\/\/valenciasjb.salesianos.edu\/colegio\/#\/schema\/person\/1f45b67e52b27da175190a574db6bed9"},"headline":"Semana de Orientaci\u00f3n Vocacional 22-23","datePublished":"2023-01-16T07:12:53+00:00","dateModified":"2023-01-16T07:14:30+00:00","mainEntityOfPage":{"@id":"https:\/\/valenciasjb.salesianos.edu\/colegio\/semana-de-orientacion-vocacional-22-23\/"},"wordCount":557,"image":{"@id":"https:\/\/valenciasjb.salesianos.edu\/colegio\/semana-de-orientacion-vocacional-22-23\/#primaryimage"},"thumbnailUrl":"https:\/\/valenciasjb.salesianos.edu\/colegio\/wp-content\/uploads\/sites\/2\/2023\/01\/3DAEC6FB-2BAF-4BB4-A7C8-7E090CFE1AE7.jpeg","articleSection":["Noticia Colegio"],"inLanguage":"es"},{"@type":"WebPage","@id":"https:\/\/valenciasjb.salesianos.edu\/colegio\/semana-de-orientacion-vocacional-22-23\/","url":"https:\/\/valenciasjb.salesianos.edu\/colegio\/semana-de-orientacion-vocacional-22-23\/","name":"Semana de Orientaci\u00f3n Vocacional 22-23 - Colegio San Juan Bosco Valencia","isPartOf":{"@id":"https:\/\/valenciasjb.salesianos.edu\/colegio\/#website"},"primaryImageOfPage":{"@id":"https:\/\/valenciasjb.salesianos.edu\/colegio\/semana-de-orientacion-vocacional-22-23\/#primaryimage"},"image":{"@id":"https:\/\/valenciasjb.salesianos.edu\/colegio\/semana-de-orientacion-vocacional-22-23\/#primaryimage"},"thumbnailUrl":"https:\/\/valenciasjb.salesianos.edu\/colegio\/wp-content\/uploads\/sites\/2\/2023\/01\/3DAEC6FB-2BAF-4BB4-A7C8-7E090CFE1AE7.jpeg","datePublished":"2023-01-16T07:12:53+00:00","dateModified":"2023-01-16T07:14:30+00:00","author":{"@id":"https:\/\/valenciasjb.salesianos.edu\/colegio\/#\/schema\/person\/1f45b67e52b27da175190a574db6bed9"},"breadcrumb":{"@id":"https:\/\/valenciasjb.salesianos.edu\/colegio\/semana-de-orientacion-vocacional-22-23\/#breadcrumb"},"inLanguage":"es","potentialAction":[{"@type":"ReadAction","target":["https:\/\/valenciasjb.salesianos.edu\/colegio\/semana-de-orientacion-vocacional-22-23\/"]}]},{"@type":"ImageObject","inLanguage":"es","@id":"https:\/\/valenciasjb.salesianos.edu\/colegio\/semana-de-orientacion-vocacional-22-23\/#primaryimage","url":"https:\/\/valenciasjb.salesianos.edu\/colegio\/wp-content\/uploads\/sites\/2\/2023\/01\/3DAEC6FB-2BAF-4BB4-A7C8-7E090CFE1AE7.jpeg","contentUrl":"https:\/\/valenciasjb.salesianos.edu\/colegio\/wp-content\/uploads\/sites\/2\/2023\/01\/3DAEC6FB-2BAF-4BB4-A7C8-7E090CFE1AE7.jpeg","width":1920,"height":1080},{"@type":"BreadcrumbList","@id":"https:\/\/valenciasjb.salesianos.edu\/colegio\/semana-de-orientacion-vocacional-22-23\/#breadcrumb","itemListElement":[{"@type":"ListItem","position":1,"name":"Portada","item":"https:\/\/valenciasjb.salesianos.edu\/colegio\/"},{"@type":"ListItem","position":2,"name":"Semana de Orientaci\u00f3n Vocacional 22-23"}]},{"@type":"WebSite","@id":"https:\/\/valenciasjb.salesianos.edu\/colegio\/#website","url":"https:\/\/valenciasjb.salesianos.edu\/colegio\/","name":"Colegio San Juan Bosco Valencia","description":"P\u00e1gina oficial del Colegio Salesianos San Juan Bosco Valencia","alternateName":"Salesianos.VSJB","potentialAction":[{"@type":"SearchAction","target":{"@type":"EntryPoint","urlTemplate":"https:\/\/valenciasjb.salesianos.edu\/colegio\/?s={search_term_string}"},"query-input":{"@type":"PropertyValueSpecification","valueRequired":true,"valueName":"search_term_string"}}],"inLanguage":"es"},{"@type":"Person","@id":"https:\/\/valenciasjb.salesianos.edu\/colegio\/#\/schema\/person\/1f45b67e52b27da175190a574db6bed9","name":"veronicapastor","image":{"@type":"ImageObject","inLanguage":"es","@id":"https:\/\/secure.gravatar.com\/avatar\/e29bd40bace3fd935e1d6fdb7313ffc14628cc037c5e16f4c7369b20a2a6f7f0?s=96&d=mm&r=g","url":"https:\/\/secure.gravatar.com\/avatar\/e29bd40bace3fd935e1d6fdb7313ffc14628cc037c5e16f4c7369b20a2a6f7f0?s=96&d=mm&r=g","contentUrl":"https:\/\/secure.gravatar.com\/avatar\/e29bd40bace3fd935e1d6fdb7313ffc14628cc037c5e16f4c7369b20a2a6f7f0?s=96&d=mm&r=g","caption":"veronicapastor"}}]}},"_links":{"self":[{"href":"https:\/\/valenciasjb.salesianos.edu\/colegio\/wp-json\/wp\/v2\/posts\/18659","targetHints":{"allow":["GET"]}}],"collection":[{"href":"https:\/\/valenciasjb.salesianos.edu\/colegio\/wp-json\/wp\/v2\/posts"}],"about":[{"href":"https:\/\/valenciasjb.salesianos.edu\/colegio\/wp-json\/wp\/v2\/types\/post"}],"author":[{"embeddable":true,"href":"https:\/\/valenciasjb.salesianos.edu\/colegio\/wp-json\/wp\/v2\/users\/6"}],"replies":[{"embeddable":true,"href":"https:\/\/valenciasjb.salesianos.edu\/colegio\/wp-json\/wp\/v2\/comments?post=18659"}],"version-history":[{"count":5,"href":"https:\/\/valenciasjb.salesianos.edu\/colegio\/wp-json\/wp\/v2\/posts\/18659\/revisions"}],"predecessor-version":[{"id":18665,"href":"https:\/\/valenciasjb.salesianos.edu\/colegio\/wp-json\/wp\/v2\/posts\/18659\/revisions\/18665"}],"wp:featuredmedia":[{"embeddable":true,"href":"https:\/\/valenciasjb.salesianos.edu\/colegio\/wp-json\/wp\/v2\/media\/18652"}],"wp:attachment":[{"href":"https:\/\/valenciasjb.salesianos.edu\/colegio\/wp-json\/wp\/v2\/media?parent=18659"}],"wp:term":[{"taxonomy":"category","embeddable":true,"href":"https:\/\/valenciasjb.salesianos.edu\/colegio\/wp-json\/wp\/v2\/categories?post=18659"},{"taxonomy":"post_tag","embeddable":true,"href":"https:\/\/valenciasjb.salesianos.edu\/colegio\/wp-json\/wp\/v2\/tags?post=18659"}],"curies":[{"name":"wp","href":"https:\/\/api.w.org\/{rel}","templated":true}]}}