{"id":18710,"date":"2023-01-27T16:16:23","date_gmt":"2023-01-27T15:16:23","guid":{"rendered":"https:\/\/valenciasjb.salesianos.edu\/colegio\/?p=18710"},"modified":"2023-01-27T16:25:02","modified_gmt":"2023-01-27T15:25:02","slug":"la-fiesta-escolar-en-honor-a-san-juan-bosco-nos-une-como-comunidad-educativo-pastoral","status":"publish","type":"post","link":"https:\/\/valenciasjb.salesianos.edu\/colegio\/la-fiesta-escolar-en-honor-a-san-juan-bosco-nos-une-como-comunidad-educativo-pastoral\/","title":{"rendered":"La fiesta escolar en honor a San Juan Bosco nos une como comunidad educativo-pastoral"},"content":{"rendered":"<div id=\"fb-root\"><\/div>\n<p>[et_pb_section fb_built=\u00bb1&#8243; admin_label=\u00bbsection\u00bb _builder_version=\u00bb4.16&#8243; global_colors_info=\u00bb{}\u00bb][et_pb_row admin_label=\u00bbrow\u00bb _builder_version=\u00bb4.16&#8243; background_size=\u00bbinitial\u00bb background_position=\u00bbtop_left\u00bb background_repeat=\u00bbrepeat\u00bb global_colors_info=\u00bb{}\u00bb][et_pb_column type=\u00bb4_4&#8243; _builder_version=\u00bb4.16&#8243; custom_padding=\u00bb|||\u00bb global_colors_info=\u00bb{}\u00bb custom_padding__hover=\u00bb|||\u00bb][et_pb_text admin_label=\u00bbEntradilla (Texto)\u00bb _builder_version=\u00bb4.19.4&#8243; text_font=\u00bb|on|||\u00bb text_orientation=\u00bbjustified\u00bb module_alignment=\u00bbjustified\u00bb global_colors_info=\u00bb{}\u00bb]<\/p>\n<div id=\"resumen\"><strong>Toda la comunidad educativo-pastoral se ha unido para la gran fiesta escolar en honor a San Juan Bosco. Ha sido una jornada muy especial en la que el colegio ha abierto sus puertas a todas las personas de la comunidad educativo-pastoral, en la que ha sido una fiesta de Don Bosco con una alt\u00edsima participaci\u00f3n de alumnado, profesorado, PAS, familias asistentes, much\u00edsimos antiguos alumnos y profesores, incluso el alumnado de pr\u00e1cticas ha querido estar en esta gran fiesta, que se ha celebrado ya con toda normalidad en un ambiente de alegr\u00eda, como Don Bosco habr\u00eda querido.<br \/><\/strong><\/div>\n<div>\u00a0<\/div>\n<p>[\/et_pb_text][et_pb_text admin_label=\u00bbAutor (Texto)\u00bb _builder_version=\u00bb4.19.4&#8243; text_font=\u00bb||on||\u00bb global_colors_info=\u00bb{}\u00bb]<\/p>\n<p>Redacci\u00f3n.<\/p>\n<p>[\/et_pb_text][et_pb_text admin_label=\u00bbDesarrollo (Texto)\u00bb _builder_version=\u00bb4.19.4&#8243; text_orientation=\u00bbjustified\u00bb module_alignment=\u00bbjustified\u00bb global_colors_info=\u00bb{}\u00bb]<\/p>\n<p>El gesto a Don Bosco a primera hora de la ma\u00f1ana, donde se ha recordado el camino de Don Bosco, tal y como nos recuerda el lema de este a\u00f1o, abrimos caminos, que nos ha llevado a la ciudad de Valencia, donde se encuentra nuestro colegio. Despu\u00e9s un preciosos gesto por la paz con la colaboraci\u00f3n de alumnado de todas las etapas. En el acto el alumnado de 2\u00ba de Bachillerato han dedicado unas palabras a todos los asistente y han entregado el tradicional ramo de flores a Don Bosco en su \u00faltimo a\u00f1o de colegio. Ellos mismos han sido los encargados de entrar en el pabell\u00f3n deportivo a los ni\u00f1os y ni\u00f1as de 3 a\u00f1itos, un gesto enternecedor. Jos\u00e9 Antonio Chaveli, director del colegio, y Nando Navarro, director de la casa, han querido tambi\u00e9n dedicar unas palabras para iniciar y finalizar el acto.<\/p>\n<p>Concluido el gesto, en ESO y Bachillerato se ha realizado una actividad especial de tutor\u00eda donde cada clase ha constituido su propia sociedad de la alegr\u00eda y han podido disfrutar despu\u00e9s de una magn\u00edfica ma\u00f1ana en talleres, campeonatos deportivos, barbacoa y partido de profes contra alumnos\/as, con la colaboraci\u00f3n del ERT de Don Bosco, el profesorado, y los monitores voluntarios de Bachillerato. En Primaria por la ma\u00f1ana han tenido el festival de los sue\u00f1os en el teatro y por la tarde campeonatos y gynkana. En Infantil, ma\u00f1ana de juegos ambientados en el circo, con la colaboraci\u00f3n de las se\u00f1os y de los voluntarios\/as de Bachillerato; por la tarde los m\u00e1s peque\u00f1os han disfrutado de Cantajuegos por clases en el teatro. Los servicios de comedor y matiners tambi\u00e9n se han sumado a la fiesta en la tem\u00e1tica del circo.<\/p>\n<p>El fin de semana contin\u00faa la celebraci\u00f3n, con la matinal organizada por AMPAS el domingo, a la que le seguir\u00e1 una Misa especial en Familia en honor a Don Bosco.<\/p>\n<p>En definitiva una jornada muy especial que nos ha unido como comunidad educativo-pastoral, siempre alegres, al estilo de Don Bosco. \u00a1Abrimos caminos!<\/p>\n<p>[\/et_pb_text][et_pb_text disabled_on=\u00bboff|on|on\u00bb admin_label=\u00bbT\u00edtulo: Galer\u00eda de fotos (Texto)\u00bb _builder_version=\u00bb4.18.0&#8243; text_font=\u00bb|on|||\u00bb text_text_color=\u00bb#dc001b\u00bb border_style=\u00bbsolid\u00bb global_colors_info=\u00bb{}\u00bb]<\/p>\n<p>Galer\u00eda de im\u00e1genes<\/p>\n<p>[\/et_pb_text][et_pb_gallery gallery_ids=\u00bb18717,18718,18719,18720,18721,18722,18723,18724,18725,18726,18727,18728,18729,18730,18731,18732,18733,18734,18735,18747,18748,18749,18750,18751,18752,18753,18754,18755,18756,18746,18745,18744,18743,18742,18741,18740,18739,18738,18737&#8243; posts_number=\u00bb8&#8243; show_title_and_caption=\u00bboff\u00bb zoom_icon_color=\u00bb#dc001b\u00bb hover_icon=\u00bb&#x54;||divi||400&#8243; disabled_on=\u00bboff|off|off\u00bb _builder_version=\u00bb4.19.4&#8243; pagination_font_size_tablet=\u00bb51&#8243; pagination_line_height_tablet=\u00bb2&#8243; global_colors_info=\u00bb{}\u00bb][\/et_pb_gallery][et_pb_video disabled_on=\u00bbon|on|on\u00bb _builder_version=\u00bb4.16&#8243; disabled=\u00bbon\u00bb global_colors_info=\u00bb{}\u00bb][\/et_pb_video][\/et_pb_column][\/et_pb_row][\/et_pb_section]<\/p>\n<!-- AddThis Advanced Settings generic via filter on the_content --><!-- AddThis Share Buttons generic via filter on the_content -->","protected":false},"excerpt":{"rendered":"<p>Toda la comunidad educativo-pastoral se ha unido para la gran fiesta escolar en honor a San Juan Bosco. Ha sido una jornada muy especial en la que el colegio ha abierto sus puertas a todas las personas de la comunidad educativo-pastoral, en la que ha sido una fiesta de Don Bosco con una alt\u00edsima participaci\u00f3n [&hellip;]<\/p>\n<p><!-- AddThis Advanced Settings generic via filter on get_the_excerpt --><!-- AddThis Share Buttons generic via filter on get_the_excerpt --><\/p>\n","protected":false},"author":6,"featured_media":18753,"comment_status":"closed","ping_status":"open","sticky":false,"template":"","format":"standard","meta":{"_et_pb_use_builder":"on","_et_pb_old_content":"","_et_gb_content_width":"","footnotes":""},"categories":[14],"tags":[],"class_list":["post-18710","post","type-post","status-publish","format-standard","has-post-thumbnail","hentry","category-noticia_colegio"],"yoast_head":"<!-- This site is optimized with the Yoast SEO plugin v28.4 - https:\/\/yoast.com\/product\/yoast-seo-wordpress\/ -->\n<title>La fiesta escolar en honor a San Juan Bosco nos une como comunidad educativo-pastoral - Colegio San Juan Bosco Valencia<\/title>\n<meta name=\"robots\" content=\"index, follow, max-snippet:-1, max-image-preview:large, max-video-preview:-1\" \/>\n<link rel=\"canonical\" href=\"https:\/\/valenciasjb.salesianos.edu\/colegio\/la-fiesta-escolar-en-honor-a-san-juan-bosco-nos-une-como-comunidad-educativo-pastoral\/\" \/>\n<meta property=\"og:locale\" content=\"es_ES\" \/>\n<meta property=\"og:type\" content=\"article\" \/>\n<meta property=\"og:title\" content=\"La fiesta escolar en honor a San Juan Bosco nos une como comunidad educativo-pastoral - Colegio San Juan Bosco Valencia\" \/>\n<meta property=\"og:description\" content=\"Toda la comunidad educativo-pastoral se ha unido para la gran fiesta escolar en honor a San Juan Bosco. Ha sido una jornada muy especial en la que el colegio ha abierto sus puertas a todas las personas de la comunidad educativo-pastoral, en la que ha sido una fiesta de Don Bosco con una alt\u00edsima participaci\u00f3n [&hellip;]\" \/>\n<meta property=\"og:url\" content=\"https:\/\/valenciasjb.salesianos.edu\/colegio\/la-fiesta-escolar-en-honor-a-san-juan-bosco-nos-une-como-comunidad-educativo-pastoral\/\" \/>\n<meta property=\"og:site_name\" content=\"Colegio San Juan Bosco Valencia\" \/>\n<meta property=\"article:publisher\" content=\"https:\/\/www.facebook.com\/ColegioSalesianoSanJuanBoscoValencia\" \/>\n<meta property=\"article:published_time\" content=\"2023-01-27T15:16:23+00:00\" \/>\n<meta property=\"article:modified_time\" content=\"2023-01-27T15:25:02+00:00\" \/>\n<meta property=\"og:image\" content=\"https:\/\/valenciasjb.salesianos.edu\/colegio\/wp-content\/uploads\/sites\/2\/2023\/01\/FB_IMG_1674829140293.jpg\" \/>\n\t<meta property=\"og:image:width\" content=\"1080\" \/>\n\t<meta property=\"og:image:height\" content=\"720\" \/>\n\t<meta property=\"og:image:type\" content=\"image\/jpeg\" \/>\n<meta name=\"author\" content=\"veronicapastor\" \/>\n<meta name=\"twitter:card\" content=\"summary_large_image\" \/>\n<meta name=\"twitter:creator\" content=\"@SalesianosVSJB\" \/>\n<meta name=\"twitter:site\" content=\"@SalesianosVSJB\" \/>\n<meta name=\"twitter:label1\" content=\"Escrito por\" \/>\n\t<meta name=\"twitter:data1\" content=\"veronicapastor\" \/>\n\t<meta name=\"twitter:label2\" content=\"Tiempo de lectura\" \/>\n\t<meta name=\"twitter:data2\" content=\"3 minutos\" \/>\n<script type=\"application\/ld+json\" class=\"yoast-schema-graph\">{\"@context\":\"https:\\\/\\\/schema.org\",\"@graph\":[{\"@type\":\"Article\",\"@id\":\"https:\\\/\\\/valenciasjb.salesianos.edu\\\/colegio\\\/la-fiesta-escolar-en-honor-a-san-juan-bosco-nos-une-como-comunidad-educativo-pastoral\\\/#article\",\"isPartOf\":{\"@id\":\"https:\\\/\\\/valenciasjb.salesianos.edu\\\/colegio\\\/la-fiesta-escolar-en-honor-a-san-juan-bosco-nos-une-como-comunidad-educativo-pastoral\\\/\"},\"author\":{\"name\":\"veronicapastor\",\"@id\":\"https:\\\/\\\/valenciasjb.salesianos.edu\\\/colegio\\\/#\\\/schema\\\/person\\\/1f45b67e52b27da175190a574db6bed9\"},\"headline\":\"La fiesta escolar en honor a San Juan Bosco nos une como comunidad educativo-pastoral\",\"datePublished\":\"2023-01-27T15:16:23+00:00\",\"dateModified\":\"2023-01-27T15:25:02+00:00\",\"mainEntityOfPage\":{\"@id\":\"https:\\\/\\\/valenciasjb.salesianos.edu\\\/colegio\\\/la-fiesta-escolar-en-honor-a-san-juan-bosco-nos-une-como-comunidad-educativo-pastoral\\\/\"},\"wordCount\":700,\"image\":{\"@id\":\"https:\\\/\\\/valenciasjb.salesianos.edu\\\/colegio\\\/la-fiesta-escolar-en-honor-a-san-juan-bosco-nos-une-como-comunidad-educativo-pastoral\\\/#primaryimage\"},\"thumbnailUrl\":\"https:\\\/\\\/valenciasjb.salesianos.edu\\\/colegio\\\/wp-content\\\/uploads\\\/sites\\\/2\\\/2023\\\/01\\\/FB_IMG_1674829140293.jpg\",\"articleSection\":[\"Noticia Colegio\"],\"inLanguage\":\"es\"},{\"@type\":\"WebPage\",\"@id\":\"https:\\\/\\\/valenciasjb.salesianos.edu\\\/colegio\\\/la-fiesta-escolar-en-honor-a-san-juan-bosco-nos-une-como-comunidad-educativo-pastoral\\\/\",\"url\":\"https:\\\/\\\/valenciasjb.salesianos.edu\\\/colegio\\\/la-fiesta-escolar-en-honor-a-san-juan-bosco-nos-une-como-comunidad-educativo-pastoral\\\/\",\"name\":\"La fiesta escolar en honor a San Juan Bosco nos une como comunidad educativo-pastoral - Colegio San Juan Bosco Valencia\",\"isPartOf\":{\"@id\":\"https:\\\/\\\/valenciasjb.salesianos.edu\\\/colegio\\\/#website\"},\"primaryImageOfPage\":{\"@id\":\"https:\\\/\\\/valenciasjb.salesianos.edu\\\/colegio\\\/la-fiesta-escolar-en-honor-a-san-juan-bosco-nos-une-como-comunidad-educativo-pastoral\\\/#primaryimage\"},\"image\":{\"@id\":\"https:\\\/\\\/valenciasjb.salesianos.edu\\\/colegio\\\/la-fiesta-escolar-en-honor-a-san-juan-bosco-nos-une-como-comunidad-educativo-pastoral\\\/#primaryimage\"},\"thumbnailUrl\":\"https:\\\/\\\/valenciasjb.salesianos.edu\\\/colegio\\\/wp-content\\\/uploads\\\/sites\\\/2\\\/2023\\\/01\\\/FB_IMG_1674829140293.jpg\",\"datePublished\":\"2023-01-27T15:16:23+00:00\",\"dateModified\":\"2023-01-27T15:25:02+00:00\",\"author\":{\"@id\":\"https:\\\/\\\/valenciasjb.salesianos.edu\\\/colegio\\\/#\\\/schema\\\/person\\\/1f45b67e52b27da175190a574db6bed9\"},\"breadcrumb\":{\"@id\":\"https:\\\/\\\/valenciasjb.salesianos.edu\\\/colegio\\\/la-fiesta-escolar-en-honor-a-san-juan-bosco-nos-une-como-comunidad-educativo-pastoral\\\/#breadcrumb\"},\"inLanguage\":\"es\",\"potentialAction\":[{\"@type\":\"ReadAction\",\"target\":[\"https:\\\/\\\/valenciasjb.salesianos.edu\\\/colegio\\\/la-fiesta-escolar-en-honor-a-san-juan-bosco-nos-une-como-comunidad-educativo-pastoral\\\/\"]}]},{\"@type\":\"ImageObject\",\"inLanguage\":\"es\",\"@id\":\"https:\\\/\\\/valenciasjb.salesianos.edu\\\/colegio\\\/la-fiesta-escolar-en-honor-a-san-juan-bosco-nos-une-como-comunidad-educativo-pastoral\\\/#primaryimage\",\"url\":\"https:\\\/\\\/valenciasjb.salesianos.edu\\\/colegio\\\/wp-content\\\/uploads\\\/sites\\\/2\\\/2023\\\/01\\\/FB_IMG_1674829140293.jpg\",\"contentUrl\":\"https:\\\/\\\/valenciasjb.salesianos.edu\\\/colegio\\\/wp-content\\\/uploads\\\/sites\\\/2\\\/2023\\\/01\\\/FB_IMG_1674829140293.jpg\",\"width\":1080,\"height\":720},{\"@type\":\"BreadcrumbList\",\"@id\":\"https:\\\/\\\/valenciasjb.salesianos.edu\\\/colegio\\\/la-fiesta-escolar-en-honor-a-san-juan-bosco-nos-une-como-comunidad-educativo-pastoral\\\/#breadcrumb\",\"itemListElement\":[{\"@type\":\"ListItem\",\"position\":1,\"name\":\"Portada\",\"item\":\"https:\\\/\\\/valenciasjb.salesianos.edu\\\/colegio\\\/\"},{\"@type\":\"ListItem\",\"position\":2,\"name\":\"La fiesta escolar en honor a San Juan Bosco nos une como comunidad educativo-pastoral\"}]},{\"@type\":\"WebSite\",\"@id\":\"https:\\\/\\\/valenciasjb.salesianos.edu\\\/colegio\\\/#website\",\"url\":\"https:\\\/\\\/valenciasjb.salesianos.edu\\\/colegio\\\/\",\"name\":\"Colegio San Juan Bosco Valencia\",\"description\":\"P\u00e1gina oficial del Colegio Salesianos San Juan Bosco Valencia\",\"alternateName\":\"Salesianos.VSJB\",\"potentialAction\":[{\"@type\":\"SearchAction\",\"target\":{\"@type\":\"EntryPoint\",\"urlTemplate\":\"https:\\\/\\\/valenciasjb.salesianos.edu\\\/colegio\\\/?s={search_term_string}\"},\"query-input\":{\"@type\":\"PropertyValueSpecification\",\"valueRequired\":true,\"valueName\":\"search_term_string\"}}],\"inLanguage\":\"es\"},{\"@type\":\"Person\",\"@id\":\"https:\\\/\\\/valenciasjb.salesianos.edu\\\/colegio\\\/#\\\/schema\\\/person\\\/1f45b67e52b27da175190a574db6bed9\",\"name\":\"veronicapastor\",\"image\":{\"@type\":\"ImageObject\",\"inLanguage\":\"es\",\"@id\":\"https:\\\/\\\/secure.gravatar.com\\\/avatar\\\/e29bd40bace3fd935e1d6fdb7313ffc14628cc037c5e16f4c7369b20a2a6f7f0?s=96&d=mm&r=g\",\"url\":\"https:\\\/\\\/secure.gravatar.com\\\/avatar\\\/e29bd40bace3fd935e1d6fdb7313ffc14628cc037c5e16f4c7369b20a2a6f7f0?s=96&d=mm&r=g\",\"contentUrl\":\"https:\\\/\\\/secure.gravatar.com\\\/avatar\\\/e29bd40bace3fd935e1d6fdb7313ffc14628cc037c5e16f4c7369b20a2a6f7f0?s=96&d=mm&r=g\",\"caption\":\"veronicapastor\"}}]}<\/script>\n<!-- \/ Yoast SEO plugin. -->","yoast_head_json":{"title":"La fiesta escolar en honor a San Juan Bosco nos une como comunidad educativo-pastoral - Colegio San Juan Bosco Valencia","robots":{"index":"index","follow":"follow","max-snippet":"max-snippet:-1","max-image-preview":"max-image-preview:large","max-video-preview":"max-video-preview:-1"},"canonical":"https:\/\/valenciasjb.salesianos.edu\/colegio\/la-fiesta-escolar-en-honor-a-san-juan-bosco-nos-une-como-comunidad-educativo-pastoral\/","og_locale":"es_ES","og_type":"article","og_title":"La fiesta escolar en honor a San Juan Bosco nos une como comunidad educativo-pastoral - Colegio San Juan Bosco Valencia","og_description":"Toda la comunidad educativo-pastoral se ha unido para la gran fiesta escolar en honor a San Juan Bosco. Ha sido una jornada muy especial en la que el colegio ha abierto sus puertas a todas las personas de la comunidad educativo-pastoral, en la que ha sido una fiesta de Don Bosco con una alt\u00edsima participaci\u00f3n [&hellip;]","og_url":"https:\/\/valenciasjb.salesianos.edu\/colegio\/la-fiesta-escolar-en-honor-a-san-juan-bosco-nos-une-como-comunidad-educativo-pastoral\/","og_site_name":"Colegio San Juan Bosco Valencia","article_publisher":"https:\/\/www.facebook.com\/ColegioSalesianoSanJuanBoscoValencia","article_published_time":"2023-01-27T15:16:23+00:00","article_modified_time":"2023-01-27T15:25:02+00:00","og_image":[{"width":1080,"height":720,"url":"https:\/\/valenciasjb.salesianos.edu\/colegio\/wp-content\/uploads\/sites\/2\/2023\/01\/FB_IMG_1674829140293.jpg","type":"image\/jpeg"}],"author":"veronicapastor","twitter_card":"summary_large_image","twitter_creator":"@SalesianosVSJB","twitter_site":"@SalesianosVSJB","twitter_misc":{"Escrito por":"veronicapastor","Tiempo de lectura":"3 minutos"},"schema":{"@context":"https:\/\/schema.org","@graph":[{"@type":"Article","@id":"https:\/\/valenciasjb.salesianos.edu\/colegio\/la-fiesta-escolar-en-honor-a-san-juan-bosco-nos-une-como-comunidad-educativo-pastoral\/#article","isPartOf":{"@id":"https:\/\/valenciasjb.salesianos.edu\/colegio\/la-fiesta-escolar-en-honor-a-san-juan-bosco-nos-une-como-comunidad-educativo-pastoral\/"},"author":{"name":"veronicapastor","@id":"https:\/\/valenciasjb.salesianos.edu\/colegio\/#\/schema\/person\/1f45b67e52b27da175190a574db6bed9"},"headline":"La fiesta escolar en honor a San Juan Bosco nos une como comunidad educativo-pastoral","datePublished":"2023-01-27T15:16:23+00:00","dateModified":"2023-01-27T15:25:02+00:00","mainEntityOfPage":{"@id":"https:\/\/valenciasjb.salesianos.edu\/colegio\/la-fiesta-escolar-en-honor-a-san-juan-bosco-nos-une-como-comunidad-educativo-pastoral\/"},"wordCount":700,"image":{"@id":"https:\/\/valenciasjb.salesianos.edu\/colegio\/la-fiesta-escolar-en-honor-a-san-juan-bosco-nos-une-como-comunidad-educativo-pastoral\/#primaryimage"},"thumbnailUrl":"https:\/\/valenciasjb.salesianos.edu\/colegio\/wp-content\/uploads\/sites\/2\/2023\/01\/FB_IMG_1674829140293.jpg","articleSection":["Noticia Colegio"],"inLanguage":"es"},{"@type":"WebPage","@id":"https:\/\/valenciasjb.salesianos.edu\/colegio\/la-fiesta-escolar-en-honor-a-san-juan-bosco-nos-une-como-comunidad-educativo-pastoral\/","url":"https:\/\/valenciasjb.salesianos.edu\/colegio\/la-fiesta-escolar-en-honor-a-san-juan-bosco-nos-une-como-comunidad-educativo-pastoral\/","name":"La fiesta escolar en honor a San Juan Bosco nos une como comunidad educativo-pastoral - Colegio San Juan Bosco Valencia","isPartOf":{"@id":"https:\/\/valenciasjb.salesianos.edu\/colegio\/#website"},"primaryImageOfPage":{"@id":"https:\/\/valenciasjb.salesianos.edu\/colegio\/la-fiesta-escolar-en-honor-a-san-juan-bosco-nos-une-como-comunidad-educativo-pastoral\/#primaryimage"},"image":{"@id":"https:\/\/valenciasjb.salesianos.edu\/colegio\/la-fiesta-escolar-en-honor-a-san-juan-bosco-nos-une-como-comunidad-educativo-pastoral\/#primaryimage"},"thumbnailUrl":"https:\/\/valenciasjb.salesianos.edu\/colegio\/wp-content\/uploads\/sites\/2\/2023\/01\/FB_IMG_1674829140293.jpg","datePublished":"2023-01-27T15:16:23+00:00","dateModified":"2023-01-27T15:25:02+00:00","author":{"@id":"https:\/\/valenciasjb.salesianos.edu\/colegio\/#\/schema\/person\/1f45b67e52b27da175190a574db6bed9"},"breadcrumb":{"@id":"https:\/\/valenciasjb.salesianos.edu\/colegio\/la-fiesta-escolar-en-honor-a-san-juan-bosco-nos-une-como-comunidad-educativo-pastoral\/#breadcrumb"},"inLanguage":"es","potentialAction":[{"@type":"ReadAction","target":["https:\/\/valenciasjb.salesianos.edu\/colegio\/la-fiesta-escolar-en-honor-a-san-juan-bosco-nos-une-como-comunidad-educativo-pastoral\/"]}]},{"@type":"ImageObject","inLanguage":"es","@id":"https:\/\/valenciasjb.salesianos.edu\/colegio\/la-fiesta-escolar-en-honor-a-san-juan-bosco-nos-une-como-comunidad-educativo-pastoral\/#primaryimage","url":"https:\/\/valenciasjb.salesianos.edu\/colegio\/wp-content\/uploads\/sites\/2\/2023\/01\/FB_IMG_1674829140293.jpg","contentUrl":"https:\/\/valenciasjb.salesianos.edu\/colegio\/wp-content\/uploads\/sites\/2\/2023\/01\/FB_IMG_1674829140293.jpg","width":1080,"height":720},{"@type":"BreadcrumbList","@id":"https:\/\/valenciasjb.salesianos.edu\/colegio\/la-fiesta-escolar-en-honor-a-san-juan-bosco-nos-une-como-comunidad-educativo-pastoral\/#breadcrumb","itemListElement":[{"@type":"ListItem","position":1,"name":"Portada","item":"https:\/\/valenciasjb.salesianos.edu\/colegio\/"},{"@type":"ListItem","position":2,"name":"La fiesta escolar en honor a San Juan Bosco nos une como comunidad educativo-pastoral"}]},{"@type":"WebSite","@id":"https:\/\/valenciasjb.salesianos.edu\/colegio\/#website","url":"https:\/\/valenciasjb.salesianos.edu\/colegio\/","name":"Colegio San Juan Bosco Valencia","description":"P\u00e1gina oficial del Colegio Salesianos San Juan Bosco Valencia","alternateName":"Salesianos.VSJB","potentialAction":[{"@type":"SearchAction","target":{"@type":"EntryPoint","urlTemplate":"https:\/\/valenciasjb.salesianos.edu\/colegio\/?s={search_term_string}"},"query-input":{"@type":"PropertyValueSpecification","valueRequired":true,"valueName":"search_term_string"}}],"inLanguage":"es"},{"@type":"Person","@id":"https:\/\/valenciasjb.salesianos.edu\/colegio\/#\/schema\/person\/1f45b67e52b27da175190a574db6bed9","name":"veronicapastor","image":{"@type":"ImageObject","inLanguage":"es","@id":"https:\/\/secure.gravatar.com\/avatar\/e29bd40bace3fd935e1d6fdb7313ffc14628cc037c5e16f4c7369b20a2a6f7f0?s=96&d=mm&r=g","url":"https:\/\/secure.gravatar.com\/avatar\/e29bd40bace3fd935e1d6fdb7313ffc14628cc037c5e16f4c7369b20a2a6f7f0?s=96&d=mm&r=g","contentUrl":"https:\/\/secure.gravatar.com\/avatar\/e29bd40bace3fd935e1d6fdb7313ffc14628cc037c5e16f4c7369b20a2a6f7f0?s=96&d=mm&r=g","caption":"veronicapastor"}}]}},"_links":{"self":[{"href":"https:\/\/valenciasjb.salesianos.edu\/colegio\/wp-json\/wp\/v2\/posts\/18710","targetHints":{"allow":["GET"]}}],"collection":[{"href":"https:\/\/valenciasjb.salesianos.edu\/colegio\/wp-json\/wp\/v2\/posts"}],"about":[{"href":"https:\/\/valenciasjb.salesianos.edu\/colegio\/wp-json\/wp\/v2\/types\/post"}],"author":[{"embeddable":true,"href":"https:\/\/valenciasjb.salesianos.edu\/colegio\/wp-json\/wp\/v2\/users\/6"}],"replies":[{"embeddable":true,"href":"https:\/\/valenciasjb.salesianos.edu\/colegio\/wp-json\/wp\/v2\/comments?post=18710"}],"version-history":[{"count":6,"href":"https:\/\/valenciasjb.salesianos.edu\/colegio\/wp-json\/wp\/v2\/posts\/18710\/revisions"}],"predecessor-version":[{"id":18758,"href":"https:\/\/valenciasjb.salesianos.edu\/colegio\/wp-json\/wp\/v2\/posts\/18710\/revisions\/18758"}],"wp:featuredmedia":[{"embeddable":true,"href":"https:\/\/valenciasjb.salesianos.edu\/colegio\/wp-json\/wp\/v2\/media\/18753"}],"wp:attachment":[{"href":"https:\/\/valenciasjb.salesianos.edu\/colegio\/wp-json\/wp\/v2\/media?parent=18710"}],"wp:term":[{"taxonomy":"category","embeddable":true,"href":"https:\/\/valenciasjb.salesianos.edu\/colegio\/wp-json\/wp\/v2\/categories?post=18710"},{"taxonomy":"post_tag","embeddable":true,"href":"https:\/\/valenciasjb.salesianos.edu\/colegio\/wp-json\/wp\/v2\/tags?post=18710"}],"curies":[{"name":"wp","href":"https:\/\/api.w.org\/{rel}","templated":true}]}}