{"id":18796,"date":"2023-02-11T23:00:51","date_gmt":"2023-02-11T22:00:51","guid":{"rendered":"https:\/\/valenciasjb.salesianos.edu\/colegio\/?p=18796"},"modified":"2023-02-11T23:02:22","modified_gmt":"2023-02-11T22:02:22","slug":"la-matebosco-vuelve-con-fuerza-bajo-el-lema-pensar-es-divertido","status":"publish","type":"post","link":"https:\/\/valenciasjb.salesianos.edu\/colegio\/la-matebosco-vuelve-con-fuerza-bajo-el-lema-pensar-es-divertido\/","title":{"rendered":"La Matebosco vuelve con fuerza bajo el lema: \u00abpensar es divertido\u00bb"},"content":{"rendered":"<div id=\"fb-root\"><\/div>\n<p>[et_pb_section fb_built=\u00bb1&#8243; admin_label=\u00bbsection\u00bb _builder_version=\u00bb4.16&#8243; global_colors_info=\u00bb{}\u00bb][et_pb_row admin_label=\u00bbrow\u00bb _builder_version=\u00bb4.16&#8243; background_size=\u00bbinitial\u00bb background_position=\u00bbtop_left\u00bb background_repeat=\u00bbrepeat\u00bb global_colors_info=\u00bb{}\u00bb][et_pb_column type=\u00bb4_4&#8243; _builder_version=\u00bb4.16&#8243; custom_padding=\u00bb|||\u00bb global_colors_info=\u00bb{}\u00bb custom_padding__hover=\u00bb|||\u00bb][et_pb_text admin_label=\u00bbEntradilla (Texto)\u00bb _builder_version=\u00bb4.19.5&#8243; text_font=\u00bb|on|||\u00bb text_orientation=\u00bbjustified\u00bb module_alignment=\u00bbjustified\u00bb global_colors_info=\u00bb{}\u00bb]<\/p>\n<div id=\"resumen\"><strong>\u00a0<\/strong><\/div>\n<div>90 partipantes de 5primaria a 4eso, 30 monitores de bachillerato y buen n\u00famero de docentes y familias se re\u00fanen de nuevo en la matebosco con el lema: \u00abpensar es divertido\u00bb.<\/div>\n<p>[\/et_pb_text][et_pb_text admin_label=\u00bbAutor (Texto)\u00bb _builder_version=\u00bb4.19.5&#8243; text_font=\u00bb||on||\u00bb global_colors_info=\u00bb{}\u00bb]<\/p>\n<p>Mayte Briz, jefa del Departamento de Matem\u00e1ticas\u00a0<\/p>\n<p>[\/et_pb_text][et_pb_text admin_label=\u00bbDesarrollo (Texto)\u00bb _builder_version=\u00bb4.19.5&#8243; text_orientation=\u00bbjustified\u00bb module_alignment=\u00bbjustified\u00bb hover_enabled=\u00bb0&#8243; global_colors_info=\u00bb{}\u00bb sticky_enabled=\u00bb0&#8243;]<\/p>\n<p style=\"text-align: left\">Una jornada de convivencia alrededor de las matem\u00e1ticas que ya va por su decimos\u00e9ptima edici\u00f3n. En esta ocasi\u00f3n, la tem\u00e1tica elegida han sido los 17ODS de la agenda 2030 y tanto las pruebas como el acto de clausura, han girado en torno a este tema. En este contexto hemos celebrado tambi\u00e9n el d\u00eda de la mujer y la ni\u00f1a en la ciencia con una presentaci\u00f3n a cargo de dos alumnas de bachillerato.<br \/>Enhorabuena a todos los participantes y monitores y muchas gracias a las familias y a AMPAS por su apoyo<\/p>\n<p>[\/et_pb_text][et_pb_text disabled_on=\u00bboff|on|on\u00bb admin_label=\u00bbT\u00edtulo: Galer\u00eda de fotos (Texto)\u00bb _builder_version=\u00bb4.19.5&#8243; text_font=\u00bb|on|||\u00bb text_text_color=\u00bb#dc001b\u00bb border_style=\u00bbsolid\u00bb global_colors_info=\u00bb{}\u00bb]<\/p>\n<p>Galer\u00eda de im\u00e1genes<\/p>\n<p>[\/et_pb_text][et_pb_gallery gallery_ids=\u00bb18799,18800,18801,18802,18803,18804,18805,18806,18807,18808,18809,18810,18811,18812,18813,18814,18815,18816,18817,18818,18819,18820,18821,18822,18823,18824,18825,18826,18827,18828,18829,18830,18831,18832,18833,18834,18835,18836,18837,18838,18839,18840,18841,18842,18843,18844,18845,18846,18847,18848,18849,18850,18851,18852,18853,18854,18855,18856,18857,18858,18859,18860,18861,18862,18863,18864,18865,18866,18867,18868,18869,18870,18871,18872,18873,18874,18875,18876,18877,18878,18879,18880,18881,18882,18883,18884,18885,18886,18887&#8243; posts_number=\u00bb8&#8243; show_title_and_caption=\u00bboff\u00bb zoom_icon_color=\u00bb#dc001b\u00bb hover_icon=\u00bb&#x54;||divi||400&#8243; disabled_on=\u00bboff|off|off\u00bb _builder_version=\u00bb4.19.5&#8243; pagination_font_size_tablet=\u00bb51&#8243; pagination_line_height_tablet=\u00bb2&#8243; global_colors_info=\u00bb{}\u00bb][\/et_pb_gallery][et_pb_video disabled_on=\u00bbon|on|on\u00bb _builder_version=\u00bb4.16&#8243; disabled=\u00bbon\u00bb global_colors_info=\u00bb{}\u00bb][\/et_pb_video][\/et_pb_column][\/et_pb_row][\/et_pb_section]<\/p>\n<!-- AddThis Advanced Settings generic via filter on the_content --><!-- AddThis Share Buttons generic via filter on the_content -->","protected":false},"excerpt":{"rendered":"<p>\u00a0 90 partipantes de 5primaria a 4eso, 30 monitores de bachillerato y buen n\u00famero de docentes y familias se re\u00fanen de nuevo en la matebosco con el lema: \u00abpensar es divertido\u00bb.Mayte Briz, jefa del Departamento de Matem\u00e1ticas\u00a0Una jornada de convivencia alrededor de las matem\u00e1ticas que ya va por su decimos\u00e9ptima edici\u00f3n. En esta ocasi\u00f3n, la [&hellip;]<\/p>\n<p><!-- AddThis Advanced Settings generic via filter on get_the_excerpt --><!-- AddThis Share Buttons generic via filter on get_the_excerpt --><\/p>\n","protected":false},"author":6,"featured_media":18850,"comment_status":"closed","ping_status":"open","sticky":false,"template":"","format":"standard","meta":{"_et_pb_use_builder":"on","_et_pb_old_content":"","_et_gb_content_width":"","footnotes":""},"categories":[14],"tags":[],"class_list":["post-18796","post","type-post","status-publish","format-standard","has-post-thumbnail","hentry","category-noticia_colegio"],"yoast_head":"<!-- This site is optimized with the Yoast SEO plugin v28.4 - https:\/\/yoast.com\/product\/yoast-seo-wordpress\/ -->\n<title>La Matebosco vuelve con fuerza bajo el lema: &quot;pensar es divertido&quot; - Colegio San Juan Bosco Valencia<\/title>\n<meta name=\"robots\" content=\"index, follow, max-snippet:-1, max-image-preview:large, max-video-preview:-1\" \/>\n<link rel=\"canonical\" href=\"https:\/\/valenciasjb.salesianos.edu\/colegio\/la-matebosco-vuelve-con-fuerza-bajo-el-lema-pensar-es-divertido\/\" \/>\n<meta property=\"og:locale\" content=\"es_ES\" \/>\n<meta property=\"og:type\" content=\"article\" \/>\n<meta property=\"og:title\" content=\"La Matebosco vuelve con fuerza bajo el lema: &quot;pensar es divertido&quot; - Colegio San Juan Bosco Valencia\" \/>\n<meta property=\"og:description\" content=\"\u00a0 90 partipantes de 5primaria a 4eso, 30 monitores de bachillerato y buen n\u00famero de docentes y familias se re\u00fanen de nuevo en la matebosco con el lema: &quot;pensar es divertido&quot;.Mayte Briz, jefa del Departamento de Matem\u00e1ticas\u00a0Una jornada de convivencia alrededor de las matem\u00e1ticas que ya va por su decimos\u00e9ptima edici\u00f3n. En esta ocasi\u00f3n, la [&hellip;]\" \/>\n<meta property=\"og:url\" content=\"https:\/\/valenciasjb.salesianos.edu\/colegio\/la-matebosco-vuelve-con-fuerza-bajo-el-lema-pensar-es-divertido\/\" \/>\n<meta property=\"og:site_name\" content=\"Colegio San Juan Bosco Valencia\" \/>\n<meta property=\"article:publisher\" content=\"https:\/\/www.facebook.com\/ColegioSalesianoSanJuanBoscoValencia\" \/>\n<meta property=\"article:published_time\" content=\"2023-02-11T22:00:51+00:00\" \/>\n<meta property=\"article:modified_time\" content=\"2023-02-11T22:02:22+00:00\" \/>\n<meta property=\"og:image\" content=\"https:\/\/valenciasjb.salesianos.edu\/colegio\/wp-content\/uploads\/sites\/2\/2023\/02\/IMG-20230211-WA0043.jpg\" \/>\n\t<meta property=\"og:image:width\" content=\"1024\" \/>\n\t<meta property=\"og:image:height\" content=\"768\" \/>\n\t<meta property=\"og:image:type\" content=\"image\/jpeg\" \/>\n<meta name=\"author\" content=\"veronicapastor\" \/>\n<meta name=\"twitter:card\" content=\"summary_large_image\" \/>\n<meta name=\"twitter:creator\" content=\"@SalesianosVSJB\" \/>\n<meta name=\"twitter:site\" content=\"@SalesianosVSJB\" \/>\n<meta name=\"twitter:label1\" content=\"Escrito por\" \/>\n\t<meta name=\"twitter:data1\" content=\"veronicapastor\" \/>\n\t<meta name=\"twitter:label2\" content=\"Tiempo de lectura\" \/>\n\t<meta name=\"twitter:data2\" content=\"1 minuto\" \/>\n<script type=\"application\/ld+json\" class=\"yoast-schema-graph\">{\"@context\":\"https:\\\/\\\/schema.org\",\"@graph\":[{\"@type\":\"Article\",\"@id\":\"https:\\\/\\\/valenciasjb.salesianos.edu\\\/colegio\\\/la-matebosco-vuelve-con-fuerza-bajo-el-lema-pensar-es-divertido\\\/#article\",\"isPartOf\":{\"@id\":\"https:\\\/\\\/valenciasjb.salesianos.edu\\\/colegio\\\/la-matebosco-vuelve-con-fuerza-bajo-el-lema-pensar-es-divertido\\\/\"},\"author\":{\"name\":\"veronicapastor\",\"@id\":\"https:\\\/\\\/valenciasjb.salesianos.edu\\\/colegio\\\/#\\\/schema\\\/person\\\/1f45b67e52b27da175190a574db6bed9\"},\"headline\":\"La Matebosco vuelve con fuerza bajo el lema: \u00abpensar es divertido\u00bb\",\"datePublished\":\"2023-02-11T22:00:51+00:00\",\"dateModified\":\"2023-02-11T22:02:22+00:00\",\"mainEntityOfPage\":{\"@id\":\"https:\\\/\\\/valenciasjb.salesianos.edu\\\/colegio\\\/la-matebosco-vuelve-con-fuerza-bajo-el-lema-pensar-es-divertido\\\/\"},\"wordCount\":373,\"image\":{\"@id\":\"https:\\\/\\\/valenciasjb.salesianos.edu\\\/colegio\\\/la-matebosco-vuelve-con-fuerza-bajo-el-lema-pensar-es-divertido\\\/#primaryimage\"},\"thumbnailUrl\":\"https:\\\/\\\/valenciasjb.salesianos.edu\\\/colegio\\\/wp-content\\\/uploads\\\/sites\\\/2\\\/2023\\\/02\\\/IMG-20230211-WA0043.jpg\",\"articleSection\":[\"Noticia Colegio\"],\"inLanguage\":\"es\"},{\"@type\":\"WebPage\",\"@id\":\"https:\\\/\\\/valenciasjb.salesianos.edu\\\/colegio\\\/la-matebosco-vuelve-con-fuerza-bajo-el-lema-pensar-es-divertido\\\/\",\"url\":\"https:\\\/\\\/valenciasjb.salesianos.edu\\\/colegio\\\/la-matebosco-vuelve-con-fuerza-bajo-el-lema-pensar-es-divertido\\\/\",\"name\":\"La Matebosco vuelve con fuerza bajo el lema: \\\"pensar es divertido\\\" - Colegio San Juan Bosco Valencia\",\"isPartOf\":{\"@id\":\"https:\\\/\\\/valenciasjb.salesianos.edu\\\/colegio\\\/#website\"},\"primaryImageOfPage\":{\"@id\":\"https:\\\/\\\/valenciasjb.salesianos.edu\\\/colegio\\\/la-matebosco-vuelve-con-fuerza-bajo-el-lema-pensar-es-divertido\\\/#primaryimage\"},\"image\":{\"@id\":\"https:\\\/\\\/valenciasjb.salesianos.edu\\\/colegio\\\/la-matebosco-vuelve-con-fuerza-bajo-el-lema-pensar-es-divertido\\\/#primaryimage\"},\"thumbnailUrl\":\"https:\\\/\\\/valenciasjb.salesianos.edu\\\/colegio\\\/wp-content\\\/uploads\\\/sites\\\/2\\\/2023\\\/02\\\/IMG-20230211-WA0043.jpg\",\"datePublished\":\"2023-02-11T22:00:51+00:00\",\"dateModified\":\"2023-02-11T22:02:22+00:00\",\"author\":{\"@id\":\"https:\\\/\\\/valenciasjb.salesianos.edu\\\/colegio\\\/#\\\/schema\\\/person\\\/1f45b67e52b27da175190a574db6bed9\"},\"breadcrumb\":{\"@id\":\"https:\\\/\\\/valenciasjb.salesianos.edu\\\/colegio\\\/la-matebosco-vuelve-con-fuerza-bajo-el-lema-pensar-es-divertido\\\/#breadcrumb\"},\"inLanguage\":\"es\",\"potentialAction\":[{\"@type\":\"ReadAction\",\"target\":[\"https:\\\/\\\/valenciasjb.salesianos.edu\\\/colegio\\\/la-matebosco-vuelve-con-fuerza-bajo-el-lema-pensar-es-divertido\\\/\"]}]},{\"@type\":\"ImageObject\",\"inLanguage\":\"es\",\"@id\":\"https:\\\/\\\/valenciasjb.salesianos.edu\\\/colegio\\\/la-matebosco-vuelve-con-fuerza-bajo-el-lema-pensar-es-divertido\\\/#primaryimage\",\"url\":\"https:\\\/\\\/valenciasjb.salesianos.edu\\\/colegio\\\/wp-content\\\/uploads\\\/sites\\\/2\\\/2023\\\/02\\\/IMG-20230211-WA0043.jpg\",\"contentUrl\":\"https:\\\/\\\/valenciasjb.salesianos.edu\\\/colegio\\\/wp-content\\\/uploads\\\/sites\\\/2\\\/2023\\\/02\\\/IMG-20230211-WA0043.jpg\",\"width\":1024,\"height\":768},{\"@type\":\"BreadcrumbList\",\"@id\":\"https:\\\/\\\/valenciasjb.salesianos.edu\\\/colegio\\\/la-matebosco-vuelve-con-fuerza-bajo-el-lema-pensar-es-divertido\\\/#breadcrumb\",\"itemListElement\":[{\"@type\":\"ListItem\",\"position\":1,\"name\":\"Portada\",\"item\":\"https:\\\/\\\/valenciasjb.salesianos.edu\\\/colegio\\\/\"},{\"@type\":\"ListItem\",\"position\":2,\"name\":\"La Matebosco vuelve con fuerza bajo el lema: \u00abpensar es divertido\u00bb\"}]},{\"@type\":\"WebSite\",\"@id\":\"https:\\\/\\\/valenciasjb.salesianos.edu\\\/colegio\\\/#website\",\"url\":\"https:\\\/\\\/valenciasjb.salesianos.edu\\\/colegio\\\/\",\"name\":\"Colegio San Juan Bosco Valencia\",\"description\":\"P\u00e1gina oficial del Colegio Salesianos San Juan Bosco Valencia\",\"alternateName\":\"Salesianos.VSJB\",\"potentialAction\":[{\"@type\":\"SearchAction\",\"target\":{\"@type\":\"EntryPoint\",\"urlTemplate\":\"https:\\\/\\\/valenciasjb.salesianos.edu\\\/colegio\\\/?s={search_term_string}\"},\"query-input\":{\"@type\":\"PropertyValueSpecification\",\"valueRequired\":true,\"valueName\":\"search_term_string\"}}],\"inLanguage\":\"es\"},{\"@type\":\"Person\",\"@id\":\"https:\\\/\\\/valenciasjb.salesianos.edu\\\/colegio\\\/#\\\/schema\\\/person\\\/1f45b67e52b27da175190a574db6bed9\",\"name\":\"veronicapastor\",\"image\":{\"@type\":\"ImageObject\",\"inLanguage\":\"es\",\"@id\":\"https:\\\/\\\/secure.gravatar.com\\\/avatar\\\/e29bd40bace3fd935e1d6fdb7313ffc14628cc037c5e16f4c7369b20a2a6f7f0?s=96&d=mm&r=g\",\"url\":\"https:\\\/\\\/secure.gravatar.com\\\/avatar\\\/e29bd40bace3fd935e1d6fdb7313ffc14628cc037c5e16f4c7369b20a2a6f7f0?s=96&d=mm&r=g\",\"contentUrl\":\"https:\\\/\\\/secure.gravatar.com\\\/avatar\\\/e29bd40bace3fd935e1d6fdb7313ffc14628cc037c5e16f4c7369b20a2a6f7f0?s=96&d=mm&r=g\",\"caption\":\"veronicapastor\"}}]}<\/script>\n<!-- \/ Yoast SEO plugin. -->","yoast_head_json":{"title":"La Matebosco vuelve con fuerza bajo el lema: \"pensar es divertido\" - Colegio San Juan Bosco Valencia","robots":{"index":"index","follow":"follow","max-snippet":"max-snippet:-1","max-image-preview":"max-image-preview:large","max-video-preview":"max-video-preview:-1"},"canonical":"https:\/\/valenciasjb.salesianos.edu\/colegio\/la-matebosco-vuelve-con-fuerza-bajo-el-lema-pensar-es-divertido\/","og_locale":"es_ES","og_type":"article","og_title":"La Matebosco vuelve con fuerza bajo el lema: \"pensar es divertido\" - Colegio San Juan Bosco Valencia","og_description":"\u00a0 90 partipantes de 5primaria a 4eso, 30 monitores de bachillerato y buen n\u00famero de docentes y familias se re\u00fanen de nuevo en la matebosco con el lema: \"pensar es divertido\".Mayte Briz, jefa del Departamento de Matem\u00e1ticas\u00a0Una jornada de convivencia alrededor de las matem\u00e1ticas que ya va por su decimos\u00e9ptima edici\u00f3n. En esta ocasi\u00f3n, la [&hellip;]","og_url":"https:\/\/valenciasjb.salesianos.edu\/colegio\/la-matebosco-vuelve-con-fuerza-bajo-el-lema-pensar-es-divertido\/","og_site_name":"Colegio San Juan Bosco Valencia","article_publisher":"https:\/\/www.facebook.com\/ColegioSalesianoSanJuanBoscoValencia","article_published_time":"2023-02-11T22:00:51+00:00","article_modified_time":"2023-02-11T22:02:22+00:00","og_image":[{"width":1024,"height":768,"url":"https:\/\/valenciasjb.salesianos.edu\/colegio\/wp-content\/uploads\/sites\/2\/2023\/02\/IMG-20230211-WA0043.jpg","type":"image\/jpeg"}],"author":"veronicapastor","twitter_card":"summary_large_image","twitter_creator":"@SalesianosVSJB","twitter_site":"@SalesianosVSJB","twitter_misc":{"Escrito por":"veronicapastor","Tiempo de lectura":"1 minuto"},"schema":{"@context":"https:\/\/schema.org","@graph":[{"@type":"Article","@id":"https:\/\/valenciasjb.salesianos.edu\/colegio\/la-matebosco-vuelve-con-fuerza-bajo-el-lema-pensar-es-divertido\/#article","isPartOf":{"@id":"https:\/\/valenciasjb.salesianos.edu\/colegio\/la-matebosco-vuelve-con-fuerza-bajo-el-lema-pensar-es-divertido\/"},"author":{"name":"veronicapastor","@id":"https:\/\/valenciasjb.salesianos.edu\/colegio\/#\/schema\/person\/1f45b67e52b27da175190a574db6bed9"},"headline":"La Matebosco vuelve con fuerza bajo el lema: \u00abpensar es divertido\u00bb","datePublished":"2023-02-11T22:00:51+00:00","dateModified":"2023-02-11T22:02:22+00:00","mainEntityOfPage":{"@id":"https:\/\/valenciasjb.salesianos.edu\/colegio\/la-matebosco-vuelve-con-fuerza-bajo-el-lema-pensar-es-divertido\/"},"wordCount":373,"image":{"@id":"https:\/\/valenciasjb.salesianos.edu\/colegio\/la-matebosco-vuelve-con-fuerza-bajo-el-lema-pensar-es-divertido\/#primaryimage"},"thumbnailUrl":"https:\/\/valenciasjb.salesianos.edu\/colegio\/wp-content\/uploads\/sites\/2\/2023\/02\/IMG-20230211-WA0043.jpg","articleSection":["Noticia Colegio"],"inLanguage":"es"},{"@type":"WebPage","@id":"https:\/\/valenciasjb.salesianos.edu\/colegio\/la-matebosco-vuelve-con-fuerza-bajo-el-lema-pensar-es-divertido\/","url":"https:\/\/valenciasjb.salesianos.edu\/colegio\/la-matebosco-vuelve-con-fuerza-bajo-el-lema-pensar-es-divertido\/","name":"La Matebosco vuelve con fuerza bajo el lema: \"pensar es divertido\" - Colegio San Juan Bosco Valencia","isPartOf":{"@id":"https:\/\/valenciasjb.salesianos.edu\/colegio\/#website"},"primaryImageOfPage":{"@id":"https:\/\/valenciasjb.salesianos.edu\/colegio\/la-matebosco-vuelve-con-fuerza-bajo-el-lema-pensar-es-divertido\/#primaryimage"},"image":{"@id":"https:\/\/valenciasjb.salesianos.edu\/colegio\/la-matebosco-vuelve-con-fuerza-bajo-el-lema-pensar-es-divertido\/#primaryimage"},"thumbnailUrl":"https:\/\/valenciasjb.salesianos.edu\/colegio\/wp-content\/uploads\/sites\/2\/2023\/02\/IMG-20230211-WA0043.jpg","datePublished":"2023-02-11T22:00:51+00:00","dateModified":"2023-02-11T22:02:22+00:00","author":{"@id":"https:\/\/valenciasjb.salesianos.edu\/colegio\/#\/schema\/person\/1f45b67e52b27da175190a574db6bed9"},"breadcrumb":{"@id":"https:\/\/valenciasjb.salesianos.edu\/colegio\/la-matebosco-vuelve-con-fuerza-bajo-el-lema-pensar-es-divertido\/#breadcrumb"},"inLanguage":"es","potentialAction":[{"@type":"ReadAction","target":["https:\/\/valenciasjb.salesianos.edu\/colegio\/la-matebosco-vuelve-con-fuerza-bajo-el-lema-pensar-es-divertido\/"]}]},{"@type":"ImageObject","inLanguage":"es","@id":"https:\/\/valenciasjb.salesianos.edu\/colegio\/la-matebosco-vuelve-con-fuerza-bajo-el-lema-pensar-es-divertido\/#primaryimage","url":"https:\/\/valenciasjb.salesianos.edu\/colegio\/wp-content\/uploads\/sites\/2\/2023\/02\/IMG-20230211-WA0043.jpg","contentUrl":"https:\/\/valenciasjb.salesianos.edu\/colegio\/wp-content\/uploads\/sites\/2\/2023\/02\/IMG-20230211-WA0043.jpg","width":1024,"height":768},{"@type":"BreadcrumbList","@id":"https:\/\/valenciasjb.salesianos.edu\/colegio\/la-matebosco-vuelve-con-fuerza-bajo-el-lema-pensar-es-divertido\/#breadcrumb","itemListElement":[{"@type":"ListItem","position":1,"name":"Portada","item":"https:\/\/valenciasjb.salesianos.edu\/colegio\/"},{"@type":"ListItem","position":2,"name":"La Matebosco vuelve con fuerza bajo el lema: \u00abpensar es divertido\u00bb"}]},{"@type":"WebSite","@id":"https:\/\/valenciasjb.salesianos.edu\/colegio\/#website","url":"https:\/\/valenciasjb.salesianos.edu\/colegio\/","name":"Colegio San Juan Bosco Valencia","description":"P\u00e1gina oficial del Colegio Salesianos San Juan Bosco Valencia","alternateName":"Salesianos.VSJB","potentialAction":[{"@type":"SearchAction","target":{"@type":"EntryPoint","urlTemplate":"https:\/\/valenciasjb.salesianos.edu\/colegio\/?s={search_term_string}"},"query-input":{"@type":"PropertyValueSpecification","valueRequired":true,"valueName":"search_term_string"}}],"inLanguage":"es"},{"@type":"Person","@id":"https:\/\/valenciasjb.salesianos.edu\/colegio\/#\/schema\/person\/1f45b67e52b27da175190a574db6bed9","name":"veronicapastor","image":{"@type":"ImageObject","inLanguage":"es","@id":"https:\/\/secure.gravatar.com\/avatar\/e29bd40bace3fd935e1d6fdb7313ffc14628cc037c5e16f4c7369b20a2a6f7f0?s=96&d=mm&r=g","url":"https:\/\/secure.gravatar.com\/avatar\/e29bd40bace3fd935e1d6fdb7313ffc14628cc037c5e16f4c7369b20a2a6f7f0?s=96&d=mm&r=g","contentUrl":"https:\/\/secure.gravatar.com\/avatar\/e29bd40bace3fd935e1d6fdb7313ffc14628cc037c5e16f4c7369b20a2a6f7f0?s=96&d=mm&r=g","caption":"veronicapastor"}}]}},"_links":{"self":[{"href":"https:\/\/valenciasjb.salesianos.edu\/colegio\/wp-json\/wp\/v2\/posts\/18796","targetHints":{"allow":["GET"]}}],"collection":[{"href":"https:\/\/valenciasjb.salesianos.edu\/colegio\/wp-json\/wp\/v2\/posts"}],"about":[{"href":"https:\/\/valenciasjb.salesianos.edu\/colegio\/wp-json\/wp\/v2\/types\/post"}],"author":[{"embeddable":true,"href":"https:\/\/valenciasjb.salesianos.edu\/colegio\/wp-json\/wp\/v2\/users\/6"}],"replies":[{"embeddable":true,"href":"https:\/\/valenciasjb.salesianos.edu\/colegio\/wp-json\/wp\/v2\/comments?post=18796"}],"version-history":[{"count":5,"href":"https:\/\/valenciasjb.salesianos.edu\/colegio\/wp-json\/wp\/v2\/posts\/18796\/revisions"}],"predecessor-version":[{"id":18892,"href":"https:\/\/valenciasjb.salesianos.edu\/colegio\/wp-json\/wp\/v2\/posts\/18796\/revisions\/18892"}],"wp:featuredmedia":[{"embeddable":true,"href":"https:\/\/valenciasjb.salesianos.edu\/colegio\/wp-json\/wp\/v2\/media\/18850"}],"wp:attachment":[{"href":"https:\/\/valenciasjb.salesianos.edu\/colegio\/wp-json\/wp\/v2\/media?parent=18796"}],"wp:term":[{"taxonomy":"category","embeddable":true,"href":"https:\/\/valenciasjb.salesianos.edu\/colegio\/wp-json\/wp\/v2\/categories?post=18796"},{"taxonomy":"post_tag","embeddable":true,"href":"https:\/\/valenciasjb.salesianos.edu\/colegio\/wp-json\/wp\/v2\/tags?post=18796"}],"curies":[{"name":"wp","href":"https:\/\/api.w.org\/{rel}","templated":true}]}}