{"id":18952,"date":"2023-03-08T17:57:15","date_gmt":"2023-03-08T16:57:15","guid":{"rendered":"https:\/\/valenciasjb.salesianos.edu\/colegio\/?p=18952"},"modified":"2023-03-08T17:58:33","modified_gmt":"2023-03-08T16:58:33","slug":"el-colegio-acoge-a-dos-centros-de-la-comunidad-valenciana-para-mostrarles-el-proyecto-global-de-centro-somriu-dentro-del-programa-imou-te-de-la-conselleria-deducacio","status":"publish","type":"post","link":"https:\/\/valenciasjb.salesianos.edu\/colegio\/el-colegio-acoge-a-dos-centros-de-la-comunidad-valenciana-para-mostrarles-el-proyecto-global-de-centro-somriu-dentro-del-programa-imou-te-de-la-conselleria-deducacio\/","title":{"rendered":"El colegio acoge a dos centros de la Comunidad Valenciana para mostrarles el proyecto global de centro SomRiu, dentro del programa iMou-te de la Conselleria d&#8217;Educaci\u00f3"},"content":{"rendered":"<div id=\"fb-root\"><\/div>\n<p>[et_pb_section fb_built=\u00bb1&#8243; admin_label=\u00bbsection\u00bb _builder_version=\u00bb4.16&#8243; global_colors_info=\u00bb{}\u00bb][et_pb_row admin_label=\u00bbrow\u00bb _builder_version=\u00bb4.16&#8243; background_size=\u00bbinitial\u00bb background_position=\u00bbtop_left\u00bb background_repeat=\u00bbrepeat\u00bb global_colors_info=\u00bb{}\u00bb][et_pb_column type=\u00bb4_4&#8243; _builder_version=\u00bb4.16&#8243; custom_padding=\u00bb|||\u00bb global_colors_info=\u00bb{}\u00bb custom_padding__hover=\u00bb|||\u00bb][et_pb_text admin_label=\u00bbEntradilla (Texto)\u00bb _builder_version=\u00bb4.20.0&#8243; text_font=\u00bb|on|||\u00bb text_orientation=\u00bbjustified\u00bb module_alignment=\u00bbjustified\u00bb global_colors_info=\u00bb{}\u00bb]<\/p>\n<div id=\"resumen\"><strong>Finalizada la experiencia \u201ciMou-te\u201d promovida por la Conselleria de Educaci\u00f3n y en la que nuestro colegio forma parte como centro anfitri\u00f3n para acoger a docentes de otros colegios interesados en nuestro proyecto global de centro \u201cSomRiu, una experiencia de educaci\u00f3n emocional y meditaci\u00f3n\u201d, compartimos con vosotros el \u00e9xito de la experiencia compartida con el CEIP Tom\u00e0s Albert (Albuixech) y el CEIP Pintor Andreu (Alzira).<\/strong><\/div>\n<div>\u00a0<\/div>\n<p>[\/et_pb_text][et_pb_text admin_label=\u00bbAutor (Texto)\u00bb _builder_version=\u00bb4.20.0&#8243; text_font=\u00bb||on||\u00bb global_colors_info=\u00bb{}\u00bb]<\/p>\n<p>Iv\u00e1n Esteban.<\/p>\n<p>[\/et_pb_text][et_pb_text admin_label=\u00bbDesarrollo (Texto)\u00bb _builder_version=\u00bb4.20.0&#8243; text_orientation=\u00bbjustified\u00bb module_alignment=\u00bbjustified\u00bb global_colors_info=\u00bb{}\u00bb]<\/p>\n<p>Las siete educadoras (maestras, orientadora y jefa de estudios) participaron de una jornada, donde los coordinadores de este proyecto, Iv\u00e1n Esteban y Mireia Fuster, les dieron a conocer nuestro programa implantado en todas las etapas. Pudieron participar en una sesi\u00f3n de formaci\u00f3n con otros docentes de nuestro colegio, as\u00ed como ver en directo una sesi\u00f3n pr\u00e1ctica en Primaria, hablar con distintos agentes educativos responsables y recibir una transmisi\u00f3n de conocimientos, experiencias y materiales diversos.<\/p>\n<p>Han valorado muy positivamente la labor que estamos realizando en el colegio, as\u00ed como la generosidad mostrada y la acogida afectuosa y atenta. Todo ello sirve como impulso para poder integrar en sus centros educativos un programa semejante al nuestro.<\/p>\n<p>[\/et_pb_text][et_pb_text disabled_on=\u00bboff|on|on\u00bb admin_label=\u00bbT\u00edtulo: Galer\u00eda de fotos (Texto)\u00bb _builder_version=\u00bb4.18.0&#8243; text_font=\u00bb|on|||\u00bb text_text_color=\u00bb#dc001b\u00bb border_style=\u00bbsolid\u00bb global_colors_info=\u00bb{}\u00bb]<\/p>\n<p>Galer\u00eda de im\u00e1genes<\/p>\n<p>[\/et_pb_text][et_pb_gallery gallery_ids=\u00bb18959,18958,18957,18956,18955&#8243; posts_number=\u00bb8&#8243; show_title_and_caption=\u00bboff\u00bb zoom_icon_color=\u00bb#dc001b\u00bb hover_icon=\u00bb&#x54;||divi||400&#8243; disabled_on=\u00bboff|off|off\u00bb _builder_version=\u00bb4.20.0&#8243; pagination_font_size_tablet=\u00bb51&#8243; pagination_line_height_tablet=\u00bb2&#8243; global_colors_info=\u00bb{}\u00bb][\/et_pb_gallery][et_pb_video disabled_on=\u00bbon|on|on\u00bb _builder_version=\u00bb4.16&#8243; disabled=\u00bbon\u00bb global_colors_info=\u00bb{}\u00bb][\/et_pb_video][\/et_pb_column][\/et_pb_row][\/et_pb_section]<\/p>\n<!-- AddThis Advanced Settings generic via filter on the_content --><!-- AddThis Share Buttons generic via filter on the_content -->","protected":false},"excerpt":{"rendered":"<p>Finalizada la experiencia \u201ciMou-te\u201d promovida por la Conselleria de Educaci\u00f3n y en la que nuestro colegio forma parte como centro anfitri\u00f3n para acoger a docentes de otros colegios interesados en nuestro proyecto global de centro \u201cSomRiu, una experiencia de educaci\u00f3n emocional y meditaci\u00f3n\u201d, compartimos con vosotros el \u00e9xito de la experiencia compartida con el CEIP [&hellip;]<\/p>\n<p><!-- AddThis Advanced Settings generic via filter on get_the_excerpt --><!-- AddThis Share Buttons generic via filter on get_the_excerpt --><\/p>\n","protected":false},"author":6,"featured_media":18959,"comment_status":"closed","ping_status":"open","sticky":false,"template":"","format":"standard","meta":{"_et_pb_use_builder":"on","_et_pb_old_content":"","_et_gb_content_width":"","footnotes":""},"categories":[14],"tags":[],"class_list":["post-18952","post","type-post","status-publish","format-standard","has-post-thumbnail","hentry","category-noticia_colegio"],"yoast_head":"<!-- This site is optimized with the Yoast SEO plugin v28.4 - https:\/\/yoast.com\/product\/yoast-seo-wordpress\/ -->\n<title>El colegio acoge a dos centros de la Comunidad Valenciana para mostrarles el proyecto global de centro SomRiu, dentro del programa iMou-te de la Conselleria d&#039;Educaci\u00f3 - Colegio San Juan Bosco Valencia<\/title>\n<meta name=\"robots\" content=\"index, follow, max-snippet:-1, max-image-preview:large, max-video-preview:-1\" \/>\n<link rel=\"canonical\" href=\"https:\/\/valenciasjb.salesianos.edu\/colegio\/el-colegio-acoge-a-dos-centros-de-la-comunidad-valenciana-para-mostrarles-el-proyecto-global-de-centro-somriu-dentro-del-programa-imou-te-de-la-conselleria-deducacio\/\" \/>\n<meta property=\"og:locale\" content=\"es_ES\" \/>\n<meta property=\"og:type\" content=\"article\" \/>\n<meta property=\"og:title\" content=\"El colegio acoge a dos centros de la Comunidad Valenciana para mostrarles el proyecto global de centro SomRiu, dentro del programa iMou-te de la Conselleria d&#039;Educaci\u00f3 - Colegio San Juan Bosco Valencia\" \/>\n<meta property=\"og:description\" content=\"Finalizada la experiencia \u201ciMou-te\u201d promovida por la Conselleria de Educaci\u00f3n y en la que nuestro colegio forma parte como centro anfitri\u00f3n para acoger a docentes de otros colegios interesados en nuestro proyecto global de centro \u201cSomRiu, una experiencia de educaci\u00f3n emocional y meditaci\u00f3n\u201d, compartimos con vosotros el \u00e9xito de la experiencia compartida con el CEIP [&hellip;]\" \/>\n<meta property=\"og:url\" content=\"https:\/\/valenciasjb.salesianos.edu\/colegio\/el-colegio-acoge-a-dos-centros-de-la-comunidad-valenciana-para-mostrarles-el-proyecto-global-de-centro-somriu-dentro-del-programa-imou-te-de-la-conselleria-deducacio\/\" \/>\n<meta property=\"og:site_name\" content=\"Colegio San Juan Bosco Valencia\" \/>\n<meta property=\"article:publisher\" content=\"https:\/\/www.facebook.com\/ColegioSalesianoSanJuanBoscoValencia\" \/>\n<meta property=\"article:published_time\" content=\"2023-03-08T16:57:15+00:00\" \/>\n<meta property=\"article:modified_time\" content=\"2023-03-08T16:58:33+00:00\" \/>\n<meta property=\"og:image\" content=\"https:\/\/valenciasjb.salesianos.edu\/colegio\/wp-content\/uploads\/sites\/2\/2023\/03\/IMG_20230308_083736-min-scaled.jpg\" \/>\n\t<meta property=\"og:image:width\" content=\"2560\" \/>\n\t<meta property=\"og:image:height\" content=\"1922\" \/>\n\t<meta property=\"og:image:type\" content=\"image\/jpeg\" \/>\n<meta name=\"author\" content=\"veronicapastor\" \/>\n<meta name=\"twitter:card\" content=\"summary_large_image\" \/>\n<meta name=\"twitter:creator\" content=\"@SalesianosVSJB\" \/>\n<meta name=\"twitter:site\" content=\"@SalesianosVSJB\" \/>\n<meta name=\"twitter:label1\" content=\"Escrito por\" \/>\n\t<meta name=\"twitter:data1\" content=\"veronicapastor\" \/>\n\t<meta name=\"twitter:label2\" content=\"Tiempo de lectura\" \/>\n\t<meta name=\"twitter:data2\" content=\"2 minutos\" \/>\n<script type=\"application\/ld+json\" class=\"yoast-schema-graph\">{\"@context\":\"https:\\\/\\\/schema.org\",\"@graph\":[{\"@type\":\"Article\",\"@id\":\"https:\\\/\\\/valenciasjb.salesianos.edu\\\/colegio\\\/el-colegio-acoge-a-dos-centros-de-la-comunidad-valenciana-para-mostrarles-el-proyecto-global-de-centro-somriu-dentro-del-programa-imou-te-de-la-conselleria-deducacio\\\/#article\",\"isPartOf\":{\"@id\":\"https:\\\/\\\/valenciasjb.salesianos.edu\\\/colegio\\\/el-colegio-acoge-a-dos-centros-de-la-comunidad-valenciana-para-mostrarles-el-proyecto-global-de-centro-somriu-dentro-del-programa-imou-te-de-la-conselleria-deducacio\\\/\"},\"author\":{\"name\":\"veronicapastor\",\"@id\":\"https:\\\/\\\/valenciasjb.salesianos.edu\\\/colegio\\\/#\\\/schema\\\/person\\\/1f45b67e52b27da175190a574db6bed9\"},\"headline\":\"El colegio acoge a dos centros de la Comunidad Valenciana para mostrarles el proyecto global de centro SomRiu, dentro del programa iMou-te de la Conselleria d&#8217;Educaci\u00f3\",\"datePublished\":\"2023-03-08T16:57:15+00:00\",\"dateModified\":\"2023-03-08T16:58:33+00:00\",\"mainEntityOfPage\":{\"@id\":\"https:\\\/\\\/valenciasjb.salesianos.edu\\\/colegio\\\/el-colegio-acoge-a-dos-centros-de-la-comunidad-valenciana-para-mostrarles-el-proyecto-global-de-centro-somriu-dentro-del-programa-imou-te-de-la-conselleria-deducacio\\\/\"},\"wordCount\":440,\"image\":{\"@id\":\"https:\\\/\\\/valenciasjb.salesianos.edu\\\/colegio\\\/el-colegio-acoge-a-dos-centros-de-la-comunidad-valenciana-para-mostrarles-el-proyecto-global-de-centro-somriu-dentro-del-programa-imou-te-de-la-conselleria-deducacio\\\/#primaryimage\"},\"thumbnailUrl\":\"https:\\\/\\\/valenciasjb.salesianos.edu\\\/colegio\\\/wp-content\\\/uploads\\\/sites\\\/2\\\/2023\\\/03\\\/IMG_20230308_083736-min-scaled.jpg\",\"articleSection\":[\"Noticia Colegio\"],\"inLanguage\":\"es\"},{\"@type\":\"WebPage\",\"@id\":\"https:\\\/\\\/valenciasjb.salesianos.edu\\\/colegio\\\/el-colegio-acoge-a-dos-centros-de-la-comunidad-valenciana-para-mostrarles-el-proyecto-global-de-centro-somriu-dentro-del-programa-imou-te-de-la-conselleria-deducacio\\\/\",\"url\":\"https:\\\/\\\/valenciasjb.salesianos.edu\\\/colegio\\\/el-colegio-acoge-a-dos-centros-de-la-comunidad-valenciana-para-mostrarles-el-proyecto-global-de-centro-somriu-dentro-del-programa-imou-te-de-la-conselleria-deducacio\\\/\",\"name\":\"El colegio acoge a dos centros de la Comunidad Valenciana para mostrarles el proyecto global de centro SomRiu, dentro del programa iMou-te de la Conselleria d'Educaci\u00f3 - Colegio San Juan Bosco Valencia\",\"isPartOf\":{\"@id\":\"https:\\\/\\\/valenciasjb.salesianos.edu\\\/colegio\\\/#website\"},\"primaryImageOfPage\":{\"@id\":\"https:\\\/\\\/valenciasjb.salesianos.edu\\\/colegio\\\/el-colegio-acoge-a-dos-centros-de-la-comunidad-valenciana-para-mostrarles-el-proyecto-global-de-centro-somriu-dentro-del-programa-imou-te-de-la-conselleria-deducacio\\\/#primaryimage\"},\"image\":{\"@id\":\"https:\\\/\\\/valenciasjb.salesianos.edu\\\/colegio\\\/el-colegio-acoge-a-dos-centros-de-la-comunidad-valenciana-para-mostrarles-el-proyecto-global-de-centro-somriu-dentro-del-programa-imou-te-de-la-conselleria-deducacio\\\/#primaryimage\"},\"thumbnailUrl\":\"https:\\\/\\\/valenciasjb.salesianos.edu\\\/colegio\\\/wp-content\\\/uploads\\\/sites\\\/2\\\/2023\\\/03\\\/IMG_20230308_083736-min-scaled.jpg\",\"datePublished\":\"2023-03-08T16:57:15+00:00\",\"dateModified\":\"2023-03-08T16:58:33+00:00\",\"author\":{\"@id\":\"https:\\\/\\\/valenciasjb.salesianos.edu\\\/colegio\\\/#\\\/schema\\\/person\\\/1f45b67e52b27da175190a574db6bed9\"},\"breadcrumb\":{\"@id\":\"https:\\\/\\\/valenciasjb.salesianos.edu\\\/colegio\\\/el-colegio-acoge-a-dos-centros-de-la-comunidad-valenciana-para-mostrarles-el-proyecto-global-de-centro-somriu-dentro-del-programa-imou-te-de-la-conselleria-deducacio\\\/#breadcrumb\"},\"inLanguage\":\"es\",\"potentialAction\":[{\"@type\":\"ReadAction\",\"target\":[\"https:\\\/\\\/valenciasjb.salesianos.edu\\\/colegio\\\/el-colegio-acoge-a-dos-centros-de-la-comunidad-valenciana-para-mostrarles-el-proyecto-global-de-centro-somriu-dentro-del-programa-imou-te-de-la-conselleria-deducacio\\\/\"]}]},{\"@type\":\"ImageObject\",\"inLanguage\":\"es\",\"@id\":\"https:\\\/\\\/valenciasjb.salesianos.edu\\\/colegio\\\/el-colegio-acoge-a-dos-centros-de-la-comunidad-valenciana-para-mostrarles-el-proyecto-global-de-centro-somriu-dentro-del-programa-imou-te-de-la-conselleria-deducacio\\\/#primaryimage\",\"url\":\"https:\\\/\\\/valenciasjb.salesianos.edu\\\/colegio\\\/wp-content\\\/uploads\\\/sites\\\/2\\\/2023\\\/03\\\/IMG_20230308_083736-min-scaled.jpg\",\"contentUrl\":\"https:\\\/\\\/valenciasjb.salesianos.edu\\\/colegio\\\/wp-content\\\/uploads\\\/sites\\\/2\\\/2023\\\/03\\\/IMG_20230308_083736-min-scaled.jpg\",\"width\":2560,\"height\":1922},{\"@type\":\"BreadcrumbList\",\"@id\":\"https:\\\/\\\/valenciasjb.salesianos.edu\\\/colegio\\\/el-colegio-acoge-a-dos-centros-de-la-comunidad-valenciana-para-mostrarles-el-proyecto-global-de-centro-somriu-dentro-del-programa-imou-te-de-la-conselleria-deducacio\\\/#breadcrumb\",\"itemListElement\":[{\"@type\":\"ListItem\",\"position\":1,\"name\":\"Portada\",\"item\":\"https:\\\/\\\/valenciasjb.salesianos.edu\\\/colegio\\\/\"},{\"@type\":\"ListItem\",\"position\":2,\"name\":\"El colegio acoge a dos centros de la Comunidad Valenciana para mostrarles el proyecto global de centro SomRiu, dentro del programa iMou-te de la Conselleria d&#8217;Educaci\u00f3\"}]},{\"@type\":\"WebSite\",\"@id\":\"https:\\\/\\\/valenciasjb.salesianos.edu\\\/colegio\\\/#website\",\"url\":\"https:\\\/\\\/valenciasjb.salesianos.edu\\\/colegio\\\/\",\"name\":\"Colegio San Juan Bosco Valencia\",\"description\":\"P\u00e1gina oficial del Colegio Salesianos San Juan Bosco Valencia\",\"alternateName\":\"Salesianos.VSJB\",\"potentialAction\":[{\"@type\":\"SearchAction\",\"target\":{\"@type\":\"EntryPoint\",\"urlTemplate\":\"https:\\\/\\\/valenciasjb.salesianos.edu\\\/colegio\\\/?s={search_term_string}\"},\"query-input\":{\"@type\":\"PropertyValueSpecification\",\"valueRequired\":true,\"valueName\":\"search_term_string\"}}],\"inLanguage\":\"es\"},{\"@type\":\"Person\",\"@id\":\"https:\\\/\\\/valenciasjb.salesianos.edu\\\/colegio\\\/#\\\/schema\\\/person\\\/1f45b67e52b27da175190a574db6bed9\",\"name\":\"veronicapastor\",\"image\":{\"@type\":\"ImageObject\",\"inLanguage\":\"es\",\"@id\":\"https:\\\/\\\/secure.gravatar.com\\\/avatar\\\/e29bd40bace3fd935e1d6fdb7313ffc14628cc037c5e16f4c7369b20a2a6f7f0?s=96&d=mm&r=g\",\"url\":\"https:\\\/\\\/secure.gravatar.com\\\/avatar\\\/e29bd40bace3fd935e1d6fdb7313ffc14628cc037c5e16f4c7369b20a2a6f7f0?s=96&d=mm&r=g\",\"contentUrl\":\"https:\\\/\\\/secure.gravatar.com\\\/avatar\\\/e29bd40bace3fd935e1d6fdb7313ffc14628cc037c5e16f4c7369b20a2a6f7f0?s=96&d=mm&r=g\",\"caption\":\"veronicapastor\"}}]}<\/script>\n<!-- \/ Yoast SEO plugin. -->","yoast_head_json":{"title":"El colegio acoge a dos centros de la Comunidad Valenciana para mostrarles el proyecto global de centro SomRiu, dentro del programa iMou-te de la Conselleria d'Educaci\u00f3 - Colegio San Juan Bosco Valencia","robots":{"index":"index","follow":"follow","max-snippet":"max-snippet:-1","max-image-preview":"max-image-preview:large","max-video-preview":"max-video-preview:-1"},"canonical":"https:\/\/valenciasjb.salesianos.edu\/colegio\/el-colegio-acoge-a-dos-centros-de-la-comunidad-valenciana-para-mostrarles-el-proyecto-global-de-centro-somriu-dentro-del-programa-imou-te-de-la-conselleria-deducacio\/","og_locale":"es_ES","og_type":"article","og_title":"El colegio acoge a dos centros de la Comunidad Valenciana para mostrarles el proyecto global de centro SomRiu, dentro del programa iMou-te de la Conselleria d'Educaci\u00f3 - Colegio San Juan Bosco Valencia","og_description":"Finalizada la experiencia \u201ciMou-te\u201d promovida por la Conselleria de Educaci\u00f3n y en la que nuestro colegio forma parte como centro anfitri\u00f3n para acoger a docentes de otros colegios interesados en nuestro proyecto global de centro \u201cSomRiu, una experiencia de educaci\u00f3n emocional y meditaci\u00f3n\u201d, compartimos con vosotros el \u00e9xito de la experiencia compartida con el CEIP [&hellip;]","og_url":"https:\/\/valenciasjb.salesianos.edu\/colegio\/el-colegio-acoge-a-dos-centros-de-la-comunidad-valenciana-para-mostrarles-el-proyecto-global-de-centro-somriu-dentro-del-programa-imou-te-de-la-conselleria-deducacio\/","og_site_name":"Colegio San Juan Bosco Valencia","article_publisher":"https:\/\/www.facebook.com\/ColegioSalesianoSanJuanBoscoValencia","article_published_time":"2023-03-08T16:57:15+00:00","article_modified_time":"2023-03-08T16:58:33+00:00","og_image":[{"width":2560,"height":1922,"url":"https:\/\/valenciasjb.salesianos.edu\/colegio\/wp-content\/uploads\/sites\/2\/2023\/03\/IMG_20230308_083736-min-scaled.jpg","type":"image\/jpeg"}],"author":"veronicapastor","twitter_card":"summary_large_image","twitter_creator":"@SalesianosVSJB","twitter_site":"@SalesianosVSJB","twitter_misc":{"Escrito por":"veronicapastor","Tiempo de lectura":"2 minutos"},"schema":{"@context":"https:\/\/schema.org","@graph":[{"@type":"Article","@id":"https:\/\/valenciasjb.salesianos.edu\/colegio\/el-colegio-acoge-a-dos-centros-de-la-comunidad-valenciana-para-mostrarles-el-proyecto-global-de-centro-somriu-dentro-del-programa-imou-te-de-la-conselleria-deducacio\/#article","isPartOf":{"@id":"https:\/\/valenciasjb.salesianos.edu\/colegio\/el-colegio-acoge-a-dos-centros-de-la-comunidad-valenciana-para-mostrarles-el-proyecto-global-de-centro-somriu-dentro-del-programa-imou-te-de-la-conselleria-deducacio\/"},"author":{"name":"veronicapastor","@id":"https:\/\/valenciasjb.salesianos.edu\/colegio\/#\/schema\/person\/1f45b67e52b27da175190a574db6bed9"},"headline":"El colegio acoge a dos centros de la Comunidad Valenciana para mostrarles el proyecto global de centro SomRiu, dentro del programa iMou-te de la Conselleria d&#8217;Educaci\u00f3","datePublished":"2023-03-08T16:57:15+00:00","dateModified":"2023-03-08T16:58:33+00:00","mainEntityOfPage":{"@id":"https:\/\/valenciasjb.salesianos.edu\/colegio\/el-colegio-acoge-a-dos-centros-de-la-comunidad-valenciana-para-mostrarles-el-proyecto-global-de-centro-somriu-dentro-del-programa-imou-te-de-la-conselleria-deducacio\/"},"wordCount":440,"image":{"@id":"https:\/\/valenciasjb.salesianos.edu\/colegio\/el-colegio-acoge-a-dos-centros-de-la-comunidad-valenciana-para-mostrarles-el-proyecto-global-de-centro-somriu-dentro-del-programa-imou-te-de-la-conselleria-deducacio\/#primaryimage"},"thumbnailUrl":"https:\/\/valenciasjb.salesianos.edu\/colegio\/wp-content\/uploads\/sites\/2\/2023\/03\/IMG_20230308_083736-min-scaled.jpg","articleSection":["Noticia Colegio"],"inLanguage":"es"},{"@type":"WebPage","@id":"https:\/\/valenciasjb.salesianos.edu\/colegio\/el-colegio-acoge-a-dos-centros-de-la-comunidad-valenciana-para-mostrarles-el-proyecto-global-de-centro-somriu-dentro-del-programa-imou-te-de-la-conselleria-deducacio\/","url":"https:\/\/valenciasjb.salesianos.edu\/colegio\/el-colegio-acoge-a-dos-centros-de-la-comunidad-valenciana-para-mostrarles-el-proyecto-global-de-centro-somriu-dentro-del-programa-imou-te-de-la-conselleria-deducacio\/","name":"El colegio acoge a dos centros de la Comunidad Valenciana para mostrarles el proyecto global de centro SomRiu, dentro del programa iMou-te de la Conselleria d'Educaci\u00f3 - Colegio San Juan Bosco Valencia","isPartOf":{"@id":"https:\/\/valenciasjb.salesianos.edu\/colegio\/#website"},"primaryImageOfPage":{"@id":"https:\/\/valenciasjb.salesianos.edu\/colegio\/el-colegio-acoge-a-dos-centros-de-la-comunidad-valenciana-para-mostrarles-el-proyecto-global-de-centro-somriu-dentro-del-programa-imou-te-de-la-conselleria-deducacio\/#primaryimage"},"image":{"@id":"https:\/\/valenciasjb.salesianos.edu\/colegio\/el-colegio-acoge-a-dos-centros-de-la-comunidad-valenciana-para-mostrarles-el-proyecto-global-de-centro-somriu-dentro-del-programa-imou-te-de-la-conselleria-deducacio\/#primaryimage"},"thumbnailUrl":"https:\/\/valenciasjb.salesianos.edu\/colegio\/wp-content\/uploads\/sites\/2\/2023\/03\/IMG_20230308_083736-min-scaled.jpg","datePublished":"2023-03-08T16:57:15+00:00","dateModified":"2023-03-08T16:58:33+00:00","author":{"@id":"https:\/\/valenciasjb.salesianos.edu\/colegio\/#\/schema\/person\/1f45b67e52b27da175190a574db6bed9"},"breadcrumb":{"@id":"https:\/\/valenciasjb.salesianos.edu\/colegio\/el-colegio-acoge-a-dos-centros-de-la-comunidad-valenciana-para-mostrarles-el-proyecto-global-de-centro-somriu-dentro-del-programa-imou-te-de-la-conselleria-deducacio\/#breadcrumb"},"inLanguage":"es","potentialAction":[{"@type":"ReadAction","target":["https:\/\/valenciasjb.salesianos.edu\/colegio\/el-colegio-acoge-a-dos-centros-de-la-comunidad-valenciana-para-mostrarles-el-proyecto-global-de-centro-somriu-dentro-del-programa-imou-te-de-la-conselleria-deducacio\/"]}]},{"@type":"ImageObject","inLanguage":"es","@id":"https:\/\/valenciasjb.salesianos.edu\/colegio\/el-colegio-acoge-a-dos-centros-de-la-comunidad-valenciana-para-mostrarles-el-proyecto-global-de-centro-somriu-dentro-del-programa-imou-te-de-la-conselleria-deducacio\/#primaryimage","url":"https:\/\/valenciasjb.salesianos.edu\/colegio\/wp-content\/uploads\/sites\/2\/2023\/03\/IMG_20230308_083736-min-scaled.jpg","contentUrl":"https:\/\/valenciasjb.salesianos.edu\/colegio\/wp-content\/uploads\/sites\/2\/2023\/03\/IMG_20230308_083736-min-scaled.jpg","width":2560,"height":1922},{"@type":"BreadcrumbList","@id":"https:\/\/valenciasjb.salesianos.edu\/colegio\/el-colegio-acoge-a-dos-centros-de-la-comunidad-valenciana-para-mostrarles-el-proyecto-global-de-centro-somriu-dentro-del-programa-imou-te-de-la-conselleria-deducacio\/#breadcrumb","itemListElement":[{"@type":"ListItem","position":1,"name":"Portada","item":"https:\/\/valenciasjb.salesianos.edu\/colegio\/"},{"@type":"ListItem","position":2,"name":"El colegio acoge a dos centros de la Comunidad Valenciana para mostrarles el proyecto global de centro SomRiu, dentro del programa iMou-te de la Conselleria d&#8217;Educaci\u00f3"}]},{"@type":"WebSite","@id":"https:\/\/valenciasjb.salesianos.edu\/colegio\/#website","url":"https:\/\/valenciasjb.salesianos.edu\/colegio\/","name":"Colegio San Juan Bosco Valencia","description":"P\u00e1gina oficial del Colegio Salesianos San Juan Bosco Valencia","alternateName":"Salesianos.VSJB","potentialAction":[{"@type":"SearchAction","target":{"@type":"EntryPoint","urlTemplate":"https:\/\/valenciasjb.salesianos.edu\/colegio\/?s={search_term_string}"},"query-input":{"@type":"PropertyValueSpecification","valueRequired":true,"valueName":"search_term_string"}}],"inLanguage":"es"},{"@type":"Person","@id":"https:\/\/valenciasjb.salesianos.edu\/colegio\/#\/schema\/person\/1f45b67e52b27da175190a574db6bed9","name":"veronicapastor","image":{"@type":"ImageObject","inLanguage":"es","@id":"https:\/\/secure.gravatar.com\/avatar\/e29bd40bace3fd935e1d6fdb7313ffc14628cc037c5e16f4c7369b20a2a6f7f0?s=96&d=mm&r=g","url":"https:\/\/secure.gravatar.com\/avatar\/e29bd40bace3fd935e1d6fdb7313ffc14628cc037c5e16f4c7369b20a2a6f7f0?s=96&d=mm&r=g","contentUrl":"https:\/\/secure.gravatar.com\/avatar\/e29bd40bace3fd935e1d6fdb7313ffc14628cc037c5e16f4c7369b20a2a6f7f0?s=96&d=mm&r=g","caption":"veronicapastor"}}]}},"_links":{"self":[{"href":"https:\/\/valenciasjb.salesianos.edu\/colegio\/wp-json\/wp\/v2\/posts\/18952","targetHints":{"allow":["GET"]}}],"collection":[{"href":"https:\/\/valenciasjb.salesianos.edu\/colegio\/wp-json\/wp\/v2\/posts"}],"about":[{"href":"https:\/\/valenciasjb.salesianos.edu\/colegio\/wp-json\/wp\/v2\/types\/post"}],"author":[{"embeddable":true,"href":"https:\/\/valenciasjb.salesianos.edu\/colegio\/wp-json\/wp\/v2\/users\/6"}],"replies":[{"embeddable":true,"href":"https:\/\/valenciasjb.salesianos.edu\/colegio\/wp-json\/wp\/v2\/comments?post=18952"}],"version-history":[{"count":5,"href":"https:\/\/valenciasjb.salesianos.edu\/colegio\/wp-json\/wp\/v2\/posts\/18952\/revisions"}],"predecessor-version":[{"id":18964,"href":"https:\/\/valenciasjb.salesianos.edu\/colegio\/wp-json\/wp\/v2\/posts\/18952\/revisions\/18964"}],"wp:featuredmedia":[{"embeddable":true,"href":"https:\/\/valenciasjb.salesianos.edu\/colegio\/wp-json\/wp\/v2\/media\/18959"}],"wp:attachment":[{"href":"https:\/\/valenciasjb.salesianos.edu\/colegio\/wp-json\/wp\/v2\/media?parent=18952"}],"wp:term":[{"taxonomy":"category","embeddable":true,"href":"https:\/\/valenciasjb.salesianos.edu\/colegio\/wp-json\/wp\/v2\/categories?post=18952"},{"taxonomy":"post_tag","embeddable":true,"href":"https:\/\/valenciasjb.salesianos.edu\/colegio\/wp-json\/wp\/v2\/tags?post=18952"}],"curies":[{"name":"wp","href":"https:\/\/api.w.org\/{rel}","templated":true}]}}