{"id":19145,"date":"2023-05-05T08:09:42","date_gmt":"2023-05-05T07:09:42","guid":{"rendered":"https:\/\/valenciasjb.salesianos.edu\/colegio\/?p=19145"},"modified":"2023-05-05T10:55:50","modified_gmt":"2023-05-05T09:55:50","slug":"el-alumnado-de-1o-de-bachillerato-participa-en-el-proyecto-micromon-con-excelentes-resultados","status":"publish","type":"post","link":"https:\/\/valenciasjb.salesianos.edu\/colegio\/el-alumnado-de-1o-de-bachillerato-participa-en-el-proyecto-micromon-con-excelentes-resultados\/","title":{"rendered":"El alumnado de 1\u00ba de Bachillerato participa en el proyecto Microm\u00f3n con excelentes resultados"},"content":{"rendered":"<div id=\"fb-root\"><\/div>\n<p>[et_pb_section fb_built=\u00bb1&#8243; admin_label=\u00bbsection\u00bb _builder_version=\u00bb4.16&#8243; global_colors_info=\u00bb{}\u00bb][et_pb_row admin_label=\u00bbrow\u00bb _builder_version=\u00bb4.16&#8243; background_size=\u00bbinitial\u00bb background_position=\u00bbtop_left\u00bb background_repeat=\u00bbrepeat\u00bb global_colors_info=\u00bb{}\u00bb][et_pb_column type=\u00bb4_4&#8243; _builder_version=\u00bb4.16&#8243; custom_padding=\u00bb|||\u00bb global_colors_info=\u00bb{}\u00bb custom_padding__hover=\u00bb|||\u00bb][et_pb_text admin_label=\u00bbEntradilla (Texto)\u00bb _builder_version=\u00bb4.21.0&#8243; text_font=\u00bb|on|||\u00bb text_orientation=\u00bbjustified\u00bb module_alignment=\u00bbjustified\u00bb global_colors_info=\u00bb{}\u00bb]<\/p>\n<div id=\"resumen\"><b>El proyecto Microm\u00f3n surge del programa Small Word Initiative, iniciativa que se concibi\u00f3 en la Universidad de Yale (EEUU) en 2012 como una estrategia para fomentar la vocaci\u00f3n por la investigaci\u00f3n cient\u00edfica de los j\u00f3venes y trata un problema mundial de salud como es la necesidad urgente de encontrar nuevos antibi\u00f3ticos eficaces contra las enfermedades infecciosas.<\/b><\/div>\n<div>\u00a0<\/div>\n<p>[\/et_pb_text][et_pb_text admin_label=\u00bbAutor (Texto)\u00bb _builder_version=\u00bb4.21.0&#8243; text_font=\u00bb||on||\u00bb global_colors_info=\u00bb{}\u00bb]<\/p>\n<p>Carlos Ramos.<\/p>\n<p>[\/et_pb_text][et_pb_text admin_label=\u00bbDesarrollo (Texto)\u00bb _builder_version=\u00bb4.21.0&#8243; text_orientation=\u00bbjustified\u00bb module_alignment=\u00bbjustified\u00bb global_colors_info=\u00bb{}\u00bb]<\/p>\n<p dir=\"ltr\">Tal fue el \u00e9xito que se expandi\u00f3 en los siguientes a\u00f1os por numerosos pa\u00edses, incluyendo Espa\u00f1a, donde empez\u00f3 a desarrollarse en 2017 por medio de la red Micromundo@Spain, constituida por 30 universidades, entre ellas la Universitat de Val\u00e8ncia.<\/p>\n<p dir=\"ltr\">A lo largo de cinco sesiones de laboratorio los alumnos estuvieron diluyendo muestras de tierra, aislando y analizando diferentes colonias bacterianas con el fin de la b\u00fasqueda de nuevos antibi\u00f3ticos para hacer frente a la superbacterias.<\/p>\n<p dir=\"ltr\">El jueves 4 de mayo tuvo lugar la jornada de clausura del proyecto Microm\u00f3n que han desarrollado, entre otros, los alumnos de nuestro centro de 1\u00ba bachillerato de la asignatura de biolog\u00eda.<\/p>\n<p dir=\"ltr\">Felicitar a nuestros alumnos pues se les ha otorgado el segundo premio en la categor\u00eda de video divulgador de la problem\u00e1tica ante la resistencia microbiana a los antibi\u00f3ticos.<\/p>\n<p dir=\"ltr\">Como actividad complementaria a esta jornada de clausura tuvieron la oportunidad de visitar el observatorio astron\u00f3mico del Campus de Burjassot.<\/p>\n<p dir=\"ltr\">Para m\u00e1s informaci\u00f3n de la jornada de clausura es posible visitar el siguiente enlace.<\/p>\n<div><a href=\"https:\/\/www.uv.es\/uvweb\/farmacia\/es\/noticias\/universitat-clausura-micromon-tiny-earth-small-world-initiative-proyecto-divulgacion-biomedica-alumnado-secundaria-1285923226001\/Novetat.html?id=1286258630153\" target=\"_blank\" rel=\"noopener\" data-saferedirecturl=\"https:\/\/www.google.com\/url?q=https:\/\/www.uv.es\/uvweb\/farmacia\/es\/noticias\/universitat-clausura-micromon-tiny-earth-small-world-initiative-proyecto-divulgacion-biomedica-alumnado-secundaria-1285923226001\/Novetat.html?id%3D1286258630153&amp;source=gmail&amp;ust=1683352855809000&amp;usg=AOvVaw2xHExOOmSE80oYo--hjdUZ\">https:\/\/www.uv.es\/uvweb\/farmacia\/es\/noticias\/universitat-clausura-micromon-tiny-earth-small-world-initiative-proyecto-divulgacion-biomedica-alumnado-secundaria-1285923226001\/Novetat.html?id=1286258630153<\/a><\/div>\n<div class=\"yj6qo\">\u00a0<\/div>\n<div class=\"adL\">\u00a0<\/div>\n<p dir=\"ltr\">[\/et_pb_text][et_pb_text disabled_on=\u00bboff|on|on\u00bb admin_label=\u00bbT\u00edtulo: Galer\u00eda de fotos (Texto)\u00bb _builder_version=\u00bb4.18.0&#8243; text_font=\u00bb|on|||\u00bb text_text_color=\u00bb#dc001b\u00bb border_style=\u00bbsolid\u00bb global_colors_info=\u00bb{}\u00bb]<\/p>\n<p>Galer\u00eda de im\u00e1genes<\/p>\n<p>[\/et_pb_text][et_pb_gallery gallery_ids=\u00bb19149,19150,19151,19152,19153,19154,19155,19156,19157,19158,19159,19160,19161,19162,19163,19164,19165,19166,19167,19168,19169,19173&#8243; posts_number=\u00bb8&#8243; show_title_and_caption=\u00bboff\u00bb zoom_icon_color=\u00bb#dc001b\u00bb hover_icon=\u00bb&#x54;||divi||400&#8243; disabled_on=\u00bboff|off|off\u00bb _builder_version=\u00bb4.21.0&#8243; pagination_font_size_tablet=\u00bb51&#8243; pagination_line_height_tablet=\u00bb2&#8243; global_colors_info=\u00bb{}\u00bb][\/et_pb_gallery][et_pb_video src=\u00bbhttps:\/\/youtu.be\/7tFuhtSyqvE\u00bb disabled_on=\u00bboff|off|off\u00bb _builder_version=\u00bb4.21.0&#8243; global_colors_info=\u00bb{}\u00bb][\/et_pb_video][\/et_pb_column][\/et_pb_row][\/et_pb_section]<\/p>\n<!-- AddThis Advanced Settings generic via filter on the_content --><!-- AddThis Share Buttons generic via filter on the_content -->","protected":false},"excerpt":{"rendered":"<p>El proyecto Microm\u00f3n surge del programa Small Word Initiative, iniciativa que se concibi\u00f3 en la Universidad de Yale (EEUU) en 2012 como una estrategia para fomentar la vocaci\u00f3n por la investigaci\u00f3n cient\u00edfica de los j\u00f3venes y trata un problema mundial de salud como es la necesidad urgente de encontrar nuevos antibi\u00f3ticos eficaces contra las enfermedades [&hellip;]<\/p>\n<p><!-- AddThis Advanced Settings generic via filter on get_the_excerpt --><!-- AddThis Share Buttons generic via filter on get_the_excerpt --><\/p>\n","protected":false},"author":6,"featured_media":19166,"comment_status":"closed","ping_status":"open","sticky":false,"template":"","format":"standard","meta":{"_et_pb_use_builder":"on","_et_pb_old_content":"","_et_gb_content_width":"","footnotes":""},"categories":[14],"tags":[],"class_list":["post-19145","post","type-post","status-publish","format-standard","has-post-thumbnail","hentry","category-noticia_colegio"],"yoast_head":"<!-- This site is optimized with the Yoast SEO plugin v28.4 - https:\/\/yoast.com\/product\/yoast-seo-wordpress\/ -->\n<title>El alumnado de 1\u00ba de Bachillerato participa en el proyecto Microm\u00f3n con excelentes resultados - Colegio San Juan Bosco Valencia<\/title>\n<meta name=\"robots\" content=\"index, follow, max-snippet:-1, max-image-preview:large, max-video-preview:-1\" \/>\n<link rel=\"canonical\" href=\"https:\/\/valenciasjb.salesianos.edu\/colegio\/el-alumnado-de-1o-de-bachillerato-participa-en-el-proyecto-micromon-con-excelentes-resultados\/\" \/>\n<meta property=\"og:locale\" content=\"es_ES\" \/>\n<meta property=\"og:type\" content=\"article\" \/>\n<meta property=\"og:title\" content=\"El alumnado de 1\u00ba de Bachillerato participa en el proyecto Microm\u00f3n con excelentes resultados - Colegio San Juan Bosco Valencia\" \/>\n<meta property=\"og:description\" content=\"El proyecto Microm\u00f3n surge del programa Small Word Initiative, iniciativa que se concibi\u00f3 en la Universidad de Yale (EEUU) en 2012 como una estrategia para fomentar la vocaci\u00f3n por la investigaci\u00f3n cient\u00edfica de los j\u00f3venes y trata un problema mundial de salud como es la necesidad urgente de encontrar nuevos antibi\u00f3ticos eficaces contra las enfermedades [&hellip;]\" \/>\n<meta property=\"og:url\" content=\"https:\/\/valenciasjb.salesianos.edu\/colegio\/el-alumnado-de-1o-de-bachillerato-participa-en-el-proyecto-micromon-con-excelentes-resultados\/\" \/>\n<meta property=\"og:site_name\" content=\"Colegio San Juan Bosco Valencia\" \/>\n<meta property=\"article:publisher\" content=\"https:\/\/www.facebook.com\/ColegioSalesianoSanJuanBoscoValencia\" \/>\n<meta property=\"article:published_time\" content=\"2023-05-05T07:09:42+00:00\" \/>\n<meta property=\"article:modified_time\" content=\"2023-05-05T09:55:50+00:00\" \/>\n<meta property=\"og:image\" content=\"https:\/\/valenciasjb.salesianos.edu\/colegio\/wp-content\/uploads\/sites\/2\/2023\/05\/IMG_20230504_110235-01-scaled.jpeg\" \/>\n\t<meta property=\"og:image:width\" content=\"2560\" \/>\n\t<meta property=\"og:image:height\" content=\"1920\" \/>\n\t<meta property=\"og:image:type\" content=\"image\/jpeg\" \/>\n<meta name=\"author\" content=\"veronicapastor\" \/>\n<meta name=\"twitter:card\" content=\"summary_large_image\" \/>\n<meta name=\"twitter:creator\" content=\"@SalesianosVSJB\" \/>\n<meta name=\"twitter:site\" content=\"@SalesianosVSJB\" \/>\n<meta name=\"twitter:label1\" content=\"Escrito por\" \/>\n\t<meta name=\"twitter:data1\" content=\"veronicapastor\" \/>\n\t<meta name=\"twitter:label2\" content=\"Tiempo de lectura\" \/>\n\t<meta name=\"twitter:data2\" content=\"2 minutos\" \/>\n<script type=\"application\/ld+json\" class=\"yoast-schema-graph\">{\"@context\":\"https:\\\/\\\/schema.org\",\"@graph\":[{\"@type\":\"Article\",\"@id\":\"https:\\\/\\\/valenciasjb.salesianos.edu\\\/colegio\\\/el-alumnado-de-1o-de-bachillerato-participa-en-el-proyecto-micromon-con-excelentes-resultados\\\/#article\",\"isPartOf\":{\"@id\":\"https:\\\/\\\/valenciasjb.salesianos.edu\\\/colegio\\\/el-alumnado-de-1o-de-bachillerato-participa-en-el-proyecto-micromon-con-excelentes-resultados\\\/\"},\"author\":{\"name\":\"veronicapastor\",\"@id\":\"https:\\\/\\\/valenciasjb.salesianos.edu\\\/colegio\\\/#\\\/schema\\\/person\\\/1f45b67e52b27da175190a574db6bed9\"},\"headline\":\"El alumnado de 1\u00ba de Bachillerato participa en el proyecto Microm\u00f3n con excelentes resultados\",\"datePublished\":\"2023-05-05T07:09:42+00:00\",\"dateModified\":\"2023-05-05T09:55:50+00:00\",\"mainEntityOfPage\":{\"@id\":\"https:\\\/\\\/valenciasjb.salesianos.edu\\\/colegio\\\/el-alumnado-de-1o-de-bachillerato-participa-en-el-proyecto-micromon-con-excelentes-resultados\\\/\"},\"wordCount\":492,\"image\":{\"@id\":\"https:\\\/\\\/valenciasjb.salesianos.edu\\\/colegio\\\/el-alumnado-de-1o-de-bachillerato-participa-en-el-proyecto-micromon-con-excelentes-resultados\\\/#primaryimage\"},\"thumbnailUrl\":\"https:\\\/\\\/valenciasjb.salesianos.edu\\\/colegio\\\/wp-content\\\/uploads\\\/sites\\\/2\\\/2023\\\/05\\\/IMG_20230504_110235-01-scaled.jpeg\",\"articleSection\":[\"Noticia Colegio\"],\"inLanguage\":\"es\"},{\"@type\":\"WebPage\",\"@id\":\"https:\\\/\\\/valenciasjb.salesianos.edu\\\/colegio\\\/el-alumnado-de-1o-de-bachillerato-participa-en-el-proyecto-micromon-con-excelentes-resultados\\\/\",\"url\":\"https:\\\/\\\/valenciasjb.salesianos.edu\\\/colegio\\\/el-alumnado-de-1o-de-bachillerato-participa-en-el-proyecto-micromon-con-excelentes-resultados\\\/\",\"name\":\"El alumnado de 1\u00ba de Bachillerato participa en el proyecto Microm\u00f3n con excelentes resultados - Colegio San Juan Bosco Valencia\",\"isPartOf\":{\"@id\":\"https:\\\/\\\/valenciasjb.salesianos.edu\\\/colegio\\\/#website\"},\"primaryImageOfPage\":{\"@id\":\"https:\\\/\\\/valenciasjb.salesianos.edu\\\/colegio\\\/el-alumnado-de-1o-de-bachillerato-participa-en-el-proyecto-micromon-con-excelentes-resultados\\\/#primaryimage\"},\"image\":{\"@id\":\"https:\\\/\\\/valenciasjb.salesianos.edu\\\/colegio\\\/el-alumnado-de-1o-de-bachillerato-participa-en-el-proyecto-micromon-con-excelentes-resultados\\\/#primaryimage\"},\"thumbnailUrl\":\"https:\\\/\\\/valenciasjb.salesianos.edu\\\/colegio\\\/wp-content\\\/uploads\\\/sites\\\/2\\\/2023\\\/05\\\/IMG_20230504_110235-01-scaled.jpeg\",\"datePublished\":\"2023-05-05T07:09:42+00:00\",\"dateModified\":\"2023-05-05T09:55:50+00:00\",\"author\":{\"@id\":\"https:\\\/\\\/valenciasjb.salesianos.edu\\\/colegio\\\/#\\\/schema\\\/person\\\/1f45b67e52b27da175190a574db6bed9\"},\"breadcrumb\":{\"@id\":\"https:\\\/\\\/valenciasjb.salesianos.edu\\\/colegio\\\/el-alumnado-de-1o-de-bachillerato-participa-en-el-proyecto-micromon-con-excelentes-resultados\\\/#breadcrumb\"},\"inLanguage\":\"es\",\"potentialAction\":[{\"@type\":\"ReadAction\",\"target\":[\"https:\\\/\\\/valenciasjb.salesianos.edu\\\/colegio\\\/el-alumnado-de-1o-de-bachillerato-participa-en-el-proyecto-micromon-con-excelentes-resultados\\\/\"]}]},{\"@type\":\"ImageObject\",\"inLanguage\":\"es\",\"@id\":\"https:\\\/\\\/valenciasjb.salesianos.edu\\\/colegio\\\/el-alumnado-de-1o-de-bachillerato-participa-en-el-proyecto-micromon-con-excelentes-resultados\\\/#primaryimage\",\"url\":\"https:\\\/\\\/valenciasjb.salesianos.edu\\\/colegio\\\/wp-content\\\/uploads\\\/sites\\\/2\\\/2023\\\/05\\\/IMG_20230504_110235-01-scaled.jpeg\",\"contentUrl\":\"https:\\\/\\\/valenciasjb.salesianos.edu\\\/colegio\\\/wp-content\\\/uploads\\\/sites\\\/2\\\/2023\\\/05\\\/IMG_20230504_110235-01-scaled.jpeg\",\"width\":2560,\"height\":1920},{\"@type\":\"BreadcrumbList\",\"@id\":\"https:\\\/\\\/valenciasjb.salesianos.edu\\\/colegio\\\/el-alumnado-de-1o-de-bachillerato-participa-en-el-proyecto-micromon-con-excelentes-resultados\\\/#breadcrumb\",\"itemListElement\":[{\"@type\":\"ListItem\",\"position\":1,\"name\":\"Portada\",\"item\":\"https:\\\/\\\/valenciasjb.salesianos.edu\\\/colegio\\\/\"},{\"@type\":\"ListItem\",\"position\":2,\"name\":\"El alumnado de 1\u00ba de Bachillerato participa en el proyecto Microm\u00f3n con excelentes resultados\"}]},{\"@type\":\"WebSite\",\"@id\":\"https:\\\/\\\/valenciasjb.salesianos.edu\\\/colegio\\\/#website\",\"url\":\"https:\\\/\\\/valenciasjb.salesianos.edu\\\/colegio\\\/\",\"name\":\"Colegio San Juan Bosco Valencia\",\"description\":\"P\u00e1gina oficial del Colegio Salesianos San Juan Bosco Valencia\",\"alternateName\":\"Salesianos.VSJB\",\"potentialAction\":[{\"@type\":\"SearchAction\",\"target\":{\"@type\":\"EntryPoint\",\"urlTemplate\":\"https:\\\/\\\/valenciasjb.salesianos.edu\\\/colegio\\\/?s={search_term_string}\"},\"query-input\":{\"@type\":\"PropertyValueSpecification\",\"valueRequired\":true,\"valueName\":\"search_term_string\"}}],\"inLanguage\":\"es\"},{\"@type\":\"Person\",\"@id\":\"https:\\\/\\\/valenciasjb.salesianos.edu\\\/colegio\\\/#\\\/schema\\\/person\\\/1f45b67e52b27da175190a574db6bed9\",\"name\":\"veronicapastor\",\"image\":{\"@type\":\"ImageObject\",\"inLanguage\":\"es\",\"@id\":\"https:\\\/\\\/secure.gravatar.com\\\/avatar\\\/e29bd40bace3fd935e1d6fdb7313ffc14628cc037c5e16f4c7369b20a2a6f7f0?s=96&d=mm&r=g\",\"url\":\"https:\\\/\\\/secure.gravatar.com\\\/avatar\\\/e29bd40bace3fd935e1d6fdb7313ffc14628cc037c5e16f4c7369b20a2a6f7f0?s=96&d=mm&r=g\",\"contentUrl\":\"https:\\\/\\\/secure.gravatar.com\\\/avatar\\\/e29bd40bace3fd935e1d6fdb7313ffc14628cc037c5e16f4c7369b20a2a6f7f0?s=96&d=mm&r=g\",\"caption\":\"veronicapastor\"}}]}<\/script>\n<!-- \/ Yoast SEO plugin. -->","yoast_head_json":{"title":"El alumnado de 1\u00ba de Bachillerato participa en el proyecto Microm\u00f3n con excelentes resultados - Colegio San Juan Bosco Valencia","robots":{"index":"index","follow":"follow","max-snippet":"max-snippet:-1","max-image-preview":"max-image-preview:large","max-video-preview":"max-video-preview:-1"},"canonical":"https:\/\/valenciasjb.salesianos.edu\/colegio\/el-alumnado-de-1o-de-bachillerato-participa-en-el-proyecto-micromon-con-excelentes-resultados\/","og_locale":"es_ES","og_type":"article","og_title":"El alumnado de 1\u00ba de Bachillerato participa en el proyecto Microm\u00f3n con excelentes resultados - Colegio San Juan Bosco Valencia","og_description":"El proyecto Microm\u00f3n surge del programa Small Word Initiative, iniciativa que se concibi\u00f3 en la Universidad de Yale (EEUU) en 2012 como una estrategia para fomentar la vocaci\u00f3n por la investigaci\u00f3n cient\u00edfica de los j\u00f3venes y trata un problema mundial de salud como es la necesidad urgente de encontrar nuevos antibi\u00f3ticos eficaces contra las enfermedades [&hellip;]","og_url":"https:\/\/valenciasjb.salesianos.edu\/colegio\/el-alumnado-de-1o-de-bachillerato-participa-en-el-proyecto-micromon-con-excelentes-resultados\/","og_site_name":"Colegio San Juan Bosco Valencia","article_publisher":"https:\/\/www.facebook.com\/ColegioSalesianoSanJuanBoscoValencia","article_published_time":"2023-05-05T07:09:42+00:00","article_modified_time":"2023-05-05T09:55:50+00:00","og_image":[{"width":2560,"height":1920,"url":"https:\/\/valenciasjb.salesianos.edu\/colegio\/wp-content\/uploads\/sites\/2\/2023\/05\/IMG_20230504_110235-01-scaled.jpeg","type":"image\/jpeg"}],"author":"veronicapastor","twitter_card":"summary_large_image","twitter_creator":"@SalesianosVSJB","twitter_site":"@SalesianosVSJB","twitter_misc":{"Escrito por":"veronicapastor","Tiempo de lectura":"2 minutos"},"schema":{"@context":"https:\/\/schema.org","@graph":[{"@type":"Article","@id":"https:\/\/valenciasjb.salesianos.edu\/colegio\/el-alumnado-de-1o-de-bachillerato-participa-en-el-proyecto-micromon-con-excelentes-resultados\/#article","isPartOf":{"@id":"https:\/\/valenciasjb.salesianos.edu\/colegio\/el-alumnado-de-1o-de-bachillerato-participa-en-el-proyecto-micromon-con-excelentes-resultados\/"},"author":{"name":"veronicapastor","@id":"https:\/\/valenciasjb.salesianos.edu\/colegio\/#\/schema\/person\/1f45b67e52b27da175190a574db6bed9"},"headline":"El alumnado de 1\u00ba de Bachillerato participa en el proyecto Microm\u00f3n con excelentes resultados","datePublished":"2023-05-05T07:09:42+00:00","dateModified":"2023-05-05T09:55:50+00:00","mainEntityOfPage":{"@id":"https:\/\/valenciasjb.salesianos.edu\/colegio\/el-alumnado-de-1o-de-bachillerato-participa-en-el-proyecto-micromon-con-excelentes-resultados\/"},"wordCount":492,"image":{"@id":"https:\/\/valenciasjb.salesianos.edu\/colegio\/el-alumnado-de-1o-de-bachillerato-participa-en-el-proyecto-micromon-con-excelentes-resultados\/#primaryimage"},"thumbnailUrl":"https:\/\/valenciasjb.salesianos.edu\/colegio\/wp-content\/uploads\/sites\/2\/2023\/05\/IMG_20230504_110235-01-scaled.jpeg","articleSection":["Noticia Colegio"],"inLanguage":"es"},{"@type":"WebPage","@id":"https:\/\/valenciasjb.salesianos.edu\/colegio\/el-alumnado-de-1o-de-bachillerato-participa-en-el-proyecto-micromon-con-excelentes-resultados\/","url":"https:\/\/valenciasjb.salesianos.edu\/colegio\/el-alumnado-de-1o-de-bachillerato-participa-en-el-proyecto-micromon-con-excelentes-resultados\/","name":"El alumnado de 1\u00ba de Bachillerato participa en el proyecto Microm\u00f3n con excelentes resultados - Colegio San Juan Bosco Valencia","isPartOf":{"@id":"https:\/\/valenciasjb.salesianos.edu\/colegio\/#website"},"primaryImageOfPage":{"@id":"https:\/\/valenciasjb.salesianos.edu\/colegio\/el-alumnado-de-1o-de-bachillerato-participa-en-el-proyecto-micromon-con-excelentes-resultados\/#primaryimage"},"image":{"@id":"https:\/\/valenciasjb.salesianos.edu\/colegio\/el-alumnado-de-1o-de-bachillerato-participa-en-el-proyecto-micromon-con-excelentes-resultados\/#primaryimage"},"thumbnailUrl":"https:\/\/valenciasjb.salesianos.edu\/colegio\/wp-content\/uploads\/sites\/2\/2023\/05\/IMG_20230504_110235-01-scaled.jpeg","datePublished":"2023-05-05T07:09:42+00:00","dateModified":"2023-05-05T09:55:50+00:00","author":{"@id":"https:\/\/valenciasjb.salesianos.edu\/colegio\/#\/schema\/person\/1f45b67e52b27da175190a574db6bed9"},"breadcrumb":{"@id":"https:\/\/valenciasjb.salesianos.edu\/colegio\/el-alumnado-de-1o-de-bachillerato-participa-en-el-proyecto-micromon-con-excelentes-resultados\/#breadcrumb"},"inLanguage":"es","potentialAction":[{"@type":"ReadAction","target":["https:\/\/valenciasjb.salesianos.edu\/colegio\/el-alumnado-de-1o-de-bachillerato-participa-en-el-proyecto-micromon-con-excelentes-resultados\/"]}]},{"@type":"ImageObject","inLanguage":"es","@id":"https:\/\/valenciasjb.salesianos.edu\/colegio\/el-alumnado-de-1o-de-bachillerato-participa-en-el-proyecto-micromon-con-excelentes-resultados\/#primaryimage","url":"https:\/\/valenciasjb.salesianos.edu\/colegio\/wp-content\/uploads\/sites\/2\/2023\/05\/IMG_20230504_110235-01-scaled.jpeg","contentUrl":"https:\/\/valenciasjb.salesianos.edu\/colegio\/wp-content\/uploads\/sites\/2\/2023\/05\/IMG_20230504_110235-01-scaled.jpeg","width":2560,"height":1920},{"@type":"BreadcrumbList","@id":"https:\/\/valenciasjb.salesianos.edu\/colegio\/el-alumnado-de-1o-de-bachillerato-participa-en-el-proyecto-micromon-con-excelentes-resultados\/#breadcrumb","itemListElement":[{"@type":"ListItem","position":1,"name":"Portada","item":"https:\/\/valenciasjb.salesianos.edu\/colegio\/"},{"@type":"ListItem","position":2,"name":"El alumnado de 1\u00ba de Bachillerato participa en el proyecto Microm\u00f3n con excelentes resultados"}]},{"@type":"WebSite","@id":"https:\/\/valenciasjb.salesianos.edu\/colegio\/#website","url":"https:\/\/valenciasjb.salesianos.edu\/colegio\/","name":"Colegio San Juan Bosco Valencia","description":"P\u00e1gina oficial del Colegio Salesianos San Juan Bosco Valencia","alternateName":"Salesianos.VSJB","potentialAction":[{"@type":"SearchAction","target":{"@type":"EntryPoint","urlTemplate":"https:\/\/valenciasjb.salesianos.edu\/colegio\/?s={search_term_string}"},"query-input":{"@type":"PropertyValueSpecification","valueRequired":true,"valueName":"search_term_string"}}],"inLanguage":"es"},{"@type":"Person","@id":"https:\/\/valenciasjb.salesianos.edu\/colegio\/#\/schema\/person\/1f45b67e52b27da175190a574db6bed9","name":"veronicapastor","image":{"@type":"ImageObject","inLanguage":"es","@id":"https:\/\/secure.gravatar.com\/avatar\/e29bd40bace3fd935e1d6fdb7313ffc14628cc037c5e16f4c7369b20a2a6f7f0?s=96&d=mm&r=g","url":"https:\/\/secure.gravatar.com\/avatar\/e29bd40bace3fd935e1d6fdb7313ffc14628cc037c5e16f4c7369b20a2a6f7f0?s=96&d=mm&r=g","contentUrl":"https:\/\/secure.gravatar.com\/avatar\/e29bd40bace3fd935e1d6fdb7313ffc14628cc037c5e16f4c7369b20a2a6f7f0?s=96&d=mm&r=g","caption":"veronicapastor"}}]}},"_links":{"self":[{"href":"https:\/\/valenciasjb.salesianos.edu\/colegio\/wp-json\/wp\/v2\/posts\/19145","targetHints":{"allow":["GET"]}}],"collection":[{"href":"https:\/\/valenciasjb.salesianos.edu\/colegio\/wp-json\/wp\/v2\/posts"}],"about":[{"href":"https:\/\/valenciasjb.salesianos.edu\/colegio\/wp-json\/wp\/v2\/types\/post"}],"author":[{"embeddable":true,"href":"https:\/\/valenciasjb.salesianos.edu\/colegio\/wp-json\/wp\/v2\/users\/6"}],"replies":[{"embeddable":true,"href":"https:\/\/valenciasjb.salesianos.edu\/colegio\/wp-json\/wp\/v2\/comments?post=19145"}],"version-history":[{"count":6,"href":"https:\/\/valenciasjb.salesianos.edu\/colegio\/wp-json\/wp\/v2\/posts\/19145\/revisions"}],"predecessor-version":[{"id":19176,"href":"https:\/\/valenciasjb.salesianos.edu\/colegio\/wp-json\/wp\/v2\/posts\/19145\/revisions\/19176"}],"wp:featuredmedia":[{"embeddable":true,"href":"https:\/\/valenciasjb.salesianos.edu\/colegio\/wp-json\/wp\/v2\/media\/19166"}],"wp:attachment":[{"href":"https:\/\/valenciasjb.salesianos.edu\/colegio\/wp-json\/wp\/v2\/media?parent=19145"}],"wp:term":[{"taxonomy":"category","embeddable":true,"href":"https:\/\/valenciasjb.salesianos.edu\/colegio\/wp-json\/wp\/v2\/categories?post=19145"},{"taxonomy":"post_tag","embeddable":true,"href":"https:\/\/valenciasjb.salesianos.edu\/colegio\/wp-json\/wp\/v2\/tags?post=19145"}],"curies":[{"name":"wp","href":"https:\/\/api.w.org\/{rel}","templated":true}]}}