{"id":19237,"date":"2023-05-22T14:43:57","date_gmt":"2023-05-22T13:43:57","guid":{"rendered":"https:\/\/valenciasjb.salesianos.edu\/colegio\/?p=19237"},"modified":"2023-05-22T14:44:02","modified_gmt":"2023-05-22T13:44:02","slug":"una-maravillosa-fiesta-escolar-en-honor-a-maria-auxiliadora","status":"publish","type":"post","link":"https:\/\/valenciasjb.salesianos.edu\/colegio\/una-maravillosa-fiesta-escolar-en-honor-a-maria-auxiliadora\/","title":{"rendered":"Una maravillosa fiesta escolar en honor a Mar\u00eda Auxiliadora"},"content":{"rendered":"<div id=\"fb-root\"><\/div>\n<p>[et_pb_section fb_built=\u00bb1&#8243; admin_label=\u00bbsection\u00bb _builder_version=\u00bb4.16&#8243; global_colors_info=\u00bb{}\u00bb][et_pb_row admin_label=\u00bbrow\u00bb _builder_version=\u00bb4.16&#8243; background_size=\u00bbinitial\u00bb background_position=\u00bbtop_left\u00bb background_repeat=\u00bbrepeat\u00bb global_colors_info=\u00bb{}\u00bb][et_pb_column type=\u00bb4_4&#8243; _builder_version=\u00bb4.16&#8243; custom_padding=\u00bb|||\u00bb global_colors_info=\u00bb{}\u00bb custom_padding__hover=\u00bb|||\u00bb][et_pb_text admin_label=\u00bbEntradilla (Texto)\u00bb _builder_version=\u00bb4.21.0&#8243; text_font=\u00bb|on|||\u00bb text_orientation=\u00bbjustified\u00bb module_alignment=\u00bbjustified\u00bb hover_enabled=\u00bb0&#8243; global_colors_info=\u00bb{}\u00bb sticky_enabled=\u00bb0&#8243;]<\/p>\n<div id=\"resumen\"><strong>El viernes 19 de mayo tuvo lugar la fiesta colegial en honor a Mar\u00eda Auxiliadora. El d\u00eda comenz\u00f3 con un gesto emocionante en el que todas las etapas pudieron juntarse para hacerle su merecido homenaje y las familias tambi\u00e9n pudieron unirse a este acto tan especial para la comunidad salesiana. \u00a0<\/strong><\/div>\n<div>\u00a0<\/div>\n<p>[\/et_pb_text][et_pb_text admin_label=\u00bbAutor (Texto)\u00bb _builder_version=\u00bb4.21.0&#8243; text_font=\u00bb||on||\u00bb global_colors_info=\u00bb{}\u00bb]<\/p>\n<p>Redacci\u00f3n.<\/p>\n<p>[\/et_pb_text][et_pb_text admin_label=\u00bbDesarrollo (Texto)\u00bb _builder_version=\u00bb4.21.0&#8243; text_orientation=\u00bbjustified\u00bb module_alignment=\u00bbjustified\u00bb global_colors_info=\u00bb{}\u00bb]<\/p>\n<p>El d\u00eda comenz\u00f3 con un buenos d\u00edas conjunto en el patio que dio paso a la tradicional ofrenda a nuestra virgen al son de la impresionante batucada formada por alumnos y profesores que llevaban ensayando durante semanas. Desde los m\u00e1s peque\u00f1os a los m\u00e1s mayores del colegio fueron ofreciendo a la virgen preciosas flores que poco a poco fueron decorando su manto. Adem\u00e1s, Ampas, el claustro, el personal de administraci\u00f3n y servicios y los antiguos alumnos tambi\u00e9n ofrecieron centros florales a Mar\u00eda. Hubo momentos muy especiales, como la representaci\u00f3n del sue\u00f1o de Don Bosco y tambi\u00e9n ofrendas de las diferentes etapas, poes\u00eda a Mar\u00eda recitada por los m\u00e1s peque\u00f1os del cole y baile conjunto de peque\u00f1os y mayores.<\/p>\n<p>A continuaci\u00f3n, infantil acudi\u00f3 al teatro a la representaci\u00f3n de sus profes de una obra especial, preparada por ellas mismas, donde se convirtieron en actrices haciendo de animales de la jungla que se daban cuenta de que aunque todos son diferentes, cada uno es especial y y todos pueden vivir en armon\u00eda. Primaria y Secundaria participaron por equipos mixtos de todas las edades en la gynkana conjunta de Maria Auxiliadora; juegos llevados por monitores de 1\u00ba de bachillerato. Fue una ma\u00f1ana en los que tanto los peque\u00f1os como los mayores disfrutaron mucho.\u00a0Ampas se hizo cargo de preparar un delicioso almuerzo para todos, desde los m\u00e1s peque\u00f1os a los m\u00e1s mayores. Por la tarde, juegos en Infantil y la representaci\u00f3n de la obra \u00abEncanto\u00bb por parte de la extraescolar de teatro para todos los ni\u00f1os y ni\u00f1as de Primaria.<\/p>\n<p>Por la noche, se vivi\u00f3 un momento \u00fanico en el que hab\u00eda ganas de reencontrarse y de disfrutar en familia. \u00a0Ampas volvi\u00f3 con muchas ganas a organizar la cena en honor a Mar\u00eda Auxiliadora. En ella, no falt\u00f3 la m\u00fasica, la magia, la risa, los juegos y la buena convivencia entre los asistentes.<\/p>\n<p>Sin duda, fue una jornada en honor a Mar\u00eda Auxiliadora donde se respiraba alegr\u00eda y muchas ganas de volverse a juntar. Y todo por ella.<\/p>\n<p>\u00a1Viva Mar\u00eda Auxiliadora!<\/p>\n<p>[\/et_pb_text][et_pb_text disabled_on=\u00bboff|on|on\u00bb admin_label=\u00bbT\u00edtulo: Galer\u00eda de fotos (Texto)\u00bb _builder_version=\u00bb4.18.0&#8243; text_font=\u00bb|on|||\u00bb text_text_color=\u00bb#dc001b\u00bb border_style=\u00bbsolid\u00bb global_colors_info=\u00bb{}\u00bb]<\/p>\n<p>Galer\u00eda de im\u00e1genes<\/p>\n<p>[\/et_pb_text][et_pb_gallery gallery_ids=\u00bb19262,19261,19260,19259,19258,19257,19256,19255,19254,19253&#8243; posts_number=\u00bb8&#8243; show_title_and_caption=\u00bboff\u00bb zoom_icon_color=\u00bb#dc001b\u00bb hover_icon=\u00bb&#x54;||divi||400&#8243; disabled_on=\u00bboff|off|off\u00bb _builder_version=\u00bb4.21.0&#8243; hover_enabled=\u00bb0&#8243; pagination_font_size_tablet=\u00bb51&#8243; pagination_line_height_tablet=\u00bb2&#8243; global_colors_info=\u00bb{}\u00bb sticky_enabled=\u00bb0&#8243;][\/et_pb_gallery][et_pb_video disabled_on=\u00bbon|on|on\u00bb _builder_version=\u00bb4.16&#8243; disabled=\u00bbon\u00bb global_colors_info=\u00bb{}\u00bb][\/et_pb_video][\/et_pb_column][\/et_pb_row][\/et_pb_section]<\/p>\n<!-- AddThis Advanced Settings generic via filter on the_content --><!-- AddThis Share Buttons generic via filter on the_content -->","protected":false},"excerpt":{"rendered":"<p>El viernes 19 de mayo tuvo lugar la fiesta colegial en honor a Mar\u00eda Auxiliadora. El d\u00eda comenz\u00f3 con un gesto emocionante en el que todas las etapas pudieron juntarse para hacerle su merecido homenaje y las familias tambi\u00e9n pudieron unirse a este acto tan especial para la comunidad salesiana. \u00a0 \u00a0Redacci\u00f3n.El d\u00eda comenz\u00f3 con [&hellip;]<\/p>\n<p><!-- AddThis Advanced Settings generic via filter on get_the_excerpt --><!-- AddThis Share Buttons generic via filter on get_the_excerpt --><\/p>\n","protected":false},"author":6,"featured_media":19262,"comment_status":"closed","ping_status":"open","sticky":false,"template":"","format":"standard","meta":{"_et_pb_use_builder":"on","_et_pb_old_content":"","_et_gb_content_width":"","footnotes":""},"categories":[14],"tags":[],"class_list":["post-19237","post","type-post","status-publish","format-standard","has-post-thumbnail","hentry","category-noticia_colegio"],"yoast_head":"<!-- This site is optimized with the Yoast SEO plugin v28.4 - https:\/\/yoast.com\/product\/yoast-seo-wordpress\/ -->\n<title>Una maravillosa fiesta escolar en honor a Mar\u00eda Auxiliadora - Colegio San Juan Bosco Valencia<\/title>\n<meta name=\"robots\" content=\"index, follow, max-snippet:-1, max-image-preview:large, max-video-preview:-1\" \/>\n<link rel=\"canonical\" href=\"https:\/\/valenciasjb.salesianos.edu\/colegio\/una-maravillosa-fiesta-escolar-en-honor-a-maria-auxiliadora\/\" \/>\n<meta property=\"og:locale\" content=\"es_ES\" \/>\n<meta property=\"og:type\" content=\"article\" \/>\n<meta property=\"og:title\" content=\"Una maravillosa fiesta escolar en honor a Mar\u00eda Auxiliadora - Colegio San Juan Bosco Valencia\" \/>\n<meta property=\"og:description\" content=\"El viernes 19 de mayo tuvo lugar la fiesta colegial en honor a Mar\u00eda Auxiliadora. El d\u00eda comenz\u00f3 con un gesto emocionante en el que todas las etapas pudieron juntarse para hacerle su merecido homenaje y las familias tambi\u00e9n pudieron unirse a este acto tan especial para la comunidad salesiana. \u00a0 \u00a0Redacci\u00f3n.El d\u00eda comenz\u00f3 con [&hellip;]\" \/>\n<meta property=\"og:url\" content=\"https:\/\/valenciasjb.salesianos.edu\/colegio\/una-maravillosa-fiesta-escolar-en-honor-a-maria-auxiliadora\/\" \/>\n<meta property=\"og:site_name\" content=\"Colegio San Juan Bosco Valencia\" \/>\n<meta property=\"article:publisher\" content=\"https:\/\/www.facebook.com\/ColegioSalesianoSanJuanBoscoValencia\" \/>\n<meta property=\"article:published_time\" content=\"2023-05-22T13:43:57+00:00\" \/>\n<meta property=\"article:modified_time\" content=\"2023-05-22T13:44:02+00:00\" \/>\n<meta property=\"og:image\" content=\"https:\/\/valenciasjb.salesianos.edu\/colegio\/wp-content\/uploads\/sites\/2\/2023\/05\/IMG_20230519_122800.jpg\" \/>\n\t<meta property=\"og:image:width\" content=\"1850\" \/>\n\t<meta property=\"og:image:height\" content=\"1389\" \/>\n\t<meta property=\"og:image:type\" content=\"image\/jpeg\" \/>\n<meta name=\"author\" content=\"veronicapastor\" \/>\n<meta name=\"twitter:card\" content=\"summary_large_image\" \/>\n<meta name=\"twitter:creator\" content=\"@SalesianosVSJB\" \/>\n<meta name=\"twitter:site\" content=\"@SalesianosVSJB\" \/>\n<meta name=\"twitter:label1\" content=\"Escrito por\" \/>\n\t<meta name=\"twitter:data1\" content=\"veronicapastor\" \/>\n\t<meta name=\"twitter:label2\" content=\"Tiempo de lectura\" \/>\n\t<meta name=\"twitter:data2\" content=\"3 minutos\" \/>\n<script type=\"application\/ld+json\" class=\"yoast-schema-graph\">{\"@context\":\"https:\\\/\\\/schema.org\",\"@graph\":[{\"@type\":\"Article\",\"@id\":\"https:\\\/\\\/valenciasjb.salesianos.edu\\\/colegio\\\/una-maravillosa-fiesta-escolar-en-honor-a-maria-auxiliadora\\\/#article\",\"isPartOf\":{\"@id\":\"https:\\\/\\\/valenciasjb.salesianos.edu\\\/colegio\\\/una-maravillosa-fiesta-escolar-en-honor-a-maria-auxiliadora\\\/\"},\"author\":{\"name\":\"veronicapastor\",\"@id\":\"https:\\\/\\\/valenciasjb.salesianos.edu\\\/colegio\\\/#\\\/schema\\\/person\\\/1f45b67e52b27da175190a574db6bed9\"},\"headline\":\"Una maravillosa fiesta escolar en honor a Mar\u00eda Auxiliadora\",\"datePublished\":\"2023-05-22T13:43:57+00:00\",\"dateModified\":\"2023-05-22T13:44:02+00:00\",\"mainEntityOfPage\":{\"@id\":\"https:\\\/\\\/valenciasjb.salesianos.edu\\\/colegio\\\/una-maravillosa-fiesta-escolar-en-honor-a-maria-auxiliadora\\\/\"},\"wordCount\":664,\"image\":{\"@id\":\"https:\\\/\\\/valenciasjb.salesianos.edu\\\/colegio\\\/una-maravillosa-fiesta-escolar-en-honor-a-maria-auxiliadora\\\/#primaryimage\"},\"thumbnailUrl\":\"https:\\\/\\\/valenciasjb.salesianos.edu\\\/colegio\\\/wp-content\\\/uploads\\\/sites\\\/2\\\/2023\\\/05\\\/IMG_20230519_122800-e1707841325885.jpg\",\"articleSection\":[\"Noticia Colegio\"],\"inLanguage\":\"es\"},{\"@type\":\"WebPage\",\"@id\":\"https:\\\/\\\/valenciasjb.salesianos.edu\\\/colegio\\\/una-maravillosa-fiesta-escolar-en-honor-a-maria-auxiliadora\\\/\",\"url\":\"https:\\\/\\\/valenciasjb.salesianos.edu\\\/colegio\\\/una-maravillosa-fiesta-escolar-en-honor-a-maria-auxiliadora\\\/\",\"name\":\"Una maravillosa fiesta escolar en honor a Mar\u00eda Auxiliadora - Colegio San Juan Bosco Valencia\",\"isPartOf\":{\"@id\":\"https:\\\/\\\/valenciasjb.salesianos.edu\\\/colegio\\\/#website\"},\"primaryImageOfPage\":{\"@id\":\"https:\\\/\\\/valenciasjb.salesianos.edu\\\/colegio\\\/una-maravillosa-fiesta-escolar-en-honor-a-maria-auxiliadora\\\/#primaryimage\"},\"image\":{\"@id\":\"https:\\\/\\\/valenciasjb.salesianos.edu\\\/colegio\\\/una-maravillosa-fiesta-escolar-en-honor-a-maria-auxiliadora\\\/#primaryimage\"},\"thumbnailUrl\":\"https:\\\/\\\/valenciasjb.salesianos.edu\\\/colegio\\\/wp-content\\\/uploads\\\/sites\\\/2\\\/2023\\\/05\\\/IMG_20230519_122800-e1707841325885.jpg\",\"datePublished\":\"2023-05-22T13:43:57+00:00\",\"dateModified\":\"2023-05-22T13:44:02+00:00\",\"author\":{\"@id\":\"https:\\\/\\\/valenciasjb.salesianos.edu\\\/colegio\\\/#\\\/schema\\\/person\\\/1f45b67e52b27da175190a574db6bed9\"},\"breadcrumb\":{\"@id\":\"https:\\\/\\\/valenciasjb.salesianos.edu\\\/colegio\\\/una-maravillosa-fiesta-escolar-en-honor-a-maria-auxiliadora\\\/#breadcrumb\"},\"inLanguage\":\"es\",\"potentialAction\":[{\"@type\":\"ReadAction\",\"target\":[\"https:\\\/\\\/valenciasjb.salesianos.edu\\\/colegio\\\/una-maravillosa-fiesta-escolar-en-honor-a-maria-auxiliadora\\\/\"]}]},{\"@type\":\"ImageObject\",\"inLanguage\":\"es\",\"@id\":\"https:\\\/\\\/valenciasjb.salesianos.edu\\\/colegio\\\/una-maravillosa-fiesta-escolar-en-honor-a-maria-auxiliadora\\\/#primaryimage\",\"url\":\"https:\\\/\\\/valenciasjb.salesianos.edu\\\/colegio\\\/wp-content\\\/uploads\\\/sites\\\/2\\\/2023\\\/05\\\/IMG_20230519_122800-e1707841325885.jpg\",\"contentUrl\":\"https:\\\/\\\/valenciasjb.salesianos.edu\\\/colegio\\\/wp-content\\\/uploads\\\/sites\\\/2\\\/2023\\\/05\\\/IMG_20230519_122800-e1707841325885.jpg\",\"width\":1220,\"height\":1220},{\"@type\":\"BreadcrumbList\",\"@id\":\"https:\\\/\\\/valenciasjb.salesianos.edu\\\/colegio\\\/una-maravillosa-fiesta-escolar-en-honor-a-maria-auxiliadora\\\/#breadcrumb\",\"itemListElement\":[{\"@type\":\"ListItem\",\"position\":1,\"name\":\"Portada\",\"item\":\"https:\\\/\\\/valenciasjb.salesianos.edu\\\/colegio\\\/\"},{\"@type\":\"ListItem\",\"position\":2,\"name\":\"Una maravillosa fiesta escolar en honor a Mar\u00eda Auxiliadora\"}]},{\"@type\":\"WebSite\",\"@id\":\"https:\\\/\\\/valenciasjb.salesianos.edu\\\/colegio\\\/#website\",\"url\":\"https:\\\/\\\/valenciasjb.salesianos.edu\\\/colegio\\\/\",\"name\":\"Colegio San Juan Bosco Valencia\",\"description\":\"P\u00e1gina oficial del Colegio Salesianos San Juan Bosco Valencia\",\"alternateName\":\"Salesianos.VSJB\",\"potentialAction\":[{\"@type\":\"SearchAction\",\"target\":{\"@type\":\"EntryPoint\",\"urlTemplate\":\"https:\\\/\\\/valenciasjb.salesianos.edu\\\/colegio\\\/?s={search_term_string}\"},\"query-input\":{\"@type\":\"PropertyValueSpecification\",\"valueRequired\":true,\"valueName\":\"search_term_string\"}}],\"inLanguage\":\"es\"},{\"@type\":\"Person\",\"@id\":\"https:\\\/\\\/valenciasjb.salesianos.edu\\\/colegio\\\/#\\\/schema\\\/person\\\/1f45b67e52b27da175190a574db6bed9\",\"name\":\"veronicapastor\",\"image\":{\"@type\":\"ImageObject\",\"inLanguage\":\"es\",\"@id\":\"https:\\\/\\\/secure.gravatar.com\\\/avatar\\\/e29bd40bace3fd935e1d6fdb7313ffc14628cc037c5e16f4c7369b20a2a6f7f0?s=96&d=mm&r=g\",\"url\":\"https:\\\/\\\/secure.gravatar.com\\\/avatar\\\/e29bd40bace3fd935e1d6fdb7313ffc14628cc037c5e16f4c7369b20a2a6f7f0?s=96&d=mm&r=g\",\"contentUrl\":\"https:\\\/\\\/secure.gravatar.com\\\/avatar\\\/e29bd40bace3fd935e1d6fdb7313ffc14628cc037c5e16f4c7369b20a2a6f7f0?s=96&d=mm&r=g\",\"caption\":\"veronicapastor\"}}]}<\/script>\n<!-- \/ Yoast SEO plugin. -->","yoast_head_json":{"title":"Una maravillosa fiesta escolar en honor a Mar\u00eda Auxiliadora - Colegio San Juan Bosco Valencia","robots":{"index":"index","follow":"follow","max-snippet":"max-snippet:-1","max-image-preview":"max-image-preview:large","max-video-preview":"max-video-preview:-1"},"canonical":"https:\/\/valenciasjb.salesianos.edu\/colegio\/una-maravillosa-fiesta-escolar-en-honor-a-maria-auxiliadora\/","og_locale":"es_ES","og_type":"article","og_title":"Una maravillosa fiesta escolar en honor a Mar\u00eda Auxiliadora - Colegio San Juan Bosco Valencia","og_description":"El viernes 19 de mayo tuvo lugar la fiesta colegial en honor a Mar\u00eda Auxiliadora. El d\u00eda comenz\u00f3 con un gesto emocionante en el que todas las etapas pudieron juntarse para hacerle su merecido homenaje y las familias tambi\u00e9n pudieron unirse a este acto tan especial para la comunidad salesiana. \u00a0 \u00a0Redacci\u00f3n.El d\u00eda comenz\u00f3 con [&hellip;]","og_url":"https:\/\/valenciasjb.salesianos.edu\/colegio\/una-maravillosa-fiesta-escolar-en-honor-a-maria-auxiliadora\/","og_site_name":"Colegio San Juan Bosco Valencia","article_publisher":"https:\/\/www.facebook.com\/ColegioSalesianoSanJuanBoscoValencia","article_published_time":"2023-05-22T13:43:57+00:00","article_modified_time":"2023-05-22T13:44:02+00:00","og_image":[{"width":1850,"height":1389,"url":"https:\/\/valenciasjb.salesianos.edu\/colegio\/wp-content\/uploads\/sites\/2\/2023\/05\/IMG_20230519_122800.jpg","type":"image\/jpeg"}],"author":"veronicapastor","twitter_card":"summary_large_image","twitter_creator":"@SalesianosVSJB","twitter_site":"@SalesianosVSJB","twitter_misc":{"Escrito por":"veronicapastor","Tiempo de lectura":"3 minutos"},"schema":{"@context":"https:\/\/schema.org","@graph":[{"@type":"Article","@id":"https:\/\/valenciasjb.salesianos.edu\/colegio\/una-maravillosa-fiesta-escolar-en-honor-a-maria-auxiliadora\/#article","isPartOf":{"@id":"https:\/\/valenciasjb.salesianos.edu\/colegio\/una-maravillosa-fiesta-escolar-en-honor-a-maria-auxiliadora\/"},"author":{"name":"veronicapastor","@id":"https:\/\/valenciasjb.salesianos.edu\/colegio\/#\/schema\/person\/1f45b67e52b27da175190a574db6bed9"},"headline":"Una maravillosa fiesta escolar en honor a Mar\u00eda Auxiliadora","datePublished":"2023-05-22T13:43:57+00:00","dateModified":"2023-05-22T13:44:02+00:00","mainEntityOfPage":{"@id":"https:\/\/valenciasjb.salesianos.edu\/colegio\/una-maravillosa-fiesta-escolar-en-honor-a-maria-auxiliadora\/"},"wordCount":664,"image":{"@id":"https:\/\/valenciasjb.salesianos.edu\/colegio\/una-maravillosa-fiesta-escolar-en-honor-a-maria-auxiliadora\/#primaryimage"},"thumbnailUrl":"https:\/\/valenciasjb.salesianos.edu\/colegio\/wp-content\/uploads\/sites\/2\/2023\/05\/IMG_20230519_122800-e1707841325885.jpg","articleSection":["Noticia Colegio"],"inLanguage":"es"},{"@type":"WebPage","@id":"https:\/\/valenciasjb.salesianos.edu\/colegio\/una-maravillosa-fiesta-escolar-en-honor-a-maria-auxiliadora\/","url":"https:\/\/valenciasjb.salesianos.edu\/colegio\/una-maravillosa-fiesta-escolar-en-honor-a-maria-auxiliadora\/","name":"Una maravillosa fiesta escolar en honor a Mar\u00eda Auxiliadora - Colegio San Juan Bosco Valencia","isPartOf":{"@id":"https:\/\/valenciasjb.salesianos.edu\/colegio\/#website"},"primaryImageOfPage":{"@id":"https:\/\/valenciasjb.salesianos.edu\/colegio\/una-maravillosa-fiesta-escolar-en-honor-a-maria-auxiliadora\/#primaryimage"},"image":{"@id":"https:\/\/valenciasjb.salesianos.edu\/colegio\/una-maravillosa-fiesta-escolar-en-honor-a-maria-auxiliadora\/#primaryimage"},"thumbnailUrl":"https:\/\/valenciasjb.salesianos.edu\/colegio\/wp-content\/uploads\/sites\/2\/2023\/05\/IMG_20230519_122800-e1707841325885.jpg","datePublished":"2023-05-22T13:43:57+00:00","dateModified":"2023-05-22T13:44:02+00:00","author":{"@id":"https:\/\/valenciasjb.salesianos.edu\/colegio\/#\/schema\/person\/1f45b67e52b27da175190a574db6bed9"},"breadcrumb":{"@id":"https:\/\/valenciasjb.salesianos.edu\/colegio\/una-maravillosa-fiesta-escolar-en-honor-a-maria-auxiliadora\/#breadcrumb"},"inLanguage":"es","potentialAction":[{"@type":"ReadAction","target":["https:\/\/valenciasjb.salesianos.edu\/colegio\/una-maravillosa-fiesta-escolar-en-honor-a-maria-auxiliadora\/"]}]},{"@type":"ImageObject","inLanguage":"es","@id":"https:\/\/valenciasjb.salesianos.edu\/colegio\/una-maravillosa-fiesta-escolar-en-honor-a-maria-auxiliadora\/#primaryimage","url":"https:\/\/valenciasjb.salesianos.edu\/colegio\/wp-content\/uploads\/sites\/2\/2023\/05\/IMG_20230519_122800-e1707841325885.jpg","contentUrl":"https:\/\/valenciasjb.salesianos.edu\/colegio\/wp-content\/uploads\/sites\/2\/2023\/05\/IMG_20230519_122800-e1707841325885.jpg","width":1220,"height":1220},{"@type":"BreadcrumbList","@id":"https:\/\/valenciasjb.salesianos.edu\/colegio\/una-maravillosa-fiesta-escolar-en-honor-a-maria-auxiliadora\/#breadcrumb","itemListElement":[{"@type":"ListItem","position":1,"name":"Portada","item":"https:\/\/valenciasjb.salesianos.edu\/colegio\/"},{"@type":"ListItem","position":2,"name":"Una maravillosa fiesta escolar en honor a Mar\u00eda Auxiliadora"}]},{"@type":"WebSite","@id":"https:\/\/valenciasjb.salesianos.edu\/colegio\/#website","url":"https:\/\/valenciasjb.salesianos.edu\/colegio\/","name":"Colegio San Juan Bosco Valencia","description":"P\u00e1gina oficial del Colegio Salesianos San Juan Bosco Valencia","alternateName":"Salesianos.VSJB","potentialAction":[{"@type":"SearchAction","target":{"@type":"EntryPoint","urlTemplate":"https:\/\/valenciasjb.salesianos.edu\/colegio\/?s={search_term_string}"},"query-input":{"@type":"PropertyValueSpecification","valueRequired":true,"valueName":"search_term_string"}}],"inLanguage":"es"},{"@type":"Person","@id":"https:\/\/valenciasjb.salesianos.edu\/colegio\/#\/schema\/person\/1f45b67e52b27da175190a574db6bed9","name":"veronicapastor","image":{"@type":"ImageObject","inLanguage":"es","@id":"https:\/\/secure.gravatar.com\/avatar\/e29bd40bace3fd935e1d6fdb7313ffc14628cc037c5e16f4c7369b20a2a6f7f0?s=96&d=mm&r=g","url":"https:\/\/secure.gravatar.com\/avatar\/e29bd40bace3fd935e1d6fdb7313ffc14628cc037c5e16f4c7369b20a2a6f7f0?s=96&d=mm&r=g","contentUrl":"https:\/\/secure.gravatar.com\/avatar\/e29bd40bace3fd935e1d6fdb7313ffc14628cc037c5e16f4c7369b20a2a6f7f0?s=96&d=mm&r=g","caption":"veronicapastor"}}]}},"_links":{"self":[{"href":"https:\/\/valenciasjb.salesianos.edu\/colegio\/wp-json\/wp\/v2\/posts\/19237","targetHints":{"allow":["GET"]}}],"collection":[{"href":"https:\/\/valenciasjb.salesianos.edu\/colegio\/wp-json\/wp\/v2\/posts"}],"about":[{"href":"https:\/\/valenciasjb.salesianos.edu\/colegio\/wp-json\/wp\/v2\/types\/post"}],"author":[{"embeddable":true,"href":"https:\/\/valenciasjb.salesianos.edu\/colegio\/wp-json\/wp\/v2\/users\/6"}],"replies":[{"embeddable":true,"href":"https:\/\/valenciasjb.salesianos.edu\/colegio\/wp-json\/wp\/v2\/comments?post=19237"}],"version-history":[{"count":3,"href":"https:\/\/valenciasjb.salesianos.edu\/colegio\/wp-json\/wp\/v2\/posts\/19237\/revisions"}],"predecessor-version":[{"id":19263,"href":"https:\/\/valenciasjb.salesianos.edu\/colegio\/wp-json\/wp\/v2\/posts\/19237\/revisions\/19263"}],"wp:featuredmedia":[{"embeddable":true,"href":"https:\/\/valenciasjb.salesianos.edu\/colegio\/wp-json\/wp\/v2\/media\/19262"}],"wp:attachment":[{"href":"https:\/\/valenciasjb.salesianos.edu\/colegio\/wp-json\/wp\/v2\/media?parent=19237"}],"wp:term":[{"taxonomy":"category","embeddable":true,"href":"https:\/\/valenciasjb.salesianos.edu\/colegio\/wp-json\/wp\/v2\/categories?post=19237"},{"taxonomy":"post_tag","embeddable":true,"href":"https:\/\/valenciasjb.salesianos.edu\/colegio\/wp-json\/wp\/v2\/tags?post=19237"}],"curies":[{"name":"wp","href":"https:\/\/api.w.org\/{rel}","templated":true}]}}