{"id":19291,"date":"2023-06-08T15:21:06","date_gmt":"2023-06-08T14:21:06","guid":{"rendered":"https:\/\/valenciasjb.salesianos.edu\/colegio\/?p=19291"},"modified":"2023-06-08T15:21:10","modified_gmt":"2023-06-08T14:21:10","slug":"como-se-puede-unir-la-lectura-y-la-musica-nuestra-profesora-lidia-cucarella-les-explica-este-bonito-proyecto-de-innovacion-educativa-a-un-colegio-de-requena-dentro-del-programa-imoute-de-la-gen","status":"publish","type":"post","link":"https:\/\/valenciasjb.salesianos.edu\/colegio\/como-se-puede-unir-la-lectura-y-la-musica-nuestra-profesora-lidia-cucarella-les-explica-este-bonito-proyecto-de-innovacion-educativa-a-un-colegio-de-requena-dentro-del-programa-imoute-de-la-gen\/","title":{"rendered":"\u00bfC\u00f3mo se puede unir la lectura y la m\u00fasica? Nuestra profesora Lidia Cucarella les explica este bonito proyecto de innovaci\u00f3n educativa a un colegio de Requena dentro del programa Imoute de la Generalitat Valenciana"},"content":{"rendered":"<div id=\"fb-root\"><\/div>\n<p>[et_pb_section fb_built=\u00bb1&#8243; admin_label=\u00bbsection\u00bb _builder_version=\u00bb4.16&#8243; global_colors_info=\u00bb{}\u00bb theme_builder_area=\u00bbpost_content\u00bb][et_pb_row admin_label=\u00bbrow\u00bb _builder_version=\u00bb4.16&#8243; background_size=\u00bbinitial\u00bb background_position=\u00bbtop_left\u00bb background_repeat=\u00bbrepeat\u00bb global_colors_info=\u00bb{}\u00bb theme_builder_area=\u00bbpost_content\u00bb][et_pb_column type=\u00bb4_4&#8243; _builder_version=\u00bb4.16&#8243; custom_padding=\u00bb|||\u00bb global_colors_info=\u00bb{}\u00bb custom_padding__hover=\u00bb|||\u00bb theme_builder_area=\u00bbpost_content\u00bb][et_pb_text admin_label=\u00bbEntradilla (Texto)\u00bb _builder_version=\u00bb4.21.0&#8243; text_font=\u00bb|on|||\u00bb text_orientation=\u00bbjustified\u00bb module_alignment=\u00bbjustified\u00bb hover_enabled=\u00bb0&#8243; global_colors_info=\u00bb{}\u00bb theme_builder_area=\u00bbpost_content\u00bb sticky_enabled=\u00bb0&#8243;]<\/p>\n<p>Un grupo de 3 profesoras del CEIP Alfonso X El Sabio de Requena nos han visitado esta ma\u00f1ana dentro del programa #imoute de la Conselleria d&#8217;Educaci\u00f3 para conocer nuestro colegio y el proyecto de innovaci\u00f3n del \u00abclub de lectura\u00bb que combina la lectura de libros con la m\u00fasica, de la mano de nuestra profesora Lidia Cucarella.<\/p>\n<p>[\/et_pb_text][et_pb_text admin_label=\u00bbAutor (Texto)\u00bb _builder_version=\u00bb4.21.0&#8243; text_font=\u00bb||on||\u00bb hover_enabled=\u00bb0&#8243; global_colors_info=\u00bb{}\u00bb theme_builder_area=\u00bbpost_content\u00bb sticky_enabled=\u00bb0&#8243;]<\/p>\n<p>Redacci\u00f3n.<\/p>\n<p>[\/et_pb_text][et_pb_text admin_label=\u00bbDesarrollo (Texto)\u00bb _builder_version=\u00bb4.21.0&#8243; text_orientation=\u00bbjustified\u00bb module_alignment=\u00bbjustified\u00bb hover_enabled=\u00bb0&#8243; global_colors_info=\u00bb{}\u00bb theme_builder_area=\u00bbpost_content\u00bb sticky_enabled=\u00bb0&#8243;]<\/p>\n<p>Adem\u00e1s han conocido todo nuestro plan de fomento de la lectura desde educaci\u00f3n infantil (han podido hablar tambi\u00e9n con la jefa de estudios de infantil, Ana Llopis); han visitado las bibliotecas de infantil y primaria y nuestras instalaciones y han podido conversar con Lourdes Muli\u00f3 sobre la organizaci\u00f3n de nuestra aula de fomento de la lectura.<br \/>Ha sido una ma\u00f1ana muy completa donde tambi\u00e9n nosotros hemos aprendido mucho compartiendo experiencias que ellas realizan en su centro y que esperamos devolverles la visita para juntos seguir construyendo en beneficio de nuestros ni\u00f1os y ni\u00f1as.<br \/>\u00a1Gracias y nos vemos pronto!<\/p>\n<p>[\/et_pb_text][et_pb_text disabled_on=\u00bboff|on|on\u00bb admin_label=\u00bbT\u00edtulo: Galer\u00eda de fotos (Texto)\u00bb _builder_version=\u00bb4.18.0&#8243; text_font=\u00bb|on|||\u00bb text_text_color=\u00bb#dc001b\u00bb border_style=\u00bbsolid\u00bb global_colors_info=\u00bb{}\u00bb theme_builder_area=\u00bbpost_content\u00bb]<\/p>\n<p>Galer\u00eda de im\u00e1genes<\/p>\n<p>[\/et_pb_text][et_pb_gallery gallery_ids=\u00bb19294,19295,19296&#8243; posts_number=\u00bb8&#8243; show_title_and_caption=\u00bboff\u00bb zoom_icon_color=\u00bb#dc001b\u00bb hover_icon=\u00bb&#x54;||divi||400&#8243; disabled_on=\u00bboff|off|off\u00bb _builder_version=\u00bb4.21.0&#8243; hover_enabled=\u00bb0&#8243; pagination_font_size_tablet=\u00bb51&#8243; pagination_line_height_tablet=\u00bb2&#8243; global_colors_info=\u00bb{}\u00bb theme_builder_area=\u00bbpost_content\u00bb sticky_enabled=\u00bb0&#8243;][\/et_pb_gallery][et_pb_video disabled_on=\u00bbon|on|on\u00bb _builder_version=\u00bb4.16&#8243; disabled=\u00bbon\u00bb global_colors_info=\u00bb{}\u00bb theme_builder_area=\u00bbpost_content\u00bb][\/et_pb_video][\/et_pb_column][\/et_pb_row][\/et_pb_section]<\/p>\n<!-- AddThis Advanced Settings generic via filter on the_content --><!-- AddThis Share Buttons generic via filter on the_content -->","protected":false},"excerpt":{"rendered":"<p>Un grupo de 3 profesoras del CEIP Alfonso X El Sabio de Requena nos han visitado esta ma\u00f1ana dentro del programa #imoute de la Conselleria d&#8217;Educaci\u00f3 para conocer nuestro colegio y el proyecto de innovaci\u00f3n del \u00abclub de lectura\u00bb que combina la lectura de libros con la m\u00fasica, de la mano de nuestra profesora Lidia [&hellip;]<\/p>\n<p><!-- AddThis Advanced Settings generic via filter on get_the_excerpt --><!-- AddThis Share Buttons generic via filter on get_the_excerpt --><\/p>\n","protected":false},"author":6,"featured_media":19296,"comment_status":"closed","ping_status":"open","sticky":false,"template":"","format":"standard","meta":{"_et_pb_use_builder":"on","_et_pb_old_content":"","_et_gb_content_width":"","footnotes":""},"categories":[14],"tags":[],"class_list":["post-19291","post","type-post","status-publish","format-standard","has-post-thumbnail","hentry","category-noticia_colegio"],"yoast_head":"<!-- This site is optimized with the Yoast SEO plugin v28.4 - https:\/\/yoast.com\/product\/yoast-seo-wordpress\/ -->\n<title>\u00bfC\u00f3mo se puede unir la lectura y la m\u00fasica? Nuestra profesora Lidia Cucarella les explica este bonito proyecto de innovaci\u00f3n educativa a un colegio de Requena dentro del programa Imoute de la Generalitat Valenciana - Colegio San Juan Bosco Valencia<\/title>\n<meta name=\"robots\" content=\"index, follow, max-snippet:-1, max-image-preview:large, max-video-preview:-1\" \/>\n<link rel=\"canonical\" href=\"https:\/\/valenciasjb.salesianos.edu\/colegio\/como-se-puede-unir-la-lectura-y-la-musica-nuestra-profesora-lidia-cucarella-les-explica-este-bonito-proyecto-de-innovacion-educativa-a-un-colegio-de-requena-dentro-del-programa-imoute-de-la-gen\/\" \/>\n<meta property=\"og:locale\" content=\"es_ES\" \/>\n<meta property=\"og:type\" content=\"article\" \/>\n<meta property=\"og:title\" content=\"\u00bfC\u00f3mo se puede unir la lectura y la m\u00fasica? Nuestra profesora Lidia Cucarella les explica este bonito proyecto de innovaci\u00f3n educativa a un colegio de Requena dentro del programa Imoute de la Generalitat Valenciana - Colegio San Juan Bosco Valencia\" \/>\n<meta property=\"og:description\" content=\"Un grupo de 3 profesoras del CEIP Alfonso X El Sabio de Requena nos han visitado esta ma\u00f1ana dentro del programa #imoute de la Conselleria d&#039;Educaci\u00f3 para conocer nuestro colegio y el proyecto de innovaci\u00f3n del &quot;club de lectura&quot; que combina la lectura de libros con la m\u00fasica, de la mano de nuestra profesora Lidia [&hellip;]\" \/>\n<meta property=\"og:url\" content=\"https:\/\/valenciasjb.salesianos.edu\/colegio\/como-se-puede-unir-la-lectura-y-la-musica-nuestra-profesora-lidia-cucarella-les-explica-este-bonito-proyecto-de-innovacion-educativa-a-un-colegio-de-requena-dentro-del-programa-imoute-de-la-gen\/\" \/>\n<meta property=\"og:site_name\" content=\"Colegio San Juan Bosco Valencia\" \/>\n<meta property=\"article:publisher\" content=\"https:\/\/www.facebook.com\/ColegioSalesianoSanJuanBoscoValencia\" \/>\n<meta property=\"article:published_time\" content=\"2023-06-08T14:21:06+00:00\" \/>\n<meta property=\"article:modified_time\" content=\"2023-06-08T14:21:10+00:00\" \/>\n<meta property=\"og:image\" content=\"https:\/\/valenciasjb.salesianos.edu\/colegio\/wp-content\/uploads\/sites\/2\/2023\/06\/FB_IMG_1686233959978.jpg\" \/>\n\t<meta property=\"og:image:width\" content=\"1080\" \/>\n\t<meta property=\"og:image:height\" content=\"811\" \/>\n\t<meta property=\"og:image:type\" content=\"image\/jpeg\" \/>\n<meta name=\"author\" content=\"veronicapastor\" \/>\n<meta name=\"twitter:card\" content=\"summary_large_image\" \/>\n<meta name=\"twitter:creator\" content=\"@SalesianosVSJB\" \/>\n<meta name=\"twitter:site\" content=\"@SalesianosVSJB\" \/>\n<meta name=\"twitter:label1\" content=\"Escrito por\" \/>\n\t<meta name=\"twitter:data1\" content=\"veronicapastor\" \/>\n<script type=\"application\/ld+json\" class=\"yoast-schema-graph\">{\"@context\":\"https:\\\/\\\/schema.org\",\"@graph\":[{\"@type\":\"Article\",\"@id\":\"https:\\\/\\\/valenciasjb.salesianos.edu\\\/colegio\\\/como-se-puede-unir-la-lectura-y-la-musica-nuestra-profesora-lidia-cucarella-les-explica-este-bonito-proyecto-de-innovacion-educativa-a-un-colegio-de-requena-dentro-del-programa-imoute-de-la-gen\\\/#article\",\"isPartOf\":{\"@id\":\"https:\\\/\\\/valenciasjb.salesianos.edu\\\/colegio\\\/como-se-puede-unir-la-lectura-y-la-musica-nuestra-profesora-lidia-cucarella-les-explica-este-bonito-proyecto-de-innovacion-educativa-a-un-colegio-de-requena-dentro-del-programa-imoute-de-la-gen\\\/\"},\"author\":{\"name\":\"veronicapastor\",\"@id\":\"https:\\\/\\\/valenciasjb.salesianos.edu\\\/colegio\\\/#\\\/schema\\\/person\\\/1f45b67e52b27da175190a574db6bed9\"},\"headline\":\"\u00bfC\u00f3mo se puede unir la lectura y la m\u00fasica? Nuestra profesora Lidia Cucarella les explica este bonito proyecto de innovaci\u00f3n educativa a un colegio de Requena dentro del programa Imoute de la Generalitat Valenciana\",\"datePublished\":\"2023-06-08T14:21:06+00:00\",\"dateModified\":\"2023-06-08T14:21:10+00:00\",\"mainEntityOfPage\":{\"@id\":\"https:\\\/\\\/valenciasjb.salesianos.edu\\\/colegio\\\/como-se-puede-unir-la-lectura-y-la-musica-nuestra-profesora-lidia-cucarella-les-explica-este-bonito-proyecto-de-innovacion-educativa-a-un-colegio-de-requena-dentro-del-programa-imoute-de-la-gen\\\/\"},\"wordCount\":486,\"image\":{\"@id\":\"https:\\\/\\\/valenciasjb.salesianos.edu\\\/colegio\\\/como-se-puede-unir-la-lectura-y-la-musica-nuestra-profesora-lidia-cucarella-les-explica-este-bonito-proyecto-de-innovacion-educativa-a-un-colegio-de-requena-dentro-del-programa-imoute-de-la-gen\\\/#primaryimage\"},\"thumbnailUrl\":\"https:\\\/\\\/valenciasjb.salesianos.edu\\\/colegio\\\/wp-content\\\/uploads\\\/sites\\\/2\\\/2023\\\/06\\\/FB_IMG_1686233959978.jpg\",\"articleSection\":[\"Noticia Colegio\"],\"inLanguage\":\"es\"},{\"@type\":\"WebPage\",\"@id\":\"https:\\\/\\\/valenciasjb.salesianos.edu\\\/colegio\\\/como-se-puede-unir-la-lectura-y-la-musica-nuestra-profesora-lidia-cucarella-les-explica-este-bonito-proyecto-de-innovacion-educativa-a-un-colegio-de-requena-dentro-del-programa-imoute-de-la-gen\\\/\",\"url\":\"https:\\\/\\\/valenciasjb.salesianos.edu\\\/colegio\\\/como-se-puede-unir-la-lectura-y-la-musica-nuestra-profesora-lidia-cucarella-les-explica-este-bonito-proyecto-de-innovacion-educativa-a-un-colegio-de-requena-dentro-del-programa-imoute-de-la-gen\\\/\",\"name\":\"\u00bfC\u00f3mo se puede unir la lectura y la m\u00fasica? Nuestra profesora Lidia Cucarella les explica este bonito proyecto de innovaci\u00f3n educativa a un colegio de Requena dentro del programa Imoute de la Generalitat Valenciana - Colegio San Juan Bosco Valencia\",\"isPartOf\":{\"@id\":\"https:\\\/\\\/valenciasjb.salesianos.edu\\\/colegio\\\/#website\"},\"primaryImageOfPage\":{\"@id\":\"https:\\\/\\\/valenciasjb.salesianos.edu\\\/colegio\\\/como-se-puede-unir-la-lectura-y-la-musica-nuestra-profesora-lidia-cucarella-les-explica-este-bonito-proyecto-de-innovacion-educativa-a-un-colegio-de-requena-dentro-del-programa-imoute-de-la-gen\\\/#primaryimage\"},\"image\":{\"@id\":\"https:\\\/\\\/valenciasjb.salesianos.edu\\\/colegio\\\/como-se-puede-unir-la-lectura-y-la-musica-nuestra-profesora-lidia-cucarella-les-explica-este-bonito-proyecto-de-innovacion-educativa-a-un-colegio-de-requena-dentro-del-programa-imoute-de-la-gen\\\/#primaryimage\"},\"thumbnailUrl\":\"https:\\\/\\\/valenciasjb.salesianos.edu\\\/colegio\\\/wp-content\\\/uploads\\\/sites\\\/2\\\/2023\\\/06\\\/FB_IMG_1686233959978.jpg\",\"datePublished\":\"2023-06-08T14:21:06+00:00\",\"dateModified\":\"2023-06-08T14:21:10+00:00\",\"author\":{\"@id\":\"https:\\\/\\\/valenciasjb.salesianos.edu\\\/colegio\\\/#\\\/schema\\\/person\\\/1f45b67e52b27da175190a574db6bed9\"},\"breadcrumb\":{\"@id\":\"https:\\\/\\\/valenciasjb.salesianos.edu\\\/colegio\\\/como-se-puede-unir-la-lectura-y-la-musica-nuestra-profesora-lidia-cucarella-les-explica-este-bonito-proyecto-de-innovacion-educativa-a-un-colegio-de-requena-dentro-del-programa-imoute-de-la-gen\\\/#breadcrumb\"},\"inLanguage\":\"es\",\"potentialAction\":[{\"@type\":\"ReadAction\",\"target\":[\"https:\\\/\\\/valenciasjb.salesianos.edu\\\/colegio\\\/como-se-puede-unir-la-lectura-y-la-musica-nuestra-profesora-lidia-cucarella-les-explica-este-bonito-proyecto-de-innovacion-educativa-a-un-colegio-de-requena-dentro-del-programa-imoute-de-la-gen\\\/\"]}]},{\"@type\":\"ImageObject\",\"inLanguage\":\"es\",\"@id\":\"https:\\\/\\\/valenciasjb.salesianos.edu\\\/colegio\\\/como-se-puede-unir-la-lectura-y-la-musica-nuestra-profesora-lidia-cucarella-les-explica-este-bonito-proyecto-de-innovacion-educativa-a-un-colegio-de-requena-dentro-del-programa-imoute-de-la-gen\\\/#primaryimage\",\"url\":\"https:\\\/\\\/valenciasjb.salesianos.edu\\\/colegio\\\/wp-content\\\/uploads\\\/sites\\\/2\\\/2023\\\/06\\\/FB_IMG_1686233959978.jpg\",\"contentUrl\":\"https:\\\/\\\/valenciasjb.salesianos.edu\\\/colegio\\\/wp-content\\\/uploads\\\/sites\\\/2\\\/2023\\\/06\\\/FB_IMG_1686233959978.jpg\",\"width\":1080,\"height\":811},{\"@type\":\"BreadcrumbList\",\"@id\":\"https:\\\/\\\/valenciasjb.salesianos.edu\\\/colegio\\\/como-se-puede-unir-la-lectura-y-la-musica-nuestra-profesora-lidia-cucarella-les-explica-este-bonito-proyecto-de-innovacion-educativa-a-un-colegio-de-requena-dentro-del-programa-imoute-de-la-gen\\\/#breadcrumb\",\"itemListElement\":[{\"@type\":\"ListItem\",\"position\":1,\"name\":\"Portada\",\"item\":\"https:\\\/\\\/valenciasjb.salesianos.edu\\\/colegio\\\/\"},{\"@type\":\"ListItem\",\"position\":2,\"name\":\"\u00bfC\u00f3mo se puede unir la lectura y la m\u00fasica? Nuestra profesora Lidia Cucarella les explica este bonito proyecto de innovaci\u00f3n educativa a un colegio de Requena dentro del programa Imoute de la Generalitat Valenciana\"}]},{\"@type\":\"WebSite\",\"@id\":\"https:\\\/\\\/valenciasjb.salesianos.edu\\\/colegio\\\/#website\",\"url\":\"https:\\\/\\\/valenciasjb.salesianos.edu\\\/colegio\\\/\",\"name\":\"Colegio San Juan Bosco Valencia\",\"description\":\"P\u00e1gina oficial del Colegio Salesianos San Juan Bosco Valencia\",\"alternateName\":\"Salesianos.VSJB\",\"potentialAction\":[{\"@type\":\"SearchAction\",\"target\":{\"@type\":\"EntryPoint\",\"urlTemplate\":\"https:\\\/\\\/valenciasjb.salesianos.edu\\\/colegio\\\/?s={search_term_string}\"},\"query-input\":{\"@type\":\"PropertyValueSpecification\",\"valueRequired\":true,\"valueName\":\"search_term_string\"}}],\"inLanguage\":\"es\"},{\"@type\":\"Person\",\"@id\":\"https:\\\/\\\/valenciasjb.salesianos.edu\\\/colegio\\\/#\\\/schema\\\/person\\\/1f45b67e52b27da175190a574db6bed9\",\"name\":\"veronicapastor\",\"image\":{\"@type\":\"ImageObject\",\"inLanguage\":\"es\",\"@id\":\"https:\\\/\\\/secure.gravatar.com\\\/avatar\\\/e29bd40bace3fd935e1d6fdb7313ffc14628cc037c5e16f4c7369b20a2a6f7f0?s=96&d=mm&r=g\",\"url\":\"https:\\\/\\\/secure.gravatar.com\\\/avatar\\\/e29bd40bace3fd935e1d6fdb7313ffc14628cc037c5e16f4c7369b20a2a6f7f0?s=96&d=mm&r=g\",\"contentUrl\":\"https:\\\/\\\/secure.gravatar.com\\\/avatar\\\/e29bd40bace3fd935e1d6fdb7313ffc14628cc037c5e16f4c7369b20a2a6f7f0?s=96&d=mm&r=g\",\"caption\":\"veronicapastor\"}}]}<\/script>\n<!-- \/ Yoast SEO plugin. -->","yoast_head_json":{"title":"\u00bfC\u00f3mo se puede unir la lectura y la m\u00fasica? Nuestra profesora Lidia Cucarella les explica este bonito proyecto de innovaci\u00f3n educativa a un colegio de Requena dentro del programa Imoute de la Generalitat Valenciana - Colegio San Juan Bosco Valencia","robots":{"index":"index","follow":"follow","max-snippet":"max-snippet:-1","max-image-preview":"max-image-preview:large","max-video-preview":"max-video-preview:-1"},"canonical":"https:\/\/valenciasjb.salesianos.edu\/colegio\/como-se-puede-unir-la-lectura-y-la-musica-nuestra-profesora-lidia-cucarella-les-explica-este-bonito-proyecto-de-innovacion-educativa-a-un-colegio-de-requena-dentro-del-programa-imoute-de-la-gen\/","og_locale":"es_ES","og_type":"article","og_title":"\u00bfC\u00f3mo se puede unir la lectura y la m\u00fasica? Nuestra profesora Lidia Cucarella les explica este bonito proyecto de innovaci\u00f3n educativa a un colegio de Requena dentro del programa Imoute de la Generalitat Valenciana - Colegio San Juan Bosco Valencia","og_description":"Un grupo de 3 profesoras del CEIP Alfonso X El Sabio de Requena nos han visitado esta ma\u00f1ana dentro del programa #imoute de la Conselleria d'Educaci\u00f3 para conocer nuestro colegio y el proyecto de innovaci\u00f3n del \"club de lectura\" que combina la lectura de libros con la m\u00fasica, de la mano de nuestra profesora Lidia [&hellip;]","og_url":"https:\/\/valenciasjb.salesianos.edu\/colegio\/como-se-puede-unir-la-lectura-y-la-musica-nuestra-profesora-lidia-cucarella-les-explica-este-bonito-proyecto-de-innovacion-educativa-a-un-colegio-de-requena-dentro-del-programa-imoute-de-la-gen\/","og_site_name":"Colegio San Juan Bosco Valencia","article_publisher":"https:\/\/www.facebook.com\/ColegioSalesianoSanJuanBoscoValencia","article_published_time":"2023-06-08T14:21:06+00:00","article_modified_time":"2023-06-08T14:21:10+00:00","og_image":[{"width":1080,"height":811,"url":"https:\/\/valenciasjb.salesianos.edu\/colegio\/wp-content\/uploads\/sites\/2\/2023\/06\/FB_IMG_1686233959978.jpg","type":"image\/jpeg"}],"author":"veronicapastor","twitter_card":"summary_large_image","twitter_creator":"@SalesianosVSJB","twitter_site":"@SalesianosVSJB","twitter_misc":{"Escrito por":"veronicapastor"},"schema":{"@context":"https:\/\/schema.org","@graph":[{"@type":"Article","@id":"https:\/\/valenciasjb.salesianos.edu\/colegio\/como-se-puede-unir-la-lectura-y-la-musica-nuestra-profesora-lidia-cucarella-les-explica-este-bonito-proyecto-de-innovacion-educativa-a-un-colegio-de-requena-dentro-del-programa-imoute-de-la-gen\/#article","isPartOf":{"@id":"https:\/\/valenciasjb.salesianos.edu\/colegio\/como-se-puede-unir-la-lectura-y-la-musica-nuestra-profesora-lidia-cucarella-les-explica-este-bonito-proyecto-de-innovacion-educativa-a-un-colegio-de-requena-dentro-del-programa-imoute-de-la-gen\/"},"author":{"name":"veronicapastor","@id":"https:\/\/valenciasjb.salesianos.edu\/colegio\/#\/schema\/person\/1f45b67e52b27da175190a574db6bed9"},"headline":"\u00bfC\u00f3mo se puede unir la lectura y la m\u00fasica? Nuestra profesora Lidia Cucarella les explica este bonito proyecto de innovaci\u00f3n educativa a un colegio de Requena dentro del programa Imoute de la Generalitat Valenciana","datePublished":"2023-06-08T14:21:06+00:00","dateModified":"2023-06-08T14:21:10+00:00","mainEntityOfPage":{"@id":"https:\/\/valenciasjb.salesianos.edu\/colegio\/como-se-puede-unir-la-lectura-y-la-musica-nuestra-profesora-lidia-cucarella-les-explica-este-bonito-proyecto-de-innovacion-educativa-a-un-colegio-de-requena-dentro-del-programa-imoute-de-la-gen\/"},"wordCount":486,"image":{"@id":"https:\/\/valenciasjb.salesianos.edu\/colegio\/como-se-puede-unir-la-lectura-y-la-musica-nuestra-profesora-lidia-cucarella-les-explica-este-bonito-proyecto-de-innovacion-educativa-a-un-colegio-de-requena-dentro-del-programa-imoute-de-la-gen\/#primaryimage"},"thumbnailUrl":"https:\/\/valenciasjb.salesianos.edu\/colegio\/wp-content\/uploads\/sites\/2\/2023\/06\/FB_IMG_1686233959978.jpg","articleSection":["Noticia Colegio"],"inLanguage":"es"},{"@type":"WebPage","@id":"https:\/\/valenciasjb.salesianos.edu\/colegio\/como-se-puede-unir-la-lectura-y-la-musica-nuestra-profesora-lidia-cucarella-les-explica-este-bonito-proyecto-de-innovacion-educativa-a-un-colegio-de-requena-dentro-del-programa-imoute-de-la-gen\/","url":"https:\/\/valenciasjb.salesianos.edu\/colegio\/como-se-puede-unir-la-lectura-y-la-musica-nuestra-profesora-lidia-cucarella-les-explica-este-bonito-proyecto-de-innovacion-educativa-a-un-colegio-de-requena-dentro-del-programa-imoute-de-la-gen\/","name":"\u00bfC\u00f3mo se puede unir la lectura y la m\u00fasica? Nuestra profesora Lidia Cucarella les explica este bonito proyecto de innovaci\u00f3n educativa a un colegio de Requena dentro del programa Imoute de la Generalitat Valenciana - Colegio San Juan Bosco Valencia","isPartOf":{"@id":"https:\/\/valenciasjb.salesianos.edu\/colegio\/#website"},"primaryImageOfPage":{"@id":"https:\/\/valenciasjb.salesianos.edu\/colegio\/como-se-puede-unir-la-lectura-y-la-musica-nuestra-profesora-lidia-cucarella-les-explica-este-bonito-proyecto-de-innovacion-educativa-a-un-colegio-de-requena-dentro-del-programa-imoute-de-la-gen\/#primaryimage"},"image":{"@id":"https:\/\/valenciasjb.salesianos.edu\/colegio\/como-se-puede-unir-la-lectura-y-la-musica-nuestra-profesora-lidia-cucarella-les-explica-este-bonito-proyecto-de-innovacion-educativa-a-un-colegio-de-requena-dentro-del-programa-imoute-de-la-gen\/#primaryimage"},"thumbnailUrl":"https:\/\/valenciasjb.salesianos.edu\/colegio\/wp-content\/uploads\/sites\/2\/2023\/06\/FB_IMG_1686233959978.jpg","datePublished":"2023-06-08T14:21:06+00:00","dateModified":"2023-06-08T14:21:10+00:00","author":{"@id":"https:\/\/valenciasjb.salesianos.edu\/colegio\/#\/schema\/person\/1f45b67e52b27da175190a574db6bed9"},"breadcrumb":{"@id":"https:\/\/valenciasjb.salesianos.edu\/colegio\/como-se-puede-unir-la-lectura-y-la-musica-nuestra-profesora-lidia-cucarella-les-explica-este-bonito-proyecto-de-innovacion-educativa-a-un-colegio-de-requena-dentro-del-programa-imoute-de-la-gen\/#breadcrumb"},"inLanguage":"es","potentialAction":[{"@type":"ReadAction","target":["https:\/\/valenciasjb.salesianos.edu\/colegio\/como-se-puede-unir-la-lectura-y-la-musica-nuestra-profesora-lidia-cucarella-les-explica-este-bonito-proyecto-de-innovacion-educativa-a-un-colegio-de-requena-dentro-del-programa-imoute-de-la-gen\/"]}]},{"@type":"ImageObject","inLanguage":"es","@id":"https:\/\/valenciasjb.salesianos.edu\/colegio\/como-se-puede-unir-la-lectura-y-la-musica-nuestra-profesora-lidia-cucarella-les-explica-este-bonito-proyecto-de-innovacion-educativa-a-un-colegio-de-requena-dentro-del-programa-imoute-de-la-gen\/#primaryimage","url":"https:\/\/valenciasjb.salesianos.edu\/colegio\/wp-content\/uploads\/sites\/2\/2023\/06\/FB_IMG_1686233959978.jpg","contentUrl":"https:\/\/valenciasjb.salesianos.edu\/colegio\/wp-content\/uploads\/sites\/2\/2023\/06\/FB_IMG_1686233959978.jpg","width":1080,"height":811},{"@type":"BreadcrumbList","@id":"https:\/\/valenciasjb.salesianos.edu\/colegio\/como-se-puede-unir-la-lectura-y-la-musica-nuestra-profesora-lidia-cucarella-les-explica-este-bonito-proyecto-de-innovacion-educativa-a-un-colegio-de-requena-dentro-del-programa-imoute-de-la-gen\/#breadcrumb","itemListElement":[{"@type":"ListItem","position":1,"name":"Portada","item":"https:\/\/valenciasjb.salesianos.edu\/colegio\/"},{"@type":"ListItem","position":2,"name":"\u00bfC\u00f3mo se puede unir la lectura y la m\u00fasica? Nuestra profesora Lidia Cucarella les explica este bonito proyecto de innovaci\u00f3n educativa a un colegio de Requena dentro del programa Imoute de la Generalitat Valenciana"}]},{"@type":"WebSite","@id":"https:\/\/valenciasjb.salesianos.edu\/colegio\/#website","url":"https:\/\/valenciasjb.salesianos.edu\/colegio\/","name":"Colegio San Juan Bosco Valencia","description":"P\u00e1gina oficial del Colegio Salesianos San Juan Bosco Valencia","alternateName":"Salesianos.VSJB","potentialAction":[{"@type":"SearchAction","target":{"@type":"EntryPoint","urlTemplate":"https:\/\/valenciasjb.salesianos.edu\/colegio\/?s={search_term_string}"},"query-input":{"@type":"PropertyValueSpecification","valueRequired":true,"valueName":"search_term_string"}}],"inLanguage":"es"},{"@type":"Person","@id":"https:\/\/valenciasjb.salesianos.edu\/colegio\/#\/schema\/person\/1f45b67e52b27da175190a574db6bed9","name":"veronicapastor","image":{"@type":"ImageObject","inLanguage":"es","@id":"https:\/\/secure.gravatar.com\/avatar\/e29bd40bace3fd935e1d6fdb7313ffc14628cc037c5e16f4c7369b20a2a6f7f0?s=96&d=mm&r=g","url":"https:\/\/secure.gravatar.com\/avatar\/e29bd40bace3fd935e1d6fdb7313ffc14628cc037c5e16f4c7369b20a2a6f7f0?s=96&d=mm&r=g","contentUrl":"https:\/\/secure.gravatar.com\/avatar\/e29bd40bace3fd935e1d6fdb7313ffc14628cc037c5e16f4c7369b20a2a6f7f0?s=96&d=mm&r=g","caption":"veronicapastor"}}]}},"_links":{"self":[{"href":"https:\/\/valenciasjb.salesianos.edu\/colegio\/wp-json\/wp\/v2\/posts\/19291","targetHints":{"allow":["GET"]}}],"collection":[{"href":"https:\/\/valenciasjb.salesianos.edu\/colegio\/wp-json\/wp\/v2\/posts"}],"about":[{"href":"https:\/\/valenciasjb.salesianos.edu\/colegio\/wp-json\/wp\/v2\/types\/post"}],"author":[{"embeddable":true,"href":"https:\/\/valenciasjb.salesianos.edu\/colegio\/wp-json\/wp\/v2\/users\/6"}],"replies":[{"embeddable":true,"href":"https:\/\/valenciasjb.salesianos.edu\/colegio\/wp-json\/wp\/v2\/comments?post=19291"}],"version-history":[{"count":2,"href":"https:\/\/valenciasjb.salesianos.edu\/colegio\/wp-json\/wp\/v2\/posts\/19291\/revisions"}],"predecessor-version":[{"id":19297,"href":"https:\/\/valenciasjb.salesianos.edu\/colegio\/wp-json\/wp\/v2\/posts\/19291\/revisions\/19297"}],"wp:featuredmedia":[{"embeddable":true,"href":"https:\/\/valenciasjb.salesianos.edu\/colegio\/wp-json\/wp\/v2\/media\/19296"}],"wp:attachment":[{"href":"https:\/\/valenciasjb.salesianos.edu\/colegio\/wp-json\/wp\/v2\/media?parent=19291"}],"wp:term":[{"taxonomy":"category","embeddable":true,"href":"https:\/\/valenciasjb.salesianos.edu\/colegio\/wp-json\/wp\/v2\/categories?post=19291"},{"taxonomy":"post_tag","embeddable":true,"href":"https:\/\/valenciasjb.salesianos.edu\/colegio\/wp-json\/wp\/v2\/tags?post=19291"}],"curies":[{"name":"wp","href":"https:\/\/api.w.org\/{rel}","templated":true}]}}