{"id":19299,"date":"2023-06-09T17:47:41","date_gmt":"2023-06-09T16:47:41","guid":{"rendered":"https:\/\/valenciasjb.salesianos.edu\/colegio\/?p=19299"},"modified":"2023-06-09T17:47:46","modified_gmt":"2023-06-09T16:47:46","slug":"viatgem-pel-mon-als-paisos-de-procedencia-de-les-nostres-families","status":"publish","type":"post","link":"https:\/\/valenciasjb.salesianos.edu\/colegio\/viatgem-pel-mon-als-paisos-de-procedencia-de-les-nostres-families\/","title":{"rendered":"Viatgem pel m\u00f3n als pa\u00edsos de proced\u00e8ncia de les nostres fam\u00edlies"},"content":{"rendered":"<div id=\"fb-root\"><\/div>\n<p>[et_pb_section fb_built=\u00bb1&#8243; admin_label=\u00bbsection\u00bb _builder_version=\u00bb4.16&#8243; global_colors_info=\u00bb{}\u00bb theme_builder_area=\u00bbpost_content\u00bb][et_pb_row admin_label=\u00bbrow\u00bb _builder_version=\u00bb4.16&#8243; background_size=\u00bbinitial\u00bb background_position=\u00bbtop_left\u00bb background_repeat=\u00bbrepeat\u00bb global_colors_info=\u00bb{}\u00bb theme_builder_area=\u00bbpost_content\u00bb][et_pb_column type=\u00bb4_4&#8243; _builder_version=\u00bb4.16&#8243; custom_padding=\u00bb|||\u00bb global_colors_info=\u00bb{}\u00bb custom_padding__hover=\u00bb|||\u00bb theme_builder_area=\u00bbpost_content\u00bb][et_pb_text admin_label=\u00bbEntradilla (Texto)\u00bb _builder_version=\u00bb4.21.0&#8243; text_font=\u00bb|on|||\u00bb text_orientation=\u00bbjustified\u00bb module_alignment=\u00bbjustified\u00bb hover_enabled=\u00bb0&#8243; global_colors_info=\u00bb{}\u00bb theme_builder_area=\u00bbpost_content\u00bb sticky_enabled=\u00bb0&#8243;]<\/p>\n<div id=\"resumen\"><strong>\u00a0<\/strong><\/div>\n<div>El nostre projecte \u00abViatgem pel m\u00f3n\u00bb, de 4 anys B, arriba a la seua fi. Hem fet un recorregut pels diferents pa\u00edsos de proced\u00e8ncia de les nostres families i ha resultat d&#8217;all\u00f2 m\u00e9s interessant.<\/div>\n<p>[\/et_pb_text][et_pb_text admin_label=\u00bbAutor (Texto)\u00bb _builder_version=\u00bb4.21.0&#8243; text_font=\u00bb||on||\u00bb hover_enabled=\u00bb0&#8243; global_colors_info=\u00bb{}\u00bb theme_builder_area=\u00bbpost_content\u00bb sticky_enabled=\u00bb0&#8243;]<\/p>\n<p>Noelia, 4 anys B.<\/p>\n<p>[\/et_pb_text][et_pb_text admin_label=\u00bbDesarrollo (Texto)\u00bb _builder_version=\u00bb4.21.0&#8243; text_orientation=\u00bbjustified\u00bb module_alignment=\u00bbjustified\u00bb hover_enabled=\u00bb0&#8243; global_colors_info=\u00bb{}\u00bb theme_builder_area=\u00bbpost_content\u00bb sticky_enabled=\u00bb0&#8243;]<\/p>\n<p>El nostre projecte \u00abViatgem pel m\u00f3n\u00bb, de 4 anys B, arriba a la seua fi. Hem fet un recorregut pels diferents pa\u00edsos de proced\u00e8ncia de les nostres families i ha resultat d&#8217;all\u00f2 m\u00e9s interessant Comen\u00e7arem per Espanya i a continuaci\u00f3 viatjarem amb avi\u00f3 a It\u00e0lia, Armenia, Xina, Colombia, Per\u00fa, Brasil i Argentina. <br \/>Hem apr\u00e9s a localitzar-los al mapa, les seues monedes, banderes, costums, alimentaci\u00f3 t\u00edpica, monuments i curiositats de cada lloc. Tamb\u00e9 hem adquirit vocabulari b\u00e0sic de salutament per fer-nos entendre a cada dest\u00ed. Les fam\u00edlies han participat i ens han ensenyat tantes an\u00e8cdotes i informaci\u00f3 d&#8217;inter\u00e9s que els agra\u00efm de tot cor la seua col.laboraci\u00f3.<br \/>Quin ser\u00e0 el nostre nou dest\u00ed? Nosaltres estem preparats amb la maleta per si de cas. Bon viatge!<br \/>#projectes <br \/>#escolafam\u00edlia<\/p>\n<p>[\/et_pb_text][et_pb_text disabled_on=\u00bboff|on|on\u00bb admin_label=\u00bbT\u00edtulo: Galer\u00eda de fotos (Texto)\u00bb _builder_version=\u00bb4.18.0&#8243; text_font=\u00bb|on|||\u00bb text_text_color=\u00bb#dc001b\u00bb border_style=\u00bbsolid\u00bb global_colors_info=\u00bb{}\u00bb theme_builder_area=\u00bbpost_content\u00bb]<\/p>\n<p>Galer\u00eda de im\u00e1genes<\/p>\n<p>[\/et_pb_text][et_pb_gallery gallery_ids=\u00bb19302,19303,19304,19305,19306,19307,19308,19309,19310,19311,19312,19313,19314&#8243; posts_number=\u00bb8&#8243; show_title_and_caption=\u00bboff\u00bb zoom_icon_color=\u00bb#dc001b\u00bb hover_icon=\u00bb&#x54;||divi||400&#8243; disabled_on=\u00bboff|off|off\u00bb _builder_version=\u00bb4.21.0&#8243; hover_enabled=\u00bb0&#8243; pagination_font_size_tablet=\u00bb51&#8243; pagination_line_height_tablet=\u00bb2&#8243; global_colors_info=\u00bb{}\u00bb theme_builder_area=\u00bbpost_content\u00bb sticky_enabled=\u00bb0&#8243;][\/et_pb_gallery][et_pb_video disabled_on=\u00bbon|on|on\u00bb _builder_version=\u00bb4.16&#8243; disabled=\u00bbon\u00bb global_colors_info=\u00bb{}\u00bb theme_builder_area=\u00bbpost_content\u00bb][\/et_pb_video][\/et_pb_column][\/et_pb_row][\/et_pb_section]<\/p>\n<!-- AddThis Advanced Settings generic via filter on the_content --><!-- AddThis Share Buttons generic via filter on the_content -->","protected":false},"excerpt":{"rendered":"<p>\u00a0 El nostre projecte \u00abViatgem pel m\u00f3n\u00bb, de 4 anys B, arriba a la seua fi. Hem fet un recorregut pels diferents pa\u00edsos de proced\u00e8ncia de les nostres families i ha resultat d&#8217;all\u00f2 m\u00e9s interessant.Noelia, 4 anys B.El nostre projecte \u00abViatgem pel m\u00f3n\u00bb, de 4 anys B, arriba a la seua fi. Hem fet un [&hellip;]<\/p>\n<p><!-- AddThis Advanced Settings generic via filter on get_the_excerpt --><!-- AddThis Share Buttons generic via filter on get_the_excerpt --><\/p>\n","protected":false},"author":6,"featured_media":19306,"comment_status":"closed","ping_status":"open","sticky":false,"template":"","format":"standard","meta":{"_et_pb_use_builder":"on","_et_pb_old_content":"","_et_gb_content_width":"","footnotes":""},"categories":[14],"tags":[],"class_list":["post-19299","post","type-post","status-publish","format-standard","has-post-thumbnail","hentry","category-noticia_colegio"],"yoast_head":"<!-- This site is optimized with the Yoast SEO plugin v28.4 - https:\/\/yoast.com\/product\/yoast-seo-wordpress\/ -->\n<title>Viatgem pel m\u00f3n als pa\u00edsos de proced\u00e8ncia de les nostres fam\u00edlies - Colegio San Juan Bosco Valencia<\/title>\n<meta name=\"robots\" content=\"index, follow, max-snippet:-1, max-image-preview:large, max-video-preview:-1\" \/>\n<link rel=\"canonical\" href=\"https:\/\/valenciasjb.salesianos.edu\/colegio\/viatgem-pel-mon-als-paisos-de-procedencia-de-les-nostres-families\/\" \/>\n<meta property=\"og:locale\" content=\"es_ES\" \/>\n<meta property=\"og:type\" content=\"article\" \/>\n<meta property=\"og:title\" content=\"Viatgem pel m\u00f3n als pa\u00edsos de proced\u00e8ncia de les nostres fam\u00edlies - Colegio San Juan Bosco Valencia\" \/>\n<meta property=\"og:description\" content=\"\u00a0 El nostre projecte &quot;Viatgem pel m\u00f3n&quot;, de 4 anys B, arriba a la seua fi. Hem fet un recorregut pels diferents pa\u00edsos de proced\u00e8ncia de les nostres families i ha resultat d&#039;all\u00f2 m\u00e9s interessant.Noelia, 4 anys B.El nostre projecte &quot;Viatgem pel m\u00f3n&quot;, de 4 anys B, arriba a la seua fi. Hem fet un [&hellip;]\" \/>\n<meta property=\"og:url\" content=\"https:\/\/valenciasjb.salesianos.edu\/colegio\/viatgem-pel-mon-als-paisos-de-procedencia-de-les-nostres-families\/\" \/>\n<meta property=\"og:site_name\" content=\"Colegio San Juan Bosco Valencia\" \/>\n<meta property=\"article:publisher\" content=\"https:\/\/www.facebook.com\/ColegioSalesianoSanJuanBoscoValencia\" \/>\n<meta property=\"article:published_time\" content=\"2023-06-09T16:47:41+00:00\" \/>\n<meta property=\"article:modified_time\" content=\"2023-06-09T16:47:46+00:00\" \/>\n<meta property=\"og:image\" content=\"https:\/\/valenciasjb.salesianos.edu\/colegio\/wp-content\/uploads\/sites\/2\/2023\/06\/IMG-20230609-WA0016.jpg\" \/>\n\t<meta property=\"og:image:width\" content=\"1600\" \/>\n\t<meta property=\"og:image:height\" content=\"1200\" \/>\n\t<meta property=\"og:image:type\" content=\"image\/jpeg\" \/>\n<meta name=\"author\" content=\"veronicapastor\" \/>\n<meta name=\"twitter:card\" content=\"summary_large_image\" \/>\n<meta name=\"twitter:creator\" content=\"@SalesianosVSJB\" \/>\n<meta name=\"twitter:site\" content=\"@SalesianosVSJB\" \/>\n<meta name=\"twitter:label1\" content=\"Escrito por\" \/>\n\t<meta name=\"twitter:data1\" content=\"veronicapastor\" \/>\n<script type=\"application\/ld+json\" class=\"yoast-schema-graph\">{\"@context\":\"https:\\\/\\\/schema.org\",\"@graph\":[{\"@type\":\"Article\",\"@id\":\"https:\\\/\\\/valenciasjb.salesianos.edu\\\/colegio\\\/viatgem-pel-mon-als-paisos-de-procedencia-de-les-nostres-families\\\/#article\",\"isPartOf\":{\"@id\":\"https:\\\/\\\/valenciasjb.salesianos.edu\\\/colegio\\\/viatgem-pel-mon-als-paisos-de-procedencia-de-les-nostres-families\\\/\"},\"author\":{\"name\":\"veronicapastor\",\"@id\":\"https:\\\/\\\/valenciasjb.salesianos.edu\\\/colegio\\\/#\\\/schema\\\/person\\\/1f45b67e52b27da175190a574db6bed9\"},\"headline\":\"Viatgem pel m\u00f3n als pa\u00edsos de proced\u00e8ncia de les nostres fam\u00edlies\",\"datePublished\":\"2023-06-09T16:47:41+00:00\",\"dateModified\":\"2023-06-09T16:47:46+00:00\",\"mainEntityOfPage\":{\"@id\":\"https:\\\/\\\/valenciasjb.salesianos.edu\\\/colegio\\\/viatgem-pel-mon-als-paisos-de-procedencia-de-les-nostres-families\\\/\"},\"wordCount\":480,\"image\":{\"@id\":\"https:\\\/\\\/valenciasjb.salesianos.edu\\\/colegio\\\/viatgem-pel-mon-als-paisos-de-procedencia-de-les-nostres-families\\\/#primaryimage\"},\"thumbnailUrl\":\"https:\\\/\\\/valenciasjb.salesianos.edu\\\/colegio\\\/wp-content\\\/uploads\\\/sites\\\/2\\\/2023\\\/06\\\/IMG-20230609-WA0016.jpg\",\"articleSection\":[\"Noticia Colegio\"],\"inLanguage\":\"es\"},{\"@type\":\"WebPage\",\"@id\":\"https:\\\/\\\/valenciasjb.salesianos.edu\\\/colegio\\\/viatgem-pel-mon-als-paisos-de-procedencia-de-les-nostres-families\\\/\",\"url\":\"https:\\\/\\\/valenciasjb.salesianos.edu\\\/colegio\\\/viatgem-pel-mon-als-paisos-de-procedencia-de-les-nostres-families\\\/\",\"name\":\"Viatgem pel m\u00f3n als pa\u00edsos de proced\u00e8ncia de les nostres fam\u00edlies - Colegio San Juan Bosco Valencia\",\"isPartOf\":{\"@id\":\"https:\\\/\\\/valenciasjb.salesianos.edu\\\/colegio\\\/#website\"},\"primaryImageOfPage\":{\"@id\":\"https:\\\/\\\/valenciasjb.salesianos.edu\\\/colegio\\\/viatgem-pel-mon-als-paisos-de-procedencia-de-les-nostres-families\\\/#primaryimage\"},\"image\":{\"@id\":\"https:\\\/\\\/valenciasjb.salesianos.edu\\\/colegio\\\/viatgem-pel-mon-als-paisos-de-procedencia-de-les-nostres-families\\\/#primaryimage\"},\"thumbnailUrl\":\"https:\\\/\\\/valenciasjb.salesianos.edu\\\/colegio\\\/wp-content\\\/uploads\\\/sites\\\/2\\\/2023\\\/06\\\/IMG-20230609-WA0016.jpg\",\"datePublished\":\"2023-06-09T16:47:41+00:00\",\"dateModified\":\"2023-06-09T16:47:46+00:00\",\"author\":{\"@id\":\"https:\\\/\\\/valenciasjb.salesianos.edu\\\/colegio\\\/#\\\/schema\\\/person\\\/1f45b67e52b27da175190a574db6bed9\"},\"breadcrumb\":{\"@id\":\"https:\\\/\\\/valenciasjb.salesianos.edu\\\/colegio\\\/viatgem-pel-mon-als-paisos-de-procedencia-de-les-nostres-families\\\/#breadcrumb\"},\"inLanguage\":\"es\",\"potentialAction\":[{\"@type\":\"ReadAction\",\"target\":[\"https:\\\/\\\/valenciasjb.salesianos.edu\\\/colegio\\\/viatgem-pel-mon-als-paisos-de-procedencia-de-les-nostres-families\\\/\"]}]},{\"@type\":\"ImageObject\",\"inLanguage\":\"es\",\"@id\":\"https:\\\/\\\/valenciasjb.salesianos.edu\\\/colegio\\\/viatgem-pel-mon-als-paisos-de-procedencia-de-les-nostres-families\\\/#primaryimage\",\"url\":\"https:\\\/\\\/valenciasjb.salesianos.edu\\\/colegio\\\/wp-content\\\/uploads\\\/sites\\\/2\\\/2023\\\/06\\\/IMG-20230609-WA0016.jpg\",\"contentUrl\":\"https:\\\/\\\/valenciasjb.salesianos.edu\\\/colegio\\\/wp-content\\\/uploads\\\/sites\\\/2\\\/2023\\\/06\\\/IMG-20230609-WA0016.jpg\",\"width\":1600,\"height\":1200},{\"@type\":\"BreadcrumbList\",\"@id\":\"https:\\\/\\\/valenciasjb.salesianos.edu\\\/colegio\\\/viatgem-pel-mon-als-paisos-de-procedencia-de-les-nostres-families\\\/#breadcrumb\",\"itemListElement\":[{\"@type\":\"ListItem\",\"position\":1,\"name\":\"Portada\",\"item\":\"https:\\\/\\\/valenciasjb.salesianos.edu\\\/colegio\\\/\"},{\"@type\":\"ListItem\",\"position\":2,\"name\":\"Viatgem pel m\u00f3n als pa\u00edsos de proced\u00e8ncia de les nostres fam\u00edlies\"}]},{\"@type\":\"WebSite\",\"@id\":\"https:\\\/\\\/valenciasjb.salesianos.edu\\\/colegio\\\/#website\",\"url\":\"https:\\\/\\\/valenciasjb.salesianos.edu\\\/colegio\\\/\",\"name\":\"Colegio San Juan Bosco Valencia\",\"description\":\"P\u00e1gina oficial del Colegio Salesianos San Juan Bosco Valencia\",\"alternateName\":\"Salesianos.VSJB\",\"potentialAction\":[{\"@type\":\"SearchAction\",\"target\":{\"@type\":\"EntryPoint\",\"urlTemplate\":\"https:\\\/\\\/valenciasjb.salesianos.edu\\\/colegio\\\/?s={search_term_string}\"},\"query-input\":{\"@type\":\"PropertyValueSpecification\",\"valueRequired\":true,\"valueName\":\"search_term_string\"}}],\"inLanguage\":\"es\"},{\"@type\":\"Person\",\"@id\":\"https:\\\/\\\/valenciasjb.salesianos.edu\\\/colegio\\\/#\\\/schema\\\/person\\\/1f45b67e52b27da175190a574db6bed9\",\"name\":\"veronicapastor\",\"image\":{\"@type\":\"ImageObject\",\"inLanguage\":\"es\",\"@id\":\"https:\\\/\\\/secure.gravatar.com\\\/avatar\\\/e29bd40bace3fd935e1d6fdb7313ffc14628cc037c5e16f4c7369b20a2a6f7f0?s=96&d=mm&r=g\",\"url\":\"https:\\\/\\\/secure.gravatar.com\\\/avatar\\\/e29bd40bace3fd935e1d6fdb7313ffc14628cc037c5e16f4c7369b20a2a6f7f0?s=96&d=mm&r=g\",\"contentUrl\":\"https:\\\/\\\/secure.gravatar.com\\\/avatar\\\/e29bd40bace3fd935e1d6fdb7313ffc14628cc037c5e16f4c7369b20a2a6f7f0?s=96&d=mm&r=g\",\"caption\":\"veronicapastor\"}}]}<\/script>\n<!-- \/ Yoast SEO plugin. -->","yoast_head_json":{"title":"Viatgem pel m\u00f3n als pa\u00edsos de proced\u00e8ncia de les nostres fam\u00edlies - Colegio San Juan Bosco Valencia","robots":{"index":"index","follow":"follow","max-snippet":"max-snippet:-1","max-image-preview":"max-image-preview:large","max-video-preview":"max-video-preview:-1"},"canonical":"https:\/\/valenciasjb.salesianos.edu\/colegio\/viatgem-pel-mon-als-paisos-de-procedencia-de-les-nostres-families\/","og_locale":"es_ES","og_type":"article","og_title":"Viatgem pel m\u00f3n als pa\u00edsos de proced\u00e8ncia de les nostres fam\u00edlies - Colegio San Juan Bosco Valencia","og_description":"\u00a0 El nostre projecte \"Viatgem pel m\u00f3n\", de 4 anys B, arriba a la seua fi. Hem fet un recorregut pels diferents pa\u00edsos de proced\u00e8ncia de les nostres families i ha resultat d'all\u00f2 m\u00e9s interessant.Noelia, 4 anys B.El nostre projecte \"Viatgem pel m\u00f3n\", de 4 anys B, arriba a la seua fi. Hem fet un [&hellip;]","og_url":"https:\/\/valenciasjb.salesianos.edu\/colegio\/viatgem-pel-mon-als-paisos-de-procedencia-de-les-nostres-families\/","og_site_name":"Colegio San Juan Bosco Valencia","article_publisher":"https:\/\/www.facebook.com\/ColegioSalesianoSanJuanBoscoValencia","article_published_time":"2023-06-09T16:47:41+00:00","article_modified_time":"2023-06-09T16:47:46+00:00","og_image":[{"width":1600,"height":1200,"url":"https:\/\/valenciasjb.salesianos.edu\/colegio\/wp-content\/uploads\/sites\/2\/2023\/06\/IMG-20230609-WA0016.jpg","type":"image\/jpeg"}],"author":"veronicapastor","twitter_card":"summary_large_image","twitter_creator":"@SalesianosVSJB","twitter_site":"@SalesianosVSJB","twitter_misc":{"Escrito por":"veronicapastor"},"schema":{"@context":"https:\/\/schema.org","@graph":[{"@type":"Article","@id":"https:\/\/valenciasjb.salesianos.edu\/colegio\/viatgem-pel-mon-als-paisos-de-procedencia-de-les-nostres-families\/#article","isPartOf":{"@id":"https:\/\/valenciasjb.salesianos.edu\/colegio\/viatgem-pel-mon-als-paisos-de-procedencia-de-les-nostres-families\/"},"author":{"name":"veronicapastor","@id":"https:\/\/valenciasjb.salesianos.edu\/colegio\/#\/schema\/person\/1f45b67e52b27da175190a574db6bed9"},"headline":"Viatgem pel m\u00f3n als pa\u00edsos de proced\u00e8ncia de les nostres fam\u00edlies","datePublished":"2023-06-09T16:47:41+00:00","dateModified":"2023-06-09T16:47:46+00:00","mainEntityOfPage":{"@id":"https:\/\/valenciasjb.salesianos.edu\/colegio\/viatgem-pel-mon-als-paisos-de-procedencia-de-les-nostres-families\/"},"wordCount":480,"image":{"@id":"https:\/\/valenciasjb.salesianos.edu\/colegio\/viatgem-pel-mon-als-paisos-de-procedencia-de-les-nostres-families\/#primaryimage"},"thumbnailUrl":"https:\/\/valenciasjb.salesianos.edu\/colegio\/wp-content\/uploads\/sites\/2\/2023\/06\/IMG-20230609-WA0016.jpg","articleSection":["Noticia Colegio"],"inLanguage":"es"},{"@type":"WebPage","@id":"https:\/\/valenciasjb.salesianos.edu\/colegio\/viatgem-pel-mon-als-paisos-de-procedencia-de-les-nostres-families\/","url":"https:\/\/valenciasjb.salesianos.edu\/colegio\/viatgem-pel-mon-als-paisos-de-procedencia-de-les-nostres-families\/","name":"Viatgem pel m\u00f3n als pa\u00edsos de proced\u00e8ncia de les nostres fam\u00edlies - Colegio San Juan Bosco Valencia","isPartOf":{"@id":"https:\/\/valenciasjb.salesianos.edu\/colegio\/#website"},"primaryImageOfPage":{"@id":"https:\/\/valenciasjb.salesianos.edu\/colegio\/viatgem-pel-mon-als-paisos-de-procedencia-de-les-nostres-families\/#primaryimage"},"image":{"@id":"https:\/\/valenciasjb.salesianos.edu\/colegio\/viatgem-pel-mon-als-paisos-de-procedencia-de-les-nostres-families\/#primaryimage"},"thumbnailUrl":"https:\/\/valenciasjb.salesianos.edu\/colegio\/wp-content\/uploads\/sites\/2\/2023\/06\/IMG-20230609-WA0016.jpg","datePublished":"2023-06-09T16:47:41+00:00","dateModified":"2023-06-09T16:47:46+00:00","author":{"@id":"https:\/\/valenciasjb.salesianos.edu\/colegio\/#\/schema\/person\/1f45b67e52b27da175190a574db6bed9"},"breadcrumb":{"@id":"https:\/\/valenciasjb.salesianos.edu\/colegio\/viatgem-pel-mon-als-paisos-de-procedencia-de-les-nostres-families\/#breadcrumb"},"inLanguage":"es","potentialAction":[{"@type":"ReadAction","target":["https:\/\/valenciasjb.salesianos.edu\/colegio\/viatgem-pel-mon-als-paisos-de-procedencia-de-les-nostres-families\/"]}]},{"@type":"ImageObject","inLanguage":"es","@id":"https:\/\/valenciasjb.salesianos.edu\/colegio\/viatgem-pel-mon-als-paisos-de-procedencia-de-les-nostres-families\/#primaryimage","url":"https:\/\/valenciasjb.salesianos.edu\/colegio\/wp-content\/uploads\/sites\/2\/2023\/06\/IMG-20230609-WA0016.jpg","contentUrl":"https:\/\/valenciasjb.salesianos.edu\/colegio\/wp-content\/uploads\/sites\/2\/2023\/06\/IMG-20230609-WA0016.jpg","width":1600,"height":1200},{"@type":"BreadcrumbList","@id":"https:\/\/valenciasjb.salesianos.edu\/colegio\/viatgem-pel-mon-als-paisos-de-procedencia-de-les-nostres-families\/#breadcrumb","itemListElement":[{"@type":"ListItem","position":1,"name":"Portada","item":"https:\/\/valenciasjb.salesianos.edu\/colegio\/"},{"@type":"ListItem","position":2,"name":"Viatgem pel m\u00f3n als pa\u00edsos de proced\u00e8ncia de les nostres fam\u00edlies"}]},{"@type":"WebSite","@id":"https:\/\/valenciasjb.salesianos.edu\/colegio\/#website","url":"https:\/\/valenciasjb.salesianos.edu\/colegio\/","name":"Colegio San Juan Bosco Valencia","description":"P\u00e1gina oficial del Colegio Salesianos San Juan Bosco Valencia","alternateName":"Salesianos.VSJB","potentialAction":[{"@type":"SearchAction","target":{"@type":"EntryPoint","urlTemplate":"https:\/\/valenciasjb.salesianos.edu\/colegio\/?s={search_term_string}"},"query-input":{"@type":"PropertyValueSpecification","valueRequired":true,"valueName":"search_term_string"}}],"inLanguage":"es"},{"@type":"Person","@id":"https:\/\/valenciasjb.salesianos.edu\/colegio\/#\/schema\/person\/1f45b67e52b27da175190a574db6bed9","name":"veronicapastor","image":{"@type":"ImageObject","inLanguage":"es","@id":"https:\/\/secure.gravatar.com\/avatar\/e29bd40bace3fd935e1d6fdb7313ffc14628cc037c5e16f4c7369b20a2a6f7f0?s=96&d=mm&r=g","url":"https:\/\/secure.gravatar.com\/avatar\/e29bd40bace3fd935e1d6fdb7313ffc14628cc037c5e16f4c7369b20a2a6f7f0?s=96&d=mm&r=g","contentUrl":"https:\/\/secure.gravatar.com\/avatar\/e29bd40bace3fd935e1d6fdb7313ffc14628cc037c5e16f4c7369b20a2a6f7f0?s=96&d=mm&r=g","caption":"veronicapastor"}}]}},"_links":{"self":[{"href":"https:\/\/valenciasjb.salesianos.edu\/colegio\/wp-json\/wp\/v2\/posts\/19299","targetHints":{"allow":["GET"]}}],"collection":[{"href":"https:\/\/valenciasjb.salesianos.edu\/colegio\/wp-json\/wp\/v2\/posts"}],"about":[{"href":"https:\/\/valenciasjb.salesianos.edu\/colegio\/wp-json\/wp\/v2\/types\/post"}],"author":[{"embeddable":true,"href":"https:\/\/valenciasjb.salesianos.edu\/colegio\/wp-json\/wp\/v2\/users\/6"}],"replies":[{"embeddable":true,"href":"https:\/\/valenciasjb.salesianos.edu\/colegio\/wp-json\/wp\/v2\/comments?post=19299"}],"version-history":[{"count":4,"href":"https:\/\/valenciasjb.salesianos.edu\/colegio\/wp-json\/wp\/v2\/posts\/19299\/revisions"}],"predecessor-version":[{"id":19317,"href":"https:\/\/valenciasjb.salesianos.edu\/colegio\/wp-json\/wp\/v2\/posts\/19299\/revisions\/19317"}],"wp:featuredmedia":[{"embeddable":true,"href":"https:\/\/valenciasjb.salesianos.edu\/colegio\/wp-json\/wp\/v2\/media\/19306"}],"wp:attachment":[{"href":"https:\/\/valenciasjb.salesianos.edu\/colegio\/wp-json\/wp\/v2\/media?parent=19299"}],"wp:term":[{"taxonomy":"category","embeddable":true,"href":"https:\/\/valenciasjb.salesianos.edu\/colegio\/wp-json\/wp\/v2\/categories?post=19299"},{"taxonomy":"post_tag","embeddable":true,"href":"https:\/\/valenciasjb.salesianos.edu\/colegio\/wp-json\/wp\/v2\/tags?post=19299"}],"curies":[{"name":"wp","href":"https:\/\/api.w.org\/{rel}","templated":true}]}}