{"id":19657,"date":"2023-09-20T08:03:32","date_gmt":"2023-09-20T07:03:32","guid":{"rendered":"https:\/\/valenciasjb.salesianos.edu\/colegio\/?p=19657"},"modified":"2023-09-20T08:03:37","modified_gmt":"2023-09-20T07:03:37","slug":"hemos-vuelto-sonando","status":"publish","type":"post","link":"https:\/\/valenciasjb.salesianos.edu\/colegio\/hemos-vuelto-sonando\/","title":{"rendered":"Hemos vuelto so\u00f1ando"},"content":{"rendered":"<div id=\"fb-root\"><\/div>\n<p>[et_pb_section fb_built=\u00bb1&#8243; admin_label=\u00bbsection\u00bb _builder_version=\u00bb4.16&#8243; global_colors_info=\u00bb{}\u00bb][et_pb_row admin_label=\u00bbrow\u00bb _builder_version=\u00bb4.16&#8243; background_size=\u00bbinitial\u00bb background_position=\u00bbtop_left\u00bb background_repeat=\u00bbrepeat\u00bb collapsed=\u00bboff\u00bb global_colors_info=\u00bb{}\u00bb][et_pb_column type=\u00bb4_4&#8243; _builder_version=\u00bb4.16&#8243; custom_padding=\u00bb|||\u00bb global_colors_info=\u00bb{}\u00bb custom_padding__hover=\u00bb|||\u00bb][et_pb_text admin_label=\u00bbEntradilla (Texto)\u00bb _builder_version=\u00bb4.22.1&#8243; text_font=\u00bb|on|||\u00bb text_orientation=\u00bbjustified\u00bb module_alignment=\u00bbjustified\u00bb hover_enabled=\u00bb0&#8243; global_colors_info=\u00bb{}\u00bb sticky_enabled=\u00bb0&#8243;]<\/p>\n<div id=\"resumen\"><strong>Durante la ma\u00f1ana del 11 de septiembre ha comenzado un nuevo curso despu\u00e9s de un largo verano. Es hora de volver al colegio con energ\u00edas renovadas y reencontrarnos con los compa\u00f1eros\/ras y profesores\/ras.<\/strong><\/div>\n<p>[\/et_pb_text][et_pb_text admin_label=\u00bbAutor (Texto)\u00bb _builder_version=\u00bb4.22.1&#8243; text_font=\u00bb||on||\u00bb global_colors_info=\u00bb{}\u00bb]Redacci\u00f3n[\/et_pb_text][et_pb_text admin_label=\u00bbDesarrollo (Texto)\u00bb _builder_version=\u00bb4.22.1&#8243; text_orientation=\u00bbjustified\u00bb module_alignment=\u00bbjustified\u00bb hover_enabled=\u00bb0&#8243; global_colors_info=\u00bb{}\u00bb sticky_enabled=\u00bb0&#8243;]<\/p>\n<p>El alumnado ha ido entrando de forma escalonada desde los m\u00e1s peque\u00f1os hasta los m\u00e1s mayores. Todo el personal del colegio los hemos recibido con una gran sonrisa y con muchos abrazos, a algunos incluso se les ha escapado alguna lagrimita. Tambi\u00e9n hemos acogido a alumnado nuevo siempre des del carisma salesiano.<\/p>\n<p>Todos los alumnos se han dirigido al teatro para ser acogidos por sus respectivos tutores y recibir informaciones de direcci\u00f3n. Despu\u00e9s han podido disfrutar de un peque\u00f1o v\u00eddeo de inicio de curso que ha preparado el claustro con mucha ilusi\u00f3n. A media ma\u00f1ana, ha comenzado el reparto del banco de libros y los servicios de matiners y comedor han comenzado a funcionar con normalidad.<\/p>\n<p>En definitiva, un nuevo curso y un nuevo lema. El lema abriendo caminos ya se ha convertido en historia y este a\u00f1o trabajaremos uno nuevo \u2018Un sue\u00f1o parati\u2019, este mensaje quiere celebrar el bicentenario del sue\u00f1o de los nueve a\u00f1os.<\/p>\n<p>Os deseamos un curso lleno de aventuras, retos y aprendizaje.<\/p>\n<p><strong>\u00a1COMIENZA EL CURSO 2023-2024!<\/strong><\/p>\n<p>[\/et_pb_text][et_pb_text disabled_on=\u00bboff|on|on\u00bb admin_label=\u00bbT\u00edtulo: Galer\u00eda de fotos (Texto)\u00bb _builder_version=\u00bb4.18.0&#8243; text_font=\u00bb|on|||\u00bb text_text_color=\u00bb#dc001b\u00bb border_style=\u00bbsolid\u00bb global_colors_info=\u00bb{}\u00bb]Galer\u00eda de im\u00e1genes[\/et_pb_text][et_pb_gallery gallery_ids=\u00bb19637,19636,19635,19634,19633,19632,19631,19630&#8243; posts_number=\u00bb8&#8243; show_title_and_caption=\u00bboff\u00bb zoom_icon_color=\u00bb#dc001b\u00bb hover_icon=\u00bb&#x54;||divi||400&#8243; disabled_on=\u00bboff|off|off\u00bb _builder_version=\u00bb4.22.1&#8243; hover_enabled=\u00bb0&#8243; pagination_font_size_tablet=\u00bb51&#8243; pagination_line_height_tablet=\u00bb2&#8243; global_colors_info=\u00bb{}\u00bb sticky_enabled=\u00bb0&#8243;][\/et_pb_gallery][et_pb_video disabled_on=\u00bbon|on|on\u00bb _builder_version=\u00bb4.16&#8243; disabled=\u00bbon\u00bb global_colors_info=\u00bb{}\u00bb][\/et_pb_video][\/et_pb_column][\/et_pb_row][\/et_pb_section]<\/p>\n<!-- AddThis Advanced Settings generic via filter on the_content --><!-- AddThis Share Buttons generic via filter on the_content -->","protected":false},"excerpt":{"rendered":"<p>Durante la ma\u00f1ana del 11 de septiembre ha comenzado un nuevo curso despu\u00e9s de un largo verano. Es hora de volver al colegio con energ\u00edas renovadas y reencontrarnos con los compa\u00f1eros\/ras y profesores\/ras.Redacci\u00f3nEl alumnado ha ido entrando de forma escalonada desde los m\u00e1s peque\u00f1os hasta los m\u00e1s mayores. Todo el personal del colegio los hemos [&hellip;]<\/p>\n<p><!-- AddThis Advanced Settings generic via filter on get_the_excerpt --><!-- AddThis Share Buttons generic via filter on get_the_excerpt --><\/p>\n","protected":false},"author":16,"featured_media":19633,"comment_status":"closed","ping_status":"open","sticky":false,"template":"","format":"standard","meta":{"_et_pb_use_builder":"on","_et_pb_old_content":"","_et_gb_content_width":"","footnotes":""},"categories":[14],"tags":[],"class_list":["post-19657","post","type-post","status-publish","format-standard","has-post-thumbnail","hentry","category-noticia_colegio"],"yoast_head":"<!-- This site is optimized with the Yoast SEO plugin v28.4 - https:\/\/yoast.com\/product\/yoast-seo-wordpress\/ -->\n<title>Hemos vuelto so\u00f1ando - Colegio San Juan Bosco Valencia<\/title>\n<meta name=\"robots\" content=\"index, follow, max-snippet:-1, max-image-preview:large, max-video-preview:-1\" \/>\n<link rel=\"canonical\" href=\"https:\/\/valenciasjb.salesianos.edu\/colegio\/hemos-vuelto-sonando\/\" \/>\n<meta property=\"og:locale\" content=\"es_ES\" \/>\n<meta property=\"og:type\" content=\"article\" \/>\n<meta property=\"og:title\" content=\"Hemos vuelto so\u00f1ando - Colegio San Juan Bosco Valencia\" \/>\n<meta property=\"og:description\" content=\"Durante la ma\u00f1ana del 11 de septiembre ha comenzado un nuevo curso despu\u00e9s de un largo verano. Es hora de volver al colegio con energ\u00edas renovadas y reencontrarnos con los compa\u00f1eros\/ras y profesores\/ras.Redacci\u00f3nEl alumnado ha ido entrando de forma escalonada desde los m\u00e1s peque\u00f1os hasta los m\u00e1s mayores. Todo el personal del colegio los hemos [&hellip;]\" \/>\n<meta property=\"og:url\" content=\"https:\/\/valenciasjb.salesianos.edu\/colegio\/hemos-vuelto-sonando\/\" \/>\n<meta property=\"og:site_name\" content=\"Colegio San Juan Bosco Valencia\" \/>\n<meta property=\"article:publisher\" content=\"https:\/\/www.facebook.com\/ColegioSalesianoSanJuanBoscoValencia\" \/>\n<meta property=\"article:published_time\" content=\"2023-09-20T07:03:32+00:00\" \/>\n<meta property=\"article:modified_time\" content=\"2023-09-20T07:03:37+00:00\" \/>\n<meta property=\"og:image\" content=\"https:\/\/valenciasjb.salesianos.edu\/colegio\/wp-content\/uploads\/sites\/2\/2023\/09\/infa-01.jpg\" \/>\n\t<meta property=\"og:image:width\" content=\"900\" \/>\n\t<meta property=\"og:image:height\" content=\"675\" \/>\n\t<meta property=\"og:image:type\" content=\"image\/jpeg\" \/>\n<meta name=\"author\" content=\"Sara Ramos Rodrigo\" \/>\n<meta name=\"twitter:card\" content=\"summary_large_image\" \/>\n<meta name=\"twitter:creator\" content=\"@SalesianosVSJB\" \/>\n<meta name=\"twitter:site\" content=\"@SalesianosVSJB\" \/>\n<meta name=\"twitter:label1\" content=\"Escrito por\" \/>\n\t<meta name=\"twitter:data1\" content=\"Sara Ramos Rodrigo\" \/>\n\t<meta name=\"twitter:label2\" content=\"Tiempo de lectura\" \/>\n\t<meta name=\"twitter:data2\" content=\"2 minutos\" \/>\n<script type=\"application\/ld+json\" class=\"yoast-schema-graph\">{\"@context\":\"https:\\\/\\\/schema.org\",\"@graph\":[{\"@type\":\"Article\",\"@id\":\"https:\\\/\\\/valenciasjb.salesianos.edu\\\/colegio\\\/hemos-vuelto-sonando\\\/#article\",\"isPartOf\":{\"@id\":\"https:\\\/\\\/valenciasjb.salesianos.edu\\\/colegio\\\/hemos-vuelto-sonando\\\/\"},\"author\":{\"name\":\"Sara Ramos Rodrigo\",\"@id\":\"https:\\\/\\\/valenciasjb.salesianos.edu\\\/colegio\\\/#\\\/schema\\\/person\\\/c2b8d841217188e90f343f5f3d28a2a6\"},\"headline\":\"Hemos vuelto so\u00f1ando\",\"datePublished\":\"2023-09-20T07:03:32+00:00\",\"dateModified\":\"2023-09-20T07:03:37+00:00\",\"mainEntityOfPage\":{\"@id\":\"https:\\\/\\\/valenciasjb.salesianos.edu\\\/colegio\\\/hemos-vuelto-sonando\\\/\"},\"wordCount\":463,\"image\":{\"@id\":\"https:\\\/\\\/valenciasjb.salesianos.edu\\\/colegio\\\/hemos-vuelto-sonando\\\/#primaryimage\"},\"thumbnailUrl\":\"https:\\\/\\\/valenciasjb.salesianos.edu\\\/colegio\\\/wp-content\\\/uploads\\\/sites\\\/2\\\/2023\\\/09\\\/infa-01.jpg\",\"articleSection\":[\"Noticia Colegio\"],\"inLanguage\":\"es\"},{\"@type\":\"WebPage\",\"@id\":\"https:\\\/\\\/valenciasjb.salesianos.edu\\\/colegio\\\/hemos-vuelto-sonando\\\/\",\"url\":\"https:\\\/\\\/valenciasjb.salesianos.edu\\\/colegio\\\/hemos-vuelto-sonando\\\/\",\"name\":\"Hemos vuelto so\u00f1ando - Colegio San Juan Bosco Valencia\",\"isPartOf\":{\"@id\":\"https:\\\/\\\/valenciasjb.salesianos.edu\\\/colegio\\\/#website\"},\"primaryImageOfPage\":{\"@id\":\"https:\\\/\\\/valenciasjb.salesianos.edu\\\/colegio\\\/hemos-vuelto-sonando\\\/#primaryimage\"},\"image\":{\"@id\":\"https:\\\/\\\/valenciasjb.salesianos.edu\\\/colegio\\\/hemos-vuelto-sonando\\\/#primaryimage\"},\"thumbnailUrl\":\"https:\\\/\\\/valenciasjb.salesianos.edu\\\/colegio\\\/wp-content\\\/uploads\\\/sites\\\/2\\\/2023\\\/09\\\/infa-01.jpg\",\"datePublished\":\"2023-09-20T07:03:32+00:00\",\"dateModified\":\"2023-09-20T07:03:37+00:00\",\"author\":{\"@id\":\"https:\\\/\\\/valenciasjb.salesianos.edu\\\/colegio\\\/#\\\/schema\\\/person\\\/c2b8d841217188e90f343f5f3d28a2a6\"},\"breadcrumb\":{\"@id\":\"https:\\\/\\\/valenciasjb.salesianos.edu\\\/colegio\\\/hemos-vuelto-sonando\\\/#breadcrumb\"},\"inLanguage\":\"es\",\"potentialAction\":[{\"@type\":\"ReadAction\",\"target\":[\"https:\\\/\\\/valenciasjb.salesianos.edu\\\/colegio\\\/hemos-vuelto-sonando\\\/\"]}]},{\"@type\":\"ImageObject\",\"inLanguage\":\"es\",\"@id\":\"https:\\\/\\\/valenciasjb.salesianos.edu\\\/colegio\\\/hemos-vuelto-sonando\\\/#primaryimage\",\"url\":\"https:\\\/\\\/valenciasjb.salesianos.edu\\\/colegio\\\/wp-content\\\/uploads\\\/sites\\\/2\\\/2023\\\/09\\\/infa-01.jpg\",\"contentUrl\":\"https:\\\/\\\/valenciasjb.salesianos.edu\\\/colegio\\\/wp-content\\\/uploads\\\/sites\\\/2\\\/2023\\\/09\\\/infa-01.jpg\",\"width\":900,\"height\":675,\"caption\":\"OLYMPUS DIGITAL CAMERA\"},{\"@type\":\"BreadcrumbList\",\"@id\":\"https:\\\/\\\/valenciasjb.salesianos.edu\\\/colegio\\\/hemos-vuelto-sonando\\\/#breadcrumb\",\"itemListElement\":[{\"@type\":\"ListItem\",\"position\":1,\"name\":\"Portada\",\"item\":\"https:\\\/\\\/valenciasjb.salesianos.edu\\\/colegio\\\/\"},{\"@type\":\"ListItem\",\"position\":2,\"name\":\"Hemos vuelto so\u00f1ando\"}]},{\"@type\":\"WebSite\",\"@id\":\"https:\\\/\\\/valenciasjb.salesianos.edu\\\/colegio\\\/#website\",\"url\":\"https:\\\/\\\/valenciasjb.salesianos.edu\\\/colegio\\\/\",\"name\":\"Colegio San Juan Bosco Valencia\",\"description\":\"P\u00e1gina oficial del Colegio Salesianos San Juan Bosco Valencia\",\"alternateName\":\"Salesianos.VSJB\",\"potentialAction\":[{\"@type\":\"SearchAction\",\"target\":{\"@type\":\"EntryPoint\",\"urlTemplate\":\"https:\\\/\\\/valenciasjb.salesianos.edu\\\/colegio\\\/?s={search_term_string}\"},\"query-input\":{\"@type\":\"PropertyValueSpecification\",\"valueRequired\":true,\"valueName\":\"search_term_string\"}}],\"inLanguage\":\"es\"},{\"@type\":\"Person\",\"@id\":\"https:\\\/\\\/valenciasjb.salesianos.edu\\\/colegio\\\/#\\\/schema\\\/person\\\/c2b8d841217188e90f343f5f3d28a2a6\",\"name\":\"Sara Ramos Rodrigo\",\"image\":{\"@type\":\"ImageObject\",\"inLanguage\":\"es\",\"@id\":\"https:\\\/\\\/secure.gravatar.com\\\/avatar\\\/8d44a8429219ab1f148330216fdea0ab1b3792fb59606020b12d2131ba0e80bf?s=96&d=mm&r=g\",\"url\":\"https:\\\/\\\/secure.gravatar.com\\\/avatar\\\/8d44a8429219ab1f148330216fdea0ab1b3792fb59606020b12d2131ba0e80bf?s=96&d=mm&r=g\",\"contentUrl\":\"https:\\\/\\\/secure.gravatar.com\\\/avatar\\\/8d44a8429219ab1f148330216fdea0ab1b3792fb59606020b12d2131ba0e80bf?s=96&d=mm&r=g\",\"caption\":\"Sara Ramos Rodrigo\"}}]}<\/script>\n<!-- \/ Yoast SEO plugin. -->","yoast_head_json":{"title":"Hemos vuelto so\u00f1ando - Colegio San Juan Bosco Valencia","robots":{"index":"index","follow":"follow","max-snippet":"max-snippet:-1","max-image-preview":"max-image-preview:large","max-video-preview":"max-video-preview:-1"},"canonical":"https:\/\/valenciasjb.salesianos.edu\/colegio\/hemos-vuelto-sonando\/","og_locale":"es_ES","og_type":"article","og_title":"Hemos vuelto so\u00f1ando - Colegio San Juan Bosco Valencia","og_description":"Durante la ma\u00f1ana del 11 de septiembre ha comenzado un nuevo curso despu\u00e9s de un largo verano. Es hora de volver al colegio con energ\u00edas renovadas y reencontrarnos con los compa\u00f1eros\/ras y profesores\/ras.Redacci\u00f3nEl alumnado ha ido entrando de forma escalonada desde los m\u00e1s peque\u00f1os hasta los m\u00e1s mayores. Todo el personal del colegio los hemos [&hellip;]","og_url":"https:\/\/valenciasjb.salesianos.edu\/colegio\/hemos-vuelto-sonando\/","og_site_name":"Colegio San Juan Bosco Valencia","article_publisher":"https:\/\/www.facebook.com\/ColegioSalesianoSanJuanBoscoValencia","article_published_time":"2023-09-20T07:03:32+00:00","article_modified_time":"2023-09-20T07:03:37+00:00","og_image":[{"width":900,"height":675,"url":"https:\/\/valenciasjb.salesianos.edu\/colegio\/wp-content\/uploads\/sites\/2\/2023\/09\/infa-01.jpg","type":"image\/jpeg"}],"author":"Sara Ramos Rodrigo","twitter_card":"summary_large_image","twitter_creator":"@SalesianosVSJB","twitter_site":"@SalesianosVSJB","twitter_misc":{"Escrito por":"Sara Ramos Rodrigo","Tiempo de lectura":"2 minutos"},"schema":{"@context":"https:\/\/schema.org","@graph":[{"@type":"Article","@id":"https:\/\/valenciasjb.salesianos.edu\/colegio\/hemos-vuelto-sonando\/#article","isPartOf":{"@id":"https:\/\/valenciasjb.salesianos.edu\/colegio\/hemos-vuelto-sonando\/"},"author":{"name":"Sara Ramos Rodrigo","@id":"https:\/\/valenciasjb.salesianos.edu\/colegio\/#\/schema\/person\/c2b8d841217188e90f343f5f3d28a2a6"},"headline":"Hemos vuelto so\u00f1ando","datePublished":"2023-09-20T07:03:32+00:00","dateModified":"2023-09-20T07:03:37+00:00","mainEntityOfPage":{"@id":"https:\/\/valenciasjb.salesianos.edu\/colegio\/hemos-vuelto-sonando\/"},"wordCount":463,"image":{"@id":"https:\/\/valenciasjb.salesianos.edu\/colegio\/hemos-vuelto-sonando\/#primaryimage"},"thumbnailUrl":"https:\/\/valenciasjb.salesianos.edu\/colegio\/wp-content\/uploads\/sites\/2\/2023\/09\/infa-01.jpg","articleSection":["Noticia Colegio"],"inLanguage":"es"},{"@type":"WebPage","@id":"https:\/\/valenciasjb.salesianos.edu\/colegio\/hemos-vuelto-sonando\/","url":"https:\/\/valenciasjb.salesianos.edu\/colegio\/hemos-vuelto-sonando\/","name":"Hemos vuelto so\u00f1ando - Colegio San Juan Bosco Valencia","isPartOf":{"@id":"https:\/\/valenciasjb.salesianos.edu\/colegio\/#website"},"primaryImageOfPage":{"@id":"https:\/\/valenciasjb.salesianos.edu\/colegio\/hemos-vuelto-sonando\/#primaryimage"},"image":{"@id":"https:\/\/valenciasjb.salesianos.edu\/colegio\/hemos-vuelto-sonando\/#primaryimage"},"thumbnailUrl":"https:\/\/valenciasjb.salesianos.edu\/colegio\/wp-content\/uploads\/sites\/2\/2023\/09\/infa-01.jpg","datePublished":"2023-09-20T07:03:32+00:00","dateModified":"2023-09-20T07:03:37+00:00","author":{"@id":"https:\/\/valenciasjb.salesianos.edu\/colegio\/#\/schema\/person\/c2b8d841217188e90f343f5f3d28a2a6"},"breadcrumb":{"@id":"https:\/\/valenciasjb.salesianos.edu\/colegio\/hemos-vuelto-sonando\/#breadcrumb"},"inLanguage":"es","potentialAction":[{"@type":"ReadAction","target":["https:\/\/valenciasjb.salesianos.edu\/colegio\/hemos-vuelto-sonando\/"]}]},{"@type":"ImageObject","inLanguage":"es","@id":"https:\/\/valenciasjb.salesianos.edu\/colegio\/hemos-vuelto-sonando\/#primaryimage","url":"https:\/\/valenciasjb.salesianos.edu\/colegio\/wp-content\/uploads\/sites\/2\/2023\/09\/infa-01.jpg","contentUrl":"https:\/\/valenciasjb.salesianos.edu\/colegio\/wp-content\/uploads\/sites\/2\/2023\/09\/infa-01.jpg","width":900,"height":675,"caption":"OLYMPUS DIGITAL CAMERA"},{"@type":"BreadcrumbList","@id":"https:\/\/valenciasjb.salesianos.edu\/colegio\/hemos-vuelto-sonando\/#breadcrumb","itemListElement":[{"@type":"ListItem","position":1,"name":"Portada","item":"https:\/\/valenciasjb.salesianos.edu\/colegio\/"},{"@type":"ListItem","position":2,"name":"Hemos vuelto so\u00f1ando"}]},{"@type":"WebSite","@id":"https:\/\/valenciasjb.salesianos.edu\/colegio\/#website","url":"https:\/\/valenciasjb.salesianos.edu\/colegio\/","name":"Colegio San Juan Bosco Valencia","description":"P\u00e1gina oficial del Colegio Salesianos San Juan Bosco Valencia","alternateName":"Salesianos.VSJB","potentialAction":[{"@type":"SearchAction","target":{"@type":"EntryPoint","urlTemplate":"https:\/\/valenciasjb.salesianos.edu\/colegio\/?s={search_term_string}"},"query-input":{"@type":"PropertyValueSpecification","valueRequired":true,"valueName":"search_term_string"}}],"inLanguage":"es"},{"@type":"Person","@id":"https:\/\/valenciasjb.salesianos.edu\/colegio\/#\/schema\/person\/c2b8d841217188e90f343f5f3d28a2a6","name":"Sara Ramos Rodrigo","image":{"@type":"ImageObject","inLanguage":"es","@id":"https:\/\/secure.gravatar.com\/avatar\/8d44a8429219ab1f148330216fdea0ab1b3792fb59606020b12d2131ba0e80bf?s=96&d=mm&r=g","url":"https:\/\/secure.gravatar.com\/avatar\/8d44a8429219ab1f148330216fdea0ab1b3792fb59606020b12d2131ba0e80bf?s=96&d=mm&r=g","contentUrl":"https:\/\/secure.gravatar.com\/avatar\/8d44a8429219ab1f148330216fdea0ab1b3792fb59606020b12d2131ba0e80bf?s=96&d=mm&r=g","caption":"Sara Ramos Rodrigo"}}]}},"_links":{"self":[{"href":"https:\/\/valenciasjb.salesianos.edu\/colegio\/wp-json\/wp\/v2\/posts\/19657","targetHints":{"allow":["GET"]}}],"collection":[{"href":"https:\/\/valenciasjb.salesianos.edu\/colegio\/wp-json\/wp\/v2\/posts"}],"about":[{"href":"https:\/\/valenciasjb.salesianos.edu\/colegio\/wp-json\/wp\/v2\/types\/post"}],"author":[{"embeddable":true,"href":"https:\/\/valenciasjb.salesianos.edu\/colegio\/wp-json\/wp\/v2\/users\/16"}],"replies":[{"embeddable":true,"href":"https:\/\/valenciasjb.salesianos.edu\/colegio\/wp-json\/wp\/v2\/comments?post=19657"}],"version-history":[{"count":8,"href":"https:\/\/valenciasjb.salesianos.edu\/colegio\/wp-json\/wp\/v2\/posts\/19657\/revisions"}],"predecessor-version":[{"id":19674,"href":"https:\/\/valenciasjb.salesianos.edu\/colegio\/wp-json\/wp\/v2\/posts\/19657\/revisions\/19674"}],"wp:featuredmedia":[{"embeddable":true,"href":"https:\/\/valenciasjb.salesianos.edu\/colegio\/wp-json\/wp\/v2\/media\/19633"}],"wp:attachment":[{"href":"https:\/\/valenciasjb.salesianos.edu\/colegio\/wp-json\/wp\/v2\/media?parent=19657"}],"wp:term":[{"taxonomy":"category","embeddable":true,"href":"https:\/\/valenciasjb.salesianos.edu\/colegio\/wp-json\/wp\/v2\/categories?post=19657"},{"taxonomy":"post_tag","embeddable":true,"href":"https:\/\/valenciasjb.salesianos.edu\/colegio\/wp-json\/wp\/v2\/tags?post=19657"}],"curies":[{"name":"wp","href":"https:\/\/api.w.org\/{rel}","templated":true}]}}