{"id":19855,"date":"2023-12-01T12:42:11","date_gmt":"2023-12-01T11:42:11","guid":{"rendered":"https:\/\/valenciasjb.salesianos.edu\/colegio\/?p=19855"},"modified":"2023-12-05T14:04:36","modified_gmt":"2023-12-05T13:04:36","slug":"educacion-infantil-presenta-en-las-aulas-la-caja-de-la-calma","status":"publish","type":"post","link":"https:\/\/valenciasjb.salesianos.edu\/colegio\/educacion-infantil-presenta-en-las-aulas-la-caja-de-la-calma\/","title":{"rendered":"Educaci\u00f3n Infantil presenta en las aulas la caja de la calma"},"content":{"rendered":"<div id=\"fb-root\"><\/div>\n<p>[et_pb_section fb_built=\u00bb1&#8243; admin_label=\u00bbsection\u00bb _builder_version=\u00bb4.16&#8243; global_colors_info=\u00bb{}\u00bb][et_pb_row admin_label=\u00bbrow\u00bb _builder_version=\u00bb4.16&#8243; background_size=\u00bbinitial\u00bb background_position=\u00bbtop_left\u00bb background_repeat=\u00bbrepeat\u00bb global_colors_info=\u00bb{}\u00bb][et_pb_column type=\u00bb4_4&#8243; _builder_version=\u00bb4.16&#8243; custom_padding=\u00bb|||\u00bb global_colors_info=\u00bb{}\u00bb custom_padding__hover=\u00bb|||\u00bb][et_pb_blurb title=\u00bb Gestionando las emociones con los m\u00e1s peque\u00f1os\u00bb image=\u00bbhttps:\/\/valenciasjb.salesianos.edu\/colegio\/wp-content\/uploads\/sites\/2\/2023\/12\/IMG_4866.jpg\u00bb _builder_version=\u00bb4.23.1&#8243; _module_preset=\u00bbdefault\u00bb hover_enabled=\u00bb0&#8243; global_colors_info=\u00bb{}\u00bb sticky_enabled=\u00bb0&#8243;]<\/p>\n<p style=\"text-align: left\"><strong>Esther Garc\u00eda. Maestra de Ed. Infantil y miembro del equipo \u00abSomriu en las aulas\u00bb del colegio.<\/strong><br \/><strong>La etapa de Educaci\u00f3n Infantil inicia el mes de noviembre con \u201cla caja de la calma\u201d en<\/strong><br \/><strong>todas sus aulas. El colegio continua implantando metodolog\u00edas innovadoras en la<\/strong><br \/><strong>educaci\u00f3n para la gesti\u00f3n emocional.<\/strong><\/p>\n<p style=\"text-align: left\">Hace ya unos 7 a\u00f1os, un grupo de docentes del colegio, inici\u00e1bamos un curso de formaci\u00f3n<br \/>para mejorar nuestra intervenci\u00f3n educativa a la hora de ayudar a nuestros peque\u00f1os y<br \/>peque\u00f1as en su gesti\u00f3n emocional.<br \/>El programa SOMRIU, ofrec\u00eda a los asistentes herramientas sencillas para poner en pr\u00e1ctica<br \/>dentro y fuera del aula, tanto con uno mismo como con sus alumnos, a fin de facilitar el<br \/>autoconocimiento, autocontrol y autocuidado.<br \/>Desde entonces el programa ha evolucionado mucho, dando pasos de gigante e implant\u00e1ndose<br \/>en todas las aulas de nuestro centro.<br \/>Hace dos semanas se presentaba en infantil la caja de la calma. Se trata de una caja presente<br \/>en cada aula, cuyo objetivo primero es ayudar a los m\u00e1s peque\u00f1os a gestionar la rabia,<br \/>derivada en la gran mayor\u00eda de las ocasiones a la baja tolerancia a la frustraci\u00f3n.<br \/>La caja contiene numerosos elementos como reloj de arena, bola geom\u00e9trica, antifaz, pluma<br \/>sensorial, saquito arom\u00e1tico&#8230; Dichos elementos se introducen poco a poco, seg\u00fan el momento<br \/>evolutivo del grupo, para procurar un uso funcional y de \u00e9xito.<br \/>As\u00ed pues, el trabajo consiste en ayudar a los ni\u00f1os y ni\u00f1as a localizar en s\u00ed mismos ese<br \/>momento en el que empezamos a sentir enfado, para poder acudir a la caja de la calma y<br \/>respirar acompa\u00f1ados de alg\u00fan elemento que nos ayude a centrarnos en nosotros, nuestro<br \/>cuerpo, el sonido de nuestra respiraci\u00f3n&#8230; evitando as\u00ed llegar a rabietas descontroladas fruto de<br \/>la ira.<br \/>No se trata, por tanto, de evitar que los ni\u00f1os sientan enfado o disgusto, sino de ayudarlos a<br \/>sentir todo eso de manera controlada para conversar y pedir ayuda desde la calma, la<br \/>tolerancia y el equilibrio.<\/p>\n<p>[\/et_pb_blurb][\/et_pb_column][\/et_pb_row][\/et_pb_section]<\/p>\n<!-- AddThis Advanced Settings generic via filter on the_content --><!-- AddThis Share Buttons generic via filter on the_content -->","protected":false},"excerpt":{"rendered":"<p>Esther Garc\u00eda. Maestra de Ed. Infantil y miembro del equipo \u00abSomriu en las aulas\u00bb del colegio.La etapa de Educaci\u00f3n Infantil inicia el mes de noviembre con \u201cla caja de la calma\u201d entodas sus aulas. El colegio continua implantando metodolog\u00edas innovadoras en laeducaci\u00f3n para la gesti\u00f3n emocional. Hace ya unos 7 a\u00f1os, un grupo de docentes [&hellip;]<\/p>\n<p><!-- AddThis Advanced Settings generic via filter on get_the_excerpt --><!-- AddThis Share Buttons generic via filter on get_the_excerpt --><\/p>\n","protected":false},"author":16,"featured_media":19860,"comment_status":"closed","ping_status":"open","sticky":false,"template":"","format":"standard","meta":{"_et_pb_use_builder":"on","_et_pb_old_content":"","_et_gb_content_width":"","footnotes":""},"categories":[14,1],"tags":[],"class_list":["post-19855","post","type-post","status-publish","format-standard","has-post-thumbnail","hentry","category-noticia_colegio","category-uncategorized"],"yoast_head":"<!-- This site is optimized with the Yoast SEO plugin v28.4 - https:\/\/yoast.com\/product\/yoast-seo-wordpress\/ -->\n<title>Educaci\u00f3n Infantil presenta en las aulas la caja de la calma - Colegio San Juan Bosco Valencia<\/title>\n<meta name=\"robots\" content=\"index, follow, max-snippet:-1, max-image-preview:large, max-video-preview:-1\" \/>\n<link rel=\"canonical\" href=\"https:\/\/valenciasjb.salesianos.edu\/colegio\/educacion-infantil-presenta-en-las-aulas-la-caja-de-la-calma\/\" \/>\n<meta property=\"og:locale\" content=\"es_ES\" \/>\n<meta property=\"og:type\" content=\"article\" \/>\n<meta property=\"og:title\" content=\"Educaci\u00f3n Infantil presenta en las aulas la caja de la calma - Colegio San Juan Bosco Valencia\" \/>\n<meta property=\"og:description\" content=\"Esther Garc\u00eda. Maestra de Ed. Infantil y miembro del equipo &quot;Somriu en las aulas&quot; del colegio.La etapa de Educaci\u00f3n Infantil inicia el mes de noviembre con \u201cla caja de la calma\u201d entodas sus aulas. El colegio continua implantando metodolog\u00edas innovadoras en laeducaci\u00f3n para la gesti\u00f3n emocional. Hace ya unos 7 a\u00f1os, un grupo de docentes [&hellip;]\" \/>\n<meta property=\"og:url\" content=\"https:\/\/valenciasjb.salesianos.edu\/colegio\/educacion-infantil-presenta-en-las-aulas-la-caja-de-la-calma\/\" \/>\n<meta property=\"og:site_name\" content=\"Colegio San Juan Bosco Valencia\" \/>\n<meta property=\"article:publisher\" content=\"https:\/\/www.facebook.com\/ColegioSalesianoSanJuanBoscoValencia\" \/>\n<meta property=\"article:published_time\" content=\"2023-12-01T11:42:11+00:00\" \/>\n<meta property=\"article:modified_time\" content=\"2023-12-05T13:04:36+00:00\" \/>\n<meta property=\"og:image\" content=\"https:\/\/valenciasjb.salesianos.edu\/colegio\/wp-content\/uploads\/sites\/2\/2023\/12\/IMG_4867.jpg\" \/>\n\t<meta property=\"og:image:width\" content=\"828\" \/>\n\t<meta property=\"og:image:height\" content=\"613\" \/>\n\t<meta property=\"og:image:type\" content=\"image\/jpeg\" \/>\n<meta name=\"author\" content=\"Sara Ramos Rodrigo\" \/>\n<meta name=\"twitter:card\" content=\"summary_large_image\" \/>\n<meta name=\"twitter:creator\" content=\"@SalesianosVSJB\" \/>\n<meta name=\"twitter:site\" content=\"@SalesianosVSJB\" \/>\n<meta name=\"twitter:label1\" content=\"Escrito por\" \/>\n\t<meta name=\"twitter:data1\" content=\"Sara Ramos Rodrigo\" \/>\n\t<meta name=\"twitter:label2\" content=\"Tiempo de lectura\" \/>\n\t<meta name=\"twitter:data2\" content=\"2 minutos\" \/>\n<script type=\"application\/ld+json\" class=\"yoast-schema-graph\">{\"@context\":\"https:\\\/\\\/schema.org\",\"@graph\":[{\"@type\":\"Article\",\"@id\":\"https:\\\/\\\/valenciasjb.salesianos.edu\\\/colegio\\\/educacion-infantil-presenta-en-las-aulas-la-caja-de-la-calma\\\/#article\",\"isPartOf\":{\"@id\":\"https:\\\/\\\/valenciasjb.salesianos.edu\\\/colegio\\\/educacion-infantil-presenta-en-las-aulas-la-caja-de-la-calma\\\/\"},\"author\":{\"name\":\"Sara Ramos Rodrigo\",\"@id\":\"https:\\\/\\\/valenciasjb.salesianos.edu\\\/colegio\\\/#\\\/schema\\\/person\\\/c2b8d841217188e90f343f5f3d28a2a6\"},\"headline\":\"Educaci\u00f3n Infantil presenta en las aulas la caja de la calma\",\"datePublished\":\"2023-12-01T11:42:11+00:00\",\"dateModified\":\"2023-12-05T13:04:36+00:00\",\"mainEntityOfPage\":{\"@id\":\"https:\\\/\\\/valenciasjb.salesianos.edu\\\/colegio\\\/educacion-infantil-presenta-en-las-aulas-la-caja-de-la-calma\\\/\"},\"wordCount\":448,\"image\":{\"@id\":\"https:\\\/\\\/valenciasjb.salesianos.edu\\\/colegio\\\/educacion-infantil-presenta-en-las-aulas-la-caja-de-la-calma\\\/#primaryimage\"},\"thumbnailUrl\":\"https:\\\/\\\/valenciasjb.salesianos.edu\\\/colegio\\\/wp-content\\\/uploads\\\/sites\\\/2\\\/2023\\\/12\\\/IMG_4867.jpg\",\"articleSection\":[\"Noticia Colegio\",\"Uncategorized\"],\"inLanguage\":\"es\"},{\"@type\":\"WebPage\",\"@id\":\"https:\\\/\\\/valenciasjb.salesianos.edu\\\/colegio\\\/educacion-infantil-presenta-en-las-aulas-la-caja-de-la-calma\\\/\",\"url\":\"https:\\\/\\\/valenciasjb.salesianos.edu\\\/colegio\\\/educacion-infantil-presenta-en-las-aulas-la-caja-de-la-calma\\\/\",\"name\":\"Educaci\u00f3n Infantil presenta en las aulas la caja de la calma - Colegio San Juan Bosco Valencia\",\"isPartOf\":{\"@id\":\"https:\\\/\\\/valenciasjb.salesianos.edu\\\/colegio\\\/#website\"},\"primaryImageOfPage\":{\"@id\":\"https:\\\/\\\/valenciasjb.salesianos.edu\\\/colegio\\\/educacion-infantil-presenta-en-las-aulas-la-caja-de-la-calma\\\/#primaryimage\"},\"image\":{\"@id\":\"https:\\\/\\\/valenciasjb.salesianos.edu\\\/colegio\\\/educacion-infantil-presenta-en-las-aulas-la-caja-de-la-calma\\\/#primaryimage\"},\"thumbnailUrl\":\"https:\\\/\\\/valenciasjb.salesianos.edu\\\/colegio\\\/wp-content\\\/uploads\\\/sites\\\/2\\\/2023\\\/12\\\/IMG_4867.jpg\",\"datePublished\":\"2023-12-01T11:42:11+00:00\",\"dateModified\":\"2023-12-05T13:04:36+00:00\",\"author\":{\"@id\":\"https:\\\/\\\/valenciasjb.salesianos.edu\\\/colegio\\\/#\\\/schema\\\/person\\\/c2b8d841217188e90f343f5f3d28a2a6\"},\"breadcrumb\":{\"@id\":\"https:\\\/\\\/valenciasjb.salesianos.edu\\\/colegio\\\/educacion-infantil-presenta-en-las-aulas-la-caja-de-la-calma\\\/#breadcrumb\"},\"inLanguage\":\"es\",\"potentialAction\":[{\"@type\":\"ReadAction\",\"target\":[\"https:\\\/\\\/valenciasjb.salesianos.edu\\\/colegio\\\/educacion-infantil-presenta-en-las-aulas-la-caja-de-la-calma\\\/\"]}]},{\"@type\":\"ImageObject\",\"inLanguage\":\"es\",\"@id\":\"https:\\\/\\\/valenciasjb.salesianos.edu\\\/colegio\\\/educacion-infantil-presenta-en-las-aulas-la-caja-de-la-calma\\\/#primaryimage\",\"url\":\"https:\\\/\\\/valenciasjb.salesianos.edu\\\/colegio\\\/wp-content\\\/uploads\\\/sites\\\/2\\\/2023\\\/12\\\/IMG_4867.jpg\",\"contentUrl\":\"https:\\\/\\\/valenciasjb.salesianos.edu\\\/colegio\\\/wp-content\\\/uploads\\\/sites\\\/2\\\/2023\\\/12\\\/IMG_4867.jpg\",\"width\":828,\"height\":613},{\"@type\":\"BreadcrumbList\",\"@id\":\"https:\\\/\\\/valenciasjb.salesianos.edu\\\/colegio\\\/educacion-infantil-presenta-en-las-aulas-la-caja-de-la-calma\\\/#breadcrumb\",\"itemListElement\":[{\"@type\":\"ListItem\",\"position\":1,\"name\":\"Portada\",\"item\":\"https:\\\/\\\/valenciasjb.salesianos.edu\\\/colegio\\\/\"},{\"@type\":\"ListItem\",\"position\":2,\"name\":\"Educaci\u00f3n Infantil presenta en las aulas la caja de la calma\"}]},{\"@type\":\"WebSite\",\"@id\":\"https:\\\/\\\/valenciasjb.salesianos.edu\\\/colegio\\\/#website\",\"url\":\"https:\\\/\\\/valenciasjb.salesianos.edu\\\/colegio\\\/\",\"name\":\"Colegio San Juan Bosco Valencia\",\"description\":\"P\u00e1gina oficial del Colegio Salesianos San Juan Bosco Valencia\",\"alternateName\":\"Salesianos.VSJB\",\"potentialAction\":[{\"@type\":\"SearchAction\",\"target\":{\"@type\":\"EntryPoint\",\"urlTemplate\":\"https:\\\/\\\/valenciasjb.salesianos.edu\\\/colegio\\\/?s={search_term_string}\"},\"query-input\":{\"@type\":\"PropertyValueSpecification\",\"valueRequired\":true,\"valueName\":\"search_term_string\"}}],\"inLanguage\":\"es\"},{\"@type\":\"Person\",\"@id\":\"https:\\\/\\\/valenciasjb.salesianos.edu\\\/colegio\\\/#\\\/schema\\\/person\\\/c2b8d841217188e90f343f5f3d28a2a6\",\"name\":\"Sara Ramos Rodrigo\",\"image\":{\"@type\":\"ImageObject\",\"inLanguage\":\"es\",\"@id\":\"https:\\\/\\\/secure.gravatar.com\\\/avatar\\\/8d44a8429219ab1f148330216fdea0ab1b3792fb59606020b12d2131ba0e80bf?s=96&d=mm&r=g\",\"url\":\"https:\\\/\\\/secure.gravatar.com\\\/avatar\\\/8d44a8429219ab1f148330216fdea0ab1b3792fb59606020b12d2131ba0e80bf?s=96&d=mm&r=g\",\"contentUrl\":\"https:\\\/\\\/secure.gravatar.com\\\/avatar\\\/8d44a8429219ab1f148330216fdea0ab1b3792fb59606020b12d2131ba0e80bf?s=96&d=mm&r=g\",\"caption\":\"Sara Ramos Rodrigo\"}}]}<\/script>\n<!-- \/ Yoast SEO plugin. -->","yoast_head_json":{"title":"Educaci\u00f3n Infantil presenta en las aulas la caja de la calma - Colegio San Juan Bosco Valencia","robots":{"index":"index","follow":"follow","max-snippet":"max-snippet:-1","max-image-preview":"max-image-preview:large","max-video-preview":"max-video-preview:-1"},"canonical":"https:\/\/valenciasjb.salesianos.edu\/colegio\/educacion-infantil-presenta-en-las-aulas-la-caja-de-la-calma\/","og_locale":"es_ES","og_type":"article","og_title":"Educaci\u00f3n Infantil presenta en las aulas la caja de la calma - Colegio San Juan Bosco Valencia","og_description":"Esther Garc\u00eda. Maestra de Ed. Infantil y miembro del equipo \"Somriu en las aulas\" del colegio.La etapa de Educaci\u00f3n Infantil inicia el mes de noviembre con \u201cla caja de la calma\u201d entodas sus aulas. El colegio continua implantando metodolog\u00edas innovadoras en laeducaci\u00f3n para la gesti\u00f3n emocional. Hace ya unos 7 a\u00f1os, un grupo de docentes [&hellip;]","og_url":"https:\/\/valenciasjb.salesianos.edu\/colegio\/educacion-infantil-presenta-en-las-aulas-la-caja-de-la-calma\/","og_site_name":"Colegio San Juan Bosco Valencia","article_publisher":"https:\/\/www.facebook.com\/ColegioSalesianoSanJuanBoscoValencia","article_published_time":"2023-12-01T11:42:11+00:00","article_modified_time":"2023-12-05T13:04:36+00:00","og_image":[{"width":828,"height":613,"url":"https:\/\/valenciasjb.salesianos.edu\/colegio\/wp-content\/uploads\/sites\/2\/2023\/12\/IMG_4867.jpg","type":"image\/jpeg"}],"author":"Sara Ramos Rodrigo","twitter_card":"summary_large_image","twitter_creator":"@SalesianosVSJB","twitter_site":"@SalesianosVSJB","twitter_misc":{"Escrito por":"Sara Ramos Rodrigo","Tiempo de lectura":"2 minutos"},"schema":{"@context":"https:\/\/schema.org","@graph":[{"@type":"Article","@id":"https:\/\/valenciasjb.salesianos.edu\/colegio\/educacion-infantil-presenta-en-las-aulas-la-caja-de-la-calma\/#article","isPartOf":{"@id":"https:\/\/valenciasjb.salesianos.edu\/colegio\/educacion-infantil-presenta-en-las-aulas-la-caja-de-la-calma\/"},"author":{"name":"Sara Ramos Rodrigo","@id":"https:\/\/valenciasjb.salesianos.edu\/colegio\/#\/schema\/person\/c2b8d841217188e90f343f5f3d28a2a6"},"headline":"Educaci\u00f3n Infantil presenta en las aulas la caja de la calma","datePublished":"2023-12-01T11:42:11+00:00","dateModified":"2023-12-05T13:04:36+00:00","mainEntityOfPage":{"@id":"https:\/\/valenciasjb.salesianos.edu\/colegio\/educacion-infantil-presenta-en-las-aulas-la-caja-de-la-calma\/"},"wordCount":448,"image":{"@id":"https:\/\/valenciasjb.salesianos.edu\/colegio\/educacion-infantil-presenta-en-las-aulas-la-caja-de-la-calma\/#primaryimage"},"thumbnailUrl":"https:\/\/valenciasjb.salesianos.edu\/colegio\/wp-content\/uploads\/sites\/2\/2023\/12\/IMG_4867.jpg","articleSection":["Noticia Colegio","Uncategorized"],"inLanguage":"es"},{"@type":"WebPage","@id":"https:\/\/valenciasjb.salesianos.edu\/colegio\/educacion-infantil-presenta-en-las-aulas-la-caja-de-la-calma\/","url":"https:\/\/valenciasjb.salesianos.edu\/colegio\/educacion-infantil-presenta-en-las-aulas-la-caja-de-la-calma\/","name":"Educaci\u00f3n Infantil presenta en las aulas la caja de la calma - Colegio San Juan Bosco Valencia","isPartOf":{"@id":"https:\/\/valenciasjb.salesianos.edu\/colegio\/#website"},"primaryImageOfPage":{"@id":"https:\/\/valenciasjb.salesianos.edu\/colegio\/educacion-infantil-presenta-en-las-aulas-la-caja-de-la-calma\/#primaryimage"},"image":{"@id":"https:\/\/valenciasjb.salesianos.edu\/colegio\/educacion-infantil-presenta-en-las-aulas-la-caja-de-la-calma\/#primaryimage"},"thumbnailUrl":"https:\/\/valenciasjb.salesianos.edu\/colegio\/wp-content\/uploads\/sites\/2\/2023\/12\/IMG_4867.jpg","datePublished":"2023-12-01T11:42:11+00:00","dateModified":"2023-12-05T13:04:36+00:00","author":{"@id":"https:\/\/valenciasjb.salesianos.edu\/colegio\/#\/schema\/person\/c2b8d841217188e90f343f5f3d28a2a6"},"breadcrumb":{"@id":"https:\/\/valenciasjb.salesianos.edu\/colegio\/educacion-infantil-presenta-en-las-aulas-la-caja-de-la-calma\/#breadcrumb"},"inLanguage":"es","potentialAction":[{"@type":"ReadAction","target":["https:\/\/valenciasjb.salesianos.edu\/colegio\/educacion-infantil-presenta-en-las-aulas-la-caja-de-la-calma\/"]}]},{"@type":"ImageObject","inLanguage":"es","@id":"https:\/\/valenciasjb.salesianos.edu\/colegio\/educacion-infantil-presenta-en-las-aulas-la-caja-de-la-calma\/#primaryimage","url":"https:\/\/valenciasjb.salesianos.edu\/colegio\/wp-content\/uploads\/sites\/2\/2023\/12\/IMG_4867.jpg","contentUrl":"https:\/\/valenciasjb.salesianos.edu\/colegio\/wp-content\/uploads\/sites\/2\/2023\/12\/IMG_4867.jpg","width":828,"height":613},{"@type":"BreadcrumbList","@id":"https:\/\/valenciasjb.salesianos.edu\/colegio\/educacion-infantil-presenta-en-las-aulas-la-caja-de-la-calma\/#breadcrumb","itemListElement":[{"@type":"ListItem","position":1,"name":"Portada","item":"https:\/\/valenciasjb.salesianos.edu\/colegio\/"},{"@type":"ListItem","position":2,"name":"Educaci\u00f3n Infantil presenta en las aulas la caja de la calma"}]},{"@type":"WebSite","@id":"https:\/\/valenciasjb.salesianos.edu\/colegio\/#website","url":"https:\/\/valenciasjb.salesianos.edu\/colegio\/","name":"Colegio San Juan Bosco Valencia","description":"P\u00e1gina oficial del Colegio Salesianos San Juan Bosco Valencia","alternateName":"Salesianos.VSJB","potentialAction":[{"@type":"SearchAction","target":{"@type":"EntryPoint","urlTemplate":"https:\/\/valenciasjb.salesianos.edu\/colegio\/?s={search_term_string}"},"query-input":{"@type":"PropertyValueSpecification","valueRequired":true,"valueName":"search_term_string"}}],"inLanguage":"es"},{"@type":"Person","@id":"https:\/\/valenciasjb.salesianos.edu\/colegio\/#\/schema\/person\/c2b8d841217188e90f343f5f3d28a2a6","name":"Sara Ramos Rodrigo","image":{"@type":"ImageObject","inLanguage":"es","@id":"https:\/\/secure.gravatar.com\/avatar\/8d44a8429219ab1f148330216fdea0ab1b3792fb59606020b12d2131ba0e80bf?s=96&d=mm&r=g","url":"https:\/\/secure.gravatar.com\/avatar\/8d44a8429219ab1f148330216fdea0ab1b3792fb59606020b12d2131ba0e80bf?s=96&d=mm&r=g","contentUrl":"https:\/\/secure.gravatar.com\/avatar\/8d44a8429219ab1f148330216fdea0ab1b3792fb59606020b12d2131ba0e80bf?s=96&d=mm&r=g","caption":"Sara Ramos Rodrigo"}}]}},"_links":{"self":[{"href":"https:\/\/valenciasjb.salesianos.edu\/colegio\/wp-json\/wp\/v2\/posts\/19855","targetHints":{"allow":["GET"]}}],"collection":[{"href":"https:\/\/valenciasjb.salesianos.edu\/colegio\/wp-json\/wp\/v2\/posts"}],"about":[{"href":"https:\/\/valenciasjb.salesianos.edu\/colegio\/wp-json\/wp\/v2\/types\/post"}],"author":[{"embeddable":true,"href":"https:\/\/valenciasjb.salesianos.edu\/colegio\/wp-json\/wp\/v2\/users\/16"}],"replies":[{"embeddable":true,"href":"https:\/\/valenciasjb.salesianos.edu\/colegio\/wp-json\/wp\/v2\/comments?post=19855"}],"version-history":[{"count":7,"href":"https:\/\/valenciasjb.salesianos.edu\/colegio\/wp-json\/wp\/v2\/posts\/19855\/revisions"}],"predecessor-version":[{"id":19872,"href":"https:\/\/valenciasjb.salesianos.edu\/colegio\/wp-json\/wp\/v2\/posts\/19855\/revisions\/19872"}],"wp:featuredmedia":[{"embeddable":true,"href":"https:\/\/valenciasjb.salesianos.edu\/colegio\/wp-json\/wp\/v2\/media\/19860"}],"wp:attachment":[{"href":"https:\/\/valenciasjb.salesianos.edu\/colegio\/wp-json\/wp\/v2\/media?parent=19855"}],"wp:term":[{"taxonomy":"category","embeddable":true,"href":"https:\/\/valenciasjb.salesianos.edu\/colegio\/wp-json\/wp\/v2\/categories?post=19855"},{"taxonomy":"post_tag","embeddable":true,"href":"https:\/\/valenciasjb.salesianos.edu\/colegio\/wp-json\/wp\/v2\/tags?post=19855"}],"curies":[{"name":"wp","href":"https:\/\/api.w.org\/{rel}","templated":true}]}}