{"id":19932,"date":"2023-12-18T15:47:40","date_gmt":"2023-12-18T14:47:40","guid":{"rendered":"https:\/\/valenciasjb.salesianos.edu\/colegio\/?p=19932"},"modified":"2023-12-19T13:48:16","modified_gmt":"2023-12-19T12:48:16","slug":"participacion-de-una-alumna-de-primaria-en-el-concurso-de-relatos-breves","status":"publish","type":"post","link":"https:\/\/valenciasjb.salesianos.edu\/colegio\/participacion-de-una-alumna-de-primaria-en-el-concurso-de-relatos-breves\/","title":{"rendered":"Participaci\u00f3n de una alumna de primaria en el concurso de relatos breves"},"content":{"rendered":"<div id=\"fb-root\"><\/div>\n<p>[et_pb_section fb_built=\u00bb1&#8243; admin_label=\u00bbsection\u00bb _builder_version=\u00bb4.16&#8243; global_colors_info=\u00bb{}\u00bb][et_pb_row admin_label=\u00bbrow\u00bb _builder_version=\u00bb4.16&#8243; background_size=\u00bbinitial\u00bb background_position=\u00bbtop_left\u00bb background_repeat=\u00bbrepeat\u00bb global_colors_info=\u00bb{}\u00bb][et_pb_column type=\u00bb4_4&#8243; _builder_version=\u00bb4.16&#8243; custom_padding=\u00bb|||\u00bb global_colors_info=\u00bb{}\u00bb custom_padding__hover=\u00bb|||\u00bb][et_pb_blurb title=\u00bb \u00a1Noticias emocionantes desde nuestro querido colegio! \u00bb _builder_version=\u00bb4.23.1&#8243; _module_preset=\u00bbdefault\u00bb hover_enabled=\u00bb0&#8243; global_colors_info=\u00bb{}\u00bb sticky_enabled=\u00bb0&#8243;]<\/p>\n<p>Estamos encantados de compartir que nuestra talentosa alumna, Patricia Gil Mill\u00e1n, est\u00e1 participando y representando con gran entusiasmo a nuestro colegio en el apasionante concurso de relato breve inspirado en las fascinantes aventuras de \u00abLA ABUELA ESP\u00cdA\u00bb, una obra creada por los brillantes Javier Ruescas y Andr\u00e9s Quinza\u00f1os.<\/p>\n<p>Este concurso ha sido una oportunidad \u00fanica para despertar la creatividad y amor por la escritura en nuestro alumnado. Para participar, los estudiantes deb\u00edan tejer una trepidante aventura donde una o varias abuelas fueran las protagonistas. \u00a1Y Patricia ha asumido el reto con todo su talento y dedicaci\u00f3n!<\/p>\n<p>La editorial EDEBE ser\u00e1 la encargada de seleccionar a los tres afortunados ganadores, quienes recibir\u00e1n un premio realmente especial: un encuentro virtual exclusivo con el mism\u00edsimo Javier Ruescas. Adem\u00e1s, cada ganador y la biblioteca de nuestro colegio recibir\u00e1n un ejemplar firmado de los tres t\u00edtulos de la colecci\u00f3n LA ABUELA ESP\u00cdA. \u00a1Una oportunidad \u00fanica para sumergirse en el emocionante mundo de estas singulares abuelitas esp\u00edas!<\/p>\n<p>Acompa\u00f1emos a Patricia en esta emocionante traves\u00eda y dese\u00e9mosle mucha suerte. Estamos seguros de que su relato ser\u00e1 tan excepcional como ella. \u00a1Vamos, equipo!<\/p>\n<p>[\/et_pb_blurb][\/et_pb_column][\/et_pb_row][\/et_pb_section]<\/p>\n<!-- AddThis Advanced Settings generic via filter on the_content --><!-- AddThis Share Buttons generic via filter on the_content -->","protected":false},"excerpt":{"rendered":"<p>Estamos encantados de compartir que nuestra talentosa alumna, Patricia Gil Mill\u00e1n, est\u00e1 participando y representando con gran entusiasmo a nuestro colegio en el apasionante concurso de relato breve inspirado en las fascinantes aventuras de \u00abLA ABUELA ESP\u00cdA\u00bb, una obra creada por los brillantes Javier Ruescas y Andr\u00e9s Quinza\u00f1os. Este concurso ha sido una oportunidad \u00fanica [&hellip;]<\/p>\n<p><!-- AddThis Advanced Settings generic via filter on get_the_excerpt --><!-- AddThis Share Buttons generic via filter on get_the_excerpt --><\/p>\n","protected":false},"author":16,"featured_media":19936,"comment_status":"closed","ping_status":"open","sticky":false,"template":"","format":"standard","meta":{"_et_pb_use_builder":"on","_et_pb_old_content":"","_et_gb_content_width":"","footnotes":""},"categories":[14],"tags":[],"class_list":["post-19932","post","type-post","status-publish","format-standard","has-post-thumbnail","hentry","category-noticia_colegio"],"yoast_head":"<!-- This site is optimized with the Yoast SEO plugin v28.4 - https:\/\/yoast.com\/product\/yoast-seo-wordpress\/ -->\n<title>Participaci\u00f3n de una alumna de primaria en el concurso de relatos breves - Colegio San Juan Bosco Valencia<\/title>\n<meta name=\"robots\" content=\"index, follow, max-snippet:-1, max-image-preview:large, max-video-preview:-1\" \/>\n<link rel=\"canonical\" href=\"https:\/\/valenciasjb.salesianos.edu\/colegio\/participacion-de-una-alumna-de-primaria-en-el-concurso-de-relatos-breves\/\" \/>\n<meta property=\"og:locale\" content=\"es_ES\" \/>\n<meta property=\"og:type\" content=\"article\" \/>\n<meta property=\"og:title\" content=\"Participaci\u00f3n de una alumna de primaria en el concurso de relatos breves - Colegio San Juan Bosco Valencia\" \/>\n<meta property=\"og:description\" content=\"Estamos encantados de compartir que nuestra talentosa alumna, Patricia Gil Mill\u00e1n, est\u00e1 participando y representando con gran entusiasmo a nuestro colegio en el apasionante concurso de relato breve inspirado en las fascinantes aventuras de &quot;LA ABUELA ESP\u00cdA&quot;, una obra creada por los brillantes Javier Ruescas y Andr\u00e9s Quinza\u00f1os. Este concurso ha sido una oportunidad \u00fanica [&hellip;]\" \/>\n<meta property=\"og:url\" content=\"https:\/\/valenciasjb.salesianos.edu\/colegio\/participacion-de-una-alumna-de-primaria-en-el-concurso-de-relatos-breves\/\" \/>\n<meta property=\"og:site_name\" content=\"Colegio San Juan Bosco Valencia\" \/>\n<meta property=\"article:publisher\" content=\"https:\/\/www.facebook.com\/ColegioSalesianoSanJuanBoscoValencia\" \/>\n<meta property=\"article:published_time\" content=\"2023-12-18T14:47:40+00:00\" \/>\n<meta property=\"article:modified_time\" content=\"2023-12-19T12:48:16+00:00\" \/>\n<meta property=\"og:image\" content=\"https:\/\/valenciasjb.salesianos.edu\/colegio\/wp-content\/uploads\/sites\/2\/2023\/12\/unnamed-scaled.jpg\" \/>\n\t<meta property=\"og:image:width\" content=\"1959\" \/>\n\t<meta property=\"og:image:height\" content=\"2560\" \/>\n\t<meta property=\"og:image:type\" content=\"image\/jpeg\" \/>\n<meta name=\"author\" content=\"Sara Ramos Rodrigo\" \/>\n<meta name=\"twitter:card\" content=\"summary_large_image\" \/>\n<meta name=\"twitter:creator\" content=\"@SalesianosVSJB\" \/>\n<meta name=\"twitter:site\" content=\"@SalesianosVSJB\" \/>\n<meta name=\"twitter:label1\" content=\"Escrito por\" \/>\n\t<meta name=\"twitter:data1\" content=\"Sara Ramos Rodrigo\" \/>\n\t<meta name=\"twitter:label2\" content=\"Tiempo de lectura\" \/>\n\t<meta name=\"twitter:data2\" content=\"2 minutos\" \/>\n<script type=\"application\/ld+json\" class=\"yoast-schema-graph\">{\"@context\":\"https:\\\/\\\/schema.org\",\"@graph\":[{\"@type\":\"Article\",\"@id\":\"https:\\\/\\\/valenciasjb.salesianos.edu\\\/colegio\\\/participacion-de-una-alumna-de-primaria-en-el-concurso-de-relatos-breves\\\/#article\",\"isPartOf\":{\"@id\":\"https:\\\/\\\/valenciasjb.salesianos.edu\\\/colegio\\\/participacion-de-una-alumna-de-primaria-en-el-concurso-de-relatos-breves\\\/\"},\"author\":{\"name\":\"Sara Ramos Rodrigo\",\"@id\":\"https:\\\/\\\/valenciasjb.salesianos.edu\\\/colegio\\\/#\\\/schema\\\/person\\\/c2b8d841217188e90f343f5f3d28a2a6\"},\"headline\":\"Participaci\u00f3n de una alumna de primaria en el concurso de relatos breves\",\"datePublished\":\"2023-12-18T14:47:40+00:00\",\"dateModified\":\"2023-12-19T12:48:16+00:00\",\"mainEntityOfPage\":{\"@id\":\"https:\\\/\\\/valenciasjb.salesianos.edu\\\/colegio\\\/participacion-de-una-alumna-de-primaria-en-el-concurso-de-relatos-breves\\\/\"},\"wordCount\":297,\"image\":{\"@id\":\"https:\\\/\\\/valenciasjb.salesianos.edu\\\/colegio\\\/participacion-de-una-alumna-de-primaria-en-el-concurso-de-relatos-breves\\\/#primaryimage\"},\"thumbnailUrl\":\"https:\\\/\\\/valenciasjb.salesianos.edu\\\/colegio\\\/wp-content\\\/uploads\\\/sites\\\/2\\\/2023\\\/12\\\/unnamed-scaled.jpg\",\"articleSection\":[\"Noticia Colegio\"],\"inLanguage\":\"es\"},{\"@type\":\"WebPage\",\"@id\":\"https:\\\/\\\/valenciasjb.salesianos.edu\\\/colegio\\\/participacion-de-una-alumna-de-primaria-en-el-concurso-de-relatos-breves\\\/\",\"url\":\"https:\\\/\\\/valenciasjb.salesianos.edu\\\/colegio\\\/participacion-de-una-alumna-de-primaria-en-el-concurso-de-relatos-breves\\\/\",\"name\":\"Participaci\u00f3n de una alumna de primaria en el concurso de relatos breves - Colegio San Juan Bosco Valencia\",\"isPartOf\":{\"@id\":\"https:\\\/\\\/valenciasjb.salesianos.edu\\\/colegio\\\/#website\"},\"primaryImageOfPage\":{\"@id\":\"https:\\\/\\\/valenciasjb.salesianos.edu\\\/colegio\\\/participacion-de-una-alumna-de-primaria-en-el-concurso-de-relatos-breves\\\/#primaryimage\"},\"image\":{\"@id\":\"https:\\\/\\\/valenciasjb.salesianos.edu\\\/colegio\\\/participacion-de-una-alumna-de-primaria-en-el-concurso-de-relatos-breves\\\/#primaryimage\"},\"thumbnailUrl\":\"https:\\\/\\\/valenciasjb.salesianos.edu\\\/colegio\\\/wp-content\\\/uploads\\\/sites\\\/2\\\/2023\\\/12\\\/unnamed-scaled.jpg\",\"datePublished\":\"2023-12-18T14:47:40+00:00\",\"dateModified\":\"2023-12-19T12:48:16+00:00\",\"author\":{\"@id\":\"https:\\\/\\\/valenciasjb.salesianos.edu\\\/colegio\\\/#\\\/schema\\\/person\\\/c2b8d841217188e90f343f5f3d28a2a6\"},\"breadcrumb\":{\"@id\":\"https:\\\/\\\/valenciasjb.salesianos.edu\\\/colegio\\\/participacion-de-una-alumna-de-primaria-en-el-concurso-de-relatos-breves\\\/#breadcrumb\"},\"inLanguage\":\"es\",\"potentialAction\":[{\"@type\":\"ReadAction\",\"target\":[\"https:\\\/\\\/valenciasjb.salesianos.edu\\\/colegio\\\/participacion-de-una-alumna-de-primaria-en-el-concurso-de-relatos-breves\\\/\"]}]},{\"@type\":\"ImageObject\",\"inLanguage\":\"es\",\"@id\":\"https:\\\/\\\/valenciasjb.salesianos.edu\\\/colegio\\\/participacion-de-una-alumna-de-primaria-en-el-concurso-de-relatos-breves\\\/#primaryimage\",\"url\":\"https:\\\/\\\/valenciasjb.salesianos.edu\\\/colegio\\\/wp-content\\\/uploads\\\/sites\\\/2\\\/2023\\\/12\\\/unnamed-scaled.jpg\",\"contentUrl\":\"https:\\\/\\\/valenciasjb.salesianos.edu\\\/colegio\\\/wp-content\\\/uploads\\\/sites\\\/2\\\/2023\\\/12\\\/unnamed-scaled.jpg\",\"width\":1959,\"height\":2560},{\"@type\":\"BreadcrumbList\",\"@id\":\"https:\\\/\\\/valenciasjb.salesianos.edu\\\/colegio\\\/participacion-de-una-alumna-de-primaria-en-el-concurso-de-relatos-breves\\\/#breadcrumb\",\"itemListElement\":[{\"@type\":\"ListItem\",\"position\":1,\"name\":\"Portada\",\"item\":\"https:\\\/\\\/valenciasjb.salesianos.edu\\\/colegio\\\/\"},{\"@type\":\"ListItem\",\"position\":2,\"name\":\"Participaci\u00f3n de una alumna de primaria en el concurso de relatos breves\"}]},{\"@type\":\"WebSite\",\"@id\":\"https:\\\/\\\/valenciasjb.salesianos.edu\\\/colegio\\\/#website\",\"url\":\"https:\\\/\\\/valenciasjb.salesianos.edu\\\/colegio\\\/\",\"name\":\"Colegio San Juan Bosco Valencia\",\"description\":\"P\u00e1gina oficial del Colegio Salesianos San Juan Bosco Valencia\",\"alternateName\":\"Salesianos.VSJB\",\"potentialAction\":[{\"@type\":\"SearchAction\",\"target\":{\"@type\":\"EntryPoint\",\"urlTemplate\":\"https:\\\/\\\/valenciasjb.salesianos.edu\\\/colegio\\\/?s={search_term_string}\"},\"query-input\":{\"@type\":\"PropertyValueSpecification\",\"valueRequired\":true,\"valueName\":\"search_term_string\"}}],\"inLanguage\":\"es\"},{\"@type\":\"Person\",\"@id\":\"https:\\\/\\\/valenciasjb.salesianos.edu\\\/colegio\\\/#\\\/schema\\\/person\\\/c2b8d841217188e90f343f5f3d28a2a6\",\"name\":\"Sara Ramos Rodrigo\",\"image\":{\"@type\":\"ImageObject\",\"inLanguage\":\"es\",\"@id\":\"https:\\\/\\\/secure.gravatar.com\\\/avatar\\\/8d44a8429219ab1f148330216fdea0ab1b3792fb59606020b12d2131ba0e80bf?s=96&d=mm&r=g\",\"url\":\"https:\\\/\\\/secure.gravatar.com\\\/avatar\\\/8d44a8429219ab1f148330216fdea0ab1b3792fb59606020b12d2131ba0e80bf?s=96&d=mm&r=g\",\"contentUrl\":\"https:\\\/\\\/secure.gravatar.com\\\/avatar\\\/8d44a8429219ab1f148330216fdea0ab1b3792fb59606020b12d2131ba0e80bf?s=96&d=mm&r=g\",\"caption\":\"Sara Ramos Rodrigo\"}}]}<\/script>\n<!-- \/ Yoast SEO plugin. -->","yoast_head_json":{"title":"Participaci\u00f3n de una alumna de primaria en el concurso de relatos breves - Colegio San Juan Bosco Valencia","robots":{"index":"index","follow":"follow","max-snippet":"max-snippet:-1","max-image-preview":"max-image-preview:large","max-video-preview":"max-video-preview:-1"},"canonical":"https:\/\/valenciasjb.salesianos.edu\/colegio\/participacion-de-una-alumna-de-primaria-en-el-concurso-de-relatos-breves\/","og_locale":"es_ES","og_type":"article","og_title":"Participaci\u00f3n de una alumna de primaria en el concurso de relatos breves - Colegio San Juan Bosco Valencia","og_description":"Estamos encantados de compartir que nuestra talentosa alumna, Patricia Gil Mill\u00e1n, est\u00e1 participando y representando con gran entusiasmo a nuestro colegio en el apasionante concurso de relato breve inspirado en las fascinantes aventuras de \"LA ABUELA ESP\u00cdA\", una obra creada por los brillantes Javier Ruescas y Andr\u00e9s Quinza\u00f1os. Este concurso ha sido una oportunidad \u00fanica [&hellip;]","og_url":"https:\/\/valenciasjb.salesianos.edu\/colegio\/participacion-de-una-alumna-de-primaria-en-el-concurso-de-relatos-breves\/","og_site_name":"Colegio San Juan Bosco Valencia","article_publisher":"https:\/\/www.facebook.com\/ColegioSalesianoSanJuanBoscoValencia","article_published_time":"2023-12-18T14:47:40+00:00","article_modified_time":"2023-12-19T12:48:16+00:00","og_image":[{"width":1959,"height":2560,"url":"https:\/\/valenciasjb.salesianos.edu\/colegio\/wp-content\/uploads\/sites\/2\/2023\/12\/unnamed-scaled.jpg","type":"image\/jpeg"}],"author":"Sara Ramos Rodrigo","twitter_card":"summary_large_image","twitter_creator":"@SalesianosVSJB","twitter_site":"@SalesianosVSJB","twitter_misc":{"Escrito por":"Sara Ramos Rodrigo","Tiempo de lectura":"2 minutos"},"schema":{"@context":"https:\/\/schema.org","@graph":[{"@type":"Article","@id":"https:\/\/valenciasjb.salesianos.edu\/colegio\/participacion-de-una-alumna-de-primaria-en-el-concurso-de-relatos-breves\/#article","isPartOf":{"@id":"https:\/\/valenciasjb.salesianos.edu\/colegio\/participacion-de-una-alumna-de-primaria-en-el-concurso-de-relatos-breves\/"},"author":{"name":"Sara Ramos Rodrigo","@id":"https:\/\/valenciasjb.salesianos.edu\/colegio\/#\/schema\/person\/c2b8d841217188e90f343f5f3d28a2a6"},"headline":"Participaci\u00f3n de una alumna de primaria en el concurso de relatos breves","datePublished":"2023-12-18T14:47:40+00:00","dateModified":"2023-12-19T12:48:16+00:00","mainEntityOfPage":{"@id":"https:\/\/valenciasjb.salesianos.edu\/colegio\/participacion-de-una-alumna-de-primaria-en-el-concurso-de-relatos-breves\/"},"wordCount":297,"image":{"@id":"https:\/\/valenciasjb.salesianos.edu\/colegio\/participacion-de-una-alumna-de-primaria-en-el-concurso-de-relatos-breves\/#primaryimage"},"thumbnailUrl":"https:\/\/valenciasjb.salesianos.edu\/colegio\/wp-content\/uploads\/sites\/2\/2023\/12\/unnamed-scaled.jpg","articleSection":["Noticia Colegio"],"inLanguage":"es"},{"@type":"WebPage","@id":"https:\/\/valenciasjb.salesianos.edu\/colegio\/participacion-de-una-alumna-de-primaria-en-el-concurso-de-relatos-breves\/","url":"https:\/\/valenciasjb.salesianos.edu\/colegio\/participacion-de-una-alumna-de-primaria-en-el-concurso-de-relatos-breves\/","name":"Participaci\u00f3n de una alumna de primaria en el concurso de relatos breves - Colegio San Juan Bosco Valencia","isPartOf":{"@id":"https:\/\/valenciasjb.salesianos.edu\/colegio\/#website"},"primaryImageOfPage":{"@id":"https:\/\/valenciasjb.salesianos.edu\/colegio\/participacion-de-una-alumna-de-primaria-en-el-concurso-de-relatos-breves\/#primaryimage"},"image":{"@id":"https:\/\/valenciasjb.salesianos.edu\/colegio\/participacion-de-una-alumna-de-primaria-en-el-concurso-de-relatos-breves\/#primaryimage"},"thumbnailUrl":"https:\/\/valenciasjb.salesianos.edu\/colegio\/wp-content\/uploads\/sites\/2\/2023\/12\/unnamed-scaled.jpg","datePublished":"2023-12-18T14:47:40+00:00","dateModified":"2023-12-19T12:48:16+00:00","author":{"@id":"https:\/\/valenciasjb.salesianos.edu\/colegio\/#\/schema\/person\/c2b8d841217188e90f343f5f3d28a2a6"},"breadcrumb":{"@id":"https:\/\/valenciasjb.salesianos.edu\/colegio\/participacion-de-una-alumna-de-primaria-en-el-concurso-de-relatos-breves\/#breadcrumb"},"inLanguage":"es","potentialAction":[{"@type":"ReadAction","target":["https:\/\/valenciasjb.salesianos.edu\/colegio\/participacion-de-una-alumna-de-primaria-en-el-concurso-de-relatos-breves\/"]}]},{"@type":"ImageObject","inLanguage":"es","@id":"https:\/\/valenciasjb.salesianos.edu\/colegio\/participacion-de-una-alumna-de-primaria-en-el-concurso-de-relatos-breves\/#primaryimage","url":"https:\/\/valenciasjb.salesianos.edu\/colegio\/wp-content\/uploads\/sites\/2\/2023\/12\/unnamed-scaled.jpg","contentUrl":"https:\/\/valenciasjb.salesianos.edu\/colegio\/wp-content\/uploads\/sites\/2\/2023\/12\/unnamed-scaled.jpg","width":1959,"height":2560},{"@type":"BreadcrumbList","@id":"https:\/\/valenciasjb.salesianos.edu\/colegio\/participacion-de-una-alumna-de-primaria-en-el-concurso-de-relatos-breves\/#breadcrumb","itemListElement":[{"@type":"ListItem","position":1,"name":"Portada","item":"https:\/\/valenciasjb.salesianos.edu\/colegio\/"},{"@type":"ListItem","position":2,"name":"Participaci\u00f3n de una alumna de primaria en el concurso de relatos breves"}]},{"@type":"WebSite","@id":"https:\/\/valenciasjb.salesianos.edu\/colegio\/#website","url":"https:\/\/valenciasjb.salesianos.edu\/colegio\/","name":"Colegio San Juan Bosco Valencia","description":"P\u00e1gina oficial del Colegio Salesianos San Juan Bosco Valencia","alternateName":"Salesianos.VSJB","potentialAction":[{"@type":"SearchAction","target":{"@type":"EntryPoint","urlTemplate":"https:\/\/valenciasjb.salesianos.edu\/colegio\/?s={search_term_string}"},"query-input":{"@type":"PropertyValueSpecification","valueRequired":true,"valueName":"search_term_string"}}],"inLanguage":"es"},{"@type":"Person","@id":"https:\/\/valenciasjb.salesianos.edu\/colegio\/#\/schema\/person\/c2b8d841217188e90f343f5f3d28a2a6","name":"Sara Ramos Rodrigo","image":{"@type":"ImageObject","inLanguage":"es","@id":"https:\/\/secure.gravatar.com\/avatar\/8d44a8429219ab1f148330216fdea0ab1b3792fb59606020b12d2131ba0e80bf?s=96&d=mm&r=g","url":"https:\/\/secure.gravatar.com\/avatar\/8d44a8429219ab1f148330216fdea0ab1b3792fb59606020b12d2131ba0e80bf?s=96&d=mm&r=g","contentUrl":"https:\/\/secure.gravatar.com\/avatar\/8d44a8429219ab1f148330216fdea0ab1b3792fb59606020b12d2131ba0e80bf?s=96&d=mm&r=g","caption":"Sara Ramos Rodrigo"}}]}},"_links":{"self":[{"href":"https:\/\/valenciasjb.salesianos.edu\/colegio\/wp-json\/wp\/v2\/posts\/19932","targetHints":{"allow":["GET"]}}],"collection":[{"href":"https:\/\/valenciasjb.salesianos.edu\/colegio\/wp-json\/wp\/v2\/posts"}],"about":[{"href":"https:\/\/valenciasjb.salesianos.edu\/colegio\/wp-json\/wp\/v2\/types\/post"}],"author":[{"embeddable":true,"href":"https:\/\/valenciasjb.salesianos.edu\/colegio\/wp-json\/wp\/v2\/users\/16"}],"replies":[{"embeddable":true,"href":"https:\/\/valenciasjb.salesianos.edu\/colegio\/wp-json\/wp\/v2\/comments?post=19932"}],"version-history":[{"count":7,"href":"https:\/\/valenciasjb.salesianos.edu\/colegio\/wp-json\/wp\/v2\/posts\/19932\/revisions"}],"predecessor-version":[{"id":19942,"href":"https:\/\/valenciasjb.salesianos.edu\/colegio\/wp-json\/wp\/v2\/posts\/19932\/revisions\/19942"}],"wp:featuredmedia":[{"embeddable":true,"href":"https:\/\/valenciasjb.salesianos.edu\/colegio\/wp-json\/wp\/v2\/media\/19936"}],"wp:attachment":[{"href":"https:\/\/valenciasjb.salesianos.edu\/colegio\/wp-json\/wp\/v2\/media?parent=19932"}],"wp:term":[{"taxonomy":"category","embeddable":true,"href":"https:\/\/valenciasjb.salesianos.edu\/colegio\/wp-json\/wp\/v2\/categories?post=19932"},{"taxonomy":"post_tag","embeddable":true,"href":"https:\/\/valenciasjb.salesianos.edu\/colegio\/wp-json\/wp\/v2\/tags?post=19932"}],"curies":[{"name":"wp","href":"https:\/\/api.w.org\/{rel}","templated":true}]}}