{"id":20033,"date":"2024-01-08T10:18:53","date_gmt":"2024-01-08T09:18:53","guid":{"rendered":"https:\/\/valenciasjb.salesianos.edu\/colegio\/educacion-infantil-prepara-sus-canciones-para-la-llegada-del-nino-jesus-4\/"},"modified":"2024-01-08T10:18:53","modified_gmt":"2024-01-08T09:18:53","slug":"educacion-infantil-prepara-sus-canciones-para-la-llegada-del-nino-jesus-4","status":"publish","type":"post","link":"https:\/\/valenciasjb.salesianos.edu\/colegio\/educacion-infantil-prepara-sus-canciones-para-la-llegada-del-nino-jesus-4\/","title":{"rendered":"Educaci\u00f3n Infantil prepara sus canciones para la llegada del ni\u00f1o Jes\u00fas"},"content":{"rendered":"<div id=\"fb-root\"><\/div>\n<p>[et_pb_section fb_built=\u00bb1&#8243; admin_label=\u00bbsection\u00bb _builder_version=\u00bb4.16&#8243; global_colors_info=\u00bb{}\u00bb][et_pb_row admin_label=\u00bbrow\u00bb _builder_version=\u00bb4.16&#8243; background_size=\u00bbinitial\u00bb background_position=\u00bbtop_left\u00bb background_repeat=\u00bbrepeat\u00bb global_colors_info=\u00bb{}\u00bb][et_pb_column type=\u00bb4_4&#8243; _builder_version=\u00bb4.16&#8243; custom_padding=\u00bb|||\u00bb global_colors_info=\u00bb{}\u00bb custom_padding__hover=\u00bb|||\u00bb][et_pb_blurb _builder_version=\u00bb4.23.4&#8243; _module_preset=\u00bbdefault\u00bb title=\u00bbLos alumnos y alumnas de Educaci\u00f3n Infantil disfrutan de un mes de diciembre lleno de preparativos para el festival de Navidad.\u00bb hover_enabled=\u00bb0&#8243; sticky_enabled=\u00bb0&#8243;]<\/p>\n<p>Patricia S\u00e1nchez. Profesora de Infantil<\/p>\n<p>Nos encontramos en el mes de diciembre, un mes muy especial donde desde los m\u00e1s peque\u00f1os hasta los m\u00e1s mayores de la Casa empiezan a preparar la llegada del ni\u00f1o Jes\u00fas.<br \/>Toda Educaci\u00f3n Infantil est\u00e1 entusiasmada estas semanas: pasillos decorados, clases ambientadas, m\u00fasica navide\u00f1a, calendarios de Adviento, ensayos generales en el teatro para<br \/>el festival y, nuestro ni\u00f1o Jes\u00fas, muy presente entre nosotros estos d\u00edas. \u00bfQuer\u00e9is saber c\u00f3mo se preparan los m\u00e1s peque\u00f1os?<br \/>\u00a1Nuestros ni\u00f1os de 3 a\u00f1os est\u00e1n cocinando unos pastelitos para llevarle al portal! Ellos tienen la receta perfecta para preparar nuestros corazones: mucho tiempo en familia, generosidad,<br \/>dos cucharadas llenas de paz y una pizca de esperanza. Esta es la receta de amor que los m\u00e1s j\u00f3venes del colegio nos animan a cocinar tambi\u00e9n.<br \/>Si pasamos por 4 a\u00f1itos nos encontraremos con pajaritos, osos, mariposas, renos&#8230; \u00a1Incluso conejos! Animalitos que en el bosque est\u00e1n cuidando de su amistad para poder celebrar intensamente el Nacimiento de Jes\u00fas.<br \/>Y, por \u00faltimo, 5 a\u00f1os est\u00e1n trabajando desde el amor y el respeto para que, una bonita estrella que est\u00e1 perdiendo su luz, recupere su energ\u00eda y pueda guiarnos en el camino. \u00bfLograr\u00e1n que la estrella vuelva a iluminarnos?<br \/>Unos d\u00edas para convivir, disfrutar, re\u00edr, cantar y bailar. Unos d\u00edas que se quedar\u00e1n en el recuerdo de los m\u00e1s peque\u00f1os del colegio.<\/p>\n<p>[\/et_pb_blurb][\/et_pb_column][\/et_pb_row][\/et_pb_section]<\/p>\n<!-- AddThis Advanced Settings generic via filter on the_content --><!-- AddThis Share Buttons generic via filter on the_content -->","protected":false},"excerpt":{"rendered":"<p>Patricia S\u00e1nchez. Profesora de Infantil Nos encontramos en el mes de diciembre, un mes muy especial donde desde los m\u00e1s peque\u00f1os hasta los m\u00e1s mayores de la Casa empiezan a preparar la llegada del ni\u00f1o Jes\u00fas.Toda Educaci\u00f3n Infantil est\u00e1 entusiasmada estas semanas: pasillos decorados, clases ambientadas, m\u00fasica navide\u00f1a, calendarios de Adviento, ensayos generales en el [&hellip;]<\/p>\n<p><!-- AddThis Advanced Settings generic via filter on get_the_excerpt --><!-- AddThis Share Buttons generic via filter on get_the_excerpt --><\/p>\n","protected":false},"author":16,"featured_media":20029,"comment_status":"closed","ping_status":"open","sticky":false,"template":"","format":"standard","meta":{"_et_pb_use_builder":"on","_et_pb_old_content":"","_et_gb_content_width":"","footnotes":""},"categories":[14,1],"tags":[],"class_list":["post-20033","post","type-post","status-publish","format-standard","has-post-thumbnail","hentry","category-noticia_colegio","category-uncategorized"],"yoast_head":"<!-- This site is optimized with the Yoast SEO plugin v28.4 - https:\/\/yoast.com\/product\/yoast-seo-wordpress\/ -->\n<title>Educaci\u00f3n Infantil prepara sus canciones para la llegada del ni\u00f1o Jes\u00fas - Colegio San Juan Bosco Valencia<\/title>\n<meta name=\"robots\" content=\"index, follow, max-snippet:-1, max-image-preview:large, max-video-preview:-1\" \/>\n<link rel=\"canonical\" href=\"https:\/\/valenciasjb.salesianos.edu\/colegio\/educacion-infantil-prepara-sus-canciones-para-la-llegada-del-nino-jesus-4\/\" \/>\n<meta property=\"og:locale\" content=\"es_ES\" \/>\n<meta property=\"og:type\" content=\"article\" \/>\n<meta property=\"og:title\" content=\"Educaci\u00f3n Infantil prepara sus canciones para la llegada del ni\u00f1o Jes\u00fas - Colegio San Juan Bosco Valencia\" \/>\n<meta property=\"og:description\" content=\"Patricia S\u00e1nchez. Profesora de Infantil Nos encontramos en el mes de diciembre, un mes muy especial donde desde los m\u00e1s peque\u00f1os hasta los m\u00e1s mayores de la Casa empiezan a preparar la llegada del ni\u00f1o Jes\u00fas.Toda Educaci\u00f3n Infantil est\u00e1 entusiasmada estas semanas: pasillos decorados, clases ambientadas, m\u00fasica navide\u00f1a, calendarios de Adviento, ensayos generales en el [&hellip;]\" \/>\n<meta property=\"og:url\" content=\"https:\/\/valenciasjb.salesianos.edu\/colegio\/educacion-infantil-prepara-sus-canciones-para-la-llegada-del-nino-jesus-4\/\" \/>\n<meta property=\"og:site_name\" content=\"Colegio San Juan Bosco Valencia\" \/>\n<meta property=\"article:publisher\" content=\"https:\/\/www.facebook.com\/ColegioSalesianoSanJuanBoscoValencia\" \/>\n<meta property=\"article:published_time\" content=\"2024-01-08T09:18:53+00:00\" \/>\n<meta property=\"og:image\" content=\"https:\/\/valenciasjb.salesianos.edu\/colegio\/wp-content\/uploads\/sites\/2\/2024\/01\/IMG_9866.jpg\" \/>\n\t<meta property=\"og:image:width\" content=\"1333\" \/>\n\t<meta property=\"og:image:height\" content=\"1000\" \/>\n\t<meta property=\"og:image:type\" content=\"image\/jpeg\" \/>\n<meta name=\"author\" content=\"Sara Ramos Rodrigo\" \/>\n<meta name=\"twitter:card\" content=\"summary_large_image\" \/>\n<meta name=\"twitter:creator\" content=\"@SalesianosVSJB\" \/>\n<meta name=\"twitter:site\" content=\"@SalesianosVSJB\" \/>\n<meta name=\"twitter:label1\" content=\"Escrito por\" \/>\n\t<meta name=\"twitter:data1\" content=\"Sara Ramos Rodrigo\" \/>\n\t<meta name=\"twitter:label2\" content=\"Tiempo de lectura\" \/>\n\t<meta name=\"twitter:data2\" content=\"2 minutos\" \/>\n<script type=\"application\/ld+json\" class=\"yoast-schema-graph\">{\"@context\":\"https:\\\/\\\/schema.org\",\"@graph\":[{\"@type\":\"Article\",\"@id\":\"https:\\\/\\\/valenciasjb.salesianos.edu\\\/colegio\\\/educacion-infantil-prepara-sus-canciones-para-la-llegada-del-nino-jesus-4\\\/#article\",\"isPartOf\":{\"@id\":\"https:\\\/\\\/valenciasjb.salesianos.edu\\\/colegio\\\/educacion-infantil-prepara-sus-canciones-para-la-llegada-del-nino-jesus-4\\\/\"},\"author\":{\"name\":\"Sara Ramos Rodrigo\",\"@id\":\"https:\\\/\\\/valenciasjb.salesianos.edu\\\/colegio\\\/#\\\/schema\\\/person\\\/c2b8d841217188e90f343f5f3d28a2a6\"},\"headline\":\"Educaci\u00f3n Infantil prepara sus canciones para la llegada del ni\u00f1o Jes\u00fas\",\"datePublished\":\"2024-01-08T09:18:53+00:00\",\"mainEntityOfPage\":{\"@id\":\"https:\\\/\\\/valenciasjb.salesianos.edu\\\/colegio\\\/educacion-infantil-prepara-sus-canciones-para-la-llegada-del-nino-jesus-4\\\/\"},\"wordCount\":366,\"image\":{\"@id\":\"https:\\\/\\\/valenciasjb.salesianos.edu\\\/colegio\\\/educacion-infantil-prepara-sus-canciones-para-la-llegada-del-nino-jesus-4\\\/#primaryimage\"},\"thumbnailUrl\":\"https:\\\/\\\/valenciasjb.salesianos.edu\\\/colegio\\\/wp-content\\\/uploads\\\/sites\\\/2\\\/2024\\\/01\\\/IMG_9866.jpg\",\"articleSection\":[\"Noticia Colegio\",\"Uncategorized\"],\"inLanguage\":\"es\"},{\"@type\":\"WebPage\",\"@id\":\"https:\\\/\\\/valenciasjb.salesianos.edu\\\/colegio\\\/educacion-infantil-prepara-sus-canciones-para-la-llegada-del-nino-jesus-4\\\/\",\"url\":\"https:\\\/\\\/valenciasjb.salesianos.edu\\\/colegio\\\/educacion-infantil-prepara-sus-canciones-para-la-llegada-del-nino-jesus-4\\\/\",\"name\":\"Educaci\u00f3n Infantil prepara sus canciones para la llegada del ni\u00f1o Jes\u00fas - Colegio San Juan Bosco Valencia\",\"isPartOf\":{\"@id\":\"https:\\\/\\\/valenciasjb.salesianos.edu\\\/colegio\\\/#website\"},\"primaryImageOfPage\":{\"@id\":\"https:\\\/\\\/valenciasjb.salesianos.edu\\\/colegio\\\/educacion-infantil-prepara-sus-canciones-para-la-llegada-del-nino-jesus-4\\\/#primaryimage\"},\"image\":{\"@id\":\"https:\\\/\\\/valenciasjb.salesianos.edu\\\/colegio\\\/educacion-infantil-prepara-sus-canciones-para-la-llegada-del-nino-jesus-4\\\/#primaryimage\"},\"thumbnailUrl\":\"https:\\\/\\\/valenciasjb.salesianos.edu\\\/colegio\\\/wp-content\\\/uploads\\\/sites\\\/2\\\/2024\\\/01\\\/IMG_9866.jpg\",\"datePublished\":\"2024-01-08T09:18:53+00:00\",\"author\":{\"@id\":\"https:\\\/\\\/valenciasjb.salesianos.edu\\\/colegio\\\/#\\\/schema\\\/person\\\/c2b8d841217188e90f343f5f3d28a2a6\"},\"breadcrumb\":{\"@id\":\"https:\\\/\\\/valenciasjb.salesianos.edu\\\/colegio\\\/educacion-infantil-prepara-sus-canciones-para-la-llegada-del-nino-jesus-4\\\/#breadcrumb\"},\"inLanguage\":\"es\",\"potentialAction\":[{\"@type\":\"ReadAction\",\"target\":[\"https:\\\/\\\/valenciasjb.salesianos.edu\\\/colegio\\\/educacion-infantil-prepara-sus-canciones-para-la-llegada-del-nino-jesus-4\\\/\"]}]},{\"@type\":\"ImageObject\",\"inLanguage\":\"es\",\"@id\":\"https:\\\/\\\/valenciasjb.salesianos.edu\\\/colegio\\\/educacion-infantil-prepara-sus-canciones-para-la-llegada-del-nino-jesus-4\\\/#primaryimage\",\"url\":\"https:\\\/\\\/valenciasjb.salesianos.edu\\\/colegio\\\/wp-content\\\/uploads\\\/sites\\\/2\\\/2024\\\/01\\\/IMG_9866.jpg\",\"contentUrl\":\"https:\\\/\\\/valenciasjb.salesianos.edu\\\/colegio\\\/wp-content\\\/uploads\\\/sites\\\/2\\\/2024\\\/01\\\/IMG_9866.jpg\",\"width\":1333,\"height\":1000},{\"@type\":\"BreadcrumbList\",\"@id\":\"https:\\\/\\\/valenciasjb.salesianos.edu\\\/colegio\\\/educacion-infantil-prepara-sus-canciones-para-la-llegada-del-nino-jesus-4\\\/#breadcrumb\",\"itemListElement\":[{\"@type\":\"ListItem\",\"position\":1,\"name\":\"Portada\",\"item\":\"https:\\\/\\\/valenciasjb.salesianos.edu\\\/colegio\\\/\"},{\"@type\":\"ListItem\",\"position\":2,\"name\":\"Educaci\u00f3n Infantil prepara sus canciones para la llegada del ni\u00f1o Jes\u00fas\"}]},{\"@type\":\"WebSite\",\"@id\":\"https:\\\/\\\/valenciasjb.salesianos.edu\\\/colegio\\\/#website\",\"url\":\"https:\\\/\\\/valenciasjb.salesianos.edu\\\/colegio\\\/\",\"name\":\"Colegio San Juan Bosco Valencia\",\"description\":\"P\u00e1gina oficial del Colegio Salesianos San Juan Bosco Valencia\",\"alternateName\":\"Salesianos.VSJB\",\"potentialAction\":[{\"@type\":\"SearchAction\",\"target\":{\"@type\":\"EntryPoint\",\"urlTemplate\":\"https:\\\/\\\/valenciasjb.salesianos.edu\\\/colegio\\\/?s={search_term_string}\"},\"query-input\":{\"@type\":\"PropertyValueSpecification\",\"valueRequired\":true,\"valueName\":\"search_term_string\"}}],\"inLanguage\":\"es\"},{\"@type\":\"Person\",\"@id\":\"https:\\\/\\\/valenciasjb.salesianos.edu\\\/colegio\\\/#\\\/schema\\\/person\\\/c2b8d841217188e90f343f5f3d28a2a6\",\"name\":\"Sara Ramos Rodrigo\",\"image\":{\"@type\":\"ImageObject\",\"inLanguage\":\"es\",\"@id\":\"https:\\\/\\\/secure.gravatar.com\\\/avatar\\\/8d44a8429219ab1f148330216fdea0ab1b3792fb59606020b12d2131ba0e80bf?s=96&d=mm&r=g\",\"url\":\"https:\\\/\\\/secure.gravatar.com\\\/avatar\\\/8d44a8429219ab1f148330216fdea0ab1b3792fb59606020b12d2131ba0e80bf?s=96&d=mm&r=g\",\"contentUrl\":\"https:\\\/\\\/secure.gravatar.com\\\/avatar\\\/8d44a8429219ab1f148330216fdea0ab1b3792fb59606020b12d2131ba0e80bf?s=96&d=mm&r=g\",\"caption\":\"Sara Ramos Rodrigo\"}}]}<\/script>\n<!-- \/ Yoast SEO plugin. -->","yoast_head_json":{"title":"Educaci\u00f3n Infantil prepara sus canciones para la llegada del ni\u00f1o Jes\u00fas - Colegio San Juan Bosco Valencia","robots":{"index":"index","follow":"follow","max-snippet":"max-snippet:-1","max-image-preview":"max-image-preview:large","max-video-preview":"max-video-preview:-1"},"canonical":"https:\/\/valenciasjb.salesianos.edu\/colegio\/educacion-infantil-prepara-sus-canciones-para-la-llegada-del-nino-jesus-4\/","og_locale":"es_ES","og_type":"article","og_title":"Educaci\u00f3n Infantil prepara sus canciones para la llegada del ni\u00f1o Jes\u00fas - Colegio San Juan Bosco Valencia","og_description":"Patricia S\u00e1nchez. Profesora de Infantil Nos encontramos en el mes de diciembre, un mes muy especial donde desde los m\u00e1s peque\u00f1os hasta los m\u00e1s mayores de la Casa empiezan a preparar la llegada del ni\u00f1o Jes\u00fas.Toda Educaci\u00f3n Infantil est\u00e1 entusiasmada estas semanas: pasillos decorados, clases ambientadas, m\u00fasica navide\u00f1a, calendarios de Adviento, ensayos generales en el [&hellip;]","og_url":"https:\/\/valenciasjb.salesianos.edu\/colegio\/educacion-infantil-prepara-sus-canciones-para-la-llegada-del-nino-jesus-4\/","og_site_name":"Colegio San Juan Bosco Valencia","article_publisher":"https:\/\/www.facebook.com\/ColegioSalesianoSanJuanBoscoValencia","article_published_time":"2024-01-08T09:18:53+00:00","og_image":[{"width":1333,"height":1000,"url":"https:\/\/valenciasjb.salesianos.edu\/colegio\/wp-content\/uploads\/sites\/2\/2024\/01\/IMG_9866.jpg","type":"image\/jpeg"}],"author":"Sara Ramos Rodrigo","twitter_card":"summary_large_image","twitter_creator":"@SalesianosVSJB","twitter_site":"@SalesianosVSJB","twitter_misc":{"Escrito por":"Sara Ramos Rodrigo","Tiempo de lectura":"2 minutos"},"schema":{"@context":"https:\/\/schema.org","@graph":[{"@type":"Article","@id":"https:\/\/valenciasjb.salesianos.edu\/colegio\/educacion-infantil-prepara-sus-canciones-para-la-llegada-del-nino-jesus-4\/#article","isPartOf":{"@id":"https:\/\/valenciasjb.salesianos.edu\/colegio\/educacion-infantil-prepara-sus-canciones-para-la-llegada-del-nino-jesus-4\/"},"author":{"name":"Sara Ramos Rodrigo","@id":"https:\/\/valenciasjb.salesianos.edu\/colegio\/#\/schema\/person\/c2b8d841217188e90f343f5f3d28a2a6"},"headline":"Educaci\u00f3n Infantil prepara sus canciones para la llegada del ni\u00f1o Jes\u00fas","datePublished":"2024-01-08T09:18:53+00:00","mainEntityOfPage":{"@id":"https:\/\/valenciasjb.salesianos.edu\/colegio\/educacion-infantil-prepara-sus-canciones-para-la-llegada-del-nino-jesus-4\/"},"wordCount":366,"image":{"@id":"https:\/\/valenciasjb.salesianos.edu\/colegio\/educacion-infantil-prepara-sus-canciones-para-la-llegada-del-nino-jesus-4\/#primaryimage"},"thumbnailUrl":"https:\/\/valenciasjb.salesianos.edu\/colegio\/wp-content\/uploads\/sites\/2\/2024\/01\/IMG_9866.jpg","articleSection":["Noticia Colegio","Uncategorized"],"inLanguage":"es"},{"@type":"WebPage","@id":"https:\/\/valenciasjb.salesianos.edu\/colegio\/educacion-infantil-prepara-sus-canciones-para-la-llegada-del-nino-jesus-4\/","url":"https:\/\/valenciasjb.salesianos.edu\/colegio\/educacion-infantil-prepara-sus-canciones-para-la-llegada-del-nino-jesus-4\/","name":"Educaci\u00f3n Infantil prepara sus canciones para la llegada del ni\u00f1o Jes\u00fas - Colegio San Juan Bosco Valencia","isPartOf":{"@id":"https:\/\/valenciasjb.salesianos.edu\/colegio\/#website"},"primaryImageOfPage":{"@id":"https:\/\/valenciasjb.salesianos.edu\/colegio\/educacion-infantil-prepara-sus-canciones-para-la-llegada-del-nino-jesus-4\/#primaryimage"},"image":{"@id":"https:\/\/valenciasjb.salesianos.edu\/colegio\/educacion-infantil-prepara-sus-canciones-para-la-llegada-del-nino-jesus-4\/#primaryimage"},"thumbnailUrl":"https:\/\/valenciasjb.salesianos.edu\/colegio\/wp-content\/uploads\/sites\/2\/2024\/01\/IMG_9866.jpg","datePublished":"2024-01-08T09:18:53+00:00","author":{"@id":"https:\/\/valenciasjb.salesianos.edu\/colegio\/#\/schema\/person\/c2b8d841217188e90f343f5f3d28a2a6"},"breadcrumb":{"@id":"https:\/\/valenciasjb.salesianos.edu\/colegio\/educacion-infantil-prepara-sus-canciones-para-la-llegada-del-nino-jesus-4\/#breadcrumb"},"inLanguage":"es","potentialAction":[{"@type":"ReadAction","target":["https:\/\/valenciasjb.salesianos.edu\/colegio\/educacion-infantil-prepara-sus-canciones-para-la-llegada-del-nino-jesus-4\/"]}]},{"@type":"ImageObject","inLanguage":"es","@id":"https:\/\/valenciasjb.salesianos.edu\/colegio\/educacion-infantil-prepara-sus-canciones-para-la-llegada-del-nino-jesus-4\/#primaryimage","url":"https:\/\/valenciasjb.salesianos.edu\/colegio\/wp-content\/uploads\/sites\/2\/2024\/01\/IMG_9866.jpg","contentUrl":"https:\/\/valenciasjb.salesianos.edu\/colegio\/wp-content\/uploads\/sites\/2\/2024\/01\/IMG_9866.jpg","width":1333,"height":1000},{"@type":"BreadcrumbList","@id":"https:\/\/valenciasjb.salesianos.edu\/colegio\/educacion-infantil-prepara-sus-canciones-para-la-llegada-del-nino-jesus-4\/#breadcrumb","itemListElement":[{"@type":"ListItem","position":1,"name":"Portada","item":"https:\/\/valenciasjb.salesianos.edu\/colegio\/"},{"@type":"ListItem","position":2,"name":"Educaci\u00f3n Infantil prepara sus canciones para la llegada del ni\u00f1o Jes\u00fas"}]},{"@type":"WebSite","@id":"https:\/\/valenciasjb.salesianos.edu\/colegio\/#website","url":"https:\/\/valenciasjb.salesianos.edu\/colegio\/","name":"Colegio San Juan Bosco Valencia","description":"P\u00e1gina oficial del Colegio Salesianos San Juan Bosco Valencia","alternateName":"Salesianos.VSJB","potentialAction":[{"@type":"SearchAction","target":{"@type":"EntryPoint","urlTemplate":"https:\/\/valenciasjb.salesianos.edu\/colegio\/?s={search_term_string}"},"query-input":{"@type":"PropertyValueSpecification","valueRequired":true,"valueName":"search_term_string"}}],"inLanguage":"es"},{"@type":"Person","@id":"https:\/\/valenciasjb.salesianos.edu\/colegio\/#\/schema\/person\/c2b8d841217188e90f343f5f3d28a2a6","name":"Sara Ramos Rodrigo","image":{"@type":"ImageObject","inLanguage":"es","@id":"https:\/\/secure.gravatar.com\/avatar\/8d44a8429219ab1f148330216fdea0ab1b3792fb59606020b12d2131ba0e80bf?s=96&d=mm&r=g","url":"https:\/\/secure.gravatar.com\/avatar\/8d44a8429219ab1f148330216fdea0ab1b3792fb59606020b12d2131ba0e80bf?s=96&d=mm&r=g","contentUrl":"https:\/\/secure.gravatar.com\/avatar\/8d44a8429219ab1f148330216fdea0ab1b3792fb59606020b12d2131ba0e80bf?s=96&d=mm&r=g","caption":"Sara Ramos Rodrigo"}}]}},"_links":{"self":[{"href":"https:\/\/valenciasjb.salesianos.edu\/colegio\/wp-json\/wp\/v2\/posts\/20033","targetHints":{"allow":["GET"]}}],"collection":[{"href":"https:\/\/valenciasjb.salesianos.edu\/colegio\/wp-json\/wp\/v2\/posts"}],"about":[{"href":"https:\/\/valenciasjb.salesianos.edu\/colegio\/wp-json\/wp\/v2\/types\/post"}],"author":[{"embeddable":true,"href":"https:\/\/valenciasjb.salesianos.edu\/colegio\/wp-json\/wp\/v2\/users\/16"}],"replies":[{"embeddable":true,"href":"https:\/\/valenciasjb.salesianos.edu\/colegio\/wp-json\/wp\/v2\/comments?post=20033"}],"version-history":[{"count":0,"href":"https:\/\/valenciasjb.salesianos.edu\/colegio\/wp-json\/wp\/v2\/posts\/20033\/revisions"}],"wp:featuredmedia":[{"embeddable":true,"href":"https:\/\/valenciasjb.salesianos.edu\/colegio\/wp-json\/wp\/v2\/media\/20029"}],"wp:attachment":[{"href":"https:\/\/valenciasjb.salesianos.edu\/colegio\/wp-json\/wp\/v2\/media?parent=20033"}],"wp:term":[{"taxonomy":"category","embeddable":true,"href":"https:\/\/valenciasjb.salesianos.edu\/colegio\/wp-json\/wp\/v2\/categories?post=20033"},{"taxonomy":"post_tag","embeddable":true,"href":"https:\/\/valenciasjb.salesianos.edu\/colegio\/wp-json\/wp\/v2\/tags?post=20033"}],"curies":[{"name":"wp","href":"https:\/\/api.w.org\/{rel}","templated":true}]}}