{"id":20115,"date":"2024-02-08T13:52:18","date_gmt":"2024-02-08T12:52:18","guid":{"rendered":"https:\/\/valenciasjb.salesianos.edu\/colegio\/don-bosco-todavia-resuena-en-nuestros-corazones-3\/"},"modified":"2024-02-15T13:35:39","modified_gmt":"2024-02-15T12:35:39","slug":"don-bosco-todavia-resuena-en-nuestros-corazones-3","status":"publish","type":"post","link":"https:\/\/valenciasjb.salesianos.edu\/colegio\/don-bosco-todavia-resuena-en-nuestros-corazones-3\/","title":{"rendered":"Don Bosco todav\u00eda resuena en nuestros corazones"},"content":{"rendered":"<div id=\"fb-root\"><\/div>\n<p>[et_pb_section fb_built=\u00bb1&#8243; admin_label=\u00bbsection\u00bb _builder_version=\u00bb4.16&#8243; global_colors_info=\u00bb{}\u00bb][et_pb_row admin_label=\u00bbrow\u00bb _builder_version=\u00bb4.16&#8243; background_size=\u00bbinitial\u00bb background_position=\u00bbtop_left\u00bb background_repeat=\u00bbrepeat\u00bb global_colors_info=\u00bb{}\u00bb][et_pb_column type=\u00bb4_4&#8243; _builder_version=\u00bb4.16&#8243; custom_padding=\u00bb|||\u00bb global_colors_info=\u00bb{}\u00bb custom_padding__hover=\u00bb|||\u00bb][et_pb_blurb title=\u00bbUn a\u00f1o m\u00e1s cumpliendo el sue\u00f1o de Don Bosco\u00bb image=\u00bbhttps:\/\/valenciasjb.salesianos.edu\/colegio\/wp-content\/uploads\/sites\/2\/2024\/02\/image_123650291.jpg\u00bb _builder_version=\u00bb4.24.0&#8243; _module_preset=\u00bbdefault\u00bb global_colors_info=\u00bb{}\u00bb]<\/p>\n<p align=\"justify\"><span style=\"color: #000000\"><span style=\"font-family: Times New Roman, serif\"><span style=\"font-size: large\">Un a\u00f1o m\u00e1s, el 31 de enero, el colegio San Juan Bosco se ha vestido de gala para celebrar nuestra festividad. Un d\u00eda especial para nosotros, que hemos disfrutado al m\u00e1ximo con alegr\u00eda.<\/span><\/span><\/span><\/p>\n<p align=\"justify\"><span style=\"font-family: Times New Roman, serif\"><span style=\"font-size: large\"><span style=\"color: #000000\">Comenzamos la jornada con unos buenos d\u00edas especiales y diferentes ya que hicimos una celebraci\u00f3n donde acudieron todas las etapas y algunas familias. Fue muy especial ya que participaron muchos alumnos haciendo peticiones por un mundo mejor.<\/span><\/span><\/span><\/p>\n<p align=\"justify\"><span style=\"font-family: Times New Roman, serif\"><span style=\"font-size: large\"><span style=\"color: #000000\">Despu\u00e9s el alumnado de primaria y secundaria disfrut\u00f3 de diversas actividades l\u00fadicas y deportivas en el patio del colegio, siempre compartiendo momentos juntos.<\/span><\/span><\/span><\/p>\n<p align=\"justify\"><span style=\"font-family: Times New Roman, serif\"><span style=\"font-size: large\"><span style=\"color: #000000\">Los ni\u00f1os de infantil y primaria por la tarde disfrutaron del musical de Mul\u00e1n preparado con mucho cari\u00f1o por el personal del colegio (profesores, maestros, administraci\u00f3n y servicios) porque una casa sin m\u00fasica es como un cuerpo sin alma.<\/span><\/span><\/span><\/p>\n<p align=\"justify\"><span style=\"font-family: Times New Roman, serif\"><span style=\"font-size: large\"><span style=\"color: #000000\">Don Bosco lleg\u00f3 tambi\u00e9n al comedor porque nuestro alumnado disfrut\u00f3 de un men\u00fa especial.<\/span><\/span><\/span><\/p>\n<p align=\"justify\"><span style=\"color: #000000\"><b> <\/b><span style=\"font-family: Times New Roman, serif\"><span style=\"font-size: large\">Agradecemos la participaci\u00f3n e implicaci\u00f3n del alumnado, profesorado, asociaci\u00f3n juvenil, personal no docente, as\u00ed como a todos aquellos antiguos alumnos y amigos que, como cada a\u00f1o, nos acompa\u00f1an para disfrutar de ese d\u00eda tan especial.<\/span><\/span><\/span><\/p>\n<p align=\"justify\"><span style=\"color: #000000\"><span style=\"font-family: Times New Roman, serif\"><span style=\"font-size: large\">\u00a1Viva Don Bosco!<\/span><\/span><\/span><\/p>\n<p>[\/et_pb_blurb][\/et_pb_column][\/et_pb_row][\/et_pb_section]<\/p>\n<!-- AddThis Advanced Settings generic via filter on the_content --><!-- AddThis Share Buttons generic via filter on the_content -->","protected":false},"excerpt":{"rendered":"<p>Un a\u00f1o m\u00e1s, el 31 de enero, el colegio San Juan Bosco se ha vestido de gala para celebrar nuestra festividad. Un d\u00eda especial para nosotros, que hemos disfrutado al m\u00e1ximo con alegr\u00eda. Comenzamos la jornada con unos buenos d\u00edas especiales y diferentes ya que hicimos una celebraci\u00f3n donde acudieron todas las etapas y algunas [&hellip;]<\/p>\n<p><!-- AddThis Advanced Settings generic via filter on get_the_excerpt --><!-- AddThis Share Buttons generic via filter on get_the_excerpt --><\/p>\n","protected":false},"author":16,"featured_media":20111,"comment_status":"closed","ping_status":"open","sticky":false,"template":"","format":"standard","meta":{"_et_pb_use_builder":"on","_et_pb_old_content":"","_et_gb_content_width":"","footnotes":""},"categories":[14,1],"tags":[],"class_list":["post-20115","post","type-post","status-publish","format-standard","has-post-thumbnail","hentry","category-noticia_colegio","category-uncategorized"],"yoast_head":"<!-- This site is optimized with the Yoast SEO plugin v28.4 - https:\/\/yoast.com\/product\/yoast-seo-wordpress\/ -->\n<title>Don Bosco todav\u00eda resuena en nuestros corazones - Colegio San Juan Bosco Valencia<\/title>\n<meta name=\"robots\" content=\"index, follow, max-snippet:-1, max-image-preview:large, max-video-preview:-1\" \/>\n<link rel=\"canonical\" href=\"https:\/\/valenciasjb.salesianos.edu\/colegio\/don-bosco-todavia-resuena-en-nuestros-corazones-3\/\" \/>\n<meta property=\"og:locale\" content=\"es_ES\" \/>\n<meta property=\"og:type\" content=\"article\" \/>\n<meta property=\"og:title\" content=\"Don Bosco todav\u00eda resuena en nuestros corazones - Colegio San Juan Bosco Valencia\" \/>\n<meta property=\"og:description\" content=\"Un a\u00f1o m\u00e1s, el 31 de enero, el colegio San Juan Bosco se ha vestido de gala para celebrar nuestra festividad. Un d\u00eda especial para nosotros, que hemos disfrutado al m\u00e1ximo con alegr\u00eda. Comenzamos la jornada con unos buenos d\u00edas especiales y diferentes ya que hicimos una celebraci\u00f3n donde acudieron todas las etapas y algunas [&hellip;]\" \/>\n<meta property=\"og:url\" content=\"https:\/\/valenciasjb.salesianos.edu\/colegio\/don-bosco-todavia-resuena-en-nuestros-corazones-3\/\" \/>\n<meta property=\"og:site_name\" content=\"Colegio San Juan Bosco Valencia\" \/>\n<meta property=\"article:publisher\" content=\"https:\/\/www.facebook.com\/ColegioSalesianoSanJuanBoscoValencia\" \/>\n<meta property=\"article:published_time\" content=\"2024-02-08T12:52:18+00:00\" \/>\n<meta property=\"article:modified_time\" content=\"2024-02-15T12:35:39+00:00\" \/>\n<meta property=\"og:image\" content=\"https:\/\/valenciasjb.salesianos.edu\/colegio\/wp-content\/uploads\/sites\/2\/2024\/02\/image_123650291-1.jpg\" \/>\n\t<meta property=\"og:image:width\" content=\"828\" \/>\n\t<meta property=\"og:image:height\" content=\"375\" \/>\n\t<meta property=\"og:image:type\" content=\"image\/jpeg\" \/>\n<meta name=\"author\" content=\"Sara Ramos Rodrigo\" \/>\n<meta name=\"twitter:card\" content=\"summary_large_image\" \/>\n<meta name=\"twitter:creator\" content=\"@SalesianosVSJB\" \/>\n<meta name=\"twitter:site\" content=\"@SalesianosVSJB\" \/>\n<meta name=\"twitter:label1\" content=\"Escrito por\" \/>\n\t<meta name=\"twitter:data1\" content=\"Sara Ramos Rodrigo\" \/>\n\t<meta name=\"twitter:label2\" content=\"Tiempo de lectura\" \/>\n\t<meta name=\"twitter:data2\" content=\"2 minutos\" \/>\n<script type=\"application\/ld+json\" class=\"yoast-schema-graph\">{\"@context\":\"https:\\\/\\\/schema.org\",\"@graph\":[{\"@type\":\"Article\",\"@id\":\"https:\\\/\\\/valenciasjb.salesianos.edu\\\/colegio\\\/don-bosco-todavia-resuena-en-nuestros-corazones-3\\\/#article\",\"isPartOf\":{\"@id\":\"https:\\\/\\\/valenciasjb.salesianos.edu\\\/colegio\\\/don-bosco-todavia-resuena-en-nuestros-corazones-3\\\/\"},\"author\":{\"name\":\"Sara Ramos Rodrigo\",\"@id\":\"https:\\\/\\\/valenciasjb.salesianos.edu\\\/colegio\\\/#\\\/schema\\\/person\\\/c2b8d841217188e90f343f5f3d28a2a6\"},\"headline\":\"Don Bosco todav\u00eda resuena en nuestros corazones\",\"datePublished\":\"2024-02-08T12:52:18+00:00\",\"dateModified\":\"2024-02-15T12:35:39+00:00\",\"mainEntityOfPage\":{\"@id\":\"https:\\\/\\\/valenciasjb.salesianos.edu\\\/colegio\\\/don-bosco-todavia-resuena-en-nuestros-corazones-3\\\/\"},\"wordCount\":307,\"image\":{\"@id\":\"https:\\\/\\\/valenciasjb.salesianos.edu\\\/colegio\\\/don-bosco-todavia-resuena-en-nuestros-corazones-3\\\/#primaryimage\"},\"thumbnailUrl\":\"https:\\\/\\\/valenciasjb.salesianos.edu\\\/colegio\\\/wp-content\\\/uploads\\\/sites\\\/2\\\/2024\\\/02\\\/image_123650291-1.jpg\",\"articleSection\":[\"Noticia Colegio\",\"Uncategorized\"],\"inLanguage\":\"es\"},{\"@type\":\"WebPage\",\"@id\":\"https:\\\/\\\/valenciasjb.salesianos.edu\\\/colegio\\\/don-bosco-todavia-resuena-en-nuestros-corazones-3\\\/\",\"url\":\"https:\\\/\\\/valenciasjb.salesianos.edu\\\/colegio\\\/don-bosco-todavia-resuena-en-nuestros-corazones-3\\\/\",\"name\":\"Don Bosco todav\u00eda resuena en nuestros corazones - Colegio San Juan Bosco Valencia\",\"isPartOf\":{\"@id\":\"https:\\\/\\\/valenciasjb.salesianos.edu\\\/colegio\\\/#website\"},\"primaryImageOfPage\":{\"@id\":\"https:\\\/\\\/valenciasjb.salesianos.edu\\\/colegio\\\/don-bosco-todavia-resuena-en-nuestros-corazones-3\\\/#primaryimage\"},\"image\":{\"@id\":\"https:\\\/\\\/valenciasjb.salesianos.edu\\\/colegio\\\/don-bosco-todavia-resuena-en-nuestros-corazones-3\\\/#primaryimage\"},\"thumbnailUrl\":\"https:\\\/\\\/valenciasjb.salesianos.edu\\\/colegio\\\/wp-content\\\/uploads\\\/sites\\\/2\\\/2024\\\/02\\\/image_123650291-1.jpg\",\"datePublished\":\"2024-02-08T12:52:18+00:00\",\"dateModified\":\"2024-02-15T12:35:39+00:00\",\"author\":{\"@id\":\"https:\\\/\\\/valenciasjb.salesianos.edu\\\/colegio\\\/#\\\/schema\\\/person\\\/c2b8d841217188e90f343f5f3d28a2a6\"},\"breadcrumb\":{\"@id\":\"https:\\\/\\\/valenciasjb.salesianos.edu\\\/colegio\\\/don-bosco-todavia-resuena-en-nuestros-corazones-3\\\/#breadcrumb\"},\"inLanguage\":\"es\",\"potentialAction\":[{\"@type\":\"ReadAction\",\"target\":[\"https:\\\/\\\/valenciasjb.salesianos.edu\\\/colegio\\\/don-bosco-todavia-resuena-en-nuestros-corazones-3\\\/\"]}]},{\"@type\":\"ImageObject\",\"inLanguage\":\"es\",\"@id\":\"https:\\\/\\\/valenciasjb.salesianos.edu\\\/colegio\\\/don-bosco-todavia-resuena-en-nuestros-corazones-3\\\/#primaryimage\",\"url\":\"https:\\\/\\\/valenciasjb.salesianos.edu\\\/colegio\\\/wp-content\\\/uploads\\\/sites\\\/2\\\/2024\\\/02\\\/image_123650291-1.jpg\",\"contentUrl\":\"https:\\\/\\\/valenciasjb.salesianos.edu\\\/colegio\\\/wp-content\\\/uploads\\\/sites\\\/2\\\/2024\\\/02\\\/image_123650291-1.jpg\",\"width\":828,\"height\":375},{\"@type\":\"BreadcrumbList\",\"@id\":\"https:\\\/\\\/valenciasjb.salesianos.edu\\\/colegio\\\/don-bosco-todavia-resuena-en-nuestros-corazones-3\\\/#breadcrumb\",\"itemListElement\":[{\"@type\":\"ListItem\",\"position\":1,\"name\":\"Portada\",\"item\":\"https:\\\/\\\/valenciasjb.salesianos.edu\\\/colegio\\\/\"},{\"@type\":\"ListItem\",\"position\":2,\"name\":\"Don Bosco todav\u00eda resuena en nuestros corazones\"}]},{\"@type\":\"WebSite\",\"@id\":\"https:\\\/\\\/valenciasjb.salesianos.edu\\\/colegio\\\/#website\",\"url\":\"https:\\\/\\\/valenciasjb.salesianos.edu\\\/colegio\\\/\",\"name\":\"Colegio San Juan Bosco Valencia\",\"description\":\"P\u00e1gina oficial del Colegio Salesianos San Juan Bosco Valencia\",\"alternateName\":\"Salesianos.VSJB\",\"potentialAction\":[{\"@type\":\"SearchAction\",\"target\":{\"@type\":\"EntryPoint\",\"urlTemplate\":\"https:\\\/\\\/valenciasjb.salesianos.edu\\\/colegio\\\/?s={search_term_string}\"},\"query-input\":{\"@type\":\"PropertyValueSpecification\",\"valueRequired\":true,\"valueName\":\"search_term_string\"}}],\"inLanguage\":\"es\"},{\"@type\":\"Person\",\"@id\":\"https:\\\/\\\/valenciasjb.salesianos.edu\\\/colegio\\\/#\\\/schema\\\/person\\\/c2b8d841217188e90f343f5f3d28a2a6\",\"name\":\"Sara Ramos Rodrigo\",\"image\":{\"@type\":\"ImageObject\",\"inLanguage\":\"es\",\"@id\":\"https:\\\/\\\/secure.gravatar.com\\\/avatar\\\/8d44a8429219ab1f148330216fdea0ab1b3792fb59606020b12d2131ba0e80bf?s=96&d=mm&r=g\",\"url\":\"https:\\\/\\\/secure.gravatar.com\\\/avatar\\\/8d44a8429219ab1f148330216fdea0ab1b3792fb59606020b12d2131ba0e80bf?s=96&d=mm&r=g\",\"contentUrl\":\"https:\\\/\\\/secure.gravatar.com\\\/avatar\\\/8d44a8429219ab1f148330216fdea0ab1b3792fb59606020b12d2131ba0e80bf?s=96&d=mm&r=g\",\"caption\":\"Sara Ramos Rodrigo\"}}]}<\/script>\n<!-- \/ Yoast SEO plugin. -->","yoast_head_json":{"title":"Don Bosco todav\u00eda resuena en nuestros corazones - Colegio San Juan Bosco Valencia","robots":{"index":"index","follow":"follow","max-snippet":"max-snippet:-1","max-image-preview":"max-image-preview:large","max-video-preview":"max-video-preview:-1"},"canonical":"https:\/\/valenciasjb.salesianos.edu\/colegio\/don-bosco-todavia-resuena-en-nuestros-corazones-3\/","og_locale":"es_ES","og_type":"article","og_title":"Don Bosco todav\u00eda resuena en nuestros corazones - Colegio San Juan Bosco Valencia","og_description":"Un a\u00f1o m\u00e1s, el 31 de enero, el colegio San Juan Bosco se ha vestido de gala para celebrar nuestra festividad. Un d\u00eda especial para nosotros, que hemos disfrutado al m\u00e1ximo con alegr\u00eda. Comenzamos la jornada con unos buenos d\u00edas especiales y diferentes ya que hicimos una celebraci\u00f3n donde acudieron todas las etapas y algunas [&hellip;]","og_url":"https:\/\/valenciasjb.salesianos.edu\/colegio\/don-bosco-todavia-resuena-en-nuestros-corazones-3\/","og_site_name":"Colegio San Juan Bosco Valencia","article_publisher":"https:\/\/www.facebook.com\/ColegioSalesianoSanJuanBoscoValencia","article_published_time":"2024-02-08T12:52:18+00:00","article_modified_time":"2024-02-15T12:35:39+00:00","og_image":[{"width":828,"height":375,"url":"https:\/\/valenciasjb.salesianos.edu\/colegio\/wp-content\/uploads\/sites\/2\/2024\/02\/image_123650291-1.jpg","type":"image\/jpeg"}],"author":"Sara Ramos Rodrigo","twitter_card":"summary_large_image","twitter_creator":"@SalesianosVSJB","twitter_site":"@SalesianosVSJB","twitter_misc":{"Escrito por":"Sara Ramos Rodrigo","Tiempo de lectura":"2 minutos"},"schema":{"@context":"https:\/\/schema.org","@graph":[{"@type":"Article","@id":"https:\/\/valenciasjb.salesianos.edu\/colegio\/don-bosco-todavia-resuena-en-nuestros-corazones-3\/#article","isPartOf":{"@id":"https:\/\/valenciasjb.salesianos.edu\/colegio\/don-bosco-todavia-resuena-en-nuestros-corazones-3\/"},"author":{"name":"Sara Ramos Rodrigo","@id":"https:\/\/valenciasjb.salesianos.edu\/colegio\/#\/schema\/person\/c2b8d841217188e90f343f5f3d28a2a6"},"headline":"Don Bosco todav\u00eda resuena en nuestros corazones","datePublished":"2024-02-08T12:52:18+00:00","dateModified":"2024-02-15T12:35:39+00:00","mainEntityOfPage":{"@id":"https:\/\/valenciasjb.salesianos.edu\/colegio\/don-bosco-todavia-resuena-en-nuestros-corazones-3\/"},"wordCount":307,"image":{"@id":"https:\/\/valenciasjb.salesianos.edu\/colegio\/don-bosco-todavia-resuena-en-nuestros-corazones-3\/#primaryimage"},"thumbnailUrl":"https:\/\/valenciasjb.salesianos.edu\/colegio\/wp-content\/uploads\/sites\/2\/2024\/02\/image_123650291-1.jpg","articleSection":["Noticia Colegio","Uncategorized"],"inLanguage":"es"},{"@type":"WebPage","@id":"https:\/\/valenciasjb.salesianos.edu\/colegio\/don-bosco-todavia-resuena-en-nuestros-corazones-3\/","url":"https:\/\/valenciasjb.salesianos.edu\/colegio\/don-bosco-todavia-resuena-en-nuestros-corazones-3\/","name":"Don Bosco todav\u00eda resuena en nuestros corazones - Colegio San Juan Bosco Valencia","isPartOf":{"@id":"https:\/\/valenciasjb.salesianos.edu\/colegio\/#website"},"primaryImageOfPage":{"@id":"https:\/\/valenciasjb.salesianos.edu\/colegio\/don-bosco-todavia-resuena-en-nuestros-corazones-3\/#primaryimage"},"image":{"@id":"https:\/\/valenciasjb.salesianos.edu\/colegio\/don-bosco-todavia-resuena-en-nuestros-corazones-3\/#primaryimage"},"thumbnailUrl":"https:\/\/valenciasjb.salesianos.edu\/colegio\/wp-content\/uploads\/sites\/2\/2024\/02\/image_123650291-1.jpg","datePublished":"2024-02-08T12:52:18+00:00","dateModified":"2024-02-15T12:35:39+00:00","author":{"@id":"https:\/\/valenciasjb.salesianos.edu\/colegio\/#\/schema\/person\/c2b8d841217188e90f343f5f3d28a2a6"},"breadcrumb":{"@id":"https:\/\/valenciasjb.salesianos.edu\/colegio\/don-bosco-todavia-resuena-en-nuestros-corazones-3\/#breadcrumb"},"inLanguage":"es","potentialAction":[{"@type":"ReadAction","target":["https:\/\/valenciasjb.salesianos.edu\/colegio\/don-bosco-todavia-resuena-en-nuestros-corazones-3\/"]}]},{"@type":"ImageObject","inLanguage":"es","@id":"https:\/\/valenciasjb.salesianos.edu\/colegio\/don-bosco-todavia-resuena-en-nuestros-corazones-3\/#primaryimage","url":"https:\/\/valenciasjb.salesianos.edu\/colegio\/wp-content\/uploads\/sites\/2\/2024\/02\/image_123650291-1.jpg","contentUrl":"https:\/\/valenciasjb.salesianos.edu\/colegio\/wp-content\/uploads\/sites\/2\/2024\/02\/image_123650291-1.jpg","width":828,"height":375},{"@type":"BreadcrumbList","@id":"https:\/\/valenciasjb.salesianos.edu\/colegio\/don-bosco-todavia-resuena-en-nuestros-corazones-3\/#breadcrumb","itemListElement":[{"@type":"ListItem","position":1,"name":"Portada","item":"https:\/\/valenciasjb.salesianos.edu\/colegio\/"},{"@type":"ListItem","position":2,"name":"Don Bosco todav\u00eda resuena en nuestros corazones"}]},{"@type":"WebSite","@id":"https:\/\/valenciasjb.salesianos.edu\/colegio\/#website","url":"https:\/\/valenciasjb.salesianos.edu\/colegio\/","name":"Colegio San Juan Bosco Valencia","description":"P\u00e1gina oficial del Colegio Salesianos San Juan Bosco Valencia","alternateName":"Salesianos.VSJB","potentialAction":[{"@type":"SearchAction","target":{"@type":"EntryPoint","urlTemplate":"https:\/\/valenciasjb.salesianos.edu\/colegio\/?s={search_term_string}"},"query-input":{"@type":"PropertyValueSpecification","valueRequired":true,"valueName":"search_term_string"}}],"inLanguage":"es"},{"@type":"Person","@id":"https:\/\/valenciasjb.salesianos.edu\/colegio\/#\/schema\/person\/c2b8d841217188e90f343f5f3d28a2a6","name":"Sara Ramos Rodrigo","image":{"@type":"ImageObject","inLanguage":"es","@id":"https:\/\/secure.gravatar.com\/avatar\/8d44a8429219ab1f148330216fdea0ab1b3792fb59606020b12d2131ba0e80bf?s=96&d=mm&r=g","url":"https:\/\/secure.gravatar.com\/avatar\/8d44a8429219ab1f148330216fdea0ab1b3792fb59606020b12d2131ba0e80bf?s=96&d=mm&r=g","contentUrl":"https:\/\/secure.gravatar.com\/avatar\/8d44a8429219ab1f148330216fdea0ab1b3792fb59606020b12d2131ba0e80bf?s=96&d=mm&r=g","caption":"Sara Ramos Rodrigo"}}]}},"_links":{"self":[{"href":"https:\/\/valenciasjb.salesianos.edu\/colegio\/wp-json\/wp\/v2\/posts\/20115","targetHints":{"allow":["GET"]}}],"collection":[{"href":"https:\/\/valenciasjb.salesianos.edu\/colegio\/wp-json\/wp\/v2\/posts"}],"about":[{"href":"https:\/\/valenciasjb.salesianos.edu\/colegio\/wp-json\/wp\/v2\/types\/post"}],"author":[{"embeddable":true,"href":"https:\/\/valenciasjb.salesianos.edu\/colegio\/wp-json\/wp\/v2\/users\/16"}],"replies":[{"embeddable":true,"href":"https:\/\/valenciasjb.salesianos.edu\/colegio\/wp-json\/wp\/v2\/comments?post=20115"}],"version-history":[{"count":2,"href":"https:\/\/valenciasjb.salesianos.edu\/colegio\/wp-json\/wp\/v2\/posts\/20115\/revisions"}],"predecessor-version":[{"id":20256,"href":"https:\/\/valenciasjb.salesianos.edu\/colegio\/wp-json\/wp\/v2\/posts\/20115\/revisions\/20256"}],"wp:featuredmedia":[{"embeddable":true,"href":"https:\/\/valenciasjb.salesianos.edu\/colegio\/wp-json\/wp\/v2\/media\/20111"}],"wp:attachment":[{"href":"https:\/\/valenciasjb.salesianos.edu\/colegio\/wp-json\/wp\/v2\/media?parent=20115"}],"wp:term":[{"taxonomy":"category","embeddable":true,"href":"https:\/\/valenciasjb.salesianos.edu\/colegio\/wp-json\/wp\/v2\/categories?post=20115"},{"taxonomy":"post_tag","embeddable":true,"href":"https:\/\/valenciasjb.salesianos.edu\/colegio\/wp-json\/wp\/v2\/tags?post=20115"}],"curies":[{"name":"wp","href":"https:\/\/api.w.org\/{rel}","templated":true}]}}