{"id":20435,"date":"2024-02-23T12:31:30","date_gmt":"2024-02-23T11:31:30","guid":{"rendered":"https:\/\/valenciasjb.salesianos.edu\/colegio\/?p=20435"},"modified":"2024-02-23T12:36:40","modified_gmt":"2024-02-23T11:36:40","slug":"entrega-de-premios-excelencia-academica","status":"publish","type":"post","link":"https:\/\/valenciasjb.salesianos.edu\/colegio\/entrega-de-premios-excelencia-academica\/","title":{"rendered":"Entrega de premios excelencia acad\u00e9mica"},"content":{"rendered":"<div id=\"fb-root\"><\/div>\n<p>[et_pb_section fb_built=\u00bb1&#8243; admin_label=\u00bbsection\u00bb _builder_version=\u00bb4.16&#8243; global_colors_info=\u00bb{}\u00bb][et_pb_row admin_label=\u00bbrow\u00bb _builder_version=\u00bb4.16&#8243; background_size=\u00bbinitial\u00bb background_position=\u00bbtop_left\u00bb background_repeat=\u00bbrepeat\u00bb global_colors_info=\u00bb{}\u00bb][et_pb_column type=\u00bb4_4&#8243; _builder_version=\u00bb4.16&#8243; custom_padding=\u00bb|||\u00bb global_colors_info=\u00bb{}\u00bb custom_padding__hover=\u00bb|||\u00bb][et_pb_blurb title=\u00bb&#x1f31f; \u00a1Excelencia acad\u00e9mica en Salesianos San Juan Bosco de Valencia! &#x1f31f;\u00bb image=\u00bbhttps:\/\/valenciasjb.salesianos.edu\/colegio\/wp-content\/uploads\/sites\/2\/2024\/02\/IMG_0179-scaled.jpg\u00bb _builder_version=\u00bb4.24.0&#8243; _module_preset=\u00bbdefault\u00bb hover_enabled=\u00bb0&#8243; global_colors_info=\u00bb{}\u00bb sticky_enabled=\u00bb0&#8243;]<\/p>\n<p>Nos llena de alegr\u00eda y orgullo compartir la emocionante noticia de la entrega de los Premios Extraordinarios al Rendimiento Acad\u00e9mico de Educaci\u00f3n Primaria del curso 21-22. En una ceremonia especial celebrada el d\u00eda 21\/02\/24, honramos a nuestros excelentes alumnas que han destacado por su excepcional desempe\u00f1o acad\u00e9mico.<\/p>\n<p>Es un honor para todos reconocer el esfuerzo y dedicaci\u00f3n de estas alumnas que, con su compromiso y talento, han brillado en sus estudios. En este evento, organizado con cari\u00f1o y atenci\u00f3n, se entregaron diplomas a la excelencia en el rendimiento acad\u00e9mico, expedidos por la Conselleria de Educaci\u00f3n, Universidades y Empleo.<\/p>\n<p>Queremos felicitar y aplaudir con entusiasmo a nuestras destacadas alumnas, Mireia\u00a0<span class=\"il\">Valero<\/span>\u00a0Morera, Noa Fuentes Soler y Sof\u00eda G\u00f3mez Solchaga, por su sobresaliente desempe\u00f1o. Su dedicaci\u00f3n y excelencia son ejemplo para todos , y estamos seguros de que seguir\u00e1n cosechando \u00e9xitos en su camino educativo.<\/p>\n<p>Agradecemos a la Conselleria de Educaci\u00f3n su compromiso en reconocer el talento y el trabajo duro de los estudiantes de la Comunitat Valenciana. Este premio no s\u00f3lo celebra los \u00e9xitos pasados, sino que tambi\u00e9n marca el comienzo de un futuro brillante para nuestros estudiantes galardonados.<\/p>\n<p>Una vez m\u00e1s, \u00a1enhorabuena a las premiadas y a todo el colegio por esta noticia excepcional!<\/p>\n<p>[\/et_pb_blurb][\/et_pb_column][\/et_pb_row][\/et_pb_section]<\/p>\n<!-- AddThis Advanced Settings generic via filter on the_content --><!-- AddThis Share Buttons generic via filter on the_content -->","protected":false},"excerpt":{"rendered":"<p>Nos llena de alegr\u00eda y orgullo compartir la emocionante noticia de la entrega de los Premios Extraordinarios al Rendimiento Acad\u00e9mico de Educaci\u00f3n Primaria del curso 21-22. En una ceremonia especial celebrada el d\u00eda 21\/02\/24, honramos a nuestros excelentes alumnas que han destacado por su excepcional desempe\u00f1o acad\u00e9mico. Es un honor para todos reconocer el esfuerzo [&hellip;]<\/p>\n<p><!-- AddThis Advanced Settings generic via filter on get_the_excerpt --><!-- AddThis Share Buttons generic via filter on get_the_excerpt --><\/p>\n","protected":false},"author":16,"featured_media":20439,"comment_status":"closed","ping_status":"open","sticky":false,"template":"","format":"standard","meta":{"_et_pb_use_builder":"on","_et_pb_old_content":"","_et_gb_content_width":"","footnotes":""},"categories":[14],"tags":[],"class_list":["post-20435","post","type-post","status-publish","format-standard","has-post-thumbnail","hentry","category-noticia_colegio"],"yoast_head":"<!-- This site is optimized with the Yoast SEO plugin v28.4 - https:\/\/yoast.com\/product\/yoast-seo-wordpress\/ -->\n<title>Entrega de premios excelencia acad\u00e9mica - Colegio San Juan Bosco Valencia<\/title>\n<meta name=\"robots\" content=\"index, follow, max-snippet:-1, max-image-preview:large, max-video-preview:-1\" \/>\n<link rel=\"canonical\" href=\"https:\/\/valenciasjb.salesianos.edu\/colegio\/entrega-de-premios-excelencia-academica\/\" \/>\n<meta property=\"og:locale\" content=\"es_ES\" \/>\n<meta property=\"og:type\" content=\"article\" \/>\n<meta property=\"og:title\" content=\"Entrega de premios excelencia acad\u00e9mica - Colegio San Juan Bosco Valencia\" \/>\n<meta property=\"og:description\" content=\"Nos llena de alegr\u00eda y orgullo compartir la emocionante noticia de la entrega de los Premios Extraordinarios al Rendimiento Acad\u00e9mico de Educaci\u00f3n Primaria del curso 21-22. En una ceremonia especial celebrada el d\u00eda 21\/02\/24, honramos a nuestros excelentes alumnas que han destacado por su excepcional desempe\u00f1o acad\u00e9mico. Es un honor para todos reconocer el esfuerzo [&hellip;]\" \/>\n<meta property=\"og:url\" content=\"https:\/\/valenciasjb.salesianos.edu\/colegio\/entrega-de-premios-excelencia-academica\/\" \/>\n<meta property=\"og:site_name\" content=\"Colegio San Juan Bosco Valencia\" \/>\n<meta property=\"article:publisher\" content=\"https:\/\/www.facebook.com\/ColegioSalesianoSanJuanBoscoValencia\" \/>\n<meta property=\"article:published_time\" content=\"2024-02-23T11:31:30+00:00\" \/>\n<meta property=\"article:modified_time\" content=\"2024-02-23T11:36:40+00:00\" \/>\n<meta property=\"og:image\" content=\"https:\/\/valenciasjb.salesianos.edu\/colegio\/wp-content\/uploads\/sites\/2\/2024\/02\/24ef7e25-7fc4-4129-bafb-3051c7cd1a65.jpg\" \/>\n\t<meta property=\"og:image:width\" content=\"2048\" \/>\n\t<meta property=\"og:image:height\" content=\"1536\" \/>\n\t<meta property=\"og:image:type\" content=\"image\/jpeg\" \/>\n<meta name=\"author\" content=\"Sara Ramos Rodrigo\" \/>\n<meta name=\"twitter:card\" content=\"summary_large_image\" \/>\n<meta name=\"twitter:creator\" content=\"@SalesianosVSJB\" \/>\n<meta name=\"twitter:site\" content=\"@SalesianosVSJB\" \/>\n<meta name=\"twitter:label1\" content=\"Escrito por\" \/>\n\t<meta name=\"twitter:data1\" content=\"Sara Ramos Rodrigo\" \/>\n\t<meta name=\"twitter:label2\" content=\"Tiempo de lectura\" \/>\n\t<meta name=\"twitter:data2\" content=\"2 minutos\" \/>\n<script type=\"application\/ld+json\" class=\"yoast-schema-graph\">{\"@context\":\"https:\\\/\\\/schema.org\",\"@graph\":[{\"@type\":\"Article\",\"@id\":\"https:\\\/\\\/valenciasjb.salesianos.edu\\\/colegio\\\/entrega-de-premios-excelencia-academica\\\/#article\",\"isPartOf\":{\"@id\":\"https:\\\/\\\/valenciasjb.salesianos.edu\\\/colegio\\\/entrega-de-premios-excelencia-academica\\\/\"},\"author\":{\"name\":\"Sara Ramos Rodrigo\",\"@id\":\"https:\\\/\\\/valenciasjb.salesianos.edu\\\/colegio\\\/#\\\/schema\\\/person\\\/c2b8d841217188e90f343f5f3d28a2a6\"},\"headline\":\"Entrega de premios excelencia acad\u00e9mica\",\"datePublished\":\"2024-02-23T11:31:30+00:00\",\"dateModified\":\"2024-02-23T11:36:40+00:00\",\"mainEntityOfPage\":{\"@id\":\"https:\\\/\\\/valenciasjb.salesianos.edu\\\/colegio\\\/entrega-de-premios-excelencia-academica\\\/\"},\"wordCount\":332,\"image\":{\"@id\":\"https:\\\/\\\/valenciasjb.salesianos.edu\\\/colegio\\\/entrega-de-premios-excelencia-academica\\\/#primaryimage\"},\"thumbnailUrl\":\"https:\\\/\\\/valenciasjb.salesianos.edu\\\/colegio\\\/wp-content\\\/uploads\\\/sites\\\/2\\\/2024\\\/02\\\/24ef7e25-7fc4-4129-bafb-3051c7cd1a65.jpg\",\"articleSection\":[\"Noticia Colegio\"],\"inLanguage\":\"es\"},{\"@type\":\"WebPage\",\"@id\":\"https:\\\/\\\/valenciasjb.salesianos.edu\\\/colegio\\\/entrega-de-premios-excelencia-academica\\\/\",\"url\":\"https:\\\/\\\/valenciasjb.salesianos.edu\\\/colegio\\\/entrega-de-premios-excelencia-academica\\\/\",\"name\":\"Entrega de premios excelencia acad\u00e9mica - Colegio San Juan Bosco Valencia\",\"isPartOf\":{\"@id\":\"https:\\\/\\\/valenciasjb.salesianos.edu\\\/colegio\\\/#website\"},\"primaryImageOfPage\":{\"@id\":\"https:\\\/\\\/valenciasjb.salesianos.edu\\\/colegio\\\/entrega-de-premios-excelencia-academica\\\/#primaryimage\"},\"image\":{\"@id\":\"https:\\\/\\\/valenciasjb.salesianos.edu\\\/colegio\\\/entrega-de-premios-excelencia-academica\\\/#primaryimage\"},\"thumbnailUrl\":\"https:\\\/\\\/valenciasjb.salesianos.edu\\\/colegio\\\/wp-content\\\/uploads\\\/sites\\\/2\\\/2024\\\/02\\\/24ef7e25-7fc4-4129-bafb-3051c7cd1a65.jpg\",\"datePublished\":\"2024-02-23T11:31:30+00:00\",\"dateModified\":\"2024-02-23T11:36:40+00:00\",\"author\":{\"@id\":\"https:\\\/\\\/valenciasjb.salesianos.edu\\\/colegio\\\/#\\\/schema\\\/person\\\/c2b8d841217188e90f343f5f3d28a2a6\"},\"breadcrumb\":{\"@id\":\"https:\\\/\\\/valenciasjb.salesianos.edu\\\/colegio\\\/entrega-de-premios-excelencia-academica\\\/#breadcrumb\"},\"inLanguage\":\"es\",\"potentialAction\":[{\"@type\":\"ReadAction\",\"target\":[\"https:\\\/\\\/valenciasjb.salesianos.edu\\\/colegio\\\/entrega-de-premios-excelencia-academica\\\/\"]}]},{\"@type\":\"ImageObject\",\"inLanguage\":\"es\",\"@id\":\"https:\\\/\\\/valenciasjb.salesianos.edu\\\/colegio\\\/entrega-de-premios-excelencia-academica\\\/#primaryimage\",\"url\":\"https:\\\/\\\/valenciasjb.salesianos.edu\\\/colegio\\\/wp-content\\\/uploads\\\/sites\\\/2\\\/2024\\\/02\\\/24ef7e25-7fc4-4129-bafb-3051c7cd1a65.jpg\",\"contentUrl\":\"https:\\\/\\\/valenciasjb.salesianos.edu\\\/colegio\\\/wp-content\\\/uploads\\\/sites\\\/2\\\/2024\\\/02\\\/24ef7e25-7fc4-4129-bafb-3051c7cd1a65.jpg\",\"width\":2048,\"height\":1536},{\"@type\":\"BreadcrumbList\",\"@id\":\"https:\\\/\\\/valenciasjb.salesianos.edu\\\/colegio\\\/entrega-de-premios-excelencia-academica\\\/#breadcrumb\",\"itemListElement\":[{\"@type\":\"ListItem\",\"position\":1,\"name\":\"Portada\",\"item\":\"https:\\\/\\\/valenciasjb.salesianos.edu\\\/colegio\\\/\"},{\"@type\":\"ListItem\",\"position\":2,\"name\":\"Entrega de premios excelencia acad\u00e9mica\"}]},{\"@type\":\"WebSite\",\"@id\":\"https:\\\/\\\/valenciasjb.salesianos.edu\\\/colegio\\\/#website\",\"url\":\"https:\\\/\\\/valenciasjb.salesianos.edu\\\/colegio\\\/\",\"name\":\"Colegio San Juan Bosco Valencia\",\"description\":\"P\u00e1gina oficial del Colegio Salesianos San Juan Bosco Valencia\",\"alternateName\":\"Salesianos.VSJB\",\"potentialAction\":[{\"@type\":\"SearchAction\",\"target\":{\"@type\":\"EntryPoint\",\"urlTemplate\":\"https:\\\/\\\/valenciasjb.salesianos.edu\\\/colegio\\\/?s={search_term_string}\"},\"query-input\":{\"@type\":\"PropertyValueSpecification\",\"valueRequired\":true,\"valueName\":\"search_term_string\"}}],\"inLanguage\":\"es\"},{\"@type\":\"Person\",\"@id\":\"https:\\\/\\\/valenciasjb.salesianos.edu\\\/colegio\\\/#\\\/schema\\\/person\\\/c2b8d841217188e90f343f5f3d28a2a6\",\"name\":\"Sara Ramos Rodrigo\",\"image\":{\"@type\":\"ImageObject\",\"inLanguage\":\"es\",\"@id\":\"https:\\\/\\\/secure.gravatar.com\\\/avatar\\\/8d44a8429219ab1f148330216fdea0ab1b3792fb59606020b12d2131ba0e80bf?s=96&d=mm&r=g\",\"url\":\"https:\\\/\\\/secure.gravatar.com\\\/avatar\\\/8d44a8429219ab1f148330216fdea0ab1b3792fb59606020b12d2131ba0e80bf?s=96&d=mm&r=g\",\"contentUrl\":\"https:\\\/\\\/secure.gravatar.com\\\/avatar\\\/8d44a8429219ab1f148330216fdea0ab1b3792fb59606020b12d2131ba0e80bf?s=96&d=mm&r=g\",\"caption\":\"Sara Ramos Rodrigo\"}}]}<\/script>\n<!-- \/ Yoast SEO plugin. -->","yoast_head_json":{"title":"Entrega de premios excelencia acad\u00e9mica - Colegio San Juan Bosco Valencia","robots":{"index":"index","follow":"follow","max-snippet":"max-snippet:-1","max-image-preview":"max-image-preview:large","max-video-preview":"max-video-preview:-1"},"canonical":"https:\/\/valenciasjb.salesianos.edu\/colegio\/entrega-de-premios-excelencia-academica\/","og_locale":"es_ES","og_type":"article","og_title":"Entrega de premios excelencia acad\u00e9mica - Colegio San Juan Bosco Valencia","og_description":"Nos llena de alegr\u00eda y orgullo compartir la emocionante noticia de la entrega de los Premios Extraordinarios al Rendimiento Acad\u00e9mico de Educaci\u00f3n Primaria del curso 21-22. En una ceremonia especial celebrada el d\u00eda 21\/02\/24, honramos a nuestros excelentes alumnas que han destacado por su excepcional desempe\u00f1o acad\u00e9mico. Es un honor para todos reconocer el esfuerzo [&hellip;]","og_url":"https:\/\/valenciasjb.salesianos.edu\/colegio\/entrega-de-premios-excelencia-academica\/","og_site_name":"Colegio San Juan Bosco Valencia","article_publisher":"https:\/\/www.facebook.com\/ColegioSalesianoSanJuanBoscoValencia","article_published_time":"2024-02-23T11:31:30+00:00","article_modified_time":"2024-02-23T11:36:40+00:00","og_image":[{"width":2048,"height":1536,"url":"https:\/\/valenciasjb.salesianos.edu\/colegio\/wp-content\/uploads\/sites\/2\/2024\/02\/24ef7e25-7fc4-4129-bafb-3051c7cd1a65.jpg","type":"image\/jpeg"}],"author":"Sara Ramos Rodrigo","twitter_card":"summary_large_image","twitter_creator":"@SalesianosVSJB","twitter_site":"@SalesianosVSJB","twitter_misc":{"Escrito por":"Sara Ramos Rodrigo","Tiempo de lectura":"2 minutos"},"schema":{"@context":"https:\/\/schema.org","@graph":[{"@type":"Article","@id":"https:\/\/valenciasjb.salesianos.edu\/colegio\/entrega-de-premios-excelencia-academica\/#article","isPartOf":{"@id":"https:\/\/valenciasjb.salesianos.edu\/colegio\/entrega-de-premios-excelencia-academica\/"},"author":{"name":"Sara Ramos Rodrigo","@id":"https:\/\/valenciasjb.salesianos.edu\/colegio\/#\/schema\/person\/c2b8d841217188e90f343f5f3d28a2a6"},"headline":"Entrega de premios excelencia acad\u00e9mica","datePublished":"2024-02-23T11:31:30+00:00","dateModified":"2024-02-23T11:36:40+00:00","mainEntityOfPage":{"@id":"https:\/\/valenciasjb.salesianos.edu\/colegio\/entrega-de-premios-excelencia-academica\/"},"wordCount":332,"image":{"@id":"https:\/\/valenciasjb.salesianos.edu\/colegio\/entrega-de-premios-excelencia-academica\/#primaryimage"},"thumbnailUrl":"https:\/\/valenciasjb.salesianos.edu\/colegio\/wp-content\/uploads\/sites\/2\/2024\/02\/24ef7e25-7fc4-4129-bafb-3051c7cd1a65.jpg","articleSection":["Noticia Colegio"],"inLanguage":"es"},{"@type":"WebPage","@id":"https:\/\/valenciasjb.salesianos.edu\/colegio\/entrega-de-premios-excelencia-academica\/","url":"https:\/\/valenciasjb.salesianos.edu\/colegio\/entrega-de-premios-excelencia-academica\/","name":"Entrega de premios excelencia acad\u00e9mica - Colegio San Juan Bosco Valencia","isPartOf":{"@id":"https:\/\/valenciasjb.salesianos.edu\/colegio\/#website"},"primaryImageOfPage":{"@id":"https:\/\/valenciasjb.salesianos.edu\/colegio\/entrega-de-premios-excelencia-academica\/#primaryimage"},"image":{"@id":"https:\/\/valenciasjb.salesianos.edu\/colegio\/entrega-de-premios-excelencia-academica\/#primaryimage"},"thumbnailUrl":"https:\/\/valenciasjb.salesianos.edu\/colegio\/wp-content\/uploads\/sites\/2\/2024\/02\/24ef7e25-7fc4-4129-bafb-3051c7cd1a65.jpg","datePublished":"2024-02-23T11:31:30+00:00","dateModified":"2024-02-23T11:36:40+00:00","author":{"@id":"https:\/\/valenciasjb.salesianos.edu\/colegio\/#\/schema\/person\/c2b8d841217188e90f343f5f3d28a2a6"},"breadcrumb":{"@id":"https:\/\/valenciasjb.salesianos.edu\/colegio\/entrega-de-premios-excelencia-academica\/#breadcrumb"},"inLanguage":"es","potentialAction":[{"@type":"ReadAction","target":["https:\/\/valenciasjb.salesianos.edu\/colegio\/entrega-de-premios-excelencia-academica\/"]}]},{"@type":"ImageObject","inLanguage":"es","@id":"https:\/\/valenciasjb.salesianos.edu\/colegio\/entrega-de-premios-excelencia-academica\/#primaryimage","url":"https:\/\/valenciasjb.salesianos.edu\/colegio\/wp-content\/uploads\/sites\/2\/2024\/02\/24ef7e25-7fc4-4129-bafb-3051c7cd1a65.jpg","contentUrl":"https:\/\/valenciasjb.salesianos.edu\/colegio\/wp-content\/uploads\/sites\/2\/2024\/02\/24ef7e25-7fc4-4129-bafb-3051c7cd1a65.jpg","width":2048,"height":1536},{"@type":"BreadcrumbList","@id":"https:\/\/valenciasjb.salesianos.edu\/colegio\/entrega-de-premios-excelencia-academica\/#breadcrumb","itemListElement":[{"@type":"ListItem","position":1,"name":"Portada","item":"https:\/\/valenciasjb.salesianos.edu\/colegio\/"},{"@type":"ListItem","position":2,"name":"Entrega de premios excelencia acad\u00e9mica"}]},{"@type":"WebSite","@id":"https:\/\/valenciasjb.salesianos.edu\/colegio\/#website","url":"https:\/\/valenciasjb.salesianos.edu\/colegio\/","name":"Colegio San Juan Bosco Valencia","description":"P\u00e1gina oficial del Colegio Salesianos San Juan Bosco Valencia","alternateName":"Salesianos.VSJB","potentialAction":[{"@type":"SearchAction","target":{"@type":"EntryPoint","urlTemplate":"https:\/\/valenciasjb.salesianos.edu\/colegio\/?s={search_term_string}"},"query-input":{"@type":"PropertyValueSpecification","valueRequired":true,"valueName":"search_term_string"}}],"inLanguage":"es"},{"@type":"Person","@id":"https:\/\/valenciasjb.salesianos.edu\/colegio\/#\/schema\/person\/c2b8d841217188e90f343f5f3d28a2a6","name":"Sara Ramos Rodrigo","image":{"@type":"ImageObject","inLanguage":"es","@id":"https:\/\/secure.gravatar.com\/avatar\/8d44a8429219ab1f148330216fdea0ab1b3792fb59606020b12d2131ba0e80bf?s=96&d=mm&r=g","url":"https:\/\/secure.gravatar.com\/avatar\/8d44a8429219ab1f148330216fdea0ab1b3792fb59606020b12d2131ba0e80bf?s=96&d=mm&r=g","contentUrl":"https:\/\/secure.gravatar.com\/avatar\/8d44a8429219ab1f148330216fdea0ab1b3792fb59606020b12d2131ba0e80bf?s=96&d=mm&r=g","caption":"Sara Ramos Rodrigo"}}]}},"_links":{"self":[{"href":"https:\/\/valenciasjb.salesianos.edu\/colegio\/wp-json\/wp\/v2\/posts\/20435","targetHints":{"allow":["GET"]}}],"collection":[{"href":"https:\/\/valenciasjb.salesianos.edu\/colegio\/wp-json\/wp\/v2\/posts"}],"about":[{"href":"https:\/\/valenciasjb.salesianos.edu\/colegio\/wp-json\/wp\/v2\/types\/post"}],"author":[{"embeddable":true,"href":"https:\/\/valenciasjb.salesianos.edu\/colegio\/wp-json\/wp\/v2\/users\/16"}],"replies":[{"embeddable":true,"href":"https:\/\/valenciasjb.salesianos.edu\/colegio\/wp-json\/wp\/v2\/comments?post=20435"}],"version-history":[{"count":5,"href":"https:\/\/valenciasjb.salesianos.edu\/colegio\/wp-json\/wp\/v2\/posts\/20435\/revisions"}],"predecessor-version":[{"id":20446,"href":"https:\/\/valenciasjb.salesianos.edu\/colegio\/wp-json\/wp\/v2\/posts\/20435\/revisions\/20446"}],"wp:featuredmedia":[{"embeddable":true,"href":"https:\/\/valenciasjb.salesianos.edu\/colegio\/wp-json\/wp\/v2\/media\/20439"}],"wp:attachment":[{"href":"https:\/\/valenciasjb.salesianos.edu\/colegio\/wp-json\/wp\/v2\/media?parent=20435"}],"wp:term":[{"taxonomy":"category","embeddable":true,"href":"https:\/\/valenciasjb.salesianos.edu\/colegio\/wp-json\/wp\/v2\/categories?post=20435"},{"taxonomy":"post_tag","embeddable":true,"href":"https:\/\/valenciasjb.salesianos.edu\/colegio\/wp-json\/wp\/v2\/tags?post=20435"}],"curies":[{"name":"wp","href":"https:\/\/api.w.org\/{rel}","templated":true}]}}