{"id":20591,"date":"2024-04-18T11:19:15","date_gmt":"2024-04-18T10:19:15","guid":{"rendered":"https:\/\/valenciasjb.salesianos.edu\/colegio\/proyecto-de-investigacion-e-innovacion-educativa-anem-de-la-ma\/"},"modified":"2024-04-19T11:36:26","modified_gmt":"2024-04-19T10:36:26","slug":"proyecto-de-investigacion-e-innovacion-educativa-anem-de-la-ma","status":"publish","type":"post","link":"https:\/\/valenciasjb.salesianos.edu\/colegio\/proyecto-de-investigacion-e-innovacion-educativa-anem-de-la-ma\/","title":{"rendered":"Proyecto de investigaci\u00f3n e innovaci\u00f3n educativa \u00abAnem de la m\u00e0\u00bb"},"content":{"rendered":"<div id=\"fb-root\"><\/div>\n<p>[et_pb_section fb_built=\u00bb1&#8243; admin_label=\u00bbsection\u00bb _builder_version=\u00bb4.16&#8243; global_colors_info=\u00bb{}\u00bb][et_pb_row admin_label=\u00bbrow\u00bb _builder_version=\u00bb4.16&#8243; background_size=\u00bbinitial\u00bb background_position=\u00bbtop_left\u00bb background_repeat=\u00bbrepeat\u00bb global_colors_info=\u00bb{}\u00bb][et_pb_column type=\u00bb4_4&#8243; _builder_version=\u00bb4.16&#8243; custom_padding=\u00bb|||\u00bb global_colors_info=\u00bb{}\u00bb custom_padding__hover=\u00bb|||\u00bb][et_pb_blurb title=\u00bbAlumnado de 1\u00ba de ESO presentae el innovador storytelling en ingl\u00e9s para ni\u00f1os de Infantil\u00bb image=\u00bbhttps:\/\/valenciasjb.salesianos.edu\/colegio\/wp-content\/uploads\/sites\/2\/2024\/04\/73c3b1e5-0ac7-47e7-bb89-0242f0ea1fad.jpg\u00bb _builder_version=\u00bb4.24.3&#8243; _module_preset=\u00bbdefault\u00bb global_colors_info=\u00bb{}\u00bb]<\/p>\n<p>Los estudiantes de la asignatura optativa Competencia Comunicativa Oral en ingl\u00e9s de 1\u00ba de ESO nos han deslumbrado con su creatividad y destreza ling\u00fc\u00edstica al presentar su emocionante storytelling \u00abSnow White and the seven colours\u00bb. En el marco del proyecto de investigaci\u00f3n e innovaci\u00f3n educativa \u00abAnem de la m\u00e0\u00bb, los j\u00f3venes talentos no solo redactaron la historia, sino que tambi\u00e9n la llevaron a escena con gran entusiasmo y habilidad.<\/p>\n<p>El storytelling, basado en el cl\u00e1sico cuento de Blancanieves, ha sido adaptado de manera innovadora por los estudiantes, quienes han a\u00f1adido su propio toque creativo al incorporar siete colores \u00fanicos que representan a los personajes principales. Esta interpretaci\u00f3n fresca y original no solo ha capturado la atenci\u00f3n del p\u00fablico, sino que tambi\u00e9n ha demostrado el dominio del idioma ingl\u00e9s por parte de los j\u00f3venes.<\/p>\n<p>Pero la experiencia no termin\u00f3 ah\u00ed. Como parte de su compromiso con la comunidad educativa, los estudiantes prepararon una serie de juegos interactivos para los ni\u00f1os del \u00faltimo curso de Infantil. Estos juegos no solo fueron una oportunidad para aplicar y reforzar el vocabulario y las habilidades ling\u00fc\u00edsticas aprendidas, sino que tambi\u00e9n fomentaron la interacci\u00f3n y el aprendizaje entre los diferentes niveles educativos.<\/p>\n<p>El proyecto \u00abAnem de la m\u00e0\u00bb ha sido un \u00e9xito rotundo, no solo en t\u00e9rminos de desarrollo acad\u00e9mico y ling\u00fc\u00edstico, sino tambi\u00e9n en cuanto a la promoci\u00f3n de la colaboraci\u00f3n y el compa\u00f1erismo dentro de la comunidad escolar. \u00a1Enhorabuena a todos los estudiantes involucrados por su excelente trabajo y dedicaci\u00f3n!<\/p>\n<p>[\/et_pb_blurb][\/et_pb_column][\/et_pb_row][\/et_pb_section]<\/p>\n<!-- AddThis Advanced Settings generic via filter on the_content --><!-- AddThis Share Buttons generic via filter on the_content -->","protected":false},"excerpt":{"rendered":"<p>Los estudiantes de la asignatura optativa Competencia Comunicativa Oral en ingl\u00e9s de 1\u00ba de ESO nos han deslumbrado con su creatividad y destreza ling\u00fc\u00edstica al presentar su emocionante storytelling \u00abSnow White and the seven colours\u00bb. En el marco del proyecto de investigaci\u00f3n e innovaci\u00f3n educativa \u00abAnem de la m\u00e0\u00bb, los j\u00f3venes talentos no solo redactaron [&hellip;]<\/p>\n<p><!-- AddThis Advanced Settings generic via filter on get_the_excerpt --><!-- AddThis Share Buttons generic via filter on get_the_excerpt --><\/p>\n","protected":false},"author":16,"featured_media":20592,"comment_status":"closed","ping_status":"open","sticky":false,"template":"","format":"standard","meta":{"_et_pb_use_builder":"on","_et_pb_old_content":"","_et_gb_content_width":"","footnotes":""},"categories":[14,1],"tags":[],"class_list":["post-20591","post","type-post","status-publish","format-standard","has-post-thumbnail","hentry","category-noticia_colegio","category-uncategorized"],"yoast_head":"<!-- This site is optimized with the Yoast SEO plugin v27.4 - https:\/\/yoast.com\/product\/yoast-seo-wordpress\/ -->\n<title>Proyecto de investigaci\u00f3n e innovaci\u00f3n educativa \u00abAnem de la m\u00e0\u00bb - Colegio San Juan Bosco Valencia<\/title>\n<meta name=\"robots\" content=\"index, follow, max-snippet:-1, max-image-preview:large, max-video-preview:-1\" \/>\n<link rel=\"canonical\" href=\"https:\/\/valenciasjb.salesianos.edu\/colegio\/proyecto-de-investigacion-e-innovacion-educativa-anem-de-la-ma\/\" \/>\n<meta property=\"og:locale\" content=\"es_ES\" \/>\n<meta property=\"og:type\" content=\"article\" \/>\n<meta property=\"og:title\" content=\"Proyecto de investigaci\u00f3n e innovaci\u00f3n educativa \u00abAnem de la m\u00e0\u00bb - Colegio San Juan Bosco Valencia\" \/>\n<meta property=\"og:description\" content=\"Los estudiantes de la asignatura optativa Competencia Comunicativa Oral en ingl\u00e9s de 1\u00ba de ESO nos han deslumbrado con su creatividad y destreza ling\u00fc\u00edstica al presentar su emocionante storytelling &quot;Snow White and the seven colours&quot;. En el marco del proyecto de investigaci\u00f3n e innovaci\u00f3n educativa &quot;Anem de la m\u00e0&quot;, los j\u00f3venes talentos no solo redactaron [&hellip;]\" \/>\n<meta property=\"og:url\" content=\"https:\/\/valenciasjb.salesianos.edu\/colegio\/proyecto-de-investigacion-e-innovacion-educativa-anem-de-la-ma\/\" \/>\n<meta property=\"og:site_name\" content=\"Colegio San Juan Bosco Valencia\" \/>\n<meta property=\"article:publisher\" content=\"https:\/\/www.facebook.com\/ColegioSalesianoSanJuanBoscoValencia\" \/>\n<meta property=\"article:published_time\" content=\"2024-04-18T10:19:15+00:00\" \/>\n<meta property=\"article:modified_time\" content=\"2024-04-19T10:36:26+00:00\" \/>\n<meta property=\"og:image\" content=\"https:\/\/valenciasjb.salesianos.edu\/colegio\/wp-content\/uploads\/sites\/2\/2024\/04\/7c915a9e-2244-4f9d-8a51-aff5b6db8087.jpg\" \/>\n\t<meta property=\"og:image:width\" content=\"1600\" \/>\n\t<meta property=\"og:image:height\" content=\"1200\" \/>\n\t<meta property=\"og:image:type\" content=\"image\/jpeg\" \/>\n<meta name=\"author\" content=\"Sara Ramos Rodrigo\" \/>\n<meta name=\"twitter:card\" content=\"summary_large_image\" \/>\n<meta name=\"twitter:creator\" content=\"@SalesianosVSJB\" \/>\n<meta name=\"twitter:site\" content=\"@SalesianosVSJB\" \/>\n<meta name=\"twitter:label1\" content=\"Escrito por\" \/>\n\t<meta name=\"twitter:data1\" content=\"Sara Ramos Rodrigo\" \/>\n\t<meta name=\"twitter:label2\" content=\"Tiempo de lectura\" \/>\n\t<meta name=\"twitter:data2\" content=\"2 minutos\" \/>\n<script type=\"application\/ld+json\" class=\"yoast-schema-graph\">{\"@context\":\"https:\\\/\\\/schema.org\",\"@graph\":[{\"@type\":\"Article\",\"@id\":\"https:\\\/\\\/valenciasjb.salesianos.edu\\\/colegio\\\/proyecto-de-investigacion-e-innovacion-educativa-anem-de-la-ma\\\/#article\",\"isPartOf\":{\"@id\":\"https:\\\/\\\/valenciasjb.salesianos.edu\\\/colegio\\\/proyecto-de-investigacion-e-innovacion-educativa-anem-de-la-ma\\\/\"},\"author\":{\"name\":\"Sara Ramos Rodrigo\",\"@id\":\"https:\\\/\\\/valenciasjb.salesianos.edu\\\/colegio\\\/#\\\/schema\\\/person\\\/c2b8d841217188e90f343f5f3d28a2a6\"},\"headline\":\"Proyecto de investigaci\u00f3n e innovaci\u00f3n educativa \u00abAnem de la m\u00e0\u00bb\",\"datePublished\":\"2024-04-18T10:19:15+00:00\",\"dateModified\":\"2024-04-19T10:36:26+00:00\",\"mainEntityOfPage\":{\"@id\":\"https:\\\/\\\/valenciasjb.salesianos.edu\\\/colegio\\\/proyecto-de-investigacion-e-innovacion-educativa-anem-de-la-ma\\\/\"},\"wordCount\":393,\"image\":{\"@id\":\"https:\\\/\\\/valenciasjb.salesianos.edu\\\/colegio\\\/proyecto-de-investigacion-e-innovacion-educativa-anem-de-la-ma\\\/#primaryimage\"},\"thumbnailUrl\":\"https:\\\/\\\/valenciasjb.salesianos.edu\\\/colegio\\\/wp-content\\\/uploads\\\/sites\\\/2\\\/2024\\\/04\\\/7c915a9e-2244-4f9d-8a51-aff5b6db8087.jpg\",\"articleSection\":[\"Noticia Colegio\",\"Uncategorized\"],\"inLanguage\":\"es\"},{\"@type\":\"WebPage\",\"@id\":\"https:\\\/\\\/valenciasjb.salesianos.edu\\\/colegio\\\/proyecto-de-investigacion-e-innovacion-educativa-anem-de-la-ma\\\/\",\"url\":\"https:\\\/\\\/valenciasjb.salesianos.edu\\\/colegio\\\/proyecto-de-investigacion-e-innovacion-educativa-anem-de-la-ma\\\/\",\"name\":\"Proyecto de investigaci\u00f3n e innovaci\u00f3n educativa \u00abAnem de la m\u00e0\u00bb - Colegio San Juan Bosco Valencia\",\"isPartOf\":{\"@id\":\"https:\\\/\\\/valenciasjb.salesianos.edu\\\/colegio\\\/#website\"},\"primaryImageOfPage\":{\"@id\":\"https:\\\/\\\/valenciasjb.salesianos.edu\\\/colegio\\\/proyecto-de-investigacion-e-innovacion-educativa-anem-de-la-ma\\\/#primaryimage\"},\"image\":{\"@id\":\"https:\\\/\\\/valenciasjb.salesianos.edu\\\/colegio\\\/proyecto-de-investigacion-e-innovacion-educativa-anem-de-la-ma\\\/#primaryimage\"},\"thumbnailUrl\":\"https:\\\/\\\/valenciasjb.salesianos.edu\\\/colegio\\\/wp-content\\\/uploads\\\/sites\\\/2\\\/2024\\\/04\\\/7c915a9e-2244-4f9d-8a51-aff5b6db8087.jpg\",\"datePublished\":\"2024-04-18T10:19:15+00:00\",\"dateModified\":\"2024-04-19T10:36:26+00:00\",\"author\":{\"@id\":\"https:\\\/\\\/valenciasjb.salesianos.edu\\\/colegio\\\/#\\\/schema\\\/person\\\/c2b8d841217188e90f343f5f3d28a2a6\"},\"breadcrumb\":{\"@id\":\"https:\\\/\\\/valenciasjb.salesianos.edu\\\/colegio\\\/proyecto-de-investigacion-e-innovacion-educativa-anem-de-la-ma\\\/#breadcrumb\"},\"inLanguage\":\"es\",\"potentialAction\":[{\"@type\":\"ReadAction\",\"target\":[\"https:\\\/\\\/valenciasjb.salesianos.edu\\\/colegio\\\/proyecto-de-investigacion-e-innovacion-educativa-anem-de-la-ma\\\/\"]}]},{\"@type\":\"ImageObject\",\"inLanguage\":\"es\",\"@id\":\"https:\\\/\\\/valenciasjb.salesianos.edu\\\/colegio\\\/proyecto-de-investigacion-e-innovacion-educativa-anem-de-la-ma\\\/#primaryimage\",\"url\":\"https:\\\/\\\/valenciasjb.salesianos.edu\\\/colegio\\\/wp-content\\\/uploads\\\/sites\\\/2\\\/2024\\\/04\\\/7c915a9e-2244-4f9d-8a51-aff5b6db8087.jpg\",\"contentUrl\":\"https:\\\/\\\/valenciasjb.salesianos.edu\\\/colegio\\\/wp-content\\\/uploads\\\/sites\\\/2\\\/2024\\\/04\\\/7c915a9e-2244-4f9d-8a51-aff5b6db8087.jpg\",\"width\":1600,\"height\":1200},{\"@type\":\"BreadcrumbList\",\"@id\":\"https:\\\/\\\/valenciasjb.salesianos.edu\\\/colegio\\\/proyecto-de-investigacion-e-innovacion-educativa-anem-de-la-ma\\\/#breadcrumb\",\"itemListElement\":[{\"@type\":\"ListItem\",\"position\":1,\"name\":\"Portada\",\"item\":\"https:\\\/\\\/valenciasjb.salesianos.edu\\\/colegio\\\/\"},{\"@type\":\"ListItem\",\"position\":2,\"name\":\"Proyecto de investigaci\u00f3n e innovaci\u00f3n educativa \u00abAnem de la m\u00e0\u00bb\"}]},{\"@type\":\"WebSite\",\"@id\":\"https:\\\/\\\/valenciasjb.salesianos.edu\\\/colegio\\\/#website\",\"url\":\"https:\\\/\\\/valenciasjb.salesianos.edu\\\/colegio\\\/\",\"name\":\"Colegio San Juan Bosco Valencia\",\"description\":\"P\u00e1gina oficial del Colegio Salesianos San Juan Bosco Valencia\",\"alternateName\":\"Salesianos.VSJB\",\"potentialAction\":[{\"@type\":\"SearchAction\",\"target\":{\"@type\":\"EntryPoint\",\"urlTemplate\":\"https:\\\/\\\/valenciasjb.salesianos.edu\\\/colegio\\\/?s={search_term_string}\"},\"query-input\":{\"@type\":\"PropertyValueSpecification\",\"valueRequired\":true,\"valueName\":\"search_term_string\"}}],\"inLanguage\":\"es\"},{\"@type\":\"Person\",\"@id\":\"https:\\\/\\\/valenciasjb.salesianos.edu\\\/colegio\\\/#\\\/schema\\\/person\\\/c2b8d841217188e90f343f5f3d28a2a6\",\"name\":\"Sara Ramos Rodrigo\",\"image\":{\"@type\":\"ImageObject\",\"inLanguage\":\"es\",\"@id\":\"https:\\\/\\\/secure.gravatar.com\\\/avatar\\\/8d44a8429219ab1f148330216fdea0ab1b3792fb59606020b12d2131ba0e80bf?s=96&d=mm&r=g\",\"url\":\"https:\\\/\\\/secure.gravatar.com\\\/avatar\\\/8d44a8429219ab1f148330216fdea0ab1b3792fb59606020b12d2131ba0e80bf?s=96&d=mm&r=g\",\"contentUrl\":\"https:\\\/\\\/secure.gravatar.com\\\/avatar\\\/8d44a8429219ab1f148330216fdea0ab1b3792fb59606020b12d2131ba0e80bf?s=96&d=mm&r=g\",\"caption\":\"Sara Ramos Rodrigo\"}}]}<\/script>\n<!-- \/ Yoast SEO plugin. -->","yoast_head_json":{"title":"Proyecto de investigaci\u00f3n e innovaci\u00f3n educativa \u00abAnem de la m\u00e0\u00bb - Colegio San Juan Bosco Valencia","robots":{"index":"index","follow":"follow","max-snippet":"max-snippet:-1","max-image-preview":"max-image-preview:large","max-video-preview":"max-video-preview:-1"},"canonical":"https:\/\/valenciasjb.salesianos.edu\/colegio\/proyecto-de-investigacion-e-innovacion-educativa-anem-de-la-ma\/","og_locale":"es_ES","og_type":"article","og_title":"Proyecto de investigaci\u00f3n e innovaci\u00f3n educativa \u00abAnem de la m\u00e0\u00bb - Colegio San Juan Bosco Valencia","og_description":"Los estudiantes de la asignatura optativa Competencia Comunicativa Oral en ingl\u00e9s de 1\u00ba de ESO nos han deslumbrado con su creatividad y destreza ling\u00fc\u00edstica al presentar su emocionante storytelling \"Snow White and the seven colours\". En el marco del proyecto de investigaci\u00f3n e innovaci\u00f3n educativa \"Anem de la m\u00e0\", los j\u00f3venes talentos no solo redactaron [&hellip;]","og_url":"https:\/\/valenciasjb.salesianos.edu\/colegio\/proyecto-de-investigacion-e-innovacion-educativa-anem-de-la-ma\/","og_site_name":"Colegio San Juan Bosco Valencia","article_publisher":"https:\/\/www.facebook.com\/ColegioSalesianoSanJuanBoscoValencia","article_published_time":"2024-04-18T10:19:15+00:00","article_modified_time":"2024-04-19T10:36:26+00:00","og_image":[{"width":1600,"height":1200,"url":"https:\/\/valenciasjb.salesianos.edu\/colegio\/wp-content\/uploads\/sites\/2\/2024\/04\/7c915a9e-2244-4f9d-8a51-aff5b6db8087.jpg","type":"image\/jpeg"}],"author":"Sara Ramos Rodrigo","twitter_card":"summary_large_image","twitter_creator":"@SalesianosVSJB","twitter_site":"@SalesianosVSJB","twitter_misc":{"Escrito por":"Sara Ramos Rodrigo","Tiempo de lectura":"2 minutos"},"schema":{"@context":"https:\/\/schema.org","@graph":[{"@type":"Article","@id":"https:\/\/valenciasjb.salesianos.edu\/colegio\/proyecto-de-investigacion-e-innovacion-educativa-anem-de-la-ma\/#article","isPartOf":{"@id":"https:\/\/valenciasjb.salesianos.edu\/colegio\/proyecto-de-investigacion-e-innovacion-educativa-anem-de-la-ma\/"},"author":{"name":"Sara Ramos Rodrigo","@id":"https:\/\/valenciasjb.salesianos.edu\/colegio\/#\/schema\/person\/c2b8d841217188e90f343f5f3d28a2a6"},"headline":"Proyecto de investigaci\u00f3n e innovaci\u00f3n educativa \u00abAnem de la m\u00e0\u00bb","datePublished":"2024-04-18T10:19:15+00:00","dateModified":"2024-04-19T10:36:26+00:00","mainEntityOfPage":{"@id":"https:\/\/valenciasjb.salesianos.edu\/colegio\/proyecto-de-investigacion-e-innovacion-educativa-anem-de-la-ma\/"},"wordCount":393,"image":{"@id":"https:\/\/valenciasjb.salesianos.edu\/colegio\/proyecto-de-investigacion-e-innovacion-educativa-anem-de-la-ma\/#primaryimage"},"thumbnailUrl":"https:\/\/valenciasjb.salesianos.edu\/colegio\/wp-content\/uploads\/sites\/2\/2024\/04\/7c915a9e-2244-4f9d-8a51-aff5b6db8087.jpg","articleSection":["Noticia Colegio","Uncategorized"],"inLanguage":"es"},{"@type":"WebPage","@id":"https:\/\/valenciasjb.salesianos.edu\/colegio\/proyecto-de-investigacion-e-innovacion-educativa-anem-de-la-ma\/","url":"https:\/\/valenciasjb.salesianos.edu\/colegio\/proyecto-de-investigacion-e-innovacion-educativa-anem-de-la-ma\/","name":"Proyecto de investigaci\u00f3n e innovaci\u00f3n educativa \u00abAnem de la m\u00e0\u00bb - Colegio San Juan Bosco Valencia","isPartOf":{"@id":"https:\/\/valenciasjb.salesianos.edu\/colegio\/#website"},"primaryImageOfPage":{"@id":"https:\/\/valenciasjb.salesianos.edu\/colegio\/proyecto-de-investigacion-e-innovacion-educativa-anem-de-la-ma\/#primaryimage"},"image":{"@id":"https:\/\/valenciasjb.salesianos.edu\/colegio\/proyecto-de-investigacion-e-innovacion-educativa-anem-de-la-ma\/#primaryimage"},"thumbnailUrl":"https:\/\/valenciasjb.salesianos.edu\/colegio\/wp-content\/uploads\/sites\/2\/2024\/04\/7c915a9e-2244-4f9d-8a51-aff5b6db8087.jpg","datePublished":"2024-04-18T10:19:15+00:00","dateModified":"2024-04-19T10:36:26+00:00","author":{"@id":"https:\/\/valenciasjb.salesianos.edu\/colegio\/#\/schema\/person\/c2b8d841217188e90f343f5f3d28a2a6"},"breadcrumb":{"@id":"https:\/\/valenciasjb.salesianos.edu\/colegio\/proyecto-de-investigacion-e-innovacion-educativa-anem-de-la-ma\/#breadcrumb"},"inLanguage":"es","potentialAction":[{"@type":"ReadAction","target":["https:\/\/valenciasjb.salesianos.edu\/colegio\/proyecto-de-investigacion-e-innovacion-educativa-anem-de-la-ma\/"]}]},{"@type":"ImageObject","inLanguage":"es","@id":"https:\/\/valenciasjb.salesianos.edu\/colegio\/proyecto-de-investigacion-e-innovacion-educativa-anem-de-la-ma\/#primaryimage","url":"https:\/\/valenciasjb.salesianos.edu\/colegio\/wp-content\/uploads\/sites\/2\/2024\/04\/7c915a9e-2244-4f9d-8a51-aff5b6db8087.jpg","contentUrl":"https:\/\/valenciasjb.salesianos.edu\/colegio\/wp-content\/uploads\/sites\/2\/2024\/04\/7c915a9e-2244-4f9d-8a51-aff5b6db8087.jpg","width":1600,"height":1200},{"@type":"BreadcrumbList","@id":"https:\/\/valenciasjb.salesianos.edu\/colegio\/proyecto-de-investigacion-e-innovacion-educativa-anem-de-la-ma\/#breadcrumb","itemListElement":[{"@type":"ListItem","position":1,"name":"Portada","item":"https:\/\/valenciasjb.salesianos.edu\/colegio\/"},{"@type":"ListItem","position":2,"name":"Proyecto de investigaci\u00f3n e innovaci\u00f3n educativa \u00abAnem de la m\u00e0\u00bb"}]},{"@type":"WebSite","@id":"https:\/\/valenciasjb.salesianos.edu\/colegio\/#website","url":"https:\/\/valenciasjb.salesianos.edu\/colegio\/","name":"Colegio San Juan Bosco Valencia","description":"P\u00e1gina oficial del Colegio Salesianos San Juan Bosco Valencia","alternateName":"Salesianos.VSJB","potentialAction":[{"@type":"SearchAction","target":{"@type":"EntryPoint","urlTemplate":"https:\/\/valenciasjb.salesianos.edu\/colegio\/?s={search_term_string}"},"query-input":{"@type":"PropertyValueSpecification","valueRequired":true,"valueName":"search_term_string"}}],"inLanguage":"es"},{"@type":"Person","@id":"https:\/\/valenciasjb.salesianos.edu\/colegio\/#\/schema\/person\/c2b8d841217188e90f343f5f3d28a2a6","name":"Sara Ramos Rodrigo","image":{"@type":"ImageObject","inLanguage":"es","@id":"https:\/\/secure.gravatar.com\/avatar\/8d44a8429219ab1f148330216fdea0ab1b3792fb59606020b12d2131ba0e80bf?s=96&d=mm&r=g","url":"https:\/\/secure.gravatar.com\/avatar\/8d44a8429219ab1f148330216fdea0ab1b3792fb59606020b12d2131ba0e80bf?s=96&d=mm&r=g","contentUrl":"https:\/\/secure.gravatar.com\/avatar\/8d44a8429219ab1f148330216fdea0ab1b3792fb59606020b12d2131ba0e80bf?s=96&d=mm&r=g","caption":"Sara Ramos Rodrigo"}}]}},"_links":{"self":[{"href":"https:\/\/valenciasjb.salesianos.edu\/colegio\/wp-json\/wp\/v2\/posts\/20591","targetHints":{"allow":["GET"]}}],"collection":[{"href":"https:\/\/valenciasjb.salesianos.edu\/colegio\/wp-json\/wp\/v2\/posts"}],"about":[{"href":"https:\/\/valenciasjb.salesianos.edu\/colegio\/wp-json\/wp\/v2\/types\/post"}],"author":[{"embeddable":true,"href":"https:\/\/valenciasjb.salesianos.edu\/colegio\/wp-json\/wp\/v2\/users\/16"}],"replies":[{"embeddable":true,"href":"https:\/\/valenciasjb.salesianos.edu\/colegio\/wp-json\/wp\/v2\/comments?post=20591"}],"version-history":[{"count":1,"href":"https:\/\/valenciasjb.salesianos.edu\/colegio\/wp-json\/wp\/v2\/posts\/20591\/revisions"}],"predecessor-version":[{"id":20595,"href":"https:\/\/valenciasjb.salesianos.edu\/colegio\/wp-json\/wp\/v2\/posts\/20591\/revisions\/20595"}],"wp:featuredmedia":[{"embeddable":true,"href":"https:\/\/valenciasjb.salesianos.edu\/colegio\/wp-json\/wp\/v2\/media\/20592"}],"wp:attachment":[{"href":"https:\/\/valenciasjb.salesianos.edu\/colegio\/wp-json\/wp\/v2\/media?parent=20591"}],"wp:term":[{"taxonomy":"category","embeddable":true,"href":"https:\/\/valenciasjb.salesianos.edu\/colegio\/wp-json\/wp\/v2\/categories?post=20591"},{"taxonomy":"post_tag","embeddable":true,"href":"https:\/\/valenciasjb.salesianos.edu\/colegio\/wp-json\/wp\/v2\/tags?post=20591"}],"curies":[{"name":"wp","href":"https:\/\/api.w.org\/{rel}","templated":true}]}}