{"id":21558,"date":"2024-06-28T08:48:23","date_gmt":"2024-06-28T07:48:23","guid":{"rendered":"https:\/\/valenciasjb.salesianos.edu\/colegio\/?p=21558"},"modified":"2024-06-28T08:50:28","modified_gmt":"2024-06-28T07:50:28","slug":"borrador-automatico-13","status":"publish","type":"post","link":"https:\/\/valenciasjb.salesianos.edu\/colegio\/borrador-automatico-13\/","title":{"rendered":"Una casa sin m\u00fasica es como un cuerpo sin alma"},"content":{"rendered":"<div id=\"fb-root\"><\/div>\n<p>[et_pb_section fb_built=\u00bb1&#8243; admin_label=\u00bbsection\u00bb _builder_version=\u00bb4.16&#8243; global_colors_info=\u00bb{}\u00bb][et_pb_row admin_label=\u00bbrow\u00bb _builder_version=\u00bb4.16&#8243; background_size=\u00bbinitial\u00bb background_position=\u00bbtop_left\u00bb background_repeat=\u00bbrepeat\u00bb global_colors_info=\u00bb{}\u00bb][et_pb_column type=\u00bb4_4&#8243; _builder_version=\u00bb4.16&#8243; custom_padding=\u00bb|||\u00bb global_colors_info=\u00bb{}\u00bb custom_padding__hover=\u00bb|||\u00bb][et_pb_blurb title=\u00bbEl coro del colegio y la batubosco\u00bb image=\u00bbhttps:\/\/valenciasjb.salesianos.edu\/colegio\/wp-content\/uploads\/sites\/2\/2024\/06\/image_123650291.jpg\u00bb _builder_version=\u00bb4.25.2&#8243; _module_preset=\u00bbdefault\u00bb hover_enabled=\u00bb0&#8243; global_colors_info=\u00bb{}\u00bb sticky_enabled=\u00bb0&#8243;]<\/p>\n<p>Qu\u00e9 emocionante noticia para compartir en la web del colegio San Juan Bosco de Valencia! Felicidades al grupo instrumental SJB y CORO ESO\/BACH por su destacada participaci\u00f3n en las celebraciones en honor a Don Bosco y M\u00aa Auxiliadora. La inclusi\u00f3n de antiguos alumnos y los nuevos arreglos instrumentales adaptados sin duda han enriquecido a\u00fan m\u00e1s la experiencia musical. \u00a1Enhorabuena a todos por su implicaci\u00f3n, voluntariedad y disponibilidad para embellecer musicalmente las festividades colegiales en la parroquia! \u00a1Un logro para celebrar y compartir con toda la comunidad educativa!<\/p>\n<p>Adem\u00e1s, un a\u00f1o m\u00e1s nuestra batucada celebra su participaci\u00f3n y animaci\u00f3n en los diferentes eventos de nuestra obra. Un proyecto que sigue sumando y creciendo con alegr\u00eda e ilusi\u00f3n haci\u00e9ndose visible en nuestro barrio y tambi\u00e9n como novedad este curso en la localidad de Cullera. Enhorabuena por el esfuerzo y trabajo realizado durante este curso escolar a todos nuestros participantes. Felicitaciones en especial y reconocimiento del profesorado que un a\u00f1o m\u00e1s sigue participando en este proyecto. Acto de clausura lleno de emociones con el recuerdo de instant\u00e1neas y experiencia compartida.<\/p>\n<p>[\/et_pb_blurb][et_pb_blurb _builder_version=\u00bb4.25.2&#8243; _module_preset=\u00bbdefault\u00bb global_colors_info=\u00bb{}\u00bb][\/et_pb_blurb][\/et_pb_column][\/et_pb_row][\/et_pb_section]<\/p>\n<!-- AddThis Advanced Settings generic via filter on the_content --><!-- AddThis Share Buttons generic via filter on the_content -->","protected":false},"excerpt":{"rendered":"<p>Qu\u00e9 emocionante noticia para compartir en la web del colegio San Juan Bosco de Valencia! Felicidades al grupo instrumental SJB y CORO ESO\/BACH por su destacada participaci\u00f3n en las celebraciones en honor a Don Bosco y M\u00aa Auxiliadora. La inclusi\u00f3n de antiguos alumnos y los nuevos arreglos instrumentales adaptados sin duda han enriquecido a\u00fan m\u00e1s [&hellip;]<\/p>\n<p><!-- AddThis Advanced Settings generic via filter on get_the_excerpt --><!-- AddThis Share Buttons generic via filter on get_the_excerpt --><\/p>\n","protected":false},"author":16,"featured_media":21565,"comment_status":"closed","ping_status":"open","sticky":false,"template":"","format":"standard","meta":{"_et_pb_use_builder":"on","_et_pb_old_content":"","_et_gb_content_width":"","footnotes":""},"categories":[14,1],"tags":[],"class_list":["post-21558","post","type-post","status-publish","format-standard","has-post-thumbnail","hentry","category-noticia_colegio","category-uncategorized"],"yoast_head":"<!-- This site is optimized with the Yoast SEO plugin v28.4 - https:\/\/yoast.com\/product\/yoast-seo-wordpress\/ -->\n<title>Una casa sin m\u00fasica es como un cuerpo sin alma - Colegio San Juan Bosco Valencia<\/title>\n<meta name=\"robots\" content=\"index, follow, max-snippet:-1, max-image-preview:large, max-video-preview:-1\" \/>\n<link rel=\"canonical\" href=\"https:\/\/valenciasjb.salesianos.edu\/colegio\/borrador-automatico-13\/\" \/>\n<meta property=\"og:locale\" content=\"es_ES\" \/>\n<meta property=\"og:type\" content=\"article\" \/>\n<meta property=\"og:title\" content=\"Una casa sin m\u00fasica es como un cuerpo sin alma - Colegio San Juan Bosco Valencia\" \/>\n<meta property=\"og:description\" content=\"Qu\u00e9 emocionante noticia para compartir en la web del colegio San Juan Bosco de Valencia! Felicidades al grupo instrumental SJB y CORO ESO\/BACH por su destacada participaci\u00f3n en las celebraciones en honor a Don Bosco y M\u00aa Auxiliadora. La inclusi\u00f3n de antiguos alumnos y los nuevos arreglos instrumentales adaptados sin duda han enriquecido a\u00fan m\u00e1s [&hellip;]\" \/>\n<meta property=\"og:url\" content=\"https:\/\/valenciasjb.salesianos.edu\/colegio\/borrador-automatico-13\/\" \/>\n<meta property=\"og:site_name\" content=\"Colegio San Juan Bosco Valencia\" \/>\n<meta property=\"article:publisher\" content=\"https:\/\/www.facebook.com\/ColegioSalesianoSanJuanBoscoValencia\" \/>\n<meta property=\"article:published_time\" content=\"2024-06-28T07:48:23+00:00\" \/>\n<meta property=\"article:modified_time\" content=\"2024-06-28T07:50:28+00:00\" \/>\n<meta property=\"og:image\" content=\"https:\/\/valenciasjb.salesianos.edu\/colegio\/wp-content\/uploads\/sites\/2\/2024\/06\/IMG_8263.jpg\" \/>\n\t<meta property=\"og:image:width\" content=\"828\" \/>\n\t<meta property=\"og:image:height\" content=\"1162\" \/>\n\t<meta property=\"og:image:type\" content=\"image\/jpeg\" \/>\n<meta name=\"author\" content=\"Sara Ramos Rodrigo\" \/>\n<meta name=\"twitter:card\" content=\"summary_large_image\" \/>\n<meta name=\"twitter:creator\" content=\"@SalesianosVSJB\" \/>\n<meta name=\"twitter:site\" content=\"@SalesianosVSJB\" \/>\n<meta name=\"twitter:label1\" content=\"Escrito por\" \/>\n\t<meta name=\"twitter:data1\" content=\"Sara Ramos Rodrigo\" \/>\n\t<meta name=\"twitter:label2\" content=\"Tiempo de lectura\" \/>\n\t<meta name=\"twitter:data2\" content=\"2 minutos\" \/>\n<script type=\"application\/ld+json\" class=\"yoast-schema-graph\">{\"@context\":\"https:\\\/\\\/schema.org\",\"@graph\":[{\"@type\":\"Article\",\"@id\":\"https:\\\/\\\/valenciasjb.salesianos.edu\\\/colegio\\\/borrador-automatico-13\\\/#article\",\"isPartOf\":{\"@id\":\"https:\\\/\\\/valenciasjb.salesianos.edu\\\/colegio\\\/borrador-automatico-13\\\/\"},\"author\":{\"name\":\"Sara Ramos Rodrigo\",\"@id\":\"https:\\\/\\\/valenciasjb.salesianos.edu\\\/colegio\\\/#\\\/schema\\\/person\\\/c2b8d841217188e90f343f5f3d28a2a6\"},\"headline\":\"Una casa sin m\u00fasica es como un cuerpo sin alma\",\"datePublished\":\"2024-06-28T07:48:23+00:00\",\"dateModified\":\"2024-06-28T07:50:28+00:00\",\"mainEntityOfPage\":{\"@id\":\"https:\\\/\\\/valenciasjb.salesianos.edu\\\/colegio\\\/borrador-automatico-13\\\/\"},\"wordCount\":314,\"image\":{\"@id\":\"https:\\\/\\\/valenciasjb.salesianos.edu\\\/colegio\\\/borrador-automatico-13\\\/#primaryimage\"},\"thumbnailUrl\":\"https:\\\/\\\/valenciasjb.salesianos.edu\\\/colegio\\\/wp-content\\\/uploads\\\/sites\\\/2\\\/2024\\\/06\\\/IMG_8263.jpg\",\"articleSection\":[\"Noticia Colegio\",\"Uncategorized\"],\"inLanguage\":\"es\"},{\"@type\":\"WebPage\",\"@id\":\"https:\\\/\\\/valenciasjb.salesianos.edu\\\/colegio\\\/borrador-automatico-13\\\/\",\"url\":\"https:\\\/\\\/valenciasjb.salesianos.edu\\\/colegio\\\/borrador-automatico-13\\\/\",\"name\":\"Una casa sin m\u00fasica es como un cuerpo sin alma - Colegio San Juan Bosco Valencia\",\"isPartOf\":{\"@id\":\"https:\\\/\\\/valenciasjb.salesianos.edu\\\/colegio\\\/#website\"},\"primaryImageOfPage\":{\"@id\":\"https:\\\/\\\/valenciasjb.salesianos.edu\\\/colegio\\\/borrador-automatico-13\\\/#primaryimage\"},\"image\":{\"@id\":\"https:\\\/\\\/valenciasjb.salesianos.edu\\\/colegio\\\/borrador-automatico-13\\\/#primaryimage\"},\"thumbnailUrl\":\"https:\\\/\\\/valenciasjb.salesianos.edu\\\/colegio\\\/wp-content\\\/uploads\\\/sites\\\/2\\\/2024\\\/06\\\/IMG_8263.jpg\",\"datePublished\":\"2024-06-28T07:48:23+00:00\",\"dateModified\":\"2024-06-28T07:50:28+00:00\",\"author\":{\"@id\":\"https:\\\/\\\/valenciasjb.salesianos.edu\\\/colegio\\\/#\\\/schema\\\/person\\\/c2b8d841217188e90f343f5f3d28a2a6\"},\"breadcrumb\":{\"@id\":\"https:\\\/\\\/valenciasjb.salesianos.edu\\\/colegio\\\/borrador-automatico-13\\\/#breadcrumb\"},\"inLanguage\":\"es\",\"potentialAction\":[{\"@type\":\"ReadAction\",\"target\":[\"https:\\\/\\\/valenciasjb.salesianos.edu\\\/colegio\\\/borrador-automatico-13\\\/\"]}]},{\"@type\":\"ImageObject\",\"inLanguage\":\"es\",\"@id\":\"https:\\\/\\\/valenciasjb.salesianos.edu\\\/colegio\\\/borrador-automatico-13\\\/#primaryimage\",\"url\":\"https:\\\/\\\/valenciasjb.salesianos.edu\\\/colegio\\\/wp-content\\\/uploads\\\/sites\\\/2\\\/2024\\\/06\\\/IMG_8263.jpg\",\"contentUrl\":\"https:\\\/\\\/valenciasjb.salesianos.edu\\\/colegio\\\/wp-content\\\/uploads\\\/sites\\\/2\\\/2024\\\/06\\\/IMG_8263.jpg\",\"width\":828,\"height\":1162},{\"@type\":\"BreadcrumbList\",\"@id\":\"https:\\\/\\\/valenciasjb.salesianos.edu\\\/colegio\\\/borrador-automatico-13\\\/#breadcrumb\",\"itemListElement\":[{\"@type\":\"ListItem\",\"position\":1,\"name\":\"Portada\",\"item\":\"https:\\\/\\\/valenciasjb.salesianos.edu\\\/colegio\\\/\"},{\"@type\":\"ListItem\",\"position\":2,\"name\":\"Una casa sin m\u00fasica es como un cuerpo sin alma\"}]},{\"@type\":\"WebSite\",\"@id\":\"https:\\\/\\\/valenciasjb.salesianos.edu\\\/colegio\\\/#website\",\"url\":\"https:\\\/\\\/valenciasjb.salesianos.edu\\\/colegio\\\/\",\"name\":\"Colegio San Juan Bosco Valencia\",\"description\":\"P\u00e1gina oficial del Colegio Salesianos San Juan Bosco Valencia\",\"alternateName\":\"Salesianos.VSJB\",\"potentialAction\":[{\"@type\":\"SearchAction\",\"target\":{\"@type\":\"EntryPoint\",\"urlTemplate\":\"https:\\\/\\\/valenciasjb.salesianos.edu\\\/colegio\\\/?s={search_term_string}\"},\"query-input\":{\"@type\":\"PropertyValueSpecification\",\"valueRequired\":true,\"valueName\":\"search_term_string\"}}],\"inLanguage\":\"es\"},{\"@type\":\"Person\",\"@id\":\"https:\\\/\\\/valenciasjb.salesianos.edu\\\/colegio\\\/#\\\/schema\\\/person\\\/c2b8d841217188e90f343f5f3d28a2a6\",\"name\":\"Sara Ramos Rodrigo\",\"image\":{\"@type\":\"ImageObject\",\"inLanguage\":\"es\",\"@id\":\"https:\\\/\\\/secure.gravatar.com\\\/avatar\\\/8d44a8429219ab1f148330216fdea0ab1b3792fb59606020b12d2131ba0e80bf?s=96&d=mm&r=g\",\"url\":\"https:\\\/\\\/secure.gravatar.com\\\/avatar\\\/8d44a8429219ab1f148330216fdea0ab1b3792fb59606020b12d2131ba0e80bf?s=96&d=mm&r=g\",\"contentUrl\":\"https:\\\/\\\/secure.gravatar.com\\\/avatar\\\/8d44a8429219ab1f148330216fdea0ab1b3792fb59606020b12d2131ba0e80bf?s=96&d=mm&r=g\",\"caption\":\"Sara Ramos Rodrigo\"}}]}<\/script>\n<!-- \/ Yoast SEO plugin. -->","yoast_head_json":{"title":"Una casa sin m\u00fasica es como un cuerpo sin alma - Colegio San Juan Bosco Valencia","robots":{"index":"index","follow":"follow","max-snippet":"max-snippet:-1","max-image-preview":"max-image-preview:large","max-video-preview":"max-video-preview:-1"},"canonical":"https:\/\/valenciasjb.salesianos.edu\/colegio\/borrador-automatico-13\/","og_locale":"es_ES","og_type":"article","og_title":"Una casa sin m\u00fasica es como un cuerpo sin alma - Colegio San Juan Bosco Valencia","og_description":"Qu\u00e9 emocionante noticia para compartir en la web del colegio San Juan Bosco de Valencia! Felicidades al grupo instrumental SJB y CORO ESO\/BACH por su destacada participaci\u00f3n en las celebraciones en honor a Don Bosco y M\u00aa Auxiliadora. La inclusi\u00f3n de antiguos alumnos y los nuevos arreglos instrumentales adaptados sin duda han enriquecido a\u00fan m\u00e1s [&hellip;]","og_url":"https:\/\/valenciasjb.salesianos.edu\/colegio\/borrador-automatico-13\/","og_site_name":"Colegio San Juan Bosco Valencia","article_publisher":"https:\/\/www.facebook.com\/ColegioSalesianoSanJuanBoscoValencia","article_published_time":"2024-06-28T07:48:23+00:00","article_modified_time":"2024-06-28T07:50:28+00:00","og_image":[{"width":828,"height":1162,"url":"https:\/\/valenciasjb.salesianos.edu\/colegio\/wp-content\/uploads\/sites\/2\/2024\/06\/IMG_8263.jpg","type":"image\/jpeg"}],"author":"Sara Ramos Rodrigo","twitter_card":"summary_large_image","twitter_creator":"@SalesianosVSJB","twitter_site":"@SalesianosVSJB","twitter_misc":{"Escrito por":"Sara Ramos Rodrigo","Tiempo de lectura":"2 minutos"},"schema":{"@context":"https:\/\/schema.org","@graph":[{"@type":"Article","@id":"https:\/\/valenciasjb.salesianos.edu\/colegio\/borrador-automatico-13\/#article","isPartOf":{"@id":"https:\/\/valenciasjb.salesianos.edu\/colegio\/borrador-automatico-13\/"},"author":{"name":"Sara Ramos Rodrigo","@id":"https:\/\/valenciasjb.salesianos.edu\/colegio\/#\/schema\/person\/c2b8d841217188e90f343f5f3d28a2a6"},"headline":"Una casa sin m\u00fasica es como un cuerpo sin alma","datePublished":"2024-06-28T07:48:23+00:00","dateModified":"2024-06-28T07:50:28+00:00","mainEntityOfPage":{"@id":"https:\/\/valenciasjb.salesianos.edu\/colegio\/borrador-automatico-13\/"},"wordCount":314,"image":{"@id":"https:\/\/valenciasjb.salesianos.edu\/colegio\/borrador-automatico-13\/#primaryimage"},"thumbnailUrl":"https:\/\/valenciasjb.salesianos.edu\/colegio\/wp-content\/uploads\/sites\/2\/2024\/06\/IMG_8263.jpg","articleSection":["Noticia Colegio","Uncategorized"],"inLanguage":"es"},{"@type":"WebPage","@id":"https:\/\/valenciasjb.salesianos.edu\/colegio\/borrador-automatico-13\/","url":"https:\/\/valenciasjb.salesianos.edu\/colegio\/borrador-automatico-13\/","name":"Una casa sin m\u00fasica es como un cuerpo sin alma - Colegio San Juan Bosco Valencia","isPartOf":{"@id":"https:\/\/valenciasjb.salesianos.edu\/colegio\/#website"},"primaryImageOfPage":{"@id":"https:\/\/valenciasjb.salesianos.edu\/colegio\/borrador-automatico-13\/#primaryimage"},"image":{"@id":"https:\/\/valenciasjb.salesianos.edu\/colegio\/borrador-automatico-13\/#primaryimage"},"thumbnailUrl":"https:\/\/valenciasjb.salesianos.edu\/colegio\/wp-content\/uploads\/sites\/2\/2024\/06\/IMG_8263.jpg","datePublished":"2024-06-28T07:48:23+00:00","dateModified":"2024-06-28T07:50:28+00:00","author":{"@id":"https:\/\/valenciasjb.salesianos.edu\/colegio\/#\/schema\/person\/c2b8d841217188e90f343f5f3d28a2a6"},"breadcrumb":{"@id":"https:\/\/valenciasjb.salesianos.edu\/colegio\/borrador-automatico-13\/#breadcrumb"},"inLanguage":"es","potentialAction":[{"@type":"ReadAction","target":["https:\/\/valenciasjb.salesianos.edu\/colegio\/borrador-automatico-13\/"]}]},{"@type":"ImageObject","inLanguage":"es","@id":"https:\/\/valenciasjb.salesianos.edu\/colegio\/borrador-automatico-13\/#primaryimage","url":"https:\/\/valenciasjb.salesianos.edu\/colegio\/wp-content\/uploads\/sites\/2\/2024\/06\/IMG_8263.jpg","contentUrl":"https:\/\/valenciasjb.salesianos.edu\/colegio\/wp-content\/uploads\/sites\/2\/2024\/06\/IMG_8263.jpg","width":828,"height":1162},{"@type":"BreadcrumbList","@id":"https:\/\/valenciasjb.salesianos.edu\/colegio\/borrador-automatico-13\/#breadcrumb","itemListElement":[{"@type":"ListItem","position":1,"name":"Portada","item":"https:\/\/valenciasjb.salesianos.edu\/colegio\/"},{"@type":"ListItem","position":2,"name":"Una casa sin m\u00fasica es como un cuerpo sin alma"}]},{"@type":"WebSite","@id":"https:\/\/valenciasjb.salesianos.edu\/colegio\/#website","url":"https:\/\/valenciasjb.salesianos.edu\/colegio\/","name":"Colegio San Juan Bosco Valencia","description":"P\u00e1gina oficial del Colegio Salesianos San Juan Bosco Valencia","alternateName":"Salesianos.VSJB","potentialAction":[{"@type":"SearchAction","target":{"@type":"EntryPoint","urlTemplate":"https:\/\/valenciasjb.salesianos.edu\/colegio\/?s={search_term_string}"},"query-input":{"@type":"PropertyValueSpecification","valueRequired":true,"valueName":"search_term_string"}}],"inLanguage":"es"},{"@type":"Person","@id":"https:\/\/valenciasjb.salesianos.edu\/colegio\/#\/schema\/person\/c2b8d841217188e90f343f5f3d28a2a6","name":"Sara Ramos Rodrigo","image":{"@type":"ImageObject","inLanguage":"es","@id":"https:\/\/secure.gravatar.com\/avatar\/8d44a8429219ab1f148330216fdea0ab1b3792fb59606020b12d2131ba0e80bf?s=96&d=mm&r=g","url":"https:\/\/secure.gravatar.com\/avatar\/8d44a8429219ab1f148330216fdea0ab1b3792fb59606020b12d2131ba0e80bf?s=96&d=mm&r=g","contentUrl":"https:\/\/secure.gravatar.com\/avatar\/8d44a8429219ab1f148330216fdea0ab1b3792fb59606020b12d2131ba0e80bf?s=96&d=mm&r=g","caption":"Sara Ramos Rodrigo"}}]}},"_links":{"self":[{"href":"https:\/\/valenciasjb.salesianos.edu\/colegio\/wp-json\/wp\/v2\/posts\/21558","targetHints":{"allow":["GET"]}}],"collection":[{"href":"https:\/\/valenciasjb.salesianos.edu\/colegio\/wp-json\/wp\/v2\/posts"}],"about":[{"href":"https:\/\/valenciasjb.salesianos.edu\/colegio\/wp-json\/wp\/v2\/types\/post"}],"author":[{"embeddable":true,"href":"https:\/\/valenciasjb.salesianos.edu\/colegio\/wp-json\/wp\/v2\/users\/16"}],"replies":[{"embeddable":true,"href":"https:\/\/valenciasjb.salesianos.edu\/colegio\/wp-json\/wp\/v2\/comments?post=21558"}],"version-history":[{"count":4,"href":"https:\/\/valenciasjb.salesianos.edu\/colegio\/wp-json\/wp\/v2\/posts\/21558\/revisions"}],"predecessor-version":[{"id":21572,"href":"https:\/\/valenciasjb.salesianos.edu\/colegio\/wp-json\/wp\/v2\/posts\/21558\/revisions\/21572"}],"wp:featuredmedia":[{"embeddable":true,"href":"https:\/\/valenciasjb.salesianos.edu\/colegio\/wp-json\/wp\/v2\/media\/21565"}],"wp:attachment":[{"href":"https:\/\/valenciasjb.salesianos.edu\/colegio\/wp-json\/wp\/v2\/media?parent=21558"}],"wp:term":[{"taxonomy":"category","embeddable":true,"href":"https:\/\/valenciasjb.salesianos.edu\/colegio\/wp-json\/wp\/v2\/categories?post=21558"},{"taxonomy":"post_tag","embeddable":true,"href":"https:\/\/valenciasjb.salesianos.edu\/colegio\/wp-json\/wp\/v2\/tags?post=21558"}],"curies":[{"name":"wp","href":"https:\/\/api.w.org\/{rel}","templated":true}]}}