{"id":22137,"date":"2024-09-20T17:16:27","date_gmt":"2024-09-20T16:16:27","guid":{"rendered":"https:\/\/valenciasjb.salesianos.edu\/colegio\/?p=22137"},"modified":"2024-09-20T17:16:33","modified_gmt":"2024-09-20T16:16:33","slug":"aula-ciclista","status":"publish","type":"post","link":"https:\/\/valenciasjb.salesianos.edu\/colegio\/aula-ciclista\/","title":{"rendered":"Aula ciclista"},"content":{"rendered":"<div id=\"fb-root\"><\/div>\n<p>[et_pb_section fb_built=\u00bb1&#8243; admin_label=\u00bbsection\u00bb _builder_version=\u00bb4.16&#8243; global_colors_info=\u00bb{}\u00bb][et_pb_row admin_label=\u00bbrow\u00bb _builder_version=\u00bb4.16&#8243; background_size=\u00bbinitial\u00bb background_position=\u00bbtop_left\u00bb background_repeat=\u00bbrepeat\u00bb global_colors_info=\u00bb{}\u00bb][et_pb_column type=\u00bb4_4&#8243; _builder_version=\u00bb4.16&#8243; custom_padding=\u00bb|||\u00bb global_colors_info=\u00bb{}\u00bb custom_padding__hover=\u00bb|||\u00bb][et_pb_blurb title=\u00bbCon las bicis por el patio\u00bb _builder_version=\u00bb4.27.0&#8243; _module_preset=\u00bbdefault\u00bb global_colors_info=\u00bb{}\u00bb]<\/p>\n<p>El alumnado de 5\u00ba, 6\u00ba de primaria ,1\u00ba y 2\u00ba de la ESO est\u00e1 realizando en la asignatura de educaci\u00f3n f\u00edsica el proyecto \u201caula ciclista\u201d de la federaci\u00f3n de ciclismo de la comunidad valenciana. Es un proyecto que se realiza a trav\u00e9s de la conseller\u00eda. Durante las pr\u00f3ximas semanas disfrutar\u00e1n de charlas de seguridad vial , talleres pr\u00e1cticos y una salida por el barrio.<\/p>\n<p>&nbsp;<\/p>\n<p>[\/et_pb_blurb][et_pb_gallery gallery_ids=\u00bb22141,22144,22145,22143,22142,22139,22140&#8243; show_title_and_caption=\u00bboff\u00bb show_pagination=\u00bboff\u00bb _builder_version=\u00bb4.27.0&#8243; _module_preset=\u00bbdefault\u00bb global_colors_info=\u00bb{}\u00bb][\/et_pb_gallery][\/et_pb_column][\/et_pb_row][\/et_pb_section]<\/p>\n<!-- AddThis Advanced Settings generic via filter on the_content --><!-- AddThis Share Buttons generic via filter on the_content -->","protected":false},"excerpt":{"rendered":"<p>El alumnado de 5\u00ba, 6\u00ba de primaria ,1\u00ba y 2\u00ba de la ESO est\u00e1 realizando en la asignatura de educaci\u00f3n f\u00edsica el proyecto \u201caula ciclista\u201d de la federaci\u00f3n de ciclismo de la comunidad valenciana. Es un proyecto que se realiza a trav\u00e9s de la conseller\u00eda. Durante las pr\u00f3ximas semanas disfrutar\u00e1n de charlas de seguridad vial [&hellip;]<\/p>\n<p><!-- AddThis Advanced Settings generic via filter on get_the_excerpt --><!-- AddThis Share Buttons generic via filter on get_the_excerpt --><\/p>\n","protected":false},"author":2,"featured_media":22142,"comment_status":"closed","ping_status":"open","sticky":false,"template":"","format":"standard","meta":{"_et_pb_use_builder":"on","_et_pb_old_content":"","_et_gb_content_width":"","footnotes":""},"categories":[14,1],"tags":[],"class_list":["post-22137","post","type-post","status-publish","format-standard","has-post-thumbnail","hentry","category-noticia_colegio","category-uncategorized"],"yoast_head":"<!-- This site is optimized with the Yoast SEO plugin v28.4 - https:\/\/yoast.com\/product\/yoast-seo-wordpress\/ -->\n<title>Aula ciclista - Colegio San Juan Bosco Valencia<\/title>\n<meta name=\"robots\" content=\"index, follow, max-snippet:-1, max-image-preview:large, max-video-preview:-1\" \/>\n<link rel=\"canonical\" href=\"https:\/\/valenciasjb.salesianos.edu\/colegio\/aula-ciclista\/\" \/>\n<meta property=\"og:locale\" content=\"es_ES\" \/>\n<meta property=\"og:type\" content=\"article\" \/>\n<meta property=\"og:title\" content=\"Aula ciclista - Colegio San Juan Bosco Valencia\" \/>\n<meta property=\"og:description\" content=\"El alumnado de 5\u00ba, 6\u00ba de primaria ,1\u00ba y 2\u00ba de la ESO est\u00e1 realizando en la asignatura de educaci\u00f3n f\u00edsica el proyecto \u201caula ciclista\u201d de la federaci\u00f3n de ciclismo de la comunidad valenciana. Es un proyecto que se realiza a trav\u00e9s de la conseller\u00eda. Durante las pr\u00f3ximas semanas disfrutar\u00e1n de charlas de seguridad vial [&hellip;]\" \/>\n<meta property=\"og:url\" content=\"https:\/\/valenciasjb.salesianos.edu\/colegio\/aula-ciclista\/\" \/>\n<meta property=\"og:site_name\" content=\"Colegio San Juan Bosco Valencia\" \/>\n<meta property=\"article:publisher\" content=\"https:\/\/www.facebook.com\/ColegioSalesianoSanJuanBoscoValencia\" \/>\n<meta property=\"article:published_time\" content=\"2024-09-20T16:16:27+00:00\" \/>\n<meta property=\"article:modified_time\" content=\"2024-09-20T16:16:33+00:00\" \/>\n<meta property=\"og:image\" content=\"https:\/\/valenciasjb.salesianos.edu\/colegio\/wp-content\/uploads\/sites\/2\/2024\/09\/bicis03.jpg\" \/>\n\t<meta property=\"og:image:width\" content=\"1000\" \/>\n\t<meta property=\"og:image:height\" content=\"750\" \/>\n\t<meta property=\"og:image:type\" content=\"image\/jpeg\" \/>\n<meta name=\"author\" content=\"Administrador Web\" \/>\n<meta name=\"twitter:card\" content=\"summary_large_image\" \/>\n<meta name=\"twitter:creator\" content=\"@SalesianosVSJB\" \/>\n<meta name=\"twitter:site\" content=\"@SalesianosVSJB\" \/>\n<meta name=\"twitter:label1\" content=\"Escrito por\" \/>\n\t<meta name=\"twitter:data1\" content=\"Administrador Web\" \/>\n\t<meta name=\"twitter:label2\" content=\"Tiempo de lectura\" \/>\n\t<meta name=\"twitter:data2\" content=\"2 minutos\" \/>\n<script type=\"application\/ld+json\" class=\"yoast-schema-graph\">{\"@context\":\"https:\\\/\\\/schema.org\",\"@graph\":[{\"@type\":\"Article\",\"@id\":\"https:\\\/\\\/valenciasjb.salesianos.edu\\\/colegio\\\/aula-ciclista\\\/#article\",\"isPartOf\":{\"@id\":\"https:\\\/\\\/valenciasjb.salesianos.edu\\\/colegio\\\/aula-ciclista\\\/\"},\"author\":{\"name\":\"Administrador Web\",\"@id\":\"https:\\\/\\\/valenciasjb.salesianos.edu\\\/colegio\\\/#\\\/schema\\\/person\\\/ae0ac91eb19a6a2a01c95e29d541a575\"},\"headline\":\"Aula ciclista\",\"datePublished\":\"2024-09-20T16:16:27+00:00\",\"dateModified\":\"2024-09-20T16:16:33+00:00\",\"mainEntityOfPage\":{\"@id\":\"https:\\\/\\\/valenciasjb.salesianos.edu\\\/colegio\\\/aula-ciclista\\\/\"},\"wordCount\":172,\"image\":{\"@id\":\"https:\\\/\\\/valenciasjb.salesianos.edu\\\/colegio\\\/aula-ciclista\\\/#primaryimage\"},\"thumbnailUrl\":\"https:\\\/\\\/valenciasjb.salesianos.edu\\\/colegio\\\/wp-content\\\/uploads\\\/sites\\\/2\\\/2024\\\/09\\\/bicis03.jpg\",\"articleSection\":[\"Noticia Colegio\",\"Uncategorized\"],\"inLanguage\":\"es\"},{\"@type\":\"WebPage\",\"@id\":\"https:\\\/\\\/valenciasjb.salesianos.edu\\\/colegio\\\/aula-ciclista\\\/\",\"url\":\"https:\\\/\\\/valenciasjb.salesianos.edu\\\/colegio\\\/aula-ciclista\\\/\",\"name\":\"Aula ciclista - Colegio San Juan Bosco Valencia\",\"isPartOf\":{\"@id\":\"https:\\\/\\\/valenciasjb.salesianos.edu\\\/colegio\\\/#website\"},\"primaryImageOfPage\":{\"@id\":\"https:\\\/\\\/valenciasjb.salesianos.edu\\\/colegio\\\/aula-ciclista\\\/#primaryimage\"},\"image\":{\"@id\":\"https:\\\/\\\/valenciasjb.salesianos.edu\\\/colegio\\\/aula-ciclista\\\/#primaryimage\"},\"thumbnailUrl\":\"https:\\\/\\\/valenciasjb.salesianos.edu\\\/colegio\\\/wp-content\\\/uploads\\\/sites\\\/2\\\/2024\\\/09\\\/bicis03.jpg\",\"datePublished\":\"2024-09-20T16:16:27+00:00\",\"dateModified\":\"2024-09-20T16:16:33+00:00\",\"author\":{\"@id\":\"https:\\\/\\\/valenciasjb.salesianos.edu\\\/colegio\\\/#\\\/schema\\\/person\\\/ae0ac91eb19a6a2a01c95e29d541a575\"},\"breadcrumb\":{\"@id\":\"https:\\\/\\\/valenciasjb.salesianos.edu\\\/colegio\\\/aula-ciclista\\\/#breadcrumb\"},\"inLanguage\":\"es\",\"potentialAction\":[{\"@type\":\"ReadAction\",\"target\":[\"https:\\\/\\\/valenciasjb.salesianos.edu\\\/colegio\\\/aula-ciclista\\\/\"]}]},{\"@type\":\"ImageObject\",\"inLanguage\":\"es\",\"@id\":\"https:\\\/\\\/valenciasjb.salesianos.edu\\\/colegio\\\/aula-ciclista\\\/#primaryimage\",\"url\":\"https:\\\/\\\/valenciasjb.salesianos.edu\\\/colegio\\\/wp-content\\\/uploads\\\/sites\\\/2\\\/2024\\\/09\\\/bicis03.jpg\",\"contentUrl\":\"https:\\\/\\\/valenciasjb.salesianos.edu\\\/colegio\\\/wp-content\\\/uploads\\\/sites\\\/2\\\/2024\\\/09\\\/bicis03.jpg\",\"width\":1000,\"height\":750},{\"@type\":\"BreadcrumbList\",\"@id\":\"https:\\\/\\\/valenciasjb.salesianos.edu\\\/colegio\\\/aula-ciclista\\\/#breadcrumb\",\"itemListElement\":[{\"@type\":\"ListItem\",\"position\":1,\"name\":\"Portada\",\"item\":\"https:\\\/\\\/valenciasjb.salesianos.edu\\\/colegio\\\/\"},{\"@type\":\"ListItem\",\"position\":2,\"name\":\"Aula ciclista\"}]},{\"@type\":\"WebSite\",\"@id\":\"https:\\\/\\\/valenciasjb.salesianos.edu\\\/colegio\\\/#website\",\"url\":\"https:\\\/\\\/valenciasjb.salesianos.edu\\\/colegio\\\/\",\"name\":\"Colegio San Juan Bosco Valencia\",\"description\":\"P\u00e1gina oficial del Colegio Salesianos San Juan Bosco Valencia\",\"alternateName\":\"Salesianos.VSJB\",\"potentialAction\":[{\"@type\":\"SearchAction\",\"target\":{\"@type\":\"EntryPoint\",\"urlTemplate\":\"https:\\\/\\\/valenciasjb.salesianos.edu\\\/colegio\\\/?s={search_term_string}\"},\"query-input\":{\"@type\":\"PropertyValueSpecification\",\"valueRequired\":true,\"valueName\":\"search_term_string\"}}],\"inLanguage\":\"es\"},{\"@type\":\"Person\",\"@id\":\"https:\\\/\\\/valenciasjb.salesianos.edu\\\/colegio\\\/#\\\/schema\\\/person\\\/ae0ac91eb19a6a2a01c95e29d541a575\",\"name\":\"Administrador Web\",\"image\":{\"@type\":\"ImageObject\",\"inLanguage\":\"es\",\"@id\":\"https:\\\/\\\/secure.gravatar.com\\\/avatar\\\/48a73c544c48a92e9f82115ddc8f6abf90891f033d83384ebe4aafd70f983ec8?s=96&d=mm&r=g\",\"url\":\"https:\\\/\\\/secure.gravatar.com\\\/avatar\\\/48a73c544c48a92e9f82115ddc8f6abf90891f033d83384ebe4aafd70f983ec8?s=96&d=mm&r=g\",\"contentUrl\":\"https:\\\/\\\/secure.gravatar.com\\\/avatar\\\/48a73c544c48a92e9f82115ddc8f6abf90891f033d83384ebe4aafd70f983ec8?s=96&d=mm&r=g\",\"caption\":\"Administrador Web\"}}]}<\/script>\n<!-- \/ Yoast SEO plugin. -->","yoast_head_json":{"title":"Aula ciclista - Colegio San Juan Bosco Valencia","robots":{"index":"index","follow":"follow","max-snippet":"max-snippet:-1","max-image-preview":"max-image-preview:large","max-video-preview":"max-video-preview:-1"},"canonical":"https:\/\/valenciasjb.salesianos.edu\/colegio\/aula-ciclista\/","og_locale":"es_ES","og_type":"article","og_title":"Aula ciclista - Colegio San Juan Bosco Valencia","og_description":"El alumnado de 5\u00ba, 6\u00ba de primaria ,1\u00ba y 2\u00ba de la ESO est\u00e1 realizando en la asignatura de educaci\u00f3n f\u00edsica el proyecto \u201caula ciclista\u201d de la federaci\u00f3n de ciclismo de la comunidad valenciana. Es un proyecto que se realiza a trav\u00e9s de la conseller\u00eda. Durante las pr\u00f3ximas semanas disfrutar\u00e1n de charlas de seguridad vial [&hellip;]","og_url":"https:\/\/valenciasjb.salesianos.edu\/colegio\/aula-ciclista\/","og_site_name":"Colegio San Juan Bosco Valencia","article_publisher":"https:\/\/www.facebook.com\/ColegioSalesianoSanJuanBoscoValencia","article_published_time":"2024-09-20T16:16:27+00:00","article_modified_time":"2024-09-20T16:16:33+00:00","og_image":[{"width":1000,"height":750,"url":"https:\/\/valenciasjb.salesianos.edu\/colegio\/wp-content\/uploads\/sites\/2\/2024\/09\/bicis03.jpg","type":"image\/jpeg"}],"author":"Administrador Web","twitter_card":"summary_large_image","twitter_creator":"@SalesianosVSJB","twitter_site":"@SalesianosVSJB","twitter_misc":{"Escrito por":"Administrador Web","Tiempo de lectura":"2 minutos"},"schema":{"@context":"https:\/\/schema.org","@graph":[{"@type":"Article","@id":"https:\/\/valenciasjb.salesianos.edu\/colegio\/aula-ciclista\/#article","isPartOf":{"@id":"https:\/\/valenciasjb.salesianos.edu\/colegio\/aula-ciclista\/"},"author":{"name":"Administrador Web","@id":"https:\/\/valenciasjb.salesianos.edu\/colegio\/#\/schema\/person\/ae0ac91eb19a6a2a01c95e29d541a575"},"headline":"Aula ciclista","datePublished":"2024-09-20T16:16:27+00:00","dateModified":"2024-09-20T16:16:33+00:00","mainEntityOfPage":{"@id":"https:\/\/valenciasjb.salesianos.edu\/colegio\/aula-ciclista\/"},"wordCount":172,"image":{"@id":"https:\/\/valenciasjb.salesianos.edu\/colegio\/aula-ciclista\/#primaryimage"},"thumbnailUrl":"https:\/\/valenciasjb.salesianos.edu\/colegio\/wp-content\/uploads\/sites\/2\/2024\/09\/bicis03.jpg","articleSection":["Noticia Colegio","Uncategorized"],"inLanguage":"es"},{"@type":"WebPage","@id":"https:\/\/valenciasjb.salesianos.edu\/colegio\/aula-ciclista\/","url":"https:\/\/valenciasjb.salesianos.edu\/colegio\/aula-ciclista\/","name":"Aula ciclista - Colegio San Juan Bosco Valencia","isPartOf":{"@id":"https:\/\/valenciasjb.salesianos.edu\/colegio\/#website"},"primaryImageOfPage":{"@id":"https:\/\/valenciasjb.salesianos.edu\/colegio\/aula-ciclista\/#primaryimage"},"image":{"@id":"https:\/\/valenciasjb.salesianos.edu\/colegio\/aula-ciclista\/#primaryimage"},"thumbnailUrl":"https:\/\/valenciasjb.salesianos.edu\/colegio\/wp-content\/uploads\/sites\/2\/2024\/09\/bicis03.jpg","datePublished":"2024-09-20T16:16:27+00:00","dateModified":"2024-09-20T16:16:33+00:00","author":{"@id":"https:\/\/valenciasjb.salesianos.edu\/colegio\/#\/schema\/person\/ae0ac91eb19a6a2a01c95e29d541a575"},"breadcrumb":{"@id":"https:\/\/valenciasjb.salesianos.edu\/colegio\/aula-ciclista\/#breadcrumb"},"inLanguage":"es","potentialAction":[{"@type":"ReadAction","target":["https:\/\/valenciasjb.salesianos.edu\/colegio\/aula-ciclista\/"]}]},{"@type":"ImageObject","inLanguage":"es","@id":"https:\/\/valenciasjb.salesianos.edu\/colegio\/aula-ciclista\/#primaryimage","url":"https:\/\/valenciasjb.salesianos.edu\/colegio\/wp-content\/uploads\/sites\/2\/2024\/09\/bicis03.jpg","contentUrl":"https:\/\/valenciasjb.salesianos.edu\/colegio\/wp-content\/uploads\/sites\/2\/2024\/09\/bicis03.jpg","width":1000,"height":750},{"@type":"BreadcrumbList","@id":"https:\/\/valenciasjb.salesianos.edu\/colegio\/aula-ciclista\/#breadcrumb","itemListElement":[{"@type":"ListItem","position":1,"name":"Portada","item":"https:\/\/valenciasjb.salesianos.edu\/colegio\/"},{"@type":"ListItem","position":2,"name":"Aula ciclista"}]},{"@type":"WebSite","@id":"https:\/\/valenciasjb.salesianos.edu\/colegio\/#website","url":"https:\/\/valenciasjb.salesianos.edu\/colegio\/","name":"Colegio San Juan Bosco Valencia","description":"P\u00e1gina oficial del Colegio Salesianos San Juan Bosco Valencia","alternateName":"Salesianos.VSJB","potentialAction":[{"@type":"SearchAction","target":{"@type":"EntryPoint","urlTemplate":"https:\/\/valenciasjb.salesianos.edu\/colegio\/?s={search_term_string}"},"query-input":{"@type":"PropertyValueSpecification","valueRequired":true,"valueName":"search_term_string"}}],"inLanguage":"es"},{"@type":"Person","@id":"https:\/\/valenciasjb.salesianos.edu\/colegio\/#\/schema\/person\/ae0ac91eb19a6a2a01c95e29d541a575","name":"Administrador Web","image":{"@type":"ImageObject","inLanguage":"es","@id":"https:\/\/secure.gravatar.com\/avatar\/48a73c544c48a92e9f82115ddc8f6abf90891f033d83384ebe4aafd70f983ec8?s=96&d=mm&r=g","url":"https:\/\/secure.gravatar.com\/avatar\/48a73c544c48a92e9f82115ddc8f6abf90891f033d83384ebe4aafd70f983ec8?s=96&d=mm&r=g","contentUrl":"https:\/\/secure.gravatar.com\/avatar\/48a73c544c48a92e9f82115ddc8f6abf90891f033d83384ebe4aafd70f983ec8?s=96&d=mm&r=g","caption":"Administrador Web"}}]}},"_links":{"self":[{"href":"https:\/\/valenciasjb.salesianos.edu\/colegio\/wp-json\/wp\/v2\/posts\/22137","targetHints":{"allow":["GET"]}}],"collection":[{"href":"https:\/\/valenciasjb.salesianos.edu\/colegio\/wp-json\/wp\/v2\/posts"}],"about":[{"href":"https:\/\/valenciasjb.salesianos.edu\/colegio\/wp-json\/wp\/v2\/types\/post"}],"author":[{"embeddable":true,"href":"https:\/\/valenciasjb.salesianos.edu\/colegio\/wp-json\/wp\/v2\/users\/2"}],"replies":[{"embeddable":true,"href":"https:\/\/valenciasjb.salesianos.edu\/colegio\/wp-json\/wp\/v2\/comments?post=22137"}],"version-history":[{"count":4,"href":"https:\/\/valenciasjb.salesianos.edu\/colegio\/wp-json\/wp\/v2\/posts\/22137\/revisions"}],"predecessor-version":[{"id":22149,"href":"https:\/\/valenciasjb.salesianos.edu\/colegio\/wp-json\/wp\/v2\/posts\/22137\/revisions\/22149"}],"wp:featuredmedia":[{"embeddable":true,"href":"https:\/\/valenciasjb.salesianos.edu\/colegio\/wp-json\/wp\/v2\/media\/22142"}],"wp:attachment":[{"href":"https:\/\/valenciasjb.salesianos.edu\/colegio\/wp-json\/wp\/v2\/media?parent=22137"}],"wp:term":[{"taxonomy":"category","embeddable":true,"href":"https:\/\/valenciasjb.salesianos.edu\/colegio\/wp-json\/wp\/v2\/categories?post=22137"},{"taxonomy":"post_tag","embeddable":true,"href":"https:\/\/valenciasjb.salesianos.edu\/colegio\/wp-json\/wp\/v2\/tags?post=22137"}],"curies":[{"name":"wp","href":"https:\/\/api.w.org\/{rel}","templated":true}]}}