{"id":22763,"date":"2024-12-18T17:37:27","date_gmt":"2024-12-18T16:37:27","guid":{"rendered":"https:\/\/valenciasjb.salesianos.edu\/colegio\/?p=22763"},"modified":"2024-12-18T17:37:33","modified_gmt":"2024-12-18T16:37:33","slug":"premio-a-academica","status":"publish","type":"post","link":"https:\/\/valenciasjb.salesianos.edu\/colegio\/premio-a-academica\/","title":{"rendered":"Premio a Academica"},"content":{"rendered":"<div id=\"fb-root\"><\/div>\n<p>[et_pb_section fb_built=\u00bb1&#8243; admin_label=\u00bbsection\u00bb _builder_version=\u00bb4.16&#8243; global_colors_info=\u00bb{}\u00bb][et_pb_row admin_label=\u00bbrow\u00bb _builder_version=\u00bb4.16&#8243; background_size=\u00bbinitial\u00bb background_position=\u00bbtop_left\u00bb background_repeat=\u00bbrepeat\u00bb global_colors_info=\u00bb{}\u00bb][et_pb_column type=\u00bb4_4&#8243; _builder_version=\u00bb4.16&#8243; custom_padding=\u00bb|||\u00bb global_colors_info=\u00bb{}\u00bb custom_padding__hover=\u00bb|||\u00bb][et_pb_text admin_label=\u00bbEntradilla (Texto)\u00bb _builder_version=\u00bb4.27.4&#8243; text_font=\u00bb|on|||\u00bb text_orientation=\u00bbjustified\u00bb module_alignment=\u00bbjustified\u00bb global_colors_info=\u00bb{}\u00bb]<\/p>\n<div id=\"resumen\">\n<p><span data-removefontsize=\"true\" data-originalcomputedfontsize=\"14.666667\">El Departamento de Educaci\u00f3n del estado de Florida ha sido nombrado, por segundo a\u00f1o consecutivo, n\u00ba 1 en el ranking educativo de Estados Unidos.<\/span><\/p>\n<\/div>\n<div>\u00a0<\/div>\n<p>[\/et_pb_text][et_pb_text admin_label=\u00bbAutor (Texto)\u00bb _builder_version=\u00bb4.27.4&#8243; text_font=\u00bb||on||\u00bb global_colors_info=\u00bb{}\u00bb]<\/p>\n<p>Redacci\u00f3n<\/p>\n<p>[\/et_pb_text][et_pb_text admin_label=\u00bbDesarrollo (Texto)\u00bb _builder_version=\u00bb4.27.4&#8243; text_orientation=\u00bbjustified\u00bb module_alignment=\u00bbjustified\u00bb global_colors_info=\u00bb{}\u00bb]<\/p>\n<p class=\"s3\"><span data-removefontsize=\"true\" data-originalcomputedfontsize=\"14.666667\">Nos llena de alegr\u00eda y orgullo anunciar que el Departamento de Educaci\u00f3n del estado de Florida ha sido nombrado, por segundo a\u00f1o consecutivo, n\u00ba 1 en el ranking educativo de Estados Unidos. Este logro no solo refleja la excelencia acad\u00e9mica, sino tambi\u00e9n el compromiso con la formaci\u00f3n integral de nuestros j\u00f3venes, un principio fundamental de la educaci\u00f3n salesiana.<\/span><\/p>\n<p><span data-removefontsize=\"true\" data-originalcomputedfontsize=\"14.666667\">A trav\u00e9s de programas innovadores como el <b>Diploma Dual<\/b>, desarrollado por Academica, nuestros estudiantes tienen la oportunidad de enriquecer su aprendizaje, combinando el bachillerato de su pa\u00eds con el American High School. Esta metodolog\u00eda activa no solo fortalece su formaci\u00f3n acad\u00e9mica, sino que tambi\u00e9n fomenta valores como la solidaridad, el respeto y la responsabilidad, pilares de la educaci\u00f3n salesiana.<\/span><\/p>\n<p><span data-removefontsize=\"true\" data-originalcomputedfontsize=\"14.666667\">Queremos extender nuestras m\u00e1s sinceras felicitaciones al Departamento de Estado de Florida y a su Ministro de Educaci\u00f3n, Mr. Manny D\u00edaz Jr. Este \u00e9xito es un reflejo del esfuerzo conjunto y del compromiso de todos los educadores que, al igual que Don Bosco, trabajan incansablemente para guiar a nuestros j\u00f3venes hacia un futuro brillante.<\/span><\/p>\n<p><span data-removefontsize=\"true\" data-originalcomputedfontsize=\"14.666667\">En nuestro colegio, nos sentimos parte activa de este logro, y seguimos comprometidos con la excelencia en la ense\u00f1anza, siempre buscando el bienestar y el desarrollo integral de nuestros alumnos. Juntos, continuaremos construyendo un camino hacia el \u00e9xito, donde cada estudiante pueda florecer y alcanzar su m\u00e1ximo potencial.<\/span><\/p>\n<p class=\"s3\">[\/et_pb_text][et_pb_text disabled_on=\u00bbon|on|on\u00bb admin_label=\u00bbT\u00edtulo: Galer\u00eda de fotos (Texto)\u00bb _builder_version=\u00bb4.27.4&#8243; text_font=\u00bb|on|||\u00bb text_text_color=\u00bb#dc001b\u00bb hover_enabled=\u00bb0&#8243; border_style=\u00bbsolid\u00bb global_colors_info=\u00bb{}\u00bb disabled=\u00bbon\u00bb sticky_enabled=\u00bb0&#8243;]<\/p>\n<p>Galer\u00eda de im\u00e1genes<\/p>\n<p>[\/et_pb_text][et_pb_gallery posts_number=\u00bb8&#8243; show_title_and_caption=\u00bboff\u00bb zoom_icon_color=\u00bb#dc001b\u00bb hover_icon=\u00bb&#x54;||divi||400&#8243; disabled_on=\u00bbon|on|on\u00bb _builder_version=\u00bb4.27.4&#8243; pagination_font_size_tablet=\u00bb51&#8243; pagination_line_height_tablet=\u00bb2&#8243; disabled=\u00bbon\u00bb global_colors_info=\u00bb{}\u00bb][\/et_pb_gallery][et_pb_video disabled_on=\u00bbon|on|on\u00bb _builder_version=\u00bb4.16&#8243; disabled=\u00bbon\u00bb global_colors_info=\u00bb{}\u00bb][\/et_pb_video][\/et_pb_column][\/et_pb_row][\/et_pb_section]<\/p>\n<!-- AddThis Advanced Settings generic via filter on the_content --><!-- AddThis Share Buttons generic via filter on the_content -->","protected":false},"excerpt":{"rendered":"<p>El Departamento de Educaci\u00f3n del estado de Florida ha sido nombrado, por segundo a\u00f1o consecutivo, n\u00ba 1 en el ranking educativo de Estados Unidos. \u00a0Redacci\u00f3nNos llena de alegr\u00eda y orgullo anunciar que el Departamento de Educaci\u00f3n del estado de Florida ha sido nombrado, por segundo a\u00f1o consecutivo, n\u00ba 1 en el ranking educativo de Estados [&hellip;]<\/p>\n<p><!-- AddThis Advanced Settings generic via filter on get_the_excerpt --><!-- AddThis Share Buttons generic via filter on get_the_excerpt --><\/p>\n","protected":false},"author":2,"featured_media":22766,"comment_status":"closed","ping_status":"open","sticky":false,"template":"","format":"standard","meta":{"_et_pb_use_builder":"on","_et_pb_old_content":"","_et_gb_content_width":"","footnotes":""},"categories":[65,14,9,1],"tags":[],"class_list":["post-22763","post","type-post","status-publish","format-standard","has-post-thumbnail","hentry","category-bachilleratodual","category-noticia_colegio","category-noticias","category-uncategorized"],"yoast_head":"<!-- This site is optimized with the Yoast SEO plugin v28.3 - https:\/\/yoast.com\/product\/yoast-seo-wordpress\/ -->\n<title>Premio a Academica - Colegio San Juan Bosco Valencia<\/title>\n<meta name=\"description\" content=\"confirmaci\u00f3n, fe, jovenes cristianos, arrels, salesianos\" \/>\n<meta name=\"robots\" content=\"index, follow, max-snippet:-1, max-image-preview:large, max-video-preview:-1\" \/>\n<link rel=\"canonical\" href=\"https:\/\/valenciasjb.salesianos.edu\/colegio\/premio-a-academica\/\" \/>\n<meta property=\"og:locale\" content=\"es_ES\" \/>\n<meta property=\"og:type\" content=\"article\" \/>\n<meta property=\"og:title\" content=\"Premio a Academica - Colegio San Juan Bosco Valencia\" \/>\n<meta property=\"og:description\" content=\"confirmaci\u00f3n, fe, jovenes cristianos, arrels, salesianos\" \/>\n<meta property=\"og:url\" content=\"https:\/\/valenciasjb.salesianos.edu\/colegio\/premio-a-academica\/\" \/>\n<meta property=\"og:site_name\" content=\"Colegio San Juan Bosco Valencia\" \/>\n<meta property=\"article:publisher\" content=\"https:\/\/www.facebook.com\/ColegioSalesianoSanJuanBoscoValencia\" \/>\n<meta property=\"article:published_time\" content=\"2024-12-18T16:37:27+00:00\" \/>\n<meta property=\"article:modified_time\" content=\"2024-12-18T16:37:33+00:00\" \/>\n<meta property=\"og:image\" content=\"https:\/\/valenciasjb.salesianos.edu\/colegio\/wp-content\/uploads\/sites\/2\/2024\/12\/IMG_5965.jpeg\" \/>\n\t<meta property=\"og:image:width\" content=\"1200\" \/>\n\t<meta property=\"og:image:height\" content=\"958\" \/>\n\t<meta property=\"og:image:type\" content=\"image\/jpeg\" \/>\n<meta name=\"author\" content=\"Administrador Web\" \/>\n<meta name=\"twitter:card\" content=\"summary_large_image\" \/>\n<meta name=\"twitter:creator\" content=\"@SalesianosVSJB\" \/>\n<meta name=\"twitter:site\" content=\"@SalesianosVSJB\" \/>\n<meta name=\"twitter:label1\" content=\"Escrito por\" \/>\n\t<meta name=\"twitter:data1\" content=\"Administrador Web\" \/>\n\t<meta name=\"twitter:label2\" content=\"Tiempo de lectura\" \/>\n\t<meta name=\"twitter:data2\" content=\"2 minutos\" \/>\n<script type=\"application\/ld+json\" class=\"yoast-schema-graph\">{\"@context\":\"https:\\\/\\\/schema.org\",\"@graph\":[{\"@type\":\"Article\",\"@id\":\"https:\\\/\\\/valenciasjb.salesianos.edu\\\/colegio\\\/premio-a-academica\\\/#article\",\"isPartOf\":{\"@id\":\"https:\\\/\\\/valenciasjb.salesianos.edu\\\/colegio\\\/premio-a-academica\\\/\"},\"author\":{\"name\":\"Administrador Web\",\"@id\":\"https:\\\/\\\/valenciasjb.salesianos.edu\\\/colegio\\\/#\\\/schema\\\/person\\\/ae0ac91eb19a6a2a01c95e29d541a575\"},\"headline\":\"Premio a Academica\",\"datePublished\":\"2024-12-18T16:37:27+00:00\",\"dateModified\":\"2024-12-18T16:37:33+00:00\",\"mainEntityOfPage\":{\"@id\":\"https:\\\/\\\/valenciasjb.salesianos.edu\\\/colegio\\\/premio-a-academica\\\/\"},\"wordCount\":496,\"image\":{\"@id\":\"https:\\\/\\\/valenciasjb.salesianos.edu\\\/colegio\\\/premio-a-academica\\\/#primaryimage\"},\"thumbnailUrl\":\"https:\\\/\\\/valenciasjb.salesianos.edu\\\/colegio\\\/wp-content\\\/uploads\\\/sites\\\/2\\\/2024\\\/12\\\/IMG_5965.jpeg\",\"articleSection\":[\"Blog Bachillerato Dual\",\"Noticia Colegio\",\"Noticias\",\"Uncategorized\"],\"inLanguage\":\"es\"},{\"@type\":\"WebPage\",\"@id\":\"https:\\\/\\\/valenciasjb.salesianos.edu\\\/colegio\\\/premio-a-academica\\\/\",\"url\":\"https:\\\/\\\/valenciasjb.salesianos.edu\\\/colegio\\\/premio-a-academica\\\/\",\"name\":\"Premio a Academica - Colegio San Juan Bosco Valencia\",\"isPartOf\":{\"@id\":\"https:\\\/\\\/valenciasjb.salesianos.edu\\\/colegio\\\/#website\"},\"primaryImageOfPage\":{\"@id\":\"https:\\\/\\\/valenciasjb.salesianos.edu\\\/colegio\\\/premio-a-academica\\\/#primaryimage\"},\"image\":{\"@id\":\"https:\\\/\\\/valenciasjb.salesianos.edu\\\/colegio\\\/premio-a-academica\\\/#primaryimage\"},\"thumbnailUrl\":\"https:\\\/\\\/valenciasjb.salesianos.edu\\\/colegio\\\/wp-content\\\/uploads\\\/sites\\\/2\\\/2024\\\/12\\\/IMG_5965.jpeg\",\"datePublished\":\"2024-12-18T16:37:27+00:00\",\"dateModified\":\"2024-12-18T16:37:33+00:00\",\"author\":{\"@id\":\"https:\\\/\\\/valenciasjb.salesianos.edu\\\/colegio\\\/#\\\/schema\\\/person\\\/ae0ac91eb19a6a2a01c95e29d541a575\"},\"description\":\"confirmaci\u00f3n, fe, jovenes cristianos, arrels, salesianos\",\"breadcrumb\":{\"@id\":\"https:\\\/\\\/valenciasjb.salesianos.edu\\\/colegio\\\/premio-a-academica\\\/#breadcrumb\"},\"inLanguage\":\"es\",\"potentialAction\":[{\"@type\":\"ReadAction\",\"target\":[\"https:\\\/\\\/valenciasjb.salesianos.edu\\\/colegio\\\/premio-a-academica\\\/\"]}]},{\"@type\":\"ImageObject\",\"inLanguage\":\"es\",\"@id\":\"https:\\\/\\\/valenciasjb.salesianos.edu\\\/colegio\\\/premio-a-academica\\\/#primaryimage\",\"url\":\"https:\\\/\\\/valenciasjb.salesianos.edu\\\/colegio\\\/wp-content\\\/uploads\\\/sites\\\/2\\\/2024\\\/12\\\/IMG_5965.jpeg\",\"contentUrl\":\"https:\\\/\\\/valenciasjb.salesianos.edu\\\/colegio\\\/wp-content\\\/uploads\\\/sites\\\/2\\\/2024\\\/12\\\/IMG_5965.jpeg\",\"width\":1200,\"height\":958},{\"@type\":\"BreadcrumbList\",\"@id\":\"https:\\\/\\\/valenciasjb.salesianos.edu\\\/colegio\\\/premio-a-academica\\\/#breadcrumb\",\"itemListElement\":[{\"@type\":\"ListItem\",\"position\":1,\"name\":\"Portada\",\"item\":\"https:\\\/\\\/valenciasjb.salesianos.edu\\\/colegio\\\/\"},{\"@type\":\"ListItem\",\"position\":2,\"name\":\"Premio a Academica\"}]},{\"@type\":\"WebSite\",\"@id\":\"https:\\\/\\\/valenciasjb.salesianos.edu\\\/colegio\\\/#website\",\"url\":\"https:\\\/\\\/valenciasjb.salesianos.edu\\\/colegio\\\/\",\"name\":\"Colegio San Juan Bosco Valencia\",\"description\":\"P\u00e1gina oficial del Colegio Salesianos San Juan Bosco Valencia\",\"alternateName\":\"Salesianos.VSJB\",\"potentialAction\":[{\"@type\":\"SearchAction\",\"target\":{\"@type\":\"EntryPoint\",\"urlTemplate\":\"https:\\\/\\\/valenciasjb.salesianos.edu\\\/colegio\\\/?s={search_term_string}\"},\"query-input\":{\"@type\":\"PropertyValueSpecification\",\"valueRequired\":true,\"valueName\":\"search_term_string\"}}],\"inLanguage\":\"es\"},{\"@type\":\"Person\",\"@id\":\"https:\\\/\\\/valenciasjb.salesianos.edu\\\/colegio\\\/#\\\/schema\\\/person\\\/ae0ac91eb19a6a2a01c95e29d541a575\",\"name\":\"Administrador Web\",\"image\":{\"@type\":\"ImageObject\",\"inLanguage\":\"es\",\"@id\":\"https:\\\/\\\/secure.gravatar.com\\\/avatar\\\/48a73c544c48a92e9f82115ddc8f6abf90891f033d83384ebe4aafd70f983ec8?s=96&d=mm&r=g\",\"url\":\"https:\\\/\\\/secure.gravatar.com\\\/avatar\\\/48a73c544c48a92e9f82115ddc8f6abf90891f033d83384ebe4aafd70f983ec8?s=96&d=mm&r=g\",\"contentUrl\":\"https:\\\/\\\/secure.gravatar.com\\\/avatar\\\/48a73c544c48a92e9f82115ddc8f6abf90891f033d83384ebe4aafd70f983ec8?s=96&d=mm&r=g\",\"caption\":\"Administrador Web\"}}]}<\/script>\n<!-- \/ Yoast SEO plugin. -->","yoast_head_json":{"title":"Premio a Academica - Colegio San Juan Bosco Valencia","description":"confirmaci\u00f3n, fe, jovenes cristianos, arrels, salesianos","robots":{"index":"index","follow":"follow","max-snippet":"max-snippet:-1","max-image-preview":"max-image-preview:large","max-video-preview":"max-video-preview:-1"},"canonical":"https:\/\/valenciasjb.salesianos.edu\/colegio\/premio-a-academica\/","og_locale":"es_ES","og_type":"article","og_title":"Premio a Academica - Colegio San Juan Bosco Valencia","og_description":"confirmaci\u00f3n, fe, jovenes cristianos, arrels, salesianos","og_url":"https:\/\/valenciasjb.salesianos.edu\/colegio\/premio-a-academica\/","og_site_name":"Colegio San Juan Bosco Valencia","article_publisher":"https:\/\/www.facebook.com\/ColegioSalesianoSanJuanBoscoValencia","article_published_time":"2024-12-18T16:37:27+00:00","article_modified_time":"2024-12-18T16:37:33+00:00","og_image":[{"width":1200,"height":958,"url":"https:\/\/valenciasjb.salesianos.edu\/colegio\/wp-content\/uploads\/sites\/2\/2024\/12\/IMG_5965.jpeg","type":"image\/jpeg"}],"author":"Administrador Web","twitter_card":"summary_large_image","twitter_creator":"@SalesianosVSJB","twitter_site":"@SalesianosVSJB","twitter_misc":{"Escrito por":"Administrador Web","Tiempo de lectura":"2 minutos"},"schema":{"@context":"https:\/\/schema.org","@graph":[{"@type":"Article","@id":"https:\/\/valenciasjb.salesianos.edu\/colegio\/premio-a-academica\/#article","isPartOf":{"@id":"https:\/\/valenciasjb.salesianos.edu\/colegio\/premio-a-academica\/"},"author":{"name":"Administrador Web","@id":"https:\/\/valenciasjb.salesianos.edu\/colegio\/#\/schema\/person\/ae0ac91eb19a6a2a01c95e29d541a575"},"headline":"Premio a Academica","datePublished":"2024-12-18T16:37:27+00:00","dateModified":"2024-12-18T16:37:33+00:00","mainEntityOfPage":{"@id":"https:\/\/valenciasjb.salesianos.edu\/colegio\/premio-a-academica\/"},"wordCount":496,"image":{"@id":"https:\/\/valenciasjb.salesianos.edu\/colegio\/premio-a-academica\/#primaryimage"},"thumbnailUrl":"https:\/\/valenciasjb.salesianos.edu\/colegio\/wp-content\/uploads\/sites\/2\/2024\/12\/IMG_5965.jpeg","articleSection":["Blog Bachillerato Dual","Noticia Colegio","Noticias","Uncategorized"],"inLanguage":"es"},{"@type":"WebPage","@id":"https:\/\/valenciasjb.salesianos.edu\/colegio\/premio-a-academica\/","url":"https:\/\/valenciasjb.salesianos.edu\/colegio\/premio-a-academica\/","name":"Premio a Academica - Colegio San Juan Bosco Valencia","isPartOf":{"@id":"https:\/\/valenciasjb.salesianos.edu\/colegio\/#website"},"primaryImageOfPage":{"@id":"https:\/\/valenciasjb.salesianos.edu\/colegio\/premio-a-academica\/#primaryimage"},"image":{"@id":"https:\/\/valenciasjb.salesianos.edu\/colegio\/premio-a-academica\/#primaryimage"},"thumbnailUrl":"https:\/\/valenciasjb.salesianos.edu\/colegio\/wp-content\/uploads\/sites\/2\/2024\/12\/IMG_5965.jpeg","datePublished":"2024-12-18T16:37:27+00:00","dateModified":"2024-12-18T16:37:33+00:00","author":{"@id":"https:\/\/valenciasjb.salesianos.edu\/colegio\/#\/schema\/person\/ae0ac91eb19a6a2a01c95e29d541a575"},"description":"confirmaci\u00f3n, fe, jovenes cristianos, arrels, salesianos","breadcrumb":{"@id":"https:\/\/valenciasjb.salesianos.edu\/colegio\/premio-a-academica\/#breadcrumb"},"inLanguage":"es","potentialAction":[{"@type":"ReadAction","target":["https:\/\/valenciasjb.salesianos.edu\/colegio\/premio-a-academica\/"]}]},{"@type":"ImageObject","inLanguage":"es","@id":"https:\/\/valenciasjb.salesianos.edu\/colegio\/premio-a-academica\/#primaryimage","url":"https:\/\/valenciasjb.salesianos.edu\/colegio\/wp-content\/uploads\/sites\/2\/2024\/12\/IMG_5965.jpeg","contentUrl":"https:\/\/valenciasjb.salesianos.edu\/colegio\/wp-content\/uploads\/sites\/2\/2024\/12\/IMG_5965.jpeg","width":1200,"height":958},{"@type":"BreadcrumbList","@id":"https:\/\/valenciasjb.salesianos.edu\/colegio\/premio-a-academica\/#breadcrumb","itemListElement":[{"@type":"ListItem","position":1,"name":"Portada","item":"https:\/\/valenciasjb.salesianos.edu\/colegio\/"},{"@type":"ListItem","position":2,"name":"Premio a Academica"}]},{"@type":"WebSite","@id":"https:\/\/valenciasjb.salesianos.edu\/colegio\/#website","url":"https:\/\/valenciasjb.salesianos.edu\/colegio\/","name":"Colegio San Juan Bosco Valencia","description":"P\u00e1gina oficial del Colegio Salesianos San Juan Bosco Valencia","alternateName":"Salesianos.VSJB","potentialAction":[{"@type":"SearchAction","target":{"@type":"EntryPoint","urlTemplate":"https:\/\/valenciasjb.salesianos.edu\/colegio\/?s={search_term_string}"},"query-input":{"@type":"PropertyValueSpecification","valueRequired":true,"valueName":"search_term_string"}}],"inLanguage":"es"},{"@type":"Person","@id":"https:\/\/valenciasjb.salesianos.edu\/colegio\/#\/schema\/person\/ae0ac91eb19a6a2a01c95e29d541a575","name":"Administrador Web","image":{"@type":"ImageObject","inLanguage":"es","@id":"https:\/\/secure.gravatar.com\/avatar\/48a73c544c48a92e9f82115ddc8f6abf90891f033d83384ebe4aafd70f983ec8?s=96&d=mm&r=g","url":"https:\/\/secure.gravatar.com\/avatar\/48a73c544c48a92e9f82115ddc8f6abf90891f033d83384ebe4aafd70f983ec8?s=96&d=mm&r=g","contentUrl":"https:\/\/secure.gravatar.com\/avatar\/48a73c544c48a92e9f82115ddc8f6abf90891f033d83384ebe4aafd70f983ec8?s=96&d=mm&r=g","caption":"Administrador Web"}}]}},"_links":{"self":[{"href":"https:\/\/valenciasjb.salesianos.edu\/colegio\/wp-json\/wp\/v2\/posts\/22763","targetHints":{"allow":["GET"]}}],"collection":[{"href":"https:\/\/valenciasjb.salesianos.edu\/colegio\/wp-json\/wp\/v2\/posts"}],"about":[{"href":"https:\/\/valenciasjb.salesianos.edu\/colegio\/wp-json\/wp\/v2\/types\/post"}],"author":[{"embeddable":true,"href":"https:\/\/valenciasjb.salesianos.edu\/colegio\/wp-json\/wp\/v2\/users\/2"}],"replies":[{"embeddable":true,"href":"https:\/\/valenciasjb.salesianos.edu\/colegio\/wp-json\/wp\/v2\/comments?post=22763"}],"version-history":[{"count":3,"href":"https:\/\/valenciasjb.salesianos.edu\/colegio\/wp-json\/wp\/v2\/posts\/22763\/revisions"}],"predecessor-version":[{"id":22768,"href":"https:\/\/valenciasjb.salesianos.edu\/colegio\/wp-json\/wp\/v2\/posts\/22763\/revisions\/22768"}],"wp:featuredmedia":[{"embeddable":true,"href":"https:\/\/valenciasjb.salesianos.edu\/colegio\/wp-json\/wp\/v2\/media\/22766"}],"wp:attachment":[{"href":"https:\/\/valenciasjb.salesianos.edu\/colegio\/wp-json\/wp\/v2\/media?parent=22763"}],"wp:term":[{"taxonomy":"category","embeddable":true,"href":"https:\/\/valenciasjb.salesianos.edu\/colegio\/wp-json\/wp\/v2\/categories?post=22763"},{"taxonomy":"post_tag","embeddable":true,"href":"https:\/\/valenciasjb.salesianos.edu\/colegio\/wp-json\/wp\/v2\/tags?post=22763"}],"curies":[{"name":"wp","href":"https:\/\/api.w.org\/{rel}","templated":true}]}}