{"id":22770,"date":"2024-12-26T13:28:58","date_gmt":"2024-12-26T12:28:58","guid":{"rendered":"https:\/\/valenciasjb.salesianos.edu\/colegio\/?p=22770"},"modified":"2024-12-26T13:29:05","modified_gmt":"2024-12-26T12:29:05","slug":"adviento-y-navidad-en-el-cole","status":"publish","type":"post","link":"https:\/\/valenciasjb.salesianos.edu\/colegio\/adviento-y-navidad-en-el-cole\/","title":{"rendered":"Adviento y Navidad en el cole"},"content":{"rendered":"<div id=\"fb-root\"><\/div>\n<p>[et_pb_section fb_built=\u00bb1&#8243; admin_label=\u00bbsection\u00bb _builder_version=\u00bb4.16&#8243; global_colors_info=\u00bb{}\u00bb][et_pb_row admin_label=\u00bbrow\u00bb _builder_version=\u00bb4.16&#8243; background_size=\u00bbinitial\u00bb background_position=\u00bbtop_left\u00bb background_repeat=\u00bbrepeat\u00bb global_colors_info=\u00bb{}\u00bb][et_pb_column type=\u00bb4_4&#8243; _builder_version=\u00bb4.16&#8243; custom_padding=\u00bb|||\u00bb global_colors_info=\u00bb{}\u00bb custom_padding__hover=\u00bb|||\u00bb][et_pb_text admin_label=\u00bbEntradilla (Texto)\u00bb _builder_version=\u00bb4.27.4&#8243; text_font=\u00bb|on|||\u00bb text_orientation=\u00bbjustified\u00bb module_alignment=\u00bbjustified\u00bb hover_enabled=\u00bb0&#8243; global_colors_info=\u00bb{}\u00bb sticky_enabled=\u00bb0&#8243;]<\/p>\n<div id=\"resumen\">\n<p>El alumnado y profesorado de todas las etapas han realizado un mont\u00f3n de actividades pastorales en este mes de diciembre preparando la Navidad<\/p>\n<\/div>\n<div>\u00a0<\/div>\n<p>[\/et_pb_text][et_pb_text admin_label=\u00bbAutor (Texto)\u00bb _builder_version=\u00bb4.27.4&#8243; text_font=\u00bb||on||\u00bb global_colors_info=\u00bb{}\u00bb]<\/p>\n<p>Redacci\u00f3n<\/p>\n<p>[\/et_pb_text][et_pb_text admin_label=\u00bbDesarrollo (Texto)\u00bb _builder_version=\u00bb4.27.4&#8243; text_orientation=\u00bbjustified\u00bb module_alignment=\u00bbjustified\u00bb hover_enabled=\u00bb0&#8243; global_colors_info=\u00bb{}\u00bb sticky_enabled=\u00bb0&#8243;]<\/p>\n<p><strong>Campa\u00f1a Bote-Kilo Solidario, festivales, celebraciones, concurso de postales, ambientaci\u00f3n de pasillos y clases, concurso de Belenes, preg\u00f3n, visitas&#8230;<\/strong> Este mes de diciembre, todas las etapas se han volcado en la preparaci\u00f3n y celebraci\u00f3n de la Navidad.<\/p>\n<p>Las celebraciones se han vivido de manera especial en cada curso, desde los m\u00e1s peque\u00f1os, con tres a\u00f1itos, hasta los mayores de 2\u00ba de Bachillerato, quienes han experimentado el encuentro con un Dios que viene a hacerse hombre en la figura de su hijo Jes\u00fas. Nuestros compa\u00f1eros de los servicios complementarios tambi\u00e9n tuvieron su momento celebrativo.<\/p>\n<p>La <strong>Campa\u00f1a Bote-Kilo Solidario<\/strong> ha sido una gran oportunidad para trabajar la solidaridad. En coordinaci\u00f3n con la parroquia y el Economato de C\u00e1ritas, hemos recogido una gran cantidad de alimentos que, sin duda, ayudar\u00e1n a alimentar a muchas familias de nuestro barrio. Pero, sobre todo, nuestros estudiantes han aprendido el valor de ser solidarios con los m\u00e1s necesitados. Los alumnos de 2\u00ba de Bachillerato se encargaron de recolectar, clasificar y trasladar los productos recogidos a la parroquia para su posterior distribuci\u00f3n.<\/p>\n<p>Se ha puesto especial esmero en la <strong>decoraci\u00f3n de los pasillos y las clases<\/strong>, siendo el propio alumnado el encargado de llenar el colegio de alegr\u00eda y colorido navide\u00f1o con su creatividad.<\/p>\n<p>En cuanto a los concursos, este diciembre se celebraron dos iniciativas muy especiales. El <strong>Concurso de Postales Digitales Navide\u00f1as<\/strong> en la ESO permiti\u00f3 a los estudiantes desarrollar su creatividad y aplicar las competencias digitales adquiridas en su formaci\u00f3n. Adem\u00e1s, como es tradici\u00f3n, lanzamos el <strong>III Concurso de Belenes Fernando Urios<\/strong>, que cont\u00f3 con una participaci\u00f3n modesta pero de gran calidad por parte de las familias. Los participantes pudieron recoger su escarapela y una figurita de un agricultor quitando barro, como recuerdo de la DANA que afect\u00f3 a tantas familias, muchas de ellas cercanas a nuestro colegio. En esa peque\u00f1a celebraci\u00f3n, invitamos a todos los ni\u00f1os y ni\u00f1as a traer su Ni\u00f1o Jes\u00fas para ser bendecido.<\/p>\n<p>Los <strong>festivales de Infantil y Primaria<\/strong> volvieron a ser un \u00e9xito, como cada a\u00f1o. Villancicos cl\u00e1sicos y modernos, coreograf\u00edas cuidadas y canciones en directo hicieron las delicias de todos. Felicitamos a todos los participantes, en especial a las profesoras y profesores que dedican tanto tiempo y cari\u00f1o a estas actividades. Tambi\u00e9n agradecemos a las familias su colaboraci\u00f3n en la realizaci\u00f3n de los trajes y vestuarios que lucieron los peque\u00f1os artistas.<\/p>\n<p>El \u00faltimo d\u00eda de clase comenz\u00f3 con un <strong>preg\u00f3n navide\u00f1o<\/strong> en el pabell\u00f3n deportivo. Los alumnos de la ESO y Bachillerato lo vivieron primero, ya que despu\u00e9s tuvieron diversas actividades fuera del colegio, visitando centros de acogida y residencias. Los m\u00e1s peque\u00f1os de Infantil y Primaria tambi\u00e9n disfrutaron de un preg\u00f3n muy especial, donde las familias pudieron unirse a la celebraci\u00f3n del anuncio de la venida de Jes\u00fas.<\/p>\n<p>Este ha sido un mes de diciembre lleno de gestos y actividades que nos han permitido vivir el esp\u00edritu navide\u00f1o de una manera muy especial. Esperamos que todos est\u00e9is disfrutando de una <strong>Feliz Navidad<\/strong>.<\/p>\n<p>[\/et_pb_text][et_pb_text disabled_on=\u00bboff|off|off\u00bb admin_label=\u00bbT\u00edtulo: Galer\u00eda de fotos (Texto)\u00bb _builder_version=\u00bb4.27.0&#8243; text_font=\u00bb|on|||\u00bb text_text_color=\u00bb#dc001b\u00bb border_style=\u00bbsolid\u00bb global_colors_info=\u00bb{}\u00bb]<\/p>\n<p>Galer\u00eda de im\u00e1genes<\/p>\n<p>[\/et_pb_text][et_pb_gallery gallery_ids=\u00bb22792,22793,22794,22795,22796,22797,22798,22799,22800,22801,22802,22803,22804,22805,22806,22807,22808,22809,22810,22811,22812,22813,22814,22815,22816,22817,22818,22819&#8243; posts_number=\u00bb8&#8243; show_title_and_caption=\u00bboff\u00bb zoom_icon_color=\u00bb#dc001b\u00bb hover_icon=\u00bb&#x54;||divi||400&#8243; disabled_on=\u00bboff|off|off\u00bb _builder_version=\u00bb4.27.4&#8243; pagination_font_size_tablet=\u00bb51&#8243; pagination_line_height_tablet=\u00bb2&#8243; global_colors_info=\u00bb{}\u00bb][\/et_pb_gallery][et_pb_video disabled_on=\u00bbon|on|on\u00bb _builder_version=\u00bb4.16&#8243; disabled=\u00bbon\u00bb global_colors_info=\u00bb{}\u00bb][\/et_pb_video][\/et_pb_column][\/et_pb_row][\/et_pb_section]<\/p>\n<!-- AddThis Advanced Settings generic via filter on the_content --><!-- AddThis Share Buttons generic via filter on the_content -->","protected":false},"excerpt":{"rendered":"<p>El alumnado y profesorado de todas las etapas han realizado un mont\u00f3n de actividades pastorales en este mes de diciembre preparando la Navidad \u00a0Redacci\u00f3nCampa\u00f1a Bote-Kilo Solidario, festivales, celebraciones, concurso de postales, ambientaci\u00f3n de pasillos y clases, concurso de Belenes, preg\u00f3n, visitas&#8230; Este mes de diciembre, todas las etapas se han volcado en la preparaci\u00f3n y [&hellip;]<\/p>\n<p><!-- AddThis Advanced Settings generic via filter on get_the_excerpt --><!-- AddThis Share Buttons generic via filter on get_the_excerpt --><\/p>\n","protected":false},"author":2,"featured_media":22783,"comment_status":"closed","ping_status":"open","sticky":false,"template":"","format":"standard","meta":{"_et_pb_use_builder":"on","_et_pb_old_content":"","_et_gb_content_width":"","footnotes":""},"categories":[14,1],"tags":[],"class_list":["post-22770","post","type-post","status-publish","format-standard","has-post-thumbnail","hentry","category-noticia_colegio","category-uncategorized"],"yoast_head":"<!-- This site is optimized with the Yoast SEO plugin v28.4 - https:\/\/yoast.com\/product\/yoast-seo-wordpress\/ -->\n<title>Adviento y Navidad en el cole - Colegio San Juan Bosco Valencia<\/title>\n<meta name=\"description\" content=\"el colegio prepara la navidad con un mont\u00f3n de actividades pastorales\" \/>\n<meta name=\"robots\" content=\"index, follow, max-snippet:-1, max-image-preview:large, max-video-preview:-1\" \/>\n<link rel=\"canonical\" href=\"https:\/\/valenciasjb.salesianos.edu\/colegio\/adviento-y-navidad-en-el-cole\/\" \/>\n<meta property=\"og:locale\" content=\"es_ES\" \/>\n<meta property=\"og:type\" content=\"article\" \/>\n<meta property=\"og:title\" content=\"Adviento y Navidad en el cole - Colegio San Juan Bosco Valencia\" \/>\n<meta property=\"og:description\" content=\"el colegio prepara la navidad con un mont\u00f3n de actividades pastorales\" \/>\n<meta property=\"og:url\" content=\"https:\/\/valenciasjb.salesianos.edu\/colegio\/adviento-y-navidad-en-el-cole\/\" \/>\n<meta property=\"og:site_name\" content=\"Colegio San Juan Bosco Valencia\" \/>\n<meta property=\"article:publisher\" content=\"https:\/\/www.facebook.com\/ColegioSalesianoSanJuanBoscoValencia\" \/>\n<meta property=\"article:published_time\" content=\"2024-12-26T12:28:58+00:00\" \/>\n<meta property=\"article:modified_time\" content=\"2024-12-26T12:29:05+00:00\" \/>\n<meta property=\"og:image\" content=\"https:\/\/valenciasjb.salesianos.edu\/colegio\/wp-content\/uploads\/sites\/2\/2024\/12\/2o-ciclo-03.jpg\" \/>\n\t<meta property=\"og:image:width\" content=\"1600\" \/>\n\t<meta property=\"og:image:height\" content=\"1525\" \/>\n\t<meta property=\"og:image:type\" content=\"image\/jpeg\" \/>\n<meta name=\"author\" content=\"Administrador Web\" \/>\n<meta name=\"twitter:card\" content=\"summary_large_image\" \/>\n<meta name=\"twitter:creator\" content=\"@SalesianosVSJB\" \/>\n<meta name=\"twitter:site\" content=\"@SalesianosVSJB\" \/>\n<meta name=\"twitter:label1\" content=\"Escrito por\" \/>\n\t<meta name=\"twitter:data1\" content=\"Administrador Web\" \/>\n\t<meta name=\"twitter:label2\" content=\"Tiempo de lectura\" \/>\n\t<meta name=\"twitter:data2\" content=\"9 minutos\" \/>\n<script type=\"application\/ld+json\" class=\"yoast-schema-graph\">{\"@context\":\"https:\\\/\\\/schema.org\",\"@graph\":[{\"@type\":\"Article\",\"@id\":\"https:\\\/\\\/valenciasjb.salesianos.edu\\\/colegio\\\/adviento-y-navidad-en-el-cole\\\/#article\",\"isPartOf\":{\"@id\":\"https:\\\/\\\/valenciasjb.salesianos.edu\\\/colegio\\\/adviento-y-navidad-en-el-cole\\\/\"},\"author\":{\"name\":\"Administrador Web\",\"@id\":\"https:\\\/\\\/valenciasjb.salesianos.edu\\\/colegio\\\/#\\\/schema\\\/person\\\/ae0ac91eb19a6a2a01c95e29d541a575\"},\"headline\":\"Adviento y Navidad en el cole\",\"datePublished\":\"2024-12-26T12:28:58+00:00\",\"dateModified\":\"2024-12-26T12:29:05+00:00\",\"mainEntityOfPage\":{\"@id\":\"https:\\\/\\\/valenciasjb.salesianos.edu\\\/colegio\\\/adviento-y-navidad-en-el-cole\\\/\"},\"wordCount\":804,\"image\":{\"@id\":\"https:\\\/\\\/valenciasjb.salesianos.edu\\\/colegio\\\/adviento-y-navidad-en-el-cole\\\/#primaryimage\"},\"thumbnailUrl\":\"https:\\\/\\\/valenciasjb.salesianos.edu\\\/colegio\\\/wp-content\\\/uploads\\\/sites\\\/2\\\/2024\\\/12\\\/2o-ciclo-03.jpg\",\"articleSection\":[\"Noticia Colegio\",\"Uncategorized\"],\"inLanguage\":\"es\"},{\"@type\":\"WebPage\",\"@id\":\"https:\\\/\\\/valenciasjb.salesianos.edu\\\/colegio\\\/adviento-y-navidad-en-el-cole\\\/\",\"url\":\"https:\\\/\\\/valenciasjb.salesianos.edu\\\/colegio\\\/adviento-y-navidad-en-el-cole\\\/\",\"name\":\"Adviento y Navidad en el cole - Colegio San Juan Bosco Valencia\",\"isPartOf\":{\"@id\":\"https:\\\/\\\/valenciasjb.salesianos.edu\\\/colegio\\\/#website\"},\"primaryImageOfPage\":{\"@id\":\"https:\\\/\\\/valenciasjb.salesianos.edu\\\/colegio\\\/adviento-y-navidad-en-el-cole\\\/#primaryimage\"},\"image\":{\"@id\":\"https:\\\/\\\/valenciasjb.salesianos.edu\\\/colegio\\\/adviento-y-navidad-en-el-cole\\\/#primaryimage\"},\"thumbnailUrl\":\"https:\\\/\\\/valenciasjb.salesianos.edu\\\/colegio\\\/wp-content\\\/uploads\\\/sites\\\/2\\\/2024\\\/12\\\/2o-ciclo-03.jpg\",\"datePublished\":\"2024-12-26T12:28:58+00:00\",\"dateModified\":\"2024-12-26T12:29:05+00:00\",\"author\":{\"@id\":\"https:\\\/\\\/valenciasjb.salesianos.edu\\\/colegio\\\/#\\\/schema\\\/person\\\/ae0ac91eb19a6a2a01c95e29d541a575\"},\"description\":\"el colegio prepara la navidad con un mont\u00f3n de actividades pastorales\",\"breadcrumb\":{\"@id\":\"https:\\\/\\\/valenciasjb.salesianos.edu\\\/colegio\\\/adviento-y-navidad-en-el-cole\\\/#breadcrumb\"},\"inLanguage\":\"es\",\"potentialAction\":[{\"@type\":\"ReadAction\",\"target\":[\"https:\\\/\\\/valenciasjb.salesianos.edu\\\/colegio\\\/adviento-y-navidad-en-el-cole\\\/\"]}]},{\"@type\":\"ImageObject\",\"inLanguage\":\"es\",\"@id\":\"https:\\\/\\\/valenciasjb.salesianos.edu\\\/colegio\\\/adviento-y-navidad-en-el-cole\\\/#primaryimage\",\"url\":\"https:\\\/\\\/valenciasjb.salesianos.edu\\\/colegio\\\/wp-content\\\/uploads\\\/sites\\\/2\\\/2024\\\/12\\\/2o-ciclo-03.jpg\",\"contentUrl\":\"https:\\\/\\\/valenciasjb.salesianos.edu\\\/colegio\\\/wp-content\\\/uploads\\\/sites\\\/2\\\/2024\\\/12\\\/2o-ciclo-03.jpg\",\"width\":1600,\"height\":1525},{\"@type\":\"BreadcrumbList\",\"@id\":\"https:\\\/\\\/valenciasjb.salesianos.edu\\\/colegio\\\/adviento-y-navidad-en-el-cole\\\/#breadcrumb\",\"itemListElement\":[{\"@type\":\"ListItem\",\"position\":1,\"name\":\"Portada\",\"item\":\"https:\\\/\\\/valenciasjb.salesianos.edu\\\/colegio\\\/\"},{\"@type\":\"ListItem\",\"position\":2,\"name\":\"Adviento y Navidad en el cole\"}]},{\"@type\":\"WebSite\",\"@id\":\"https:\\\/\\\/valenciasjb.salesianos.edu\\\/colegio\\\/#website\",\"url\":\"https:\\\/\\\/valenciasjb.salesianos.edu\\\/colegio\\\/\",\"name\":\"Colegio San Juan Bosco Valencia\",\"description\":\"P\u00e1gina oficial del Colegio Salesianos San Juan Bosco Valencia\",\"alternateName\":\"Salesianos.VSJB\",\"potentialAction\":[{\"@type\":\"SearchAction\",\"target\":{\"@type\":\"EntryPoint\",\"urlTemplate\":\"https:\\\/\\\/valenciasjb.salesianos.edu\\\/colegio\\\/?s={search_term_string}\"},\"query-input\":{\"@type\":\"PropertyValueSpecification\",\"valueRequired\":true,\"valueName\":\"search_term_string\"}}],\"inLanguage\":\"es\"},{\"@type\":\"Person\",\"@id\":\"https:\\\/\\\/valenciasjb.salesianos.edu\\\/colegio\\\/#\\\/schema\\\/person\\\/ae0ac91eb19a6a2a01c95e29d541a575\",\"name\":\"Administrador Web\",\"image\":{\"@type\":\"ImageObject\",\"inLanguage\":\"es\",\"@id\":\"https:\\\/\\\/secure.gravatar.com\\\/avatar\\\/48a73c544c48a92e9f82115ddc8f6abf90891f033d83384ebe4aafd70f983ec8?s=96&d=mm&r=g\",\"url\":\"https:\\\/\\\/secure.gravatar.com\\\/avatar\\\/48a73c544c48a92e9f82115ddc8f6abf90891f033d83384ebe4aafd70f983ec8?s=96&d=mm&r=g\",\"contentUrl\":\"https:\\\/\\\/secure.gravatar.com\\\/avatar\\\/48a73c544c48a92e9f82115ddc8f6abf90891f033d83384ebe4aafd70f983ec8?s=96&d=mm&r=g\",\"caption\":\"Administrador Web\"}}]}<\/script>\n<!-- \/ Yoast SEO plugin. -->","yoast_head_json":{"title":"Adviento y Navidad en el cole - Colegio San Juan Bosco Valencia","description":"el colegio prepara la navidad con un mont\u00f3n de actividades pastorales","robots":{"index":"index","follow":"follow","max-snippet":"max-snippet:-1","max-image-preview":"max-image-preview:large","max-video-preview":"max-video-preview:-1"},"canonical":"https:\/\/valenciasjb.salesianos.edu\/colegio\/adviento-y-navidad-en-el-cole\/","og_locale":"es_ES","og_type":"article","og_title":"Adviento y Navidad en el cole - Colegio San Juan Bosco Valencia","og_description":"el colegio prepara la navidad con un mont\u00f3n de actividades pastorales","og_url":"https:\/\/valenciasjb.salesianos.edu\/colegio\/adviento-y-navidad-en-el-cole\/","og_site_name":"Colegio San Juan Bosco Valencia","article_publisher":"https:\/\/www.facebook.com\/ColegioSalesianoSanJuanBoscoValencia","article_published_time":"2024-12-26T12:28:58+00:00","article_modified_time":"2024-12-26T12:29:05+00:00","og_image":[{"width":1600,"height":1525,"url":"https:\/\/valenciasjb.salesianos.edu\/colegio\/wp-content\/uploads\/sites\/2\/2024\/12\/2o-ciclo-03.jpg","type":"image\/jpeg"}],"author":"Administrador Web","twitter_card":"summary_large_image","twitter_creator":"@SalesianosVSJB","twitter_site":"@SalesianosVSJB","twitter_misc":{"Escrito por":"Administrador Web","Tiempo de lectura":"9 minutos"},"schema":{"@context":"https:\/\/schema.org","@graph":[{"@type":"Article","@id":"https:\/\/valenciasjb.salesianos.edu\/colegio\/adviento-y-navidad-en-el-cole\/#article","isPartOf":{"@id":"https:\/\/valenciasjb.salesianos.edu\/colegio\/adviento-y-navidad-en-el-cole\/"},"author":{"name":"Administrador Web","@id":"https:\/\/valenciasjb.salesianos.edu\/colegio\/#\/schema\/person\/ae0ac91eb19a6a2a01c95e29d541a575"},"headline":"Adviento y Navidad en el cole","datePublished":"2024-12-26T12:28:58+00:00","dateModified":"2024-12-26T12:29:05+00:00","mainEntityOfPage":{"@id":"https:\/\/valenciasjb.salesianos.edu\/colegio\/adviento-y-navidad-en-el-cole\/"},"wordCount":804,"image":{"@id":"https:\/\/valenciasjb.salesianos.edu\/colegio\/adviento-y-navidad-en-el-cole\/#primaryimage"},"thumbnailUrl":"https:\/\/valenciasjb.salesianos.edu\/colegio\/wp-content\/uploads\/sites\/2\/2024\/12\/2o-ciclo-03.jpg","articleSection":["Noticia Colegio","Uncategorized"],"inLanguage":"es"},{"@type":"WebPage","@id":"https:\/\/valenciasjb.salesianos.edu\/colegio\/adviento-y-navidad-en-el-cole\/","url":"https:\/\/valenciasjb.salesianos.edu\/colegio\/adviento-y-navidad-en-el-cole\/","name":"Adviento y Navidad en el cole - Colegio San Juan Bosco Valencia","isPartOf":{"@id":"https:\/\/valenciasjb.salesianos.edu\/colegio\/#website"},"primaryImageOfPage":{"@id":"https:\/\/valenciasjb.salesianos.edu\/colegio\/adviento-y-navidad-en-el-cole\/#primaryimage"},"image":{"@id":"https:\/\/valenciasjb.salesianos.edu\/colegio\/adviento-y-navidad-en-el-cole\/#primaryimage"},"thumbnailUrl":"https:\/\/valenciasjb.salesianos.edu\/colegio\/wp-content\/uploads\/sites\/2\/2024\/12\/2o-ciclo-03.jpg","datePublished":"2024-12-26T12:28:58+00:00","dateModified":"2024-12-26T12:29:05+00:00","author":{"@id":"https:\/\/valenciasjb.salesianos.edu\/colegio\/#\/schema\/person\/ae0ac91eb19a6a2a01c95e29d541a575"},"description":"el colegio prepara la navidad con un mont\u00f3n de actividades pastorales","breadcrumb":{"@id":"https:\/\/valenciasjb.salesianos.edu\/colegio\/adviento-y-navidad-en-el-cole\/#breadcrumb"},"inLanguage":"es","potentialAction":[{"@type":"ReadAction","target":["https:\/\/valenciasjb.salesianos.edu\/colegio\/adviento-y-navidad-en-el-cole\/"]}]},{"@type":"ImageObject","inLanguage":"es","@id":"https:\/\/valenciasjb.salesianos.edu\/colegio\/adviento-y-navidad-en-el-cole\/#primaryimage","url":"https:\/\/valenciasjb.salesianos.edu\/colegio\/wp-content\/uploads\/sites\/2\/2024\/12\/2o-ciclo-03.jpg","contentUrl":"https:\/\/valenciasjb.salesianos.edu\/colegio\/wp-content\/uploads\/sites\/2\/2024\/12\/2o-ciclo-03.jpg","width":1600,"height":1525},{"@type":"BreadcrumbList","@id":"https:\/\/valenciasjb.salesianos.edu\/colegio\/adviento-y-navidad-en-el-cole\/#breadcrumb","itemListElement":[{"@type":"ListItem","position":1,"name":"Portada","item":"https:\/\/valenciasjb.salesianos.edu\/colegio\/"},{"@type":"ListItem","position":2,"name":"Adviento y Navidad en el cole"}]},{"@type":"WebSite","@id":"https:\/\/valenciasjb.salesianos.edu\/colegio\/#website","url":"https:\/\/valenciasjb.salesianos.edu\/colegio\/","name":"Colegio San Juan Bosco Valencia","description":"P\u00e1gina oficial del Colegio Salesianos San Juan Bosco Valencia","alternateName":"Salesianos.VSJB","potentialAction":[{"@type":"SearchAction","target":{"@type":"EntryPoint","urlTemplate":"https:\/\/valenciasjb.salesianos.edu\/colegio\/?s={search_term_string}"},"query-input":{"@type":"PropertyValueSpecification","valueRequired":true,"valueName":"search_term_string"}}],"inLanguage":"es"},{"@type":"Person","@id":"https:\/\/valenciasjb.salesianos.edu\/colegio\/#\/schema\/person\/ae0ac91eb19a6a2a01c95e29d541a575","name":"Administrador Web","image":{"@type":"ImageObject","inLanguage":"es","@id":"https:\/\/secure.gravatar.com\/avatar\/48a73c544c48a92e9f82115ddc8f6abf90891f033d83384ebe4aafd70f983ec8?s=96&d=mm&r=g","url":"https:\/\/secure.gravatar.com\/avatar\/48a73c544c48a92e9f82115ddc8f6abf90891f033d83384ebe4aafd70f983ec8?s=96&d=mm&r=g","contentUrl":"https:\/\/secure.gravatar.com\/avatar\/48a73c544c48a92e9f82115ddc8f6abf90891f033d83384ebe4aafd70f983ec8?s=96&d=mm&r=g","caption":"Administrador Web"}}]}},"_links":{"self":[{"href":"https:\/\/valenciasjb.salesianos.edu\/colegio\/wp-json\/wp\/v2\/posts\/22770","targetHints":{"allow":["GET"]}}],"collection":[{"href":"https:\/\/valenciasjb.salesianos.edu\/colegio\/wp-json\/wp\/v2\/posts"}],"about":[{"href":"https:\/\/valenciasjb.salesianos.edu\/colegio\/wp-json\/wp\/v2\/types\/post"}],"author":[{"embeddable":true,"href":"https:\/\/valenciasjb.salesianos.edu\/colegio\/wp-json\/wp\/v2\/users\/2"}],"replies":[{"embeddable":true,"href":"https:\/\/valenciasjb.salesianos.edu\/colegio\/wp-json\/wp\/v2\/comments?post=22770"}],"version-history":[{"count":13,"href":"https:\/\/valenciasjb.salesianos.edu\/colegio\/wp-json\/wp\/v2\/posts\/22770\/revisions"}],"predecessor-version":[{"id":22821,"href":"https:\/\/valenciasjb.salesianos.edu\/colegio\/wp-json\/wp\/v2\/posts\/22770\/revisions\/22821"}],"wp:featuredmedia":[{"embeddable":true,"href":"https:\/\/valenciasjb.salesianos.edu\/colegio\/wp-json\/wp\/v2\/media\/22783"}],"wp:attachment":[{"href":"https:\/\/valenciasjb.salesianos.edu\/colegio\/wp-json\/wp\/v2\/media?parent=22770"}],"wp:term":[{"taxonomy":"category","embeddable":true,"href":"https:\/\/valenciasjb.salesianos.edu\/colegio\/wp-json\/wp\/v2\/categories?post=22770"},{"taxonomy":"post_tag","embeddable":true,"href":"https:\/\/valenciasjb.salesianos.edu\/colegio\/wp-json\/wp\/v2\/tags?post=22770"}],"curies":[{"name":"wp","href":"https:\/\/api.w.org\/{rel}","templated":true}]}}