{"id":22836,"date":"2025-02-11T12:42:36","date_gmt":"2025-02-11T11:42:36","guid":{"rendered":"https:\/\/valenciasjb.salesianos.edu\/colegio\/?p=22836"},"modified":"2025-02-11T12:42:43","modified_gmt":"2025-02-11T11:42:43","slug":"la-gran-fiesta-de-don-bosco","status":"publish","type":"post","link":"https:\/\/valenciasjb.salesianos.edu\/colegio\/la-gran-fiesta-de-don-bosco\/","title":{"rendered":"La gran fiesta de Don Bosco"},"content":{"rendered":"<div id=\"fb-root\"><\/div>\n<p>[et_pb_section fb_built=\u00bb1&#8243; admin_label=\u00bbsection\u00bb _builder_version=\u00bb4.16&#8243; global_colors_info=\u00bb{}\u00bb][et_pb_row admin_label=\u00bbrow\u00bb _builder_version=\u00bb4.16&#8243; background_size=\u00bbinitial\u00bb background_position=\u00bbtop_left\u00bb background_repeat=\u00bbrepeat\u00bb global_colors_info=\u00bb{}\u00bb][et_pb_column type=\u00bb4_4&#8243; _builder_version=\u00bb4.16&#8243; custom_padding=\u00bb|||\u00bb global_colors_info=\u00bb{}\u00bb custom_padding__hover=\u00bb|||\u00bb][et_pb_text admin_label=\u00bbEntradilla (Texto)\u00bb _builder_version=\u00bb4.27.4&#8243; text_font=\u00bb|on|||\u00bb text_orientation=\u00bbjustified\u00bb module_alignment=\u00bbjustified\u00bb global_colors_info=\u00bb{}\u00bb]<\/p>\n<div id=\"resumen\">\n<p>Nuestros alumnos y alumnas disfrutaron durante la semana de Don Bosco de multitud de actividades, celebraciones, festivales, teatro de profes, juegos, campeonatos&#8230;<\/p>\n<\/div>\n<div>\u00a0<\/div>\n<p>[\/et_pb_text][et_pb_text admin_label=\u00bbAutor (Texto)\u00bb _builder_version=\u00bb4.27.4&#8243; text_font=\u00bb||on||\u00bb global_colors_info=\u00bb{}\u00bb]Redacci\u00f3n<br \/>\n[\/et_pb_text][et_pb_text admin_label=\u00bbDesarrollo (Texto)\u00bb _builder_version=\u00bb4.27.4&#8243; text_orientation=\u00bbjustified\u00bb module_alignment=\u00bbjustified\u00bb global_colors_info=\u00bb{}\u00bb]<\/p>\n<p>La fiesta de Don Bosco en nuestro colegio se vive de una manera muy especial por parte de todos los miembros de la comunidad educativo pastoral del colegio y de la obra. Durante todo el mes y en especial la \u00faltima semana de enero, se suceden toda una variedad de actividades que tienen como punto com\u00fan celebrar con alegr\u00eda el gran regalo que nos hizo Dios en la persona de San Juan Bosco. Sabemos que sin \u00e9l y sin sus sue\u00f1os todo lo que hacemos en esta casa salesiana no existir\u00eda.<\/p>\n<p>Cada etapa se ha entregado con ilusi\u00f3n a preparar y llevar a cabo junto con los alumnos un gran n\u00famero de actividades: clases y pasillos decorados, tutor\u00edas para cada vez conocerlo m\u00e1s, celebraciones y eucarist\u00edas, festivales, teatro, campeonatos, barbacoa, juegos, manualidades\u2026<\/p>\n<p>&nbsp;<\/p>\n<p>[\/et_pb_text][et_pb_text disabled_on=\u00bboff|off|off\u00bb admin_label=\u00bbT\u00edtulo: Galer\u00eda de fotos (Texto)\u00bb _builder_version=\u00bb4.27.0&#8243; text_font=\u00bb|on|||\u00bb text_text_color=\u00bb#dc001b\u00bb border_style=\u00bbsolid\u00bb global_colors_info=\u00bb{}\u00bb]Galer\u00eda de im\u00e1genes<br \/>\n[\/et_pb_text][et_pb_gallery gallery_ids=\u00bb22884,22885,22886,22887,22888,22889,22890,22891,22892,22893,22894,22895,22896,22897,22898,22899,22900,22901,22902,22903,22904,22905,22906,22907,22908,22909,22910,22911,22912,22913,22914,22915,22916,22917,22918,22919,22920,22921,22922&#8243; posts_number=\u00bb8&#8243; show_title_and_caption=\u00bboff\u00bb zoom_icon_color=\u00bb#dc001b\u00bb hover_icon=\u00bb&#x54;||divi||400&#8243; disabled_on=\u00bboff|off|off\u00bb _builder_version=\u00bb4.27.4&#8243; pagination_font_size_tablet=\u00bb51&#8243; pagination_line_height_tablet=\u00bb2&#8243; global_colors_info=\u00bb{}\u00bb][\/et_pb_gallery][et_pb_video disabled_on=\u00bbon|on|on\u00bb _builder_version=\u00bb4.16&#8243; disabled=\u00bbon\u00bb global_colors_info=\u00bb{}\u00bb][\/et_pb_video][\/et_pb_column][\/et_pb_row][\/et_pb_section]<\/p>\n<!-- AddThis Advanced Settings generic via filter on the_content --><!-- AddThis Share Buttons generic via filter on the_content -->","protected":false},"excerpt":{"rendered":"<p>Nuestros alumnos y alumnas disfrutaron durante la semana de Don Bosco de multitud de actividades, celebraciones, festivales, teatro de profes, juegos, campeonatos&#8230; \u00a0Redacci\u00f3n La fiesta de Don Bosco en nuestro colegio se vive de una manera muy especial por parte de todos los miembros de la comunidad educativo pastoral del colegio y de la obra. [&hellip;]<\/p>\n<p><!-- AddThis Advanced Settings generic via filter on get_the_excerpt --><!-- AddThis Share Buttons generic via filter on get_the_excerpt --><\/p>\n","protected":false},"author":2,"featured_media":22886,"comment_status":"closed","ping_status":"open","sticky":false,"template":"","format":"standard","meta":{"_et_pb_use_builder":"on","_et_pb_old_content":"","_et_gb_content_width":"","footnotes":""},"categories":[14,1],"tags":[],"class_list":["post-22836","post","type-post","status-publish","format-standard","has-post-thumbnail","hentry","category-noticia_colegio","category-uncategorized"],"yoast_head":"<!-- This site is optimized with the Yoast SEO plugin v28.4 - https:\/\/yoast.com\/product\/yoast-seo-wordpress\/ -->\n<title>La gran fiesta de Don Bosco - Colegio San Juan Bosco Valencia<\/title>\n<meta name=\"description\" content=\"el colegio prepara la navidad con un mont\u00f3n de actividades pastorales\" \/>\n<meta name=\"robots\" content=\"index, follow, max-snippet:-1, max-image-preview:large, max-video-preview:-1\" \/>\n<link rel=\"canonical\" href=\"https:\/\/valenciasjb.salesianos.edu\/colegio\/la-gran-fiesta-de-don-bosco\/\" \/>\n<meta property=\"og:locale\" content=\"es_ES\" \/>\n<meta property=\"og:type\" content=\"article\" \/>\n<meta property=\"og:title\" content=\"La gran fiesta de Don Bosco - Colegio San Juan Bosco Valencia\" \/>\n<meta property=\"og:description\" content=\"el colegio prepara la navidad con un mont\u00f3n de actividades pastorales\" \/>\n<meta property=\"og:url\" content=\"https:\/\/valenciasjb.salesianos.edu\/colegio\/la-gran-fiesta-de-don-bosco\/\" \/>\n<meta property=\"og:site_name\" content=\"Colegio San Juan Bosco Valencia\" \/>\n<meta property=\"article:publisher\" content=\"https:\/\/www.facebook.com\/ColegioSalesianoSanJuanBoscoValencia\" \/>\n<meta property=\"article:published_time\" content=\"2025-02-11T11:42:36+00:00\" \/>\n<meta property=\"article:modified_time\" content=\"2025-02-11T11:42:43+00:00\" \/>\n<meta property=\"og:image\" content=\"https:\/\/valenciasjb.salesianos.edu\/colegio\/wp-content\/uploads\/sites\/2\/2025\/02\/FIESTA-DON-BOSCO-2025_003.jpg\" \/>\n\t<meta property=\"og:image:width\" content=\"1620\" \/>\n\t<meta property=\"og:image:height\" content=\"1080\" \/>\n\t<meta property=\"og:image:type\" content=\"image\/jpeg\" \/>\n<meta name=\"author\" content=\"Administrador Web\" \/>\n<meta name=\"twitter:card\" content=\"summary_large_image\" \/>\n<meta name=\"twitter:creator\" content=\"@SalesianosVSJB\" \/>\n<meta name=\"twitter:site\" content=\"@SalesianosVSJB\" \/>\n<meta name=\"twitter:label1\" content=\"Escrito por\" \/>\n\t<meta name=\"twitter:data1\" content=\"Administrador Web\" \/>\n\t<meta name=\"twitter:label2\" content=\"Tiempo de lectura\" \/>\n\t<meta name=\"twitter:data2\" content=\"9 minutos\" \/>\n<script type=\"application\/ld+json\" class=\"yoast-schema-graph\">{\"@context\":\"https:\\\/\\\/schema.org\",\"@graph\":[{\"@type\":\"Article\",\"@id\":\"https:\\\/\\\/valenciasjb.salesianos.edu\\\/colegio\\\/la-gran-fiesta-de-don-bosco\\\/#article\",\"isPartOf\":{\"@id\":\"https:\\\/\\\/valenciasjb.salesianos.edu\\\/colegio\\\/la-gran-fiesta-de-don-bosco\\\/\"},\"author\":{\"name\":\"Administrador Web\",\"@id\":\"https:\\\/\\\/valenciasjb.salesianos.edu\\\/colegio\\\/#\\\/schema\\\/person\\\/ae0ac91eb19a6a2a01c95e29d541a575\"},\"headline\":\"La gran fiesta de Don Bosco\",\"datePublished\":\"2025-02-11T11:42:36+00:00\",\"dateModified\":\"2025-02-11T11:42:43+00:00\",\"mainEntityOfPage\":{\"@id\":\"https:\\\/\\\/valenciasjb.salesianos.edu\\\/colegio\\\/la-gran-fiesta-de-don-bosco\\\/\"},\"wordCount\":393,\"image\":{\"@id\":\"https:\\\/\\\/valenciasjb.salesianos.edu\\\/colegio\\\/la-gran-fiesta-de-don-bosco\\\/#primaryimage\"},\"thumbnailUrl\":\"https:\\\/\\\/valenciasjb.salesianos.edu\\\/colegio\\\/wp-content\\\/uploads\\\/sites\\\/2\\\/2025\\\/02\\\/FIESTA-DON-BOSCO-2025_003.jpg\",\"articleSection\":[\"Noticia Colegio\",\"Uncategorized\"],\"inLanguage\":\"es\"},{\"@type\":\"WebPage\",\"@id\":\"https:\\\/\\\/valenciasjb.salesianos.edu\\\/colegio\\\/la-gran-fiesta-de-don-bosco\\\/\",\"url\":\"https:\\\/\\\/valenciasjb.salesianos.edu\\\/colegio\\\/la-gran-fiesta-de-don-bosco\\\/\",\"name\":\"La gran fiesta de Don Bosco - Colegio San Juan Bosco Valencia\",\"isPartOf\":{\"@id\":\"https:\\\/\\\/valenciasjb.salesianos.edu\\\/colegio\\\/#website\"},\"primaryImageOfPage\":{\"@id\":\"https:\\\/\\\/valenciasjb.salesianos.edu\\\/colegio\\\/la-gran-fiesta-de-don-bosco\\\/#primaryimage\"},\"image\":{\"@id\":\"https:\\\/\\\/valenciasjb.salesianos.edu\\\/colegio\\\/la-gran-fiesta-de-don-bosco\\\/#primaryimage\"},\"thumbnailUrl\":\"https:\\\/\\\/valenciasjb.salesianos.edu\\\/colegio\\\/wp-content\\\/uploads\\\/sites\\\/2\\\/2025\\\/02\\\/FIESTA-DON-BOSCO-2025_003.jpg\",\"datePublished\":\"2025-02-11T11:42:36+00:00\",\"dateModified\":\"2025-02-11T11:42:43+00:00\",\"author\":{\"@id\":\"https:\\\/\\\/valenciasjb.salesianos.edu\\\/colegio\\\/#\\\/schema\\\/person\\\/ae0ac91eb19a6a2a01c95e29d541a575\"},\"description\":\"el colegio prepara la navidad con un mont\u00f3n de actividades pastorales\",\"breadcrumb\":{\"@id\":\"https:\\\/\\\/valenciasjb.salesianos.edu\\\/colegio\\\/la-gran-fiesta-de-don-bosco\\\/#breadcrumb\"},\"inLanguage\":\"es\",\"potentialAction\":[{\"@type\":\"ReadAction\",\"target\":[\"https:\\\/\\\/valenciasjb.salesianos.edu\\\/colegio\\\/la-gran-fiesta-de-don-bosco\\\/\"]}]},{\"@type\":\"ImageObject\",\"inLanguage\":\"es\",\"@id\":\"https:\\\/\\\/valenciasjb.salesianos.edu\\\/colegio\\\/la-gran-fiesta-de-don-bosco\\\/#primaryimage\",\"url\":\"https:\\\/\\\/valenciasjb.salesianos.edu\\\/colegio\\\/wp-content\\\/uploads\\\/sites\\\/2\\\/2025\\\/02\\\/FIESTA-DON-BOSCO-2025_003.jpg\",\"contentUrl\":\"https:\\\/\\\/valenciasjb.salesianos.edu\\\/colegio\\\/wp-content\\\/uploads\\\/sites\\\/2\\\/2025\\\/02\\\/FIESTA-DON-BOSCO-2025_003.jpg\",\"width\":1620,\"height\":1080},{\"@type\":\"BreadcrumbList\",\"@id\":\"https:\\\/\\\/valenciasjb.salesianos.edu\\\/colegio\\\/la-gran-fiesta-de-don-bosco\\\/#breadcrumb\",\"itemListElement\":[{\"@type\":\"ListItem\",\"position\":1,\"name\":\"Portada\",\"item\":\"https:\\\/\\\/valenciasjb.salesianos.edu\\\/colegio\\\/\"},{\"@type\":\"ListItem\",\"position\":2,\"name\":\"La gran fiesta de Don Bosco\"}]},{\"@type\":\"WebSite\",\"@id\":\"https:\\\/\\\/valenciasjb.salesianos.edu\\\/colegio\\\/#website\",\"url\":\"https:\\\/\\\/valenciasjb.salesianos.edu\\\/colegio\\\/\",\"name\":\"Colegio San Juan Bosco Valencia\",\"description\":\"P\u00e1gina oficial del Colegio Salesianos San Juan Bosco Valencia\",\"alternateName\":\"Salesianos.VSJB\",\"potentialAction\":[{\"@type\":\"SearchAction\",\"target\":{\"@type\":\"EntryPoint\",\"urlTemplate\":\"https:\\\/\\\/valenciasjb.salesianos.edu\\\/colegio\\\/?s={search_term_string}\"},\"query-input\":{\"@type\":\"PropertyValueSpecification\",\"valueRequired\":true,\"valueName\":\"search_term_string\"}}],\"inLanguage\":\"es\"},{\"@type\":\"Person\",\"@id\":\"https:\\\/\\\/valenciasjb.salesianos.edu\\\/colegio\\\/#\\\/schema\\\/person\\\/ae0ac91eb19a6a2a01c95e29d541a575\",\"name\":\"Administrador Web\",\"image\":{\"@type\":\"ImageObject\",\"inLanguage\":\"es\",\"@id\":\"https:\\\/\\\/secure.gravatar.com\\\/avatar\\\/48a73c544c48a92e9f82115ddc8f6abf90891f033d83384ebe4aafd70f983ec8?s=96&d=mm&r=g\",\"url\":\"https:\\\/\\\/secure.gravatar.com\\\/avatar\\\/48a73c544c48a92e9f82115ddc8f6abf90891f033d83384ebe4aafd70f983ec8?s=96&d=mm&r=g\",\"contentUrl\":\"https:\\\/\\\/secure.gravatar.com\\\/avatar\\\/48a73c544c48a92e9f82115ddc8f6abf90891f033d83384ebe4aafd70f983ec8?s=96&d=mm&r=g\",\"caption\":\"Administrador Web\"}}]}<\/script>\n<!-- \/ Yoast SEO plugin. -->","yoast_head_json":{"title":"La gran fiesta de Don Bosco - Colegio San Juan Bosco Valencia","description":"el colegio prepara la navidad con un mont\u00f3n de actividades pastorales","robots":{"index":"index","follow":"follow","max-snippet":"max-snippet:-1","max-image-preview":"max-image-preview:large","max-video-preview":"max-video-preview:-1"},"canonical":"https:\/\/valenciasjb.salesianos.edu\/colegio\/la-gran-fiesta-de-don-bosco\/","og_locale":"es_ES","og_type":"article","og_title":"La gran fiesta de Don Bosco - Colegio San Juan Bosco Valencia","og_description":"el colegio prepara la navidad con un mont\u00f3n de actividades pastorales","og_url":"https:\/\/valenciasjb.salesianos.edu\/colegio\/la-gran-fiesta-de-don-bosco\/","og_site_name":"Colegio San Juan Bosco Valencia","article_publisher":"https:\/\/www.facebook.com\/ColegioSalesianoSanJuanBoscoValencia","article_published_time":"2025-02-11T11:42:36+00:00","article_modified_time":"2025-02-11T11:42:43+00:00","og_image":[{"width":1620,"height":1080,"url":"https:\/\/valenciasjb.salesianos.edu\/colegio\/wp-content\/uploads\/sites\/2\/2025\/02\/FIESTA-DON-BOSCO-2025_003.jpg","type":"image\/jpeg"}],"author":"Administrador Web","twitter_card":"summary_large_image","twitter_creator":"@SalesianosVSJB","twitter_site":"@SalesianosVSJB","twitter_misc":{"Escrito por":"Administrador Web","Tiempo de lectura":"9 minutos"},"schema":{"@context":"https:\/\/schema.org","@graph":[{"@type":"Article","@id":"https:\/\/valenciasjb.salesianos.edu\/colegio\/la-gran-fiesta-de-don-bosco\/#article","isPartOf":{"@id":"https:\/\/valenciasjb.salesianos.edu\/colegio\/la-gran-fiesta-de-don-bosco\/"},"author":{"name":"Administrador Web","@id":"https:\/\/valenciasjb.salesianos.edu\/colegio\/#\/schema\/person\/ae0ac91eb19a6a2a01c95e29d541a575"},"headline":"La gran fiesta de Don Bosco","datePublished":"2025-02-11T11:42:36+00:00","dateModified":"2025-02-11T11:42:43+00:00","mainEntityOfPage":{"@id":"https:\/\/valenciasjb.salesianos.edu\/colegio\/la-gran-fiesta-de-don-bosco\/"},"wordCount":393,"image":{"@id":"https:\/\/valenciasjb.salesianos.edu\/colegio\/la-gran-fiesta-de-don-bosco\/#primaryimage"},"thumbnailUrl":"https:\/\/valenciasjb.salesianos.edu\/colegio\/wp-content\/uploads\/sites\/2\/2025\/02\/FIESTA-DON-BOSCO-2025_003.jpg","articleSection":["Noticia Colegio","Uncategorized"],"inLanguage":"es"},{"@type":"WebPage","@id":"https:\/\/valenciasjb.salesianos.edu\/colegio\/la-gran-fiesta-de-don-bosco\/","url":"https:\/\/valenciasjb.salesianos.edu\/colegio\/la-gran-fiesta-de-don-bosco\/","name":"La gran fiesta de Don Bosco - Colegio San Juan Bosco Valencia","isPartOf":{"@id":"https:\/\/valenciasjb.salesianos.edu\/colegio\/#website"},"primaryImageOfPage":{"@id":"https:\/\/valenciasjb.salesianos.edu\/colegio\/la-gran-fiesta-de-don-bosco\/#primaryimage"},"image":{"@id":"https:\/\/valenciasjb.salesianos.edu\/colegio\/la-gran-fiesta-de-don-bosco\/#primaryimage"},"thumbnailUrl":"https:\/\/valenciasjb.salesianos.edu\/colegio\/wp-content\/uploads\/sites\/2\/2025\/02\/FIESTA-DON-BOSCO-2025_003.jpg","datePublished":"2025-02-11T11:42:36+00:00","dateModified":"2025-02-11T11:42:43+00:00","author":{"@id":"https:\/\/valenciasjb.salesianos.edu\/colegio\/#\/schema\/person\/ae0ac91eb19a6a2a01c95e29d541a575"},"description":"el colegio prepara la navidad con un mont\u00f3n de actividades pastorales","breadcrumb":{"@id":"https:\/\/valenciasjb.salesianos.edu\/colegio\/la-gran-fiesta-de-don-bosco\/#breadcrumb"},"inLanguage":"es","potentialAction":[{"@type":"ReadAction","target":["https:\/\/valenciasjb.salesianos.edu\/colegio\/la-gran-fiesta-de-don-bosco\/"]}]},{"@type":"ImageObject","inLanguage":"es","@id":"https:\/\/valenciasjb.salesianos.edu\/colegio\/la-gran-fiesta-de-don-bosco\/#primaryimage","url":"https:\/\/valenciasjb.salesianos.edu\/colegio\/wp-content\/uploads\/sites\/2\/2025\/02\/FIESTA-DON-BOSCO-2025_003.jpg","contentUrl":"https:\/\/valenciasjb.salesianos.edu\/colegio\/wp-content\/uploads\/sites\/2\/2025\/02\/FIESTA-DON-BOSCO-2025_003.jpg","width":1620,"height":1080},{"@type":"BreadcrumbList","@id":"https:\/\/valenciasjb.salesianos.edu\/colegio\/la-gran-fiesta-de-don-bosco\/#breadcrumb","itemListElement":[{"@type":"ListItem","position":1,"name":"Portada","item":"https:\/\/valenciasjb.salesianos.edu\/colegio\/"},{"@type":"ListItem","position":2,"name":"La gran fiesta de Don Bosco"}]},{"@type":"WebSite","@id":"https:\/\/valenciasjb.salesianos.edu\/colegio\/#website","url":"https:\/\/valenciasjb.salesianos.edu\/colegio\/","name":"Colegio San Juan Bosco Valencia","description":"P\u00e1gina oficial del Colegio Salesianos San Juan Bosco Valencia","alternateName":"Salesianos.VSJB","potentialAction":[{"@type":"SearchAction","target":{"@type":"EntryPoint","urlTemplate":"https:\/\/valenciasjb.salesianos.edu\/colegio\/?s={search_term_string}"},"query-input":{"@type":"PropertyValueSpecification","valueRequired":true,"valueName":"search_term_string"}}],"inLanguage":"es"},{"@type":"Person","@id":"https:\/\/valenciasjb.salesianos.edu\/colegio\/#\/schema\/person\/ae0ac91eb19a6a2a01c95e29d541a575","name":"Administrador Web","image":{"@type":"ImageObject","inLanguage":"es","@id":"https:\/\/secure.gravatar.com\/avatar\/48a73c544c48a92e9f82115ddc8f6abf90891f033d83384ebe4aafd70f983ec8?s=96&d=mm&r=g","url":"https:\/\/secure.gravatar.com\/avatar\/48a73c544c48a92e9f82115ddc8f6abf90891f033d83384ebe4aafd70f983ec8?s=96&d=mm&r=g","contentUrl":"https:\/\/secure.gravatar.com\/avatar\/48a73c544c48a92e9f82115ddc8f6abf90891f033d83384ebe4aafd70f983ec8?s=96&d=mm&r=g","caption":"Administrador Web"}}]}},"_links":{"self":[{"href":"https:\/\/valenciasjb.salesianos.edu\/colegio\/wp-json\/wp\/v2\/posts\/22836","targetHints":{"allow":["GET"]}}],"collection":[{"href":"https:\/\/valenciasjb.salesianos.edu\/colegio\/wp-json\/wp\/v2\/posts"}],"about":[{"href":"https:\/\/valenciasjb.salesianos.edu\/colegio\/wp-json\/wp\/v2\/types\/post"}],"author":[{"embeddable":true,"href":"https:\/\/valenciasjb.salesianos.edu\/colegio\/wp-json\/wp\/v2\/users\/2"}],"replies":[{"embeddable":true,"href":"https:\/\/valenciasjb.salesianos.edu\/colegio\/wp-json\/wp\/v2\/comments?post=22836"}],"version-history":[{"count":9,"href":"https:\/\/valenciasjb.salesianos.edu\/colegio\/wp-json\/wp\/v2\/posts\/22836\/revisions"}],"predecessor-version":[{"id":22925,"href":"https:\/\/valenciasjb.salesianos.edu\/colegio\/wp-json\/wp\/v2\/posts\/22836\/revisions\/22925"}],"wp:featuredmedia":[{"embeddable":true,"href":"https:\/\/valenciasjb.salesianos.edu\/colegio\/wp-json\/wp\/v2\/media\/22886"}],"wp:attachment":[{"href":"https:\/\/valenciasjb.salesianos.edu\/colegio\/wp-json\/wp\/v2\/media?parent=22836"}],"wp:term":[{"taxonomy":"category","embeddable":true,"href":"https:\/\/valenciasjb.salesianos.edu\/colegio\/wp-json\/wp\/v2\/categories?post=22836"},{"taxonomy":"post_tag","embeddable":true,"href":"https:\/\/valenciasjb.salesianos.edu\/colegio\/wp-json\/wp\/v2\/tags?post=22836"}],"curies":[{"name":"wp","href":"https:\/\/api.w.org\/{rel}","templated":true}]}}