{"id":23112,"date":"2025-03-21T20:01:36","date_gmt":"2025-03-21T19:01:36","guid":{"rendered":"https:\/\/valenciasjb.salesianos.edu\/colegio\/?p=23112"},"modified":"2025-03-21T20:04:37","modified_gmt":"2025-03-21T19:04:37","slug":"semana-de-orientacion-vocacional","status":"publish","type":"post","link":"https:\/\/valenciasjb.salesianos.edu\/colegio\/semana-de-orientacion-vocacional\/","title":{"rendered":"Semana de Orientaci\u00f3n Vocacional"},"content":{"rendered":"<div id=\"fb-root\"><\/div>\n<p>[et_pb_section fb_built=\u00bb1&#8243; admin_label=\u00bbsection\u00bb _builder_version=\u00bb4.16&#8243; global_colors_info=\u00bb{}\u00bb][et_pb_row admin_label=\u00bbrow\u00bb _builder_version=\u00bb4.16&#8243; background_size=\u00bbinitial\u00bb background_position=\u00bbtop_left\u00bb background_repeat=\u00bbrepeat\u00bb global_colors_info=\u00bb{}\u00bb][et_pb_column type=\u00bb4_4&#8243; _builder_version=\u00bb4.16&#8243; custom_padding=\u00bb|||\u00bb global_colors_info=\u00bb{}\u00bb custom_padding__hover=\u00bb|||\u00bb][et_pb_text admin_label=\u00bbEntradilla (Texto)\u00bb _builder_version=\u00bb4.27.4&#8243; text_font=\u00bb|on|||\u00bb text_orientation=\u00bbjustified\u00bb module_alignment=\u00bbjustified\u00bb global_colors_info=\u00bb{}\u00bb]<\/p>\n<div id=\"resumen\">\n<p><span style=\"font-weight: 400;\">La pr\u00f3xima semana tendr\u00e1n lugar las actividades de la Semana de Orientaci\u00f3n Vocacional que este a\u00f1o llevan por lema SOMOS FUTURO.<\/span><\/p>\n<\/div>\n<div>\u00a0<\/div>\n<p>[\/et_pb_text][et_pb_text admin_label=\u00bbAutor (Texto)\u00bb _builder_version=\u00bb4.27.4&#8243; text_font=\u00bb||on||\u00bb global_colors_info=\u00bb{}\u00bb]Redacci\u00f3n<br \/>\n[\/et_pb_text][et_pb_text admin_label=\u00bbDesarrollo (Texto)\u00bb _builder_version=\u00bb4.27.4&#8243; text_orientation=\u00bbjustified\u00bb module_alignment=\u00bbjustified\u00bb global_colors_info=\u00bb{}\u00bb]<\/p>\n<p><span style=\"font-weight: 400;\">Esta semana se enmarca dentro del <\/span><i><span style=\"font-weight: 400;\">Plan de Orientaci\u00f3n Acad\u00e9mica y Profesional <\/span><\/i><span style=\"font-weight: 400;\">de nuestro colegio en el que se especifican las actuaciones que se desarrollan con el fin de facilitar la toma de decisiones de cada alumno o alumna a lo largo de toda su escolaridad respecto a su futuro acad\u00e9mico y profesional eligiendo entre distintos caminos y alternativas, y <\/span><b>teniendo muy presente la dimensi\u00f3n vocacional, entendida esta como vocaci\u00f3n para la vida y como servicio a los dem\u00e1s.<\/b><\/p>\n<p><span style=\"font-weight: 400;\">El papel de la orientaci\u00f3n vocacional, como funci\u00f3n propia de la acci\u00f3n tutorial coordinada con el Departamento de Orientaci\u00f3n y el Departamento de Pastoral, consiste en facilitar en la medida de lo posible los medios y la ayuda educativa necesaria para que afronten adecuadamente la tarea de descubrir y elegir los mejores caminos pensando en futuro.<\/span><\/p>\n<p><span style=\"font-weight: 400;\">Las actividades que tendr\u00e1n lugar este curso son:<\/span><\/p>\n<table style=\"height: 276px; border-style: solid;\" border=\"1\" cellpadding=\"1\">\n<tbody>\n<tr style=\"height: 23px;\">\n<td style=\"height: 23px; width: 94.8281px;\"><b>FECHA<\/b><\/td>\n<td style=\"height: 23px; width: 360.953px;\"><b>ACTIVIDAD<\/b><\/td>\n<td style=\"height: 23px; width: 221.016px;\"><b>ALUMNADO AL QUE VA DIRIGIDA<\/b><\/td>\n<\/tr>\n<tr style=\"height: 23px;\">\n<td style=\"height: 23px; width: 94.8281px;\"><span style=\"font-weight: 400;\">Tutor\u00eda\u00a0<\/span><\/td>\n<td style=\"height: 23px; width: 360.953px;\"><span style=\"font-weight: 400;\">El mundo es para so\u00f1adores<\/span><\/td>\n<td style=\"height: 23px; width: 221.016px;\"><span style=\"font-weight: 400;\">Infantil<\/span><\/td>\n<\/tr>\n<tr style=\"height: 23px;\">\n<td style=\"height: 23px; width: 94.8281px;\"><span style=\"font-weight: 400;\">Tutor\u00eda<\/span><\/td>\n<td style=\"height: 23px; width: 360.953px;\"><span style=\"font-weight: 400;\">Sector primario<\/span><\/td>\n<td style=\"height: 23px; width: 221.016px;\"><span style=\"font-weight: 400;\">1\u00ba ciclo Primaria<\/span><\/td>\n<\/tr>\n<tr style=\"height: 23px;\">\n<td style=\"height: 23px; width: 94.8281px;\"><span style=\"font-weight: 400;\">Tutor\u00eda<\/span><\/td>\n<td style=\"height: 23px; width: 360.953px;\"><span style=\"font-weight: 400;\">Sector secundario<\/span><\/td>\n<td style=\"height: 23px; width: 221.016px;\"><span style=\"font-weight: 400;\">2\u00ba ciclo Primaria<\/span><\/td>\n<\/tr>\n<tr style=\"height: 23px;\">\n<td style=\"height: 23px; width: 94.8281px;\"><span style=\"font-weight: 400;\">Tutor\u00eda<\/span><\/td>\n<td style=\"height: 23px; width: 360.953px;\"><span style=\"font-weight: 400;\">Sector terciario (voluntariado)<\/span><\/td>\n<td style=\"height: 23px; width: 221.016px;\"><span style=\"font-weight: 400;\">3\u00ba ciclo Primaria<\/span><\/td>\n<\/tr>\n<tr style=\"height: 23px;\">\n<td style=\"height: 69px; width: 94.8281px;\" rowspan=\"3\"><span style=\"font-weight: 400;\">LUNES 24<\/span><\/td>\n<td style=\"height: 23px; width: 360.953px;\"><span style=\"font-weight: 400;\">Orientaci\u00f3n a plat\u00f3 y stands de Universidades invitadas<\/span><\/td>\n<td style=\"height: 46px; width: 221.016px;\" rowspan=\"2\"><span style=\"font-weight: 400;\">2\u00ba Bachillerato<\/span><\/td>\n<\/tr>\n<tr style=\"height: 23px;\">\n<td style=\"height: 23px; width: 360.953px;\"><span style=\"font-weight: 400;\">Mesas redondas \u201cTras el bachillerato \u00bfqu\u00e9?\u201d<\/span><\/td>\n<\/tr>\n<tr style=\"height: 23px;\">\n<td style=\"height: 23px; width: 360.953px;\"><span style=\"font-weight: 400;\">M\u00e1s all\u00e1 del curr\u00edculum<\/span><\/td>\n<td style=\"height: 23px; width: 221.016px;\"><span style=\"font-weight: 400;\">1\u00ba Bachillerato<\/span><\/td>\n<\/tr>\n<tr style=\"height: 23px;\">\n<td style=\"height: 23px; width: 94.8281px;\"><span style=\"font-weight: 400;\">MARTES 25<\/span><\/td>\n<td style=\"height: 23px; width: 360.953px;\"><span style=\"font-weight: 400;\">Hall escape: \u00bfQu\u00e9 puerta abro?<\/span><\/td>\n<td style=\"height: 23px; width: 221.016px;\"><span style=\"font-weight: 400;\">3\u00ba ESO<\/span><\/td>\n<\/tr>\n<tr style=\"height: 23px;\">\n<td style=\"height: 23px; width: 94.8281px;\"><span style=\"font-weight: 400;\">MI\u00c9RCOLES 26<\/span><\/td>\n<td style=\"height: 23px; width: 360.953px;\"><span style=\"font-weight: 400;\">Descubriendo-me<\/span><\/td>\n<td style=\"height: 23px; width: 221.016px;\"><span style=\"font-weight: 400;\">2\u00ba ESO<\/span><\/td>\n<\/tr>\n<tr style=\"height: 23px;\">\n<td style=\"height: 46px; width: 94.8281px;\" rowspan=\"2\"><span style=\"font-weight: 400;\">JUEVES 27<\/span><\/td>\n<td style=\"height: 23px; width: 360.953px;\"><span style=\"font-weight: 400;\">El mundo de las profesiones<\/span><\/td>\n<td style=\"height: 23px; width: 221.016px;\"><span style=\"font-weight: 400;\">1\u00ba ESO<\/span><\/td>\n<\/tr>\n<tr style=\"height: 23px;\">\n<td style=\"height: 23px; width: 360.953px;\"><span style=\"font-weight: 400;\">Feria de la orientaci\u00f3n<\/span><\/td>\n<td style=\"height: 23px; width: 221.016px;\"><span style=\"font-weight: 400;\">4\u00ba ESO<\/span><\/td>\n<\/tr>\n<\/tbody>\n<\/table>\n<p>&nbsp;<\/p>\n<p><span style=\"font-weight: 400;\">En algunas de estas actividades hemos invitado a personas que por su perfil vocacional compartir\u00e1n experiencias con las que se pretende contribuir a la reflexi\u00f3n sobre la importancia de las decisiones vocacionales. Por otro lado, tambi\u00e9n participar\u00e1n, junto al alumnado m\u00e1s mayor del colegio, miembros de los servicios de informaci\u00f3n de diferentes universidades, tanto p\u00fablicas como privadas.<\/span><\/p>\n<p><span style=\"font-weight: 400;\">Todo ello, se plantea como punto de partida para un trabajo de reflexi\u00f3n y decisi\u00f3n que comienza este curso escolar, en cuanto a la elecci\u00f3n de itinerarios acad\u00e9micos.<\/span><\/p>\n<p>[\/et_pb_text][et_pb_text disabled_on=\u00bbon|on|on\u00bb admin_label=\u00bbT\u00edtulo: Galer\u00eda de fotos (Texto)\u00bb _builder_version=\u00bb4.27.4&#8243; text_font=\u00bb|on|||\u00bb text_text_color=\u00bb#dc001b\u00bb border_style=\u00bbsolid\u00bb disabled=\u00bbon\u00bb global_colors_info=\u00bb{}\u00bb]<\/p>\n<p>Galer\u00eda de im\u00e1genes<\/p>\n<p>[\/et_pb_text][et_pb_gallery posts_number=\u00bb8&#8243; show_title_and_caption=\u00bboff\u00bb zoom_icon_color=\u00bb#dc001b\u00bb hover_icon=\u00bb&#x54;||divi||400&#8243; disabled_on=\u00bbon|on|on\u00bb _builder_version=\u00bb4.27.4&#8243; pagination_font_size_tablet=\u00bb51&#8243; pagination_line_height_tablet=\u00bb2&#8243; disabled=\u00bbon\u00bb global_colors_info=\u00bb{}\u00bb][\/et_pb_gallery][et_pb_video disabled_on=\u00bbon|on|on\u00bb _builder_version=\u00bb4.16&#8243; disabled=\u00bbon\u00bb global_colors_info=\u00bb{}\u00bb][\/et_pb_video][\/et_pb_column][\/et_pb_row][\/et_pb_section]<\/p>\n<!-- AddThis Advanced Settings generic via filter on the_content --><!-- AddThis Share Buttons generic via filter on the_content -->","protected":false},"excerpt":{"rendered":"<p>Semana de orientaci\u00f3n vocacional<!-- AddThis Advanced Settings generic via filter on get_the_excerpt --><!-- AddThis Share Buttons generic via filter on get_the_excerpt --><\/p>\n","protected":false},"author":2,"featured_media":23115,"comment_status":"closed","ping_status":"open","sticky":false,"template":"","format":"standard","meta":{"_et_pb_use_builder":"on","_et_pb_old_content":"","_et_gb_content_width":"","footnotes":""},"categories":[14,1],"tags":[],"class_list":["post-23112","post","type-post","status-publish","format-standard","has-post-thumbnail","hentry","category-noticia_colegio","category-uncategorized"],"yoast_head":"<!-- This site is optimized with the Yoast SEO plugin v28.3 - https:\/\/yoast.com\/product\/yoast-seo-wordpress\/ -->\n<title>Semana de Orientaci\u00f3n Vocacional - Colegio San Juan Bosco Valencia<\/title>\n<meta name=\"description\" content=\"orientaci\u00f3n vocacional\" \/>\n<meta name=\"robots\" content=\"index, follow, max-snippet:-1, max-image-preview:large, max-video-preview:-1\" \/>\n<link rel=\"canonical\" href=\"https:\/\/valenciasjb.salesianos.edu\/colegio\/semana-de-orientacion-vocacional\/\" \/>\n<meta property=\"og:locale\" content=\"es_ES\" \/>\n<meta property=\"og:type\" content=\"article\" \/>\n<meta property=\"og:title\" content=\"Semana de Orientaci\u00f3n Vocacional - Colegio San Juan Bosco Valencia\" \/>\n<meta property=\"og:description\" content=\"orientaci\u00f3n vocacional\" \/>\n<meta property=\"og:url\" content=\"https:\/\/valenciasjb.salesianos.edu\/colegio\/semana-de-orientacion-vocacional\/\" \/>\n<meta property=\"og:site_name\" content=\"Colegio San Juan Bosco Valencia\" \/>\n<meta property=\"article:publisher\" content=\"https:\/\/www.facebook.com\/ColegioSalesianoSanJuanBoscoValencia\" \/>\n<meta property=\"article:published_time\" content=\"2025-03-21T19:01:36+00:00\" \/>\n<meta property=\"article:modified_time\" content=\"2025-03-21T19:04:37+00:00\" \/>\n<meta property=\"og:image\" content=\"https:\/\/valenciasjb.salesianos.edu\/colegio\/wp-content\/uploads\/sites\/2\/2025\/03\/Cartel-SOV-2425-castellano.png\" \/>\n\t<meta property=\"og:image:width\" content=\"1381\" \/>\n\t<meta property=\"og:image:height\" content=\"2000\" \/>\n\t<meta property=\"og:image:type\" content=\"image\/png\" \/>\n<meta name=\"author\" content=\"Administrador Web\" \/>\n<meta name=\"twitter:card\" content=\"summary_large_image\" \/>\n<meta name=\"twitter:creator\" content=\"@SalesianosVSJB\" \/>\n<meta name=\"twitter:site\" content=\"@SalesianosVSJB\" \/>\n<meta name=\"twitter:label1\" content=\"Escrito por\" \/>\n\t<meta name=\"twitter:data1\" content=\"Administrador Web\" \/>\n\t<meta name=\"twitter:label2\" content=\"Tiempo de lectura\" \/>\n\t<meta name=\"twitter:data2\" content=\"2 minutos\" \/>\n<script type=\"application\/ld+json\" class=\"yoast-schema-graph\">{\"@context\":\"https:\\\/\\\/schema.org\",\"@graph\":[{\"@type\":\"ScholarlyArticle\",\"@id\":\"https:\\\/\\\/valenciasjb.salesianos.edu\\\/colegio\\\/semana-de-orientacion-vocacional\\\/#article\",\"isPartOf\":{\"@id\":\"https:\\\/\\\/valenciasjb.salesianos.edu\\\/colegio\\\/semana-de-orientacion-vocacional\\\/\"},\"author\":{\"name\":\"Administrador Web\",\"@id\":\"https:\\\/\\\/valenciasjb.salesianos.edu\\\/colegio\\\/#\\\/schema\\\/person\\\/ae0ac91eb19a6a2a01c95e29d541a575\"},\"headline\":\"Semana de Orientaci\u00f3n Vocacional\",\"datePublished\":\"2025-03-21T19:01:36+00:00\",\"dateModified\":\"2025-03-21T19:04:37+00:00\",\"mainEntityOfPage\":{\"@id\":\"https:\\\/\\\/valenciasjb.salesianos.edu\\\/colegio\\\/semana-de-orientacion-vocacional\\\/\"},\"wordCount\":589,\"image\":{\"@id\":\"https:\\\/\\\/valenciasjb.salesianos.edu\\\/colegio\\\/semana-de-orientacion-vocacional\\\/#primaryimage\"},\"thumbnailUrl\":\"https:\\\/\\\/valenciasjb.salesianos.edu\\\/colegio\\\/wp-content\\\/uploads\\\/sites\\\/2\\\/2025\\\/03\\\/Cartel-SOV-2425-castellano.png\",\"articleSection\":[\"Noticia Colegio\",\"Uncategorized\"],\"inLanguage\":\"es\"},{\"@type\":\"WebPage\",\"@id\":\"https:\\\/\\\/valenciasjb.salesianos.edu\\\/colegio\\\/semana-de-orientacion-vocacional\\\/\",\"url\":\"https:\\\/\\\/valenciasjb.salesianos.edu\\\/colegio\\\/semana-de-orientacion-vocacional\\\/\",\"name\":\"Semana de Orientaci\u00f3n Vocacional - Colegio San Juan Bosco Valencia\",\"isPartOf\":{\"@id\":\"https:\\\/\\\/valenciasjb.salesianos.edu\\\/colegio\\\/#website\"},\"primaryImageOfPage\":{\"@id\":\"https:\\\/\\\/valenciasjb.salesianos.edu\\\/colegio\\\/semana-de-orientacion-vocacional\\\/#primaryimage\"},\"image\":{\"@id\":\"https:\\\/\\\/valenciasjb.salesianos.edu\\\/colegio\\\/semana-de-orientacion-vocacional\\\/#primaryimage\"},\"thumbnailUrl\":\"https:\\\/\\\/valenciasjb.salesianos.edu\\\/colegio\\\/wp-content\\\/uploads\\\/sites\\\/2\\\/2025\\\/03\\\/Cartel-SOV-2425-castellano.png\",\"datePublished\":\"2025-03-21T19:01:36+00:00\",\"dateModified\":\"2025-03-21T19:04:37+00:00\",\"author\":{\"@id\":\"https:\\\/\\\/valenciasjb.salesianos.edu\\\/colegio\\\/#\\\/schema\\\/person\\\/ae0ac91eb19a6a2a01c95e29d541a575\"},\"description\":\"orientaci\u00f3n vocacional\",\"breadcrumb\":{\"@id\":\"https:\\\/\\\/valenciasjb.salesianos.edu\\\/colegio\\\/semana-de-orientacion-vocacional\\\/#breadcrumb\"},\"inLanguage\":\"es\",\"potentialAction\":[{\"@type\":\"ReadAction\",\"target\":[\"https:\\\/\\\/valenciasjb.salesianos.edu\\\/colegio\\\/semana-de-orientacion-vocacional\\\/\"]}]},{\"@type\":\"ImageObject\",\"inLanguage\":\"es\",\"@id\":\"https:\\\/\\\/valenciasjb.salesianos.edu\\\/colegio\\\/semana-de-orientacion-vocacional\\\/#primaryimage\",\"url\":\"https:\\\/\\\/valenciasjb.salesianos.edu\\\/colegio\\\/wp-content\\\/uploads\\\/sites\\\/2\\\/2025\\\/03\\\/Cartel-SOV-2425-castellano.png\",\"contentUrl\":\"https:\\\/\\\/valenciasjb.salesianos.edu\\\/colegio\\\/wp-content\\\/uploads\\\/sites\\\/2\\\/2025\\\/03\\\/Cartel-SOV-2425-castellano.png\",\"width\":1381,\"height\":2000},{\"@type\":\"BreadcrumbList\",\"@id\":\"https:\\\/\\\/valenciasjb.salesianos.edu\\\/colegio\\\/semana-de-orientacion-vocacional\\\/#breadcrumb\",\"itemListElement\":[{\"@type\":\"ListItem\",\"position\":1,\"name\":\"Portada\",\"item\":\"https:\\\/\\\/valenciasjb.salesianos.edu\\\/colegio\\\/\"},{\"@type\":\"ListItem\",\"position\":2,\"name\":\"Semana de Orientaci\u00f3n Vocacional\"}]},{\"@type\":\"WebSite\",\"@id\":\"https:\\\/\\\/valenciasjb.salesianos.edu\\\/colegio\\\/#website\",\"url\":\"https:\\\/\\\/valenciasjb.salesianos.edu\\\/colegio\\\/\",\"name\":\"Colegio San Juan Bosco Valencia\",\"description\":\"P\u00e1gina oficial del Colegio Salesianos San Juan Bosco Valencia\",\"alternateName\":\"Salesianos.VSJB\",\"potentialAction\":[{\"@type\":\"SearchAction\",\"target\":{\"@type\":\"EntryPoint\",\"urlTemplate\":\"https:\\\/\\\/valenciasjb.salesianos.edu\\\/colegio\\\/?s={search_term_string}\"},\"query-input\":{\"@type\":\"PropertyValueSpecification\",\"valueRequired\":true,\"valueName\":\"search_term_string\"}}],\"inLanguage\":\"es\"},{\"@type\":\"Person\",\"@id\":\"https:\\\/\\\/valenciasjb.salesianos.edu\\\/colegio\\\/#\\\/schema\\\/person\\\/ae0ac91eb19a6a2a01c95e29d541a575\",\"name\":\"Administrador Web\",\"image\":{\"@type\":\"ImageObject\",\"inLanguage\":\"es\",\"@id\":\"https:\\\/\\\/secure.gravatar.com\\\/avatar\\\/48a73c544c48a92e9f82115ddc8f6abf90891f033d83384ebe4aafd70f983ec8?s=96&d=mm&r=g\",\"url\":\"https:\\\/\\\/secure.gravatar.com\\\/avatar\\\/48a73c544c48a92e9f82115ddc8f6abf90891f033d83384ebe4aafd70f983ec8?s=96&d=mm&r=g\",\"contentUrl\":\"https:\\\/\\\/secure.gravatar.com\\\/avatar\\\/48a73c544c48a92e9f82115ddc8f6abf90891f033d83384ebe4aafd70f983ec8?s=96&d=mm&r=g\",\"caption\":\"Administrador Web\"}}]}<\/script>\n<!-- \/ Yoast SEO plugin. -->","yoast_head_json":{"title":"Semana de Orientaci\u00f3n Vocacional - Colegio San Juan Bosco Valencia","description":"orientaci\u00f3n vocacional","robots":{"index":"index","follow":"follow","max-snippet":"max-snippet:-1","max-image-preview":"max-image-preview:large","max-video-preview":"max-video-preview:-1"},"canonical":"https:\/\/valenciasjb.salesianos.edu\/colegio\/semana-de-orientacion-vocacional\/","og_locale":"es_ES","og_type":"article","og_title":"Semana de Orientaci\u00f3n Vocacional - Colegio San Juan Bosco Valencia","og_description":"orientaci\u00f3n vocacional","og_url":"https:\/\/valenciasjb.salesianos.edu\/colegio\/semana-de-orientacion-vocacional\/","og_site_name":"Colegio San Juan Bosco Valencia","article_publisher":"https:\/\/www.facebook.com\/ColegioSalesianoSanJuanBoscoValencia","article_published_time":"2025-03-21T19:01:36+00:00","article_modified_time":"2025-03-21T19:04:37+00:00","og_image":[{"width":1381,"height":2000,"url":"https:\/\/valenciasjb.salesianos.edu\/colegio\/wp-content\/uploads\/sites\/2\/2025\/03\/Cartel-SOV-2425-castellano.png","type":"image\/png"}],"author":"Administrador Web","twitter_card":"summary_large_image","twitter_creator":"@SalesianosVSJB","twitter_site":"@SalesianosVSJB","twitter_misc":{"Escrito por":"Administrador Web","Tiempo de lectura":"2 minutos"},"schema":{"@context":"https:\/\/schema.org","@graph":[{"@type":"ScholarlyArticle","@id":"https:\/\/valenciasjb.salesianos.edu\/colegio\/semana-de-orientacion-vocacional\/#article","isPartOf":{"@id":"https:\/\/valenciasjb.salesianos.edu\/colegio\/semana-de-orientacion-vocacional\/"},"author":{"name":"Administrador Web","@id":"https:\/\/valenciasjb.salesianos.edu\/colegio\/#\/schema\/person\/ae0ac91eb19a6a2a01c95e29d541a575"},"headline":"Semana de Orientaci\u00f3n Vocacional","datePublished":"2025-03-21T19:01:36+00:00","dateModified":"2025-03-21T19:04:37+00:00","mainEntityOfPage":{"@id":"https:\/\/valenciasjb.salesianos.edu\/colegio\/semana-de-orientacion-vocacional\/"},"wordCount":589,"image":{"@id":"https:\/\/valenciasjb.salesianos.edu\/colegio\/semana-de-orientacion-vocacional\/#primaryimage"},"thumbnailUrl":"https:\/\/valenciasjb.salesianos.edu\/colegio\/wp-content\/uploads\/sites\/2\/2025\/03\/Cartel-SOV-2425-castellano.png","articleSection":["Noticia Colegio","Uncategorized"],"inLanguage":"es"},{"@type":"WebPage","@id":"https:\/\/valenciasjb.salesianos.edu\/colegio\/semana-de-orientacion-vocacional\/","url":"https:\/\/valenciasjb.salesianos.edu\/colegio\/semana-de-orientacion-vocacional\/","name":"Semana de Orientaci\u00f3n Vocacional - Colegio San Juan Bosco Valencia","isPartOf":{"@id":"https:\/\/valenciasjb.salesianos.edu\/colegio\/#website"},"primaryImageOfPage":{"@id":"https:\/\/valenciasjb.salesianos.edu\/colegio\/semana-de-orientacion-vocacional\/#primaryimage"},"image":{"@id":"https:\/\/valenciasjb.salesianos.edu\/colegio\/semana-de-orientacion-vocacional\/#primaryimage"},"thumbnailUrl":"https:\/\/valenciasjb.salesianos.edu\/colegio\/wp-content\/uploads\/sites\/2\/2025\/03\/Cartel-SOV-2425-castellano.png","datePublished":"2025-03-21T19:01:36+00:00","dateModified":"2025-03-21T19:04:37+00:00","author":{"@id":"https:\/\/valenciasjb.salesianos.edu\/colegio\/#\/schema\/person\/ae0ac91eb19a6a2a01c95e29d541a575"},"description":"orientaci\u00f3n vocacional","breadcrumb":{"@id":"https:\/\/valenciasjb.salesianos.edu\/colegio\/semana-de-orientacion-vocacional\/#breadcrumb"},"inLanguage":"es","potentialAction":[{"@type":"ReadAction","target":["https:\/\/valenciasjb.salesianos.edu\/colegio\/semana-de-orientacion-vocacional\/"]}]},{"@type":"ImageObject","inLanguage":"es","@id":"https:\/\/valenciasjb.salesianos.edu\/colegio\/semana-de-orientacion-vocacional\/#primaryimage","url":"https:\/\/valenciasjb.salesianos.edu\/colegio\/wp-content\/uploads\/sites\/2\/2025\/03\/Cartel-SOV-2425-castellano.png","contentUrl":"https:\/\/valenciasjb.salesianos.edu\/colegio\/wp-content\/uploads\/sites\/2\/2025\/03\/Cartel-SOV-2425-castellano.png","width":1381,"height":2000},{"@type":"BreadcrumbList","@id":"https:\/\/valenciasjb.salesianos.edu\/colegio\/semana-de-orientacion-vocacional\/#breadcrumb","itemListElement":[{"@type":"ListItem","position":1,"name":"Portada","item":"https:\/\/valenciasjb.salesianos.edu\/colegio\/"},{"@type":"ListItem","position":2,"name":"Semana de Orientaci\u00f3n Vocacional"}]},{"@type":"WebSite","@id":"https:\/\/valenciasjb.salesianos.edu\/colegio\/#website","url":"https:\/\/valenciasjb.salesianos.edu\/colegio\/","name":"Colegio San Juan Bosco Valencia","description":"P\u00e1gina oficial del Colegio Salesianos San Juan Bosco Valencia","alternateName":"Salesianos.VSJB","potentialAction":[{"@type":"SearchAction","target":{"@type":"EntryPoint","urlTemplate":"https:\/\/valenciasjb.salesianos.edu\/colegio\/?s={search_term_string}"},"query-input":{"@type":"PropertyValueSpecification","valueRequired":true,"valueName":"search_term_string"}}],"inLanguage":"es"},{"@type":"Person","@id":"https:\/\/valenciasjb.salesianos.edu\/colegio\/#\/schema\/person\/ae0ac91eb19a6a2a01c95e29d541a575","name":"Administrador Web","image":{"@type":"ImageObject","inLanguage":"es","@id":"https:\/\/secure.gravatar.com\/avatar\/48a73c544c48a92e9f82115ddc8f6abf90891f033d83384ebe4aafd70f983ec8?s=96&d=mm&r=g","url":"https:\/\/secure.gravatar.com\/avatar\/48a73c544c48a92e9f82115ddc8f6abf90891f033d83384ebe4aafd70f983ec8?s=96&d=mm&r=g","contentUrl":"https:\/\/secure.gravatar.com\/avatar\/48a73c544c48a92e9f82115ddc8f6abf90891f033d83384ebe4aafd70f983ec8?s=96&d=mm&r=g","caption":"Administrador Web"}}]}},"_links":{"self":[{"href":"https:\/\/valenciasjb.salesianos.edu\/colegio\/wp-json\/wp\/v2\/posts\/23112","targetHints":{"allow":["GET"]}}],"collection":[{"href":"https:\/\/valenciasjb.salesianos.edu\/colegio\/wp-json\/wp\/v2\/posts"}],"about":[{"href":"https:\/\/valenciasjb.salesianos.edu\/colegio\/wp-json\/wp\/v2\/types\/post"}],"author":[{"embeddable":true,"href":"https:\/\/valenciasjb.salesianos.edu\/colegio\/wp-json\/wp\/v2\/users\/2"}],"replies":[{"embeddable":true,"href":"https:\/\/valenciasjb.salesianos.edu\/colegio\/wp-json\/wp\/v2\/comments?post=23112"}],"version-history":[{"count":5,"href":"https:\/\/valenciasjb.salesianos.edu\/colegio\/wp-json\/wp\/v2\/posts\/23112\/revisions"}],"predecessor-version":[{"id":23120,"href":"https:\/\/valenciasjb.salesianos.edu\/colegio\/wp-json\/wp\/v2\/posts\/23112\/revisions\/23120"}],"wp:featuredmedia":[{"embeddable":true,"href":"https:\/\/valenciasjb.salesianos.edu\/colegio\/wp-json\/wp\/v2\/media\/23115"}],"wp:attachment":[{"href":"https:\/\/valenciasjb.salesianos.edu\/colegio\/wp-json\/wp\/v2\/media?parent=23112"}],"wp:term":[{"taxonomy":"category","embeddable":true,"href":"https:\/\/valenciasjb.salesianos.edu\/colegio\/wp-json\/wp\/v2\/categories?post=23112"},{"taxonomy":"post_tag","embeddable":true,"href":"https:\/\/valenciasjb.salesianos.edu\/colegio\/wp-json\/wp\/v2\/tags?post=23112"}],"curies":[{"name":"wp","href":"https:\/\/api.w.org\/{rel}","templated":true}]}}