{"id":23223,"date":"2025-04-15T19:11:46","date_gmt":"2025-04-15T18:11:46","guid":{"rendered":"https:\/\/valenciasjb.salesianos.edu\/colegio\/?p=23223"},"modified":"2025-04-15T19:11:53","modified_gmt":"2025-04-15T18:11:53","slug":"i-feria-del-libro","status":"publish","type":"post","link":"https:\/\/valenciasjb.salesianos.edu\/colegio\/i-feria-del-libro\/","title":{"rendered":"I Feria del Libro"},"content":{"rendered":"<div id=\"fb-root\"><\/div>\n<p>[et_pb_section fb_built=\u00bb1&#8243; admin_label=\u00bbsection\u00bb _builder_version=\u00bb4.16&#8243; global_colors_info=\u00bb{}\u00bb][et_pb_row admin_label=\u00bbrow\u00bb _builder_version=\u00bb4.16&#8243; background_size=\u00bbinitial\u00bb background_position=\u00bbtop_left\u00bb background_repeat=\u00bbrepeat\u00bb global_colors_info=\u00bb{}\u00bb][et_pb_column type=\u00bb4_4&#8243; _builder_version=\u00bb4.16&#8243; custom_padding=\u00bb|||\u00bb global_colors_info=\u00bb{}\u00bb custom_padding__hover=\u00bb|||\u00bb][et_pb_text admin_label=\u00bbEntradilla (Texto)\u00bb _builder_version=\u00bb4.27.4&#8243; text_font=\u00bb|on|||\u00bb text_orientation=\u00bbjustified\u00bb module_alignment=\u00bbjustified\u00bb hover_enabled=\u00bb0&#8243; global_colors_info=\u00bb{}\u00bb sticky_enabled=\u00bb0&#8243;]<\/p>\n<p><span data-originalfontsize=\"14pt\" data-originalcomputedfontsize=\"18.666666\">\u00c9xito rotundo de Ia I Feria del Libro <\/span><span data-originalfontsize=\"14pt\" data-originalcomputedfontsize=\"18.666666\">Empeltats a la terra<\/span><span data-originalfontsize=\"14pt\" data-originalcomputedfontsize=\"18.666666\"> en nuestro Colegio<\/span><\/p>\n<p>[\/et_pb_text][et_pb_text admin_label=\u00bbAutor (Texto)\u00bb _builder_version=\u00bb4.27.4&#8243; text_font=\u00bb||on||\u00bb hover_enabled=\u00bb0&#8243; global_colors_info=\u00bb{}\u00bb sticky_enabled=\u00bb0&#8243;]<\/p>\n<p>Departamento de Lenguas<\/p>\n<p>[\/et_pb_text][et_pb_text admin_label=\u00bbDesarrollo (Texto)\u00bb _builder_version=\u00bb4.27.4&#8243; text_orientation=\u00bbjustified\u00bb module_alignment=\u00bbjustified\u00bb hover_enabled=\u00bb0&#8243; global_colors_info=\u00bb{}\u00bb sticky_enabled=\u00bb0&#8243;]<\/p>\n<p dir=\"ltr\"><span data-originalfontsize=\"11pt\" data-originalcomputedfontsize=\"14.666667\">El pasado s\u00e1bado 12 de abril,\u00a0 se celebr\u00f3 con gran \u00e9xito la I Feria del Libro <\/span><span data-originalfontsize=\"11pt\" data-originalcomputedfontsize=\"14.666667\">\u201cEmpeltats a la terra\u201d; <\/span><span data-originalfontsize=\"11pt\" data-originalcomputedfontsize=\"14.666667\">una jornada matinal que reuni\u00f3 a autores, editoriales, lectores y amantes de la literatura en un ambiente festivo y acogedor. El evento, que tuvo lugar en el patio de nuestro Colegio, super\u00f3 todas las expectativas, tanto en asistencia como en participaci\u00f3n.<\/span><\/p>\n<p dir=\"ltr\"><span data-originalfontsize=\"11pt\" data-originalcomputedfontsize=\"14.666667\">La feria ofreci\u00f3 una variada programaci\u00f3n que incluy\u00f3 la presencia de escritores e ilustradores como Iv\u00e1n Alfaro, Mariel, Bel\u00e9n Monreal, Pepa Torres, David March, \u00c1ngela Nzambi, M\u00f3nica Beltr\u00e1n y Carmen Sala. Tambi\u00e9n se cont\u00f3 con editoriales como Educiona, Micomicona, Bonica Editorial, Edeb\u00e9, Bromera y Algar.\u00a0<\/span><\/p>\n<p dir=\"ltr\"><span data-originalfontsize=\"11pt\" data-originalcomputedfontsize=\"14.666667\">Tambi\u00e9n se realizaron talleres para los m\u00e1s peque\u00f1os pero llevados a cabo por el alumnado voluntario de ESO y Bachillerato. Hubo diversos talleres como el de marcap\u00e1ginas, lettering, pulseras griegas y romanas, juegos de cartas, de arte medieval, de Julio Verne\u2026 Adem\u00e1s, quien quiso pudo tener la experiencia de mecanografiar con m\u00e1quinas antiguas de escribir; disfrutar del rinc\u00f3n de lectura, del teatro de sombras y de los cuentacuentos. Todas estas actividades se ambientaron con recitaciones y lecturas de fragmentos de obras literarias le\u00eddas en varios idiomas. La Asociaci\u00f3n de Madres y Padres del Colegio, AMPAS, tambi\u00e9n organiz\u00f3 un taller y almuerzo para los voluntarios que desde primera hora colaboraron.\u00a0<\/span><\/p>\n<p dir=\"ltr\"><span data-originalfontsize=\"11pt\" data-originalcomputedfontsize=\"14.666667\">Uno de los espacios m\u00e1s concurridos fue el mercadillo solidario de libros, donde un\u00a0 grupo de alumnos voluntarios, vendieron los libros que previamente donaron las familias de todas las etapas del Colegio. As\u00ed se recaudaron 535,50\u20ac. Tambi\u00e9n se vendieron productos donados por la ONG ACNUR, con los que se recogieron 77,30\u20ac m\u00e1s. Por tanto, toda la recaudaci\u00f3n de 612,80\u20ac, ser\u00e1 donada a la ONG salesiana BOSCOGLOBAL, para colaborar en la reconstrucci\u00f3n de las casas salesianas de Mandalay y Anisakan,\u00a0de Myanmar, pa\u00eds del sudeste asi\u00e1tico que sufri\u00f3 hace poco un fuerte terremoto, causando muchas p\u00e9rdidas humanas e importantes da\u00f1os materiales.<\/span><\/p>\n<p dir=\"ltr\"><span data-originalfontsize=\"11pt\" data-originalcomputedfontsize=\"14.666667\">La feria se cerr\u00f3 con un balance muy positivo, tanto por la gran afluencia de p\u00fablico como por el entusiasmo mostrado por participantes y visitantes. Desde el Colegio ya se habla de convertirla en una cita anual que siga creciendo y fomentando el amor por los libros y la cultura. Con esta primera edici\u00f3n, <\/span><span data-originalfontsize=\"11pt\" data-originalcomputedfontsize=\"14.666667\">\u201cEmpeltats a la terra\u201d<\/span><span data-originalfontsize=\"11pt\" data-originalcomputedfontsize=\"14.666667\"> la I Feria ha echado ra\u00edces firmes y promete florecer con fuerza en los pr\u00f3ximos a\u00f1os<\/span><\/p>\n<p dir=\"ltr\">#somosfuturo<\/p>\n<p dir=\"ltr\">#educarso\u00f1andounmundomejor<\/p>\n<p>[\/et_pb_text][et_pb_text disabled_on=\u00bboff|off|off\u00bb admin_label=\u00bbT\u00edtulo: Galer\u00eda de fotos (Texto)\u00bb _builder_version=\u00bb4.27.4&#8243; text_font=\u00bb|on|||\u00bb text_text_color=\u00bb#dc001b\u00bb border_style=\u00bbsolid\u00bb global_colors_info=\u00bb{}\u00bb]<\/p>\n<p>Galer\u00eda de im\u00e1genes<\/p>\n<p>[\/et_pb_text][et_pb_gallery gallery_ids=\u00bb23226,23227,23228,23229,23230,23231,23232,23236,23237&#8243; posts_number=\u00bb8&#8243; show_title_and_caption=\u00bboff\u00bb zoom_icon_color=\u00bb#dc001b\u00bb hover_icon=\u00bb&#x54;||divi||400&#8243; disabled_on=\u00bboff|off|off\u00bb _builder_version=\u00bb4.27.4&#8243; hover_enabled=\u00bb0&#8243; pagination_font_size_tablet=\u00bb51&#8243; pagination_line_height_tablet=\u00bb2&#8243; global_colors_info=\u00bb{}\u00bb sticky_enabled=\u00bb0&#8243;][\/et_pb_gallery][et_pb_video disabled_on=\u00bbon|on|on\u00bb _builder_version=\u00bb4.16&#8243; disabled=\u00bbon\u00bb global_colors_info=\u00bb{}\u00bb][\/et_pb_video][\/et_pb_column][\/et_pb_row][\/et_pb_section]<\/p>\n<!-- AddThis Advanced Settings generic via filter on the_content --><!-- AddThis Share Buttons generic via filter on the_content -->","protected":false},"excerpt":{"rendered":"<p>\u00c9xito rotundo de Ia I Feria del Libro Empeltats a la terra en nuestro ColegioDepartamento de LenguasEl pasado s\u00e1bado 12 de abril,\u00a0 se celebr\u00f3 con gran \u00e9xito la I Feria del Libro \u201cEmpeltats a la terra\u201d; una jornada matinal que reuni\u00f3 a autores, editoriales, lectores y amantes de la literatura en un ambiente festivo y [&hellip;]<\/p>\n<p><!-- AddThis Advanced Settings generic via filter on get_the_excerpt --><!-- AddThis Share Buttons generic via filter on get_the_excerpt --><\/p>\n","protected":false},"author":2,"featured_media":23236,"comment_status":"closed","ping_status":"open","sticky":false,"template":"","format":"standard","meta":{"_et_pb_use_builder":"on","_et_pb_old_content":"","_et_gb_content_width":"","footnotes":""},"categories":[14,1],"tags":[],"class_list":["post-23223","post","type-post","status-publish","format-standard","has-post-thumbnail","hentry","category-noticia_colegio","category-uncategorized"],"yoast_head":"<!-- This site is optimized with the Yoast SEO plugin v28.3 - https:\/\/yoast.com\/product\/yoast-seo-wordpress\/ -->\n<title>I Feria del Libro - Colegio San Juan Bosco Valencia<\/title>\n<meta name=\"description\" content=\"I feria del libro\" \/>\n<meta name=\"robots\" content=\"index, follow, max-snippet:-1, max-image-preview:large, max-video-preview:-1\" \/>\n<link rel=\"canonical\" href=\"https:\/\/valenciasjb.salesianos.edu\/colegio\/i-feria-del-libro\/\" \/>\n<meta property=\"og:locale\" content=\"es_ES\" \/>\n<meta property=\"og:type\" content=\"article\" \/>\n<meta property=\"og:title\" content=\"I Feria del Libro - Colegio San Juan Bosco Valencia\" \/>\n<meta property=\"og:description\" content=\"I feria del libro\" \/>\n<meta property=\"og:url\" content=\"https:\/\/valenciasjb.salesianos.edu\/colegio\/i-feria-del-libro\/\" \/>\n<meta property=\"og:site_name\" content=\"Colegio San Juan Bosco Valencia\" \/>\n<meta property=\"article:publisher\" content=\"https:\/\/www.facebook.com\/ColegioSalesianoSanJuanBoscoValencia\" \/>\n<meta property=\"article:published_time\" content=\"2025-04-15T18:11:46+00:00\" \/>\n<meta property=\"article:modified_time\" content=\"2025-04-15T18:11:53+00:00\" \/>\n<meta property=\"og:image\" content=\"https:\/\/valenciasjb.salesianos.edu\/colegio\/wp-content\/uploads\/sites\/2\/2025\/04\/IMG_6425.jpeg\" \/>\n\t<meta property=\"og:image:width\" content=\"1920\" \/>\n\t<meta property=\"og:image:height\" content=\"1830\" \/>\n\t<meta property=\"og:image:type\" content=\"image\/jpeg\" \/>\n<meta name=\"author\" content=\"Administrador Web\" \/>\n<meta name=\"twitter:card\" content=\"summary_large_image\" \/>\n<meta name=\"twitter:creator\" content=\"@SalesianosVSJB\" \/>\n<meta name=\"twitter:site\" content=\"@SalesianosVSJB\" \/>\n<meta name=\"twitter:label1\" content=\"Escrito por\" \/>\n\t<meta name=\"twitter:data1\" content=\"Administrador Web\" \/>\n\t<meta name=\"twitter:label2\" content=\"Tiempo de lectura\" \/>\n\t<meta name=\"twitter:data2\" content=\"4 minutos\" \/>\n<script type=\"application\/ld+json\" class=\"yoast-schema-graph\">{\"@context\":\"https:\\\/\\\/schema.org\",\"@graph\":[{\"@type\":\"ScholarlyArticle\",\"@id\":\"https:\\\/\\\/valenciasjb.salesianos.edu\\\/colegio\\\/i-feria-del-libro\\\/#article\",\"isPartOf\":{\"@id\":\"https:\\\/\\\/valenciasjb.salesianos.edu\\\/colegio\\\/i-feria-del-libro\\\/\"},\"author\":{\"name\":\"Administrador Web\",\"@id\":\"https:\\\/\\\/valenciasjb.salesianos.edu\\\/colegio\\\/#\\\/schema\\\/person\\\/ae0ac91eb19a6a2a01c95e29d541a575\"},\"headline\":\"I Feria del Libro\",\"datePublished\":\"2025-04-15T18:11:46+00:00\",\"dateModified\":\"2025-04-15T18:11:53+00:00\",\"mainEntityOfPage\":{\"@id\":\"https:\\\/\\\/valenciasjb.salesianos.edu\\\/colegio\\\/i-feria-del-libro\\\/\"},\"wordCount\":679,\"image\":{\"@id\":\"https:\\\/\\\/valenciasjb.salesianos.edu\\\/colegio\\\/i-feria-del-libro\\\/#primaryimage\"},\"thumbnailUrl\":\"https:\\\/\\\/valenciasjb.salesianos.edu\\\/colegio\\\/wp-content\\\/uploads\\\/sites\\\/2\\\/2025\\\/04\\\/IMG_6425.jpeg\",\"articleSection\":[\"Noticia Colegio\",\"Uncategorized\"],\"inLanguage\":\"es\"},{\"@type\":\"WebPage\",\"@id\":\"https:\\\/\\\/valenciasjb.salesianos.edu\\\/colegio\\\/i-feria-del-libro\\\/\",\"url\":\"https:\\\/\\\/valenciasjb.salesianos.edu\\\/colegio\\\/i-feria-del-libro\\\/\",\"name\":\"I Feria del Libro - Colegio San Juan Bosco Valencia\",\"isPartOf\":{\"@id\":\"https:\\\/\\\/valenciasjb.salesianos.edu\\\/colegio\\\/#website\"},\"primaryImageOfPage\":{\"@id\":\"https:\\\/\\\/valenciasjb.salesianos.edu\\\/colegio\\\/i-feria-del-libro\\\/#primaryimage\"},\"image\":{\"@id\":\"https:\\\/\\\/valenciasjb.salesianos.edu\\\/colegio\\\/i-feria-del-libro\\\/#primaryimage\"},\"thumbnailUrl\":\"https:\\\/\\\/valenciasjb.salesianos.edu\\\/colegio\\\/wp-content\\\/uploads\\\/sites\\\/2\\\/2025\\\/04\\\/IMG_6425.jpeg\",\"datePublished\":\"2025-04-15T18:11:46+00:00\",\"dateModified\":\"2025-04-15T18:11:53+00:00\",\"author\":{\"@id\":\"https:\\\/\\\/valenciasjb.salesianos.edu\\\/colegio\\\/#\\\/schema\\\/person\\\/ae0ac91eb19a6a2a01c95e29d541a575\"},\"description\":\"I feria del libro\",\"breadcrumb\":{\"@id\":\"https:\\\/\\\/valenciasjb.salesianos.edu\\\/colegio\\\/i-feria-del-libro\\\/#breadcrumb\"},\"inLanguage\":\"es\",\"potentialAction\":[{\"@type\":\"ReadAction\",\"target\":[\"https:\\\/\\\/valenciasjb.salesianos.edu\\\/colegio\\\/i-feria-del-libro\\\/\"]}]},{\"@type\":\"ImageObject\",\"inLanguage\":\"es\",\"@id\":\"https:\\\/\\\/valenciasjb.salesianos.edu\\\/colegio\\\/i-feria-del-libro\\\/#primaryimage\",\"url\":\"https:\\\/\\\/valenciasjb.salesianos.edu\\\/colegio\\\/wp-content\\\/uploads\\\/sites\\\/2\\\/2025\\\/04\\\/IMG_6425.jpeg\",\"contentUrl\":\"https:\\\/\\\/valenciasjb.salesianos.edu\\\/colegio\\\/wp-content\\\/uploads\\\/sites\\\/2\\\/2025\\\/04\\\/IMG_6425.jpeg\",\"width\":1920,\"height\":1830},{\"@type\":\"BreadcrumbList\",\"@id\":\"https:\\\/\\\/valenciasjb.salesianos.edu\\\/colegio\\\/i-feria-del-libro\\\/#breadcrumb\",\"itemListElement\":[{\"@type\":\"ListItem\",\"position\":1,\"name\":\"Portada\",\"item\":\"https:\\\/\\\/valenciasjb.salesianos.edu\\\/colegio\\\/\"},{\"@type\":\"ListItem\",\"position\":2,\"name\":\"I Feria del Libro\"}]},{\"@type\":\"WebSite\",\"@id\":\"https:\\\/\\\/valenciasjb.salesianos.edu\\\/colegio\\\/#website\",\"url\":\"https:\\\/\\\/valenciasjb.salesianos.edu\\\/colegio\\\/\",\"name\":\"Colegio San Juan Bosco Valencia\",\"description\":\"P\u00e1gina oficial del Colegio Salesianos San Juan Bosco Valencia\",\"alternateName\":\"Salesianos.VSJB\",\"potentialAction\":[{\"@type\":\"SearchAction\",\"target\":{\"@type\":\"EntryPoint\",\"urlTemplate\":\"https:\\\/\\\/valenciasjb.salesianos.edu\\\/colegio\\\/?s={search_term_string}\"},\"query-input\":{\"@type\":\"PropertyValueSpecification\",\"valueRequired\":true,\"valueName\":\"search_term_string\"}}],\"inLanguage\":\"es\"},{\"@type\":\"Person\",\"@id\":\"https:\\\/\\\/valenciasjb.salesianos.edu\\\/colegio\\\/#\\\/schema\\\/person\\\/ae0ac91eb19a6a2a01c95e29d541a575\",\"name\":\"Administrador Web\",\"image\":{\"@type\":\"ImageObject\",\"inLanguage\":\"es\",\"@id\":\"https:\\\/\\\/secure.gravatar.com\\\/avatar\\\/48a73c544c48a92e9f82115ddc8f6abf90891f033d83384ebe4aafd70f983ec8?s=96&d=mm&r=g\",\"url\":\"https:\\\/\\\/secure.gravatar.com\\\/avatar\\\/48a73c544c48a92e9f82115ddc8f6abf90891f033d83384ebe4aafd70f983ec8?s=96&d=mm&r=g\",\"contentUrl\":\"https:\\\/\\\/secure.gravatar.com\\\/avatar\\\/48a73c544c48a92e9f82115ddc8f6abf90891f033d83384ebe4aafd70f983ec8?s=96&d=mm&r=g\",\"caption\":\"Administrador Web\"}}]}<\/script>\n<!-- \/ Yoast SEO plugin. -->","yoast_head_json":{"title":"I Feria del Libro - Colegio San Juan Bosco Valencia","description":"I feria del libro","robots":{"index":"index","follow":"follow","max-snippet":"max-snippet:-1","max-image-preview":"max-image-preview:large","max-video-preview":"max-video-preview:-1"},"canonical":"https:\/\/valenciasjb.salesianos.edu\/colegio\/i-feria-del-libro\/","og_locale":"es_ES","og_type":"article","og_title":"I Feria del Libro - Colegio San Juan Bosco Valencia","og_description":"I feria del libro","og_url":"https:\/\/valenciasjb.salesianos.edu\/colegio\/i-feria-del-libro\/","og_site_name":"Colegio San Juan Bosco Valencia","article_publisher":"https:\/\/www.facebook.com\/ColegioSalesianoSanJuanBoscoValencia","article_published_time":"2025-04-15T18:11:46+00:00","article_modified_time":"2025-04-15T18:11:53+00:00","og_image":[{"width":1920,"height":1830,"url":"https:\/\/valenciasjb.salesianos.edu\/colegio\/wp-content\/uploads\/sites\/2\/2025\/04\/IMG_6425.jpeg","type":"image\/jpeg"}],"author":"Administrador Web","twitter_card":"summary_large_image","twitter_creator":"@SalesianosVSJB","twitter_site":"@SalesianosVSJB","twitter_misc":{"Escrito por":"Administrador Web","Tiempo de lectura":"4 minutos"},"schema":{"@context":"https:\/\/schema.org","@graph":[{"@type":"ScholarlyArticle","@id":"https:\/\/valenciasjb.salesianos.edu\/colegio\/i-feria-del-libro\/#article","isPartOf":{"@id":"https:\/\/valenciasjb.salesianos.edu\/colegio\/i-feria-del-libro\/"},"author":{"name":"Administrador Web","@id":"https:\/\/valenciasjb.salesianos.edu\/colegio\/#\/schema\/person\/ae0ac91eb19a6a2a01c95e29d541a575"},"headline":"I Feria del Libro","datePublished":"2025-04-15T18:11:46+00:00","dateModified":"2025-04-15T18:11:53+00:00","mainEntityOfPage":{"@id":"https:\/\/valenciasjb.salesianos.edu\/colegio\/i-feria-del-libro\/"},"wordCount":679,"image":{"@id":"https:\/\/valenciasjb.salesianos.edu\/colegio\/i-feria-del-libro\/#primaryimage"},"thumbnailUrl":"https:\/\/valenciasjb.salesianos.edu\/colegio\/wp-content\/uploads\/sites\/2\/2025\/04\/IMG_6425.jpeg","articleSection":["Noticia Colegio","Uncategorized"],"inLanguage":"es"},{"@type":"WebPage","@id":"https:\/\/valenciasjb.salesianos.edu\/colegio\/i-feria-del-libro\/","url":"https:\/\/valenciasjb.salesianos.edu\/colegio\/i-feria-del-libro\/","name":"I Feria del Libro - Colegio San Juan Bosco Valencia","isPartOf":{"@id":"https:\/\/valenciasjb.salesianos.edu\/colegio\/#website"},"primaryImageOfPage":{"@id":"https:\/\/valenciasjb.salesianos.edu\/colegio\/i-feria-del-libro\/#primaryimage"},"image":{"@id":"https:\/\/valenciasjb.salesianos.edu\/colegio\/i-feria-del-libro\/#primaryimage"},"thumbnailUrl":"https:\/\/valenciasjb.salesianos.edu\/colegio\/wp-content\/uploads\/sites\/2\/2025\/04\/IMG_6425.jpeg","datePublished":"2025-04-15T18:11:46+00:00","dateModified":"2025-04-15T18:11:53+00:00","author":{"@id":"https:\/\/valenciasjb.salesianos.edu\/colegio\/#\/schema\/person\/ae0ac91eb19a6a2a01c95e29d541a575"},"description":"I feria del libro","breadcrumb":{"@id":"https:\/\/valenciasjb.salesianos.edu\/colegio\/i-feria-del-libro\/#breadcrumb"},"inLanguage":"es","potentialAction":[{"@type":"ReadAction","target":["https:\/\/valenciasjb.salesianos.edu\/colegio\/i-feria-del-libro\/"]}]},{"@type":"ImageObject","inLanguage":"es","@id":"https:\/\/valenciasjb.salesianos.edu\/colegio\/i-feria-del-libro\/#primaryimage","url":"https:\/\/valenciasjb.salesianos.edu\/colegio\/wp-content\/uploads\/sites\/2\/2025\/04\/IMG_6425.jpeg","contentUrl":"https:\/\/valenciasjb.salesianos.edu\/colegio\/wp-content\/uploads\/sites\/2\/2025\/04\/IMG_6425.jpeg","width":1920,"height":1830},{"@type":"BreadcrumbList","@id":"https:\/\/valenciasjb.salesianos.edu\/colegio\/i-feria-del-libro\/#breadcrumb","itemListElement":[{"@type":"ListItem","position":1,"name":"Portada","item":"https:\/\/valenciasjb.salesianos.edu\/colegio\/"},{"@type":"ListItem","position":2,"name":"I Feria del Libro"}]},{"@type":"WebSite","@id":"https:\/\/valenciasjb.salesianos.edu\/colegio\/#website","url":"https:\/\/valenciasjb.salesianos.edu\/colegio\/","name":"Colegio San Juan Bosco Valencia","description":"P\u00e1gina oficial del Colegio Salesianos San Juan Bosco Valencia","alternateName":"Salesianos.VSJB","potentialAction":[{"@type":"SearchAction","target":{"@type":"EntryPoint","urlTemplate":"https:\/\/valenciasjb.salesianos.edu\/colegio\/?s={search_term_string}"},"query-input":{"@type":"PropertyValueSpecification","valueRequired":true,"valueName":"search_term_string"}}],"inLanguage":"es"},{"@type":"Person","@id":"https:\/\/valenciasjb.salesianos.edu\/colegio\/#\/schema\/person\/ae0ac91eb19a6a2a01c95e29d541a575","name":"Administrador Web","image":{"@type":"ImageObject","inLanguage":"es","@id":"https:\/\/secure.gravatar.com\/avatar\/48a73c544c48a92e9f82115ddc8f6abf90891f033d83384ebe4aafd70f983ec8?s=96&d=mm&r=g","url":"https:\/\/secure.gravatar.com\/avatar\/48a73c544c48a92e9f82115ddc8f6abf90891f033d83384ebe4aafd70f983ec8?s=96&d=mm&r=g","contentUrl":"https:\/\/secure.gravatar.com\/avatar\/48a73c544c48a92e9f82115ddc8f6abf90891f033d83384ebe4aafd70f983ec8?s=96&d=mm&r=g","caption":"Administrador Web"}}]}},"_links":{"self":[{"href":"https:\/\/valenciasjb.salesianos.edu\/colegio\/wp-json\/wp\/v2\/posts\/23223","targetHints":{"allow":["GET"]}}],"collection":[{"href":"https:\/\/valenciasjb.salesianos.edu\/colegio\/wp-json\/wp\/v2\/posts"}],"about":[{"href":"https:\/\/valenciasjb.salesianos.edu\/colegio\/wp-json\/wp\/v2\/types\/post"}],"author":[{"embeddable":true,"href":"https:\/\/valenciasjb.salesianos.edu\/colegio\/wp-json\/wp\/v2\/users\/2"}],"replies":[{"embeddable":true,"href":"https:\/\/valenciasjb.salesianos.edu\/colegio\/wp-json\/wp\/v2\/comments?post=23223"}],"version-history":[{"count":2,"href":"https:\/\/valenciasjb.salesianos.edu\/colegio\/wp-json\/wp\/v2\/posts\/23223\/revisions"}],"predecessor-version":[{"id":23238,"href":"https:\/\/valenciasjb.salesianos.edu\/colegio\/wp-json\/wp\/v2\/posts\/23223\/revisions\/23238"}],"wp:featuredmedia":[{"embeddable":true,"href":"https:\/\/valenciasjb.salesianos.edu\/colegio\/wp-json\/wp\/v2\/media\/23236"}],"wp:attachment":[{"href":"https:\/\/valenciasjb.salesianos.edu\/colegio\/wp-json\/wp\/v2\/media?parent=23223"}],"wp:term":[{"taxonomy":"category","embeddable":true,"href":"https:\/\/valenciasjb.salesianos.edu\/colegio\/wp-json\/wp\/v2\/categories?post=23223"},{"taxonomy":"post_tag","embeddable":true,"href":"https:\/\/valenciasjb.salesianos.edu\/colegio\/wp-json\/wp\/v2\/tags?post=23223"}],"curies":[{"name":"wp","href":"https:\/\/api.w.org\/{rel}","templated":true}]}}