{"id":23346,"date":"2025-05-09T18:44:52","date_gmt":"2025-05-09T17:44:52","guid":{"rendered":"https:\/\/valenciasjb.salesianos.edu\/colegio\/?p=23346"},"modified":"2025-05-10T10:46:42","modified_gmt":"2025-05-10T09:46:42","slug":"9-de-mayo-dia-de-europa","status":"publish","type":"post","link":"https:\/\/valenciasjb.salesianos.edu\/colegio\/9-de-mayo-dia-de-europa\/","title":{"rendered":"9 de Mayo D\u00eda de Europa"},"content":{"rendered":"<div id=\"fb-root\"><\/div>\n<p>[et_pb_section fb_built=\u00bb1&#8243; admin_label=\u00bbsection\u00bb _builder_version=\u00bb4.16&#8243; global_colors_info=\u00bb{}\u00bb][et_pb_row admin_label=\u00bbrow\u00bb _builder_version=\u00bb4.16&#8243; background_size=\u00bbinitial\u00bb background_position=\u00bbtop_left\u00bb background_repeat=\u00bbrepeat\u00bb global_colors_info=\u00bb{}\u00bb][et_pb_column type=\u00bb4_4&#8243; _builder_version=\u00bb4.16&#8243; custom_padding=\u00bb|||\u00bb global_colors_info=\u00bb{}\u00bb custom_padding__hover=\u00bb|||\u00bb][et_pb_text admin_label=\u00bbEntradilla (Texto)\u00bb _builder_version=\u00bb4.27.4&#8243; text_font=\u00bb|on|||\u00bb text_orientation=\u00bbjustified\u00bb module_alignment=\u00bbjustified\u00bb global_colors_info=\u00bb{}\u00bb]<\/p>\n<p>El Colegio celebra el D\u00eda de Europa con actividades en todas las etapas educativas<\/p>\n<p>[\/et_pb_text][et_pb_text admin_label=\u00bbAutor (Texto)\u00bb _builder_version=\u00bb4.27.4&#8243; text_font=\u00bb||on||\u00bb global_colors_info=\u00bb{}\u00bb]<\/p>\n<p>Equipo Internacionalizaci\u00f3n<\/p>\n<p>[\/et_pb_text][et_pb_text admin_label=\u00bbDesarrollo (Texto)\u00bb _builder_version=\u00bb4.27.4&#8243; text_orientation=\u00bbjustified\u00bb module_alignment=\u00bbjustified\u00bb global_colors_info=\u00bb{}\u00bb]<\/p>\n<p>Hoy, 9 de mayo, se ha celebrado en nuestro centro el D\u00eda de Europa, una jornada en la que se conmemora el origen de la Uni\u00f3n Europea y sus valores fundacionales: la paz, la solidaridad, la cooperaci\u00f3n y la unidad en la diversidad. Este a\u00f1o, la efem\u00e9ride ha cobrado un especial protagonismo al implicar a todas las etapas educativas del colegio: Infantil, Primaria, ESO y Bachillerato.<\/p>\n<p>En <strong>Educaci\u00f3n Infantil-Primaria<\/strong>, el alumnado ha trabajado la identidad europea a trav\u00e9s de la creaci\u00f3n de un gran mural colaborativo de la bandera de Europa en el que cada una de las clases de infantil ha sido responsable de elaborar una estrella, que despu\u00e9s se ha unido al resto para formar la bandera completa. Durante esta actividad, las tutoras han explicado de forma adaptada el significado del D\u00eda de Europa y los valores que promueve la UE, como el trabajo en equipo, la paz y la solidaridad entre los pueblos. Desde primaria, se ha trabajado un buenos d\u00edas que ha servido para acercar a los ni\u00f1os y ni\u00f1as el origen del proyecto europeo y su sentido actual, fomentando una primera toma de contacto con el concepto de ciudadan\u00eda europea.<\/p>\n<p>En <strong>ESO y Bachillerato<\/strong>, el equipo de Radio-Bosco, nuestro canal de radio escolar, ha preparado un emotivo podcast que ha sido utilizado como mensaje del \u00abBuenos d\u00edas\u00bb de ayer jueves. En \u00e9l, se record\u00f3 c\u00f3mo el 9 de mayo de 1950 se pronunci\u00f3 en Par\u00eds la Declaraci\u00f3n Schuman, considerada el primer paso hacia la construcci\u00f3n de la actual Uni\u00f3n Europea. En un momento en que Europa se recuperaba de las heridas de la Segunda Guerra Mundial y tem\u00eda una nueva confrontaci\u00f3n, esta declaraci\u00f3n propon\u00eda poner en com\u00fan la producci\u00f3n de carb\u00f3n y acero bajo una autoridad supranacional como base para asegurar la paz duradera en el continente.<\/p>\n<p>Alumnado y profesorado ley\u00f3 adem\u00e1s un fragmento clave de esta declaraci\u00f3n en varios idiomas oficiales de la Uni\u00f3n Europea (castellano, valenciano, ingl\u00e9s, franc\u00e9s y alem\u00e1n), simbolizando la diversidad ling\u00fc\u00edstica y cultural que define a Europa. Tambi\u00e9n se reflexion\u00f3o sobre los grandes desaf\u00edos de nuestro tiempo: la globalizaci\u00f3n, la sostenibilidad del planeta, el papel de Europa en el mundo y la defensa de la democracia y la participaci\u00f3n activa.<\/p>\n<p>La celebraci\u00f3n del D\u00eda de Europa se enmarca en nuestro compromiso como centro acreditado Erasmus+, en el que promovemos una ciudadan\u00eda activa, cr\u00edtica y europea desde edades tempranas. Educar para la paz, la cooperaci\u00f3n y el entendimiento mutuo forma parte de nuestro proyecto educativo y de nuestra misi\u00f3n como escuela abierta al mundo.<\/p>\n<p>[\/et_pb_text][et_pb_text disabled_on=\u00bboff|off|off\u00bb admin_label=\u00bbT\u00edtulo: Galer\u00eda de fotos (Texto)\u00bb _builder_version=\u00bb4.27.4&#8243; text_font=\u00bb|on|||\u00bb text_text_color=\u00bb#dc001b\u00bb border_style=\u00bbsolid\u00bb global_colors_info=\u00bb{}\u00bb]<\/p>\n<p>Galer\u00eda de im\u00e1genes<\/p>\n<p>[\/et_pb_text][et_pb_gallery gallery_ids=\u00bb23350,23351,23352&#8243; posts_number=\u00bb8&#8243; show_title_and_caption=\u00bboff\u00bb zoom_icon_color=\u00bb#dc001b\u00bb hover_icon=\u00bb&#x54;||divi||400&#8243; disabled_on=\u00bboff|off|off\u00bb _builder_version=\u00bb4.27.4&#8243; pagination_font_size_tablet=\u00bb51&#8243; pagination_line_height_tablet=\u00bb2&#8243; global_colors_info=\u00bb{}\u00bb][\/et_pb_gallery][et_pb_video disabled_on=\u00bboff|off|off\u00bb _builder_version=\u00bb4.27.4&#8243; global_colors_info=\u00bb{}\u00bb src=\u00bbhttps:\/\/drive.google.com\/file\/d\/1KMzthslLjztIRe53sYnXcpVCWip52OvJ\/view?usp=drivesdk\u00bb hover_enabled=\u00bb0&#8243; sticky_enabled=\u00bb0&#8243;][\/et_pb_video][\/et_pb_column][\/et_pb_row][\/et_pb_section]<\/p>\n<!-- AddThis Advanced Settings generic via filter on the_content --><!-- AddThis Share Buttons generic via filter on the_content -->","protected":false},"excerpt":{"rendered":"<p>El Colegio celebra el D\u00eda de Europa con actividades en todas las etapas educativasEquipo Internacionalizaci\u00f3nHoy, 9 de mayo, se ha celebrado en nuestro centro el D\u00eda de Europa, una jornada en la que se conmemora el origen de la Uni\u00f3n Europea y sus valores fundacionales: la paz, la solidaridad, la cooperaci\u00f3n y la unidad en [&hellip;]<\/p>\n<p><!-- AddThis Advanced Settings generic via filter on get_the_excerpt --><!-- AddThis Share Buttons generic via filter on get_the_excerpt --><\/p>\n","protected":false},"author":2,"featured_media":23351,"comment_status":"closed","ping_status":"open","sticky":false,"template":"","format":"standard","meta":{"_et_pb_use_builder":"on","_et_pb_old_content":"","_et_gb_content_width":"","footnotes":""},"categories":[14,9,1],"tags":[],"class_list":["post-23346","post","type-post","status-publish","format-standard","has-post-thumbnail","hentry","category-noticia_colegio","category-noticias","category-uncategorized"],"yoast_head":"<!-- This site is optimized with the Yoast SEO plugin v28.3 - https:\/\/yoast.com\/product\/yoast-seo-wordpress\/ -->\n<title>9 de Mayo D\u00eda de Europa - Colegio San Juan Bosco Valencia<\/title>\n<meta name=\"description\" content=\"D\u00eda de Europa\" \/>\n<meta name=\"robots\" content=\"index, follow, max-snippet:-1, max-image-preview:large, max-video-preview:-1\" \/>\n<link rel=\"canonical\" href=\"https:\/\/valenciasjb.salesianos.edu\/colegio\/9-de-mayo-dia-de-europa\/\" \/>\n<meta property=\"og:locale\" content=\"es_ES\" \/>\n<meta property=\"og:type\" content=\"article\" \/>\n<meta property=\"og:title\" content=\"9 de Mayo D\u00eda de Europa - Colegio San Juan Bosco Valencia\" \/>\n<meta property=\"og:description\" content=\"D\u00eda de Europa\" \/>\n<meta property=\"og:url\" content=\"https:\/\/valenciasjb.salesianos.edu\/colegio\/9-de-mayo-dia-de-europa\/\" \/>\n<meta property=\"og:site_name\" content=\"Colegio San Juan Bosco Valencia\" \/>\n<meta property=\"article:publisher\" content=\"https:\/\/www.facebook.com\/ColegioSalesianoSanJuanBoscoValencia\" \/>\n<meta property=\"article:published_time\" content=\"2025-05-09T17:44:52+00:00\" \/>\n<meta property=\"article:modified_time\" content=\"2025-05-10T09:46:42+00:00\" \/>\n<meta property=\"og:image\" content=\"https:\/\/valenciasjb.salesianos.edu\/colegio\/wp-content\/uploads\/sites\/2\/2025\/05\/PHOTO-2025-05-09-17-59-50-3.jpeg\" \/>\n\t<meta property=\"og:image:width\" content=\"1600\" \/>\n\t<meta property=\"og:image:height\" content=\"1200\" \/>\n\t<meta property=\"og:image:type\" content=\"image\/jpeg\" \/>\n<meta name=\"author\" content=\"Administrador Web\" \/>\n<meta name=\"twitter:card\" content=\"summary_large_image\" \/>\n<meta name=\"twitter:creator\" content=\"@SalesianosVSJB\" \/>\n<meta name=\"twitter:site\" content=\"@SalesianosVSJB\" \/>\n<meta name=\"twitter:label1\" content=\"Escrito por\" \/>\n\t<meta name=\"twitter:data1\" content=\"Administrador Web\" \/>\n\t<meta name=\"twitter:label2\" content=\"Tiempo de lectura\" \/>\n\t<meta name=\"twitter:data2\" content=\"3 minutos\" \/>\n<script type=\"application\/ld+json\" class=\"yoast-schema-graph\">{\"@context\":\"https:\\\/\\\/schema.org\",\"@graph\":[{\"@type\":\"ScholarlyArticle\",\"@id\":\"https:\\\/\\\/valenciasjb.salesianos.edu\\\/colegio\\\/9-de-mayo-dia-de-europa\\\/#article\",\"isPartOf\":{\"@id\":\"https:\\\/\\\/valenciasjb.salesianos.edu\\\/colegio\\\/9-de-mayo-dia-de-europa\\\/\"},\"author\":{\"name\":\"Administrador Web\",\"@id\":\"https:\\\/\\\/valenciasjb.salesianos.edu\\\/colegio\\\/#\\\/schema\\\/person\\\/ae0ac91eb19a6a2a01c95e29d541a575\"},\"headline\":\"9 de Mayo D\u00eda de Europa\",\"datePublished\":\"2025-05-09T17:44:52+00:00\",\"dateModified\":\"2025-05-10T09:46:42+00:00\",\"mainEntityOfPage\":{\"@id\":\"https:\\\/\\\/valenciasjb.salesianos.edu\\\/colegio\\\/9-de-mayo-dia-de-europa\\\/\"},\"wordCount\":725,\"image\":{\"@id\":\"https:\\\/\\\/valenciasjb.salesianos.edu\\\/colegio\\\/9-de-mayo-dia-de-europa\\\/#primaryimage\"},\"thumbnailUrl\":\"https:\\\/\\\/valenciasjb.salesianos.edu\\\/colegio\\\/wp-content\\\/uploads\\\/sites\\\/2\\\/2025\\\/05\\\/PHOTO-2025-05-09-17-59-50-3.jpeg\",\"articleSection\":[\"Noticia Colegio\",\"Noticias\",\"Uncategorized\"],\"inLanguage\":\"es\"},{\"@type\":\"WebPage\",\"@id\":\"https:\\\/\\\/valenciasjb.salesianos.edu\\\/colegio\\\/9-de-mayo-dia-de-europa\\\/\",\"url\":\"https:\\\/\\\/valenciasjb.salesianos.edu\\\/colegio\\\/9-de-mayo-dia-de-europa\\\/\",\"name\":\"9 de Mayo D\u00eda de Europa - Colegio San Juan Bosco Valencia\",\"isPartOf\":{\"@id\":\"https:\\\/\\\/valenciasjb.salesianos.edu\\\/colegio\\\/#website\"},\"primaryImageOfPage\":{\"@id\":\"https:\\\/\\\/valenciasjb.salesianos.edu\\\/colegio\\\/9-de-mayo-dia-de-europa\\\/#primaryimage\"},\"image\":{\"@id\":\"https:\\\/\\\/valenciasjb.salesianos.edu\\\/colegio\\\/9-de-mayo-dia-de-europa\\\/#primaryimage\"},\"thumbnailUrl\":\"https:\\\/\\\/valenciasjb.salesianos.edu\\\/colegio\\\/wp-content\\\/uploads\\\/sites\\\/2\\\/2025\\\/05\\\/PHOTO-2025-05-09-17-59-50-3.jpeg\",\"datePublished\":\"2025-05-09T17:44:52+00:00\",\"dateModified\":\"2025-05-10T09:46:42+00:00\",\"author\":{\"@id\":\"https:\\\/\\\/valenciasjb.salesianos.edu\\\/colegio\\\/#\\\/schema\\\/person\\\/ae0ac91eb19a6a2a01c95e29d541a575\"},\"description\":\"D\u00eda de Europa\",\"breadcrumb\":{\"@id\":\"https:\\\/\\\/valenciasjb.salesianos.edu\\\/colegio\\\/9-de-mayo-dia-de-europa\\\/#breadcrumb\"},\"inLanguage\":\"es\",\"potentialAction\":[{\"@type\":\"ReadAction\",\"target\":[\"https:\\\/\\\/valenciasjb.salesianos.edu\\\/colegio\\\/9-de-mayo-dia-de-europa\\\/\"]}]},{\"@type\":\"ImageObject\",\"inLanguage\":\"es\",\"@id\":\"https:\\\/\\\/valenciasjb.salesianos.edu\\\/colegio\\\/9-de-mayo-dia-de-europa\\\/#primaryimage\",\"url\":\"https:\\\/\\\/valenciasjb.salesianos.edu\\\/colegio\\\/wp-content\\\/uploads\\\/sites\\\/2\\\/2025\\\/05\\\/PHOTO-2025-05-09-17-59-50-3.jpeg\",\"contentUrl\":\"https:\\\/\\\/valenciasjb.salesianos.edu\\\/colegio\\\/wp-content\\\/uploads\\\/sites\\\/2\\\/2025\\\/05\\\/PHOTO-2025-05-09-17-59-50-3.jpeg\",\"width\":1600,\"height\":1200},{\"@type\":\"BreadcrumbList\",\"@id\":\"https:\\\/\\\/valenciasjb.salesianos.edu\\\/colegio\\\/9-de-mayo-dia-de-europa\\\/#breadcrumb\",\"itemListElement\":[{\"@type\":\"ListItem\",\"position\":1,\"name\":\"Portada\",\"item\":\"https:\\\/\\\/valenciasjb.salesianos.edu\\\/colegio\\\/\"},{\"@type\":\"ListItem\",\"position\":2,\"name\":\"9 de Mayo D\u00eda de Europa\"}]},{\"@type\":\"WebSite\",\"@id\":\"https:\\\/\\\/valenciasjb.salesianos.edu\\\/colegio\\\/#website\",\"url\":\"https:\\\/\\\/valenciasjb.salesianos.edu\\\/colegio\\\/\",\"name\":\"Colegio San Juan Bosco Valencia\",\"description\":\"P\u00e1gina oficial del Colegio Salesianos San Juan Bosco Valencia\",\"alternateName\":\"Salesianos.VSJB\",\"potentialAction\":[{\"@type\":\"SearchAction\",\"target\":{\"@type\":\"EntryPoint\",\"urlTemplate\":\"https:\\\/\\\/valenciasjb.salesianos.edu\\\/colegio\\\/?s={search_term_string}\"},\"query-input\":{\"@type\":\"PropertyValueSpecification\",\"valueRequired\":true,\"valueName\":\"search_term_string\"}}],\"inLanguage\":\"es\"},{\"@type\":\"Person\",\"@id\":\"https:\\\/\\\/valenciasjb.salesianos.edu\\\/colegio\\\/#\\\/schema\\\/person\\\/ae0ac91eb19a6a2a01c95e29d541a575\",\"name\":\"Administrador Web\",\"image\":{\"@type\":\"ImageObject\",\"inLanguage\":\"es\",\"@id\":\"https:\\\/\\\/secure.gravatar.com\\\/avatar\\\/48a73c544c48a92e9f82115ddc8f6abf90891f033d83384ebe4aafd70f983ec8?s=96&d=mm&r=g\",\"url\":\"https:\\\/\\\/secure.gravatar.com\\\/avatar\\\/48a73c544c48a92e9f82115ddc8f6abf90891f033d83384ebe4aafd70f983ec8?s=96&d=mm&r=g\",\"contentUrl\":\"https:\\\/\\\/secure.gravatar.com\\\/avatar\\\/48a73c544c48a92e9f82115ddc8f6abf90891f033d83384ebe4aafd70f983ec8?s=96&d=mm&r=g\",\"caption\":\"Administrador Web\"}}]}<\/script>\n<!-- \/ Yoast SEO plugin. -->","yoast_head_json":{"title":"9 de Mayo D\u00eda de Europa - Colegio San Juan Bosco Valencia","description":"D\u00eda de Europa","robots":{"index":"index","follow":"follow","max-snippet":"max-snippet:-1","max-image-preview":"max-image-preview:large","max-video-preview":"max-video-preview:-1"},"canonical":"https:\/\/valenciasjb.salesianos.edu\/colegio\/9-de-mayo-dia-de-europa\/","og_locale":"es_ES","og_type":"article","og_title":"9 de Mayo D\u00eda de Europa - Colegio San Juan Bosco Valencia","og_description":"D\u00eda de Europa","og_url":"https:\/\/valenciasjb.salesianos.edu\/colegio\/9-de-mayo-dia-de-europa\/","og_site_name":"Colegio San Juan Bosco Valencia","article_publisher":"https:\/\/www.facebook.com\/ColegioSalesianoSanJuanBoscoValencia","article_published_time":"2025-05-09T17:44:52+00:00","article_modified_time":"2025-05-10T09:46:42+00:00","og_image":[{"width":1600,"height":1200,"url":"https:\/\/valenciasjb.salesianos.edu\/colegio\/wp-content\/uploads\/sites\/2\/2025\/05\/PHOTO-2025-05-09-17-59-50-3.jpeg","type":"image\/jpeg"}],"author":"Administrador Web","twitter_card":"summary_large_image","twitter_creator":"@SalesianosVSJB","twitter_site":"@SalesianosVSJB","twitter_misc":{"Escrito por":"Administrador Web","Tiempo de lectura":"3 minutos"},"schema":{"@context":"https:\/\/schema.org","@graph":[{"@type":"ScholarlyArticle","@id":"https:\/\/valenciasjb.salesianos.edu\/colegio\/9-de-mayo-dia-de-europa\/#article","isPartOf":{"@id":"https:\/\/valenciasjb.salesianos.edu\/colegio\/9-de-mayo-dia-de-europa\/"},"author":{"name":"Administrador Web","@id":"https:\/\/valenciasjb.salesianos.edu\/colegio\/#\/schema\/person\/ae0ac91eb19a6a2a01c95e29d541a575"},"headline":"9 de Mayo D\u00eda de Europa","datePublished":"2025-05-09T17:44:52+00:00","dateModified":"2025-05-10T09:46:42+00:00","mainEntityOfPage":{"@id":"https:\/\/valenciasjb.salesianos.edu\/colegio\/9-de-mayo-dia-de-europa\/"},"wordCount":725,"image":{"@id":"https:\/\/valenciasjb.salesianos.edu\/colegio\/9-de-mayo-dia-de-europa\/#primaryimage"},"thumbnailUrl":"https:\/\/valenciasjb.salesianos.edu\/colegio\/wp-content\/uploads\/sites\/2\/2025\/05\/PHOTO-2025-05-09-17-59-50-3.jpeg","articleSection":["Noticia Colegio","Noticias","Uncategorized"],"inLanguage":"es"},{"@type":"WebPage","@id":"https:\/\/valenciasjb.salesianos.edu\/colegio\/9-de-mayo-dia-de-europa\/","url":"https:\/\/valenciasjb.salesianos.edu\/colegio\/9-de-mayo-dia-de-europa\/","name":"9 de Mayo D\u00eda de Europa - Colegio San Juan Bosco Valencia","isPartOf":{"@id":"https:\/\/valenciasjb.salesianos.edu\/colegio\/#website"},"primaryImageOfPage":{"@id":"https:\/\/valenciasjb.salesianos.edu\/colegio\/9-de-mayo-dia-de-europa\/#primaryimage"},"image":{"@id":"https:\/\/valenciasjb.salesianos.edu\/colegio\/9-de-mayo-dia-de-europa\/#primaryimage"},"thumbnailUrl":"https:\/\/valenciasjb.salesianos.edu\/colegio\/wp-content\/uploads\/sites\/2\/2025\/05\/PHOTO-2025-05-09-17-59-50-3.jpeg","datePublished":"2025-05-09T17:44:52+00:00","dateModified":"2025-05-10T09:46:42+00:00","author":{"@id":"https:\/\/valenciasjb.salesianos.edu\/colegio\/#\/schema\/person\/ae0ac91eb19a6a2a01c95e29d541a575"},"description":"D\u00eda de Europa","breadcrumb":{"@id":"https:\/\/valenciasjb.salesianos.edu\/colegio\/9-de-mayo-dia-de-europa\/#breadcrumb"},"inLanguage":"es","potentialAction":[{"@type":"ReadAction","target":["https:\/\/valenciasjb.salesianos.edu\/colegio\/9-de-mayo-dia-de-europa\/"]}]},{"@type":"ImageObject","inLanguage":"es","@id":"https:\/\/valenciasjb.salesianos.edu\/colegio\/9-de-mayo-dia-de-europa\/#primaryimage","url":"https:\/\/valenciasjb.salesianos.edu\/colegio\/wp-content\/uploads\/sites\/2\/2025\/05\/PHOTO-2025-05-09-17-59-50-3.jpeg","contentUrl":"https:\/\/valenciasjb.salesianos.edu\/colegio\/wp-content\/uploads\/sites\/2\/2025\/05\/PHOTO-2025-05-09-17-59-50-3.jpeg","width":1600,"height":1200},{"@type":"BreadcrumbList","@id":"https:\/\/valenciasjb.salesianos.edu\/colegio\/9-de-mayo-dia-de-europa\/#breadcrumb","itemListElement":[{"@type":"ListItem","position":1,"name":"Portada","item":"https:\/\/valenciasjb.salesianos.edu\/colegio\/"},{"@type":"ListItem","position":2,"name":"9 de Mayo D\u00eda de Europa"}]},{"@type":"WebSite","@id":"https:\/\/valenciasjb.salesianos.edu\/colegio\/#website","url":"https:\/\/valenciasjb.salesianos.edu\/colegio\/","name":"Colegio San Juan Bosco Valencia","description":"P\u00e1gina oficial del Colegio Salesianos San Juan Bosco Valencia","alternateName":"Salesianos.VSJB","potentialAction":[{"@type":"SearchAction","target":{"@type":"EntryPoint","urlTemplate":"https:\/\/valenciasjb.salesianos.edu\/colegio\/?s={search_term_string}"},"query-input":{"@type":"PropertyValueSpecification","valueRequired":true,"valueName":"search_term_string"}}],"inLanguage":"es"},{"@type":"Person","@id":"https:\/\/valenciasjb.salesianos.edu\/colegio\/#\/schema\/person\/ae0ac91eb19a6a2a01c95e29d541a575","name":"Administrador Web","image":{"@type":"ImageObject","inLanguage":"es","@id":"https:\/\/secure.gravatar.com\/avatar\/48a73c544c48a92e9f82115ddc8f6abf90891f033d83384ebe4aafd70f983ec8?s=96&d=mm&r=g","url":"https:\/\/secure.gravatar.com\/avatar\/48a73c544c48a92e9f82115ddc8f6abf90891f033d83384ebe4aafd70f983ec8?s=96&d=mm&r=g","contentUrl":"https:\/\/secure.gravatar.com\/avatar\/48a73c544c48a92e9f82115ddc8f6abf90891f033d83384ebe4aafd70f983ec8?s=96&d=mm&r=g","caption":"Administrador Web"}}]}},"_links":{"self":[{"href":"https:\/\/valenciasjb.salesianos.edu\/colegio\/wp-json\/wp\/v2\/posts\/23346","targetHints":{"allow":["GET"]}}],"collection":[{"href":"https:\/\/valenciasjb.salesianos.edu\/colegio\/wp-json\/wp\/v2\/posts"}],"about":[{"href":"https:\/\/valenciasjb.salesianos.edu\/colegio\/wp-json\/wp\/v2\/types\/post"}],"author":[{"embeddable":true,"href":"https:\/\/valenciasjb.salesianos.edu\/colegio\/wp-json\/wp\/v2\/users\/2"}],"replies":[{"embeddable":true,"href":"https:\/\/valenciasjb.salesianos.edu\/colegio\/wp-json\/wp\/v2\/comments?post=23346"}],"version-history":[{"count":4,"href":"https:\/\/valenciasjb.salesianos.edu\/colegio\/wp-json\/wp\/v2\/posts\/23346\/revisions"}],"predecessor-version":[{"id":23356,"href":"https:\/\/valenciasjb.salesianos.edu\/colegio\/wp-json\/wp\/v2\/posts\/23346\/revisions\/23356"}],"wp:featuredmedia":[{"embeddable":true,"href":"https:\/\/valenciasjb.salesianos.edu\/colegio\/wp-json\/wp\/v2\/media\/23351"}],"wp:attachment":[{"href":"https:\/\/valenciasjb.salesianos.edu\/colegio\/wp-json\/wp\/v2\/media?parent=23346"}],"wp:term":[{"taxonomy":"category","embeddable":true,"href":"https:\/\/valenciasjb.salesianos.edu\/colegio\/wp-json\/wp\/v2\/categories?post=23346"},{"taxonomy":"post_tag","embeddable":true,"href":"https:\/\/valenciasjb.salesianos.edu\/colegio\/wp-json\/wp\/v2\/tags?post=23346"}],"curies":[{"name":"wp","href":"https:\/\/api.w.org\/{rel}","templated":true}]}}