{"id":23388,"date":"2025-05-14T18:33:10","date_gmt":"2025-05-14T17:33:10","guid":{"rendered":"https:\/\/valenciasjb.salesianos.edu\/colegio\/?p=23388"},"modified":"2025-05-19T08:28:02","modified_gmt":"2025-05-19T07:28:02","slug":"50-aniversario-festival-de-la-cancion","status":"publish","type":"post","link":"https:\/\/valenciasjb.salesianos.edu\/colegio\/50-aniversario-festival-de-la-cancion\/","title":{"rendered":"50 Aniversario Festival de la Canci\u00f3n"},"content":{"rendered":"<div id=\"fb-root\"><\/div>\n<p>[et_pb_section fb_built=\u00bb1&#8243; admin_label=\u00bbsection\u00bb _builder_version=\u00bb4.16&#8243; global_colors_info=\u00bb{}\u00bb][et_pb_row admin_label=\u00bbrow\u00bb _builder_version=\u00bb4.16&#8243; background_size=\u00bbinitial\u00bb background_position=\u00bbtop_left\u00bb background_repeat=\u00bbrepeat\u00bb global_colors_info=\u00bb{}\u00bb][et_pb_column type=\u00bb4_4&#8243; _builder_version=\u00bb4.16&#8243; custom_padding=\u00bb|||\u00bb global_colors_info=\u00bb{}\u00bb custom_padding__hover=\u00bb|||\u00bb][et_pb_text admin_label=\u00bbEntradilla (Texto)\u00bb _builder_version=\u00bb4.27.4&#8243; text_font=\u00bb|on|||\u00bb text_orientation=\u00bbjustified\u00bb module_alignment=\u00bbjustified\u00bb global_colors_info=\u00bb{}\u00bb]<\/p>\n<p>El pr\u00f3ximo 31 de mayo celebramos la Gala de los 50 a\u00f1os que llevamos celebrando el Festival de la\u00a0 Canci\u00f3n en educaci\u00f3n primaria.<\/p>\n<p>[\/et_pb_text][et_pb_text admin_label=\u00bbAutor (Texto)\u00bb _builder_version=\u00bb4.27.4&#8243; text_font=\u00bb||on||\u00bb global_colors_info=\u00bb{}\u00bb]<\/p>\n<p>Redacci\u00f3n<\/p>\n<p>[\/et_pb_text][et_pb_text admin_label=\u00bbDesarrollo (Texto)\u00bb _builder_version=\u00bb4.27.4&#8243; text_orientation=\u00bbjustified\u00bb module_alignment=\u00bbjustified\u00bb hover_enabled=\u00bb0&#8243; global_colors_info=\u00bb{}\u00bb sticky_enabled=\u00bb0&#8243;]<\/p>\n<p><span style=\"font-weight: 400;\">Estamos preparando con much\u00edsima ilusi\u00f3n la Gala 50 aniversario del Festival de la canci\u00f3n que, como sab\u00e9is, llevamos celebrando en el colegio desde 1974.<\/span><\/p>\n<p><span style=\"font-weight: 400;\">Queremos invitaros a acompa\u00f1arnos en un acto tan importante para nosotros y que siempre nos emociona cuando lo recordamos. Va a ser un acto familiar y muy emotivo, pues vamos a recordar sus inicios, ver c\u00f3mo hemos evolucionado (o no) y nos va a servir para reencontrarnos con antiguos compa\u00f1eros, alumnos y familias y pasar un rato muy agradable en compa\u00f1\u00eda de gente querida, adem\u00e1s de asistir a un magn\u00edfico espect\u00e1culo con grandes artistas.<\/span><\/p>\n<p><span style=\"font-weight: 400;\">Ser\u00e1 el pr\u00f3ximo s\u00e1bado 31 de mayo a las 19:30h y las entradas saldr\u00e1n a la venta en el colegio el mi\u00e9rcoles 21 y el lunes 26 a las 17:30 con un precio de 3\u20ac. La recaudaci\u00f3n ir\u00e1 dirigida al proyecto de Bosco Global que ya os presentamos y que pod\u00e9is conocer en el siguiente enlace:<\/span><\/p>\n<p><a href=\"https:\/\/boscoglobal.org\/reparacion-de-paredes-de-taller-muetu-don-bosco-centro-de-formacion-profesional-mbuji-mayi\/\"><span style=\"font-weight: 400;\">https:\/\/boscoglobal.org\/reparacion-de-paredes-de-taller-muetu-don-bosco-centro-de-formacion-profesional-mbuji-mayi\/<\/span><\/a><\/p>\n<p><span style=\"font-weight: 400;\">Si no pod\u00e9is asistir y quer\u00e9is colaborar, existe tambi\u00e9n una Fila 0 donde pod\u00e9is hacerlo.<\/span><\/p>\n<p><span style=\"font-weight: 400;\">No lo dudes, an\u00edmate y acomp\u00e1\u00f1anos. Seguro que, aunque alguna lagrimita se nos escapar\u00e1, lo vamos a pasar genial. <\/span><\/p>\n<p>[\/et_pb_text][et_pb_text disabled_on=\u00bboff|off|off\u00bb admin_label=\u00bbT\u00edtulo: Galer\u00eda de fotos (Texto)\u00bb _builder_version=\u00bb4.27.4&#8243; text_font=\u00bb|on|||\u00bb text_text_color=\u00bb#dc001b\u00bb border_style=\u00bbsolid\u00bb global_colors_info=\u00bb{}\u00bb]<\/p>\n<p>Galer\u00eda de im\u00e1genes<\/p>\n<p>[\/et_pb_text][et_pb_gallery gallery_ids=\u00bb23350,23351,23352&#8243; posts_number=\u00bb8&#8243; show_title_and_caption=\u00bboff\u00bb zoom_icon_color=\u00bb#dc001b\u00bb hover_icon=\u00bb&#x54;||divi||400&#8243; disabled_on=\u00bbon|on|on\u00bb _builder_version=\u00bb4.27.4&#8243; pagination_font_size_tablet=\u00bb51&#8243; pagination_line_height_tablet=\u00bb2&#8243; disabled=\u00bbon\u00bb global_colors_info=\u00bb{}\u00bb][\/et_pb_gallery][et_pb_video src=\u00bbhttps:\/\/drive.google.com\/file\/d\/1KMzthslLjztIRe53sYnXcpVCWip52OvJ\/view?usp=drivesdk\u00bb disabled_on=\u00bbon|on|on\u00bb _builder_version=\u00bb4.27.4&#8243; disabled=\u00bbon\u00bb global_colors_info=\u00bb{}\u00bb][\/et_pb_video][\/et_pb_column][\/et_pb_row][\/et_pb_section]<\/p>\n<!-- AddThis Advanced Settings generic via filter on the_content --><!-- AddThis Share Buttons generic via filter on the_content -->","protected":false},"excerpt":{"rendered":"<p>El pr\u00f3ximo 31 de mayo celebramos la Gala de los 50 a\u00f1os que llevamos celebrando el Festival de la\u00a0 Canci\u00f3n en educaci\u00f3n primaria.Redacci\u00f3nEstamos preparando con much\u00edsima ilusi\u00f3n la Gala 50 aniversario del Festival de la canci\u00f3n que, como sab\u00e9is, llevamos celebrando en el colegio desde 1974. Queremos invitaros a acompa\u00f1arnos en un acto tan importante [&hellip;]<\/p>\n<p><!-- AddThis Advanced Settings generic via filter on get_the_excerpt --><!-- AddThis Share Buttons generic via filter on get_the_excerpt --><\/p>\n","protected":false},"author":2,"featured_media":23368,"comment_status":"closed","ping_status":"open","sticky":false,"template":"","format":"standard","meta":{"_et_pb_use_builder":"on","_et_pb_old_content":"","_et_gb_content_width":"","footnotes":""},"categories":[14],"tags":[],"class_list":["post-23388","post","type-post","status-publish","format-standard","has-post-thumbnail","hentry","category-noticia_colegio"],"yoast_head":"<!-- This site is optimized with the Yoast SEO plugin v28.3 - https:\/\/yoast.com\/product\/yoast-seo-wordpress\/ -->\n<title>50 Aniversario Festival de la Canci\u00f3n - Colegio San Juan Bosco Valencia<\/title>\n<meta name=\"description\" content=\"D\u00eda de Europa\" \/>\n<meta name=\"robots\" content=\"index, follow, max-snippet:-1, max-image-preview:large, max-video-preview:-1\" \/>\n<link rel=\"canonical\" href=\"https:\/\/valenciasjb.salesianos.edu\/colegio\/50-aniversario-festival-de-la-cancion\/\" \/>\n<meta property=\"og:locale\" content=\"es_ES\" \/>\n<meta property=\"og:type\" content=\"article\" \/>\n<meta property=\"og:title\" content=\"50 Aniversario Festival de la Canci\u00f3n - Colegio San Juan Bosco Valencia\" \/>\n<meta property=\"og:description\" content=\"D\u00eda de Europa\" \/>\n<meta property=\"og:url\" content=\"https:\/\/valenciasjb.salesianos.edu\/colegio\/50-aniversario-festival-de-la-cancion\/\" \/>\n<meta property=\"og:site_name\" content=\"Colegio San Juan Bosco Valencia\" \/>\n<meta property=\"article:publisher\" content=\"https:\/\/www.facebook.com\/ColegioSalesianoSanJuanBoscoValencia\" \/>\n<meta property=\"article:published_time\" content=\"2025-05-14T17:33:10+00:00\" \/>\n<meta property=\"article:modified_time\" content=\"2025-05-19T07:28:02+00:00\" \/>\n<meta property=\"og:image\" content=\"https:\/\/valenciasjb.salesianos.edu\/colegio\/wp-content\/uploads\/sites\/2\/2025\/05\/Cartel-Festival-cancion-1-1.png\" \/>\n\t<meta property=\"og:image:width\" content=\"1036\" \/>\n\t<meta property=\"og:image:height\" content=\"1500\" \/>\n\t<meta property=\"og:image:type\" content=\"image\/png\" \/>\n<meta name=\"author\" content=\"Administrador Web\" \/>\n<meta name=\"twitter:card\" content=\"summary_large_image\" \/>\n<meta name=\"twitter:creator\" content=\"@SalesianosVSJB\" \/>\n<meta name=\"twitter:site\" content=\"@SalesianosVSJB\" \/>\n<meta name=\"twitter:label1\" content=\"Escrito por\" \/>\n\t<meta name=\"twitter:data1\" content=\"Administrador Web\" \/>\n\t<meta name=\"twitter:label2\" content=\"Tiempo de lectura\" \/>\n\t<meta name=\"twitter:data2\" content=\"2 minutos\" \/>\n<script type=\"application\/ld+json\" class=\"yoast-schema-graph\">{\"@context\":\"https:\\\/\\\/schema.org\",\"@graph\":[{\"@type\":\"ScholarlyArticle\",\"@id\":\"https:\\\/\\\/valenciasjb.salesianos.edu\\\/colegio\\\/50-aniversario-festival-de-la-cancion\\\/#article\",\"isPartOf\":{\"@id\":\"https:\\\/\\\/valenciasjb.salesianos.edu\\\/colegio\\\/50-aniversario-festival-de-la-cancion\\\/\"},\"author\":{\"name\":\"Administrador Web\",\"@id\":\"https:\\\/\\\/valenciasjb.salesianos.edu\\\/colegio\\\/#\\\/schema\\\/person\\\/ae0ac91eb19a6a2a01c95e29d541a575\"},\"headline\":\"50 Aniversario Festival de la Canci\u00f3n\",\"datePublished\":\"2025-05-14T17:33:10+00:00\",\"dateModified\":\"2025-05-19T07:28:02+00:00\",\"mainEntityOfPage\":{\"@id\":\"https:\\\/\\\/valenciasjb.salesianos.edu\\\/colegio\\\/50-aniversario-festival-de-la-cancion\\\/\"},\"wordCount\":480,\"image\":{\"@id\":\"https:\\\/\\\/valenciasjb.salesianos.edu\\\/colegio\\\/50-aniversario-festival-de-la-cancion\\\/#primaryimage\"},\"thumbnailUrl\":\"https:\\\/\\\/valenciasjb.salesianos.edu\\\/colegio\\\/wp-content\\\/uploads\\\/sites\\\/2\\\/2025\\\/05\\\/Cartel-Festival-cancion-1-1.png\",\"articleSection\":[\"Noticia Colegio\"],\"inLanguage\":\"es\"},{\"@type\":\"WebPage\",\"@id\":\"https:\\\/\\\/valenciasjb.salesianos.edu\\\/colegio\\\/50-aniversario-festival-de-la-cancion\\\/\",\"url\":\"https:\\\/\\\/valenciasjb.salesianos.edu\\\/colegio\\\/50-aniversario-festival-de-la-cancion\\\/\",\"name\":\"50 Aniversario Festival de la Canci\u00f3n - Colegio San Juan Bosco Valencia\",\"isPartOf\":{\"@id\":\"https:\\\/\\\/valenciasjb.salesianos.edu\\\/colegio\\\/#website\"},\"primaryImageOfPage\":{\"@id\":\"https:\\\/\\\/valenciasjb.salesianos.edu\\\/colegio\\\/50-aniversario-festival-de-la-cancion\\\/#primaryimage\"},\"image\":{\"@id\":\"https:\\\/\\\/valenciasjb.salesianos.edu\\\/colegio\\\/50-aniversario-festival-de-la-cancion\\\/#primaryimage\"},\"thumbnailUrl\":\"https:\\\/\\\/valenciasjb.salesianos.edu\\\/colegio\\\/wp-content\\\/uploads\\\/sites\\\/2\\\/2025\\\/05\\\/Cartel-Festival-cancion-1-1.png\",\"datePublished\":\"2025-05-14T17:33:10+00:00\",\"dateModified\":\"2025-05-19T07:28:02+00:00\",\"author\":{\"@id\":\"https:\\\/\\\/valenciasjb.salesianos.edu\\\/colegio\\\/#\\\/schema\\\/person\\\/ae0ac91eb19a6a2a01c95e29d541a575\"},\"description\":\"D\u00eda de Europa\",\"breadcrumb\":{\"@id\":\"https:\\\/\\\/valenciasjb.salesianos.edu\\\/colegio\\\/50-aniversario-festival-de-la-cancion\\\/#breadcrumb\"},\"inLanguage\":\"es\",\"potentialAction\":[{\"@type\":\"ReadAction\",\"target\":[\"https:\\\/\\\/valenciasjb.salesianos.edu\\\/colegio\\\/50-aniversario-festival-de-la-cancion\\\/\"]}]},{\"@type\":\"ImageObject\",\"inLanguage\":\"es\",\"@id\":\"https:\\\/\\\/valenciasjb.salesianos.edu\\\/colegio\\\/50-aniversario-festival-de-la-cancion\\\/#primaryimage\",\"url\":\"https:\\\/\\\/valenciasjb.salesianos.edu\\\/colegio\\\/wp-content\\\/uploads\\\/sites\\\/2\\\/2025\\\/05\\\/Cartel-Festival-cancion-1-1.png\",\"contentUrl\":\"https:\\\/\\\/valenciasjb.salesianos.edu\\\/colegio\\\/wp-content\\\/uploads\\\/sites\\\/2\\\/2025\\\/05\\\/Cartel-Festival-cancion-1-1.png\",\"width\":1036,\"height\":1500},{\"@type\":\"BreadcrumbList\",\"@id\":\"https:\\\/\\\/valenciasjb.salesianos.edu\\\/colegio\\\/50-aniversario-festival-de-la-cancion\\\/#breadcrumb\",\"itemListElement\":[{\"@type\":\"ListItem\",\"position\":1,\"name\":\"Portada\",\"item\":\"https:\\\/\\\/valenciasjb.salesianos.edu\\\/colegio\\\/\"},{\"@type\":\"ListItem\",\"position\":2,\"name\":\"50 Aniversario Festival de la Canci\u00f3n\"}]},{\"@type\":\"WebSite\",\"@id\":\"https:\\\/\\\/valenciasjb.salesianos.edu\\\/colegio\\\/#website\",\"url\":\"https:\\\/\\\/valenciasjb.salesianos.edu\\\/colegio\\\/\",\"name\":\"Colegio San Juan Bosco Valencia\",\"description\":\"P\u00e1gina oficial del Colegio Salesianos San Juan Bosco Valencia\",\"alternateName\":\"Salesianos.VSJB\",\"potentialAction\":[{\"@type\":\"SearchAction\",\"target\":{\"@type\":\"EntryPoint\",\"urlTemplate\":\"https:\\\/\\\/valenciasjb.salesianos.edu\\\/colegio\\\/?s={search_term_string}\"},\"query-input\":{\"@type\":\"PropertyValueSpecification\",\"valueRequired\":true,\"valueName\":\"search_term_string\"}}],\"inLanguage\":\"es\"},{\"@type\":\"Person\",\"@id\":\"https:\\\/\\\/valenciasjb.salesianos.edu\\\/colegio\\\/#\\\/schema\\\/person\\\/ae0ac91eb19a6a2a01c95e29d541a575\",\"name\":\"Administrador Web\",\"image\":{\"@type\":\"ImageObject\",\"inLanguage\":\"es\",\"@id\":\"https:\\\/\\\/secure.gravatar.com\\\/avatar\\\/48a73c544c48a92e9f82115ddc8f6abf90891f033d83384ebe4aafd70f983ec8?s=96&d=mm&r=g\",\"url\":\"https:\\\/\\\/secure.gravatar.com\\\/avatar\\\/48a73c544c48a92e9f82115ddc8f6abf90891f033d83384ebe4aafd70f983ec8?s=96&d=mm&r=g\",\"contentUrl\":\"https:\\\/\\\/secure.gravatar.com\\\/avatar\\\/48a73c544c48a92e9f82115ddc8f6abf90891f033d83384ebe4aafd70f983ec8?s=96&d=mm&r=g\",\"caption\":\"Administrador Web\"}}]}<\/script>\n<!-- \/ Yoast SEO plugin. -->","yoast_head_json":{"title":"50 Aniversario Festival de la Canci\u00f3n - Colegio San Juan Bosco Valencia","description":"D\u00eda de Europa","robots":{"index":"index","follow":"follow","max-snippet":"max-snippet:-1","max-image-preview":"max-image-preview:large","max-video-preview":"max-video-preview:-1"},"canonical":"https:\/\/valenciasjb.salesianos.edu\/colegio\/50-aniversario-festival-de-la-cancion\/","og_locale":"es_ES","og_type":"article","og_title":"50 Aniversario Festival de la Canci\u00f3n - Colegio San Juan Bosco Valencia","og_description":"D\u00eda de Europa","og_url":"https:\/\/valenciasjb.salesianos.edu\/colegio\/50-aniversario-festival-de-la-cancion\/","og_site_name":"Colegio San Juan Bosco Valencia","article_publisher":"https:\/\/www.facebook.com\/ColegioSalesianoSanJuanBoscoValencia","article_published_time":"2025-05-14T17:33:10+00:00","article_modified_time":"2025-05-19T07:28:02+00:00","og_image":[{"width":1036,"height":1500,"url":"https:\/\/valenciasjb.salesianos.edu\/colegio\/wp-content\/uploads\/sites\/2\/2025\/05\/Cartel-Festival-cancion-1-1.png","type":"image\/png"}],"author":"Administrador Web","twitter_card":"summary_large_image","twitter_creator":"@SalesianosVSJB","twitter_site":"@SalesianosVSJB","twitter_misc":{"Escrito por":"Administrador Web","Tiempo de lectura":"2 minutos"},"schema":{"@context":"https:\/\/schema.org","@graph":[{"@type":"ScholarlyArticle","@id":"https:\/\/valenciasjb.salesianos.edu\/colegio\/50-aniversario-festival-de-la-cancion\/#article","isPartOf":{"@id":"https:\/\/valenciasjb.salesianos.edu\/colegio\/50-aniversario-festival-de-la-cancion\/"},"author":{"name":"Administrador Web","@id":"https:\/\/valenciasjb.salesianos.edu\/colegio\/#\/schema\/person\/ae0ac91eb19a6a2a01c95e29d541a575"},"headline":"50 Aniversario Festival de la Canci\u00f3n","datePublished":"2025-05-14T17:33:10+00:00","dateModified":"2025-05-19T07:28:02+00:00","mainEntityOfPage":{"@id":"https:\/\/valenciasjb.salesianos.edu\/colegio\/50-aniversario-festival-de-la-cancion\/"},"wordCount":480,"image":{"@id":"https:\/\/valenciasjb.salesianos.edu\/colegio\/50-aniversario-festival-de-la-cancion\/#primaryimage"},"thumbnailUrl":"https:\/\/valenciasjb.salesianos.edu\/colegio\/wp-content\/uploads\/sites\/2\/2025\/05\/Cartel-Festival-cancion-1-1.png","articleSection":["Noticia Colegio"],"inLanguage":"es"},{"@type":"WebPage","@id":"https:\/\/valenciasjb.salesianos.edu\/colegio\/50-aniversario-festival-de-la-cancion\/","url":"https:\/\/valenciasjb.salesianos.edu\/colegio\/50-aniversario-festival-de-la-cancion\/","name":"50 Aniversario Festival de la Canci\u00f3n - Colegio San Juan Bosco Valencia","isPartOf":{"@id":"https:\/\/valenciasjb.salesianos.edu\/colegio\/#website"},"primaryImageOfPage":{"@id":"https:\/\/valenciasjb.salesianos.edu\/colegio\/50-aniversario-festival-de-la-cancion\/#primaryimage"},"image":{"@id":"https:\/\/valenciasjb.salesianos.edu\/colegio\/50-aniversario-festival-de-la-cancion\/#primaryimage"},"thumbnailUrl":"https:\/\/valenciasjb.salesianos.edu\/colegio\/wp-content\/uploads\/sites\/2\/2025\/05\/Cartel-Festival-cancion-1-1.png","datePublished":"2025-05-14T17:33:10+00:00","dateModified":"2025-05-19T07:28:02+00:00","author":{"@id":"https:\/\/valenciasjb.salesianos.edu\/colegio\/#\/schema\/person\/ae0ac91eb19a6a2a01c95e29d541a575"},"description":"D\u00eda de Europa","breadcrumb":{"@id":"https:\/\/valenciasjb.salesianos.edu\/colegio\/50-aniversario-festival-de-la-cancion\/#breadcrumb"},"inLanguage":"es","potentialAction":[{"@type":"ReadAction","target":["https:\/\/valenciasjb.salesianos.edu\/colegio\/50-aniversario-festival-de-la-cancion\/"]}]},{"@type":"ImageObject","inLanguage":"es","@id":"https:\/\/valenciasjb.salesianos.edu\/colegio\/50-aniversario-festival-de-la-cancion\/#primaryimage","url":"https:\/\/valenciasjb.salesianos.edu\/colegio\/wp-content\/uploads\/sites\/2\/2025\/05\/Cartel-Festival-cancion-1-1.png","contentUrl":"https:\/\/valenciasjb.salesianos.edu\/colegio\/wp-content\/uploads\/sites\/2\/2025\/05\/Cartel-Festival-cancion-1-1.png","width":1036,"height":1500},{"@type":"BreadcrumbList","@id":"https:\/\/valenciasjb.salesianos.edu\/colegio\/50-aniversario-festival-de-la-cancion\/#breadcrumb","itemListElement":[{"@type":"ListItem","position":1,"name":"Portada","item":"https:\/\/valenciasjb.salesianos.edu\/colegio\/"},{"@type":"ListItem","position":2,"name":"50 Aniversario Festival de la Canci\u00f3n"}]},{"@type":"WebSite","@id":"https:\/\/valenciasjb.salesianos.edu\/colegio\/#website","url":"https:\/\/valenciasjb.salesianos.edu\/colegio\/","name":"Colegio San Juan Bosco Valencia","description":"P\u00e1gina oficial del Colegio Salesianos San Juan Bosco Valencia","alternateName":"Salesianos.VSJB","potentialAction":[{"@type":"SearchAction","target":{"@type":"EntryPoint","urlTemplate":"https:\/\/valenciasjb.salesianos.edu\/colegio\/?s={search_term_string}"},"query-input":{"@type":"PropertyValueSpecification","valueRequired":true,"valueName":"search_term_string"}}],"inLanguage":"es"},{"@type":"Person","@id":"https:\/\/valenciasjb.salesianos.edu\/colegio\/#\/schema\/person\/ae0ac91eb19a6a2a01c95e29d541a575","name":"Administrador Web","image":{"@type":"ImageObject","inLanguage":"es","@id":"https:\/\/secure.gravatar.com\/avatar\/48a73c544c48a92e9f82115ddc8f6abf90891f033d83384ebe4aafd70f983ec8?s=96&d=mm&r=g","url":"https:\/\/secure.gravatar.com\/avatar\/48a73c544c48a92e9f82115ddc8f6abf90891f033d83384ebe4aafd70f983ec8?s=96&d=mm&r=g","contentUrl":"https:\/\/secure.gravatar.com\/avatar\/48a73c544c48a92e9f82115ddc8f6abf90891f033d83384ebe4aafd70f983ec8?s=96&d=mm&r=g","caption":"Administrador Web"}}]}},"_links":{"self":[{"href":"https:\/\/valenciasjb.salesianos.edu\/colegio\/wp-json\/wp\/v2\/posts\/23388","targetHints":{"allow":["GET"]}}],"collection":[{"href":"https:\/\/valenciasjb.salesianos.edu\/colegio\/wp-json\/wp\/v2\/posts"}],"about":[{"href":"https:\/\/valenciasjb.salesianos.edu\/colegio\/wp-json\/wp\/v2\/types\/post"}],"author":[{"embeddable":true,"href":"https:\/\/valenciasjb.salesianos.edu\/colegio\/wp-json\/wp\/v2\/users\/2"}],"replies":[{"embeddable":true,"href":"https:\/\/valenciasjb.salesianos.edu\/colegio\/wp-json\/wp\/v2\/comments?post=23388"}],"version-history":[{"count":8,"href":"https:\/\/valenciasjb.salesianos.edu\/colegio\/wp-json\/wp\/v2\/posts\/23388\/revisions"}],"predecessor-version":[{"id":23427,"href":"https:\/\/valenciasjb.salesianos.edu\/colegio\/wp-json\/wp\/v2\/posts\/23388\/revisions\/23427"}],"wp:featuredmedia":[{"embeddable":true,"href":"https:\/\/valenciasjb.salesianos.edu\/colegio\/wp-json\/wp\/v2\/media\/23368"}],"wp:attachment":[{"href":"https:\/\/valenciasjb.salesianos.edu\/colegio\/wp-json\/wp\/v2\/media?parent=23388"}],"wp:term":[{"taxonomy":"category","embeddable":true,"href":"https:\/\/valenciasjb.salesianos.edu\/colegio\/wp-json\/wp\/v2\/categories?post=23388"},{"taxonomy":"post_tag","embeddable":true,"href":"https:\/\/valenciasjb.salesianos.edu\/colegio\/wp-json\/wp\/v2\/tags?post=23388"}],"curies":[{"name":"wp","href":"https:\/\/api.w.org\/{rel}","templated":true}]}}