{"id":23399,"date":"2025-05-19T07:36:51","date_gmt":"2025-05-19T06:36:51","guid":{"rendered":"https:\/\/valenciasjb.salesianos.edu\/colegio\/?p=23399"},"modified":"2025-05-20T12:36:09","modified_gmt":"2025-05-20T11:36:09","slug":"premio-magistrals-upv","status":"publish","type":"post","link":"https:\/\/valenciasjb.salesianos.edu\/colegio\/premio-magistrals-upv\/","title":{"rendered":"Premio Magistrals UPV"},"content":{"rendered":"<div id=\"fb-root\"><\/div>\n<p>[et_pb_section fb_built=\u00bb1&#8243; admin_label=\u00bbsection\u00bb _builder_version=\u00bb4.16&#8243; global_colors_info=\u00bb{}\u00bb][et_pb_row admin_label=\u00bbrow\u00bb _builder_version=\u00bb4.16&#8243; background_size=\u00bbinitial\u00bb background_position=\u00bbtop_left\u00bb background_repeat=\u00bbrepeat\u00bb global_colors_info=\u00bb{}\u00bb][et_pb_column type=\u00bb4_4&#8243; _builder_version=\u00bb4.16&#8243; custom_padding=\u00bb|||\u00bb global_colors_info=\u00bb{}\u00bb custom_padding__hover=\u00bb|||\u00bb][et_pb_text admin_label=\u00bbEntradilla (Texto)\u00bb _builder_version=\u00bb4.27.4&#8243; text_font=\u00bb|on|||\u00bb text_orientation=\u00bbjustified\u00bb module_alignment=\u00bbjustified\u00bb global_colors_info=\u00bb{}\u00bb]<\/p>\n<p>C\u00e1rol Pablo Puchades, profesora de Secundaria y Bachillerato, galardonada con el premio Magistrales 2025 de la UPV<\/p>\n<p>[\/et_pb_text][et_pb_text admin_label=\u00bbAutor (Texto)\u00bb _builder_version=\u00bb4.27.4&#8243; text_font=\u00bb||on||\u00bb global_colors_info=\u00bb{}\u00bb]<\/p>\n<p>Aitana Rodr\u00edguez<\/p>\n<p>[\/et_pb_text][et_pb_text admin_label=\u00bbDesarrollo (Texto)\u00bb _builder_version=\u00bb4.27.4&#8243; text_orientation=\u00bbjustified\u00bb module_alignment=\u00bbjustified\u00bb hover_enabled=\u00bb0&#8243; global_colors_info=\u00bb{}\u00bb sticky_enabled=\u00bb0&#8243;]<\/p>\n<p dir=\"ltr\">Como dec\u00eda Don Bosco, \u201cla educaci\u00f3n es cosa del coraz\u00f3n\u201d. Y cuando una docente deja huella en sus alumnos no solo por lo que ense\u00f1a, sino por c\u00f3mo lo vive, se nota.<\/p>\n<p dir=\"ltr\">Hace unos d\u00edas, C\u00e1rol Pablo Puchades, profesora de Lengua Castellana y Literatura de ESO y Bachillerato, recibi\u00f3 el\u00a0<strong>Premio Magistrales 2025<\/strong>, un galard\u00f3n que otorga anualmente la Universitat Polit\u00e8cnica de Val\u00e8ncia (UPV) a docentes que, m\u00e1s all\u00e1 de preparar a los estudiantes para obtener buenas calificaciones en las temidas PAU, se implican personalmente con su alumnado. Son los propios estudiantes de primero de la UPV quienes, a trav\u00e9s de una encuesta, recomiendan a aquel profesor o profesora que m\u00e1s les ha marcado.<\/p>\n<p dir=\"ltr\">Con motivo de este reconocimiento, dos alumnos que acaban de finalizar 2\u00ba de Bachillerato, Mario Civera y Andr\u00e9s Quiles, han querido entrevistar a C\u00e1rol Pablo para conocer m\u00e1s de cerca su reacci\u00f3n al recibir este premio, su forma de entender la docencia y el v\u00ednculo que crea con sus alumnos.<\/p>\n<p dir=\"ltr\"><strong>\u00bfQu\u00e9 sentiste al saber que te hab\u00edan reconocido tu trabajo mediante un premio tan importante? \u00bfTe lo esperabas?<\/strong><\/p>\n<p dir=\"ltr\">No, no me lo esperaba. De hecho, cuando me llamaron del polit\u00e9cnico, no me localizaron a la primera, tuvieron que dejar el recado y yo pensaba que se hab\u00edan equivocado, que estaban llamando a Pablo, el orientador, para las visitas de 2\u00ba de bachillerato de este a\u00f1o y ya cuando me volvieron a llamar y me dijeron que me hab\u00edan dado el premio,\u00a0 lo primero que pens\u00e9 era que me estaban vacilando y despu\u00e9s ya empec\u00e9 a cre\u00e9rmelo porque los alumnos del a\u00f1o pasado me escribieron todos dici\u00e9ndome que me hab\u00edan votado y que s\u00ed, que me lo hab\u00edan dado.<\/p>\n<p dir=\"ltr\"><strong>\u00bfNos podr\u00edas explicar un poco c\u00f3mo se hace este proceso para saber en qu\u00e9 consiste el premio y c\u00f3mo lo has llegado a conseguir?<\/strong><\/p>\n<p dir=\"ltr\">Cuando empieza el curso, a todos los alumnos que entran en el polit\u00e9cnico, en primero de cualquier carrera de la UPV,\u00a0 les pasan\u00a0 una encuesta en la que les piden que digan el nombre de un profesor que les ha marcado significativamente en sus vidas,\u00a0 no solo dentro de las aulas, sino a nivel personal, y bueno, los del a\u00f1o pasado, en su mayor\u00eda entiendo, me votaron y estoy entre los veinticinco m\u00e1s votados de toda la UPV.<\/p>\n<p dir=\"ltr\"><strong>Nunca hab\u00edamos o\u00eddo hablar de este premio, \u00bfes la primera vez que se da a alguien de nuestro colegio?<\/strong><\/p>\n<p dir=\"ltr\">Es un premio relativamente nuevo, la UPV lleva solo unos pocos a\u00f1os d\u00e1ndolo, y no, en una de las primeras ediciones se le concedi\u00f3 a Miguel \u00c1ngel Zurano, pero fue en \u00e9poca de pandemia y no tuvo la ceremonia de entrega, pero s\u00ed el reconocimiento.<\/p>\n<p dir=\"ltr\"><strong>Siguiendo el hilo de la pregunta, \u00bfqu\u00e9 crees que tiene de especial tu forma de ense\u00f1ar para haber sido reconocida no solo entre los docentes sino tambi\u00e9n entre los alumnos que te han escogido para que pudieras recibir este galard\u00f3n?<\/strong><\/p>\n<p dir=\"ltr\">Pues la verdad es que no lo s\u00e9,\u00a0 por eso pens\u00e9 que se hab\u00edan equivocado. No creo que haya nada especial;\u00a0 intento empatizar con mis alumnos, intento implicarme con ellos\u00a0 e intento sobre todo pensar qu\u00e9 es lo que necesitan para poder ayudarles durante el a\u00f1o de segundo, sobre todo, que es el m\u00e1s duro para ellos.<\/p>\n<p dir=\"ltr\"><strong>En tus clases, \u00bfqu\u00e9 valores intentas transmitir m\u00e1s all\u00e1 de los contenidos acad\u00e9micos para que las clases sean m\u00e1s divertidas, por as\u00ed decirlo?<\/strong><\/p>\n<p dir=\"ltr\">No pretendo hacer clases divertidas como tal, sino ense\u00f1ar lo que necesitan para la prueba de las PAU y sobre todo intento ser yo misma;\u00a0 intento no ocultar c\u00f3mo soy, no disfrazar las clases y yo creo que al ser yo misma, al ser natural, puedo llegar un poco m\u00e1s.<\/p>\n<p dir=\"ltr\"><strong>Si tuvieras que resumir lo que significa ser docente en una sola frase \u2014como har\u00eda Don Bosco\u2014, \u00bfcu\u00e1l ser\u00eda?<\/strong><\/p>\n<p dir=\"ltr\">Pues yo creo que disfrutar de mi trabajo, disfrutar de las aulas, de los alumnos y acompa\u00f1ar en el proceso de crecimiento, no solo acad\u00e9mico, sino personal.<\/p>\n<p dir=\"ltr\"><strong>Y ya por \u00faltimo, para acabar, \u00bftienes alg\u00fan mensaje para todos aquellos alumnos que han hecho posible que la UPV te d\u00e9 este premio o para todos los alumnos que tuviste el a\u00f1o pasado?<\/strong><\/p>\n<p dir=\"ltr\">Bueno, ya se lo dije a ellos, porque algunos de ellos vinieron a la entrega de premios, a la ceremonia a acompa\u00f1arme y se lo dije y les di las gracias. Desde luego fue muy f\u00e1cil trabajar con ellos, pero bueno, es cierto que me pusieron el trabajo muy f\u00e1cil, y no tengo m\u00e1s que darles las gracias eternamente.<\/p>\n<p dir=\"ltr\"><a href=\"https:\/\/www.levante-emv.com\/comunitat-valenciana\/2025\/05\/09\/politecnica-valencia-premia-25-mejores-profesores-117172787.html\">Noticia de Diario Levante<\/a><\/p>\n<p>[\/et_pb_text][et_pb_text disabled_on=\u00bboff|off|off\u00bb admin_label=\u00bbT\u00edtulo: Galer\u00eda de fotos (Texto)\u00bb _builder_version=\u00bb4.27.4&#8243; text_font=\u00bb|on|||\u00bb text_text_color=\u00bb#dc001b\u00bb border_style=\u00bbsolid\u00bb global_colors_info=\u00bb{}\u00bb]<\/p>\n<p>Galer\u00eda de im\u00e1genes<\/p>\n<p>[\/et_pb_text][et_pb_gallery gallery_ids=\u00bb23418,23417,23416,23415,23414,23413,23412&#8243; posts_number=\u00bb8&#8243; show_title_and_caption=\u00bboff\u00bb zoom_icon_color=\u00bb#dc001b\u00bb hover_icon=\u00bb&#x54;||divi||400&#8243; disabled_on=\u00bboff|off|off\u00bb _builder_version=\u00bb4.27.4&#8243; pagination_font_size_tablet=\u00bb51&#8243; pagination_line_height_tablet=\u00bb2&#8243; global_colors_info=\u00bb{}\u00bb][\/et_pb_gallery][\/et_pb_column][\/et_pb_row][\/et_pb_section]<\/p>\n<!-- AddThis Advanced Settings generic via filter on the_content --><!-- AddThis Share Buttons generic via filter on the_content -->","protected":false},"excerpt":{"rendered":"<p>C\u00e1rol Pablo Puchades, profesora de Secundaria y Bachillerato, galardonada con el premio Magistrales 2025 de la UPVAitana Rodr\u00edguezComo dec\u00eda Don Bosco, \u201cla educaci\u00f3n es cosa del coraz\u00f3n\u201d. Y cuando una docente deja huella en sus alumnos no solo por lo que ense\u00f1a, sino por c\u00f3mo lo vive, se nota. Hace unos d\u00edas, C\u00e1rol Pablo Puchades, [&hellip;]<\/p>\n<p><!-- AddThis Advanced Settings generic via filter on get_the_excerpt --><!-- AddThis Share Buttons generic via filter on get_the_excerpt --><\/p>\n","protected":false},"author":2,"featured_media":23414,"comment_status":"closed","ping_status":"open","sticky":false,"template":"","format":"standard","meta":{"_et_pb_use_builder":"on","_et_pb_old_content":"","_et_gb_content_width":"","footnotes":""},"categories":[14],"tags":[],"class_list":["post-23399","post","type-post","status-publish","format-standard","has-post-thumbnail","hentry","category-noticia_colegio"],"yoast_head":"<!-- This site is optimized with the Yoast SEO plugin v28.3 - https:\/\/yoast.com\/product\/yoast-seo-wordpress\/ -->\n<title>Premio Magistrals UPV - Colegio San Juan Bosco Valencia<\/title>\n<meta name=\"description\" content=\"Premio Magistrals a la profesora Carol Pablo por parte de sus alumnos de la UPV\" \/>\n<meta name=\"robots\" content=\"index, follow, max-snippet:-1, max-image-preview:large, max-video-preview:-1\" \/>\n<link rel=\"canonical\" href=\"https:\/\/valenciasjb.salesianos.edu\/colegio\/premio-magistrals-upv\/\" \/>\n<meta property=\"og:locale\" content=\"es_ES\" \/>\n<meta property=\"og:type\" content=\"article\" \/>\n<meta property=\"og:title\" content=\"Premio Magistrals UPV - Colegio San Juan Bosco Valencia\" \/>\n<meta property=\"og:description\" content=\"Premio Magistrals a la profesora Carol Pablo por parte de sus alumnos de la UPV\" \/>\n<meta property=\"og:url\" content=\"https:\/\/valenciasjb.salesianos.edu\/colegio\/premio-magistrals-upv\/\" \/>\n<meta property=\"og:site_name\" content=\"Colegio San Juan Bosco Valencia\" \/>\n<meta property=\"article:publisher\" content=\"https:\/\/www.facebook.com\/ColegioSalesianoSanJuanBoscoValencia\" \/>\n<meta property=\"article:published_time\" content=\"2025-05-19T06:36:51+00:00\" \/>\n<meta property=\"article:modified_time\" content=\"2025-05-20T11:36:09+00:00\" \/>\n<meta property=\"og:image\" content=\"https:\/\/valenciasjb.salesianos.edu\/colegio\/wp-content\/uploads\/sites\/2\/2025\/05\/Premio-Magistrals-Carol-Pablo-003.jpg\" \/>\n\t<meta property=\"og:image:width\" content=\"1620\" \/>\n\t<meta property=\"og:image:height\" content=\"1080\" \/>\n\t<meta property=\"og:image:type\" content=\"image\/jpeg\" \/>\n<meta name=\"author\" content=\"Administrador Web\" \/>\n<meta name=\"twitter:card\" content=\"summary_large_image\" \/>\n<meta name=\"twitter:creator\" content=\"@SalesianosVSJB\" \/>\n<meta name=\"twitter:site\" content=\"@SalesianosVSJB\" \/>\n<meta name=\"twitter:label1\" content=\"Escrito por\" \/>\n\t<meta name=\"twitter:data1\" content=\"Administrador Web\" \/>\n\t<meta name=\"twitter:label2\" content=\"Tiempo de lectura\" \/>\n\t<meta name=\"twitter:data2\" content=\"6 minutos\" \/>\n<script type=\"application\/ld+json\" class=\"yoast-schema-graph\">{\"@context\":\"https:\\\/\\\/schema.org\",\"@graph\":[{\"@type\":\"ScholarlyArticle\",\"@id\":\"https:\\\/\\\/valenciasjb.salesianos.edu\\\/colegio\\\/premio-magistrals-upv\\\/#article\",\"isPartOf\":{\"@id\":\"https:\\\/\\\/valenciasjb.salesianos.edu\\\/colegio\\\/premio-magistrals-upv\\\/\"},\"author\":{\"name\":\"Administrador Web\",\"@id\":\"https:\\\/\\\/valenciasjb.salesianos.edu\\\/colegio\\\/#\\\/schema\\\/person\\\/ae0ac91eb19a6a2a01c95e29d541a575\"},\"headline\":\"Premio Magistrals UPV\",\"datePublished\":\"2025-05-19T06:36:51+00:00\",\"dateModified\":\"2025-05-20T11:36:09+00:00\",\"mainEntityOfPage\":{\"@id\":\"https:\\\/\\\/valenciasjb.salesianos.edu\\\/colegio\\\/premio-magistrals-upv\\\/\"},\"wordCount\":1051,\"image\":{\"@id\":\"https:\\\/\\\/valenciasjb.salesianos.edu\\\/colegio\\\/premio-magistrals-upv\\\/#primaryimage\"},\"thumbnailUrl\":\"https:\\\/\\\/valenciasjb.salesianos.edu\\\/colegio\\\/wp-content\\\/uploads\\\/sites\\\/2\\\/2025\\\/05\\\/Premio-Magistrals-Carol-Pablo-003.jpg\",\"articleSection\":[\"Noticia Colegio\"],\"inLanguage\":\"es\"},{\"@type\":\"WebPage\",\"@id\":\"https:\\\/\\\/valenciasjb.salesianos.edu\\\/colegio\\\/premio-magistrals-upv\\\/\",\"url\":\"https:\\\/\\\/valenciasjb.salesianos.edu\\\/colegio\\\/premio-magistrals-upv\\\/\",\"name\":\"Premio Magistrals UPV - Colegio San Juan Bosco Valencia\",\"isPartOf\":{\"@id\":\"https:\\\/\\\/valenciasjb.salesianos.edu\\\/colegio\\\/#website\"},\"primaryImageOfPage\":{\"@id\":\"https:\\\/\\\/valenciasjb.salesianos.edu\\\/colegio\\\/premio-magistrals-upv\\\/#primaryimage\"},\"image\":{\"@id\":\"https:\\\/\\\/valenciasjb.salesianos.edu\\\/colegio\\\/premio-magistrals-upv\\\/#primaryimage\"},\"thumbnailUrl\":\"https:\\\/\\\/valenciasjb.salesianos.edu\\\/colegio\\\/wp-content\\\/uploads\\\/sites\\\/2\\\/2025\\\/05\\\/Premio-Magistrals-Carol-Pablo-003.jpg\",\"datePublished\":\"2025-05-19T06:36:51+00:00\",\"dateModified\":\"2025-05-20T11:36:09+00:00\",\"author\":{\"@id\":\"https:\\\/\\\/valenciasjb.salesianos.edu\\\/colegio\\\/#\\\/schema\\\/person\\\/ae0ac91eb19a6a2a01c95e29d541a575\"},\"description\":\"Premio Magistrals a la profesora Carol Pablo por parte de sus alumnos de la UPV\",\"breadcrumb\":{\"@id\":\"https:\\\/\\\/valenciasjb.salesianos.edu\\\/colegio\\\/premio-magistrals-upv\\\/#breadcrumb\"},\"inLanguage\":\"es\",\"potentialAction\":[{\"@type\":\"ReadAction\",\"target\":[\"https:\\\/\\\/valenciasjb.salesianos.edu\\\/colegio\\\/premio-magistrals-upv\\\/\"]}]},{\"@type\":\"ImageObject\",\"inLanguage\":\"es\",\"@id\":\"https:\\\/\\\/valenciasjb.salesianos.edu\\\/colegio\\\/premio-magistrals-upv\\\/#primaryimage\",\"url\":\"https:\\\/\\\/valenciasjb.salesianos.edu\\\/colegio\\\/wp-content\\\/uploads\\\/sites\\\/2\\\/2025\\\/05\\\/Premio-Magistrals-Carol-Pablo-003.jpg\",\"contentUrl\":\"https:\\\/\\\/valenciasjb.salesianos.edu\\\/colegio\\\/wp-content\\\/uploads\\\/sites\\\/2\\\/2025\\\/05\\\/Premio-Magistrals-Carol-Pablo-003.jpg\",\"width\":1620,\"height\":1080},{\"@type\":\"BreadcrumbList\",\"@id\":\"https:\\\/\\\/valenciasjb.salesianos.edu\\\/colegio\\\/premio-magistrals-upv\\\/#breadcrumb\",\"itemListElement\":[{\"@type\":\"ListItem\",\"position\":1,\"name\":\"Portada\",\"item\":\"https:\\\/\\\/valenciasjb.salesianos.edu\\\/colegio\\\/\"},{\"@type\":\"ListItem\",\"position\":2,\"name\":\"Premio Magistrals UPV\"}]},{\"@type\":\"WebSite\",\"@id\":\"https:\\\/\\\/valenciasjb.salesianos.edu\\\/colegio\\\/#website\",\"url\":\"https:\\\/\\\/valenciasjb.salesianos.edu\\\/colegio\\\/\",\"name\":\"Colegio San Juan Bosco Valencia\",\"description\":\"P\u00e1gina oficial del Colegio Salesianos San Juan Bosco Valencia\",\"alternateName\":\"Salesianos.VSJB\",\"potentialAction\":[{\"@type\":\"SearchAction\",\"target\":{\"@type\":\"EntryPoint\",\"urlTemplate\":\"https:\\\/\\\/valenciasjb.salesianos.edu\\\/colegio\\\/?s={search_term_string}\"},\"query-input\":{\"@type\":\"PropertyValueSpecification\",\"valueRequired\":true,\"valueName\":\"search_term_string\"}}],\"inLanguage\":\"es\"},{\"@type\":\"Person\",\"@id\":\"https:\\\/\\\/valenciasjb.salesianos.edu\\\/colegio\\\/#\\\/schema\\\/person\\\/ae0ac91eb19a6a2a01c95e29d541a575\",\"name\":\"Administrador Web\",\"image\":{\"@type\":\"ImageObject\",\"inLanguage\":\"es\",\"@id\":\"https:\\\/\\\/secure.gravatar.com\\\/avatar\\\/48a73c544c48a92e9f82115ddc8f6abf90891f033d83384ebe4aafd70f983ec8?s=96&d=mm&r=g\",\"url\":\"https:\\\/\\\/secure.gravatar.com\\\/avatar\\\/48a73c544c48a92e9f82115ddc8f6abf90891f033d83384ebe4aafd70f983ec8?s=96&d=mm&r=g\",\"contentUrl\":\"https:\\\/\\\/secure.gravatar.com\\\/avatar\\\/48a73c544c48a92e9f82115ddc8f6abf90891f033d83384ebe4aafd70f983ec8?s=96&d=mm&r=g\",\"caption\":\"Administrador Web\"}}]}<\/script>\n<!-- \/ Yoast SEO plugin. -->","yoast_head_json":{"title":"Premio Magistrals UPV - Colegio San Juan Bosco Valencia","description":"Premio Magistrals a la profesora Carol Pablo por parte de sus alumnos de la UPV","robots":{"index":"index","follow":"follow","max-snippet":"max-snippet:-1","max-image-preview":"max-image-preview:large","max-video-preview":"max-video-preview:-1"},"canonical":"https:\/\/valenciasjb.salesianos.edu\/colegio\/premio-magistrals-upv\/","og_locale":"es_ES","og_type":"article","og_title":"Premio Magistrals UPV - Colegio San Juan Bosco Valencia","og_description":"Premio Magistrals a la profesora Carol Pablo por parte de sus alumnos de la UPV","og_url":"https:\/\/valenciasjb.salesianos.edu\/colegio\/premio-magistrals-upv\/","og_site_name":"Colegio San Juan Bosco Valencia","article_publisher":"https:\/\/www.facebook.com\/ColegioSalesianoSanJuanBoscoValencia","article_published_time":"2025-05-19T06:36:51+00:00","article_modified_time":"2025-05-20T11:36:09+00:00","og_image":[{"width":1620,"height":1080,"url":"https:\/\/valenciasjb.salesianos.edu\/colegio\/wp-content\/uploads\/sites\/2\/2025\/05\/Premio-Magistrals-Carol-Pablo-003.jpg","type":"image\/jpeg"}],"author":"Administrador Web","twitter_card":"summary_large_image","twitter_creator":"@SalesianosVSJB","twitter_site":"@SalesianosVSJB","twitter_misc":{"Escrito por":"Administrador Web","Tiempo de lectura":"6 minutos"},"schema":{"@context":"https:\/\/schema.org","@graph":[{"@type":"ScholarlyArticle","@id":"https:\/\/valenciasjb.salesianos.edu\/colegio\/premio-magistrals-upv\/#article","isPartOf":{"@id":"https:\/\/valenciasjb.salesianos.edu\/colegio\/premio-magistrals-upv\/"},"author":{"name":"Administrador Web","@id":"https:\/\/valenciasjb.salesianos.edu\/colegio\/#\/schema\/person\/ae0ac91eb19a6a2a01c95e29d541a575"},"headline":"Premio Magistrals UPV","datePublished":"2025-05-19T06:36:51+00:00","dateModified":"2025-05-20T11:36:09+00:00","mainEntityOfPage":{"@id":"https:\/\/valenciasjb.salesianos.edu\/colegio\/premio-magistrals-upv\/"},"wordCount":1051,"image":{"@id":"https:\/\/valenciasjb.salesianos.edu\/colegio\/premio-magistrals-upv\/#primaryimage"},"thumbnailUrl":"https:\/\/valenciasjb.salesianos.edu\/colegio\/wp-content\/uploads\/sites\/2\/2025\/05\/Premio-Magistrals-Carol-Pablo-003.jpg","articleSection":["Noticia Colegio"],"inLanguage":"es"},{"@type":"WebPage","@id":"https:\/\/valenciasjb.salesianos.edu\/colegio\/premio-magistrals-upv\/","url":"https:\/\/valenciasjb.salesianos.edu\/colegio\/premio-magistrals-upv\/","name":"Premio Magistrals UPV - Colegio San Juan Bosco Valencia","isPartOf":{"@id":"https:\/\/valenciasjb.salesianos.edu\/colegio\/#website"},"primaryImageOfPage":{"@id":"https:\/\/valenciasjb.salesianos.edu\/colegio\/premio-magistrals-upv\/#primaryimage"},"image":{"@id":"https:\/\/valenciasjb.salesianos.edu\/colegio\/premio-magistrals-upv\/#primaryimage"},"thumbnailUrl":"https:\/\/valenciasjb.salesianos.edu\/colegio\/wp-content\/uploads\/sites\/2\/2025\/05\/Premio-Magistrals-Carol-Pablo-003.jpg","datePublished":"2025-05-19T06:36:51+00:00","dateModified":"2025-05-20T11:36:09+00:00","author":{"@id":"https:\/\/valenciasjb.salesianos.edu\/colegio\/#\/schema\/person\/ae0ac91eb19a6a2a01c95e29d541a575"},"description":"Premio Magistrals a la profesora Carol Pablo por parte de sus alumnos de la UPV","breadcrumb":{"@id":"https:\/\/valenciasjb.salesianos.edu\/colegio\/premio-magistrals-upv\/#breadcrumb"},"inLanguage":"es","potentialAction":[{"@type":"ReadAction","target":["https:\/\/valenciasjb.salesianos.edu\/colegio\/premio-magistrals-upv\/"]}]},{"@type":"ImageObject","inLanguage":"es","@id":"https:\/\/valenciasjb.salesianos.edu\/colegio\/premio-magistrals-upv\/#primaryimage","url":"https:\/\/valenciasjb.salesianos.edu\/colegio\/wp-content\/uploads\/sites\/2\/2025\/05\/Premio-Magistrals-Carol-Pablo-003.jpg","contentUrl":"https:\/\/valenciasjb.salesianos.edu\/colegio\/wp-content\/uploads\/sites\/2\/2025\/05\/Premio-Magistrals-Carol-Pablo-003.jpg","width":1620,"height":1080},{"@type":"BreadcrumbList","@id":"https:\/\/valenciasjb.salesianos.edu\/colegio\/premio-magistrals-upv\/#breadcrumb","itemListElement":[{"@type":"ListItem","position":1,"name":"Portada","item":"https:\/\/valenciasjb.salesianos.edu\/colegio\/"},{"@type":"ListItem","position":2,"name":"Premio Magistrals UPV"}]},{"@type":"WebSite","@id":"https:\/\/valenciasjb.salesianos.edu\/colegio\/#website","url":"https:\/\/valenciasjb.salesianos.edu\/colegio\/","name":"Colegio San Juan Bosco Valencia","description":"P\u00e1gina oficial del Colegio Salesianos San Juan Bosco Valencia","alternateName":"Salesianos.VSJB","potentialAction":[{"@type":"SearchAction","target":{"@type":"EntryPoint","urlTemplate":"https:\/\/valenciasjb.salesianos.edu\/colegio\/?s={search_term_string}"},"query-input":{"@type":"PropertyValueSpecification","valueRequired":true,"valueName":"search_term_string"}}],"inLanguage":"es"},{"@type":"Person","@id":"https:\/\/valenciasjb.salesianos.edu\/colegio\/#\/schema\/person\/ae0ac91eb19a6a2a01c95e29d541a575","name":"Administrador Web","image":{"@type":"ImageObject","inLanguage":"es","@id":"https:\/\/secure.gravatar.com\/avatar\/48a73c544c48a92e9f82115ddc8f6abf90891f033d83384ebe4aafd70f983ec8?s=96&d=mm&r=g","url":"https:\/\/secure.gravatar.com\/avatar\/48a73c544c48a92e9f82115ddc8f6abf90891f033d83384ebe4aafd70f983ec8?s=96&d=mm&r=g","contentUrl":"https:\/\/secure.gravatar.com\/avatar\/48a73c544c48a92e9f82115ddc8f6abf90891f033d83384ebe4aafd70f983ec8?s=96&d=mm&r=g","caption":"Administrador Web"}}]}},"_links":{"self":[{"href":"https:\/\/valenciasjb.salesianos.edu\/colegio\/wp-json\/wp\/v2\/posts\/23399","targetHints":{"allow":["GET"]}}],"collection":[{"href":"https:\/\/valenciasjb.salesianos.edu\/colegio\/wp-json\/wp\/v2\/posts"}],"about":[{"href":"https:\/\/valenciasjb.salesianos.edu\/colegio\/wp-json\/wp\/v2\/types\/post"}],"author":[{"embeddable":true,"href":"https:\/\/valenciasjb.salesianos.edu\/colegio\/wp-json\/wp\/v2\/users\/2"}],"replies":[{"embeddable":true,"href":"https:\/\/valenciasjb.salesianos.edu\/colegio\/wp-json\/wp\/v2\/comments?post=23399"}],"version-history":[{"count":7,"href":"https:\/\/valenciasjb.salesianos.edu\/colegio\/wp-json\/wp\/v2\/posts\/23399\/revisions"}],"predecessor-version":[{"id":23432,"href":"https:\/\/valenciasjb.salesianos.edu\/colegio\/wp-json\/wp\/v2\/posts\/23399\/revisions\/23432"}],"wp:featuredmedia":[{"embeddable":true,"href":"https:\/\/valenciasjb.salesianos.edu\/colegio\/wp-json\/wp\/v2\/media\/23414"}],"wp:attachment":[{"href":"https:\/\/valenciasjb.salesianos.edu\/colegio\/wp-json\/wp\/v2\/media?parent=23399"}],"wp:term":[{"taxonomy":"category","embeddable":true,"href":"https:\/\/valenciasjb.salesianos.edu\/colegio\/wp-json\/wp\/v2\/categories?post=23399"},{"taxonomy":"post_tag","embeddable":true,"href":"https:\/\/valenciasjb.salesianos.edu\/colegio\/wp-json\/wp\/v2\/tags?post=23399"}],"curies":[{"name":"wp","href":"https:\/\/api.w.org\/{rel}","templated":true}]}}