{"id":24420,"date":"2026-05-16T08:54:01","date_gmt":"2026-05-16T07:54:01","guid":{"rendered":"https:\/\/valenciasjb.salesianos.edu\/colegio\/?p=24420"},"modified":"2026-05-16T08:54:17","modified_gmt":"2026-05-16T07:54:17","slug":"graduacion-de-la-promocion-2026-de-bachillerato","status":"publish","type":"post","link":"https:\/\/valenciasjb.salesianos.edu\/colegio\/graduacion-de-la-promocion-2026-de-bachillerato\/","title":{"rendered":"Graduaci\u00f3n de la Promoci\u00f3n 2026 de Bachillerato"},"content":{"rendered":"<div id=\"fb-root\"><\/div>\n<p>[et_pb_section fb_built=\u00bb1&#8243; admin_label=\u00bbsection\u00bb _builder_version=\u00bb4.16&#8243; global_colors_info=\u00bb{}\u00bb][et_pb_row admin_label=\u00bbrow\u00bb _builder_version=\u00bb4.16&#8243; background_size=\u00bbinitial\u00bb background_position=\u00bbtop_left\u00bb background_repeat=\u00bbrepeat\u00bb global_colors_info=\u00bb{}\u00bb][et_pb_column type=\u00bb4_4&#8243; _builder_version=\u00bb4.16&#8243; custom_padding=\u00bb|||\u00bb global_colors_info=\u00bb{}\u00bb custom_padding__hover=\u00bb|||\u00bb][et_pb_text admin_label=\u00bbEntradilla (Texto)\u00bb _builder_version=\u00bb4.27.5&#8243; text_font=\u00bb|on|||\u00bb text_orientation=\u00bbjustified\u00bb module_alignment=\u00bbjustified\u00bb global_colors_info=\u00bb{}\u00bb]<\/p>\n<p dir=\"auto\" data-removefontsize=\"true\" data-originalcomputedfontsize=\"16\"><b>Emoci\u00f3n y gratitud en la graduaci\u00f3n de la Promoci\u00f3n 2026 de Bachillerato<\/b><\/p>\n<p><span style=\"font-weight: 400;\">El Colegio Salesiano San Juan Bosco se visti\u00f3 de gala ayer, <\/span><b>viernes 15 de mayo<\/b><span style=\"font-weight: 400;\">, para celebrar uno de los eventos m\u00e1s esperados y emotivos del curso: <\/span><b>el Acto de Graduaci\u00f3n de la Promoci\u00f3n 2026<\/b><span style=\"font-weight: 400;\">. Tras finalizar con \u00e9xito el segundo curso de Bachillerato, nuestros alumnos y alumnas cierran una etapa brillante para abrirse paso hacia su futuro.<\/span><\/p>\n<p><span style=\"font-weight: 400;\">La jornada estuvo marcada por los recuerdos, la alegr\u00eda compartida con las familias y educadores, y un profundo sentido de agradecimiento.<\/span><\/p>\n<p>[\/et_pb_text][et_pb_text admin_label=\u00bbAutor (Texto)\u00bb _builder_version=\u00bb4.27.5&#8243; text_font=\u00bb||on||\u00bb global_colors_info=\u00bb{}\u00bb]<\/p>\n<p>Redacci\u00f3n\u00a0<\/p>\n<p>[\/et_pb_text][et_pb_text admin_label=\u00bbDesarrollo (Texto)\u00bb _builder_version=\u00bb4.27.5&#8243; text_orientation=\u00bbjustified\u00bb module_alignment=\u00bbjustified\u00bb global_colors_info=\u00bb{}\u00bb]<\/p>\n<h2><b>Una ma\u00f1ana de agradecimiento: 15 a\u00f1os de vida compartida<\/b><\/h2>\n<p><span style=\"font-weight: 400;\">Los actos comenzaron a primera hora de la ma\u00f1ana en la iglesia del centro. Los alumnos celebraron una <\/span><b>Eucarist\u00eda de acci\u00f3n de gracias<\/b><span style=\"font-weight: 400;\">, un espacio de recogimiento y oraci\u00f3n donde los j\u00f3venes del \u00faltimo curso de Bachillerato pudieron echar la vista atr\u00e1s y agradecer a Mar\u00eda Auxiliadora todo lo que ha hecho por ellos..<\/span><\/p>\n<p><span style=\"font-weight: 400;\">No era para menos: para la gran mayor\u00eda de ellos, esta celebraci\u00f3n pon\u00eda el broche de oro a <\/span><b>15 a\u00f1os de trayectoria en el colegio<\/b><span style=\"font-weight: 400;\">, desde que entraron con apenas 3 a\u00f1itos en Educaci\u00f3n Infantil y tambi\u00e9n para los que se incorporaron en la ESO o en bachillerato hace tan solo 2 a\u00f1os. Durante la celebraci\u00f3n lit\u00fargica se vivieron momentos de gran espiritualidad, dando gracias por las amistades forjadas, las lecciones aprendidas y el crecimiento personal vivido bajo el techo de Don Bosco.<\/span><\/p>\n<h2><b>El Acto Institucional: Talento, discursos y un viaje en el tiempo.<\/b><\/h2>\n<p><span style=\"font-weight: 400;\">Ya por la tarde, los focos se trasladaron al teatro del colegio para la celebraci\u00f3n del <\/span><b>acto institucional<\/b><span style=\"font-weight: 400;\">, un evento lleno de sorpresas y mucha emoci\u00f3n.<\/span><\/p>\n<p><span style=\"font-weight: 400;\">El inicio no pudo ser m\u00e1s especial: el acto arranc\u00f3 con la <\/span><b>actuaci\u00f3n de una canci\u00f3n que los propios alumnos hab\u00edan grabado previamente<\/b><span style=\"font-weight: 400;\">, un derroche de talento y uni\u00f3n que puso en pie a todo el auditorio desde los primeros compases.<\/span><\/p>\n<p><span style=\"font-weight: 400;\">La gala estuvo magn\u00edficamente conducida por la jefa de estudios de Bachillerato, quien fue hilando con sensibilidad y dinamismo cada una de las intervenciones. A lo largo de la tarde, el escenario del teatro se convirti\u00f3 en un altavoz de agradecimientos y buenos deseos a trav\u00e9s de la voz de todos los estamentos de la comunidad educativa:<\/span><\/p>\n<p><b>La Direcci\u00f3n del centro, <\/b><span style=\"font-weight: 400;\">quienes destacaron el esfuerzo y la madurez demostrada por esta promoci\u00f3n. <\/span><b>La Asociaci\u00f3n de Madres y Padres (AMPA)<\/b><span style=\"font-weight: 400;\">, que dedic\u00f3 unas afectuosas palabras de apoyo a las familias y a los futuros universitarios. Representantes de la <\/span><b>Asociaci\u00f3n de Antiguos Alumnos <\/b><span style=\"font-weight: 400;\">que los invitaron a que puedan continuar ligados al proyecto de Don Bosco. <\/span><b>Los profesores y tutores<\/b><span style=\"font-weight: 400;\">, que compartieron an\u00e9cdotas del d\u00eda a d\u00eda en las aulas, y <\/span><b>los propios Alumnos<\/b><span style=\"font-weight: 400;\">, que emocionaron a los asistentes con un creativo y emotivo paso por las diferentes etapas en las que crecieron y las vivencias que han marcado su paso por el colegio.<\/span><\/p>\n<h3><b>Un cierre inolvidable<\/b><\/h3>\n<p><span style=\"font-weight: 400;\">El broche de oro de la tarde (y de estos 15 a\u00f1os) los alumnos y alumnas fueron llamados uno a uno a subir al escenario a recibir el abrazo y un peque\u00f1o regalo de sus tutores. Fotos oficiales para terminar el acto y la proyecci\u00f3n de un <\/span><b>v\u00eddeo de fotos de recuerdo<\/b><span style=\"font-weight: 400;\">. Fue un aut\u00e9ntico viaje en el tiempo que recorri\u00f3 el paso de los graduados por las diferentes etapas del colegio: desde aquellas caritas sonrientes en <\/span><b>Infantil<\/b><span style=\"font-weight: 400;\">, las travesuras de <\/span><b>Primaria<\/b><span style=\"font-weight: 400;\">, el cambio de la <\/span><b>ESO<\/b><span style=\"font-weight: 400;\">, hasta el esfuerzo final en <\/span><b>Bachillerato<\/b><span style=\"font-weight: 400;\">. Las sonrisas, los aplausos y alguna que otra l\u00e1grima furtiva reflejaron el orgullo de una vida compartida en \u00e9sta, la que ser\u00e1 siempre su casa.<\/span><\/p>\n<p><span style=\"font-weight: 400;\">Al terminar el acto los alumnos y sus profesores disfrutaron de una cena de gala en el jard\u00edn del colegio.<\/span><\/p>\n<p><span style=\"font-weight: 400;\">\u00a1Enhorabuena a la Promoci\u00f3n 2026! Estamos profundamente orgullosos de vosotros. \u00a1Muchos \u00e9xitos en vuestra nueva etapa!<\/span><\/p>\n<p><b>#protagonistasdelahistoria #educarso\u00f1andounmundomejor #graduaci\u00f3n #colegioconcertado<\/b><\/p>\n<p>[\/et_pb_text][et_pb_text disabled_on=\u00bboff|off|off\u00bb admin_label=\u00bbT\u00edtulo: Galer\u00eda de fotos (Texto)\u00bb _builder_version=\u00bb4.27.0&#8243; text_font=\u00bb|on|||\u00bb text_text_color=\u00bb#dc001b\u00bb border_style=\u00bbsolid\u00bb global_colors_info=\u00bb{}\u00bb]Galer\u00eda de im\u00e1genes[\/et_pb_text][et_pb_gallery gallery_ids=\u00bb24423,24424,24425,24426,24427,24429,24430,24431,24432,24433,24434,24435,24436,24438,24439,24440,24441,24442,24443,24444,24445,24446,24447,24448,24449,24450,24451,24452,24453,24454,24455,24456,24457,24458,24459,24460,24463,24464,24465,24466,24467,24468,24469,24470,24471,24472,24473,24474,24475,24476,24477,24478,24479,24480,24481&#8243; posts_number=\u00bb8&#8243; show_title_and_caption=\u00bboff\u00bb zoom_icon_color=\u00bb#dc001b\u00bb hover_icon=\u00bb&#x54;||divi||400&#8243; disabled_on=\u00bboff|off|off\u00bb _builder_version=\u00bb4.27.5&#8243; pagination_font_size_tablet=\u00bb51&#8243; pagination_line_height_tablet=\u00bb2&#8243; global_colors_info=\u00bb{}\u00bb][\/et_pb_gallery][et_pb_video disabled_on=\u00bbon|on|on\u00bb _builder_version=\u00bb4.16&#8243; disabled=\u00bbon\u00bb global_colors_info=\u00bb{}\u00bb][\/et_pb_video][\/et_pb_column][\/et_pb_row][\/et_pb_section]<\/p>\n<!-- AddThis Advanced Settings generic via filter on the_content --><!-- AddThis Share Buttons generic via filter on the_content -->","protected":false},"excerpt":{"rendered":"<p>Emoci\u00f3n y gratitud en la graduaci\u00f3n de la Promoci\u00f3n 2026 de Bachillerato El Colegio Salesiano San Juan Bosco se visti\u00f3 de gala ayer, viernes 15 de mayo, para celebrar uno de los eventos m\u00e1s esperados y emotivos del curso: el Acto de Graduaci\u00f3n de la Promoci\u00f3n 2026. Tras finalizar con \u00e9xito el segundo curso de [&hellip;]<\/p>\n<p><!-- AddThis Advanced Settings generic via filter on get_the_excerpt --><!-- AddThis Share Buttons generic via filter on get_the_excerpt --><\/p>\n","protected":false},"author":2,"featured_media":24467,"comment_status":"closed","ping_status":"open","sticky":false,"template":"","format":"standard","meta":{"_et_pb_use_builder":"on","_et_pb_old_content":"","_et_gb_content_width":"","footnotes":""},"categories":[14,1],"tags":[],"class_list":["post-24420","post","type-post","status-publish","format-standard","has-post-thumbnail","hentry","category-noticia_colegio","category-uncategorized"],"yoast_head":"<!-- This site is optimized with the Yoast SEO plugin v28.3 - https:\/\/yoast.com\/product\/yoast-seo-wordpress\/ -->\n<title>Graduaci\u00f3n de la Promoci\u00f3n 2026 de Bachillerato - Colegio San Juan Bosco Valencia<\/title>\n<meta name=\"description\" content=\"actos de graduaci\u00f3n y despedida de los alumnos de 2\u00ba de bachillerato\" \/>\n<meta name=\"robots\" content=\"index, follow, max-snippet:-1, max-image-preview:large, max-video-preview:-1\" \/>\n<link rel=\"canonical\" href=\"https:\/\/valenciasjb.salesianos.edu\/colegio\/graduacion-de-la-promocion-2026-de-bachillerato\/\" \/>\n<meta property=\"og:locale\" content=\"es_ES\" \/>\n<meta property=\"og:type\" content=\"article\" \/>\n<meta property=\"og:title\" content=\"Graduaci\u00f3n de la Promoci\u00f3n 2026 de Bachillerato - Colegio San Juan Bosco Valencia\" \/>\n<meta property=\"og:description\" content=\"actos de graduaci\u00f3n y despedida de los alumnos de 2\u00ba de bachillerato\" \/>\n<meta property=\"og:url\" content=\"https:\/\/valenciasjb.salesianos.edu\/colegio\/graduacion-de-la-promocion-2026-de-bachillerato\/\" \/>\n<meta property=\"og:site_name\" content=\"Colegio San Juan Bosco Valencia\" \/>\n<meta property=\"article:publisher\" content=\"https:\/\/www.facebook.com\/ColegioSalesianoSanJuanBoscoValencia\" \/>\n<meta property=\"article:published_time\" content=\"2026-05-16T07:54:01+00:00\" \/>\n<meta property=\"article:modified_time\" content=\"2026-05-16T07:54:17+00:00\" \/>\n<meta property=\"og:image\" content=\"https:\/\/valenciasjb.salesianos.edu\/colegio\/wp-content\/uploads\/sites\/2\/2026\/05\/Despedida-2obach-2026-075.jpg\" \/>\n\t<meta property=\"og:image:width\" content=\"1280\" \/>\n\t<meta property=\"og:image:height\" content=\"853\" \/>\n\t<meta property=\"og:image:type\" content=\"image\/jpeg\" \/>\n<meta name=\"author\" content=\"Administrador Web\" \/>\n<meta name=\"twitter:card\" content=\"summary_large_image\" \/>\n<meta name=\"twitter:creator\" content=\"@SalesianosVSJB\" \/>\n<meta name=\"twitter:site\" content=\"@SalesianosVSJB\" \/>\n<meta name=\"twitter:label1\" content=\"Escrito por\" \/>\n\t<meta name=\"twitter:data1\" content=\"Administrador Web\" \/>\n\t<meta name=\"twitter:label2\" content=\"Tiempo de lectura\" \/>\n\t<meta name=\"twitter:data2\" content=\"15 minutos\" \/>\n<script type=\"application\/ld+json\" class=\"yoast-schema-graph\">{\"@context\":\"https:\\\/\\\/schema.org\",\"@graph\":[{\"@type\":\"Article\",\"@id\":\"https:\\\/\\\/valenciasjb.salesianos.edu\\\/colegio\\\/graduacion-de-la-promocion-2026-de-bachillerato\\\/#article\",\"isPartOf\":{\"@id\":\"https:\\\/\\\/valenciasjb.salesianos.edu\\\/colegio\\\/graduacion-de-la-promocion-2026-de-bachillerato\\\/\"},\"author\":{\"name\":\"Administrador Web\",\"@id\":\"https:\\\/\\\/valenciasjb.salesianos.edu\\\/colegio\\\/#\\\/schema\\\/person\\\/ae0ac91eb19a6a2a01c95e29d541a575\"},\"headline\":\"Graduaci\u00f3n de la Promoci\u00f3n 2026 de Bachillerato\",\"datePublished\":\"2026-05-16T07:54:01+00:00\",\"dateModified\":\"2026-05-16T07:54:17+00:00\",\"mainEntityOfPage\":{\"@id\":\"https:\\\/\\\/valenciasjb.salesianos.edu\\\/colegio\\\/graduacion-de-la-promocion-2026-de-bachillerato\\\/\"},\"wordCount\":912,\"image\":{\"@id\":\"https:\\\/\\\/valenciasjb.salesianos.edu\\\/colegio\\\/graduacion-de-la-promocion-2026-de-bachillerato\\\/#primaryimage\"},\"thumbnailUrl\":\"https:\\\/\\\/valenciasjb.salesianos.edu\\\/colegio\\\/wp-content\\\/uploads\\\/sites\\\/2\\\/2026\\\/05\\\/Despedida-2obach-2026-075.jpg\",\"articleSection\":[\"Noticia Colegio\",\"Uncategorized\"],\"inLanguage\":\"es\"},{\"@type\":\"WebPage\",\"@id\":\"https:\\\/\\\/valenciasjb.salesianos.edu\\\/colegio\\\/graduacion-de-la-promocion-2026-de-bachillerato\\\/\",\"url\":\"https:\\\/\\\/valenciasjb.salesianos.edu\\\/colegio\\\/graduacion-de-la-promocion-2026-de-bachillerato\\\/\",\"name\":\"Graduaci\u00f3n de la Promoci\u00f3n 2026 de Bachillerato - Colegio San Juan Bosco Valencia\",\"isPartOf\":{\"@id\":\"https:\\\/\\\/valenciasjb.salesianos.edu\\\/colegio\\\/#website\"},\"primaryImageOfPage\":{\"@id\":\"https:\\\/\\\/valenciasjb.salesianos.edu\\\/colegio\\\/graduacion-de-la-promocion-2026-de-bachillerato\\\/#primaryimage\"},\"image\":{\"@id\":\"https:\\\/\\\/valenciasjb.salesianos.edu\\\/colegio\\\/graduacion-de-la-promocion-2026-de-bachillerato\\\/#primaryimage\"},\"thumbnailUrl\":\"https:\\\/\\\/valenciasjb.salesianos.edu\\\/colegio\\\/wp-content\\\/uploads\\\/sites\\\/2\\\/2026\\\/05\\\/Despedida-2obach-2026-075.jpg\",\"datePublished\":\"2026-05-16T07:54:01+00:00\",\"dateModified\":\"2026-05-16T07:54:17+00:00\",\"author\":{\"@id\":\"https:\\\/\\\/valenciasjb.salesianos.edu\\\/colegio\\\/#\\\/schema\\\/person\\\/ae0ac91eb19a6a2a01c95e29d541a575\"},\"description\":\"actos de graduaci\u00f3n y despedida de los alumnos de 2\u00ba de bachillerato\",\"breadcrumb\":{\"@id\":\"https:\\\/\\\/valenciasjb.salesianos.edu\\\/colegio\\\/graduacion-de-la-promocion-2026-de-bachillerato\\\/#breadcrumb\"},\"inLanguage\":\"es\",\"potentialAction\":[{\"@type\":\"ReadAction\",\"target\":[\"https:\\\/\\\/valenciasjb.salesianos.edu\\\/colegio\\\/graduacion-de-la-promocion-2026-de-bachillerato\\\/\"]}]},{\"@type\":\"ImageObject\",\"inLanguage\":\"es\",\"@id\":\"https:\\\/\\\/valenciasjb.salesianos.edu\\\/colegio\\\/graduacion-de-la-promocion-2026-de-bachillerato\\\/#primaryimage\",\"url\":\"https:\\\/\\\/valenciasjb.salesianos.edu\\\/colegio\\\/wp-content\\\/uploads\\\/sites\\\/2\\\/2026\\\/05\\\/Despedida-2obach-2026-075.jpg\",\"contentUrl\":\"https:\\\/\\\/valenciasjb.salesianos.edu\\\/colegio\\\/wp-content\\\/uploads\\\/sites\\\/2\\\/2026\\\/05\\\/Despedida-2obach-2026-075.jpg\",\"width\":1280,\"height\":853},{\"@type\":\"BreadcrumbList\",\"@id\":\"https:\\\/\\\/valenciasjb.salesianos.edu\\\/colegio\\\/graduacion-de-la-promocion-2026-de-bachillerato\\\/#breadcrumb\",\"itemListElement\":[{\"@type\":\"ListItem\",\"position\":1,\"name\":\"Portada\",\"item\":\"https:\\\/\\\/valenciasjb.salesianos.edu\\\/colegio\\\/\"},{\"@type\":\"ListItem\",\"position\":2,\"name\":\"Graduaci\u00f3n de la Promoci\u00f3n 2026 de Bachillerato\"}]},{\"@type\":\"WebSite\",\"@id\":\"https:\\\/\\\/valenciasjb.salesianos.edu\\\/colegio\\\/#website\",\"url\":\"https:\\\/\\\/valenciasjb.salesianos.edu\\\/colegio\\\/\",\"name\":\"Colegio San Juan Bosco Valencia\",\"description\":\"P\u00e1gina oficial del Colegio Salesianos San Juan Bosco Valencia\",\"alternateName\":\"Salesianos.VSJB\",\"potentialAction\":[{\"@type\":\"SearchAction\",\"target\":{\"@type\":\"EntryPoint\",\"urlTemplate\":\"https:\\\/\\\/valenciasjb.salesianos.edu\\\/colegio\\\/?s={search_term_string}\"},\"query-input\":{\"@type\":\"PropertyValueSpecification\",\"valueRequired\":true,\"valueName\":\"search_term_string\"}}],\"inLanguage\":\"es\"},{\"@type\":\"Person\",\"@id\":\"https:\\\/\\\/valenciasjb.salesianos.edu\\\/colegio\\\/#\\\/schema\\\/person\\\/ae0ac91eb19a6a2a01c95e29d541a575\",\"name\":\"Administrador Web\",\"image\":{\"@type\":\"ImageObject\",\"inLanguage\":\"es\",\"@id\":\"https:\\\/\\\/secure.gravatar.com\\\/avatar\\\/48a73c544c48a92e9f82115ddc8f6abf90891f033d83384ebe4aafd70f983ec8?s=96&d=mm&r=g\",\"url\":\"https:\\\/\\\/secure.gravatar.com\\\/avatar\\\/48a73c544c48a92e9f82115ddc8f6abf90891f033d83384ebe4aafd70f983ec8?s=96&d=mm&r=g\",\"contentUrl\":\"https:\\\/\\\/secure.gravatar.com\\\/avatar\\\/48a73c544c48a92e9f82115ddc8f6abf90891f033d83384ebe4aafd70f983ec8?s=96&d=mm&r=g\",\"caption\":\"Administrador Web\"}}]}<\/script>\n<!-- \/ Yoast SEO plugin. -->","yoast_head_json":{"title":"Graduaci\u00f3n de la Promoci\u00f3n 2026 de Bachillerato - Colegio San Juan Bosco Valencia","description":"actos de graduaci\u00f3n y despedida de los alumnos de 2\u00ba de bachillerato","robots":{"index":"index","follow":"follow","max-snippet":"max-snippet:-1","max-image-preview":"max-image-preview:large","max-video-preview":"max-video-preview:-1"},"canonical":"https:\/\/valenciasjb.salesianos.edu\/colegio\/graduacion-de-la-promocion-2026-de-bachillerato\/","og_locale":"es_ES","og_type":"article","og_title":"Graduaci\u00f3n de la Promoci\u00f3n 2026 de Bachillerato - Colegio San Juan Bosco Valencia","og_description":"actos de graduaci\u00f3n y despedida de los alumnos de 2\u00ba de bachillerato","og_url":"https:\/\/valenciasjb.salesianos.edu\/colegio\/graduacion-de-la-promocion-2026-de-bachillerato\/","og_site_name":"Colegio San Juan Bosco Valencia","article_publisher":"https:\/\/www.facebook.com\/ColegioSalesianoSanJuanBoscoValencia","article_published_time":"2026-05-16T07:54:01+00:00","article_modified_time":"2026-05-16T07:54:17+00:00","og_image":[{"width":1280,"height":853,"url":"https:\/\/valenciasjb.salesianos.edu\/colegio\/wp-content\/uploads\/sites\/2\/2026\/05\/Despedida-2obach-2026-075.jpg","type":"image\/jpeg"}],"author":"Administrador Web","twitter_card":"summary_large_image","twitter_creator":"@SalesianosVSJB","twitter_site":"@SalesianosVSJB","twitter_misc":{"Escrito por":"Administrador Web","Tiempo de lectura":"15 minutos"},"schema":{"@context":"https:\/\/schema.org","@graph":[{"@type":"Article","@id":"https:\/\/valenciasjb.salesianos.edu\/colegio\/graduacion-de-la-promocion-2026-de-bachillerato\/#article","isPartOf":{"@id":"https:\/\/valenciasjb.salesianos.edu\/colegio\/graduacion-de-la-promocion-2026-de-bachillerato\/"},"author":{"name":"Administrador Web","@id":"https:\/\/valenciasjb.salesianos.edu\/colegio\/#\/schema\/person\/ae0ac91eb19a6a2a01c95e29d541a575"},"headline":"Graduaci\u00f3n de la Promoci\u00f3n 2026 de Bachillerato","datePublished":"2026-05-16T07:54:01+00:00","dateModified":"2026-05-16T07:54:17+00:00","mainEntityOfPage":{"@id":"https:\/\/valenciasjb.salesianos.edu\/colegio\/graduacion-de-la-promocion-2026-de-bachillerato\/"},"wordCount":912,"image":{"@id":"https:\/\/valenciasjb.salesianos.edu\/colegio\/graduacion-de-la-promocion-2026-de-bachillerato\/#primaryimage"},"thumbnailUrl":"https:\/\/valenciasjb.salesianos.edu\/colegio\/wp-content\/uploads\/sites\/2\/2026\/05\/Despedida-2obach-2026-075.jpg","articleSection":["Noticia Colegio","Uncategorized"],"inLanguage":"es"},{"@type":"WebPage","@id":"https:\/\/valenciasjb.salesianos.edu\/colegio\/graduacion-de-la-promocion-2026-de-bachillerato\/","url":"https:\/\/valenciasjb.salesianos.edu\/colegio\/graduacion-de-la-promocion-2026-de-bachillerato\/","name":"Graduaci\u00f3n de la Promoci\u00f3n 2026 de Bachillerato - Colegio San Juan Bosco Valencia","isPartOf":{"@id":"https:\/\/valenciasjb.salesianos.edu\/colegio\/#website"},"primaryImageOfPage":{"@id":"https:\/\/valenciasjb.salesianos.edu\/colegio\/graduacion-de-la-promocion-2026-de-bachillerato\/#primaryimage"},"image":{"@id":"https:\/\/valenciasjb.salesianos.edu\/colegio\/graduacion-de-la-promocion-2026-de-bachillerato\/#primaryimage"},"thumbnailUrl":"https:\/\/valenciasjb.salesianos.edu\/colegio\/wp-content\/uploads\/sites\/2\/2026\/05\/Despedida-2obach-2026-075.jpg","datePublished":"2026-05-16T07:54:01+00:00","dateModified":"2026-05-16T07:54:17+00:00","author":{"@id":"https:\/\/valenciasjb.salesianos.edu\/colegio\/#\/schema\/person\/ae0ac91eb19a6a2a01c95e29d541a575"},"description":"actos de graduaci\u00f3n y despedida de los alumnos de 2\u00ba de bachillerato","breadcrumb":{"@id":"https:\/\/valenciasjb.salesianos.edu\/colegio\/graduacion-de-la-promocion-2026-de-bachillerato\/#breadcrumb"},"inLanguage":"es","potentialAction":[{"@type":"ReadAction","target":["https:\/\/valenciasjb.salesianos.edu\/colegio\/graduacion-de-la-promocion-2026-de-bachillerato\/"]}]},{"@type":"ImageObject","inLanguage":"es","@id":"https:\/\/valenciasjb.salesianos.edu\/colegio\/graduacion-de-la-promocion-2026-de-bachillerato\/#primaryimage","url":"https:\/\/valenciasjb.salesianos.edu\/colegio\/wp-content\/uploads\/sites\/2\/2026\/05\/Despedida-2obach-2026-075.jpg","contentUrl":"https:\/\/valenciasjb.salesianos.edu\/colegio\/wp-content\/uploads\/sites\/2\/2026\/05\/Despedida-2obach-2026-075.jpg","width":1280,"height":853},{"@type":"BreadcrumbList","@id":"https:\/\/valenciasjb.salesianos.edu\/colegio\/graduacion-de-la-promocion-2026-de-bachillerato\/#breadcrumb","itemListElement":[{"@type":"ListItem","position":1,"name":"Portada","item":"https:\/\/valenciasjb.salesianos.edu\/colegio\/"},{"@type":"ListItem","position":2,"name":"Graduaci\u00f3n de la Promoci\u00f3n 2026 de Bachillerato"}]},{"@type":"WebSite","@id":"https:\/\/valenciasjb.salesianos.edu\/colegio\/#website","url":"https:\/\/valenciasjb.salesianos.edu\/colegio\/","name":"Colegio San Juan Bosco Valencia","description":"P\u00e1gina oficial del Colegio Salesianos San Juan Bosco Valencia","alternateName":"Salesianos.VSJB","potentialAction":[{"@type":"SearchAction","target":{"@type":"EntryPoint","urlTemplate":"https:\/\/valenciasjb.salesianos.edu\/colegio\/?s={search_term_string}"},"query-input":{"@type":"PropertyValueSpecification","valueRequired":true,"valueName":"search_term_string"}}],"inLanguage":"es"},{"@type":"Person","@id":"https:\/\/valenciasjb.salesianos.edu\/colegio\/#\/schema\/person\/ae0ac91eb19a6a2a01c95e29d541a575","name":"Administrador Web","image":{"@type":"ImageObject","inLanguage":"es","@id":"https:\/\/secure.gravatar.com\/avatar\/48a73c544c48a92e9f82115ddc8f6abf90891f033d83384ebe4aafd70f983ec8?s=96&d=mm&r=g","url":"https:\/\/secure.gravatar.com\/avatar\/48a73c544c48a92e9f82115ddc8f6abf90891f033d83384ebe4aafd70f983ec8?s=96&d=mm&r=g","contentUrl":"https:\/\/secure.gravatar.com\/avatar\/48a73c544c48a92e9f82115ddc8f6abf90891f033d83384ebe4aafd70f983ec8?s=96&d=mm&r=g","caption":"Administrador Web"}}]}},"_links":{"self":[{"href":"https:\/\/valenciasjb.salesianos.edu\/colegio\/wp-json\/wp\/v2\/posts\/24420","targetHints":{"allow":["GET"]}}],"collection":[{"href":"https:\/\/valenciasjb.salesianos.edu\/colegio\/wp-json\/wp\/v2\/posts"}],"about":[{"href":"https:\/\/valenciasjb.salesianos.edu\/colegio\/wp-json\/wp\/v2\/types\/post"}],"author":[{"embeddable":true,"href":"https:\/\/valenciasjb.salesianos.edu\/colegio\/wp-json\/wp\/v2\/users\/2"}],"replies":[{"embeddable":true,"href":"https:\/\/valenciasjb.salesianos.edu\/colegio\/wp-json\/wp\/v2\/comments?post=24420"}],"version-history":[{"count":3,"href":"https:\/\/valenciasjb.salesianos.edu\/colegio\/wp-json\/wp\/v2\/posts\/24420\/revisions"}],"predecessor-version":[{"id":24483,"href":"https:\/\/valenciasjb.salesianos.edu\/colegio\/wp-json\/wp\/v2\/posts\/24420\/revisions\/24483"}],"wp:featuredmedia":[{"embeddable":true,"href":"https:\/\/valenciasjb.salesianos.edu\/colegio\/wp-json\/wp\/v2\/media\/24467"}],"wp:attachment":[{"href":"https:\/\/valenciasjb.salesianos.edu\/colegio\/wp-json\/wp\/v2\/media?parent=24420"}],"wp:term":[{"taxonomy":"category","embeddable":true,"href":"https:\/\/valenciasjb.salesianos.edu\/colegio\/wp-json\/wp\/v2\/categories?post=24420"},{"taxonomy":"post_tag","embeddable":true,"href":"https:\/\/valenciasjb.salesianos.edu\/colegio\/wp-json\/wp\/v2\/tags?post=24420"}],"curies":[{"name":"wp","href":"https:\/\/api.w.org\/{rel}","templated":true}]}}