{"id":4520,"date":"2017-09-25T17:33:36","date_gmt":"2017-09-25T16:33:36","guid":{"rendered":"https:\/\/valenciasjb.salesianos.edu\/colegio\/?p=4520"},"modified":"2017-09-29T11:10:23","modified_gmt":"2017-09-29T10:10:23","slug":"samuel-cortes-jefe-del-departamento-de-matematicas-ponente-en-un-taller-de-buenas-practicas-de-la-upv","status":"publish","type":"post","link":"https:\/\/valenciasjb.salesianos.edu\/colegio\/samuel-cortes-jefe-del-departamento-de-matematicas-ponente-en-un-taller-de-buenas-practicas-de-la-upv\/","title":{"rendered":"Samuel Cort\u00e9s, Jefe del Departamento de Matem\u00e1ticas, ponente en un taller de buenas pr\u00e1cticas de la UPV"},"content":{"rendered":"<div id=\"fb-root\"><\/div>\n<p>[et_pb_section bb_built=\u00bb1&#8243; admin_label=\u00bbsection\u00bb][et_pb_row admin_label=\u00bbrow\u00bb background_position=\u00bbtop_left\u00bb background_repeat=\u00bbrepeat\u00bb background_size=\u00bbinitial\u00bb][et_pb_column type=\u00bb4_4&#8243;][et_pb_text admin_label=\u00bbEntradilla (Texto)\u00bb _builder_version=\u00bb3.0.76&#8243; background_layout=\u00bblight\u00bb text_orientation=\u00bbjustified\u00bb text_font=\u00bb|on|||\u00bb border_style=\u00bbsolid\u00bb module_alignment=\u00bbjustified\u00bb]<\/p>\n<div id=\"resumen\"><strong>Dentro de la IV Jornada GeoGebra de la Comunidad Valenciana<\/strong><\/div>\n<div>El pasado s\u00e1bado 23 de septiembre tuvo lugar en el Campus de Gand\u00eda de la UPV la IV Jornada GeoGebra de la Comunidad Valenciana, organizada por L\u2019Institut GeoGebra Valenci\u00e0 (IGV) de la Societat d\u2019Educaci\u00f3 Matem\u00e0tica de la Comunitat Valenciana Al-Khw\u0101rizm\u012b (SEMCV).<\/div>\n<p>[\/et_pb_text][et_pb_text admin_label=\u00bbAutor (Texto)\u00bb _builder_version=\u00bb3.0.76&#8243; background_layout=\u00bblight\u00bb text_font=\u00bb||on||\u00bb border_style=\u00bbsolid\u00bb]<\/p>\n<p>Redacci\u00f3n<\/p>\n<p>[\/et_pb_text][et_pb_text admin_label=\u00bbDesarrollo (Texto)\u00bb _builder_version=\u00bb3.0.76&#8243; background_layout=\u00bblight\u00bb text_orientation=\u00bbjustified\u00bb border_style=\u00bbsolid\u00bb module_alignment=\u00bbjustified\u00bb]<\/p>\n<p>Junto con un centenar de profesores de otros centros, Mayte Briz, Jos\u00e9 Antonio Chaveli y Samuel Cort\u00e9s, miembros del <em>Departament de Matem\u00e0tiques<\/em> de Secundaria del Colegio participaron en este evento que ten\u00eda como lema<strong><em>: <\/em><\/strong><em><strong>\u00a0<\/strong>\u201c<\/em><em>GeoGebra, instrument per a la did\u00e0ctica de la matem\u00e0tica<\/em><em>\u00ab. <\/em>Asistieron a conferencias ofrecidas por expertos en la materia y de reconocimiento mundial, as\u00ed como talleres y comunicaciones ofrecidos por profesorado que comparte sus buenas pr\u00e1cticas.<\/p>\n<p>En particular Samuel Cort\u00e9s, Jefe del Departamento de Matem\u00e1ticas, realiz\u00f3 la Comunicaci\u00f3n: Creaciones GGB para mejorar las exposiciones en el aula, en la que comparti\u00f3 con el numeroso profesorado asistente algunas pr\u00e1cticas metodol\u00f3gicas con la aplicaci\u00f3n GeoGebra que se utilizan en el Colegio.<\/p>\n<p>Una muestra m\u00e1s de la apuesta firme del profesorado del colegio por la investigaci\u00f3n y la formaci\u00f3n continua en nuevas metodolog\u00edas de ense\u00f1anza por y para los alumnos y alumnas.<\/p>\n<p>[\/et_pb_text][et_pb_text admin_label=\u00bbT\u00edtulo: Galer\u00eda de fotos (Texto)\u00bb _builder_version=\u00bb3.0.76&#8243; background_layout=\u00bblight\u00bb text_font=\u00bb|on|||\u00bb text_text_color=\u00bb#dc001b\u00bb border_style=\u00bbsolid\u00bb disabled=\u00bboff\u00bb disabled_on=\u00bboff|on|on\u00bb]<\/p>\n<p>Galer\u00eda de im\u00e1genes<\/p>\n<p>[\/et_pb_text][et_pb_gallery _builder_version=\u00bb3.0.76&#8243; posts_number=\u00bb8&#8243; show_title_and_caption=\u00bboff\u00bb show_pagination=\u00bbon\u00bb fullwidth=\u00bboff\u00bb orientation=\u00bblandscape\u00bb zoom_icon_color=\u00bb#dc001b\u00bb hover_overlay_color=\u00bbrgba(255,255,255,0.9)\u00bb hover_icon=\u00bb%%51%%\u00bb background_layout=\u00bblight\u00bb border_style=\u00bbsolid\u00bb disabled=\u00bboff\u00bb disabled_on=\u00bboff|off|off\u00bb gallery_ids=\u00bb4521,4522&#8243; pagination_font_size_tablet=\u00bb51&#8243; pagination_line_height_tablet=\u00bb2&#8243; \/][et_pb_video _builder_version=\u00bb3.0.51&#8243; disabled=\u00bbon\u00bb disabled_on=\u00bbon|on|on\u00bb \/][\/et_pb_column][\/et_pb_row][\/et_pb_section]<\/p>\n<!-- AddThis Advanced Settings generic via filter on the_content --><!-- AddThis Share Buttons generic via filter on the_content -->","protected":false},"excerpt":{"rendered":"<p>Dentro de la IV Jornada GeoGebra de la Comunidad Valenciana El pasado s\u00e1bado 23 de septiembre tuvo lugar en el Campus de Gand\u00eda de la UPV la IV Jornada GeoGebra de la Comunidad Valenciana, organizada por L\u2019Institut GeoGebra Valenci\u00e0 (IGV) de la Societat d\u2019Educaci\u00f3 Matem\u00e0tica de la Comunitat Valenciana Al-Khw\u0101rizm\u012b (SEMCV). Redacci\u00f3n Junto con un [&hellip;]<\/p>\n<p><!-- AddThis Advanced Settings generic via filter on get_the_excerpt --><!-- AddThis Share Buttons generic via filter on get_the_excerpt --><\/p>\n","protected":false},"author":2,"featured_media":4521,"comment_status":"closed","ping_status":"closed","sticky":false,"template":"","format":"standard","meta":{"_et_pb_use_builder":"on","_et_pb_old_content":"","_et_gb_content_width":"","footnotes":""},"categories":[14],"tags":[],"class_list":["post-4520","post","type-post","status-publish","format-standard","has-post-thumbnail","hentry","category-noticia_colegio"],"yoast_head":"<!-- This site is optimized with the Yoast SEO plugin v28.4 - https:\/\/yoast.com\/product\/yoast-seo-wordpress\/ -->\n<title>Samuel Cort\u00e9s, Jefe del Departamento de Matem\u00e1ticas, ponente en un taller de buenas pr\u00e1cticas de la UPV - Colegio San Juan Bosco Valencia<\/title>\n<meta name=\"robots\" content=\"index, follow, max-snippet:-1, max-image-preview:large, max-video-preview:-1\" \/>\n<link rel=\"canonical\" href=\"https:\/\/valenciasjb.salesianos.edu\/colegio\/samuel-cortes-jefe-del-departamento-de-matematicas-ponente-en-un-taller-de-buenas-practicas-de-la-upv\/\" \/>\n<meta property=\"og:locale\" content=\"es_ES\" \/>\n<meta property=\"og:type\" content=\"article\" \/>\n<meta property=\"og:title\" content=\"Samuel Cort\u00e9s, Jefe del Departamento de Matem\u00e1ticas, ponente en un taller de buenas pr\u00e1cticas de la UPV - Colegio San Juan Bosco Valencia\" \/>\n<meta property=\"og:description\" content=\"Dentro de la IV Jornada GeoGebra de la Comunidad Valenciana El pasado s\u00e1bado 23 de septiembre tuvo lugar en el Campus de Gand\u00eda de la UPV la IV Jornada GeoGebra de la Comunidad Valenciana, organizada por L\u2019Institut GeoGebra Valenci\u00e0 (IGV) de la Societat d\u2019Educaci\u00f3 Matem\u00e0tica de la Comunitat Valenciana Al-Khw\u0101rizm\u012b (SEMCV). Redacci\u00f3n Junto con un [&hellip;]\" \/>\n<meta property=\"og:url\" content=\"https:\/\/valenciasjb.salesianos.edu\/colegio\/samuel-cortes-jefe-del-departamento-de-matematicas-ponente-en-un-taller-de-buenas-practicas-de-la-upv\/\" \/>\n<meta property=\"og:site_name\" content=\"Colegio San Juan Bosco Valencia\" \/>\n<meta property=\"article:publisher\" content=\"https:\/\/www.facebook.com\/ColegioSalesianoSanJuanBoscoValencia\" \/>\n<meta property=\"article:published_time\" content=\"2017-09-25T16:33:36+00:00\" \/>\n<meta property=\"article:modified_time\" content=\"2017-09-29T10:10:23+00:00\" \/>\n<meta property=\"og:image\" content=\"https:\/\/valenciasjb.salesianos.edu\/colegio\/wp-content\/uploads\/sites\/2\/2017\/09\/Samuel-Cortes-01.jpg\" \/>\n\t<meta property=\"og:image:width\" content=\"2016\" \/>\n\t<meta property=\"og:image:height\" content=\"1512\" \/>\n\t<meta property=\"og:image:type\" content=\"image\/jpeg\" \/>\n<meta name=\"author\" content=\"Administrador Web\" \/>\n<meta name=\"twitter:card\" content=\"summary_large_image\" \/>\n<meta name=\"twitter:creator\" content=\"@SalesianosVSJB\" \/>\n<meta name=\"twitter:site\" content=\"@SalesianosVSJB\" \/>\n<meta name=\"twitter:label1\" content=\"Escrito por\" \/>\n\t<meta name=\"twitter:data1\" content=\"Administrador Web\" \/>\n\t<meta name=\"twitter:label2\" content=\"Tiempo de lectura\" \/>\n\t<meta name=\"twitter:data2\" content=\"2 minutos\" \/>\n<script type=\"application\/ld+json\" class=\"yoast-schema-graph\">{\"@context\":\"https:\\\/\\\/schema.org\",\"@graph\":[{\"@type\":\"Article\",\"@id\":\"https:\\\/\\\/valenciasjb.salesianos.edu\\\/colegio\\\/samuel-cortes-jefe-del-departamento-de-matematicas-ponente-en-un-taller-de-buenas-practicas-de-la-upv\\\/#article\",\"isPartOf\":{\"@id\":\"https:\\\/\\\/valenciasjb.salesianos.edu\\\/colegio\\\/samuel-cortes-jefe-del-departamento-de-matematicas-ponente-en-un-taller-de-buenas-practicas-de-la-upv\\\/\"},\"author\":{\"name\":\"Administrador Web\",\"@id\":\"https:\\\/\\\/valenciasjb.salesianos.edu\\\/colegio\\\/#\\\/schema\\\/person\\\/ae0ac91eb19a6a2a01c95e29d541a575\"},\"headline\":\"Samuel Cort\u00e9s, Jefe del Departamento de Matem\u00e1ticas, ponente en un taller de buenas pr\u00e1cticas de la UPV\",\"datePublished\":\"2017-09-25T16:33:36+00:00\",\"dateModified\":\"2017-09-29T10:10:23+00:00\",\"mainEntityOfPage\":{\"@id\":\"https:\\\/\\\/valenciasjb.salesianos.edu\\\/colegio\\\/samuel-cortes-jefe-del-departamento-de-matematicas-ponente-en-un-taller-de-buenas-practicas-de-la-upv\\\/\"},\"wordCount\":454,\"image\":{\"@id\":\"https:\\\/\\\/valenciasjb.salesianos.edu\\\/colegio\\\/samuel-cortes-jefe-del-departamento-de-matematicas-ponente-en-un-taller-de-buenas-practicas-de-la-upv\\\/#primaryimage\"},\"thumbnailUrl\":\"https:\\\/\\\/valenciasjb.salesianos.edu\\\/colegio\\\/wp-content\\\/uploads\\\/sites\\\/2\\\/2017\\\/09\\\/Samuel-Cortes-01.jpg\",\"articleSection\":[\"Noticia Colegio\"],\"inLanguage\":\"es\"},{\"@type\":\"WebPage\",\"@id\":\"https:\\\/\\\/valenciasjb.salesianos.edu\\\/colegio\\\/samuel-cortes-jefe-del-departamento-de-matematicas-ponente-en-un-taller-de-buenas-practicas-de-la-upv\\\/\",\"url\":\"https:\\\/\\\/valenciasjb.salesianos.edu\\\/colegio\\\/samuel-cortes-jefe-del-departamento-de-matematicas-ponente-en-un-taller-de-buenas-practicas-de-la-upv\\\/\",\"name\":\"Samuel Cort\u00e9s, Jefe del Departamento de Matem\u00e1ticas, ponente en un taller de buenas pr\u00e1cticas de la UPV - Colegio San Juan Bosco Valencia\",\"isPartOf\":{\"@id\":\"https:\\\/\\\/valenciasjb.salesianos.edu\\\/colegio\\\/#website\"},\"primaryImageOfPage\":{\"@id\":\"https:\\\/\\\/valenciasjb.salesianos.edu\\\/colegio\\\/samuel-cortes-jefe-del-departamento-de-matematicas-ponente-en-un-taller-de-buenas-practicas-de-la-upv\\\/#primaryimage\"},\"image\":{\"@id\":\"https:\\\/\\\/valenciasjb.salesianos.edu\\\/colegio\\\/samuel-cortes-jefe-del-departamento-de-matematicas-ponente-en-un-taller-de-buenas-practicas-de-la-upv\\\/#primaryimage\"},\"thumbnailUrl\":\"https:\\\/\\\/valenciasjb.salesianos.edu\\\/colegio\\\/wp-content\\\/uploads\\\/sites\\\/2\\\/2017\\\/09\\\/Samuel-Cortes-01.jpg\",\"datePublished\":\"2017-09-25T16:33:36+00:00\",\"dateModified\":\"2017-09-29T10:10:23+00:00\",\"author\":{\"@id\":\"https:\\\/\\\/valenciasjb.salesianos.edu\\\/colegio\\\/#\\\/schema\\\/person\\\/ae0ac91eb19a6a2a01c95e29d541a575\"},\"breadcrumb\":{\"@id\":\"https:\\\/\\\/valenciasjb.salesianos.edu\\\/colegio\\\/samuel-cortes-jefe-del-departamento-de-matematicas-ponente-en-un-taller-de-buenas-practicas-de-la-upv\\\/#breadcrumb\"},\"inLanguage\":\"es\",\"potentialAction\":[{\"@type\":\"ReadAction\",\"target\":[\"https:\\\/\\\/valenciasjb.salesianos.edu\\\/colegio\\\/samuel-cortes-jefe-del-departamento-de-matematicas-ponente-en-un-taller-de-buenas-practicas-de-la-upv\\\/\"]}]},{\"@type\":\"ImageObject\",\"inLanguage\":\"es\",\"@id\":\"https:\\\/\\\/valenciasjb.salesianos.edu\\\/colegio\\\/samuel-cortes-jefe-del-departamento-de-matematicas-ponente-en-un-taller-de-buenas-practicas-de-la-upv\\\/#primaryimage\",\"url\":\"https:\\\/\\\/valenciasjb.salesianos.edu\\\/colegio\\\/wp-content\\\/uploads\\\/sites\\\/2\\\/2017\\\/09\\\/Samuel-Cortes-01.jpg\",\"contentUrl\":\"https:\\\/\\\/valenciasjb.salesianos.edu\\\/colegio\\\/wp-content\\\/uploads\\\/sites\\\/2\\\/2017\\\/09\\\/Samuel-Cortes-01.jpg\",\"width\":2016,\"height\":1512},{\"@type\":\"BreadcrumbList\",\"@id\":\"https:\\\/\\\/valenciasjb.salesianos.edu\\\/colegio\\\/samuel-cortes-jefe-del-departamento-de-matematicas-ponente-en-un-taller-de-buenas-practicas-de-la-upv\\\/#breadcrumb\",\"itemListElement\":[{\"@type\":\"ListItem\",\"position\":1,\"name\":\"Portada\",\"item\":\"https:\\\/\\\/valenciasjb.salesianos.edu\\\/colegio\\\/\"},{\"@type\":\"ListItem\",\"position\":2,\"name\":\"Samuel Cort\u00e9s, Jefe del Departamento de Matem\u00e1ticas, ponente en un taller de buenas pr\u00e1cticas de la UPV\"}]},{\"@type\":\"WebSite\",\"@id\":\"https:\\\/\\\/valenciasjb.salesianos.edu\\\/colegio\\\/#website\",\"url\":\"https:\\\/\\\/valenciasjb.salesianos.edu\\\/colegio\\\/\",\"name\":\"Colegio San Juan Bosco Valencia\",\"description\":\"P\u00e1gina oficial del Colegio Salesianos San Juan Bosco Valencia\",\"alternateName\":\"Salesianos.VSJB\",\"potentialAction\":[{\"@type\":\"SearchAction\",\"target\":{\"@type\":\"EntryPoint\",\"urlTemplate\":\"https:\\\/\\\/valenciasjb.salesianos.edu\\\/colegio\\\/?s={search_term_string}\"},\"query-input\":{\"@type\":\"PropertyValueSpecification\",\"valueRequired\":true,\"valueName\":\"search_term_string\"}}],\"inLanguage\":\"es\"},{\"@type\":\"Person\",\"@id\":\"https:\\\/\\\/valenciasjb.salesianos.edu\\\/colegio\\\/#\\\/schema\\\/person\\\/ae0ac91eb19a6a2a01c95e29d541a575\",\"name\":\"Administrador Web\",\"image\":{\"@type\":\"ImageObject\",\"inLanguage\":\"es\",\"@id\":\"https:\\\/\\\/secure.gravatar.com\\\/avatar\\\/48a73c544c48a92e9f82115ddc8f6abf90891f033d83384ebe4aafd70f983ec8?s=96&d=mm&r=g\",\"url\":\"https:\\\/\\\/secure.gravatar.com\\\/avatar\\\/48a73c544c48a92e9f82115ddc8f6abf90891f033d83384ebe4aafd70f983ec8?s=96&d=mm&r=g\",\"contentUrl\":\"https:\\\/\\\/secure.gravatar.com\\\/avatar\\\/48a73c544c48a92e9f82115ddc8f6abf90891f033d83384ebe4aafd70f983ec8?s=96&d=mm&r=g\",\"caption\":\"Administrador Web\"}}]}<\/script>\n<!-- \/ Yoast SEO plugin. -->","yoast_head_json":{"title":"Samuel Cort\u00e9s, Jefe del Departamento de Matem\u00e1ticas, ponente en un taller de buenas pr\u00e1cticas de la UPV - Colegio San Juan Bosco Valencia","robots":{"index":"index","follow":"follow","max-snippet":"max-snippet:-1","max-image-preview":"max-image-preview:large","max-video-preview":"max-video-preview:-1"},"canonical":"https:\/\/valenciasjb.salesianos.edu\/colegio\/samuel-cortes-jefe-del-departamento-de-matematicas-ponente-en-un-taller-de-buenas-practicas-de-la-upv\/","og_locale":"es_ES","og_type":"article","og_title":"Samuel Cort\u00e9s, Jefe del Departamento de Matem\u00e1ticas, ponente en un taller de buenas pr\u00e1cticas de la UPV - Colegio San Juan Bosco Valencia","og_description":"Dentro de la IV Jornada GeoGebra de la Comunidad Valenciana El pasado s\u00e1bado 23 de septiembre tuvo lugar en el Campus de Gand\u00eda de la UPV la IV Jornada GeoGebra de la Comunidad Valenciana, organizada por L\u2019Institut GeoGebra Valenci\u00e0 (IGV) de la Societat d\u2019Educaci\u00f3 Matem\u00e0tica de la Comunitat Valenciana Al-Khw\u0101rizm\u012b (SEMCV). Redacci\u00f3n Junto con un [&hellip;]","og_url":"https:\/\/valenciasjb.salesianos.edu\/colegio\/samuel-cortes-jefe-del-departamento-de-matematicas-ponente-en-un-taller-de-buenas-practicas-de-la-upv\/","og_site_name":"Colegio San Juan Bosco Valencia","article_publisher":"https:\/\/www.facebook.com\/ColegioSalesianoSanJuanBoscoValencia","article_published_time":"2017-09-25T16:33:36+00:00","article_modified_time":"2017-09-29T10:10:23+00:00","og_image":[{"width":2016,"height":1512,"url":"https:\/\/valenciasjb.salesianos.edu\/colegio\/wp-content\/uploads\/sites\/2\/2017\/09\/Samuel-Cortes-01.jpg","type":"image\/jpeg"}],"author":"Administrador Web","twitter_card":"summary_large_image","twitter_creator":"@SalesianosVSJB","twitter_site":"@SalesianosVSJB","twitter_misc":{"Escrito por":"Administrador Web","Tiempo de lectura":"2 minutos"},"schema":{"@context":"https:\/\/schema.org","@graph":[{"@type":"Article","@id":"https:\/\/valenciasjb.salesianos.edu\/colegio\/samuel-cortes-jefe-del-departamento-de-matematicas-ponente-en-un-taller-de-buenas-practicas-de-la-upv\/#article","isPartOf":{"@id":"https:\/\/valenciasjb.salesianos.edu\/colegio\/samuel-cortes-jefe-del-departamento-de-matematicas-ponente-en-un-taller-de-buenas-practicas-de-la-upv\/"},"author":{"name":"Administrador Web","@id":"https:\/\/valenciasjb.salesianos.edu\/colegio\/#\/schema\/person\/ae0ac91eb19a6a2a01c95e29d541a575"},"headline":"Samuel Cort\u00e9s, Jefe del Departamento de Matem\u00e1ticas, ponente en un taller de buenas pr\u00e1cticas de la UPV","datePublished":"2017-09-25T16:33:36+00:00","dateModified":"2017-09-29T10:10:23+00:00","mainEntityOfPage":{"@id":"https:\/\/valenciasjb.salesianos.edu\/colegio\/samuel-cortes-jefe-del-departamento-de-matematicas-ponente-en-un-taller-de-buenas-practicas-de-la-upv\/"},"wordCount":454,"image":{"@id":"https:\/\/valenciasjb.salesianos.edu\/colegio\/samuel-cortes-jefe-del-departamento-de-matematicas-ponente-en-un-taller-de-buenas-practicas-de-la-upv\/#primaryimage"},"thumbnailUrl":"https:\/\/valenciasjb.salesianos.edu\/colegio\/wp-content\/uploads\/sites\/2\/2017\/09\/Samuel-Cortes-01.jpg","articleSection":["Noticia Colegio"],"inLanguage":"es"},{"@type":"WebPage","@id":"https:\/\/valenciasjb.salesianos.edu\/colegio\/samuel-cortes-jefe-del-departamento-de-matematicas-ponente-en-un-taller-de-buenas-practicas-de-la-upv\/","url":"https:\/\/valenciasjb.salesianos.edu\/colegio\/samuel-cortes-jefe-del-departamento-de-matematicas-ponente-en-un-taller-de-buenas-practicas-de-la-upv\/","name":"Samuel Cort\u00e9s, Jefe del Departamento de Matem\u00e1ticas, ponente en un taller de buenas pr\u00e1cticas de la UPV - Colegio San Juan Bosco Valencia","isPartOf":{"@id":"https:\/\/valenciasjb.salesianos.edu\/colegio\/#website"},"primaryImageOfPage":{"@id":"https:\/\/valenciasjb.salesianos.edu\/colegio\/samuel-cortes-jefe-del-departamento-de-matematicas-ponente-en-un-taller-de-buenas-practicas-de-la-upv\/#primaryimage"},"image":{"@id":"https:\/\/valenciasjb.salesianos.edu\/colegio\/samuel-cortes-jefe-del-departamento-de-matematicas-ponente-en-un-taller-de-buenas-practicas-de-la-upv\/#primaryimage"},"thumbnailUrl":"https:\/\/valenciasjb.salesianos.edu\/colegio\/wp-content\/uploads\/sites\/2\/2017\/09\/Samuel-Cortes-01.jpg","datePublished":"2017-09-25T16:33:36+00:00","dateModified":"2017-09-29T10:10:23+00:00","author":{"@id":"https:\/\/valenciasjb.salesianos.edu\/colegio\/#\/schema\/person\/ae0ac91eb19a6a2a01c95e29d541a575"},"breadcrumb":{"@id":"https:\/\/valenciasjb.salesianos.edu\/colegio\/samuel-cortes-jefe-del-departamento-de-matematicas-ponente-en-un-taller-de-buenas-practicas-de-la-upv\/#breadcrumb"},"inLanguage":"es","potentialAction":[{"@type":"ReadAction","target":["https:\/\/valenciasjb.salesianos.edu\/colegio\/samuel-cortes-jefe-del-departamento-de-matematicas-ponente-en-un-taller-de-buenas-practicas-de-la-upv\/"]}]},{"@type":"ImageObject","inLanguage":"es","@id":"https:\/\/valenciasjb.salesianos.edu\/colegio\/samuel-cortes-jefe-del-departamento-de-matematicas-ponente-en-un-taller-de-buenas-practicas-de-la-upv\/#primaryimage","url":"https:\/\/valenciasjb.salesianos.edu\/colegio\/wp-content\/uploads\/sites\/2\/2017\/09\/Samuel-Cortes-01.jpg","contentUrl":"https:\/\/valenciasjb.salesianos.edu\/colegio\/wp-content\/uploads\/sites\/2\/2017\/09\/Samuel-Cortes-01.jpg","width":2016,"height":1512},{"@type":"BreadcrumbList","@id":"https:\/\/valenciasjb.salesianos.edu\/colegio\/samuel-cortes-jefe-del-departamento-de-matematicas-ponente-en-un-taller-de-buenas-practicas-de-la-upv\/#breadcrumb","itemListElement":[{"@type":"ListItem","position":1,"name":"Portada","item":"https:\/\/valenciasjb.salesianos.edu\/colegio\/"},{"@type":"ListItem","position":2,"name":"Samuel Cort\u00e9s, Jefe del Departamento de Matem\u00e1ticas, ponente en un taller de buenas pr\u00e1cticas de la UPV"}]},{"@type":"WebSite","@id":"https:\/\/valenciasjb.salesianos.edu\/colegio\/#website","url":"https:\/\/valenciasjb.salesianos.edu\/colegio\/","name":"Colegio San Juan Bosco Valencia","description":"P\u00e1gina oficial del Colegio Salesianos San Juan Bosco Valencia","alternateName":"Salesianos.VSJB","potentialAction":[{"@type":"SearchAction","target":{"@type":"EntryPoint","urlTemplate":"https:\/\/valenciasjb.salesianos.edu\/colegio\/?s={search_term_string}"},"query-input":{"@type":"PropertyValueSpecification","valueRequired":true,"valueName":"search_term_string"}}],"inLanguage":"es"},{"@type":"Person","@id":"https:\/\/valenciasjb.salesianos.edu\/colegio\/#\/schema\/person\/ae0ac91eb19a6a2a01c95e29d541a575","name":"Administrador Web","image":{"@type":"ImageObject","inLanguage":"es","@id":"https:\/\/secure.gravatar.com\/avatar\/48a73c544c48a92e9f82115ddc8f6abf90891f033d83384ebe4aafd70f983ec8?s=96&d=mm&r=g","url":"https:\/\/secure.gravatar.com\/avatar\/48a73c544c48a92e9f82115ddc8f6abf90891f033d83384ebe4aafd70f983ec8?s=96&d=mm&r=g","contentUrl":"https:\/\/secure.gravatar.com\/avatar\/48a73c544c48a92e9f82115ddc8f6abf90891f033d83384ebe4aafd70f983ec8?s=96&d=mm&r=g","caption":"Administrador Web"}}]}},"_links":{"self":[{"href":"https:\/\/valenciasjb.salesianos.edu\/colegio\/wp-json\/wp\/v2\/posts\/4520","targetHints":{"allow":["GET"]}}],"collection":[{"href":"https:\/\/valenciasjb.salesianos.edu\/colegio\/wp-json\/wp\/v2\/posts"}],"about":[{"href":"https:\/\/valenciasjb.salesianos.edu\/colegio\/wp-json\/wp\/v2\/types\/post"}],"author":[{"embeddable":true,"href":"https:\/\/valenciasjb.salesianos.edu\/colegio\/wp-json\/wp\/v2\/users\/2"}],"replies":[{"embeddable":true,"href":"https:\/\/valenciasjb.salesianos.edu\/colegio\/wp-json\/wp\/v2\/comments?post=4520"}],"version-history":[{"count":2,"href":"https:\/\/valenciasjb.salesianos.edu\/colegio\/wp-json\/wp\/v2\/posts\/4520\/revisions"}],"predecessor-version":[{"id":4592,"href":"https:\/\/valenciasjb.salesianos.edu\/colegio\/wp-json\/wp\/v2\/posts\/4520\/revisions\/4592"}],"wp:featuredmedia":[{"embeddable":true,"href":"https:\/\/valenciasjb.salesianos.edu\/colegio\/wp-json\/wp\/v2\/media\/4521"}],"wp:attachment":[{"href":"https:\/\/valenciasjb.salesianos.edu\/colegio\/wp-json\/wp\/v2\/media?parent=4520"}],"wp:term":[{"taxonomy":"category","embeddable":true,"href":"https:\/\/valenciasjb.salesianos.edu\/colegio\/wp-json\/wp\/v2\/categories?post=4520"},{"taxonomy":"post_tag","embeddable":true,"href":"https:\/\/valenciasjb.salesianos.edu\/colegio\/wp-json\/wp\/v2\/tags?post=4520"}],"curies":[{"name":"wp","href":"https:\/\/api.w.org\/{rel}","templated":true}]}}