{"id":4600,"date":"2017-10-03T16:55:08","date_gmt":"2017-10-03T15:55:08","guid":{"rendered":"https:\/\/valenciasjb.salesianos.edu\/colegio\/?p=4600"},"modified":"2017-10-03T16:55:08","modified_gmt":"2017-10-03T15:55:08","slug":"ampas-organiza-la-conferencia-educar-en-el-asombro","status":"publish","type":"post","link":"https:\/\/valenciasjb.salesianos.edu\/colegio\/ampas-organiza-la-conferencia-educar-en-el-asombro\/","title":{"rendered":"AMPAS organiza la conferencia \u201cEducar en el asombro\u201d"},"content":{"rendered":"<div id=\"fb-root\"><\/div>\n<p>[et_pb_section bb_built=\u00bb1&#8243; admin_label=\u00bbsection\u00bb][et_pb_row admin_label=\u00bbrow\u00bb background_position=\u00bbtop_left\u00bb background_repeat=\u00bbrepeat\u00bb background_size=\u00bbinitial\u00bb][et_pb_column type=\u00bb4_4&#8243;][et_pb_text admin_label=\u00bbEntradilla (Texto)\u00bb _builder_version=\u00bb3.0.76&#8243; background_layout=\u00bblight\u00bb text_orientation=\u00bbjustified\u00bb text_font=\u00bb|on|||\u00bb border_style=\u00bbsolid\u00bb]<\/p>\n<div>\n<div id=\"resumen\"><strong>De la mano de Catherine L\u2019Ecuyer, autora del bestseller educativo con este mismo nombre.<\/strong><\/div>\n<div id=\"entradilla\"><strong>La conferencia \u201cEducar en el asombro\u201d, organizada por AMPAS, tendr\u00e1 lugar el 20 de octubre de 2017, en el teatro del colegio de 19.30 a 20.30 horas.<\/strong><\/div>\n<\/div>\n<p>[\/et_pb_text][et_pb_text admin_label=\u00bbAutor (Texto)\u00bb _builder_version=\u00bb3.0.76&#8243; background_layout=\u00bblight\u00bb text_font=\u00bb||on||\u00bb border_style=\u00bbsolid\u00bb]<\/p>\n<p>AMPAS<\/p>\n<p>[\/et_pb_text][et_pb_text admin_label=\u00bbDesarrollo (Texto)\u00bb _builder_version=\u00bb3.0.76&#8243; background_layout=\u00bblight\u00bb text_orientation=\u00bbjustified\u00bb border_style=\u00bbsolid\u00bb]<\/p>\n<p>Catherine L\u2019Ecuyer es canadiense, afincada en Barcelona y madre de 4 hijos. Es m\u00e1ster por IESE Business School y m\u00e1ster Europeo Oficial de Investigaci\u00f3n. En Canad\u00e1 ha trabajado como Senior Council en una empresa de telecomunicaci\u00f3n.<\/p>\n<p>En Espa\u00f1a ha dado clases en la universidad y ha sido consultora en diversas empresas como Abertis y Pepsi. La revista suiza <em>Frontiers in Human Neuroscience<\/em> public\u00f3 el art\u00edculo, The <em>Wonder Approach To Learning<\/em>, que convierte su tesis en una nueva hip\u00f3tesis\/teor\u00eda del aprendizaje.<\/p>\n<p>Colabora actualmente con el grupo de investigaci\u00f3n Mente-Cerebro de la Universidad de Navarra. Su blog lleva acumuladas un mill\u00f3n de visitas. En 2015, recibi\u00f3 el Premio Pajarita de la Asociaci\u00f3n Espa\u00f1ola de Fabricantes de Juguetes por promocionar la cultura del juego en los medios de comunicaci\u00f3n y fue invitada como ponente ante la Comisi\u00f3n de Educaci\u00f3n del Congreso de los Diputados de Espa\u00f1a.<\/p>\n<p>Es autora del libro <em>Educar en el asombro<\/em> (21\u00aa edici\u00f3n), que ha sido publicado en seis idiomas y est\u00e1 disponible en m\u00e1s de quince pa\u00edses. Seg\u00fan la revista <em>Magisterio<\/em>, se considera el bestseller educativo de los \u00faltimos a\u00f1os. Tambi\u00e9n ha publicado <em>Educar en la realidad<\/em> (5\u00aa edici\u00f3n), sobre el uso de las nuevas tecnolog\u00edas en la infancia y en la adolescencia.<\/p>\n<p>Esta conferencia est\u00e1 dirigida a todos los padres y abuelos de alumnos, educadores y miembros de la comunidad educativa y es totalmente gratuita. Para confirmar la asistencia solo hay que enviar un correo a: <a href=\"mailto:apas.valencia.sjb@salesianos.edu\">apas.valencia.sjb@salesianos.edu<\/a><\/p>\n<p>\u201cEs importante rodear al ni\u00f1o de un entorno que sepa equilibrar silencio, palabras, im\u00e1genes y sonido.\u201d Catherine L\u2019Ecuyer.<\/p>\n<p>[\/et_pb_text][et_pb_text admin_label=\u00bbT\u00edtulo: Galer\u00eda de fotos (Texto)\u00bb _builder_version=\u00bb3.0.76&#8243; background_layout=\u00bblight\u00bb text_font=\u00bb|on|||\u00bb text_text_color=\u00bb#dc001b\u00bb border_style=\u00bbsolid\u00bb disabled=\u00bboff\u00bb disabled_on=\u00bboff|on|on\u00bb]<\/p>\n<p>Galer\u00eda de im\u00e1genes<\/p>\n<p>[\/et_pb_text][et_pb_gallery _builder_version=\u00bb3.0.76&#8243; posts_number=\u00bb8&#8243; show_title_and_caption=\u00bboff\u00bb show_pagination=\u00bbon\u00bb fullwidth=\u00bboff\u00bb orientation=\u00bblandscape\u00bb zoom_icon_color=\u00bb#dc001b\u00bb hover_overlay_color=\u00bbrgba(255,255,255,0.9)\u00bb hover_icon=\u00bb%%51%%\u00bb background_layout=\u00bblight\u00bb border_style=\u00bbsolid\u00bb disabled=\u00bboff\u00bb disabled_on=\u00bboff|off|off\u00bb gallery_ids=\u00bb4601&#8243; pagination_font_size_tablet=\u00bb51&#8243; pagination_line_height_tablet=\u00bb2&#8243; \/][et_pb_video _builder_version=\u00bb3.0.51&#8243; disabled=\u00bbon\u00bb disabled_on=\u00bbon|on|on\u00bb \/][\/et_pb_column][\/et_pb_row][\/et_pb_section]<\/p>\n<!-- AddThis Advanced Settings generic via filter on the_content --><!-- AddThis Share Buttons generic via filter on the_content -->","protected":false},"excerpt":{"rendered":"<p>De la mano de Catherine L\u2019Ecuyer, autora del bestseller educativo con este mismo nombre. La conferencia \u201cEducar en el asombro\u201d, organizada por AMPAS, tendr\u00e1 lugar el 20 de octubre de 2017, en el teatro del colegio de 19.30 a 20.30 horas. AMPAS Catherine L\u2019Ecuyer es canadiense, afincada en Barcelona y madre de 4 hijos. Es [&hellip;]<\/p>\n<p><!-- AddThis Advanced Settings generic via filter on get_the_excerpt --><!-- AddThis Share Buttons generic via filter on get_the_excerpt --><\/p>\n","protected":false},"author":2,"featured_media":4601,"comment_status":"open","ping_status":"open","sticky":false,"template":"","format":"standard","meta":{"_et_pb_use_builder":"on","_et_pb_old_content":"","_et_gb_content_width":"","footnotes":""},"categories":[14],"tags":[],"class_list":["post-4600","post","type-post","status-publish","format-standard","has-post-thumbnail","hentry","category-noticia_colegio"],"yoast_head":"<!-- This site is optimized with the Yoast SEO plugin v28.4 - https:\/\/yoast.com\/product\/yoast-seo-wordpress\/ -->\n<title>AMPAS organiza la conferencia \u201cEducar en el asombro\u201d - Colegio San Juan Bosco Valencia<\/title>\n<meta name=\"robots\" content=\"index, follow, max-snippet:-1, max-image-preview:large, max-video-preview:-1\" \/>\n<link rel=\"canonical\" href=\"https:\/\/valenciasjb.salesianos.edu\/colegio\/ampas-organiza-la-conferencia-educar-en-el-asombro\/\" \/>\n<meta property=\"og:locale\" content=\"es_ES\" \/>\n<meta property=\"og:type\" content=\"article\" \/>\n<meta property=\"og:title\" content=\"AMPAS organiza la conferencia \u201cEducar en el asombro\u201d - Colegio San Juan Bosco Valencia\" \/>\n<meta property=\"og:description\" content=\"De la mano de Catherine L\u2019Ecuyer, autora del bestseller educativo con este mismo nombre. La conferencia \u201cEducar en el asombro\u201d, organizada por AMPAS, tendr\u00e1 lugar el 20 de octubre de 2017, en el teatro del colegio de 19.30 a 20.30 horas. AMPAS Catherine L\u2019Ecuyer es canadiense, afincada en Barcelona y madre de 4 hijos. Es [&hellip;]\" \/>\n<meta property=\"og:url\" content=\"https:\/\/valenciasjb.salesianos.edu\/colegio\/ampas-organiza-la-conferencia-educar-en-el-asombro\/\" \/>\n<meta property=\"og:site_name\" content=\"Colegio San Juan Bosco Valencia\" \/>\n<meta property=\"article:publisher\" content=\"https:\/\/www.facebook.com\/ColegioSalesianoSanJuanBoscoValencia\" \/>\n<meta property=\"article:published_time\" content=\"2017-10-03T15:55:08+00:00\" \/>\n<meta property=\"og:image\" content=\"https:\/\/valenciasjb.salesianos.edu\/colegio\/wp-content\/uploads\/sites\/2\/2017\/10\/cartel-catherine-l-ecuyer.jpg\" \/>\n\t<meta property=\"og:image:width\" content=\"1290\" \/>\n\t<meta property=\"og:image:height\" content=\"1720\" \/>\n\t<meta property=\"og:image:type\" content=\"image\/jpeg\" \/>\n<meta name=\"author\" content=\"Administrador Web\" \/>\n<meta name=\"twitter:card\" content=\"summary_large_image\" \/>\n<meta name=\"twitter:creator\" content=\"@SalesianosVSJB\" \/>\n<meta name=\"twitter:site\" content=\"@SalesianosVSJB\" \/>\n<meta name=\"twitter:label1\" content=\"Escrito por\" \/>\n\t<meta name=\"twitter:data1\" content=\"Administrador Web\" \/>\n\t<meta name=\"twitter:label2\" content=\"Tiempo de lectura\" \/>\n\t<meta name=\"twitter:data2\" content=\"3 minutos\" \/>\n<script type=\"application\/ld+json\" class=\"yoast-schema-graph\">{\"@context\":\"https:\\\/\\\/schema.org\",\"@graph\":[{\"@type\":\"Article\",\"@id\":\"https:\\\/\\\/valenciasjb.salesianos.edu\\\/colegio\\\/ampas-organiza-la-conferencia-educar-en-el-asombro\\\/#article\",\"isPartOf\":{\"@id\":\"https:\\\/\\\/valenciasjb.salesianos.edu\\\/colegio\\\/ampas-organiza-la-conferencia-educar-en-el-asombro\\\/\"},\"author\":{\"name\":\"Administrador Web\",\"@id\":\"https:\\\/\\\/valenciasjb.salesianos.edu\\\/colegio\\\/#\\\/schema\\\/person\\\/ae0ac91eb19a6a2a01c95e29d541a575\"},\"headline\":\"AMPAS organiza la conferencia \u201cEducar en el asombro\u201d\",\"datePublished\":\"2017-10-03T15:55:08+00:00\",\"mainEntityOfPage\":{\"@id\":\"https:\\\/\\\/valenciasjb.salesianos.edu\\\/colegio\\\/ampas-organiza-la-conferencia-educar-en-el-asombro\\\/\"},\"wordCount\":544,\"commentCount\":0,\"image\":{\"@id\":\"https:\\\/\\\/valenciasjb.salesianos.edu\\\/colegio\\\/ampas-organiza-la-conferencia-educar-en-el-asombro\\\/#primaryimage\"},\"thumbnailUrl\":\"https:\\\/\\\/valenciasjb.salesianos.edu\\\/colegio\\\/wp-content\\\/uploads\\\/sites\\\/2\\\/2017\\\/10\\\/cartel-catherine-l-ecuyer.jpg\",\"articleSection\":[\"Noticia Colegio\"],\"inLanguage\":\"es\",\"potentialAction\":[{\"@type\":\"CommentAction\",\"name\":\"Comment\",\"target\":[\"https:\\\/\\\/valenciasjb.salesianos.edu\\\/colegio\\\/ampas-organiza-la-conferencia-educar-en-el-asombro\\\/#respond\"]}]},{\"@type\":\"WebPage\",\"@id\":\"https:\\\/\\\/valenciasjb.salesianos.edu\\\/colegio\\\/ampas-organiza-la-conferencia-educar-en-el-asombro\\\/\",\"url\":\"https:\\\/\\\/valenciasjb.salesianos.edu\\\/colegio\\\/ampas-organiza-la-conferencia-educar-en-el-asombro\\\/\",\"name\":\"AMPAS organiza la conferencia \u201cEducar en el asombro\u201d - Colegio San Juan Bosco Valencia\",\"isPartOf\":{\"@id\":\"https:\\\/\\\/valenciasjb.salesianos.edu\\\/colegio\\\/#website\"},\"primaryImageOfPage\":{\"@id\":\"https:\\\/\\\/valenciasjb.salesianos.edu\\\/colegio\\\/ampas-organiza-la-conferencia-educar-en-el-asombro\\\/#primaryimage\"},\"image\":{\"@id\":\"https:\\\/\\\/valenciasjb.salesianos.edu\\\/colegio\\\/ampas-organiza-la-conferencia-educar-en-el-asombro\\\/#primaryimage\"},\"thumbnailUrl\":\"https:\\\/\\\/valenciasjb.salesianos.edu\\\/colegio\\\/wp-content\\\/uploads\\\/sites\\\/2\\\/2017\\\/10\\\/cartel-catherine-l-ecuyer.jpg\",\"datePublished\":\"2017-10-03T15:55:08+00:00\",\"author\":{\"@id\":\"https:\\\/\\\/valenciasjb.salesianos.edu\\\/colegio\\\/#\\\/schema\\\/person\\\/ae0ac91eb19a6a2a01c95e29d541a575\"},\"breadcrumb\":{\"@id\":\"https:\\\/\\\/valenciasjb.salesianos.edu\\\/colegio\\\/ampas-organiza-la-conferencia-educar-en-el-asombro\\\/#breadcrumb\"},\"inLanguage\":\"es\",\"potentialAction\":[{\"@type\":\"ReadAction\",\"target\":[\"https:\\\/\\\/valenciasjb.salesianos.edu\\\/colegio\\\/ampas-organiza-la-conferencia-educar-en-el-asombro\\\/\"]}]},{\"@type\":\"ImageObject\",\"inLanguage\":\"es\",\"@id\":\"https:\\\/\\\/valenciasjb.salesianos.edu\\\/colegio\\\/ampas-organiza-la-conferencia-educar-en-el-asombro\\\/#primaryimage\",\"url\":\"https:\\\/\\\/valenciasjb.salesianos.edu\\\/colegio\\\/wp-content\\\/uploads\\\/sites\\\/2\\\/2017\\\/10\\\/cartel-catherine-l-ecuyer.jpg\",\"contentUrl\":\"https:\\\/\\\/valenciasjb.salesianos.edu\\\/colegio\\\/wp-content\\\/uploads\\\/sites\\\/2\\\/2017\\\/10\\\/cartel-catherine-l-ecuyer.jpg\",\"width\":1290,\"height\":1720},{\"@type\":\"BreadcrumbList\",\"@id\":\"https:\\\/\\\/valenciasjb.salesianos.edu\\\/colegio\\\/ampas-organiza-la-conferencia-educar-en-el-asombro\\\/#breadcrumb\",\"itemListElement\":[{\"@type\":\"ListItem\",\"position\":1,\"name\":\"Portada\",\"item\":\"https:\\\/\\\/valenciasjb.salesianos.edu\\\/colegio\\\/\"},{\"@type\":\"ListItem\",\"position\":2,\"name\":\"AMPAS organiza la conferencia \u201cEducar en el asombro\u201d\"}]},{\"@type\":\"WebSite\",\"@id\":\"https:\\\/\\\/valenciasjb.salesianos.edu\\\/colegio\\\/#website\",\"url\":\"https:\\\/\\\/valenciasjb.salesianos.edu\\\/colegio\\\/\",\"name\":\"Colegio San Juan Bosco Valencia\",\"description\":\"P\u00e1gina oficial del Colegio Salesianos San Juan Bosco Valencia\",\"alternateName\":\"Salesianos.VSJB\",\"potentialAction\":[{\"@type\":\"SearchAction\",\"target\":{\"@type\":\"EntryPoint\",\"urlTemplate\":\"https:\\\/\\\/valenciasjb.salesianos.edu\\\/colegio\\\/?s={search_term_string}\"},\"query-input\":{\"@type\":\"PropertyValueSpecification\",\"valueRequired\":true,\"valueName\":\"search_term_string\"}}],\"inLanguage\":\"es\"},{\"@type\":\"Person\",\"@id\":\"https:\\\/\\\/valenciasjb.salesianos.edu\\\/colegio\\\/#\\\/schema\\\/person\\\/ae0ac91eb19a6a2a01c95e29d541a575\",\"name\":\"Administrador Web\",\"image\":{\"@type\":\"ImageObject\",\"inLanguage\":\"es\",\"@id\":\"https:\\\/\\\/secure.gravatar.com\\\/avatar\\\/48a73c544c48a92e9f82115ddc8f6abf90891f033d83384ebe4aafd70f983ec8?s=96&d=mm&r=g\",\"url\":\"https:\\\/\\\/secure.gravatar.com\\\/avatar\\\/48a73c544c48a92e9f82115ddc8f6abf90891f033d83384ebe4aafd70f983ec8?s=96&d=mm&r=g\",\"contentUrl\":\"https:\\\/\\\/secure.gravatar.com\\\/avatar\\\/48a73c544c48a92e9f82115ddc8f6abf90891f033d83384ebe4aafd70f983ec8?s=96&d=mm&r=g\",\"caption\":\"Administrador Web\"}}]}<\/script>\n<!-- \/ Yoast SEO plugin. -->","yoast_head_json":{"title":"AMPAS organiza la conferencia \u201cEducar en el asombro\u201d - Colegio San Juan Bosco Valencia","robots":{"index":"index","follow":"follow","max-snippet":"max-snippet:-1","max-image-preview":"max-image-preview:large","max-video-preview":"max-video-preview:-1"},"canonical":"https:\/\/valenciasjb.salesianos.edu\/colegio\/ampas-organiza-la-conferencia-educar-en-el-asombro\/","og_locale":"es_ES","og_type":"article","og_title":"AMPAS organiza la conferencia \u201cEducar en el asombro\u201d - Colegio San Juan Bosco Valencia","og_description":"De la mano de Catherine L\u2019Ecuyer, autora del bestseller educativo con este mismo nombre. La conferencia \u201cEducar en el asombro\u201d, organizada por AMPAS, tendr\u00e1 lugar el 20 de octubre de 2017, en el teatro del colegio de 19.30 a 20.30 horas. AMPAS Catherine L\u2019Ecuyer es canadiense, afincada en Barcelona y madre de 4 hijos. Es [&hellip;]","og_url":"https:\/\/valenciasjb.salesianos.edu\/colegio\/ampas-organiza-la-conferencia-educar-en-el-asombro\/","og_site_name":"Colegio San Juan Bosco Valencia","article_publisher":"https:\/\/www.facebook.com\/ColegioSalesianoSanJuanBoscoValencia","article_published_time":"2017-10-03T15:55:08+00:00","og_image":[{"width":1290,"height":1720,"url":"https:\/\/valenciasjb.salesianos.edu\/colegio\/wp-content\/uploads\/sites\/2\/2017\/10\/cartel-catherine-l-ecuyer.jpg","type":"image\/jpeg"}],"author":"Administrador Web","twitter_card":"summary_large_image","twitter_creator":"@SalesianosVSJB","twitter_site":"@SalesianosVSJB","twitter_misc":{"Escrito por":"Administrador Web","Tiempo de lectura":"3 minutos"},"schema":{"@context":"https:\/\/schema.org","@graph":[{"@type":"Article","@id":"https:\/\/valenciasjb.salesianos.edu\/colegio\/ampas-organiza-la-conferencia-educar-en-el-asombro\/#article","isPartOf":{"@id":"https:\/\/valenciasjb.salesianos.edu\/colegio\/ampas-organiza-la-conferencia-educar-en-el-asombro\/"},"author":{"name":"Administrador Web","@id":"https:\/\/valenciasjb.salesianos.edu\/colegio\/#\/schema\/person\/ae0ac91eb19a6a2a01c95e29d541a575"},"headline":"AMPAS organiza la conferencia \u201cEducar en el asombro\u201d","datePublished":"2017-10-03T15:55:08+00:00","mainEntityOfPage":{"@id":"https:\/\/valenciasjb.salesianos.edu\/colegio\/ampas-organiza-la-conferencia-educar-en-el-asombro\/"},"wordCount":544,"commentCount":0,"image":{"@id":"https:\/\/valenciasjb.salesianos.edu\/colegio\/ampas-organiza-la-conferencia-educar-en-el-asombro\/#primaryimage"},"thumbnailUrl":"https:\/\/valenciasjb.salesianos.edu\/colegio\/wp-content\/uploads\/sites\/2\/2017\/10\/cartel-catherine-l-ecuyer.jpg","articleSection":["Noticia Colegio"],"inLanguage":"es","potentialAction":[{"@type":"CommentAction","name":"Comment","target":["https:\/\/valenciasjb.salesianos.edu\/colegio\/ampas-organiza-la-conferencia-educar-en-el-asombro\/#respond"]}]},{"@type":"WebPage","@id":"https:\/\/valenciasjb.salesianos.edu\/colegio\/ampas-organiza-la-conferencia-educar-en-el-asombro\/","url":"https:\/\/valenciasjb.salesianos.edu\/colegio\/ampas-organiza-la-conferencia-educar-en-el-asombro\/","name":"AMPAS organiza la conferencia \u201cEducar en el asombro\u201d - Colegio San Juan Bosco Valencia","isPartOf":{"@id":"https:\/\/valenciasjb.salesianos.edu\/colegio\/#website"},"primaryImageOfPage":{"@id":"https:\/\/valenciasjb.salesianos.edu\/colegio\/ampas-organiza-la-conferencia-educar-en-el-asombro\/#primaryimage"},"image":{"@id":"https:\/\/valenciasjb.salesianos.edu\/colegio\/ampas-organiza-la-conferencia-educar-en-el-asombro\/#primaryimage"},"thumbnailUrl":"https:\/\/valenciasjb.salesianos.edu\/colegio\/wp-content\/uploads\/sites\/2\/2017\/10\/cartel-catherine-l-ecuyer.jpg","datePublished":"2017-10-03T15:55:08+00:00","author":{"@id":"https:\/\/valenciasjb.salesianos.edu\/colegio\/#\/schema\/person\/ae0ac91eb19a6a2a01c95e29d541a575"},"breadcrumb":{"@id":"https:\/\/valenciasjb.salesianos.edu\/colegio\/ampas-organiza-la-conferencia-educar-en-el-asombro\/#breadcrumb"},"inLanguage":"es","potentialAction":[{"@type":"ReadAction","target":["https:\/\/valenciasjb.salesianos.edu\/colegio\/ampas-organiza-la-conferencia-educar-en-el-asombro\/"]}]},{"@type":"ImageObject","inLanguage":"es","@id":"https:\/\/valenciasjb.salesianos.edu\/colegio\/ampas-organiza-la-conferencia-educar-en-el-asombro\/#primaryimage","url":"https:\/\/valenciasjb.salesianos.edu\/colegio\/wp-content\/uploads\/sites\/2\/2017\/10\/cartel-catherine-l-ecuyer.jpg","contentUrl":"https:\/\/valenciasjb.salesianos.edu\/colegio\/wp-content\/uploads\/sites\/2\/2017\/10\/cartel-catherine-l-ecuyer.jpg","width":1290,"height":1720},{"@type":"BreadcrumbList","@id":"https:\/\/valenciasjb.salesianos.edu\/colegio\/ampas-organiza-la-conferencia-educar-en-el-asombro\/#breadcrumb","itemListElement":[{"@type":"ListItem","position":1,"name":"Portada","item":"https:\/\/valenciasjb.salesianos.edu\/colegio\/"},{"@type":"ListItem","position":2,"name":"AMPAS organiza la conferencia \u201cEducar en el asombro\u201d"}]},{"@type":"WebSite","@id":"https:\/\/valenciasjb.salesianos.edu\/colegio\/#website","url":"https:\/\/valenciasjb.salesianos.edu\/colegio\/","name":"Colegio San Juan Bosco Valencia","description":"P\u00e1gina oficial del Colegio Salesianos San Juan Bosco Valencia","alternateName":"Salesianos.VSJB","potentialAction":[{"@type":"SearchAction","target":{"@type":"EntryPoint","urlTemplate":"https:\/\/valenciasjb.salesianos.edu\/colegio\/?s={search_term_string}"},"query-input":{"@type":"PropertyValueSpecification","valueRequired":true,"valueName":"search_term_string"}}],"inLanguage":"es"},{"@type":"Person","@id":"https:\/\/valenciasjb.salesianos.edu\/colegio\/#\/schema\/person\/ae0ac91eb19a6a2a01c95e29d541a575","name":"Administrador Web","image":{"@type":"ImageObject","inLanguage":"es","@id":"https:\/\/secure.gravatar.com\/avatar\/48a73c544c48a92e9f82115ddc8f6abf90891f033d83384ebe4aafd70f983ec8?s=96&d=mm&r=g","url":"https:\/\/secure.gravatar.com\/avatar\/48a73c544c48a92e9f82115ddc8f6abf90891f033d83384ebe4aafd70f983ec8?s=96&d=mm&r=g","contentUrl":"https:\/\/secure.gravatar.com\/avatar\/48a73c544c48a92e9f82115ddc8f6abf90891f033d83384ebe4aafd70f983ec8?s=96&d=mm&r=g","caption":"Administrador Web"}}]}},"_links":{"self":[{"href":"https:\/\/valenciasjb.salesianos.edu\/colegio\/wp-json\/wp\/v2\/posts\/4600","targetHints":{"allow":["GET"]}}],"collection":[{"href":"https:\/\/valenciasjb.salesianos.edu\/colegio\/wp-json\/wp\/v2\/posts"}],"about":[{"href":"https:\/\/valenciasjb.salesianos.edu\/colegio\/wp-json\/wp\/v2\/types\/post"}],"author":[{"embeddable":true,"href":"https:\/\/valenciasjb.salesianos.edu\/colegio\/wp-json\/wp\/v2\/users\/2"}],"replies":[{"embeddable":true,"href":"https:\/\/valenciasjb.salesianos.edu\/colegio\/wp-json\/wp\/v2\/comments?post=4600"}],"version-history":[{"count":1,"href":"https:\/\/valenciasjb.salesianos.edu\/colegio\/wp-json\/wp\/v2\/posts\/4600\/revisions"}],"predecessor-version":[{"id":4602,"href":"https:\/\/valenciasjb.salesianos.edu\/colegio\/wp-json\/wp\/v2\/posts\/4600\/revisions\/4602"}],"wp:featuredmedia":[{"embeddable":true,"href":"https:\/\/valenciasjb.salesianos.edu\/colegio\/wp-json\/wp\/v2\/media\/4601"}],"wp:attachment":[{"href":"https:\/\/valenciasjb.salesianos.edu\/colegio\/wp-json\/wp\/v2\/media?parent=4600"}],"wp:term":[{"taxonomy":"category","embeddable":true,"href":"https:\/\/valenciasjb.salesianos.edu\/colegio\/wp-json\/wp\/v2\/categories?post=4600"},{"taxonomy":"post_tag","embeddable":true,"href":"https:\/\/valenciasjb.salesianos.edu\/colegio\/wp-json\/wp\/v2\/tags?post=4600"}],"curies":[{"name":"wp","href":"https:\/\/api.w.org\/{rel}","templated":true}]}}