{"id":4696,"date":"2017-10-13T16:51:53","date_gmt":"2017-10-13T15:51:53","guid":{"rendered":"https:\/\/valenciasjb.salesianos.edu\/colegio\/?p=4696"},"modified":"2017-10-17T12:39:55","modified_gmt":"2017-10-17T11:39:55","slug":"el-proyecto-de-mentoria-se-pone-en-marcha-con-una-primera-sesion-formativa-2","status":"publish","type":"post","link":"https:\/\/valenciasjb.salesianos.edu\/colegio\/el-proyecto-de-mentoria-se-pone-en-marcha-con-una-primera-sesion-formativa-2\/","title":{"rendered":"El proyecto de mentor\u00eda se pone en marcha con una primera sesi\u00f3n formativa"},"content":{"rendered":"<div id=\"fb-root\"><\/div>\n<p>[et_pb_section bb_built=\u00bb1&#8243; admin_label=\u00bbsection\u00bb][et_pb_row admin_label=\u00bbrow\u00bb background_position=\u00bbtop_left\u00bb background_repeat=\u00bbrepeat\u00bb background_size=\u00bbinitial\u00bb][et_pb_column type=\u00bb4_4&#8243;][et_pb_text admin_label=\u00bbEntradilla (Texto)\u00bb _builder_version=\u00bb3.0.82&#8243; background_layout=\u00bblight\u00bb text_orientation=\u00bbjustified\u00bb text_font=\u00bb|on|||\u00bb border_style=\u00bbsolid\u00bb box_shadow_position=\u00bbouter\u00bb]<\/p>\n<div id=\"resumen\">\n<div id=\"resumen\"><strong>Gran implicaci\u00f3n del claustro, desde Infantil, Primaria, ESO y Bachillerato unidos por los alumnos y alumnas.<\/strong><\/div>\n<\/div>\n<div>El colegio ha puesto en marcha para este curso escolar un nuevo proyecto educativo de Mentor\u00eda, en el cual un nutrido grupo de profesorado procedente de todas las etapas, desde Infantil, Primaria, ESO y Bachillerato, colaborar\u00e1n como mentores del alumnado de primero y segundo de Bachillerato.<\/div>\n<p>[\/et_pb_text][et_pb_text admin_label=\u00bbAutor (Texto)\u00bb _builder_version=\u00bb3.0.82&#8243; background_layout=\u00bblight\u00bb text_font=\u00bb||on||\u00bb border_style=\u00bbsolid\u00bb box_shadow_position=\u00bbouter\u00bb]<\/p>\n<p>Redacci\u00f3n<\/p>\n<p>[\/et_pb_text][et_pb_text admin_label=\u00bbDesarrollo (Texto)\u00bb _builder_version=\u00bb3.0.82&#8243; background_layout=\u00bblight\u00bb text_orientation=\u00bbjustified\u00bb border_style=\u00bbsolid\u00bb box_shadow_position=\u00bbouter\u00bb]<\/p>\n<p>En la mitolog\u00eda griega, M\u00e9ntor fue un amigo de Odiseo.\u00a0En la Odisea, al partir el h\u00e9roe para Troya, encomend\u00f3 al fiel M\u00e9ntor sus intereses en \u00cdtaca y la educaci\u00f3n de su hijo Tel\u00e9maco. La diosa Atenea adopt\u00f3 la apariencia de M\u00e9ntor para acompa\u00f1ar a Tel\u00e9maco en su viaje en busca de Odiseo o de noticias sobre \u00e9l a la corte de N\u00e9stor. Es por ello que el nombre M\u00e9ntor ha pasado a la lengua como el de consejero sabio y experimentado, o como preceptor.<\/p>\n<p>En este proyecto de mentor\u00eda, los profesores ser\u00e1n los \u00abMentores\u00bb y los alumnos y alumnas sus \u00abTel\u00e9macos\u00bb y procurar\u00e1n acompa\u00f1arlos y guiarlos en una etapa muy intensa para ellos, como es el Bachillerato.<\/p>\n<p>Los principales rasgos que desarrollar\u00e1n los mentores con los alumnos y alumnas a lo largo de este curso, seg\u00fan se indic\u00f3 en la primera sesi\u00f3n formativa, ser\u00e1n la presencia educativa, escucha activa, empat\u00eda, asertividad, positividad, adecuaci\u00f3n del lenguaje, muestra de afecto, ense\u00f1ar a pensar, poner algo de humor y relativizar las situaciones.<\/p>\n<p>Con esta iniciativa el colegio pretende que el alumnado de Bachillerato se sienta acompa\u00f1ado y escuchado en una etapa esencial de sus vidas, por lo que da las gracias a los profesores y profesoras que, de manera totalmente altruista, se pondr\u00e1n a la disposici\u00f3n de los alumnos y alumnas y les ayudar\u00e1n en todo lo que puedan necesitar. Hay un sitio para ti, ven y ver\u00e1s.<\/p>\n<p>[\/et_pb_text][et_pb_text admin_label=\u00bbT\u00edtulo: Galer\u00eda de fotos (Texto)\u00bb _builder_version=\u00bb3.0.76&#8243; background_layout=\u00bblight\u00bb text_font=\u00bb|on|||\u00bb text_text_color=\u00bb#dc001b\u00bb border_style=\u00bbsolid\u00bb disabled=\u00bboff\u00bb disabled_on=\u00bboff|on|on\u00bb]<\/p>\n<p>Galer\u00eda de im\u00e1genes<\/p>\n<p>[\/et_pb_text][et_pb_gallery _builder_version=\u00bb3.0.82&#8243; posts_number=\u00bb8&#8243; show_title_and_caption=\u00bboff\u00bb show_pagination=\u00bbon\u00bb fullwidth=\u00bboff\u00bb orientation=\u00bblandscape\u00bb zoom_icon_color=\u00bb#dc001b\u00bb hover_overlay_color=\u00bbrgba(255,255,255,0.9)\u00bb hover_icon=\u00bb%%51%%\u00bb background_layout=\u00bblight\u00bb border_style=\u00bbsolid\u00bb disabled=\u00bboff\u00bb disabled_on=\u00bboff|off|off\u00bb gallery_ids=\u00bb4701,4700,4699,4698,4697&#8243; pagination_font_size_tablet=\u00bb51&#8243; pagination_line_height_tablet=\u00bb2&#8243; box_shadow_position_image=\u00bbouter\u00bb box_shadow_position=\u00bbouter\u00bb \/][et_pb_video _builder_version=\u00bb3.0.51&#8243; disabled=\u00bbon\u00bb disabled_on=\u00bbon|on|on\u00bb \/][\/et_pb_column][\/et_pb_row][\/et_pb_section]<\/p>\n<!-- AddThis Advanced Settings generic via filter on the_content --><!-- AddThis Share Buttons generic via filter on the_content -->","protected":false},"excerpt":{"rendered":"<p>Gran implicaci\u00f3n del claustro, desde Infantil, Primaria, ESO y Bachillerato unidos por los alumnos y alumnas. El colegio ha puesto en marcha para este curso escolar un nuevo proyecto educativo de Mentor\u00eda, en el cual un nutrido grupo de profesorado procedente de todas las etapas, desde Infantil, Primaria, ESO y Bachillerato, colaborar\u00e1n como mentores del [&hellip;]<\/p>\n<p><!-- AddThis Advanced Settings generic via filter on get_the_excerpt --><!-- AddThis Share Buttons generic via filter on get_the_excerpt --><\/p>\n","protected":false},"author":6,"featured_media":4699,"comment_status":"closed","ping_status":"closed","sticky":false,"template":"","format":"standard","meta":{"_et_pb_use_builder":"on","_et_pb_old_content":"","_et_gb_content_width":"","footnotes":""},"categories":[14],"tags":[],"class_list":["post-4696","post","type-post","status-publish","format-standard","has-post-thumbnail","hentry","category-noticia_colegio"],"yoast_head":"<!-- This site is optimized with the Yoast SEO plugin v28.4 - https:\/\/yoast.com\/product\/yoast-seo-wordpress\/ -->\n<title>El proyecto de mentor\u00eda se pone en marcha con una primera sesi\u00f3n formativa - Colegio San Juan Bosco Valencia<\/title>\n<meta name=\"robots\" content=\"index, follow, max-snippet:-1, max-image-preview:large, max-video-preview:-1\" \/>\n<link rel=\"canonical\" href=\"https:\/\/valenciasjb.salesianos.edu\/colegio\/el-proyecto-de-mentoria-se-pone-en-marcha-con-una-primera-sesion-formativa-2\/\" \/>\n<meta property=\"og:locale\" content=\"es_ES\" \/>\n<meta property=\"og:type\" content=\"article\" \/>\n<meta property=\"og:title\" content=\"El proyecto de mentor\u00eda se pone en marcha con una primera sesi\u00f3n formativa - Colegio San Juan Bosco Valencia\" \/>\n<meta property=\"og:description\" content=\"Gran implicaci\u00f3n del claustro, desde Infantil, Primaria, ESO y Bachillerato unidos por los alumnos y alumnas. El colegio ha puesto en marcha para este curso escolar un nuevo proyecto educativo de Mentor\u00eda, en el cual un nutrido grupo de profesorado procedente de todas las etapas, desde Infantil, Primaria, ESO y Bachillerato, colaborar\u00e1n como mentores del [&hellip;]\" \/>\n<meta property=\"og:url\" content=\"https:\/\/valenciasjb.salesianos.edu\/colegio\/el-proyecto-de-mentoria-se-pone-en-marcha-con-una-primera-sesion-formativa-2\/\" \/>\n<meta property=\"og:site_name\" content=\"Colegio San Juan Bosco Valencia\" \/>\n<meta property=\"article:publisher\" content=\"https:\/\/www.facebook.com\/ColegioSalesianoSanJuanBoscoValencia\" \/>\n<meta property=\"article:published_time\" content=\"2017-10-13T15:51:53+00:00\" \/>\n<meta property=\"article:modified_time\" content=\"2017-10-17T11:39:55+00:00\" \/>\n<meta property=\"og:image\" content=\"https:\/\/valenciasjb.salesianos.edu\/colegio\/wp-content\/uploads\/sites\/2\/2017\/10\/171012-Proyecto-Mentor-3-1024x768.jpg\" \/>\n\t<meta property=\"og:image:width\" content=\"1024\" \/>\n\t<meta property=\"og:image:height\" content=\"768\" \/>\n\t<meta property=\"og:image:type\" content=\"image\/jpeg\" \/>\n<meta name=\"author\" content=\"veronicapastor\" \/>\n<meta name=\"twitter:card\" content=\"summary_large_image\" \/>\n<meta name=\"twitter:creator\" content=\"@SalesianosVSJB\" \/>\n<meta name=\"twitter:site\" content=\"@SalesianosVSJB\" \/>\n<meta name=\"twitter:label1\" content=\"Escrito por\" \/>\n\t<meta name=\"twitter:data1\" content=\"veronicapastor\" \/>\n\t<meta name=\"twitter:label2\" content=\"Tiempo de lectura\" \/>\n\t<meta name=\"twitter:data2\" content=\"3 minutos\" \/>\n<script type=\"application\/ld+json\" class=\"yoast-schema-graph\">{\"@context\":\"https:\\\/\\\/schema.org\",\"@graph\":[{\"@type\":\"Article\",\"@id\":\"https:\\\/\\\/valenciasjb.salesianos.edu\\\/colegio\\\/el-proyecto-de-mentoria-se-pone-en-marcha-con-una-primera-sesion-formativa-2\\\/#article\",\"isPartOf\":{\"@id\":\"https:\\\/\\\/valenciasjb.salesianos.edu\\\/colegio\\\/el-proyecto-de-mentoria-se-pone-en-marcha-con-una-primera-sesion-formativa-2\\\/\"},\"author\":{\"name\":\"veronicapastor\",\"@id\":\"https:\\\/\\\/valenciasjb.salesianos.edu\\\/colegio\\\/#\\\/schema\\\/person\\\/1f45b67e52b27da175190a574db6bed9\"},\"headline\":\"El proyecto de mentor\u00eda se pone en marcha con una primera sesi\u00f3n formativa\",\"datePublished\":\"2017-10-13T15:51:53+00:00\",\"dateModified\":\"2017-10-17T11:39:55+00:00\",\"mainEntityOfPage\":{\"@id\":\"https:\\\/\\\/valenciasjb.salesianos.edu\\\/colegio\\\/el-proyecto-de-mentoria-se-pone-en-marcha-con-una-primera-sesion-formativa-2\\\/\"},\"wordCount\":578,\"image\":{\"@id\":\"https:\\\/\\\/valenciasjb.salesianos.edu\\\/colegio\\\/el-proyecto-de-mentoria-se-pone-en-marcha-con-una-primera-sesion-formativa-2\\\/#primaryimage\"},\"thumbnailUrl\":\"https:\\\/\\\/valenciasjb.salesianos.edu\\\/colegio\\\/wp-content\\\/uploads\\\/sites\\\/2\\\/2017\\\/10\\\/171012-Proyecto-Mentor-3.jpg\",\"articleSection\":[\"Noticia Colegio\"],\"inLanguage\":\"es\"},{\"@type\":\"WebPage\",\"@id\":\"https:\\\/\\\/valenciasjb.salesianos.edu\\\/colegio\\\/el-proyecto-de-mentoria-se-pone-en-marcha-con-una-primera-sesion-formativa-2\\\/\",\"url\":\"https:\\\/\\\/valenciasjb.salesianos.edu\\\/colegio\\\/el-proyecto-de-mentoria-se-pone-en-marcha-con-una-primera-sesion-formativa-2\\\/\",\"name\":\"El proyecto de mentor\u00eda se pone en marcha con una primera sesi\u00f3n formativa - Colegio San Juan Bosco Valencia\",\"isPartOf\":{\"@id\":\"https:\\\/\\\/valenciasjb.salesianos.edu\\\/colegio\\\/#website\"},\"primaryImageOfPage\":{\"@id\":\"https:\\\/\\\/valenciasjb.salesianos.edu\\\/colegio\\\/el-proyecto-de-mentoria-se-pone-en-marcha-con-una-primera-sesion-formativa-2\\\/#primaryimage\"},\"image\":{\"@id\":\"https:\\\/\\\/valenciasjb.salesianos.edu\\\/colegio\\\/el-proyecto-de-mentoria-se-pone-en-marcha-con-una-primera-sesion-formativa-2\\\/#primaryimage\"},\"thumbnailUrl\":\"https:\\\/\\\/valenciasjb.salesianos.edu\\\/colegio\\\/wp-content\\\/uploads\\\/sites\\\/2\\\/2017\\\/10\\\/171012-Proyecto-Mentor-3.jpg\",\"datePublished\":\"2017-10-13T15:51:53+00:00\",\"dateModified\":\"2017-10-17T11:39:55+00:00\",\"author\":{\"@id\":\"https:\\\/\\\/valenciasjb.salesianos.edu\\\/colegio\\\/#\\\/schema\\\/person\\\/1f45b67e52b27da175190a574db6bed9\"},\"breadcrumb\":{\"@id\":\"https:\\\/\\\/valenciasjb.salesianos.edu\\\/colegio\\\/el-proyecto-de-mentoria-se-pone-en-marcha-con-una-primera-sesion-formativa-2\\\/#breadcrumb\"},\"inLanguage\":\"es\",\"potentialAction\":[{\"@type\":\"ReadAction\",\"target\":[\"https:\\\/\\\/valenciasjb.salesianos.edu\\\/colegio\\\/el-proyecto-de-mentoria-se-pone-en-marcha-con-una-primera-sesion-formativa-2\\\/\"]}]},{\"@type\":\"ImageObject\",\"inLanguage\":\"es\",\"@id\":\"https:\\\/\\\/valenciasjb.salesianos.edu\\\/colegio\\\/el-proyecto-de-mentoria-se-pone-en-marcha-con-una-primera-sesion-formativa-2\\\/#primaryimage\",\"url\":\"https:\\\/\\\/valenciasjb.salesianos.edu\\\/colegio\\\/wp-content\\\/uploads\\\/sites\\\/2\\\/2017\\\/10\\\/171012-Proyecto-Mentor-3.jpg\",\"contentUrl\":\"https:\\\/\\\/valenciasjb.salesianos.edu\\\/colegio\\\/wp-content\\\/uploads\\\/sites\\\/2\\\/2017\\\/10\\\/171012-Proyecto-Mentor-3.jpg\",\"width\":4128,\"height\":3096},{\"@type\":\"BreadcrumbList\",\"@id\":\"https:\\\/\\\/valenciasjb.salesianos.edu\\\/colegio\\\/el-proyecto-de-mentoria-se-pone-en-marcha-con-una-primera-sesion-formativa-2\\\/#breadcrumb\",\"itemListElement\":[{\"@type\":\"ListItem\",\"position\":1,\"name\":\"Portada\",\"item\":\"https:\\\/\\\/valenciasjb.salesianos.edu\\\/colegio\\\/\"},{\"@type\":\"ListItem\",\"position\":2,\"name\":\"El proyecto de mentor\u00eda se pone en marcha con una primera sesi\u00f3n formativa\"}]},{\"@type\":\"WebSite\",\"@id\":\"https:\\\/\\\/valenciasjb.salesianos.edu\\\/colegio\\\/#website\",\"url\":\"https:\\\/\\\/valenciasjb.salesianos.edu\\\/colegio\\\/\",\"name\":\"Colegio San Juan Bosco Valencia\",\"description\":\"P\u00e1gina oficial del Colegio Salesianos San Juan Bosco Valencia\",\"alternateName\":\"Salesianos.VSJB\",\"potentialAction\":[{\"@type\":\"SearchAction\",\"target\":{\"@type\":\"EntryPoint\",\"urlTemplate\":\"https:\\\/\\\/valenciasjb.salesianos.edu\\\/colegio\\\/?s={search_term_string}\"},\"query-input\":{\"@type\":\"PropertyValueSpecification\",\"valueRequired\":true,\"valueName\":\"search_term_string\"}}],\"inLanguage\":\"es\"},{\"@type\":\"Person\",\"@id\":\"https:\\\/\\\/valenciasjb.salesianos.edu\\\/colegio\\\/#\\\/schema\\\/person\\\/1f45b67e52b27da175190a574db6bed9\",\"name\":\"veronicapastor\",\"image\":{\"@type\":\"ImageObject\",\"inLanguage\":\"es\",\"@id\":\"https:\\\/\\\/secure.gravatar.com\\\/avatar\\\/e29bd40bace3fd935e1d6fdb7313ffc14628cc037c5e16f4c7369b20a2a6f7f0?s=96&d=mm&r=g\",\"url\":\"https:\\\/\\\/secure.gravatar.com\\\/avatar\\\/e29bd40bace3fd935e1d6fdb7313ffc14628cc037c5e16f4c7369b20a2a6f7f0?s=96&d=mm&r=g\",\"contentUrl\":\"https:\\\/\\\/secure.gravatar.com\\\/avatar\\\/e29bd40bace3fd935e1d6fdb7313ffc14628cc037c5e16f4c7369b20a2a6f7f0?s=96&d=mm&r=g\",\"caption\":\"veronicapastor\"}}]}<\/script>\n<!-- \/ Yoast SEO plugin. -->","yoast_head_json":{"title":"El proyecto de mentor\u00eda se pone en marcha con una primera sesi\u00f3n formativa - Colegio San Juan Bosco Valencia","robots":{"index":"index","follow":"follow","max-snippet":"max-snippet:-1","max-image-preview":"max-image-preview:large","max-video-preview":"max-video-preview:-1"},"canonical":"https:\/\/valenciasjb.salesianos.edu\/colegio\/el-proyecto-de-mentoria-se-pone-en-marcha-con-una-primera-sesion-formativa-2\/","og_locale":"es_ES","og_type":"article","og_title":"El proyecto de mentor\u00eda se pone en marcha con una primera sesi\u00f3n formativa - Colegio San Juan Bosco Valencia","og_description":"Gran implicaci\u00f3n del claustro, desde Infantil, Primaria, ESO y Bachillerato unidos por los alumnos y alumnas. El colegio ha puesto en marcha para este curso escolar un nuevo proyecto educativo de Mentor\u00eda, en el cual un nutrido grupo de profesorado procedente de todas las etapas, desde Infantil, Primaria, ESO y Bachillerato, colaborar\u00e1n como mentores del [&hellip;]","og_url":"https:\/\/valenciasjb.salesianos.edu\/colegio\/el-proyecto-de-mentoria-se-pone-en-marcha-con-una-primera-sesion-formativa-2\/","og_site_name":"Colegio San Juan Bosco Valencia","article_publisher":"https:\/\/www.facebook.com\/ColegioSalesianoSanJuanBoscoValencia","article_published_time":"2017-10-13T15:51:53+00:00","article_modified_time":"2017-10-17T11:39:55+00:00","og_image":[{"width":1024,"height":768,"url":"https:\/\/valenciasjb.salesianos.edu\/colegio\/wp-content\/uploads\/sites\/2\/2017\/10\/171012-Proyecto-Mentor-3-1024x768.jpg","type":"image\/jpeg"}],"author":"veronicapastor","twitter_card":"summary_large_image","twitter_creator":"@SalesianosVSJB","twitter_site":"@SalesianosVSJB","twitter_misc":{"Escrito por":"veronicapastor","Tiempo de lectura":"3 minutos"},"schema":{"@context":"https:\/\/schema.org","@graph":[{"@type":"Article","@id":"https:\/\/valenciasjb.salesianos.edu\/colegio\/el-proyecto-de-mentoria-se-pone-en-marcha-con-una-primera-sesion-formativa-2\/#article","isPartOf":{"@id":"https:\/\/valenciasjb.salesianos.edu\/colegio\/el-proyecto-de-mentoria-se-pone-en-marcha-con-una-primera-sesion-formativa-2\/"},"author":{"name":"veronicapastor","@id":"https:\/\/valenciasjb.salesianos.edu\/colegio\/#\/schema\/person\/1f45b67e52b27da175190a574db6bed9"},"headline":"El proyecto de mentor\u00eda se pone en marcha con una primera sesi\u00f3n formativa","datePublished":"2017-10-13T15:51:53+00:00","dateModified":"2017-10-17T11:39:55+00:00","mainEntityOfPage":{"@id":"https:\/\/valenciasjb.salesianos.edu\/colegio\/el-proyecto-de-mentoria-se-pone-en-marcha-con-una-primera-sesion-formativa-2\/"},"wordCount":578,"image":{"@id":"https:\/\/valenciasjb.salesianos.edu\/colegio\/el-proyecto-de-mentoria-se-pone-en-marcha-con-una-primera-sesion-formativa-2\/#primaryimage"},"thumbnailUrl":"https:\/\/valenciasjb.salesianos.edu\/colegio\/wp-content\/uploads\/sites\/2\/2017\/10\/171012-Proyecto-Mentor-3.jpg","articleSection":["Noticia Colegio"],"inLanguage":"es"},{"@type":"WebPage","@id":"https:\/\/valenciasjb.salesianos.edu\/colegio\/el-proyecto-de-mentoria-se-pone-en-marcha-con-una-primera-sesion-formativa-2\/","url":"https:\/\/valenciasjb.salesianos.edu\/colegio\/el-proyecto-de-mentoria-se-pone-en-marcha-con-una-primera-sesion-formativa-2\/","name":"El proyecto de mentor\u00eda se pone en marcha con una primera sesi\u00f3n formativa - Colegio San Juan Bosco Valencia","isPartOf":{"@id":"https:\/\/valenciasjb.salesianos.edu\/colegio\/#website"},"primaryImageOfPage":{"@id":"https:\/\/valenciasjb.salesianos.edu\/colegio\/el-proyecto-de-mentoria-se-pone-en-marcha-con-una-primera-sesion-formativa-2\/#primaryimage"},"image":{"@id":"https:\/\/valenciasjb.salesianos.edu\/colegio\/el-proyecto-de-mentoria-se-pone-en-marcha-con-una-primera-sesion-formativa-2\/#primaryimage"},"thumbnailUrl":"https:\/\/valenciasjb.salesianos.edu\/colegio\/wp-content\/uploads\/sites\/2\/2017\/10\/171012-Proyecto-Mentor-3.jpg","datePublished":"2017-10-13T15:51:53+00:00","dateModified":"2017-10-17T11:39:55+00:00","author":{"@id":"https:\/\/valenciasjb.salesianos.edu\/colegio\/#\/schema\/person\/1f45b67e52b27da175190a574db6bed9"},"breadcrumb":{"@id":"https:\/\/valenciasjb.salesianos.edu\/colegio\/el-proyecto-de-mentoria-se-pone-en-marcha-con-una-primera-sesion-formativa-2\/#breadcrumb"},"inLanguage":"es","potentialAction":[{"@type":"ReadAction","target":["https:\/\/valenciasjb.salesianos.edu\/colegio\/el-proyecto-de-mentoria-se-pone-en-marcha-con-una-primera-sesion-formativa-2\/"]}]},{"@type":"ImageObject","inLanguage":"es","@id":"https:\/\/valenciasjb.salesianos.edu\/colegio\/el-proyecto-de-mentoria-se-pone-en-marcha-con-una-primera-sesion-formativa-2\/#primaryimage","url":"https:\/\/valenciasjb.salesianos.edu\/colegio\/wp-content\/uploads\/sites\/2\/2017\/10\/171012-Proyecto-Mentor-3.jpg","contentUrl":"https:\/\/valenciasjb.salesianos.edu\/colegio\/wp-content\/uploads\/sites\/2\/2017\/10\/171012-Proyecto-Mentor-3.jpg","width":4128,"height":3096},{"@type":"BreadcrumbList","@id":"https:\/\/valenciasjb.salesianos.edu\/colegio\/el-proyecto-de-mentoria-se-pone-en-marcha-con-una-primera-sesion-formativa-2\/#breadcrumb","itemListElement":[{"@type":"ListItem","position":1,"name":"Portada","item":"https:\/\/valenciasjb.salesianos.edu\/colegio\/"},{"@type":"ListItem","position":2,"name":"El proyecto de mentor\u00eda se pone en marcha con una primera sesi\u00f3n formativa"}]},{"@type":"WebSite","@id":"https:\/\/valenciasjb.salesianos.edu\/colegio\/#website","url":"https:\/\/valenciasjb.salesianos.edu\/colegio\/","name":"Colegio San Juan Bosco Valencia","description":"P\u00e1gina oficial del Colegio Salesianos San Juan Bosco Valencia","alternateName":"Salesianos.VSJB","potentialAction":[{"@type":"SearchAction","target":{"@type":"EntryPoint","urlTemplate":"https:\/\/valenciasjb.salesianos.edu\/colegio\/?s={search_term_string}"},"query-input":{"@type":"PropertyValueSpecification","valueRequired":true,"valueName":"search_term_string"}}],"inLanguage":"es"},{"@type":"Person","@id":"https:\/\/valenciasjb.salesianos.edu\/colegio\/#\/schema\/person\/1f45b67e52b27da175190a574db6bed9","name":"veronicapastor","image":{"@type":"ImageObject","inLanguage":"es","@id":"https:\/\/secure.gravatar.com\/avatar\/e29bd40bace3fd935e1d6fdb7313ffc14628cc037c5e16f4c7369b20a2a6f7f0?s=96&d=mm&r=g","url":"https:\/\/secure.gravatar.com\/avatar\/e29bd40bace3fd935e1d6fdb7313ffc14628cc037c5e16f4c7369b20a2a6f7f0?s=96&d=mm&r=g","contentUrl":"https:\/\/secure.gravatar.com\/avatar\/e29bd40bace3fd935e1d6fdb7313ffc14628cc037c5e16f4c7369b20a2a6f7f0?s=96&d=mm&r=g","caption":"veronicapastor"}}]}},"_links":{"self":[{"href":"https:\/\/valenciasjb.salesianos.edu\/colegio\/wp-json\/wp\/v2\/posts\/4696","targetHints":{"allow":["GET"]}}],"collection":[{"href":"https:\/\/valenciasjb.salesianos.edu\/colegio\/wp-json\/wp\/v2\/posts"}],"about":[{"href":"https:\/\/valenciasjb.salesianos.edu\/colegio\/wp-json\/wp\/v2\/types\/post"}],"author":[{"embeddable":true,"href":"https:\/\/valenciasjb.salesianos.edu\/colegio\/wp-json\/wp\/v2\/users\/6"}],"replies":[{"embeddable":true,"href":"https:\/\/valenciasjb.salesianos.edu\/colegio\/wp-json\/wp\/v2\/comments?post=4696"}],"version-history":[{"count":1,"href":"https:\/\/valenciasjb.salesianos.edu\/colegio\/wp-json\/wp\/v2\/posts\/4696\/revisions"}],"predecessor-version":[{"id":4702,"href":"https:\/\/valenciasjb.salesianos.edu\/colegio\/wp-json\/wp\/v2\/posts\/4696\/revisions\/4702"}],"wp:featuredmedia":[{"embeddable":true,"href":"https:\/\/valenciasjb.salesianos.edu\/colegio\/wp-json\/wp\/v2\/media\/4699"}],"wp:attachment":[{"href":"https:\/\/valenciasjb.salesianos.edu\/colegio\/wp-json\/wp\/v2\/media?parent=4696"}],"wp:term":[{"taxonomy":"category","embeddable":true,"href":"https:\/\/valenciasjb.salesianos.edu\/colegio\/wp-json\/wp\/v2\/categories?post=4696"},{"taxonomy":"post_tag","embeddable":true,"href":"https:\/\/valenciasjb.salesianos.edu\/colegio\/wp-json\/wp\/v2\/tags?post=4696"}],"curies":[{"name":"wp","href":"https:\/\/api.w.org\/{rel}","templated":true}]}}