{"id":4733,"date":"2017-10-17T21:41:05","date_gmt":"2017-10-17T20:41:05","guid":{"rendered":"https:\/\/valenciasjb.salesianos.edu\/colegio\/?p=4733"},"modified":"2017-10-31T19:28:17","modified_gmt":"2017-10-31T18:28:17","slug":"el-director-del-colegio-recibe-la-felicitacion-oficial-del-secretario-autonomico-de-educacion-d-miquel-soler-por-la-obtencion-del-premio-nacional-de-educacion-2016","status":"publish","type":"post","link":"https:\/\/valenciasjb.salesianos.edu\/colegio\/el-director-del-colegio-recibe-la-felicitacion-oficial-del-secretario-autonomico-de-educacion-d-miquel-soler-por-la-obtencion-del-premio-nacional-de-educacion-2016\/","title":{"rendered":"El director del Colegio recibe la felicitaci\u00f3n oficial del Secretario Auton\u00f3mico de Educaci\u00f3n D. Miquel Soler por la obtenci\u00f3n del Premio Nacional de Educaci\u00f3n 2016"},"content":{"rendered":"<div id=\"fb-root\"><\/div>\n<p>[et_pb_section bb_built=\u00bb1&#8243; admin_label=\u00bbsection\u00bb][et_pb_row admin_label=\u00bbrow\u00bb background_position=\u00bbtop_left\u00bb background_repeat=\u00bbrepeat\u00bb background_size=\u00bbinitial\u00bb][et_pb_column type=\u00bb4_4&#8243;][et_pb_text admin_label=\u00bbEntradilla (Texto)\u00bb _builder_version=\u00bb3.0.82&#8243; background_layout=\u00bblight\u00bb text_orientation=\u00bbjustified\u00bb text_font=\u00bb|on|||\u00bb border_style=\u00bbsolid\u00bb box_shadow_position=\u00bbouter\u00bb]<\/p>\n<div id=\"resumen\">El director del colegio, Juan Peris, ha recibido, en la ma\u00f1ana del 17 de octubre, la felicitaci\u00f3n oficial del Secretario Auton\u00f3mico de Educaci\u00f3n D. Miquel Soler por la obtenci\u00f3n del Premio Nacional de Educaci\u00f3n 2016 por parte del colegio. Dicha felicitaci\u00f3n ha tenido lugar en una reuni\u00f3n propuesta por el propio Secretario, en el que ha transmitido la enhorabuena al colegio por este nombramiento recibido.<\/div>\n<p>[\/et_pb_text][et_pb_text admin_label=\u00bbAutor (Texto)\u00bb _builder_version=\u00bb3.0.76&#8243; background_layout=\u00bblight\u00bb text_font=\u00bb||on||\u00bb border_style=\u00bbsolid\u00bb]<\/p>\n<p>Redacci\u00f3n<\/p>\n<p>[\/et_pb_text][et_pb_text admin_label=\u00bbDesarrollo (Texto)\u00bb _builder_version=\u00bb3.0.82&#8243; background_layout=\u00bblight\u00bb text_orientation=\u00bbjustified\u00bb border_style=\u00bbsolid\u00bb box_shadow_position=\u00bbouter\u00bb]<\/p>\n<div>\n<div>\n<div>En palabras del director del colegio, Juan Peris, seg\u00fan le ha transmitido D. Miquel Soler: \u00abfelicita a cada uno de los miembros del claustro por la magn\u00edfica labor que est\u00e1n realizando en pro de la educaci\u00f3n de tantos ni\u00f1os y ni\u00f1as de esta Comunidad\u00bb. El Secretario Auton\u00f3mico tambi\u00e9n ha a\u00f1adido que el n\u00famero de solicitudes de admisi\u00f3n que el colegio ha tenido este a\u00f1o es fiel reflejo del esfuerzo y la calidad de ense\u00f1anza que se imparte en este centro.<\/div>\n<div><\/div>\n<\/div>\n<\/div>\n<div>El director del colegio, Juan Peris, ha aprovechado para adelantarle a D. Miquel Soler algunos de los nuevos proyectos m\u00e1s inmediatos que se est\u00e1n desarrollando ya este curso escolar, como VALor, Compren y el Programa de Mentor\u00eda. Tras lo cual le ha emplazado a otro encuentro con t\u00e9cnicos de la Conseller\u00eda de Educaci\u00f3n para compartir estas \u00abexperiencias tan interesantes en el terreno de la innovaci\u00f3n\u00bb que pueden ayudar a otros centros.<\/div>\n<p>Juan Peris ha transmitido al claustro esta felicitaci\u00f3n oficial, que es el fruto del trabajo de todos y ha agradecido el poder compartir tareas y vida con personas tan implicadas en la educaci\u00f3n integral de nuestros ni\u00f1os y j\u00f3venes.<\/p>\n<p>[\/et_pb_text][et_pb_text admin_label=\u00bbT\u00edtulo: Galer\u00eda de fotos (Texto)\u00bb _builder_version=\u00bb3.0.76&#8243; background_layout=\u00bblight\u00bb text_font=\u00bb|on|||\u00bb text_text_color=\u00bb#dc001b\u00bb border_style=\u00bbsolid\u00bb disabled=\u00bboff\u00bb disabled_on=\u00bboff|on|on\u00bb]<\/p>\n<p>Galer\u00eda de im\u00e1genes<\/p>\n<p>[\/et_pb_text][et_pb_gallery _builder_version=\u00bb3.0.82&#8243; posts_number=\u00bb8&#8243; show_title_and_caption=\u00bboff\u00bb show_pagination=\u00bbon\u00bb fullwidth=\u00bboff\u00bb orientation=\u00bblandscape\u00bb zoom_icon_color=\u00bb#dc001b\u00bb hover_overlay_color=\u00bbrgba(255,255,255,0.9)\u00bb hover_icon=\u00bb%%51%%\u00bb background_layout=\u00bblight\u00bb border_style=\u00bbsolid\u00bb disabled=\u00bboff\u00bb disabled_on=\u00bboff|off|off\u00bb gallery_ids=\u00bb4734&#8243; pagination_font_size_tablet=\u00bb51&#8243; pagination_line_height_tablet=\u00bb2&#8243; box_shadow_position_image=\u00bbouter\u00bb box_shadow_position=\u00bbouter\u00bb \/][et_pb_video _builder_version=\u00bb3.0.51&#8243; disabled=\u00bbon\u00bb disabled_on=\u00bbon|on|on\u00bb \/][\/et_pb_column][\/et_pb_row][\/et_pb_section]<\/p>\n<!-- AddThis Advanced Settings generic via filter on the_content --><!-- AddThis Share Buttons generic via filter on the_content -->","protected":false},"excerpt":{"rendered":"<p>El director del colegio, Juan Peris, ha recibido, en la ma\u00f1ana del 17 de octubre, la felicitaci\u00f3n oficial del Secretario Auton\u00f3mico de Educaci\u00f3n D. Miquel Soler por la obtenci\u00f3n del Premio Nacional de Educaci\u00f3n 2016 por parte del colegio. Dicha felicitaci\u00f3n ha tenido lugar en una reuni\u00f3n propuesta por el propio Secretario, en el que [&hellip;]<\/p>\n<p><!-- AddThis Advanced Settings generic via filter on get_the_excerpt --><!-- AddThis Share Buttons generic via filter on get_the_excerpt --><\/p>\n","protected":false},"author":6,"featured_media":4734,"comment_status":"open","ping_status":"open","sticky":false,"template":"","format":"standard","meta":{"_et_pb_use_builder":"on","_et_pb_old_content":"","_et_gb_content_width":"","footnotes":""},"categories":[14],"tags":[],"class_list":["post-4733","post","type-post","status-publish","format-standard","has-post-thumbnail","hentry","category-noticia_colegio"],"yoast_head":"<!-- This site is optimized with the Yoast SEO plugin v28.4 - https:\/\/yoast.com\/product\/yoast-seo-wordpress\/ -->\n<title>El director del Colegio recibe la felicitaci\u00f3n oficial del Secretario Auton\u00f3mico de Educaci\u00f3n D. Miquel Soler por la obtenci\u00f3n del Premio Nacional de Educaci\u00f3n 2016 - Colegio San Juan Bosco Valencia<\/title>\n<meta name=\"robots\" content=\"index, follow, max-snippet:-1, max-image-preview:large, max-video-preview:-1\" \/>\n<link rel=\"canonical\" href=\"https:\/\/valenciasjb.salesianos.edu\/colegio\/el-director-del-colegio-recibe-la-felicitacion-oficial-del-secretario-autonomico-de-educacion-d-miquel-soler-por-la-obtencion-del-premio-nacional-de-educacion-2016\/\" \/>\n<meta property=\"og:locale\" content=\"es_ES\" \/>\n<meta property=\"og:type\" content=\"article\" \/>\n<meta property=\"og:title\" content=\"El director del Colegio recibe la felicitaci\u00f3n oficial del Secretario Auton\u00f3mico de Educaci\u00f3n D. Miquel Soler por la obtenci\u00f3n del Premio Nacional de Educaci\u00f3n 2016 - Colegio San Juan Bosco Valencia\" \/>\n<meta property=\"og:description\" content=\"El director del colegio, Juan Peris, ha recibido, en la ma\u00f1ana del 17 de octubre, la felicitaci\u00f3n oficial del Secretario Auton\u00f3mico de Educaci\u00f3n D. Miquel Soler por la obtenci\u00f3n del Premio Nacional de Educaci\u00f3n 2016 por parte del colegio. Dicha felicitaci\u00f3n ha tenido lugar en una reuni\u00f3n propuesta por el propio Secretario, en el que [&hellip;]\" \/>\n<meta property=\"og:url\" content=\"https:\/\/valenciasjb.salesianos.edu\/colegio\/el-director-del-colegio-recibe-la-felicitacion-oficial-del-secretario-autonomico-de-educacion-d-miquel-soler-por-la-obtencion-del-premio-nacional-de-educacion-2016\/\" \/>\n<meta property=\"og:site_name\" content=\"Colegio San Juan Bosco Valencia\" \/>\n<meta property=\"article:publisher\" content=\"https:\/\/www.facebook.com\/ColegioSalesianoSanJuanBoscoValencia\" \/>\n<meta property=\"article:published_time\" content=\"2017-10-17T20:41:05+00:00\" \/>\n<meta property=\"article:modified_time\" content=\"2017-10-31T18:28:17+00:00\" \/>\n<meta property=\"og:image\" content=\"https:\/\/valenciasjb.salesianos.edu\/colegio\/wp-content\/uploads\/sites\/2\/2017\/10\/171017-FelicitacionConselleriaPremioNacional-1024x576.jpg\" \/>\n\t<meta property=\"og:image:width\" content=\"1024\" \/>\n\t<meta property=\"og:image:height\" content=\"576\" \/>\n\t<meta property=\"og:image:type\" content=\"image\/jpeg\" \/>\n<meta name=\"author\" content=\"veronicapastor\" \/>\n<meta name=\"twitter:card\" content=\"summary_large_image\" \/>\n<meta name=\"twitter:creator\" content=\"@SalesianosVSJB\" \/>\n<meta name=\"twitter:site\" content=\"@SalesianosVSJB\" \/>\n<meta name=\"twitter:label1\" content=\"Escrito por\" \/>\n\t<meta name=\"twitter:data1\" content=\"veronicapastor\" \/>\n\t<meta name=\"twitter:label2\" content=\"Tiempo de lectura\" \/>\n\t<meta name=\"twitter:data2\" content=\"3 minutos\" \/>\n<script type=\"application\/ld+json\" class=\"yoast-schema-graph\">{\"@context\":\"https:\\\/\\\/schema.org\",\"@graph\":[{\"@type\":\"Article\",\"@id\":\"https:\\\/\\\/valenciasjb.salesianos.edu\\\/colegio\\\/el-director-del-colegio-recibe-la-felicitacion-oficial-del-secretario-autonomico-de-educacion-d-miquel-soler-por-la-obtencion-del-premio-nacional-de-educacion-2016\\\/#article\",\"isPartOf\":{\"@id\":\"https:\\\/\\\/valenciasjb.salesianos.edu\\\/colegio\\\/el-director-del-colegio-recibe-la-felicitacion-oficial-del-secretario-autonomico-de-educacion-d-miquel-soler-por-la-obtencion-del-premio-nacional-de-educacion-2016\\\/\"},\"author\":{\"name\":\"veronicapastor\",\"@id\":\"https:\\\/\\\/valenciasjb.salesianos.edu\\\/colegio\\\/#\\\/schema\\\/person\\\/1f45b67e52b27da175190a574db6bed9\"},\"headline\":\"El director del Colegio recibe la felicitaci\u00f3n oficial del Secretario Auton\u00f3mico de Educaci\u00f3n D. Miquel Soler por la obtenci\u00f3n del Premio Nacional de Educaci\u00f3n 2016\",\"datePublished\":\"2017-10-17T20:41:05+00:00\",\"dateModified\":\"2017-10-31T18:28:17+00:00\",\"mainEntityOfPage\":{\"@id\":\"https:\\\/\\\/valenciasjb.salesianos.edu\\\/colegio\\\/el-director-del-colegio-recibe-la-felicitacion-oficial-del-secretario-autonomico-de-educacion-d-miquel-soler-por-la-obtencion-del-premio-nacional-de-educacion-2016\\\/\"},\"wordCount\":544,\"commentCount\":0,\"image\":{\"@id\":\"https:\\\/\\\/valenciasjb.salesianos.edu\\\/colegio\\\/el-director-del-colegio-recibe-la-felicitacion-oficial-del-secretario-autonomico-de-educacion-d-miquel-soler-por-la-obtencion-del-premio-nacional-de-educacion-2016\\\/#primaryimage\"},\"thumbnailUrl\":\"https:\\\/\\\/valenciasjb.salesianos.edu\\\/colegio\\\/wp-content\\\/uploads\\\/sites\\\/2\\\/2017\\\/10\\\/171017-FelicitacionConselleriaPremioNacional.jpg\",\"articleSection\":[\"Noticia Colegio\"],\"inLanguage\":\"es\",\"potentialAction\":[{\"@type\":\"CommentAction\",\"name\":\"Comment\",\"target\":[\"https:\\\/\\\/valenciasjb.salesianos.edu\\\/colegio\\\/el-director-del-colegio-recibe-la-felicitacion-oficial-del-secretario-autonomico-de-educacion-d-miquel-soler-por-la-obtencion-del-premio-nacional-de-educacion-2016\\\/#respond\"]}]},{\"@type\":\"WebPage\",\"@id\":\"https:\\\/\\\/valenciasjb.salesianos.edu\\\/colegio\\\/el-director-del-colegio-recibe-la-felicitacion-oficial-del-secretario-autonomico-de-educacion-d-miquel-soler-por-la-obtencion-del-premio-nacional-de-educacion-2016\\\/\",\"url\":\"https:\\\/\\\/valenciasjb.salesianos.edu\\\/colegio\\\/el-director-del-colegio-recibe-la-felicitacion-oficial-del-secretario-autonomico-de-educacion-d-miquel-soler-por-la-obtencion-del-premio-nacional-de-educacion-2016\\\/\",\"name\":\"El director del Colegio recibe la felicitaci\u00f3n oficial del Secretario Auton\u00f3mico de Educaci\u00f3n D. Miquel Soler por la obtenci\u00f3n del Premio Nacional de Educaci\u00f3n 2016 - Colegio San Juan Bosco Valencia\",\"isPartOf\":{\"@id\":\"https:\\\/\\\/valenciasjb.salesianos.edu\\\/colegio\\\/#website\"},\"primaryImageOfPage\":{\"@id\":\"https:\\\/\\\/valenciasjb.salesianos.edu\\\/colegio\\\/el-director-del-colegio-recibe-la-felicitacion-oficial-del-secretario-autonomico-de-educacion-d-miquel-soler-por-la-obtencion-del-premio-nacional-de-educacion-2016\\\/#primaryimage\"},\"image\":{\"@id\":\"https:\\\/\\\/valenciasjb.salesianos.edu\\\/colegio\\\/el-director-del-colegio-recibe-la-felicitacion-oficial-del-secretario-autonomico-de-educacion-d-miquel-soler-por-la-obtencion-del-premio-nacional-de-educacion-2016\\\/#primaryimage\"},\"thumbnailUrl\":\"https:\\\/\\\/valenciasjb.salesianos.edu\\\/colegio\\\/wp-content\\\/uploads\\\/sites\\\/2\\\/2017\\\/10\\\/171017-FelicitacionConselleriaPremioNacional.jpg\",\"datePublished\":\"2017-10-17T20:41:05+00:00\",\"dateModified\":\"2017-10-31T18:28:17+00:00\",\"author\":{\"@id\":\"https:\\\/\\\/valenciasjb.salesianos.edu\\\/colegio\\\/#\\\/schema\\\/person\\\/1f45b67e52b27da175190a574db6bed9\"},\"breadcrumb\":{\"@id\":\"https:\\\/\\\/valenciasjb.salesianos.edu\\\/colegio\\\/el-director-del-colegio-recibe-la-felicitacion-oficial-del-secretario-autonomico-de-educacion-d-miquel-soler-por-la-obtencion-del-premio-nacional-de-educacion-2016\\\/#breadcrumb\"},\"inLanguage\":\"es\",\"potentialAction\":[{\"@type\":\"ReadAction\",\"target\":[\"https:\\\/\\\/valenciasjb.salesianos.edu\\\/colegio\\\/el-director-del-colegio-recibe-la-felicitacion-oficial-del-secretario-autonomico-de-educacion-d-miquel-soler-por-la-obtencion-del-premio-nacional-de-educacion-2016\\\/\"]}]},{\"@type\":\"ImageObject\",\"inLanguage\":\"es\",\"@id\":\"https:\\\/\\\/valenciasjb.salesianos.edu\\\/colegio\\\/el-director-del-colegio-recibe-la-felicitacion-oficial-del-secretario-autonomico-de-educacion-d-miquel-soler-por-la-obtencion-del-premio-nacional-de-educacion-2016\\\/#primaryimage\",\"url\":\"https:\\\/\\\/valenciasjb.salesianos.edu\\\/colegio\\\/wp-content\\\/uploads\\\/sites\\\/2\\\/2017\\\/10\\\/171017-FelicitacionConselleriaPremioNacional.jpg\",\"contentUrl\":\"https:\\\/\\\/valenciasjb.salesianos.edu\\\/colegio\\\/wp-content\\\/uploads\\\/sites\\\/2\\\/2017\\\/10\\\/171017-FelicitacionConselleriaPremioNacional.jpg\",\"width\":5312,\"height\":2988},{\"@type\":\"BreadcrumbList\",\"@id\":\"https:\\\/\\\/valenciasjb.salesianos.edu\\\/colegio\\\/el-director-del-colegio-recibe-la-felicitacion-oficial-del-secretario-autonomico-de-educacion-d-miquel-soler-por-la-obtencion-del-premio-nacional-de-educacion-2016\\\/#breadcrumb\",\"itemListElement\":[{\"@type\":\"ListItem\",\"position\":1,\"name\":\"Portada\",\"item\":\"https:\\\/\\\/valenciasjb.salesianos.edu\\\/colegio\\\/\"},{\"@type\":\"ListItem\",\"position\":2,\"name\":\"El director del Colegio recibe la felicitaci\u00f3n oficial del Secretario Auton\u00f3mico de Educaci\u00f3n D. Miquel Soler por la obtenci\u00f3n del Premio Nacional de Educaci\u00f3n 2016\"}]},{\"@type\":\"WebSite\",\"@id\":\"https:\\\/\\\/valenciasjb.salesianos.edu\\\/colegio\\\/#website\",\"url\":\"https:\\\/\\\/valenciasjb.salesianos.edu\\\/colegio\\\/\",\"name\":\"Colegio San Juan Bosco Valencia\",\"description\":\"P\u00e1gina oficial del Colegio Salesianos San Juan Bosco Valencia\",\"alternateName\":\"Salesianos.VSJB\",\"potentialAction\":[{\"@type\":\"SearchAction\",\"target\":{\"@type\":\"EntryPoint\",\"urlTemplate\":\"https:\\\/\\\/valenciasjb.salesianos.edu\\\/colegio\\\/?s={search_term_string}\"},\"query-input\":{\"@type\":\"PropertyValueSpecification\",\"valueRequired\":true,\"valueName\":\"search_term_string\"}}],\"inLanguage\":\"es\"},{\"@type\":\"Person\",\"@id\":\"https:\\\/\\\/valenciasjb.salesianos.edu\\\/colegio\\\/#\\\/schema\\\/person\\\/1f45b67e52b27da175190a574db6bed9\",\"name\":\"veronicapastor\",\"image\":{\"@type\":\"ImageObject\",\"inLanguage\":\"es\",\"@id\":\"https:\\\/\\\/secure.gravatar.com\\\/avatar\\\/e29bd40bace3fd935e1d6fdb7313ffc14628cc037c5e16f4c7369b20a2a6f7f0?s=96&d=mm&r=g\",\"url\":\"https:\\\/\\\/secure.gravatar.com\\\/avatar\\\/e29bd40bace3fd935e1d6fdb7313ffc14628cc037c5e16f4c7369b20a2a6f7f0?s=96&d=mm&r=g\",\"contentUrl\":\"https:\\\/\\\/secure.gravatar.com\\\/avatar\\\/e29bd40bace3fd935e1d6fdb7313ffc14628cc037c5e16f4c7369b20a2a6f7f0?s=96&d=mm&r=g\",\"caption\":\"veronicapastor\"}}]}<\/script>\n<!-- \/ Yoast SEO plugin. -->","yoast_head_json":{"title":"El director del Colegio recibe la felicitaci\u00f3n oficial del Secretario Auton\u00f3mico de Educaci\u00f3n D. Miquel Soler por la obtenci\u00f3n del Premio Nacional de Educaci\u00f3n 2016 - Colegio San Juan Bosco Valencia","robots":{"index":"index","follow":"follow","max-snippet":"max-snippet:-1","max-image-preview":"max-image-preview:large","max-video-preview":"max-video-preview:-1"},"canonical":"https:\/\/valenciasjb.salesianos.edu\/colegio\/el-director-del-colegio-recibe-la-felicitacion-oficial-del-secretario-autonomico-de-educacion-d-miquel-soler-por-la-obtencion-del-premio-nacional-de-educacion-2016\/","og_locale":"es_ES","og_type":"article","og_title":"El director del Colegio recibe la felicitaci\u00f3n oficial del Secretario Auton\u00f3mico de Educaci\u00f3n D. Miquel Soler por la obtenci\u00f3n del Premio Nacional de Educaci\u00f3n 2016 - Colegio San Juan Bosco Valencia","og_description":"El director del colegio, Juan Peris, ha recibido, en la ma\u00f1ana del 17 de octubre, la felicitaci\u00f3n oficial del Secretario Auton\u00f3mico de Educaci\u00f3n D. Miquel Soler por la obtenci\u00f3n del Premio Nacional de Educaci\u00f3n 2016 por parte del colegio. Dicha felicitaci\u00f3n ha tenido lugar en una reuni\u00f3n propuesta por el propio Secretario, en el que [&hellip;]","og_url":"https:\/\/valenciasjb.salesianos.edu\/colegio\/el-director-del-colegio-recibe-la-felicitacion-oficial-del-secretario-autonomico-de-educacion-d-miquel-soler-por-la-obtencion-del-premio-nacional-de-educacion-2016\/","og_site_name":"Colegio San Juan Bosco Valencia","article_publisher":"https:\/\/www.facebook.com\/ColegioSalesianoSanJuanBoscoValencia","article_published_time":"2017-10-17T20:41:05+00:00","article_modified_time":"2017-10-31T18:28:17+00:00","og_image":[{"width":1024,"height":576,"url":"https:\/\/valenciasjb.salesianos.edu\/colegio\/wp-content\/uploads\/sites\/2\/2017\/10\/171017-FelicitacionConselleriaPremioNacional-1024x576.jpg","type":"image\/jpeg"}],"author":"veronicapastor","twitter_card":"summary_large_image","twitter_creator":"@SalesianosVSJB","twitter_site":"@SalesianosVSJB","twitter_misc":{"Escrito por":"veronicapastor","Tiempo de lectura":"3 minutos"},"schema":{"@context":"https:\/\/schema.org","@graph":[{"@type":"Article","@id":"https:\/\/valenciasjb.salesianos.edu\/colegio\/el-director-del-colegio-recibe-la-felicitacion-oficial-del-secretario-autonomico-de-educacion-d-miquel-soler-por-la-obtencion-del-premio-nacional-de-educacion-2016\/#article","isPartOf":{"@id":"https:\/\/valenciasjb.salesianos.edu\/colegio\/el-director-del-colegio-recibe-la-felicitacion-oficial-del-secretario-autonomico-de-educacion-d-miquel-soler-por-la-obtencion-del-premio-nacional-de-educacion-2016\/"},"author":{"name":"veronicapastor","@id":"https:\/\/valenciasjb.salesianos.edu\/colegio\/#\/schema\/person\/1f45b67e52b27da175190a574db6bed9"},"headline":"El director del Colegio recibe la felicitaci\u00f3n oficial del Secretario Auton\u00f3mico de Educaci\u00f3n D. Miquel Soler por la obtenci\u00f3n del Premio Nacional de Educaci\u00f3n 2016","datePublished":"2017-10-17T20:41:05+00:00","dateModified":"2017-10-31T18:28:17+00:00","mainEntityOfPage":{"@id":"https:\/\/valenciasjb.salesianos.edu\/colegio\/el-director-del-colegio-recibe-la-felicitacion-oficial-del-secretario-autonomico-de-educacion-d-miquel-soler-por-la-obtencion-del-premio-nacional-de-educacion-2016\/"},"wordCount":544,"commentCount":0,"image":{"@id":"https:\/\/valenciasjb.salesianos.edu\/colegio\/el-director-del-colegio-recibe-la-felicitacion-oficial-del-secretario-autonomico-de-educacion-d-miquel-soler-por-la-obtencion-del-premio-nacional-de-educacion-2016\/#primaryimage"},"thumbnailUrl":"https:\/\/valenciasjb.salesianos.edu\/colegio\/wp-content\/uploads\/sites\/2\/2017\/10\/171017-FelicitacionConselleriaPremioNacional.jpg","articleSection":["Noticia Colegio"],"inLanguage":"es","potentialAction":[{"@type":"CommentAction","name":"Comment","target":["https:\/\/valenciasjb.salesianos.edu\/colegio\/el-director-del-colegio-recibe-la-felicitacion-oficial-del-secretario-autonomico-de-educacion-d-miquel-soler-por-la-obtencion-del-premio-nacional-de-educacion-2016\/#respond"]}]},{"@type":"WebPage","@id":"https:\/\/valenciasjb.salesianos.edu\/colegio\/el-director-del-colegio-recibe-la-felicitacion-oficial-del-secretario-autonomico-de-educacion-d-miquel-soler-por-la-obtencion-del-premio-nacional-de-educacion-2016\/","url":"https:\/\/valenciasjb.salesianos.edu\/colegio\/el-director-del-colegio-recibe-la-felicitacion-oficial-del-secretario-autonomico-de-educacion-d-miquel-soler-por-la-obtencion-del-premio-nacional-de-educacion-2016\/","name":"El director del Colegio recibe la felicitaci\u00f3n oficial del Secretario Auton\u00f3mico de Educaci\u00f3n D. Miquel Soler por la obtenci\u00f3n del Premio Nacional de Educaci\u00f3n 2016 - Colegio San Juan Bosco Valencia","isPartOf":{"@id":"https:\/\/valenciasjb.salesianos.edu\/colegio\/#website"},"primaryImageOfPage":{"@id":"https:\/\/valenciasjb.salesianos.edu\/colegio\/el-director-del-colegio-recibe-la-felicitacion-oficial-del-secretario-autonomico-de-educacion-d-miquel-soler-por-la-obtencion-del-premio-nacional-de-educacion-2016\/#primaryimage"},"image":{"@id":"https:\/\/valenciasjb.salesianos.edu\/colegio\/el-director-del-colegio-recibe-la-felicitacion-oficial-del-secretario-autonomico-de-educacion-d-miquel-soler-por-la-obtencion-del-premio-nacional-de-educacion-2016\/#primaryimage"},"thumbnailUrl":"https:\/\/valenciasjb.salesianos.edu\/colegio\/wp-content\/uploads\/sites\/2\/2017\/10\/171017-FelicitacionConselleriaPremioNacional.jpg","datePublished":"2017-10-17T20:41:05+00:00","dateModified":"2017-10-31T18:28:17+00:00","author":{"@id":"https:\/\/valenciasjb.salesianos.edu\/colegio\/#\/schema\/person\/1f45b67e52b27da175190a574db6bed9"},"breadcrumb":{"@id":"https:\/\/valenciasjb.salesianos.edu\/colegio\/el-director-del-colegio-recibe-la-felicitacion-oficial-del-secretario-autonomico-de-educacion-d-miquel-soler-por-la-obtencion-del-premio-nacional-de-educacion-2016\/#breadcrumb"},"inLanguage":"es","potentialAction":[{"@type":"ReadAction","target":["https:\/\/valenciasjb.salesianos.edu\/colegio\/el-director-del-colegio-recibe-la-felicitacion-oficial-del-secretario-autonomico-de-educacion-d-miquel-soler-por-la-obtencion-del-premio-nacional-de-educacion-2016\/"]}]},{"@type":"ImageObject","inLanguage":"es","@id":"https:\/\/valenciasjb.salesianos.edu\/colegio\/el-director-del-colegio-recibe-la-felicitacion-oficial-del-secretario-autonomico-de-educacion-d-miquel-soler-por-la-obtencion-del-premio-nacional-de-educacion-2016\/#primaryimage","url":"https:\/\/valenciasjb.salesianos.edu\/colegio\/wp-content\/uploads\/sites\/2\/2017\/10\/171017-FelicitacionConselleriaPremioNacional.jpg","contentUrl":"https:\/\/valenciasjb.salesianos.edu\/colegio\/wp-content\/uploads\/sites\/2\/2017\/10\/171017-FelicitacionConselleriaPremioNacional.jpg","width":5312,"height":2988},{"@type":"BreadcrumbList","@id":"https:\/\/valenciasjb.salesianos.edu\/colegio\/el-director-del-colegio-recibe-la-felicitacion-oficial-del-secretario-autonomico-de-educacion-d-miquel-soler-por-la-obtencion-del-premio-nacional-de-educacion-2016\/#breadcrumb","itemListElement":[{"@type":"ListItem","position":1,"name":"Portada","item":"https:\/\/valenciasjb.salesianos.edu\/colegio\/"},{"@type":"ListItem","position":2,"name":"El director del Colegio recibe la felicitaci\u00f3n oficial del Secretario Auton\u00f3mico de Educaci\u00f3n D. Miquel Soler por la obtenci\u00f3n del Premio Nacional de Educaci\u00f3n 2016"}]},{"@type":"WebSite","@id":"https:\/\/valenciasjb.salesianos.edu\/colegio\/#website","url":"https:\/\/valenciasjb.salesianos.edu\/colegio\/","name":"Colegio San Juan Bosco Valencia","description":"P\u00e1gina oficial del Colegio Salesianos San Juan Bosco Valencia","alternateName":"Salesianos.VSJB","potentialAction":[{"@type":"SearchAction","target":{"@type":"EntryPoint","urlTemplate":"https:\/\/valenciasjb.salesianos.edu\/colegio\/?s={search_term_string}"},"query-input":{"@type":"PropertyValueSpecification","valueRequired":true,"valueName":"search_term_string"}}],"inLanguage":"es"},{"@type":"Person","@id":"https:\/\/valenciasjb.salesianos.edu\/colegio\/#\/schema\/person\/1f45b67e52b27da175190a574db6bed9","name":"veronicapastor","image":{"@type":"ImageObject","inLanguage":"es","@id":"https:\/\/secure.gravatar.com\/avatar\/e29bd40bace3fd935e1d6fdb7313ffc14628cc037c5e16f4c7369b20a2a6f7f0?s=96&d=mm&r=g","url":"https:\/\/secure.gravatar.com\/avatar\/e29bd40bace3fd935e1d6fdb7313ffc14628cc037c5e16f4c7369b20a2a6f7f0?s=96&d=mm&r=g","contentUrl":"https:\/\/secure.gravatar.com\/avatar\/e29bd40bace3fd935e1d6fdb7313ffc14628cc037c5e16f4c7369b20a2a6f7f0?s=96&d=mm&r=g","caption":"veronicapastor"}}]}},"_links":{"self":[{"href":"https:\/\/valenciasjb.salesianos.edu\/colegio\/wp-json\/wp\/v2\/posts\/4733","targetHints":{"allow":["GET"]}}],"collection":[{"href":"https:\/\/valenciasjb.salesianos.edu\/colegio\/wp-json\/wp\/v2\/posts"}],"about":[{"href":"https:\/\/valenciasjb.salesianos.edu\/colegio\/wp-json\/wp\/v2\/types\/post"}],"author":[{"embeddable":true,"href":"https:\/\/valenciasjb.salesianos.edu\/colegio\/wp-json\/wp\/v2\/users\/6"}],"replies":[{"embeddable":true,"href":"https:\/\/valenciasjb.salesianos.edu\/colegio\/wp-json\/wp\/v2\/comments?post=4733"}],"version-history":[{"count":1,"href":"https:\/\/valenciasjb.salesianos.edu\/colegio\/wp-json\/wp\/v2\/posts\/4733\/revisions"}],"predecessor-version":[{"id":4735,"href":"https:\/\/valenciasjb.salesianos.edu\/colegio\/wp-json\/wp\/v2\/posts\/4733\/revisions\/4735"}],"wp:featuredmedia":[{"embeddable":true,"href":"https:\/\/valenciasjb.salesianos.edu\/colegio\/wp-json\/wp\/v2\/media\/4734"}],"wp:attachment":[{"href":"https:\/\/valenciasjb.salesianos.edu\/colegio\/wp-json\/wp\/v2\/media?parent=4733"}],"wp:term":[{"taxonomy":"category","embeddable":true,"href":"https:\/\/valenciasjb.salesianos.edu\/colegio\/wp-json\/wp\/v2\/categories?post=4733"},{"taxonomy":"post_tag","embeddable":true,"href":"https:\/\/valenciasjb.salesianos.edu\/colegio\/wp-json\/wp\/v2\/tags?post=4733"}],"curies":[{"name":"wp","href":"https:\/\/api.w.org\/{rel}","templated":true}]}}