{"id":4742,"date":"2017-10-19T22:19:44","date_gmt":"2017-10-19T21:19:44","guid":{"rendered":"https:\/\/valenciasjb.salesianos.edu\/colegio\/?p=4742"},"modified":"2017-10-19T22:20:29","modified_gmt":"2017-10-19T21:20:29","slug":"alba-miquel-molina-alumna-del-colegio-elegida-para-la-corte-de-honor-de-la-fallera-mayor-infantil-de-valencia-2018","status":"publish","type":"post","link":"https:\/\/valenciasjb.salesianos.edu\/colegio\/alba-miquel-molina-alumna-del-colegio-elegida-para-la-corte-de-honor-de-la-fallera-mayor-infantil-de-valencia-2018\/","title":{"rendered":"Alba Miquel Molina, alumna del colegio, elegida para la Corte de Honor de la Fallera Mayor Infantil de Valencia 2018"},"content":{"rendered":"<div id=\"fb-root\"><\/div>\n<p>[et_pb_section bb_built=\u00bb1&#8243; admin_label=\u00bbsection\u00bb][et_pb_row admin_label=\u00bbrow\u00bb background_position=\u00bbtop_left\u00bb background_repeat=\u00bbrepeat\u00bb background_size=\u00bbinitial\u00bb][et_pb_column type=\u00bb4_4&#8243;][et_pb_text admin_label=\u00bbEntradilla (Texto)\u00bb _builder_version=\u00bb3.0.82&#8243; background_layout=\u00bblight\u00bb text_orientation=\u00bbjustified\u00bb text_font=\u00bb|on|||\u00bb border_style=\u00bbsolid\u00bb box_shadow_position=\u00bbouter\u00bb]<\/p>\n<div id=\"resumen\"><strong>El colegio orgulloso por el reciente nombramiento de su querida alumna.<\/strong><\/div>\n<div>El acto de elecci\u00f3n que tuvo lugar el d\u00eda 23 de septiembre en el Pabell\u00f3n de la Fuente de San Lu\u00eds ha supuesto el inicio de una gran aventura para Alba como miembro de la corte de honor infantil de Valencia.<\/div>\n<p>[\/et_pb_text][et_pb_text admin_label=\u00bbAutor (Texto)\u00bb _builder_version=\u00bb3.0.82&#8243; background_layout=\u00bblight\u00bb text_font=\u00bb||on||\u00bb border_style=\u00bbsolid\u00bb box_shadow_position=\u00bbouter\u00bb]<\/p>\n<div id=\"firma\">Raquel Tortajada. Profesora.<\/div>\n<p>[\/et_pb_text][et_pb_text admin_label=\u00bbDesarrollo (Texto)\u00bb _builder_version=\u00bb3.0.82&#8243; background_layout=\u00bblight\u00bb text_orientation=\u00bbjustified\u00bb border_style=\u00bbsolid\u00bb box_shadow_position=\u00bbouter\u00bb module_alignment=\u00bbjustified\u00bb]<\/p>\n<p>Alba se incorpor\u00f3 al colegio Salesianos San Juan Bosco de la Avenida de la Plata en la etapa de Educaci\u00f3n Infantil y actualmente cursa quinto de Primaria. Sus profesores y compa\u00f1eros la consideran una excelente alumna, con muchas cualidades entre las que destacan su sentido de la responsabilidad, dulzura y saber estar.<\/p>\n<p>En el colegio ha participado en una de las actividades que forman parte del estilo salesiano de Don Bosco, la extraescolar de teatro, donde ha quedado constatada su pasi\u00f3n por este g\u00e9nero.<\/p>\n<p>Alba proviene de una familia que le ha sabido transmitir la pasi\u00f3n por las fallas ya que su abuelo es uno de los fundadores de la falla Rub\u00e9n Vela Avenida Doctor Waksman, a la cual pertenece Alba desde que naci\u00f3 junto a toda su familia.<\/p>\n<p>Seguro que este a\u00f1o es muy especial para ella porque va a representar a Valencia. Un a\u00f1o m\u00e1gico en el que seguro est\u00e1 deseando que se aproximen las fechas falleras para disfrutar al m\u00e1ximo de esta gran experiencia.<\/p>\n<p>Desde el colegio queremos felicitar a Alba y desearle un a\u00f1o lleno de aventuras en el que se cumplan sus sue\u00f1os.<\/p>\n<p>[\/et_pb_text][et_pb_text admin_label=\u00bbT\u00edtulo: Galer\u00eda de fotos (Texto)\u00bb _builder_version=\u00bb3.0.76&#8243; background_layout=\u00bblight\u00bb text_font=\u00bb|on|||\u00bb text_text_color=\u00bb#dc001b\u00bb border_style=\u00bbsolid\u00bb disabled=\u00bboff\u00bb disabled_on=\u00bboff|on|on\u00bb]<\/p>\n<p>Galer\u00eda de im\u00e1genes<\/p>\n<p>[\/et_pb_text][et_pb_gallery _builder_version=\u00bb3.0.82&#8243; posts_number=\u00bb8&#8243; show_title_and_caption=\u00bboff\u00bb show_pagination=\u00bbon\u00bb fullwidth=\u00bboff\u00bb orientation=\u00bblandscape\u00bb zoom_icon_color=\u00bb#dc001b\u00bb hover_overlay_color=\u00bbrgba(255,255,255,0.9)\u00bb hover_icon=\u00bb%%51%%\u00bb background_layout=\u00bblight\u00bb border_style=\u00bbsolid\u00bb disabled=\u00bboff\u00bb disabled_on=\u00bboff|off|off\u00bb gallery_ids=\u00bb4743&#8243; pagination_font_size_tablet=\u00bb51&#8243; pagination_line_height_tablet=\u00bb2&#8243; box_shadow_position_image=\u00bbouter\u00bb box_shadow_position=\u00bbouter\u00bb \/][et_pb_video _builder_version=\u00bb3.0.51&#8243; disabled=\u00bbon\u00bb disabled_on=\u00bbon|on|on\u00bb \/][\/et_pb_column][\/et_pb_row][\/et_pb_section]<\/p>\n<!-- AddThis Advanced Settings generic via filter on the_content --><!-- AddThis Share Buttons generic via filter on the_content -->","protected":false},"excerpt":{"rendered":"<p>El colegio orgulloso por el reciente nombramiento de su querida alumna. El acto de elecci\u00f3n que tuvo lugar el d\u00eda 23 de septiembre en el Pabell\u00f3n de la Fuente de San Lu\u00eds ha supuesto el inicio de una gran aventura para Alba como miembro de la corte de honor infantil de Valencia. Raquel Tortajada. Profesora. [&hellip;]<\/p>\n<p><!-- AddThis Advanced Settings generic via filter on get_the_excerpt --><!-- AddThis Share Buttons generic via filter on get_the_excerpt --><\/p>\n","protected":false},"author":6,"featured_media":4743,"comment_status":"open","ping_status":"open","sticky":false,"template":"","format":"standard","meta":{"_et_pb_use_builder":"on","_et_pb_old_content":"","_et_gb_content_width":"","footnotes":""},"categories":[14],"tags":[],"class_list":["post-4742","post","type-post","status-publish","format-standard","has-post-thumbnail","hentry","category-noticia_colegio"],"yoast_head":"<!-- This site is optimized with the Yoast SEO plugin v28.4 - https:\/\/yoast.com\/product\/yoast-seo-wordpress\/ -->\n<title>Alba Miquel Molina, alumna del colegio, elegida para la Corte de Honor de la Fallera Mayor Infantil de Valencia 2018 - Colegio San Juan Bosco Valencia<\/title>\n<meta name=\"robots\" content=\"index, follow, max-snippet:-1, max-image-preview:large, max-video-preview:-1\" \/>\n<link rel=\"canonical\" href=\"https:\/\/valenciasjb.salesianos.edu\/colegio\/alba-miquel-molina-alumna-del-colegio-elegida-para-la-corte-de-honor-de-la-fallera-mayor-infantil-de-valencia-2018\/\" \/>\n<meta property=\"og:locale\" content=\"es_ES\" \/>\n<meta property=\"og:type\" content=\"article\" \/>\n<meta property=\"og:title\" content=\"Alba Miquel Molina, alumna del colegio, elegida para la Corte de Honor de la Fallera Mayor Infantil de Valencia 2018 - Colegio San Juan Bosco Valencia\" \/>\n<meta property=\"og:description\" content=\"El colegio orgulloso por el reciente nombramiento de su querida alumna. El acto de elecci\u00f3n que tuvo lugar el d\u00eda 23 de septiembre en el Pabell\u00f3n de la Fuente de San Lu\u00eds ha supuesto el inicio de una gran aventura para Alba como miembro de la corte de honor infantil de Valencia. Raquel Tortajada. Profesora. [&hellip;]\" \/>\n<meta property=\"og:url\" content=\"https:\/\/valenciasjb.salesianos.edu\/colegio\/alba-miquel-molina-alumna-del-colegio-elegida-para-la-corte-de-honor-de-la-fallera-mayor-infantil-de-valencia-2018\/\" \/>\n<meta property=\"og:site_name\" content=\"Colegio San Juan Bosco Valencia\" \/>\n<meta property=\"article:publisher\" content=\"https:\/\/www.facebook.com\/ColegioSalesianoSanJuanBoscoValencia\" \/>\n<meta property=\"article:published_time\" content=\"2017-10-19T21:19:44+00:00\" \/>\n<meta property=\"article:modified_time\" content=\"2017-10-19T21:20:29+00:00\" \/>\n<meta property=\"og:image\" content=\"https:\/\/valenciasjb.salesianos.edu\/colegio\/wp-content\/uploads\/sites\/2\/2017\/10\/saez-9562_saezpp.jpg\" \/>\n\t<meta property=\"og:image:width\" content=\"2197\" \/>\n\t<meta property=\"og:image:height\" content=\"2929\" \/>\n\t<meta property=\"og:image:type\" content=\"image\/jpeg\" \/>\n<meta name=\"author\" content=\"veronicapastor\" \/>\n<meta name=\"twitter:card\" content=\"summary_large_image\" \/>\n<meta name=\"twitter:creator\" content=\"@SalesianosVSJB\" \/>\n<meta name=\"twitter:site\" content=\"@SalesianosVSJB\" \/>\n<meta name=\"twitter:label1\" content=\"Escrito por\" \/>\n\t<meta name=\"twitter:data1\" content=\"veronicapastor\" \/>\n\t<meta name=\"twitter:label2\" content=\"Tiempo de lectura\" \/>\n\t<meta name=\"twitter:data2\" content=\"2 minutos\" \/>\n<script type=\"application\/ld+json\" class=\"yoast-schema-graph\">{\"@context\":\"https:\\\/\\\/schema.org\",\"@graph\":[{\"@type\":\"Article\",\"@id\":\"https:\\\/\\\/valenciasjb.salesianos.edu\\\/colegio\\\/alba-miquel-molina-alumna-del-colegio-elegida-para-la-corte-de-honor-de-la-fallera-mayor-infantil-de-valencia-2018\\\/#article\",\"isPartOf\":{\"@id\":\"https:\\\/\\\/valenciasjb.salesianos.edu\\\/colegio\\\/alba-miquel-molina-alumna-del-colegio-elegida-para-la-corte-de-honor-de-la-fallera-mayor-infantil-de-valencia-2018\\\/\"},\"author\":{\"name\":\"veronicapastor\",\"@id\":\"https:\\\/\\\/valenciasjb.salesianos.edu\\\/colegio\\\/#\\\/schema\\\/person\\\/1f45b67e52b27da175190a574db6bed9\"},\"headline\":\"Alba Miquel Molina, alumna del colegio, elegida para la Corte de Honor de la Fallera Mayor Infantil de Valencia 2018\",\"datePublished\":\"2017-10-19T21:19:44+00:00\",\"dateModified\":\"2017-10-19T21:20:29+00:00\",\"mainEntityOfPage\":{\"@id\":\"https:\\\/\\\/valenciasjb.salesianos.edu\\\/colegio\\\/alba-miquel-molina-alumna-del-colegio-elegida-para-la-corte-de-honor-de-la-fallera-mayor-infantil-de-valencia-2018\\\/\"},\"wordCount\":512,\"commentCount\":0,\"image\":{\"@id\":\"https:\\\/\\\/valenciasjb.salesianos.edu\\\/colegio\\\/alba-miquel-molina-alumna-del-colegio-elegida-para-la-corte-de-honor-de-la-fallera-mayor-infantil-de-valencia-2018\\\/#primaryimage\"},\"thumbnailUrl\":\"https:\\\/\\\/valenciasjb.salesianos.edu\\\/colegio\\\/wp-content\\\/uploads\\\/sites\\\/2\\\/2017\\\/10\\\/saez-9562_saezpp.jpg\",\"articleSection\":[\"Noticia Colegio\"],\"inLanguage\":\"es\",\"potentialAction\":[{\"@type\":\"CommentAction\",\"name\":\"Comment\",\"target\":[\"https:\\\/\\\/valenciasjb.salesianos.edu\\\/colegio\\\/alba-miquel-molina-alumna-del-colegio-elegida-para-la-corte-de-honor-de-la-fallera-mayor-infantil-de-valencia-2018\\\/#respond\"]}]},{\"@type\":\"WebPage\",\"@id\":\"https:\\\/\\\/valenciasjb.salesianos.edu\\\/colegio\\\/alba-miquel-molina-alumna-del-colegio-elegida-para-la-corte-de-honor-de-la-fallera-mayor-infantil-de-valencia-2018\\\/\",\"url\":\"https:\\\/\\\/valenciasjb.salesianos.edu\\\/colegio\\\/alba-miquel-molina-alumna-del-colegio-elegida-para-la-corte-de-honor-de-la-fallera-mayor-infantil-de-valencia-2018\\\/\",\"name\":\"Alba Miquel Molina, alumna del colegio, elegida para la Corte de Honor de la Fallera Mayor Infantil de Valencia 2018 - Colegio San Juan Bosco Valencia\",\"isPartOf\":{\"@id\":\"https:\\\/\\\/valenciasjb.salesianos.edu\\\/colegio\\\/#website\"},\"primaryImageOfPage\":{\"@id\":\"https:\\\/\\\/valenciasjb.salesianos.edu\\\/colegio\\\/alba-miquel-molina-alumna-del-colegio-elegida-para-la-corte-de-honor-de-la-fallera-mayor-infantil-de-valencia-2018\\\/#primaryimage\"},\"image\":{\"@id\":\"https:\\\/\\\/valenciasjb.salesianos.edu\\\/colegio\\\/alba-miquel-molina-alumna-del-colegio-elegida-para-la-corte-de-honor-de-la-fallera-mayor-infantil-de-valencia-2018\\\/#primaryimage\"},\"thumbnailUrl\":\"https:\\\/\\\/valenciasjb.salesianos.edu\\\/colegio\\\/wp-content\\\/uploads\\\/sites\\\/2\\\/2017\\\/10\\\/saez-9562_saezpp.jpg\",\"datePublished\":\"2017-10-19T21:19:44+00:00\",\"dateModified\":\"2017-10-19T21:20:29+00:00\",\"author\":{\"@id\":\"https:\\\/\\\/valenciasjb.salesianos.edu\\\/colegio\\\/#\\\/schema\\\/person\\\/1f45b67e52b27da175190a574db6bed9\"},\"breadcrumb\":{\"@id\":\"https:\\\/\\\/valenciasjb.salesianos.edu\\\/colegio\\\/alba-miquel-molina-alumna-del-colegio-elegida-para-la-corte-de-honor-de-la-fallera-mayor-infantil-de-valencia-2018\\\/#breadcrumb\"},\"inLanguage\":\"es\",\"potentialAction\":[{\"@type\":\"ReadAction\",\"target\":[\"https:\\\/\\\/valenciasjb.salesianos.edu\\\/colegio\\\/alba-miquel-molina-alumna-del-colegio-elegida-para-la-corte-de-honor-de-la-fallera-mayor-infantil-de-valencia-2018\\\/\"]}]},{\"@type\":\"ImageObject\",\"inLanguage\":\"es\",\"@id\":\"https:\\\/\\\/valenciasjb.salesianos.edu\\\/colegio\\\/alba-miquel-molina-alumna-del-colegio-elegida-para-la-corte-de-honor-de-la-fallera-mayor-infantil-de-valencia-2018\\\/#primaryimage\",\"url\":\"https:\\\/\\\/valenciasjb.salesianos.edu\\\/colegio\\\/wp-content\\\/uploads\\\/sites\\\/2\\\/2017\\\/10\\\/saez-9562_saezpp.jpg\",\"contentUrl\":\"https:\\\/\\\/valenciasjb.salesianos.edu\\\/colegio\\\/wp-content\\\/uploads\\\/sites\\\/2\\\/2017\\\/10\\\/saez-9562_saezpp.jpg\",\"width\":2197,\"height\":2929},{\"@type\":\"BreadcrumbList\",\"@id\":\"https:\\\/\\\/valenciasjb.salesianos.edu\\\/colegio\\\/alba-miquel-molina-alumna-del-colegio-elegida-para-la-corte-de-honor-de-la-fallera-mayor-infantil-de-valencia-2018\\\/#breadcrumb\",\"itemListElement\":[{\"@type\":\"ListItem\",\"position\":1,\"name\":\"Portada\",\"item\":\"https:\\\/\\\/valenciasjb.salesianos.edu\\\/colegio\\\/\"},{\"@type\":\"ListItem\",\"position\":2,\"name\":\"Alba Miquel Molina, alumna del colegio, elegida para la Corte de Honor de la Fallera Mayor Infantil de Valencia 2018\"}]},{\"@type\":\"WebSite\",\"@id\":\"https:\\\/\\\/valenciasjb.salesianos.edu\\\/colegio\\\/#website\",\"url\":\"https:\\\/\\\/valenciasjb.salesianos.edu\\\/colegio\\\/\",\"name\":\"Colegio San Juan Bosco Valencia\",\"description\":\"P\u00e1gina oficial del Colegio Salesianos San Juan Bosco Valencia\",\"alternateName\":\"Salesianos.VSJB\",\"potentialAction\":[{\"@type\":\"SearchAction\",\"target\":{\"@type\":\"EntryPoint\",\"urlTemplate\":\"https:\\\/\\\/valenciasjb.salesianos.edu\\\/colegio\\\/?s={search_term_string}\"},\"query-input\":{\"@type\":\"PropertyValueSpecification\",\"valueRequired\":true,\"valueName\":\"search_term_string\"}}],\"inLanguage\":\"es\"},{\"@type\":\"Person\",\"@id\":\"https:\\\/\\\/valenciasjb.salesianos.edu\\\/colegio\\\/#\\\/schema\\\/person\\\/1f45b67e52b27da175190a574db6bed9\",\"name\":\"veronicapastor\",\"image\":{\"@type\":\"ImageObject\",\"inLanguage\":\"es\",\"@id\":\"https:\\\/\\\/secure.gravatar.com\\\/avatar\\\/e29bd40bace3fd935e1d6fdb7313ffc14628cc037c5e16f4c7369b20a2a6f7f0?s=96&d=mm&r=g\",\"url\":\"https:\\\/\\\/secure.gravatar.com\\\/avatar\\\/e29bd40bace3fd935e1d6fdb7313ffc14628cc037c5e16f4c7369b20a2a6f7f0?s=96&d=mm&r=g\",\"contentUrl\":\"https:\\\/\\\/secure.gravatar.com\\\/avatar\\\/e29bd40bace3fd935e1d6fdb7313ffc14628cc037c5e16f4c7369b20a2a6f7f0?s=96&d=mm&r=g\",\"caption\":\"veronicapastor\"}}]}<\/script>\n<!-- \/ Yoast SEO plugin. -->","yoast_head_json":{"title":"Alba Miquel Molina, alumna del colegio, elegida para la Corte de Honor de la Fallera Mayor Infantil de Valencia 2018 - Colegio San Juan Bosco Valencia","robots":{"index":"index","follow":"follow","max-snippet":"max-snippet:-1","max-image-preview":"max-image-preview:large","max-video-preview":"max-video-preview:-1"},"canonical":"https:\/\/valenciasjb.salesianos.edu\/colegio\/alba-miquel-molina-alumna-del-colegio-elegida-para-la-corte-de-honor-de-la-fallera-mayor-infantil-de-valencia-2018\/","og_locale":"es_ES","og_type":"article","og_title":"Alba Miquel Molina, alumna del colegio, elegida para la Corte de Honor de la Fallera Mayor Infantil de Valencia 2018 - Colegio San Juan Bosco Valencia","og_description":"El colegio orgulloso por el reciente nombramiento de su querida alumna. El acto de elecci\u00f3n que tuvo lugar el d\u00eda 23 de septiembre en el Pabell\u00f3n de la Fuente de San Lu\u00eds ha supuesto el inicio de una gran aventura para Alba como miembro de la corte de honor infantil de Valencia. Raquel Tortajada. Profesora. [&hellip;]","og_url":"https:\/\/valenciasjb.salesianos.edu\/colegio\/alba-miquel-molina-alumna-del-colegio-elegida-para-la-corte-de-honor-de-la-fallera-mayor-infantil-de-valencia-2018\/","og_site_name":"Colegio San Juan Bosco Valencia","article_publisher":"https:\/\/www.facebook.com\/ColegioSalesianoSanJuanBoscoValencia","article_published_time":"2017-10-19T21:19:44+00:00","article_modified_time":"2017-10-19T21:20:29+00:00","og_image":[{"width":2197,"height":2929,"url":"https:\/\/valenciasjb.salesianos.edu\/colegio\/wp-content\/uploads\/sites\/2\/2017\/10\/saez-9562_saezpp.jpg","type":"image\/jpeg"}],"author":"veronicapastor","twitter_card":"summary_large_image","twitter_creator":"@SalesianosVSJB","twitter_site":"@SalesianosVSJB","twitter_misc":{"Escrito por":"veronicapastor","Tiempo de lectura":"2 minutos"},"schema":{"@context":"https:\/\/schema.org","@graph":[{"@type":"Article","@id":"https:\/\/valenciasjb.salesianos.edu\/colegio\/alba-miquel-molina-alumna-del-colegio-elegida-para-la-corte-de-honor-de-la-fallera-mayor-infantil-de-valencia-2018\/#article","isPartOf":{"@id":"https:\/\/valenciasjb.salesianos.edu\/colegio\/alba-miquel-molina-alumna-del-colegio-elegida-para-la-corte-de-honor-de-la-fallera-mayor-infantil-de-valencia-2018\/"},"author":{"name":"veronicapastor","@id":"https:\/\/valenciasjb.salesianos.edu\/colegio\/#\/schema\/person\/1f45b67e52b27da175190a574db6bed9"},"headline":"Alba Miquel Molina, alumna del colegio, elegida para la Corte de Honor de la Fallera Mayor Infantil de Valencia 2018","datePublished":"2017-10-19T21:19:44+00:00","dateModified":"2017-10-19T21:20:29+00:00","mainEntityOfPage":{"@id":"https:\/\/valenciasjb.salesianos.edu\/colegio\/alba-miquel-molina-alumna-del-colegio-elegida-para-la-corte-de-honor-de-la-fallera-mayor-infantil-de-valencia-2018\/"},"wordCount":512,"commentCount":0,"image":{"@id":"https:\/\/valenciasjb.salesianos.edu\/colegio\/alba-miquel-molina-alumna-del-colegio-elegida-para-la-corte-de-honor-de-la-fallera-mayor-infantil-de-valencia-2018\/#primaryimage"},"thumbnailUrl":"https:\/\/valenciasjb.salesianos.edu\/colegio\/wp-content\/uploads\/sites\/2\/2017\/10\/saez-9562_saezpp.jpg","articleSection":["Noticia Colegio"],"inLanguage":"es","potentialAction":[{"@type":"CommentAction","name":"Comment","target":["https:\/\/valenciasjb.salesianos.edu\/colegio\/alba-miquel-molina-alumna-del-colegio-elegida-para-la-corte-de-honor-de-la-fallera-mayor-infantil-de-valencia-2018\/#respond"]}]},{"@type":"WebPage","@id":"https:\/\/valenciasjb.salesianos.edu\/colegio\/alba-miquel-molina-alumna-del-colegio-elegida-para-la-corte-de-honor-de-la-fallera-mayor-infantil-de-valencia-2018\/","url":"https:\/\/valenciasjb.salesianos.edu\/colegio\/alba-miquel-molina-alumna-del-colegio-elegida-para-la-corte-de-honor-de-la-fallera-mayor-infantil-de-valencia-2018\/","name":"Alba Miquel Molina, alumna del colegio, elegida para la Corte de Honor de la Fallera Mayor Infantil de Valencia 2018 - Colegio San Juan Bosco Valencia","isPartOf":{"@id":"https:\/\/valenciasjb.salesianos.edu\/colegio\/#website"},"primaryImageOfPage":{"@id":"https:\/\/valenciasjb.salesianos.edu\/colegio\/alba-miquel-molina-alumna-del-colegio-elegida-para-la-corte-de-honor-de-la-fallera-mayor-infantil-de-valencia-2018\/#primaryimage"},"image":{"@id":"https:\/\/valenciasjb.salesianos.edu\/colegio\/alba-miquel-molina-alumna-del-colegio-elegida-para-la-corte-de-honor-de-la-fallera-mayor-infantil-de-valencia-2018\/#primaryimage"},"thumbnailUrl":"https:\/\/valenciasjb.salesianos.edu\/colegio\/wp-content\/uploads\/sites\/2\/2017\/10\/saez-9562_saezpp.jpg","datePublished":"2017-10-19T21:19:44+00:00","dateModified":"2017-10-19T21:20:29+00:00","author":{"@id":"https:\/\/valenciasjb.salesianos.edu\/colegio\/#\/schema\/person\/1f45b67e52b27da175190a574db6bed9"},"breadcrumb":{"@id":"https:\/\/valenciasjb.salesianos.edu\/colegio\/alba-miquel-molina-alumna-del-colegio-elegida-para-la-corte-de-honor-de-la-fallera-mayor-infantil-de-valencia-2018\/#breadcrumb"},"inLanguage":"es","potentialAction":[{"@type":"ReadAction","target":["https:\/\/valenciasjb.salesianos.edu\/colegio\/alba-miquel-molina-alumna-del-colegio-elegida-para-la-corte-de-honor-de-la-fallera-mayor-infantil-de-valencia-2018\/"]}]},{"@type":"ImageObject","inLanguage":"es","@id":"https:\/\/valenciasjb.salesianos.edu\/colegio\/alba-miquel-molina-alumna-del-colegio-elegida-para-la-corte-de-honor-de-la-fallera-mayor-infantil-de-valencia-2018\/#primaryimage","url":"https:\/\/valenciasjb.salesianos.edu\/colegio\/wp-content\/uploads\/sites\/2\/2017\/10\/saez-9562_saezpp.jpg","contentUrl":"https:\/\/valenciasjb.salesianos.edu\/colegio\/wp-content\/uploads\/sites\/2\/2017\/10\/saez-9562_saezpp.jpg","width":2197,"height":2929},{"@type":"BreadcrumbList","@id":"https:\/\/valenciasjb.salesianos.edu\/colegio\/alba-miquel-molina-alumna-del-colegio-elegida-para-la-corte-de-honor-de-la-fallera-mayor-infantil-de-valencia-2018\/#breadcrumb","itemListElement":[{"@type":"ListItem","position":1,"name":"Portada","item":"https:\/\/valenciasjb.salesianos.edu\/colegio\/"},{"@type":"ListItem","position":2,"name":"Alba Miquel Molina, alumna del colegio, elegida para la Corte de Honor de la Fallera Mayor Infantil de Valencia 2018"}]},{"@type":"WebSite","@id":"https:\/\/valenciasjb.salesianos.edu\/colegio\/#website","url":"https:\/\/valenciasjb.salesianos.edu\/colegio\/","name":"Colegio San Juan Bosco Valencia","description":"P\u00e1gina oficial del Colegio Salesianos San Juan Bosco Valencia","alternateName":"Salesianos.VSJB","potentialAction":[{"@type":"SearchAction","target":{"@type":"EntryPoint","urlTemplate":"https:\/\/valenciasjb.salesianos.edu\/colegio\/?s={search_term_string}"},"query-input":{"@type":"PropertyValueSpecification","valueRequired":true,"valueName":"search_term_string"}}],"inLanguage":"es"},{"@type":"Person","@id":"https:\/\/valenciasjb.salesianos.edu\/colegio\/#\/schema\/person\/1f45b67e52b27da175190a574db6bed9","name":"veronicapastor","image":{"@type":"ImageObject","inLanguage":"es","@id":"https:\/\/secure.gravatar.com\/avatar\/e29bd40bace3fd935e1d6fdb7313ffc14628cc037c5e16f4c7369b20a2a6f7f0?s=96&d=mm&r=g","url":"https:\/\/secure.gravatar.com\/avatar\/e29bd40bace3fd935e1d6fdb7313ffc14628cc037c5e16f4c7369b20a2a6f7f0?s=96&d=mm&r=g","contentUrl":"https:\/\/secure.gravatar.com\/avatar\/e29bd40bace3fd935e1d6fdb7313ffc14628cc037c5e16f4c7369b20a2a6f7f0?s=96&d=mm&r=g","caption":"veronicapastor"}}]}},"_links":{"self":[{"href":"https:\/\/valenciasjb.salesianos.edu\/colegio\/wp-json\/wp\/v2\/posts\/4742","targetHints":{"allow":["GET"]}}],"collection":[{"href":"https:\/\/valenciasjb.salesianos.edu\/colegio\/wp-json\/wp\/v2\/posts"}],"about":[{"href":"https:\/\/valenciasjb.salesianos.edu\/colegio\/wp-json\/wp\/v2\/types\/post"}],"author":[{"embeddable":true,"href":"https:\/\/valenciasjb.salesianos.edu\/colegio\/wp-json\/wp\/v2\/users\/6"}],"replies":[{"embeddable":true,"href":"https:\/\/valenciasjb.salesianos.edu\/colegio\/wp-json\/wp\/v2\/comments?post=4742"}],"version-history":[{"count":3,"href":"https:\/\/valenciasjb.salesianos.edu\/colegio\/wp-json\/wp\/v2\/posts\/4742\/revisions"}],"predecessor-version":[{"id":4746,"href":"https:\/\/valenciasjb.salesianos.edu\/colegio\/wp-json\/wp\/v2\/posts\/4742\/revisions\/4746"}],"wp:featuredmedia":[{"embeddable":true,"href":"https:\/\/valenciasjb.salesianos.edu\/colegio\/wp-json\/wp\/v2\/media\/4743"}],"wp:attachment":[{"href":"https:\/\/valenciasjb.salesianos.edu\/colegio\/wp-json\/wp\/v2\/media?parent=4742"}],"wp:term":[{"taxonomy":"category","embeddable":true,"href":"https:\/\/valenciasjb.salesianos.edu\/colegio\/wp-json\/wp\/v2\/categories?post=4742"},{"taxonomy":"post_tag","embeddable":true,"href":"https:\/\/valenciasjb.salesianos.edu\/colegio\/wp-json\/wp\/v2\/tags?post=4742"}],"curies":[{"name":"wp","href":"https:\/\/api.w.org\/{rel}","templated":true}]}}