{"id":4756,"date":"2017-10-19T23:10:47","date_gmt":"2017-10-19T22:10:47","guid":{"rendered":"https:\/\/valenciasjb.salesianos.edu\/colegio\/?p=4756"},"modified":"2017-10-28T22:25:12","modified_gmt":"2017-10-28T21:25:12","slug":"superheroes-y-superheroinas-en-la-jornada-mundial-de-las-misiones-campana-domund","status":"publish","type":"post","link":"https:\/\/valenciasjb.salesianos.edu\/colegio\/superheroes-y-superheroinas-en-la-jornada-mundial-de-las-misiones-campana-domund\/","title":{"rendered":"Superh\u00e9roes y superhero\u00ednas en la Jornada Mundial de las Misiones, Campa\u00f1a Domund"},"content":{"rendered":"<div id=\"fb-root\"><\/div>\n<p>[et_pb_section bb_built=\u00bb1&#8243; admin_label=\u00bbsection\u00bb][et_pb_row admin_label=\u00bbrow\u00bb background_position=\u00bbtop_left\u00bb background_repeat=\u00bbrepeat\u00bb background_size=\u00bbinitial\u00bb][et_pb_column type=\u00bb4_4&#8243;][et_pb_text admin_label=\u00bbEntradilla (Texto)\u00bb _builder_version=\u00bb3.0.82&#8243; background_layout=\u00bblight\u00bb text_orientation=\u00bbjustified\u00bb text_font=\u00bb|on|||\u00bb border_style=\u00bbsolid\u00bb box_shadow_position=\u00bbouter\u00bb]<\/p>\n<div id=\"resumen\">\n<div id=\"resumen\"><strong>El domingo 22 de octubre se celebra la Jornada Mundial de las Misiones, el\u00a0DOMUND, con el lema \u201cS\u00c9 VALIENTE, LA MISI\u00d3N TE ESPERA\u201c.<\/strong><\/div>\n<\/div>\n<div>El DOMUND (Domingo Mundial de las Misiones) es una Jornada universal que se celebra cada a\u00f1o en todo el mundo, el pen\u00faltimo domingo de octubre, para apoyar a los misioneros en su labor evangelizadora, desarrollada entre los m\u00e1s pobres. Es, adem\u00e1s,\u00a0una llamada a la responsabilidad de todos los cristianos en la evangelizaci\u00f3n. Es el d\u00eda en que la Iglesia lanza una especial invitaci\u00f3n a amar y apoyar la causa misionera, ayudando a los misioneros.<\/div>\n<p>[\/et_pb_text][et_pb_text admin_label=\u00bbAutor (Texto)\u00bb _builder_version=\u00bb3.0.82&#8243; background_layout=\u00bblight\u00bb text_font=\u00bb||on||\u00bb border_style=\u00bbsolid\u00bb box_shadow_position=\u00bbouter\u00bb]<\/p>\n<div id=\"firma\">Lourdes Muli\u00f3, profesora de Educaci\u00f3n Infantil, y Ver\u00f3nica Pastor, profesora de Secundaria.<\/div>\n<p>[\/et_pb_text][et_pb_text admin_label=\u00bbDesarrollo (Texto)\u00bb _builder_version=\u00bb3.0.82&#8243; background_layout=\u00bblight\u00bb text_orientation=\u00bbjustified\u00bb border_style=\u00bbsolid\u00bb box_shadow_position=\u00bbouter\u00bb]<\/p>\n<p><span style=\"font-family: Verdana, sans-serif\">El mes de octubre es el\u00a0<\/span><span style=\"font-family: Verdana, sans-serif\">mes MISIONERO\u00a0<\/span><span style=\"font-family: Verdana, sans-serif\">y, desde las diferentes etapas del colegio, se ha propuesto t<\/span><span style=\"font-family: Verdana, sans-serif\">rabajar\u00a0<\/span><span style=\"font-family: Verdana, sans-serif\">o<\/span><span style=\"font-family: Verdana, sans-serif\">bjetivos,\u00a0<\/span><span style=\"font-family: Verdana, sans-serif\">como\u00a0<\/span><span style=\"font-family: Verdana, sans-serif\">el valor de la solidaridad\u00a0<\/span><span style=\"font-family: Verdana, sans-serif\">y la i<\/span><span style=\"font-family: Verdana, sans-serif\">mportancia de colaborar.<\/span><\/p>\n<p><span style=\"font-family: Verdana, sans-serif\">La campa\u00f1a\u00a0<\/span><span style=\"font-family: Verdana, sans-serif\">del Domund\u00a0<\/span><span style=\"font-family: Verdana, sans-serif\">se\u00a0<\/span><span style=\"font-family: Verdana, sans-serif\">ha celebrado<\/span><span style=\"font-family: Verdana, sans-serif\">\u00a0durante\u00a0<\/span><span style=\"font-family: Verdana, sans-serif\"><strong>la semana del 13 al 20 de\u00a0<\/strong><\/span><span style=\"font-family: Verdana, sans-serif\"><strong>o<\/strong><\/span><span style=\"font-family: Verdana, sans-serif\"><strong>ctubre<\/strong><\/span><span style=\"font-family: Verdana, sans-serif\">\u00a0y para ello se han organizado\u00a0<\/span><span style=\"font-family: Verdana, sans-serif\">diferentes<\/span><span style=\"font-family: Verdana, sans-serif\">\u00a0actividades\u00a0<\/span><span style=\"font-family: Verdana, sans-serif\">e iniciativas: b<\/span><span style=\"font-family: Verdana, sans-serif\">uenos d\u00edas\u00a0<\/span><span style=\"font-family: Verdana, sans-serif\">en los que se ha hablado\u00a0<\/span><span style=\"font-family: Verdana, sans-serif\">de valores como la solidaridad, la ayuda, la generosidad y la misericordia;\u00a0<\/span><span style=\"font-family: Verdana, sans-serif\">a<\/span><span style=\"font-family: Verdana, sans-serif\">mbientaci\u00f3n de clases, pasillos y entrada, con p\u00f3sters oficiales;\u00a0<\/span><span style=\"font-family: Verdana, sans-serif\">s<\/span><span style=\"font-family: Verdana, sans-serif\">obre de ayuda\u00a0<\/span><span style=\"font-family: Verdana, sans-serif\">para las etapas de infantil y primaria; a<\/span><span style=\"font-family: Verdana, sans-serif\">ctividades organizadas en el aula;\u00a0<\/span><span style=\"font-family: Verdana, sans-serif\">a<\/span><span style=\"font-family: Verdana, sans-serif\">ctividad<\/span><span style=\"font-family: Verdana, sans-serif\">es<\/span><span style=\"font-family: Verdana, sans-serif\">\u00a0conjunta<\/span><span style=\"font-family: Verdana, sans-serif\">s; tutor\u00edas especiales en las clases y venta de pulseras en ESO y Bachillerato.<\/span><\/p>\n<p><span style=\"font-family: Verdana, sans-serif\">Por ejemplo, l<\/span><span style=\"font-family: Verdana, sans-serif\">os alumnos de educaci\u00f3n infantil han realizado una actividad conjunta muy bonita y vistosa.\u00a0<\/span><span style=\"font-family: Verdana, sans-serif\">En un mural del hall del pabell\u00f3n de Infantil se ha dibujado un mundo da\u00f1ado, triste, con necesidad de ser socorrido. Este mundo precisa de nuestra valent\u00eda y solidaridad para ser curado. Asimismo en el mural tambi\u00e9n aparecen algunos superh\u00e9roes conocidos por los ni\u00f1os: Brave, Mul\u00e1n, Superman, Los Vengadores, Vaiana\u2026 representando la valent\u00eda y la generosidad que nuestro mundo necesita. El camino desde los personajes hasta el mundo da\u00f1ado est\u00e1 representado por ambos lemas \u201c<\/span><strong><span style=\"font-family: Verdana, sans-serif\">S\u00c9 VALIENTE, LA MISI\u00d3N TE ESPERA\u201d\u00a0<\/span><\/strong><span style=\"font-family: Verdana, sans-serif\">(<\/span><span style=\"font-family: Verdana, sans-serif\">l<\/span><span style=\"font-family: Verdana, sans-serif\">ema de la campa\u00f1a)<\/span><strong><span style=\"font-family: Verdana, sans-serif\">\u00a0\u201c<\/span><\/strong><span style=\"font-family: Verdana, sans-serif\"><strong>Hay un sitio para ti, ven y ver\u00e1s\u201d<\/strong><\/span><span style=\"font-family: Verdana, sans-serif\">\u00a0<\/span><span style=\"font-family: Verdana, sans-serif\">(<\/span><span style=\"font-family: Verdana, sans-serif\">l<\/span><span style=\"font-family: Verdana, sans-serif\">ema del cole<\/span><span style=\"font-family: Verdana, sans-serif\">gio para este curso<\/span><span style=\"font-family: Verdana, sans-serif\">)<\/span><strong><span style=\"font-family: Verdana, sans-serif\">\u00a0<\/span><\/strong><span style=\"font-family: Verdana, sans-serif\">los alumnos se<\/span><span style=\"font-family: Verdana, sans-serif\">\u00a0<\/span><span style=\"font-family: Verdana, sans-serif\">han convertido<\/span><span style=\"font-family: Verdana, sans-serif\">\u00a0en\u00a0<\/span><span style=\"font-family: Verdana, sans-serif\"><strong>superh\u00e9roes<\/strong><\/span><span style=\"font-family: Verdana, sans-serif\">\u00a0<\/span><span style=\"font-family: Verdana, sans-serif\"><strong>y superhero\u00ednas\u00a0<\/strong><\/span><span style=\"font-family: Verdana, sans-serif\">para colaborar con ellos en esta misi\u00f3n. Representados cada ni\u00f1o con la silueta de un personaje al que<\/span><span style=\"font-family: Verdana, sans-serif\">han tenido<\/span><span style=\"font-family: Verdana, sans-serif\">\u00a0que colorear, a\u00f1adir la foto de su cara y pegar en el mural del hall como muestra de su predisposici\u00f3n a ayudar a mejorar el mundo en el que vivimos.<\/span><\/p>\n<p><span style=\"font-family: Verdana, sans-serif\">En definitiva, una semana de reflexi\u00f3n y colaboraci\u00f3n en todas las etapas de este colegio para intentar que este mundo sea un poco m\u00e1s justo y fraterno.<\/span><\/p>\n<p>[\/et_pb_text][et_pb_text admin_label=\u00bbT\u00edtulo: Galer\u00eda de fotos (Texto)\u00bb _builder_version=\u00bb3.0.76&#8243; background_layout=\u00bblight\u00bb text_font=\u00bb|on|||\u00bb text_text_color=\u00bb#dc001b\u00bb border_style=\u00bbsolid\u00bb disabled=\u00bboff\u00bb disabled_on=\u00bboff|on|on\u00bb]<\/p>\n<p>Galer\u00eda de im\u00e1genes<\/p>\n<p>[\/et_pb_text][et_pb_gallery _builder_version=\u00bb3.0.82&#8243; posts_number=\u00bb8&#8243; show_title_and_caption=\u00bboff\u00bb show_pagination=\u00bbon\u00bb fullwidth=\u00bboff\u00bb orientation=\u00bblandscape\u00bb zoom_icon_color=\u00bb#dc001b\u00bb hover_overlay_color=\u00bbrgba(255,255,255,0.9)\u00bb hover_icon=\u00bb%%51%%\u00bb background_layout=\u00bblight\u00bb border_style=\u00bbsolid\u00bb disabled=\u00bboff\u00bb disabled_on=\u00bboff|off|off\u00bb gallery_ids=\u00bb4758,4759,4760,4771,4772,4757,4764,4761&#8243; pagination_font_size_tablet=\u00bb51&#8243; pagination_line_height_tablet=\u00bb2&#8243; box_shadow_position_image=\u00bbouter\u00bb box_shadow_position=\u00bbouter\u00bb \/][et_pb_video _builder_version=\u00bb3.0.51&#8243; disabled=\u00bbon\u00bb disabled_on=\u00bbon|on|on\u00bb \/][\/et_pb_column][\/et_pb_row][\/et_pb_section]<\/p>\n<!-- AddThis Advanced Settings generic via filter on the_content --><!-- AddThis Share Buttons generic via filter on the_content -->","protected":false},"excerpt":{"rendered":"<p>El domingo 22 de octubre se celebra la Jornada Mundial de las Misiones, el\u00a0DOMUND, con el lema \u201cS\u00c9 VALIENTE, LA MISI\u00d3N TE ESPERA\u201c. El DOMUND (Domingo Mundial de las Misiones) es una Jornada universal que se celebra cada a\u00f1o en todo el mundo, el pen\u00faltimo domingo de octubre, para apoyar a los misioneros en su [&hellip;]<\/p>\n<p><!-- AddThis Advanced Settings generic via filter on get_the_excerpt --><!-- AddThis Share Buttons generic via filter on get_the_excerpt --><\/p>\n","protected":false},"author":6,"featured_media":4771,"comment_status":"open","ping_status":"open","sticky":false,"template":"","format":"standard","meta":{"_et_pb_use_builder":"on","_et_pb_old_content":"","_et_gb_content_width":"","footnotes":""},"categories":[14],"tags":[],"class_list":["post-4756","post","type-post","status-publish","format-standard","has-post-thumbnail","hentry","category-noticia_colegio"],"yoast_head":"<!-- This site is optimized with the Yoast SEO plugin v28.4 - https:\/\/yoast.com\/product\/yoast-seo-wordpress\/ -->\n<title>Superh\u00e9roes y superhero\u00ednas en la Jornada Mundial de las Misiones, Campa\u00f1a Domund - Colegio San Juan Bosco Valencia<\/title>\n<meta name=\"robots\" content=\"index, follow, max-snippet:-1, max-image-preview:large, max-video-preview:-1\" \/>\n<link rel=\"canonical\" href=\"https:\/\/valenciasjb.salesianos.edu\/colegio\/superheroes-y-superheroinas-en-la-jornada-mundial-de-las-misiones-campana-domund\/\" \/>\n<meta property=\"og:locale\" content=\"es_ES\" \/>\n<meta property=\"og:type\" content=\"article\" \/>\n<meta property=\"og:title\" content=\"Superh\u00e9roes y superhero\u00ednas en la Jornada Mundial de las Misiones, Campa\u00f1a Domund - Colegio San Juan Bosco Valencia\" \/>\n<meta property=\"og:description\" content=\"El domingo 22 de octubre se celebra la Jornada Mundial de las Misiones, el\u00a0DOMUND, con el lema \u201cS\u00c9 VALIENTE, LA MISI\u00d3N TE ESPERA\u201c. El DOMUND (Domingo Mundial de las Misiones) es una Jornada universal que se celebra cada a\u00f1o en todo el mundo, el pen\u00faltimo domingo de octubre, para apoyar a los misioneros en su [&hellip;]\" \/>\n<meta property=\"og:url\" content=\"https:\/\/valenciasjb.salesianos.edu\/colegio\/superheroes-y-superheroinas-en-la-jornada-mundial-de-las-misiones-campana-domund\/\" \/>\n<meta property=\"og:site_name\" content=\"Colegio San Juan Bosco Valencia\" \/>\n<meta property=\"article:publisher\" content=\"https:\/\/www.facebook.com\/ColegioSalesianoSanJuanBoscoValencia\" \/>\n<meta property=\"article:published_time\" content=\"2017-10-19T22:10:47+00:00\" \/>\n<meta property=\"article:modified_time\" content=\"2017-10-28T21:25:12+00:00\" \/>\n<meta property=\"og:image\" content=\"https:\/\/valenciasjb.salesianos.edu\/colegio\/wp-content\/uploads\/sites\/2\/2017\/10\/DOMUND-12-IMG_20171017_121937_HDR.jpg\" \/>\n\t<meta property=\"og:image:width\" content=\"4160\" \/>\n\t<meta property=\"og:image:height\" content=\"3120\" \/>\n\t<meta property=\"og:image:type\" content=\"image\/jpeg\" \/>\n<meta name=\"author\" content=\"veronicapastor\" \/>\n<meta name=\"twitter:card\" content=\"summary_large_image\" \/>\n<meta name=\"twitter:creator\" content=\"@SalesianosVSJB\" \/>\n<meta name=\"twitter:site\" content=\"@SalesianosVSJB\" \/>\n<meta name=\"twitter:label1\" content=\"Escrito por\" \/>\n\t<meta name=\"twitter:data1\" content=\"veronicapastor\" \/>\n\t<meta name=\"twitter:label2\" content=\"Tiempo de lectura\" \/>\n\t<meta name=\"twitter:data2\" content=\"3 minutos\" \/>\n<script type=\"application\/ld+json\" class=\"yoast-schema-graph\">{\"@context\":\"https:\\\/\\\/schema.org\",\"@graph\":[{\"@type\":\"Article\",\"@id\":\"https:\\\/\\\/valenciasjb.salesianos.edu\\\/colegio\\\/superheroes-y-superheroinas-en-la-jornada-mundial-de-las-misiones-campana-domund\\\/#article\",\"isPartOf\":{\"@id\":\"https:\\\/\\\/valenciasjb.salesianos.edu\\\/colegio\\\/superheroes-y-superheroinas-en-la-jornada-mundial-de-las-misiones-campana-domund\\\/\"},\"author\":{\"name\":\"veronicapastor\",\"@id\":\"https:\\\/\\\/valenciasjb.salesianos.edu\\\/colegio\\\/#\\\/schema\\\/person\\\/1f45b67e52b27da175190a574db6bed9\"},\"headline\":\"Superh\u00e9roes y superhero\u00ednas en la Jornada Mundial de las Misiones, Campa\u00f1a Domund\",\"datePublished\":\"2017-10-19T22:10:47+00:00\",\"dateModified\":\"2017-10-28T21:25:12+00:00\",\"mainEntityOfPage\":{\"@id\":\"https:\\\/\\\/valenciasjb.salesianos.edu\\\/colegio\\\/superheroes-y-superheroinas-en-la-jornada-mundial-de-las-misiones-campana-domund\\\/\"},\"wordCount\":723,\"commentCount\":0,\"image\":{\"@id\":\"https:\\\/\\\/valenciasjb.salesianos.edu\\\/colegio\\\/superheroes-y-superheroinas-en-la-jornada-mundial-de-las-misiones-campana-domund\\\/#primaryimage\"},\"thumbnailUrl\":\"https:\\\/\\\/valenciasjb.salesianos.edu\\\/colegio\\\/wp-content\\\/uploads\\\/sites\\\/2\\\/2017\\\/10\\\/DOMUND-12-IMG_20171017_121937_HDR.jpg\",\"articleSection\":[\"Noticia Colegio\"],\"inLanguage\":\"es\",\"potentialAction\":[{\"@type\":\"CommentAction\",\"name\":\"Comment\",\"target\":[\"https:\\\/\\\/valenciasjb.salesianos.edu\\\/colegio\\\/superheroes-y-superheroinas-en-la-jornada-mundial-de-las-misiones-campana-domund\\\/#respond\"]}]},{\"@type\":\"WebPage\",\"@id\":\"https:\\\/\\\/valenciasjb.salesianos.edu\\\/colegio\\\/superheroes-y-superheroinas-en-la-jornada-mundial-de-las-misiones-campana-domund\\\/\",\"url\":\"https:\\\/\\\/valenciasjb.salesianos.edu\\\/colegio\\\/superheroes-y-superheroinas-en-la-jornada-mundial-de-las-misiones-campana-domund\\\/\",\"name\":\"Superh\u00e9roes y superhero\u00ednas en la Jornada Mundial de las Misiones, Campa\u00f1a Domund - Colegio San Juan Bosco Valencia\",\"isPartOf\":{\"@id\":\"https:\\\/\\\/valenciasjb.salesianos.edu\\\/colegio\\\/#website\"},\"primaryImageOfPage\":{\"@id\":\"https:\\\/\\\/valenciasjb.salesianos.edu\\\/colegio\\\/superheroes-y-superheroinas-en-la-jornada-mundial-de-las-misiones-campana-domund\\\/#primaryimage\"},\"image\":{\"@id\":\"https:\\\/\\\/valenciasjb.salesianos.edu\\\/colegio\\\/superheroes-y-superheroinas-en-la-jornada-mundial-de-las-misiones-campana-domund\\\/#primaryimage\"},\"thumbnailUrl\":\"https:\\\/\\\/valenciasjb.salesianos.edu\\\/colegio\\\/wp-content\\\/uploads\\\/sites\\\/2\\\/2017\\\/10\\\/DOMUND-12-IMG_20171017_121937_HDR.jpg\",\"datePublished\":\"2017-10-19T22:10:47+00:00\",\"dateModified\":\"2017-10-28T21:25:12+00:00\",\"author\":{\"@id\":\"https:\\\/\\\/valenciasjb.salesianos.edu\\\/colegio\\\/#\\\/schema\\\/person\\\/1f45b67e52b27da175190a574db6bed9\"},\"breadcrumb\":{\"@id\":\"https:\\\/\\\/valenciasjb.salesianos.edu\\\/colegio\\\/superheroes-y-superheroinas-en-la-jornada-mundial-de-las-misiones-campana-domund\\\/#breadcrumb\"},\"inLanguage\":\"es\",\"potentialAction\":[{\"@type\":\"ReadAction\",\"target\":[\"https:\\\/\\\/valenciasjb.salesianos.edu\\\/colegio\\\/superheroes-y-superheroinas-en-la-jornada-mundial-de-las-misiones-campana-domund\\\/\"]}]},{\"@type\":\"ImageObject\",\"inLanguage\":\"es\",\"@id\":\"https:\\\/\\\/valenciasjb.salesianos.edu\\\/colegio\\\/superheroes-y-superheroinas-en-la-jornada-mundial-de-las-misiones-campana-domund\\\/#primaryimage\",\"url\":\"https:\\\/\\\/valenciasjb.salesianos.edu\\\/colegio\\\/wp-content\\\/uploads\\\/sites\\\/2\\\/2017\\\/10\\\/DOMUND-12-IMG_20171017_121937_HDR.jpg\",\"contentUrl\":\"https:\\\/\\\/valenciasjb.salesianos.edu\\\/colegio\\\/wp-content\\\/uploads\\\/sites\\\/2\\\/2017\\\/10\\\/DOMUND-12-IMG_20171017_121937_HDR.jpg\",\"width\":4160,\"height\":3120},{\"@type\":\"BreadcrumbList\",\"@id\":\"https:\\\/\\\/valenciasjb.salesianos.edu\\\/colegio\\\/superheroes-y-superheroinas-en-la-jornada-mundial-de-las-misiones-campana-domund\\\/#breadcrumb\",\"itemListElement\":[{\"@type\":\"ListItem\",\"position\":1,\"name\":\"Portada\",\"item\":\"https:\\\/\\\/valenciasjb.salesianos.edu\\\/colegio\\\/\"},{\"@type\":\"ListItem\",\"position\":2,\"name\":\"Superh\u00e9roes y superhero\u00ednas en la Jornada Mundial de las Misiones, Campa\u00f1a Domund\"}]},{\"@type\":\"WebSite\",\"@id\":\"https:\\\/\\\/valenciasjb.salesianos.edu\\\/colegio\\\/#website\",\"url\":\"https:\\\/\\\/valenciasjb.salesianos.edu\\\/colegio\\\/\",\"name\":\"Colegio San Juan Bosco Valencia\",\"description\":\"P\u00e1gina oficial del Colegio Salesianos San Juan Bosco Valencia\",\"alternateName\":\"Salesianos.VSJB\",\"potentialAction\":[{\"@type\":\"SearchAction\",\"target\":{\"@type\":\"EntryPoint\",\"urlTemplate\":\"https:\\\/\\\/valenciasjb.salesianos.edu\\\/colegio\\\/?s={search_term_string}\"},\"query-input\":{\"@type\":\"PropertyValueSpecification\",\"valueRequired\":true,\"valueName\":\"search_term_string\"}}],\"inLanguage\":\"es\"},{\"@type\":\"Person\",\"@id\":\"https:\\\/\\\/valenciasjb.salesianos.edu\\\/colegio\\\/#\\\/schema\\\/person\\\/1f45b67e52b27da175190a574db6bed9\",\"name\":\"veronicapastor\",\"image\":{\"@type\":\"ImageObject\",\"inLanguage\":\"es\",\"@id\":\"https:\\\/\\\/secure.gravatar.com\\\/avatar\\\/e29bd40bace3fd935e1d6fdb7313ffc14628cc037c5e16f4c7369b20a2a6f7f0?s=96&d=mm&r=g\",\"url\":\"https:\\\/\\\/secure.gravatar.com\\\/avatar\\\/e29bd40bace3fd935e1d6fdb7313ffc14628cc037c5e16f4c7369b20a2a6f7f0?s=96&d=mm&r=g\",\"contentUrl\":\"https:\\\/\\\/secure.gravatar.com\\\/avatar\\\/e29bd40bace3fd935e1d6fdb7313ffc14628cc037c5e16f4c7369b20a2a6f7f0?s=96&d=mm&r=g\",\"caption\":\"veronicapastor\"}}]}<\/script>\n<!-- \/ Yoast SEO plugin. -->","yoast_head_json":{"title":"Superh\u00e9roes y superhero\u00ednas en la Jornada Mundial de las Misiones, Campa\u00f1a Domund - Colegio San Juan Bosco Valencia","robots":{"index":"index","follow":"follow","max-snippet":"max-snippet:-1","max-image-preview":"max-image-preview:large","max-video-preview":"max-video-preview:-1"},"canonical":"https:\/\/valenciasjb.salesianos.edu\/colegio\/superheroes-y-superheroinas-en-la-jornada-mundial-de-las-misiones-campana-domund\/","og_locale":"es_ES","og_type":"article","og_title":"Superh\u00e9roes y superhero\u00ednas en la Jornada Mundial de las Misiones, Campa\u00f1a Domund - Colegio San Juan Bosco Valencia","og_description":"El domingo 22 de octubre se celebra la Jornada Mundial de las Misiones, el\u00a0DOMUND, con el lema \u201cS\u00c9 VALIENTE, LA MISI\u00d3N TE ESPERA\u201c. El DOMUND (Domingo Mundial de las Misiones) es una Jornada universal que se celebra cada a\u00f1o en todo el mundo, el pen\u00faltimo domingo de octubre, para apoyar a los misioneros en su [&hellip;]","og_url":"https:\/\/valenciasjb.salesianos.edu\/colegio\/superheroes-y-superheroinas-en-la-jornada-mundial-de-las-misiones-campana-domund\/","og_site_name":"Colegio San Juan Bosco Valencia","article_publisher":"https:\/\/www.facebook.com\/ColegioSalesianoSanJuanBoscoValencia","article_published_time":"2017-10-19T22:10:47+00:00","article_modified_time":"2017-10-28T21:25:12+00:00","og_image":[{"width":4160,"height":3120,"url":"https:\/\/valenciasjb.salesianos.edu\/colegio\/wp-content\/uploads\/sites\/2\/2017\/10\/DOMUND-12-IMG_20171017_121937_HDR.jpg","type":"image\/jpeg"}],"author":"veronicapastor","twitter_card":"summary_large_image","twitter_creator":"@SalesianosVSJB","twitter_site":"@SalesianosVSJB","twitter_misc":{"Escrito por":"veronicapastor","Tiempo de lectura":"3 minutos"},"schema":{"@context":"https:\/\/schema.org","@graph":[{"@type":"Article","@id":"https:\/\/valenciasjb.salesianos.edu\/colegio\/superheroes-y-superheroinas-en-la-jornada-mundial-de-las-misiones-campana-domund\/#article","isPartOf":{"@id":"https:\/\/valenciasjb.salesianos.edu\/colegio\/superheroes-y-superheroinas-en-la-jornada-mundial-de-las-misiones-campana-domund\/"},"author":{"name":"veronicapastor","@id":"https:\/\/valenciasjb.salesianos.edu\/colegio\/#\/schema\/person\/1f45b67e52b27da175190a574db6bed9"},"headline":"Superh\u00e9roes y superhero\u00ednas en la Jornada Mundial de las Misiones, Campa\u00f1a Domund","datePublished":"2017-10-19T22:10:47+00:00","dateModified":"2017-10-28T21:25:12+00:00","mainEntityOfPage":{"@id":"https:\/\/valenciasjb.salesianos.edu\/colegio\/superheroes-y-superheroinas-en-la-jornada-mundial-de-las-misiones-campana-domund\/"},"wordCount":723,"commentCount":0,"image":{"@id":"https:\/\/valenciasjb.salesianos.edu\/colegio\/superheroes-y-superheroinas-en-la-jornada-mundial-de-las-misiones-campana-domund\/#primaryimage"},"thumbnailUrl":"https:\/\/valenciasjb.salesianos.edu\/colegio\/wp-content\/uploads\/sites\/2\/2017\/10\/DOMUND-12-IMG_20171017_121937_HDR.jpg","articleSection":["Noticia Colegio"],"inLanguage":"es","potentialAction":[{"@type":"CommentAction","name":"Comment","target":["https:\/\/valenciasjb.salesianos.edu\/colegio\/superheroes-y-superheroinas-en-la-jornada-mundial-de-las-misiones-campana-domund\/#respond"]}]},{"@type":"WebPage","@id":"https:\/\/valenciasjb.salesianos.edu\/colegio\/superheroes-y-superheroinas-en-la-jornada-mundial-de-las-misiones-campana-domund\/","url":"https:\/\/valenciasjb.salesianos.edu\/colegio\/superheroes-y-superheroinas-en-la-jornada-mundial-de-las-misiones-campana-domund\/","name":"Superh\u00e9roes y superhero\u00ednas en la Jornada Mundial de las Misiones, Campa\u00f1a Domund - Colegio San Juan Bosco Valencia","isPartOf":{"@id":"https:\/\/valenciasjb.salesianos.edu\/colegio\/#website"},"primaryImageOfPage":{"@id":"https:\/\/valenciasjb.salesianos.edu\/colegio\/superheroes-y-superheroinas-en-la-jornada-mundial-de-las-misiones-campana-domund\/#primaryimage"},"image":{"@id":"https:\/\/valenciasjb.salesianos.edu\/colegio\/superheroes-y-superheroinas-en-la-jornada-mundial-de-las-misiones-campana-domund\/#primaryimage"},"thumbnailUrl":"https:\/\/valenciasjb.salesianos.edu\/colegio\/wp-content\/uploads\/sites\/2\/2017\/10\/DOMUND-12-IMG_20171017_121937_HDR.jpg","datePublished":"2017-10-19T22:10:47+00:00","dateModified":"2017-10-28T21:25:12+00:00","author":{"@id":"https:\/\/valenciasjb.salesianos.edu\/colegio\/#\/schema\/person\/1f45b67e52b27da175190a574db6bed9"},"breadcrumb":{"@id":"https:\/\/valenciasjb.salesianos.edu\/colegio\/superheroes-y-superheroinas-en-la-jornada-mundial-de-las-misiones-campana-domund\/#breadcrumb"},"inLanguage":"es","potentialAction":[{"@type":"ReadAction","target":["https:\/\/valenciasjb.salesianos.edu\/colegio\/superheroes-y-superheroinas-en-la-jornada-mundial-de-las-misiones-campana-domund\/"]}]},{"@type":"ImageObject","inLanguage":"es","@id":"https:\/\/valenciasjb.salesianos.edu\/colegio\/superheroes-y-superheroinas-en-la-jornada-mundial-de-las-misiones-campana-domund\/#primaryimage","url":"https:\/\/valenciasjb.salesianos.edu\/colegio\/wp-content\/uploads\/sites\/2\/2017\/10\/DOMUND-12-IMG_20171017_121937_HDR.jpg","contentUrl":"https:\/\/valenciasjb.salesianos.edu\/colegio\/wp-content\/uploads\/sites\/2\/2017\/10\/DOMUND-12-IMG_20171017_121937_HDR.jpg","width":4160,"height":3120},{"@type":"BreadcrumbList","@id":"https:\/\/valenciasjb.salesianos.edu\/colegio\/superheroes-y-superheroinas-en-la-jornada-mundial-de-las-misiones-campana-domund\/#breadcrumb","itemListElement":[{"@type":"ListItem","position":1,"name":"Portada","item":"https:\/\/valenciasjb.salesianos.edu\/colegio\/"},{"@type":"ListItem","position":2,"name":"Superh\u00e9roes y superhero\u00ednas en la Jornada Mundial de las Misiones, Campa\u00f1a Domund"}]},{"@type":"WebSite","@id":"https:\/\/valenciasjb.salesianos.edu\/colegio\/#website","url":"https:\/\/valenciasjb.salesianos.edu\/colegio\/","name":"Colegio San Juan Bosco Valencia","description":"P\u00e1gina oficial del Colegio Salesianos San Juan Bosco Valencia","alternateName":"Salesianos.VSJB","potentialAction":[{"@type":"SearchAction","target":{"@type":"EntryPoint","urlTemplate":"https:\/\/valenciasjb.salesianos.edu\/colegio\/?s={search_term_string}"},"query-input":{"@type":"PropertyValueSpecification","valueRequired":true,"valueName":"search_term_string"}}],"inLanguage":"es"},{"@type":"Person","@id":"https:\/\/valenciasjb.salesianos.edu\/colegio\/#\/schema\/person\/1f45b67e52b27da175190a574db6bed9","name":"veronicapastor","image":{"@type":"ImageObject","inLanguage":"es","@id":"https:\/\/secure.gravatar.com\/avatar\/e29bd40bace3fd935e1d6fdb7313ffc14628cc037c5e16f4c7369b20a2a6f7f0?s=96&d=mm&r=g","url":"https:\/\/secure.gravatar.com\/avatar\/e29bd40bace3fd935e1d6fdb7313ffc14628cc037c5e16f4c7369b20a2a6f7f0?s=96&d=mm&r=g","contentUrl":"https:\/\/secure.gravatar.com\/avatar\/e29bd40bace3fd935e1d6fdb7313ffc14628cc037c5e16f4c7369b20a2a6f7f0?s=96&d=mm&r=g","caption":"veronicapastor"}}]}},"_links":{"self":[{"href":"https:\/\/valenciasjb.salesianos.edu\/colegio\/wp-json\/wp\/v2\/posts\/4756","targetHints":{"allow":["GET"]}}],"collection":[{"href":"https:\/\/valenciasjb.salesianos.edu\/colegio\/wp-json\/wp\/v2\/posts"}],"about":[{"href":"https:\/\/valenciasjb.salesianos.edu\/colegio\/wp-json\/wp\/v2\/types\/post"}],"author":[{"embeddable":true,"href":"https:\/\/valenciasjb.salesianos.edu\/colegio\/wp-json\/wp\/v2\/users\/6"}],"replies":[{"embeddable":true,"href":"https:\/\/valenciasjb.salesianos.edu\/colegio\/wp-json\/wp\/v2\/comments?post=4756"}],"version-history":[{"count":2,"href":"https:\/\/valenciasjb.salesianos.edu\/colegio\/wp-json\/wp\/v2\/posts\/4756\/revisions"}],"predecessor-version":[{"id":4774,"href":"https:\/\/valenciasjb.salesianos.edu\/colegio\/wp-json\/wp\/v2\/posts\/4756\/revisions\/4774"}],"wp:featuredmedia":[{"embeddable":true,"href":"https:\/\/valenciasjb.salesianos.edu\/colegio\/wp-json\/wp\/v2\/media\/4771"}],"wp:attachment":[{"href":"https:\/\/valenciasjb.salesianos.edu\/colegio\/wp-json\/wp\/v2\/media?parent=4756"}],"wp:term":[{"taxonomy":"category","embeddable":true,"href":"https:\/\/valenciasjb.salesianos.edu\/colegio\/wp-json\/wp\/v2\/categories?post=4756"},{"taxonomy":"post_tag","embeddable":true,"href":"https:\/\/valenciasjb.salesianos.edu\/colegio\/wp-json\/wp\/v2\/tags?post=4756"}],"curies":[{"name":"wp","href":"https:\/\/api.w.org\/{rel}","templated":true}]}}