{"id":4849,"date":"2017-10-24T17:34:41","date_gmt":"2017-10-24T16:34:41","guid":{"rendered":"https:\/\/valenciasjb.salesianos.edu\/colegio\/?p=4849"},"modified":"2017-10-24T17:34:41","modified_gmt":"2017-10-24T16:34:41","slug":"los-angeles-de-don-bosco-se-presentan-al-alumnado-de-primero-de-bachillerato","status":"publish","type":"post","link":"https:\/\/valenciasjb.salesianos.edu\/colegio\/los-angeles-de-don-bosco-se-presentan-al-alumnado-de-primero-de-bachillerato\/","title":{"rendered":"Los \u00c1ngeles de Don Bosco se presentan al alumnado de primero de Bachillerato"},"content":{"rendered":"<div id=\"fb-root\"><\/div>\n<p>[et_pb_section bb_built=\u00bb1&#8243; admin_label=\u00bbsection\u00bb][et_pb_row admin_label=\u00bbrow\u00bb background_position=\u00bbtop_left\u00bb background_repeat=\u00bbrepeat\u00bb background_size=\u00bbinitial\u00bb][et_pb_column type=\u00bb4_4&#8243;][et_pb_text admin_label=\u00bbEntradilla (Texto)\u00bb _builder_version=\u00bb3.0.82&#8243; background_layout=\u00bblight\u00bb text_orientation=\u00bbjustified\u00bb text_font=\u00bb|on|||\u00bb border_style=\u00bbsolid\u00bb box_shadow_position=\u00bbouter\u00bb]<\/p>\n<div id=\"resumen\">\n<div id=\"resumen\"><strong>Un itinerario de Educaci\u00f3n para el Desarrollo pensado para los alumnos y alumnas de Bachillerato.<\/strong><\/div>\n<\/div>\n<div>En la ma\u00f1ana del 23 de octubre, se ha lanzado la actividad de voluntariado de Los \u00c1ngeles de Don Bosco en todos los cursos de primero de Bachillerato, como una iniciativa de Educaci\u00f3n para el Desarrollo, desde las tutor\u00edas dentro de la Semana de Orientaci\u00f3n Vocacional, puesto que se trata de una actividad que les puede ayudar a enfocar su vocaci\u00f3n o profesi\u00f3n. Los alumnos de segundo de Bachillerato ya conocen esta actividad de voluntariado y est\u00e1n inmersos en ella desde el curso pasado, por lo que se les repartir\u00e1 una circular donde se ofertan las diferentes opciones de voluntariado para este curso.<\/div>\n<p>[\/et_pb_text][et_pb_text admin_label=\u00bbAutor (Texto)\u00bb _builder_version=\u00bb3.0.76&#8243; background_layout=\u00bblight\u00bb text_font=\u00bb||on||\u00bb border_style=\u00bbsolid\u00bb]<\/p>\n<p>Redacci\u00f3n<\/p>\n<p>[\/et_pb_text][et_pb_text admin_label=\u00bbDesarrollo (Texto)\u00bb _builder_version=\u00bb3.0.82&#8243; background_layout=\u00bblight\u00bb text_orientation=\u00bbjustified\u00bb border_style=\u00bbsolid\u00bb box_shadow_position=\u00bbouter\u00bb]<\/p>\n<div>La actividad para primero de Bachillerato ha consistido en la proyecci\u00f3n de un v\u00eddeo y el testimonio de 6 compa\u00f1eras de segundo de Bachillerato que les han explicado qu\u00e9 hacen como voluntarias y por qu\u00e9 lo hacen.<\/div>\n<div>Kira les explic\u00f3 su experiencia en educaci\u00f3n con ni\u00f1os en situaci\u00f3n social desfavorecida; Daniela como entrenadora de f\u00fatbol de un equipo de discapacitados; Sara y Andrea como voluntarias de la protectora de animales Modepran; Yudith en la programaci\u00f3n y desarrollo de actividades de educaci\u00f3n en valores para ni\u00f1os de educaci\u00f3n infantil; y Andrea como voluntaria en todas las actividades educativas del colegio (PAE e Infantil) y voluntaria en Rehobot, albergue para personas sin techo.<\/div>\n<div>Las entidades y voluntariados con los que se podr\u00e1 colaborar este a\u00f1o son: la protectora de animales Modepran, el centro ocupacional Los Silos para personas con discapacidad intelectual, el Programa de Acompa\u00f1amiento Escolar con alumnos de Primaria con necesidades, educaci\u00f3n en valores para los alumnos de Infantil, el centro para discapacitados intelectuales Bonagent, la residencia para la tercera edad La Seu, as\u00ed como diferentes actividades que se programar\u00e1n a lo largo del curso en las que el alumnado puede colaborar.<\/div>\n<div>Esta actividad queda enmarcada dentro del itinerario de Educaci\u00f3n para el Desarrollo que se est\u00e1 consolidando en nuestro colegio, en el que buscamos formar a personas comprometidas con la transformaci\u00f3n de nuestra sociedad hacia otra realidad m\u00e1s justa y solidaria para todos.<\/div>\n<p>[\/et_pb_text][et_pb_text admin_label=\u00bbT\u00edtulo: Galer\u00eda de fotos (Texto)\u00bb _builder_version=\u00bb3.0.76&#8243; background_layout=\u00bblight\u00bb text_font=\u00bb|on|||\u00bb text_text_color=\u00bb#dc001b\u00bb border_style=\u00bbsolid\u00bb disabled=\u00bboff\u00bb disabled_on=\u00bboff|on|on\u00bb]<\/p>\n<p>Galer\u00eda de im\u00e1genes<\/p>\n<p>[\/et_pb_text][et_pb_gallery _builder_version=\u00bb3.0.82&#8243; posts_number=\u00bb8&#8243; show_title_and_caption=\u00bboff\u00bb show_pagination=\u00bbon\u00bb fullwidth=\u00bboff\u00bb orientation=\u00bblandscape\u00bb zoom_icon_color=\u00bb#dc001b\u00bb hover_overlay_color=\u00bbrgba(255,255,255,0.9)\u00bb hover_icon=\u00bb%%51%%\u00bb background_layout=\u00bblight\u00bb border_style=\u00bbsolid\u00bb disabled=\u00bboff\u00bb disabled_on=\u00bboff|off|off\u00bb gallery_ids=\u00bb4858,4856,4855,4854,4853,4852,4851,4850,4857&#8243; pagination_font_size_tablet=\u00bb51&#8243; pagination_line_height_tablet=\u00bb2&#8243; box_shadow_position_image=\u00bbouter\u00bb box_shadow_position=\u00bbouter\u00bb \/][et_pb_video _builder_version=\u00bb3.0.51&#8243; disabled=\u00bbon\u00bb disabled_on=\u00bbon|on|on\u00bb \/][\/et_pb_column][\/et_pb_row][\/et_pb_section]<\/p>\n<!-- AddThis Advanced Settings generic via filter on the_content --><!-- AddThis Share Buttons generic via filter on the_content -->","protected":false},"excerpt":{"rendered":"<p>Un itinerario de Educaci\u00f3n para el Desarrollo pensado para los alumnos y alumnas de Bachillerato. En la ma\u00f1ana del 23 de octubre, se ha lanzado la actividad de voluntariado de Los \u00c1ngeles de Don Bosco en todos los cursos de primero de Bachillerato, como una iniciativa de Educaci\u00f3n para el Desarrollo, desde las tutor\u00edas dentro [&hellip;]<\/p>\n<p><!-- AddThis Advanced Settings generic via filter on get_the_excerpt --><!-- AddThis Share Buttons generic via filter on get_the_excerpt --><\/p>\n","protected":false},"author":6,"featured_media":4858,"comment_status":"closed","ping_status":"open","sticky":false,"template":"","format":"standard","meta":{"_et_pb_use_builder":"on","_et_pb_old_content":"","_et_gb_content_width":"","footnotes":""},"categories":[14],"tags":[],"class_list":["post-4849","post","type-post","status-publish","format-standard","has-post-thumbnail","hentry","category-noticia_colegio"],"yoast_head":"<!-- This site is optimized with the Yoast SEO plugin v28.4 - https:\/\/yoast.com\/product\/yoast-seo-wordpress\/ -->\n<title>Los \u00c1ngeles de Don Bosco se presentan al alumnado de primero de Bachillerato - Colegio San Juan Bosco Valencia<\/title>\n<meta name=\"robots\" content=\"index, follow, max-snippet:-1, max-image-preview:large, max-video-preview:-1\" \/>\n<link rel=\"canonical\" href=\"https:\/\/valenciasjb.salesianos.edu\/colegio\/los-angeles-de-don-bosco-se-presentan-al-alumnado-de-primero-de-bachillerato\/\" \/>\n<meta property=\"og:locale\" content=\"es_ES\" \/>\n<meta property=\"og:type\" content=\"article\" \/>\n<meta property=\"og:title\" content=\"Los \u00c1ngeles de Don Bosco se presentan al alumnado de primero de Bachillerato - Colegio San Juan Bosco Valencia\" \/>\n<meta property=\"og:description\" content=\"Un itinerario de Educaci\u00f3n para el Desarrollo pensado para los alumnos y alumnas de Bachillerato. En la ma\u00f1ana del 23 de octubre, se ha lanzado la actividad de voluntariado de Los \u00c1ngeles de Don Bosco en todos los cursos de primero de Bachillerato, como una iniciativa de Educaci\u00f3n para el Desarrollo, desde las tutor\u00edas dentro [&hellip;]\" \/>\n<meta property=\"og:url\" content=\"https:\/\/valenciasjb.salesianos.edu\/colegio\/los-angeles-de-don-bosco-se-presentan-al-alumnado-de-primero-de-bachillerato\/\" \/>\n<meta property=\"og:site_name\" content=\"Colegio San Juan Bosco Valencia\" \/>\n<meta property=\"article:publisher\" content=\"https:\/\/www.facebook.com\/ColegioSalesianoSanJuanBoscoValencia\" \/>\n<meta property=\"article:published_time\" content=\"2017-10-24T16:34:41+00:00\" \/>\n<meta property=\"og:image\" content=\"https:\/\/valenciasjb.salesianos.edu\/colegio\/wp-content\/uploads\/sites\/2\/2017\/10\/IMG_3687-1024x683.jpg\" \/>\n\t<meta property=\"og:image:width\" content=\"1024\" \/>\n\t<meta property=\"og:image:height\" content=\"683\" \/>\n\t<meta property=\"og:image:type\" content=\"image\/jpeg\" \/>\n<meta name=\"author\" content=\"veronicapastor\" \/>\n<meta name=\"twitter:card\" content=\"summary_large_image\" \/>\n<meta name=\"twitter:creator\" content=\"@SalesianosVSJB\" \/>\n<meta name=\"twitter:site\" content=\"@SalesianosVSJB\" \/>\n<meta name=\"twitter:label1\" content=\"Escrito por\" \/>\n\t<meta name=\"twitter:data1\" content=\"veronicapastor\" \/>\n\t<meta name=\"twitter:label2\" content=\"Tiempo de lectura\" \/>\n\t<meta name=\"twitter:data2\" content=\"3 minutos\" \/>\n<script type=\"application\/ld+json\" class=\"yoast-schema-graph\">{\"@context\":\"https:\\\/\\\/schema.org\",\"@graph\":[{\"@type\":\"Article\",\"@id\":\"https:\\\/\\\/valenciasjb.salesianos.edu\\\/colegio\\\/los-angeles-de-don-bosco-se-presentan-al-alumnado-de-primero-de-bachillerato\\\/#article\",\"isPartOf\":{\"@id\":\"https:\\\/\\\/valenciasjb.salesianos.edu\\\/colegio\\\/los-angeles-de-don-bosco-se-presentan-al-alumnado-de-primero-de-bachillerato\\\/\"},\"author\":{\"name\":\"veronicapastor\",\"@id\":\"https:\\\/\\\/valenciasjb.salesianos.edu\\\/colegio\\\/#\\\/schema\\\/person\\\/1f45b67e52b27da175190a574db6bed9\"},\"headline\":\"Los \u00c1ngeles de Don Bosco se presentan al alumnado de primero de Bachillerato\",\"datePublished\":\"2017-10-24T16:34:41+00:00\",\"mainEntityOfPage\":{\"@id\":\"https:\\\/\\\/valenciasjb.salesianos.edu\\\/colegio\\\/los-angeles-de-don-bosco-se-presentan-al-alumnado-de-primero-de-bachillerato\\\/\"},\"wordCount\":618,\"image\":{\"@id\":\"https:\\\/\\\/valenciasjb.salesianos.edu\\\/colegio\\\/los-angeles-de-don-bosco-se-presentan-al-alumnado-de-primero-de-bachillerato\\\/#primaryimage\"},\"thumbnailUrl\":\"https:\\\/\\\/valenciasjb.salesianos.edu\\\/colegio\\\/wp-content\\\/uploads\\\/sites\\\/2\\\/2017\\\/10\\\/IMG_3687.jpg\",\"articleSection\":[\"Noticia Colegio\"],\"inLanguage\":\"es\"},{\"@type\":\"WebPage\",\"@id\":\"https:\\\/\\\/valenciasjb.salesianos.edu\\\/colegio\\\/los-angeles-de-don-bosco-se-presentan-al-alumnado-de-primero-de-bachillerato\\\/\",\"url\":\"https:\\\/\\\/valenciasjb.salesianos.edu\\\/colegio\\\/los-angeles-de-don-bosco-se-presentan-al-alumnado-de-primero-de-bachillerato\\\/\",\"name\":\"Los \u00c1ngeles de Don Bosco se presentan al alumnado de primero de Bachillerato - Colegio San Juan Bosco Valencia\",\"isPartOf\":{\"@id\":\"https:\\\/\\\/valenciasjb.salesianos.edu\\\/colegio\\\/#website\"},\"primaryImageOfPage\":{\"@id\":\"https:\\\/\\\/valenciasjb.salesianos.edu\\\/colegio\\\/los-angeles-de-don-bosco-se-presentan-al-alumnado-de-primero-de-bachillerato\\\/#primaryimage\"},\"image\":{\"@id\":\"https:\\\/\\\/valenciasjb.salesianos.edu\\\/colegio\\\/los-angeles-de-don-bosco-se-presentan-al-alumnado-de-primero-de-bachillerato\\\/#primaryimage\"},\"thumbnailUrl\":\"https:\\\/\\\/valenciasjb.salesianos.edu\\\/colegio\\\/wp-content\\\/uploads\\\/sites\\\/2\\\/2017\\\/10\\\/IMG_3687.jpg\",\"datePublished\":\"2017-10-24T16:34:41+00:00\",\"author\":{\"@id\":\"https:\\\/\\\/valenciasjb.salesianos.edu\\\/colegio\\\/#\\\/schema\\\/person\\\/1f45b67e52b27da175190a574db6bed9\"},\"breadcrumb\":{\"@id\":\"https:\\\/\\\/valenciasjb.salesianos.edu\\\/colegio\\\/los-angeles-de-don-bosco-se-presentan-al-alumnado-de-primero-de-bachillerato\\\/#breadcrumb\"},\"inLanguage\":\"es\",\"potentialAction\":[{\"@type\":\"ReadAction\",\"target\":[\"https:\\\/\\\/valenciasjb.salesianos.edu\\\/colegio\\\/los-angeles-de-don-bosco-se-presentan-al-alumnado-de-primero-de-bachillerato\\\/\"]}]},{\"@type\":\"ImageObject\",\"inLanguage\":\"es\",\"@id\":\"https:\\\/\\\/valenciasjb.salesianos.edu\\\/colegio\\\/los-angeles-de-don-bosco-se-presentan-al-alumnado-de-primero-de-bachillerato\\\/#primaryimage\",\"url\":\"https:\\\/\\\/valenciasjb.salesianos.edu\\\/colegio\\\/wp-content\\\/uploads\\\/sites\\\/2\\\/2017\\\/10\\\/IMG_3687.jpg\",\"contentUrl\":\"https:\\\/\\\/valenciasjb.salesianos.edu\\\/colegio\\\/wp-content\\\/uploads\\\/sites\\\/2\\\/2017\\\/10\\\/IMG_3687.jpg\",\"width\":3456,\"height\":2304},{\"@type\":\"BreadcrumbList\",\"@id\":\"https:\\\/\\\/valenciasjb.salesianos.edu\\\/colegio\\\/los-angeles-de-don-bosco-se-presentan-al-alumnado-de-primero-de-bachillerato\\\/#breadcrumb\",\"itemListElement\":[{\"@type\":\"ListItem\",\"position\":1,\"name\":\"Portada\",\"item\":\"https:\\\/\\\/valenciasjb.salesianos.edu\\\/colegio\\\/\"},{\"@type\":\"ListItem\",\"position\":2,\"name\":\"Los \u00c1ngeles de Don Bosco se presentan al alumnado de primero de Bachillerato\"}]},{\"@type\":\"WebSite\",\"@id\":\"https:\\\/\\\/valenciasjb.salesianos.edu\\\/colegio\\\/#website\",\"url\":\"https:\\\/\\\/valenciasjb.salesianos.edu\\\/colegio\\\/\",\"name\":\"Colegio San Juan Bosco Valencia\",\"description\":\"P\u00e1gina oficial del Colegio Salesianos San Juan Bosco Valencia\",\"alternateName\":\"Salesianos.VSJB\",\"potentialAction\":[{\"@type\":\"SearchAction\",\"target\":{\"@type\":\"EntryPoint\",\"urlTemplate\":\"https:\\\/\\\/valenciasjb.salesianos.edu\\\/colegio\\\/?s={search_term_string}\"},\"query-input\":{\"@type\":\"PropertyValueSpecification\",\"valueRequired\":true,\"valueName\":\"search_term_string\"}}],\"inLanguage\":\"es\"},{\"@type\":\"Person\",\"@id\":\"https:\\\/\\\/valenciasjb.salesianos.edu\\\/colegio\\\/#\\\/schema\\\/person\\\/1f45b67e52b27da175190a574db6bed9\",\"name\":\"veronicapastor\",\"image\":{\"@type\":\"ImageObject\",\"inLanguage\":\"es\",\"@id\":\"https:\\\/\\\/secure.gravatar.com\\\/avatar\\\/e29bd40bace3fd935e1d6fdb7313ffc14628cc037c5e16f4c7369b20a2a6f7f0?s=96&d=mm&r=g\",\"url\":\"https:\\\/\\\/secure.gravatar.com\\\/avatar\\\/e29bd40bace3fd935e1d6fdb7313ffc14628cc037c5e16f4c7369b20a2a6f7f0?s=96&d=mm&r=g\",\"contentUrl\":\"https:\\\/\\\/secure.gravatar.com\\\/avatar\\\/e29bd40bace3fd935e1d6fdb7313ffc14628cc037c5e16f4c7369b20a2a6f7f0?s=96&d=mm&r=g\",\"caption\":\"veronicapastor\"}}]}<\/script>\n<!-- \/ Yoast SEO plugin. -->","yoast_head_json":{"title":"Los \u00c1ngeles de Don Bosco se presentan al alumnado de primero de Bachillerato - Colegio San Juan Bosco Valencia","robots":{"index":"index","follow":"follow","max-snippet":"max-snippet:-1","max-image-preview":"max-image-preview:large","max-video-preview":"max-video-preview:-1"},"canonical":"https:\/\/valenciasjb.salesianos.edu\/colegio\/los-angeles-de-don-bosco-se-presentan-al-alumnado-de-primero-de-bachillerato\/","og_locale":"es_ES","og_type":"article","og_title":"Los \u00c1ngeles de Don Bosco se presentan al alumnado de primero de Bachillerato - Colegio San Juan Bosco Valencia","og_description":"Un itinerario de Educaci\u00f3n para el Desarrollo pensado para los alumnos y alumnas de Bachillerato. En la ma\u00f1ana del 23 de octubre, se ha lanzado la actividad de voluntariado de Los \u00c1ngeles de Don Bosco en todos los cursos de primero de Bachillerato, como una iniciativa de Educaci\u00f3n para el Desarrollo, desde las tutor\u00edas dentro [&hellip;]","og_url":"https:\/\/valenciasjb.salesianos.edu\/colegio\/los-angeles-de-don-bosco-se-presentan-al-alumnado-de-primero-de-bachillerato\/","og_site_name":"Colegio San Juan Bosco Valencia","article_publisher":"https:\/\/www.facebook.com\/ColegioSalesianoSanJuanBoscoValencia","article_published_time":"2017-10-24T16:34:41+00:00","og_image":[{"width":1024,"height":683,"url":"https:\/\/valenciasjb.salesianos.edu\/colegio\/wp-content\/uploads\/sites\/2\/2017\/10\/IMG_3687-1024x683.jpg","type":"image\/jpeg"}],"author":"veronicapastor","twitter_card":"summary_large_image","twitter_creator":"@SalesianosVSJB","twitter_site":"@SalesianosVSJB","twitter_misc":{"Escrito por":"veronicapastor","Tiempo de lectura":"3 minutos"},"schema":{"@context":"https:\/\/schema.org","@graph":[{"@type":"Article","@id":"https:\/\/valenciasjb.salesianos.edu\/colegio\/los-angeles-de-don-bosco-se-presentan-al-alumnado-de-primero-de-bachillerato\/#article","isPartOf":{"@id":"https:\/\/valenciasjb.salesianos.edu\/colegio\/los-angeles-de-don-bosco-se-presentan-al-alumnado-de-primero-de-bachillerato\/"},"author":{"name":"veronicapastor","@id":"https:\/\/valenciasjb.salesianos.edu\/colegio\/#\/schema\/person\/1f45b67e52b27da175190a574db6bed9"},"headline":"Los \u00c1ngeles de Don Bosco se presentan al alumnado de primero de Bachillerato","datePublished":"2017-10-24T16:34:41+00:00","mainEntityOfPage":{"@id":"https:\/\/valenciasjb.salesianos.edu\/colegio\/los-angeles-de-don-bosco-se-presentan-al-alumnado-de-primero-de-bachillerato\/"},"wordCount":618,"image":{"@id":"https:\/\/valenciasjb.salesianos.edu\/colegio\/los-angeles-de-don-bosco-se-presentan-al-alumnado-de-primero-de-bachillerato\/#primaryimage"},"thumbnailUrl":"https:\/\/valenciasjb.salesianos.edu\/colegio\/wp-content\/uploads\/sites\/2\/2017\/10\/IMG_3687.jpg","articleSection":["Noticia Colegio"],"inLanguage":"es"},{"@type":"WebPage","@id":"https:\/\/valenciasjb.salesianos.edu\/colegio\/los-angeles-de-don-bosco-se-presentan-al-alumnado-de-primero-de-bachillerato\/","url":"https:\/\/valenciasjb.salesianos.edu\/colegio\/los-angeles-de-don-bosco-se-presentan-al-alumnado-de-primero-de-bachillerato\/","name":"Los \u00c1ngeles de Don Bosco se presentan al alumnado de primero de Bachillerato - Colegio San Juan Bosco Valencia","isPartOf":{"@id":"https:\/\/valenciasjb.salesianos.edu\/colegio\/#website"},"primaryImageOfPage":{"@id":"https:\/\/valenciasjb.salesianos.edu\/colegio\/los-angeles-de-don-bosco-se-presentan-al-alumnado-de-primero-de-bachillerato\/#primaryimage"},"image":{"@id":"https:\/\/valenciasjb.salesianos.edu\/colegio\/los-angeles-de-don-bosco-se-presentan-al-alumnado-de-primero-de-bachillerato\/#primaryimage"},"thumbnailUrl":"https:\/\/valenciasjb.salesianos.edu\/colegio\/wp-content\/uploads\/sites\/2\/2017\/10\/IMG_3687.jpg","datePublished":"2017-10-24T16:34:41+00:00","author":{"@id":"https:\/\/valenciasjb.salesianos.edu\/colegio\/#\/schema\/person\/1f45b67e52b27da175190a574db6bed9"},"breadcrumb":{"@id":"https:\/\/valenciasjb.salesianos.edu\/colegio\/los-angeles-de-don-bosco-se-presentan-al-alumnado-de-primero-de-bachillerato\/#breadcrumb"},"inLanguage":"es","potentialAction":[{"@type":"ReadAction","target":["https:\/\/valenciasjb.salesianos.edu\/colegio\/los-angeles-de-don-bosco-se-presentan-al-alumnado-de-primero-de-bachillerato\/"]}]},{"@type":"ImageObject","inLanguage":"es","@id":"https:\/\/valenciasjb.salesianos.edu\/colegio\/los-angeles-de-don-bosco-se-presentan-al-alumnado-de-primero-de-bachillerato\/#primaryimage","url":"https:\/\/valenciasjb.salesianos.edu\/colegio\/wp-content\/uploads\/sites\/2\/2017\/10\/IMG_3687.jpg","contentUrl":"https:\/\/valenciasjb.salesianos.edu\/colegio\/wp-content\/uploads\/sites\/2\/2017\/10\/IMG_3687.jpg","width":3456,"height":2304},{"@type":"BreadcrumbList","@id":"https:\/\/valenciasjb.salesianos.edu\/colegio\/los-angeles-de-don-bosco-se-presentan-al-alumnado-de-primero-de-bachillerato\/#breadcrumb","itemListElement":[{"@type":"ListItem","position":1,"name":"Portada","item":"https:\/\/valenciasjb.salesianos.edu\/colegio\/"},{"@type":"ListItem","position":2,"name":"Los \u00c1ngeles de Don Bosco se presentan al alumnado de primero de Bachillerato"}]},{"@type":"WebSite","@id":"https:\/\/valenciasjb.salesianos.edu\/colegio\/#website","url":"https:\/\/valenciasjb.salesianos.edu\/colegio\/","name":"Colegio San Juan Bosco Valencia","description":"P\u00e1gina oficial del Colegio Salesianos San Juan Bosco Valencia","alternateName":"Salesianos.VSJB","potentialAction":[{"@type":"SearchAction","target":{"@type":"EntryPoint","urlTemplate":"https:\/\/valenciasjb.salesianos.edu\/colegio\/?s={search_term_string}"},"query-input":{"@type":"PropertyValueSpecification","valueRequired":true,"valueName":"search_term_string"}}],"inLanguage":"es"},{"@type":"Person","@id":"https:\/\/valenciasjb.salesianos.edu\/colegio\/#\/schema\/person\/1f45b67e52b27da175190a574db6bed9","name":"veronicapastor","image":{"@type":"ImageObject","inLanguage":"es","@id":"https:\/\/secure.gravatar.com\/avatar\/e29bd40bace3fd935e1d6fdb7313ffc14628cc037c5e16f4c7369b20a2a6f7f0?s=96&d=mm&r=g","url":"https:\/\/secure.gravatar.com\/avatar\/e29bd40bace3fd935e1d6fdb7313ffc14628cc037c5e16f4c7369b20a2a6f7f0?s=96&d=mm&r=g","contentUrl":"https:\/\/secure.gravatar.com\/avatar\/e29bd40bace3fd935e1d6fdb7313ffc14628cc037c5e16f4c7369b20a2a6f7f0?s=96&d=mm&r=g","caption":"veronicapastor"}}]}},"_links":{"self":[{"href":"https:\/\/valenciasjb.salesianos.edu\/colegio\/wp-json\/wp\/v2\/posts\/4849","targetHints":{"allow":["GET"]}}],"collection":[{"href":"https:\/\/valenciasjb.salesianos.edu\/colegio\/wp-json\/wp\/v2\/posts"}],"about":[{"href":"https:\/\/valenciasjb.salesianos.edu\/colegio\/wp-json\/wp\/v2\/types\/post"}],"author":[{"embeddable":true,"href":"https:\/\/valenciasjb.salesianos.edu\/colegio\/wp-json\/wp\/v2\/users\/6"}],"replies":[{"embeddable":true,"href":"https:\/\/valenciasjb.salesianos.edu\/colegio\/wp-json\/wp\/v2\/comments?post=4849"}],"version-history":[{"count":1,"href":"https:\/\/valenciasjb.salesianos.edu\/colegio\/wp-json\/wp\/v2\/posts\/4849\/revisions"}],"predecessor-version":[{"id":4859,"href":"https:\/\/valenciasjb.salesianos.edu\/colegio\/wp-json\/wp\/v2\/posts\/4849\/revisions\/4859"}],"wp:featuredmedia":[{"embeddable":true,"href":"https:\/\/valenciasjb.salesianos.edu\/colegio\/wp-json\/wp\/v2\/media\/4858"}],"wp:attachment":[{"href":"https:\/\/valenciasjb.salesianos.edu\/colegio\/wp-json\/wp\/v2\/media?parent=4849"}],"wp:term":[{"taxonomy":"category","embeddable":true,"href":"https:\/\/valenciasjb.salesianos.edu\/colegio\/wp-json\/wp\/v2\/categories?post=4849"},{"taxonomy":"post_tag","embeddable":true,"href":"https:\/\/valenciasjb.salesianos.edu\/colegio\/wp-json\/wp\/v2\/tags?post=4849"}],"curies":[{"name":"wp","href":"https:\/\/api.w.org\/{rel}","templated":true}]}}