{"id":5778,"date":"2017-11-02T13:47:08","date_gmt":"2017-11-02T12:47:08","guid":{"rendered":"https:\/\/valenciasjb.salesianos.edu\/colegio\/?p=5778"},"modified":"2017-11-02T13:56:00","modified_gmt":"2017-11-02T12:56:00","slug":"hay-un-sitio-para-ti-ven-y-veras","status":"publish","type":"post","link":"https:\/\/valenciasjb.salesianos.edu\/colegio\/hay-un-sitio-para-ti-ven-y-veras\/","title":{"rendered":"Hay un sitio para ti, \u2026 ven y ver\u00e1s"},"content":{"rendered":"<div id=\"fb-root\"><\/div>\n<p>[et_pb_section fb_built=\u00bb1&#8243; admin_label=\u00bbsection\u00bb _builder_version=\u00bb3.0.47&#8243;][et_pb_row _builder_version=\u00bb3.0.47&#8243; background_size=\u00bbinitial\u00bb background_position=\u00bbtop_left\u00bb background_repeat=\u00bbrepeat\u00bb custom_padding=\u00bb27px|0px|0px|0px\u00bb][et_pb_column type=\u00bb3_4&#8243; _builder_version=\u00bb3.0.47&#8243; parallax=\u00bboff\u00bb parallax_method=\u00bbon\u00bb][et_pb_text admin_label=\u00bbEntradilla (Texto)\u00bb _builder_version=\u00bb3.0.85&#8243; text_font=\u00bb|on|||\u00bb text_orientation=\u00bbjustified\u00bb module_alignment=\u00bbjustified\u00bb]<\/p>\n<div id=\"resumen\"><strong>La semana del 23 al 27 de octubre en el colegio se celebr\u00f3 la Semana de Orientaci\u00f3n Vocacional<\/strong><\/div>\n<div>La pasada semana fue la semana dedicada a la Orientaci\u00f3n Vocacional. El valor de ser feliz en tu camino de vida, el autoconocimiento, autoestima, conciencia social, toma de decisiones, son las dimensiones que se pretenden abordar en esta semana que a\u00f1o tras a\u00f1o cobra m\u00e1s identidad.<\/div>\n<p>[\/et_pb_text][et_pb_text admin_label=\u00bbAutor (Texto)\u00bb _builder_version=\u00bb3.0.85&#8243; text_font=\u00bb||on||\u00bb]Sonia Pe\u00f1alba, Jefa del departamento de orientaci\u00f3n y profesora de educaci\u00f3n infantil<br \/>\n[\/et_pb_text][\/et_pb_column][et_pb_column type=\u00bb1_4&#8243; _builder_version=\u00bb3.0.47&#8243; parallax=\u00bboff\u00bb parallax_method=\u00bbon\u00bb][et_pb_gallery gallery_ids=\u00bb5780,5787,5788,5789,5790,5791,5792,5793,5794&#8243; posts_number=\u00bb1&#8243; show_title_and_caption=\u00bboff\u00bb show_pagination=\u00bboff\u00bb _builder_version=\u00bb3.0.85&#8243; pagination_font_size_tablet=\u00bb51&#8243; pagination_line_height_tablet=\u00bb2&#8243;][\/et_pb_gallery][\/et_pb_column][\/et_pb_row][et_pb_row admin_label=\u00bbrow\u00bb _builder_version=\u00bb3.0.47&#8243; background_size=\u00bbinitial\u00bb background_position=\u00bbtop_left\u00bb background_repeat=\u00bbrepeat\u00bb custom_padding=\u00bb0px|0px|27px|0px\u00bb][et_pb_column type=\u00bb4_4&#8243; _builder_version=\u00bb3.0.47&#8243; parallax=\u00bboff\u00bb parallax_method=\u00bbon\u00bb][et_pb_text admin_label=\u00bbDesarrollo (Texto)\u00bb _builder_version=\u00bb3.0.85&#8243; text_orientation=\u00bbjustified\u00bb module_alignment=\u00bbjustified\u00bb]<\/p>\n<p><span style=\"font-family: Times New Roman,serif;\"><span style=\"font-family: Verdana,serif;\">Entendemos la orientaci\u00f3n vocacional como el proceso continuo en el que cada persona va descubriendo <\/span><span style=\"font-family: Verdana,serif;\">su propio yo, sus potencialidades y debilidades, lo que le gusta y lo que no le gusta para que poco a poco vaya descubriendo su propio proyecto de vida, su camino.<\/span><\/span><\/p>\n<p><span style=\"font-family: Times New Roman,serif;\"><span style=\"font-family: Verdana,serif;\">Por ello, se realizan actividades que se adaptan en cada etapa a dicho proceso de descubrimiento. Infantil y 1\u00ba, 2\u00ba y 3\u00ba de Primaria disfrutaron de una animaci\u00f3n lectora por parte de profesoras y orientadoras de las dos etapas, en la que conocieron la historia de \u201cLas herramientas<\/span><span style=\"font-family: Verdana,serif;\"> en la que se ha transmitido la importancia que tiene los valores que cada uno posee y que si las ponemos al servicio de los dem\u00e1s el resultado es m\u00e1s gratificante para todos. <\/span><span style=\"color: #000000;\"><span style=\"font-family: Verdana,serif;\">Fue una experiencia divertida y creativa.<\/span><\/span><\/span><\/p>\n<p><span style=\"font-family: Verdana,serif;\">Los cursos de 4\u00ba a 6\u00ba de primaria han hecho una actividad en la que se ten\u00eda que realizar de forma cooperativa un estandarte como s\u00edmbolo de identidad. Los chicos y chicas en grupos de 4 personas comentaban que cualidades ve\u00edan en los compa\u00f1eros del grupo. Cada equipo a trav\u00e9s del consenso deb\u00eda elegir una sola cualidad de cada uno de los miembros del grupo. Posteriormente se <\/span><span style=\"font-family: Verdana,serif;\">pon\u00eda<\/span><span style=\"font-family: Verdana,serif;\"> la cualidad elegida con una palabra y lo decoraban. Estos estandartes se expon\u00edan en el pasillo de cada nivel.<\/span><\/p>\n<p><span style=\"font-family: Verdana,serif;\">En todos los cursos de la ESO y Bachiller se han realizado diversas actividades. Se inici\u00f3 la semana con la visita del cantautor Gustavo Almeida que hizo reflexionar al alumnado sobre la vocaci\u00f3n. Se recibi\u00f3 a un grupo de padres que <\/span><span style=\"font-family: Verdana,serif;\">contaron<\/span><span style=\"font-family: Verdana,serif;\"> su experiencia personal en relaci\u00f3n a su profesi\u00f3n. Vinieron profesionales de diferentes campos que <\/span><span style=\"font-family: Verdana,serif;\">relataron<\/span><span style=\"font-family: Verdana,serif;\"> los valores, actitudes y aptitudes que se valoran en el mundo laboral. Tambi\u00e9n <\/span><span style=\"font-family: Verdana,serif;\">tuvieron <\/span><span style=\"font-family: Verdana,serif;\">la informaci\u00f3n de diferentes Universidades sobre las diversas salidas que tienen y cerr\u00f3 la semana con la actividad de la Mesas redondas en las que antiguos alumnos vienen a contar su experiencia en las PAU y dan informaci\u00f3n sobre las carreras que est\u00e1n realizando.<\/span><\/p>\n<p>Toda una semana de reflexi\u00f3n y descubrimiento que refuerza a nuestro alumnado y capacita en sus primeros pasos en la elecci\u00f3n m\u00e1s plena de lo que quieren SER y, sobre todo, c\u00f3mo quieren SER.<\/p>\n<p>[\/et_pb_text][et_pb_text disabled_on=\u00bboff|on|on\u00bb admin_label=\u00bbT\u00edtulo: Galer\u00eda de fotos (Texto)\u00bb _builder_version=\u00bb3.0.76&#8243; text_font=\u00bb|on|||\u00bb text_text_color=\u00bb#dc001b\u00bb]Galer\u00eda de im\u00e1genes<br \/>\n[\/et_pb_text][et_pb_gallery gallery_ids=\u00bb5781,5787,5788,5789,5790,5791,5792,5793,5794&#8243; posts_number=\u00bb8&#8243; show_title_and_caption=\u00bboff\u00bb hover_icon=\u00bb%%51%%\u00bb disabled_on=\u00bboff|off|off\u00bb _builder_version=\u00bb3.0.85&#8243; pagination_font_size_tablet=\u00bb51&#8243; pagination_line_height_tablet=\u00bb2&#8243;][\/et_pb_gallery][et_pb_video disabled_on=\u00bbon|on|on\u00bb _builder_version=\u00bb3.0.51&#8243; disabled=\u00bbon\u00bb][\/et_pb_video][\/et_pb_column][\/et_pb_row][\/et_pb_section]<\/p>\n<!-- AddThis Advanced Settings generic via filter on the_content --><!-- AddThis Share Buttons generic via filter on the_content -->","protected":false},"excerpt":{"rendered":"<p>La semana del 23 al 27 de octubre en el colegio se celebr\u00f3 la Semana de Orientaci\u00f3n Vocacional La pasada semana fue la semana dedicada a la Orientaci\u00f3n Vocacional. El valor de ser feliz en tu camino de vida, el autoconocimiento, autoestima, conciencia social, toma de decisiones, son las dimensiones que se pretenden abordar en [&hellip;]<\/p>\n<p><!-- AddThis Advanced Settings generic via filter on get_the_excerpt --><!-- AddThis Share Buttons generic via filter on get_the_excerpt --><\/p>\n","protected":false},"author":2,"featured_media":5793,"comment_status":"closed","ping_status":"open","sticky":false,"template":"","format":"standard","meta":{"_et_pb_use_builder":"on","_et_pb_old_content":"","_et_gb_content_width":"","footnotes":""},"categories":[14],"tags":[],"class_list":["post-5778","post","type-post","status-publish","format-standard","has-post-thumbnail","hentry","category-noticia_colegio"],"yoast_head":"<!-- This site is optimized with the Yoast SEO plugin v28.4 - https:\/\/yoast.com\/product\/yoast-seo-wordpress\/ -->\n<title>Hay un sitio para ti, \u2026 ven y ver\u00e1s - Colegio San Juan Bosco Valencia<\/title>\n<meta name=\"robots\" content=\"index, follow, max-snippet:-1, max-image-preview:large, max-video-preview:-1\" \/>\n<link rel=\"canonical\" href=\"https:\/\/valenciasjb.salesianos.edu\/colegio\/hay-un-sitio-para-ti-ven-y-veras\/\" \/>\n<meta property=\"og:locale\" content=\"es_ES\" \/>\n<meta property=\"og:type\" content=\"article\" \/>\n<meta property=\"og:title\" content=\"Hay un sitio para ti, \u2026 ven y ver\u00e1s - Colegio San Juan Bosco Valencia\" \/>\n<meta property=\"og:description\" content=\"La semana del 23 al 27 de octubre en el colegio se celebr\u00f3 la Semana de Orientaci\u00f3n Vocacional La pasada semana fue la semana dedicada a la Orientaci\u00f3n Vocacional. El valor de ser feliz en tu camino de vida, el autoconocimiento, autoestima, conciencia social, toma de decisiones, son las dimensiones que se pretenden abordar en [&hellip;]\" \/>\n<meta property=\"og:url\" content=\"https:\/\/valenciasjb.salesianos.edu\/colegio\/hay-un-sitio-para-ti-ven-y-veras\/\" \/>\n<meta property=\"og:site_name\" content=\"Colegio San Juan Bosco Valencia\" \/>\n<meta property=\"article:publisher\" content=\"https:\/\/www.facebook.com\/ColegioSalesianoSanJuanBoscoValencia\" \/>\n<meta property=\"article:published_time\" content=\"2017-11-02T12:47:08+00:00\" \/>\n<meta property=\"article:modified_time\" content=\"2017-11-02T12:56:00+00:00\" \/>\n<meta property=\"og:image\" content=\"https:\/\/valenciasjb.salesianos.edu\/colegio\/wp-content\/uploads\/sites\/2\/2017\/11\/sov-07-1024x576.jpg\" \/>\n\t<meta property=\"og:image:width\" content=\"1024\" \/>\n\t<meta property=\"og:image:height\" content=\"576\" \/>\n\t<meta property=\"og:image:type\" content=\"image\/jpeg\" \/>\n<meta name=\"author\" content=\"Administrador Web\" \/>\n<meta name=\"twitter:card\" content=\"summary_large_image\" \/>\n<meta name=\"twitter:creator\" content=\"@SalesianosVSJB\" \/>\n<meta name=\"twitter:site\" content=\"@SalesianosVSJB\" \/>\n<meta name=\"twitter:label1\" content=\"Escrito por\" \/>\n\t<meta name=\"twitter:data1\" content=\"Administrador Web\" \/>\n\t<meta name=\"twitter:label2\" content=\"Tiempo de lectura\" \/>\n\t<meta name=\"twitter:data2\" content=\"4 minutos\" \/>\n<script type=\"application\/ld+json\" class=\"yoast-schema-graph\">{\"@context\":\"https:\\\/\\\/schema.org\",\"@graph\":[{\"@type\":\"Article\",\"@id\":\"https:\\\/\\\/valenciasjb.salesianos.edu\\\/colegio\\\/hay-un-sitio-para-ti-ven-y-veras\\\/#article\",\"isPartOf\":{\"@id\":\"https:\\\/\\\/valenciasjb.salesianos.edu\\\/colegio\\\/hay-un-sitio-para-ti-ven-y-veras\\\/\"},\"author\":{\"name\":\"Administrador Web\",\"@id\":\"https:\\\/\\\/valenciasjb.salesianos.edu\\\/colegio\\\/#\\\/schema\\\/person\\\/ae0ac91eb19a6a2a01c95e29d541a575\"},\"headline\":\"Hay un sitio para ti, \u2026 ven y ver\u00e1s\",\"datePublished\":\"2017-11-02T12:47:08+00:00\",\"dateModified\":\"2017-11-02T12:56:00+00:00\",\"mainEntityOfPage\":{\"@id\":\"https:\\\/\\\/valenciasjb.salesianos.edu\\\/colegio\\\/hay-un-sitio-para-ti-ven-y-veras\\\/\"},\"wordCount\":747,\"image\":{\"@id\":\"https:\\\/\\\/valenciasjb.salesianos.edu\\\/colegio\\\/hay-un-sitio-para-ti-ven-y-veras\\\/#primaryimage\"},\"thumbnailUrl\":\"https:\\\/\\\/valenciasjb.salesianos.edu\\\/colegio\\\/wp-content\\\/uploads\\\/sites\\\/2\\\/2017\\\/11\\\/sov-07.jpg\",\"articleSection\":[\"Noticia Colegio\"],\"inLanguage\":\"es\"},{\"@type\":\"WebPage\",\"@id\":\"https:\\\/\\\/valenciasjb.salesianos.edu\\\/colegio\\\/hay-un-sitio-para-ti-ven-y-veras\\\/\",\"url\":\"https:\\\/\\\/valenciasjb.salesianos.edu\\\/colegio\\\/hay-un-sitio-para-ti-ven-y-veras\\\/\",\"name\":\"Hay un sitio para ti, \u2026 ven y ver\u00e1s - Colegio San Juan Bosco Valencia\",\"isPartOf\":{\"@id\":\"https:\\\/\\\/valenciasjb.salesianos.edu\\\/colegio\\\/#website\"},\"primaryImageOfPage\":{\"@id\":\"https:\\\/\\\/valenciasjb.salesianos.edu\\\/colegio\\\/hay-un-sitio-para-ti-ven-y-veras\\\/#primaryimage\"},\"image\":{\"@id\":\"https:\\\/\\\/valenciasjb.salesianos.edu\\\/colegio\\\/hay-un-sitio-para-ti-ven-y-veras\\\/#primaryimage\"},\"thumbnailUrl\":\"https:\\\/\\\/valenciasjb.salesianos.edu\\\/colegio\\\/wp-content\\\/uploads\\\/sites\\\/2\\\/2017\\\/11\\\/sov-07.jpg\",\"datePublished\":\"2017-11-02T12:47:08+00:00\",\"dateModified\":\"2017-11-02T12:56:00+00:00\",\"author\":{\"@id\":\"https:\\\/\\\/valenciasjb.salesianos.edu\\\/colegio\\\/#\\\/schema\\\/person\\\/ae0ac91eb19a6a2a01c95e29d541a575\"},\"breadcrumb\":{\"@id\":\"https:\\\/\\\/valenciasjb.salesianos.edu\\\/colegio\\\/hay-un-sitio-para-ti-ven-y-veras\\\/#breadcrumb\"},\"inLanguage\":\"es\",\"potentialAction\":[{\"@type\":\"ReadAction\",\"target\":[\"https:\\\/\\\/valenciasjb.salesianos.edu\\\/colegio\\\/hay-un-sitio-para-ti-ven-y-veras\\\/\"]}]},{\"@type\":\"ImageObject\",\"inLanguage\":\"es\",\"@id\":\"https:\\\/\\\/valenciasjb.salesianos.edu\\\/colegio\\\/hay-un-sitio-para-ti-ven-y-veras\\\/#primaryimage\",\"url\":\"https:\\\/\\\/valenciasjb.salesianos.edu\\\/colegio\\\/wp-content\\\/uploads\\\/sites\\\/2\\\/2017\\\/11\\\/sov-07.jpg\",\"contentUrl\":\"https:\\\/\\\/valenciasjb.salesianos.edu\\\/colegio\\\/wp-content\\\/uploads\\\/sites\\\/2\\\/2017\\\/11\\\/sov-07.jpg\",\"width\":3840,\"height\":2160},{\"@type\":\"BreadcrumbList\",\"@id\":\"https:\\\/\\\/valenciasjb.salesianos.edu\\\/colegio\\\/hay-un-sitio-para-ti-ven-y-veras\\\/#breadcrumb\",\"itemListElement\":[{\"@type\":\"ListItem\",\"position\":1,\"name\":\"Portada\",\"item\":\"https:\\\/\\\/valenciasjb.salesianos.edu\\\/colegio\\\/\"},{\"@type\":\"ListItem\",\"position\":2,\"name\":\"Hay un sitio para ti, \u2026 ven y ver\u00e1s\"}]},{\"@type\":\"WebSite\",\"@id\":\"https:\\\/\\\/valenciasjb.salesianos.edu\\\/colegio\\\/#website\",\"url\":\"https:\\\/\\\/valenciasjb.salesianos.edu\\\/colegio\\\/\",\"name\":\"Colegio San Juan Bosco Valencia\",\"description\":\"P\u00e1gina oficial del Colegio Salesianos San Juan Bosco Valencia\",\"alternateName\":\"Salesianos.VSJB\",\"potentialAction\":[{\"@type\":\"SearchAction\",\"target\":{\"@type\":\"EntryPoint\",\"urlTemplate\":\"https:\\\/\\\/valenciasjb.salesianos.edu\\\/colegio\\\/?s={search_term_string}\"},\"query-input\":{\"@type\":\"PropertyValueSpecification\",\"valueRequired\":true,\"valueName\":\"search_term_string\"}}],\"inLanguage\":\"es\"},{\"@type\":\"Person\",\"@id\":\"https:\\\/\\\/valenciasjb.salesianos.edu\\\/colegio\\\/#\\\/schema\\\/person\\\/ae0ac91eb19a6a2a01c95e29d541a575\",\"name\":\"Administrador Web\",\"image\":{\"@type\":\"ImageObject\",\"inLanguage\":\"es\",\"@id\":\"https:\\\/\\\/secure.gravatar.com\\\/avatar\\\/48a73c544c48a92e9f82115ddc8f6abf90891f033d83384ebe4aafd70f983ec8?s=96&d=mm&r=g\",\"url\":\"https:\\\/\\\/secure.gravatar.com\\\/avatar\\\/48a73c544c48a92e9f82115ddc8f6abf90891f033d83384ebe4aafd70f983ec8?s=96&d=mm&r=g\",\"contentUrl\":\"https:\\\/\\\/secure.gravatar.com\\\/avatar\\\/48a73c544c48a92e9f82115ddc8f6abf90891f033d83384ebe4aafd70f983ec8?s=96&d=mm&r=g\",\"caption\":\"Administrador Web\"}}]}<\/script>\n<!-- \/ Yoast SEO plugin. -->","yoast_head_json":{"title":"Hay un sitio para ti, \u2026 ven y ver\u00e1s - Colegio San Juan Bosco Valencia","robots":{"index":"index","follow":"follow","max-snippet":"max-snippet:-1","max-image-preview":"max-image-preview:large","max-video-preview":"max-video-preview:-1"},"canonical":"https:\/\/valenciasjb.salesianos.edu\/colegio\/hay-un-sitio-para-ti-ven-y-veras\/","og_locale":"es_ES","og_type":"article","og_title":"Hay un sitio para ti, \u2026 ven y ver\u00e1s - Colegio San Juan Bosco Valencia","og_description":"La semana del 23 al 27 de octubre en el colegio se celebr\u00f3 la Semana de Orientaci\u00f3n Vocacional La pasada semana fue la semana dedicada a la Orientaci\u00f3n Vocacional. El valor de ser feliz en tu camino de vida, el autoconocimiento, autoestima, conciencia social, toma de decisiones, son las dimensiones que se pretenden abordar en [&hellip;]","og_url":"https:\/\/valenciasjb.salesianos.edu\/colegio\/hay-un-sitio-para-ti-ven-y-veras\/","og_site_name":"Colegio San Juan Bosco Valencia","article_publisher":"https:\/\/www.facebook.com\/ColegioSalesianoSanJuanBoscoValencia","article_published_time":"2017-11-02T12:47:08+00:00","article_modified_time":"2017-11-02T12:56:00+00:00","og_image":[{"width":1024,"height":576,"url":"https:\/\/valenciasjb.salesianos.edu\/colegio\/wp-content\/uploads\/sites\/2\/2017\/11\/sov-07-1024x576.jpg","type":"image\/jpeg"}],"author":"Administrador Web","twitter_card":"summary_large_image","twitter_creator":"@SalesianosVSJB","twitter_site":"@SalesianosVSJB","twitter_misc":{"Escrito por":"Administrador Web","Tiempo de lectura":"4 minutos"},"schema":{"@context":"https:\/\/schema.org","@graph":[{"@type":"Article","@id":"https:\/\/valenciasjb.salesianos.edu\/colegio\/hay-un-sitio-para-ti-ven-y-veras\/#article","isPartOf":{"@id":"https:\/\/valenciasjb.salesianos.edu\/colegio\/hay-un-sitio-para-ti-ven-y-veras\/"},"author":{"name":"Administrador Web","@id":"https:\/\/valenciasjb.salesianos.edu\/colegio\/#\/schema\/person\/ae0ac91eb19a6a2a01c95e29d541a575"},"headline":"Hay un sitio para ti, \u2026 ven y ver\u00e1s","datePublished":"2017-11-02T12:47:08+00:00","dateModified":"2017-11-02T12:56:00+00:00","mainEntityOfPage":{"@id":"https:\/\/valenciasjb.salesianos.edu\/colegio\/hay-un-sitio-para-ti-ven-y-veras\/"},"wordCount":747,"image":{"@id":"https:\/\/valenciasjb.salesianos.edu\/colegio\/hay-un-sitio-para-ti-ven-y-veras\/#primaryimage"},"thumbnailUrl":"https:\/\/valenciasjb.salesianos.edu\/colegio\/wp-content\/uploads\/sites\/2\/2017\/11\/sov-07.jpg","articleSection":["Noticia Colegio"],"inLanguage":"es"},{"@type":"WebPage","@id":"https:\/\/valenciasjb.salesianos.edu\/colegio\/hay-un-sitio-para-ti-ven-y-veras\/","url":"https:\/\/valenciasjb.salesianos.edu\/colegio\/hay-un-sitio-para-ti-ven-y-veras\/","name":"Hay un sitio para ti, \u2026 ven y ver\u00e1s - Colegio San Juan Bosco Valencia","isPartOf":{"@id":"https:\/\/valenciasjb.salesianos.edu\/colegio\/#website"},"primaryImageOfPage":{"@id":"https:\/\/valenciasjb.salesianos.edu\/colegio\/hay-un-sitio-para-ti-ven-y-veras\/#primaryimage"},"image":{"@id":"https:\/\/valenciasjb.salesianos.edu\/colegio\/hay-un-sitio-para-ti-ven-y-veras\/#primaryimage"},"thumbnailUrl":"https:\/\/valenciasjb.salesianos.edu\/colegio\/wp-content\/uploads\/sites\/2\/2017\/11\/sov-07.jpg","datePublished":"2017-11-02T12:47:08+00:00","dateModified":"2017-11-02T12:56:00+00:00","author":{"@id":"https:\/\/valenciasjb.salesianos.edu\/colegio\/#\/schema\/person\/ae0ac91eb19a6a2a01c95e29d541a575"},"breadcrumb":{"@id":"https:\/\/valenciasjb.salesianos.edu\/colegio\/hay-un-sitio-para-ti-ven-y-veras\/#breadcrumb"},"inLanguage":"es","potentialAction":[{"@type":"ReadAction","target":["https:\/\/valenciasjb.salesianos.edu\/colegio\/hay-un-sitio-para-ti-ven-y-veras\/"]}]},{"@type":"ImageObject","inLanguage":"es","@id":"https:\/\/valenciasjb.salesianos.edu\/colegio\/hay-un-sitio-para-ti-ven-y-veras\/#primaryimage","url":"https:\/\/valenciasjb.salesianos.edu\/colegio\/wp-content\/uploads\/sites\/2\/2017\/11\/sov-07.jpg","contentUrl":"https:\/\/valenciasjb.salesianos.edu\/colegio\/wp-content\/uploads\/sites\/2\/2017\/11\/sov-07.jpg","width":3840,"height":2160},{"@type":"BreadcrumbList","@id":"https:\/\/valenciasjb.salesianos.edu\/colegio\/hay-un-sitio-para-ti-ven-y-veras\/#breadcrumb","itemListElement":[{"@type":"ListItem","position":1,"name":"Portada","item":"https:\/\/valenciasjb.salesianos.edu\/colegio\/"},{"@type":"ListItem","position":2,"name":"Hay un sitio para ti, \u2026 ven y ver\u00e1s"}]},{"@type":"WebSite","@id":"https:\/\/valenciasjb.salesianos.edu\/colegio\/#website","url":"https:\/\/valenciasjb.salesianos.edu\/colegio\/","name":"Colegio San Juan Bosco Valencia","description":"P\u00e1gina oficial del Colegio Salesianos San Juan Bosco Valencia","alternateName":"Salesianos.VSJB","potentialAction":[{"@type":"SearchAction","target":{"@type":"EntryPoint","urlTemplate":"https:\/\/valenciasjb.salesianos.edu\/colegio\/?s={search_term_string}"},"query-input":{"@type":"PropertyValueSpecification","valueRequired":true,"valueName":"search_term_string"}}],"inLanguage":"es"},{"@type":"Person","@id":"https:\/\/valenciasjb.salesianos.edu\/colegio\/#\/schema\/person\/ae0ac91eb19a6a2a01c95e29d541a575","name":"Administrador Web","image":{"@type":"ImageObject","inLanguage":"es","@id":"https:\/\/secure.gravatar.com\/avatar\/48a73c544c48a92e9f82115ddc8f6abf90891f033d83384ebe4aafd70f983ec8?s=96&d=mm&r=g","url":"https:\/\/secure.gravatar.com\/avatar\/48a73c544c48a92e9f82115ddc8f6abf90891f033d83384ebe4aafd70f983ec8?s=96&d=mm&r=g","contentUrl":"https:\/\/secure.gravatar.com\/avatar\/48a73c544c48a92e9f82115ddc8f6abf90891f033d83384ebe4aafd70f983ec8?s=96&d=mm&r=g","caption":"Administrador Web"}}]}},"_links":{"self":[{"href":"https:\/\/valenciasjb.salesianos.edu\/colegio\/wp-json\/wp\/v2\/posts\/5778","targetHints":{"allow":["GET"]}}],"collection":[{"href":"https:\/\/valenciasjb.salesianos.edu\/colegio\/wp-json\/wp\/v2\/posts"}],"about":[{"href":"https:\/\/valenciasjb.salesianos.edu\/colegio\/wp-json\/wp\/v2\/types\/post"}],"author":[{"embeddable":true,"href":"https:\/\/valenciasjb.salesianos.edu\/colegio\/wp-json\/wp\/v2\/users\/2"}],"replies":[{"embeddable":true,"href":"https:\/\/valenciasjb.salesianos.edu\/colegio\/wp-json\/wp\/v2\/comments?post=5778"}],"version-history":[{"count":7,"href":"https:\/\/valenciasjb.salesianos.edu\/colegio\/wp-json\/wp\/v2\/posts\/5778\/revisions"}],"predecessor-version":[{"id":5800,"href":"https:\/\/valenciasjb.salesianos.edu\/colegio\/wp-json\/wp\/v2\/posts\/5778\/revisions\/5800"}],"wp:featuredmedia":[{"embeddable":true,"href":"https:\/\/valenciasjb.salesianos.edu\/colegio\/wp-json\/wp\/v2\/media\/5793"}],"wp:attachment":[{"href":"https:\/\/valenciasjb.salesianos.edu\/colegio\/wp-json\/wp\/v2\/media?parent=5778"}],"wp:term":[{"taxonomy":"category","embeddable":true,"href":"https:\/\/valenciasjb.salesianos.edu\/colegio\/wp-json\/wp\/v2\/categories?post=5778"},{"taxonomy":"post_tag","embeddable":true,"href":"https:\/\/valenciasjb.salesianos.edu\/colegio\/wp-json\/wp\/v2\/tags?post=5778"}],"curies":[{"name":"wp","href":"https:\/\/api.w.org\/{rel}","templated":true}]}}