{"id":5878,"date":"2017-11-06T21:02:16","date_gmt":"2017-11-06T20:02:16","guid":{"rendered":"https:\/\/valenciasjb.salesianos.edu\/colegio\/?p=5878"},"modified":"2017-12-21T09:34:57","modified_gmt":"2017-12-21T08:34:57","slug":"salesianos-valencia-consigue-la-renovacion-del-sello-500-segun-el-modelo-efqm-de-calidad","status":"publish","type":"post","link":"https:\/\/valenciasjb.salesianos.edu\/colegio\/salesianos-valencia-consigue-la-renovacion-del-sello-500-segun-el-modelo-efqm-de-calidad\/","title":{"rendered":"Salesianos Valencia consigue la renovaci\u00f3n del sello 500+ seg\u00fan el modelo EFQM de Calidad"},"content":{"rendered":"<div id=\"fb-root\"><\/div>\n<p>[et_pb_section bb_built=\u00bb1&#8243; admin_label=\u00bbsection\u00bb][et_pb_row admin_label=\u00bbrow\u00bb background_position=\u00bbtop_left\u00bb background_repeat=\u00bbrepeat\u00bb background_size=\u00bbinitial\u00bb][et_pb_column type=\u00bb4_4&#8243;][et_pb_text admin_label=\u00bbEntradilla (Texto)\u00bb _builder_version=\u00bb3.0.85&#8243; background_layout=\u00bblight\u00bb text_orientation=\u00bbjustified\u00bb text_font=\u00bb|on|||\u00bb module_alignment=\u00bbjustified\u00bb]<\/p>\n<div>\n<p><img loading=\"lazy\" decoding=\"async\" class=\"aligncenter wp-image-5879\" src=\"https:\/\/valenciasjb.salesianos.edu\/colegio\/wp-content\/uploads\/sites\/2\/2017\/11\/Calidad-efqm-300x225.jpg\" alt=\"\" width=\"503\" height=\"377\" srcset=\"https:\/\/valenciasjb.salesianos.edu\/colegio\/wp-content\/uploads\/sites\/2\/2017\/11\/Calidad-efqm-300x225.jpg 300w, https:\/\/valenciasjb.salesianos.edu\/colegio\/wp-content\/uploads\/sites\/2\/2017\/11\/Calidad-efqm-768x576.jpg 768w, https:\/\/valenciasjb.salesianos.edu\/colegio\/wp-content\/uploads\/sites\/2\/2017\/11\/Calidad-efqm-1024x768.jpg 1024w, https:\/\/valenciasjb.salesianos.edu\/colegio\/wp-content\/uploads\/sites\/2\/2017\/11\/Calidad-efqm-510x382.jpg 510w, https:\/\/valenciasjb.salesianos.edu\/colegio\/wp-content\/uploads\/sites\/2\/2017\/11\/Calidad-efqm-1080x810.jpg 1080w\" sizes=\"(max-width: 503px) 100vw, 503px\" \/><\/p>\n<p><strong>Salesianos Valencia consigue la renovaci\u00f3n del sello 500+ seg\u00fan el modelo EFQM de Calidad<\/strong><\/p>\n<\/div>\n<p>[\/et_pb_text][et_pb_text admin_label=\u00bbAutor (Texto)\u00bb _builder_version=\u00bb3.0.85&#8243; background_layout=\u00bblight\u00bb text_font=\u00bb||on||\u00bb]<\/p>\n<p>Redacci\u00f3n<\/p>\n<p>[\/et_pb_text][et_pb_text admin_label=\u00bbDesarrollo (Texto)\u00bb _builder_version=\u00bb3.0.85&#8243; background_layout=\u00bblight\u00bb text_orientation=\u00bbjustified\u00bb module_alignment=\u00bbjustified\u00bb]<\/p>\n<p>Los colegios Salesianos San Juan Bosco y Salesianos San Antonio Abad de Valencia han conseguido la renovaci\u00f3n de su sello de calidad 500+ seg\u00fan el modelo EFQM, obteniendo la certificaci\u00f3n del Instituto Docente para la Excelencia e Innovaci\u00f3n (IDEI).<\/p>\n<p>Se suma a la alegr\u00eda de ver reconocido el trabajo en pro de la mejora continua de ambos centros, el hecho de haber certificado de forma conjunta. Esta circunstancia es una novedad en nuestra zona y hace que el nivel de sinton\u00eda y trabajo coordinado d\u00e9 tambi\u00e9n fruto.<\/p>\n<p>El trabajo en red y la optimizaci\u00f3n de recursos es la idea que subyace tras esta modalidad de certificaci\u00f3n.<\/p>\n<p>El pr\u00f3ximo 21 de noviembre, en Madrid, tendr\u00e1 lugar el acto de recogida de los certificados y, previo a este, se recibir\u00e1 el informe de la evaluaci\u00f3n realizada. Hoy nos pueden adelantar que la puntuaci\u00f3n de la \u00faltima evaluaci\u00f3n se ha superado y que son muchas las mejoras implementadas.<\/p>\n<p>Tras la auditor\u00eda se destaca la ilusi\u00f3n \u00a0porque, a pesar de que los logros ya alcanzados, son muchas las \u00e1reas en las que poder seguir creciendo y mejorando. Tal es el compromiso que se tiene desde ambos colegios con las familias de los j\u00f3venes que dejan en sus manos.<\/p>\n<p>[\/et_pb_text][et_pb_text admin_label=\u00bbT\u00edtulo: Galer\u00eda de fotos (Texto)\u00bb _builder_version=\u00bb3.0.76&#8243; background_layout=\u00bblight\u00bb text_font=\u00bb|on|||\u00bb text_text_color=\u00bb#dc001b\u00bb border_style=\u00bbsolid\u00bb disabled=\u00bboff\u00bb disabled_on=\u00bboff|on|on\u00bb]<\/p>\n<p>Galer\u00eda de im\u00e1genes<\/p>\n<p>[\/et_pb_text][et_pb_gallery _builder_version=\u00bb3.0.85&#8243; posts_number=\u00bb8&#8243; show_title_and_caption=\u00bboff\u00bb show_pagination=\u00bbon\u00bb fullwidth=\u00bboff\u00bb orientation=\u00bblandscape\u00bb zoom_icon_color=\u00bb#dc001b\u00bb hover_overlay_color=\u00bbrgba(255,255,255,0.9)\u00bb hover_icon=\u00bb%%51%%\u00bb background_layout=\u00bblight\u00bb disabled=\u00bboff\u00bb disabled_on=\u00bboff|off|off\u00bb gallery_ids=\u00bb5879&#8243; pagination_font_size_tablet=\u00bb51&#8243; pagination_line_height_tablet=\u00bb2&#8243; \/][et_pb_video _builder_version=\u00bb3.0.51&#8243; disabled=\u00bbon\u00bb disabled_on=\u00bbon|on|on\u00bb \/][\/et_pb_column][\/et_pb_row][\/et_pb_section]<\/p>\n<!-- AddThis Advanced Settings generic via filter on the_content --><!-- AddThis Share Buttons generic via filter on the_content -->","protected":false},"excerpt":{"rendered":"<p>Salesianos Valencia consigue la renovaci\u00f3n del sello 500+ seg\u00fan el modelo EFQM de Calidad Redacci\u00f3n Los colegios Salesianos San Juan Bosco y Salesianos San Antonio Abad de Valencia han conseguido la renovaci\u00f3n de su sello de calidad 500+ seg\u00fan el modelo EFQM, obteniendo la certificaci\u00f3n del Instituto Docente para la Excelencia e Innovaci\u00f3n (IDEI). Se [&hellip;]<\/p>\n<p><!-- AddThis Advanced Settings generic via filter on get_the_excerpt --><!-- AddThis Share Buttons generic via filter on get_the_excerpt --><\/p>\n","protected":false},"author":2,"featured_media":5879,"comment_status":"closed","ping_status":"open","sticky":false,"template":"","format":"standard","meta":{"_et_pb_use_builder":"on","_et_pb_old_content":"","_et_gb_content_width":"","footnotes":""},"categories":[14],"tags":[],"class_list":["post-5878","post","type-post","status-publish","format-standard","has-post-thumbnail","hentry","category-noticia_colegio"],"yoast_head":"<!-- This site is optimized with the Yoast SEO plugin v28.4 - https:\/\/yoast.com\/product\/yoast-seo-wordpress\/ -->\n<title>Salesianos Valencia consigue la renovaci\u00f3n del sello 500+ seg\u00fan el modelo EFQM de Calidad - Colegio San Juan Bosco Valencia<\/title>\n<meta name=\"robots\" content=\"index, follow, max-snippet:-1, max-image-preview:large, max-video-preview:-1\" \/>\n<link rel=\"canonical\" href=\"https:\/\/valenciasjb.salesianos.edu\/colegio\/salesianos-valencia-consigue-la-renovacion-del-sello-500-segun-el-modelo-efqm-de-calidad\/\" \/>\n<meta property=\"og:locale\" content=\"es_ES\" \/>\n<meta property=\"og:type\" content=\"article\" \/>\n<meta property=\"og:title\" content=\"Salesianos Valencia consigue la renovaci\u00f3n del sello 500+ seg\u00fan el modelo EFQM de Calidad - Colegio San Juan Bosco Valencia\" \/>\n<meta property=\"og:description\" content=\"Salesianos Valencia consigue la renovaci\u00f3n del sello 500+ seg\u00fan el modelo EFQM de Calidad Redacci\u00f3n Los colegios Salesianos San Juan Bosco y Salesianos San Antonio Abad de Valencia han conseguido la renovaci\u00f3n de su sello de calidad 500+ seg\u00fan el modelo EFQM, obteniendo la certificaci\u00f3n del Instituto Docente para la Excelencia e Innovaci\u00f3n (IDEI). Se [&hellip;]\" \/>\n<meta property=\"og:url\" content=\"https:\/\/valenciasjb.salesianos.edu\/colegio\/salesianos-valencia-consigue-la-renovacion-del-sello-500-segun-el-modelo-efqm-de-calidad\/\" \/>\n<meta property=\"og:site_name\" content=\"Colegio San Juan Bosco Valencia\" \/>\n<meta property=\"article:publisher\" content=\"https:\/\/www.facebook.com\/ColegioSalesianoSanJuanBoscoValencia\" \/>\n<meta property=\"article:published_time\" content=\"2017-11-06T20:02:16+00:00\" \/>\n<meta property=\"article:modified_time\" content=\"2017-12-21T08:34:57+00:00\" \/>\n<meta property=\"og:image\" content=\"https:\/\/valenciasjb.salesianos.edu\/colegio\/wp-content\/uploads\/sites\/2\/2017\/11\/Calidad-efqm.jpg\" \/>\n\t<meta property=\"og:image:width\" content=\"4032\" \/>\n\t<meta property=\"og:image:height\" content=\"3024\" \/>\n\t<meta property=\"og:image:type\" content=\"image\/jpeg\" \/>\n<meta name=\"author\" content=\"Administrador Web\" \/>\n<meta name=\"twitter:card\" content=\"summary_large_image\" \/>\n<meta name=\"twitter:creator\" content=\"@SalesianosVSJB\" \/>\n<meta name=\"twitter:site\" content=\"@SalesianosVSJB\" \/>\n<meta name=\"twitter:label1\" content=\"Escrito por\" \/>\n\t<meta name=\"twitter:data1\" content=\"Administrador Web\" \/>\n\t<meta name=\"twitter:label2\" content=\"Tiempo de lectura\" \/>\n\t<meta name=\"twitter:data2\" content=\"2 minutos\" \/>\n<script type=\"application\/ld+json\" class=\"yoast-schema-graph\">{\"@context\":\"https:\\\/\\\/schema.org\",\"@graph\":[{\"@type\":\"Article\",\"@id\":\"https:\\\/\\\/valenciasjb.salesianos.edu\\\/colegio\\\/salesianos-valencia-consigue-la-renovacion-del-sello-500-segun-el-modelo-efqm-de-calidad\\\/#article\",\"isPartOf\":{\"@id\":\"https:\\\/\\\/valenciasjb.salesianos.edu\\\/colegio\\\/salesianos-valencia-consigue-la-renovacion-del-sello-500-segun-el-modelo-efqm-de-calidad\\\/\"},\"author\":{\"name\":\"Administrador Web\",\"@id\":\"https:\\\/\\\/valenciasjb.salesianos.edu\\\/colegio\\\/#\\\/schema\\\/person\\\/ae0ac91eb19a6a2a01c95e29d541a575\"},\"headline\":\"Salesianos Valencia consigue la renovaci\u00f3n del sello 500+ seg\u00fan el modelo EFQM de Calidad\",\"datePublished\":\"2017-11-06T20:02:16+00:00\",\"dateModified\":\"2017-12-21T08:34:57+00:00\",\"mainEntityOfPage\":{\"@id\":\"https:\\\/\\\/valenciasjb.salesianos.edu\\\/colegio\\\/salesianos-valencia-consigue-la-renovacion-del-sello-500-segun-el-modelo-efqm-de-calidad\\\/\"},\"wordCount\":455,\"image\":{\"@id\":\"https:\\\/\\\/valenciasjb.salesianos.edu\\\/colegio\\\/salesianos-valencia-consigue-la-renovacion-del-sello-500-segun-el-modelo-efqm-de-calidad\\\/#primaryimage\"},\"thumbnailUrl\":\"https:\\\/\\\/valenciasjb.salesianos.edu\\\/colegio\\\/wp-content\\\/uploads\\\/sites\\\/2\\\/2017\\\/11\\\/Calidad-efqm.jpg\",\"articleSection\":[\"Noticia Colegio\"],\"inLanguage\":\"es\"},{\"@type\":\"WebPage\",\"@id\":\"https:\\\/\\\/valenciasjb.salesianos.edu\\\/colegio\\\/salesianos-valencia-consigue-la-renovacion-del-sello-500-segun-el-modelo-efqm-de-calidad\\\/\",\"url\":\"https:\\\/\\\/valenciasjb.salesianos.edu\\\/colegio\\\/salesianos-valencia-consigue-la-renovacion-del-sello-500-segun-el-modelo-efqm-de-calidad\\\/\",\"name\":\"Salesianos Valencia consigue la renovaci\u00f3n del sello 500+ seg\u00fan el modelo EFQM de Calidad - Colegio San Juan Bosco Valencia\",\"isPartOf\":{\"@id\":\"https:\\\/\\\/valenciasjb.salesianos.edu\\\/colegio\\\/#website\"},\"primaryImageOfPage\":{\"@id\":\"https:\\\/\\\/valenciasjb.salesianos.edu\\\/colegio\\\/salesianos-valencia-consigue-la-renovacion-del-sello-500-segun-el-modelo-efqm-de-calidad\\\/#primaryimage\"},\"image\":{\"@id\":\"https:\\\/\\\/valenciasjb.salesianos.edu\\\/colegio\\\/salesianos-valencia-consigue-la-renovacion-del-sello-500-segun-el-modelo-efqm-de-calidad\\\/#primaryimage\"},\"thumbnailUrl\":\"https:\\\/\\\/valenciasjb.salesianos.edu\\\/colegio\\\/wp-content\\\/uploads\\\/sites\\\/2\\\/2017\\\/11\\\/Calidad-efqm.jpg\",\"datePublished\":\"2017-11-06T20:02:16+00:00\",\"dateModified\":\"2017-12-21T08:34:57+00:00\",\"author\":{\"@id\":\"https:\\\/\\\/valenciasjb.salesianos.edu\\\/colegio\\\/#\\\/schema\\\/person\\\/ae0ac91eb19a6a2a01c95e29d541a575\"},\"breadcrumb\":{\"@id\":\"https:\\\/\\\/valenciasjb.salesianos.edu\\\/colegio\\\/salesianos-valencia-consigue-la-renovacion-del-sello-500-segun-el-modelo-efqm-de-calidad\\\/#breadcrumb\"},\"inLanguage\":\"es\",\"potentialAction\":[{\"@type\":\"ReadAction\",\"target\":[\"https:\\\/\\\/valenciasjb.salesianos.edu\\\/colegio\\\/salesianos-valencia-consigue-la-renovacion-del-sello-500-segun-el-modelo-efqm-de-calidad\\\/\"]}]},{\"@type\":\"ImageObject\",\"inLanguage\":\"es\",\"@id\":\"https:\\\/\\\/valenciasjb.salesianos.edu\\\/colegio\\\/salesianos-valencia-consigue-la-renovacion-del-sello-500-segun-el-modelo-efqm-de-calidad\\\/#primaryimage\",\"url\":\"https:\\\/\\\/valenciasjb.salesianos.edu\\\/colegio\\\/wp-content\\\/uploads\\\/sites\\\/2\\\/2017\\\/11\\\/Calidad-efqm.jpg\",\"contentUrl\":\"https:\\\/\\\/valenciasjb.salesianos.edu\\\/colegio\\\/wp-content\\\/uploads\\\/sites\\\/2\\\/2017\\\/11\\\/Calidad-efqm.jpg\",\"width\":4032,\"height\":3024},{\"@type\":\"BreadcrumbList\",\"@id\":\"https:\\\/\\\/valenciasjb.salesianos.edu\\\/colegio\\\/salesianos-valencia-consigue-la-renovacion-del-sello-500-segun-el-modelo-efqm-de-calidad\\\/#breadcrumb\",\"itemListElement\":[{\"@type\":\"ListItem\",\"position\":1,\"name\":\"Portada\",\"item\":\"https:\\\/\\\/valenciasjb.salesianos.edu\\\/colegio\\\/\"},{\"@type\":\"ListItem\",\"position\":2,\"name\":\"Salesianos Valencia consigue la renovaci\u00f3n del sello 500+ seg\u00fan el modelo EFQM de Calidad\"}]},{\"@type\":\"WebSite\",\"@id\":\"https:\\\/\\\/valenciasjb.salesianos.edu\\\/colegio\\\/#website\",\"url\":\"https:\\\/\\\/valenciasjb.salesianos.edu\\\/colegio\\\/\",\"name\":\"Colegio San Juan Bosco Valencia\",\"description\":\"P\u00e1gina oficial del Colegio Salesianos San Juan Bosco Valencia\",\"alternateName\":\"Salesianos.VSJB\",\"potentialAction\":[{\"@type\":\"SearchAction\",\"target\":{\"@type\":\"EntryPoint\",\"urlTemplate\":\"https:\\\/\\\/valenciasjb.salesianos.edu\\\/colegio\\\/?s={search_term_string}\"},\"query-input\":{\"@type\":\"PropertyValueSpecification\",\"valueRequired\":true,\"valueName\":\"search_term_string\"}}],\"inLanguage\":\"es\"},{\"@type\":\"Person\",\"@id\":\"https:\\\/\\\/valenciasjb.salesianos.edu\\\/colegio\\\/#\\\/schema\\\/person\\\/ae0ac91eb19a6a2a01c95e29d541a575\",\"name\":\"Administrador Web\",\"image\":{\"@type\":\"ImageObject\",\"inLanguage\":\"es\",\"@id\":\"https:\\\/\\\/secure.gravatar.com\\\/avatar\\\/48a73c544c48a92e9f82115ddc8f6abf90891f033d83384ebe4aafd70f983ec8?s=96&d=mm&r=g\",\"url\":\"https:\\\/\\\/secure.gravatar.com\\\/avatar\\\/48a73c544c48a92e9f82115ddc8f6abf90891f033d83384ebe4aafd70f983ec8?s=96&d=mm&r=g\",\"contentUrl\":\"https:\\\/\\\/secure.gravatar.com\\\/avatar\\\/48a73c544c48a92e9f82115ddc8f6abf90891f033d83384ebe4aafd70f983ec8?s=96&d=mm&r=g\",\"caption\":\"Administrador Web\"}}]}<\/script>\n<!-- \/ Yoast SEO plugin. -->","yoast_head_json":{"title":"Salesianos Valencia consigue la renovaci\u00f3n del sello 500+ seg\u00fan el modelo EFQM de Calidad - Colegio San Juan Bosco Valencia","robots":{"index":"index","follow":"follow","max-snippet":"max-snippet:-1","max-image-preview":"max-image-preview:large","max-video-preview":"max-video-preview:-1"},"canonical":"https:\/\/valenciasjb.salesianos.edu\/colegio\/salesianos-valencia-consigue-la-renovacion-del-sello-500-segun-el-modelo-efqm-de-calidad\/","og_locale":"es_ES","og_type":"article","og_title":"Salesianos Valencia consigue la renovaci\u00f3n del sello 500+ seg\u00fan el modelo EFQM de Calidad - Colegio San Juan Bosco Valencia","og_description":"Salesianos Valencia consigue la renovaci\u00f3n del sello 500+ seg\u00fan el modelo EFQM de Calidad Redacci\u00f3n Los colegios Salesianos San Juan Bosco y Salesianos San Antonio Abad de Valencia han conseguido la renovaci\u00f3n de su sello de calidad 500+ seg\u00fan el modelo EFQM, obteniendo la certificaci\u00f3n del Instituto Docente para la Excelencia e Innovaci\u00f3n (IDEI). Se [&hellip;]","og_url":"https:\/\/valenciasjb.salesianos.edu\/colegio\/salesianos-valencia-consigue-la-renovacion-del-sello-500-segun-el-modelo-efqm-de-calidad\/","og_site_name":"Colegio San Juan Bosco Valencia","article_publisher":"https:\/\/www.facebook.com\/ColegioSalesianoSanJuanBoscoValencia","article_published_time":"2017-11-06T20:02:16+00:00","article_modified_time":"2017-12-21T08:34:57+00:00","og_image":[{"width":4032,"height":3024,"url":"https:\/\/valenciasjb.salesianos.edu\/colegio\/wp-content\/uploads\/sites\/2\/2017\/11\/Calidad-efqm.jpg","type":"image\/jpeg"}],"author":"Administrador Web","twitter_card":"summary_large_image","twitter_creator":"@SalesianosVSJB","twitter_site":"@SalesianosVSJB","twitter_misc":{"Escrito por":"Administrador Web","Tiempo de lectura":"2 minutos"},"schema":{"@context":"https:\/\/schema.org","@graph":[{"@type":"Article","@id":"https:\/\/valenciasjb.salesianos.edu\/colegio\/salesianos-valencia-consigue-la-renovacion-del-sello-500-segun-el-modelo-efqm-de-calidad\/#article","isPartOf":{"@id":"https:\/\/valenciasjb.salesianos.edu\/colegio\/salesianos-valencia-consigue-la-renovacion-del-sello-500-segun-el-modelo-efqm-de-calidad\/"},"author":{"name":"Administrador Web","@id":"https:\/\/valenciasjb.salesianos.edu\/colegio\/#\/schema\/person\/ae0ac91eb19a6a2a01c95e29d541a575"},"headline":"Salesianos Valencia consigue la renovaci\u00f3n del sello 500+ seg\u00fan el modelo EFQM de Calidad","datePublished":"2017-11-06T20:02:16+00:00","dateModified":"2017-12-21T08:34:57+00:00","mainEntityOfPage":{"@id":"https:\/\/valenciasjb.salesianos.edu\/colegio\/salesianos-valencia-consigue-la-renovacion-del-sello-500-segun-el-modelo-efqm-de-calidad\/"},"wordCount":455,"image":{"@id":"https:\/\/valenciasjb.salesianos.edu\/colegio\/salesianos-valencia-consigue-la-renovacion-del-sello-500-segun-el-modelo-efqm-de-calidad\/#primaryimage"},"thumbnailUrl":"https:\/\/valenciasjb.salesianos.edu\/colegio\/wp-content\/uploads\/sites\/2\/2017\/11\/Calidad-efqm.jpg","articleSection":["Noticia Colegio"],"inLanguage":"es"},{"@type":"WebPage","@id":"https:\/\/valenciasjb.salesianos.edu\/colegio\/salesianos-valencia-consigue-la-renovacion-del-sello-500-segun-el-modelo-efqm-de-calidad\/","url":"https:\/\/valenciasjb.salesianos.edu\/colegio\/salesianos-valencia-consigue-la-renovacion-del-sello-500-segun-el-modelo-efqm-de-calidad\/","name":"Salesianos Valencia consigue la renovaci\u00f3n del sello 500+ seg\u00fan el modelo EFQM de Calidad - Colegio San Juan Bosco Valencia","isPartOf":{"@id":"https:\/\/valenciasjb.salesianos.edu\/colegio\/#website"},"primaryImageOfPage":{"@id":"https:\/\/valenciasjb.salesianos.edu\/colegio\/salesianos-valencia-consigue-la-renovacion-del-sello-500-segun-el-modelo-efqm-de-calidad\/#primaryimage"},"image":{"@id":"https:\/\/valenciasjb.salesianos.edu\/colegio\/salesianos-valencia-consigue-la-renovacion-del-sello-500-segun-el-modelo-efqm-de-calidad\/#primaryimage"},"thumbnailUrl":"https:\/\/valenciasjb.salesianos.edu\/colegio\/wp-content\/uploads\/sites\/2\/2017\/11\/Calidad-efqm.jpg","datePublished":"2017-11-06T20:02:16+00:00","dateModified":"2017-12-21T08:34:57+00:00","author":{"@id":"https:\/\/valenciasjb.salesianos.edu\/colegio\/#\/schema\/person\/ae0ac91eb19a6a2a01c95e29d541a575"},"breadcrumb":{"@id":"https:\/\/valenciasjb.salesianos.edu\/colegio\/salesianos-valencia-consigue-la-renovacion-del-sello-500-segun-el-modelo-efqm-de-calidad\/#breadcrumb"},"inLanguage":"es","potentialAction":[{"@type":"ReadAction","target":["https:\/\/valenciasjb.salesianos.edu\/colegio\/salesianos-valencia-consigue-la-renovacion-del-sello-500-segun-el-modelo-efqm-de-calidad\/"]}]},{"@type":"ImageObject","inLanguage":"es","@id":"https:\/\/valenciasjb.salesianos.edu\/colegio\/salesianos-valencia-consigue-la-renovacion-del-sello-500-segun-el-modelo-efqm-de-calidad\/#primaryimage","url":"https:\/\/valenciasjb.salesianos.edu\/colegio\/wp-content\/uploads\/sites\/2\/2017\/11\/Calidad-efqm.jpg","contentUrl":"https:\/\/valenciasjb.salesianos.edu\/colegio\/wp-content\/uploads\/sites\/2\/2017\/11\/Calidad-efqm.jpg","width":4032,"height":3024},{"@type":"BreadcrumbList","@id":"https:\/\/valenciasjb.salesianos.edu\/colegio\/salesianos-valencia-consigue-la-renovacion-del-sello-500-segun-el-modelo-efqm-de-calidad\/#breadcrumb","itemListElement":[{"@type":"ListItem","position":1,"name":"Portada","item":"https:\/\/valenciasjb.salesianos.edu\/colegio\/"},{"@type":"ListItem","position":2,"name":"Salesianos Valencia consigue la renovaci\u00f3n del sello 500+ seg\u00fan el modelo EFQM de Calidad"}]},{"@type":"WebSite","@id":"https:\/\/valenciasjb.salesianos.edu\/colegio\/#website","url":"https:\/\/valenciasjb.salesianos.edu\/colegio\/","name":"Colegio San Juan Bosco Valencia","description":"P\u00e1gina oficial del Colegio Salesianos San Juan Bosco Valencia","alternateName":"Salesianos.VSJB","potentialAction":[{"@type":"SearchAction","target":{"@type":"EntryPoint","urlTemplate":"https:\/\/valenciasjb.salesianos.edu\/colegio\/?s={search_term_string}"},"query-input":{"@type":"PropertyValueSpecification","valueRequired":true,"valueName":"search_term_string"}}],"inLanguage":"es"},{"@type":"Person","@id":"https:\/\/valenciasjb.salesianos.edu\/colegio\/#\/schema\/person\/ae0ac91eb19a6a2a01c95e29d541a575","name":"Administrador Web","image":{"@type":"ImageObject","inLanguage":"es","@id":"https:\/\/secure.gravatar.com\/avatar\/48a73c544c48a92e9f82115ddc8f6abf90891f033d83384ebe4aafd70f983ec8?s=96&d=mm&r=g","url":"https:\/\/secure.gravatar.com\/avatar\/48a73c544c48a92e9f82115ddc8f6abf90891f033d83384ebe4aafd70f983ec8?s=96&d=mm&r=g","contentUrl":"https:\/\/secure.gravatar.com\/avatar\/48a73c544c48a92e9f82115ddc8f6abf90891f033d83384ebe4aafd70f983ec8?s=96&d=mm&r=g","caption":"Administrador Web"}}]}},"_links":{"self":[{"href":"https:\/\/valenciasjb.salesianos.edu\/colegio\/wp-json\/wp\/v2\/posts\/5878","targetHints":{"allow":["GET"]}}],"collection":[{"href":"https:\/\/valenciasjb.salesianos.edu\/colegio\/wp-json\/wp\/v2\/posts"}],"about":[{"href":"https:\/\/valenciasjb.salesianos.edu\/colegio\/wp-json\/wp\/v2\/types\/post"}],"author":[{"embeddable":true,"href":"https:\/\/valenciasjb.salesianos.edu\/colegio\/wp-json\/wp\/v2\/users\/2"}],"replies":[{"embeddable":true,"href":"https:\/\/valenciasjb.salesianos.edu\/colegio\/wp-json\/wp\/v2\/comments?post=5878"}],"version-history":[{"count":2,"href":"https:\/\/valenciasjb.salesianos.edu\/colegio\/wp-json\/wp\/v2\/posts\/5878\/revisions"}],"predecessor-version":[{"id":5881,"href":"https:\/\/valenciasjb.salesianos.edu\/colegio\/wp-json\/wp\/v2\/posts\/5878\/revisions\/5881"}],"wp:featuredmedia":[{"embeddable":true,"href":"https:\/\/valenciasjb.salesianos.edu\/colegio\/wp-json\/wp\/v2\/media\/5879"}],"wp:attachment":[{"href":"https:\/\/valenciasjb.salesianos.edu\/colegio\/wp-json\/wp\/v2\/media?parent=5878"}],"wp:term":[{"taxonomy":"category","embeddable":true,"href":"https:\/\/valenciasjb.salesianos.edu\/colegio\/wp-json\/wp\/v2\/categories?post=5878"},{"taxonomy":"post_tag","embeddable":true,"href":"https:\/\/valenciasjb.salesianos.edu\/colegio\/wp-json\/wp\/v2\/tags?post=5878"}],"curies":[{"name":"wp","href":"https:\/\/api.w.org\/{rel}","templated":true}]}}