{"id":5882,"date":"2017-11-07T10:37:46","date_gmt":"2017-11-07T09:37:46","guid":{"rendered":"https:\/\/valenciasjb.salesianos.edu\/colegio\/?p=5882"},"modified":"2017-11-07T17:50:38","modified_gmt":"2017-11-07T16:50:38","slug":"el-proyecto-de-primaria-pintando-sonrisas-finalista-nacional-en-el-premio-aprendizaje-servicio","status":"publish","type":"post","link":"https:\/\/valenciasjb.salesianos.edu\/colegio\/el-proyecto-de-primaria-pintando-sonrisas-finalista-nacional-en-el-premio-aprendizaje-servicio\/","title":{"rendered":"El proyecto de Primaria \u201cPintando sonrisas\u201d, finalista nacional en el premio Aprendizaje-Servicio"},"content":{"rendered":"<div id=\"fb-root\"><\/div>\n<p>[et_pb_section bb_built=\u00bb1&#8243; admin_label=\u00bbsection\u00bb][et_pb_row admin_label=\u00bbrow\u00bb background_position=\u00bbtop_left\u00bb background_repeat=\u00bbrepeat\u00bb background_size=\u00bbinitial\u00bb][et_pb_column type=\u00bb4_4&#8243;][et_pb_text admin_label=\u00bbEntradilla (Texto)\u00bb _builder_version=\u00bb3.0.85&#8243; background_layout=\u00bblight\u00bb text_orientation=\u00bbjustified\u00bb text_font=\u00bb|on|||\u00bb]<\/p>\n<div id=\"resumen\">\n<p><img loading=\"lazy\" decoding=\"async\" class=\"aligncenter wp-image-5883\" src=\"https:\/\/valenciasjb.salesianos.edu\/colegio\/wp-content\/uploads\/sites\/2\/2017\/11\/aprendizaje-servicio.png\" alt=\"\" width=\"438\" height=\"317\" \/><\/p>\n<p class=\"western\"><span style=\"font-size: small;\"><span style=\"font-family: Verdana, serif;\"><span lang=\"ca-ES\">O<\/span><\/span><span style=\"font-family: Verdana, serif;\">rganizados por <\/span><span style=\"font-family: Verdana, serif;\">Educo, Edeb\u00e9 <\/span><span style=\"font-family: Verdana, serif;\">y la <\/span><span style=\"font-family: Verdana, serif;\">Red Espa\u00f1ola de Aprendizaje-Servicio.\u00a0<\/span><\/span><span style=\"font-family: 'Times New Roman', serif;\"><span style=\"font-size: small;\"><span style=\"color: #000000;\"><span style=\"font-family: Verdana, serif;\"><span lang=\"ca-ES\">A<\/span><\/span><\/span><span style=\"color: #000000;\"><span style=\"font-family: Verdana, serif;\">poyado por diversas empresas, entidades sociales e instituciones como\u00a0<\/span><\/span><span style=\"color: #000000;\"><span style=\"font-family: Verdana, serif;\">DKV, Obra Social La Caixa, CENEAM, Fundaci\u00f3 Princesa de Girona, ACIDH, Fundaci\u00f3n Anabella, Mullor S.A, Abacus y el Ayuntamiento de L&#8217;Hospitalet de Llobregat<\/span><\/span><span style=\"color: #000000;\"><span style=\"font-family: Verdana, serif;\">, e<\/span><\/span><span style=\"color: #000000;\"><span style=\"font-family: Verdana, serif;\">n el proceso de evaluaci\u00f3n han participado 48 expertos de toda Espa\u00f1a y se ha valorado altamente nuestro proyecto, por su calidad educativa y su impacto social y comunitario.<\/span><\/span><\/span><\/span><\/p>\n<\/div>\n<p>[\/et_pb_text][et_pb_text admin_label=\u00bbAutor (Texto)\u00bb _builder_version=\u00bb3.0.85&#8243; background_layout=\u00bblight\u00bb text_font=\u00bb||on||\u00bb]<\/p>\n<p>Fran Hern\u00e1ndez<\/p>\n<p>[\/et_pb_text][et_pb_text admin_label=\u00bbDesarrollo (Texto)\u00bb _builder_version=\u00bb3.0.85&#8243; background_layout=\u00bblight\u00bb text_orientation=\u00bbjustified\u00bb module_alignment=\u00bbjustified\u00bb]<\/p>\n<p class=\"western\" align=\"justify\"><span style=\"font-size: small;\"><span style=\"color: #000000;\"><span style=\"font-family: Verdana, serif;\">El aprendizaje-servicio (ApS) es una manera de aprender haciendo un servicio a la comunidad. Frente a una necesidad social, los chicos y chicas emprenden una acci\u00f3n de servicio a la comunidad que les ayuda a aplicar y consolidar aprendizajes en conocimientos, habilidades, actitudes, competencias, despertando su talento y poni\u00e9ndolo a trabajar para el bien com\u00fan.<\/span><\/span><\/span><\/p>\n<p class=\"western\" align=\"justify\"><span style=\"font-size: small;\"><span style=\"color: #000000;\"><span style=\"font-family: Verdana, serif;\">En esta edici\u00f3n de los Premios Aprendizaje Servicio 2017 han participado<\/span><\/span><b> <\/b><span style=\"color: #000000;\"><span style=\"font-family: Verdana, serif;\">244 proyectos<\/span><\/span><span style=\"color: #000000;\"><span style=\"font-family: Verdana, serif;\">\u00a0procedentes de todas las Comunidades Aut\u00f3nomas, de centros educativos p\u00fablicos y concertados y entidades sociales y n<\/span><\/span><span style=\"color: #000000;\"><span style=\"font-family: Verdana, serif;\">uestro colegio se presentaba en la categor\u00eda de Solidaridad en Primaria con el proyecto \u201cPintando sonrisas\u201d, donde ha resultado finalista por detr\u00e1s del elegido como mejor proyecto. Aqu\u00ed puedes ver un v\u00eddeo resumen de la actividad:<\/span><\/span><\/span><\/p>\n<p class=\"western\" align=\"justify\"><span style=\"font-size: small;\"><a href=\"https:\/\/www.youtube.com\/watch?v=mLWxS1FRDMQ\"><span style=\"color: #000000;\"><span style=\"font-family: Verdana, serif;\">https:\/\/www.youtube.com\/watch?v=mLWxS1FRDMQ<\/span><\/span><\/a><\/span><\/p>\n<p class=\"western\" align=\"justify\"><span style=\"font-size: small;\"><span style=\"color: #000000;\"><span style=\"font-family: Verdana, serif;\">De los 244 proyectos presentados en las categor\u00edas de Infantil-Primaria (27%), ESO-Bachillerato (54%) y Formaci\u00f3n Profesional (19%) han resultado\u00a0<\/span><\/span><span style=\"color: #000000;\"><span style=\"font-family: Verdana, serif;\">premiados en total 12 centros, siendo finalistas otros 20. <\/span><\/span><span style=\"color: #000000;\"><span style=\"font-family: Verdana, serif;\">Los temas emprendidos son: h\u00e1bitos saludables, solidaridad y derechos humanos, medio ambiente, cooperaci\u00f3n al desarrollo, igualdad de g\u00e9nero, inclusi\u00f3n de la discapacidad y fomento de la lectura y seg\u00fan nos manifiesta la organizaci\u00f3n, todos los proyectos presentados expresan un compromiso extraordinario de centros educativos y entidades sociales en el fomento de la ciudadan\u00eda activa de los chicos y chicas.<\/span><\/span><\/span><\/p>\n<p class=\"western\" align=\"justify\"><span style=\"font-size: small;\"><span style=\"color: #000000;\"><span style=\"font-family: Verdana, serif;\">Como actividad final, el\u00a0<\/span><\/span><span style=\"color: #000000;\"><span style=\"font-family: Verdana, serif;\"><b>1 de diciembre, en la ciudad de L\u2019Hospitalet<\/b><\/span><\/span><span style=\"color: #000000;\"><span style=\"font-family: Verdana, serif;\"> y en el marco del X Encuentro estatal del Aprendizaje Servicio, tendr\u00e1 lugar la entrega de los galardones donde, por supuesto, <\/span><\/span><span style=\"color: #000000;\"><span style=\"font-family: Verdana, serif;\">el colegio estar\u00e1<\/span><\/span><span style=\"color: #000000;\"><span style=\"font-family: Verdana, serif;\"> presente para recibirlo y poder mostrar a la comunidad educativa espa\u00f1ola la gran calidad de nuestros proyectos.<\/span><\/span><\/span><\/p>\n<p class=\"western\" align=\"justify\"><span style=\"font-size: small;\"><span style=\"color: #000000;\"><span style=\"font-family: Verdana, serif;\">Lo que este proyecto demuestra, m\u00e1s all\u00e1 de que se reconozca o no por entidades externas y se le entregue alg\u00fan premio, es que juntos somos muy grandes. Que somos capaces de poner nuestro granito de arena solidario para ayudar a aquellas personas que lo necesitan, en este caso los ni\u00f1os enfermos de c\u00e1ncer, pero que no vamos a parar ah\u00ed, sino que est\u00e1 en nuestra forma de educar y va a seguir impregnando nuestro d\u00eda a d\u00eda en todo lo que hacemos.<\/span><\/span><\/span><\/p>\n<p>[\/et_pb_text][et_pb_text admin_label=\u00bbT\u00edtulo: Galer\u00eda de fotos (Texto)\u00bb _builder_version=\u00bb3.0.76&#8243; background_layout=\u00bblight\u00bb text_font=\u00bb|on|||\u00bb text_text_color=\u00bb#dc001b\u00bb border_style=\u00bbsolid\u00bb disabled=\u00bboff\u00bb disabled_on=\u00bboff|on|on\u00bb]<\/p>\n<p>Galer\u00eda de im\u00e1genes<\/p>\n<p>[\/et_pb_text][et_pb_gallery _builder_version=\u00bb3.0.85&#8243; posts_number=\u00bb8&#8243; show_title_and_caption=\u00bboff\u00bb show_pagination=\u00bbon\u00bb fullwidth=\u00bboff\u00bb orientation=\u00bblandscape\u00bb zoom_icon_color=\u00bb#dc001b\u00bb hover_overlay_color=\u00bbrgba(255,255,255,0.9)\u00bb hover_icon=\u00bb%%51%%\u00bb background_layout=\u00bblight\u00bb disabled=\u00bboff\u00bb disabled_on=\u00bboff|off|off\u00bb gallery_ids=\u00bb5883&#8243; pagination_font_size_tablet=\u00bb51&#8243; pagination_line_height_tablet=\u00bb2&#8243; \/][et_pb_video _builder_version=\u00bb3.0.51&#8243; disabled=\u00bbon\u00bb disabled_on=\u00bbon|on|on\u00bb \/][\/et_pb_column][\/et_pb_row][\/et_pb_section]<\/p>\n<!-- AddThis Advanced Settings generic via filter on the_content --><!-- AddThis Share Buttons generic via filter on the_content -->","protected":false},"excerpt":{"rendered":"<p>Organizados por Educo, Edeb\u00e9 y la Red Espa\u00f1ola de Aprendizaje-Servicio.\u00a0Apoyado por diversas empresas, entidades sociales e instituciones como\u00a0DKV, Obra Social La Caixa, CENEAM, Fundaci\u00f3 Princesa de Girona, ACIDH, Fundaci\u00f3n Anabella, Mullor S.A, Abacus y el Ayuntamiento de L&#8217;Hospitalet de Llobregat, en el proceso de evaluaci\u00f3n han participado 48 expertos de toda Espa\u00f1a y se ha [&hellip;]<\/p>\n<p><!-- AddThis Advanced Settings generic via filter on get_the_excerpt --><!-- AddThis Share Buttons generic via filter on get_the_excerpt --><\/p>\n","protected":false},"author":6,"featured_media":5883,"comment_status":"closed","ping_status":"open","sticky":false,"template":"","format":"standard","meta":{"_et_pb_use_builder":"on","_et_pb_old_content":"","_et_gb_content_width":"","footnotes":""},"categories":[14],"tags":[],"class_list":["post-5882","post","type-post","status-publish","format-standard","has-post-thumbnail","hentry","category-noticia_colegio"],"yoast_head":"<!-- This site is optimized with the Yoast SEO plugin v28.4 - https:\/\/yoast.com\/product\/yoast-seo-wordpress\/ -->\n<title>El proyecto de Primaria \u201cPintando sonrisas\u201d, finalista nacional en el premio Aprendizaje-Servicio - Colegio San Juan Bosco Valencia<\/title>\n<meta name=\"robots\" content=\"index, follow, max-snippet:-1, max-image-preview:large, max-video-preview:-1\" \/>\n<link rel=\"canonical\" href=\"https:\/\/valenciasjb.salesianos.edu\/colegio\/el-proyecto-de-primaria-pintando-sonrisas-finalista-nacional-en-el-premio-aprendizaje-servicio\/\" \/>\n<meta property=\"og:locale\" content=\"es_ES\" \/>\n<meta property=\"og:type\" content=\"article\" \/>\n<meta property=\"og:title\" content=\"El proyecto de Primaria \u201cPintando sonrisas\u201d, finalista nacional en el premio Aprendizaje-Servicio - Colegio San Juan Bosco Valencia\" \/>\n<meta property=\"og:description\" content=\"Organizados por Educo, Edeb\u00e9 y la Red Espa\u00f1ola de Aprendizaje-Servicio.\u00a0Apoyado por diversas empresas, entidades sociales e instituciones como\u00a0DKV, Obra Social La Caixa, CENEAM, Fundaci\u00f3 Princesa de Girona, ACIDH, Fundaci\u00f3n Anabella, Mullor S.A, Abacus y el Ayuntamiento de L&#039;Hospitalet de Llobregat, en el proceso de evaluaci\u00f3n han participado 48 expertos de toda Espa\u00f1a y se ha [&hellip;]\" \/>\n<meta property=\"og:url\" content=\"https:\/\/valenciasjb.salesianos.edu\/colegio\/el-proyecto-de-primaria-pintando-sonrisas-finalista-nacional-en-el-premio-aprendizaje-servicio\/\" \/>\n<meta property=\"og:site_name\" content=\"Colegio San Juan Bosco Valencia\" \/>\n<meta property=\"article:publisher\" content=\"https:\/\/www.facebook.com\/ColegioSalesianoSanJuanBoscoValencia\" \/>\n<meta property=\"article:published_time\" content=\"2017-11-07T09:37:46+00:00\" \/>\n<meta property=\"article:modified_time\" content=\"2017-11-07T16:50:38+00:00\" \/>\n<meta property=\"og:image\" content=\"https:\/\/valenciasjb.salesianos.edu\/colegio\/wp-content\/uploads\/sites\/2\/2017\/11\/aprendizaje-servicio.png\" \/>\n\t<meta property=\"og:image:width\" content=\"264\" \/>\n\t<meta property=\"og:image:height\" content=\"191\" \/>\n\t<meta property=\"og:image:type\" content=\"image\/png\" \/>\n<meta name=\"author\" content=\"veronicapastor\" \/>\n<meta name=\"twitter:card\" content=\"summary_large_image\" \/>\n<meta name=\"twitter:creator\" content=\"@SalesianosVSJB\" \/>\n<meta name=\"twitter:site\" content=\"@SalesianosVSJB\" \/>\n<meta name=\"twitter:label1\" content=\"Escrito por\" \/>\n\t<meta name=\"twitter:data1\" content=\"veronicapastor\" \/>\n\t<meta name=\"twitter:label2\" content=\"Tiempo de lectura\" \/>\n\t<meta name=\"twitter:data2\" content=\"3 minutos\" \/>\n<script type=\"application\/ld+json\" class=\"yoast-schema-graph\">{\"@context\":\"https:\\\/\\\/schema.org\",\"@graph\":[{\"@type\":\"Article\",\"@id\":\"https:\\\/\\\/valenciasjb.salesianos.edu\\\/colegio\\\/el-proyecto-de-primaria-pintando-sonrisas-finalista-nacional-en-el-premio-aprendizaje-servicio\\\/#article\",\"isPartOf\":{\"@id\":\"https:\\\/\\\/valenciasjb.salesianos.edu\\\/colegio\\\/el-proyecto-de-primaria-pintando-sonrisas-finalista-nacional-en-el-premio-aprendizaje-servicio\\\/\"},\"author\":{\"name\":\"veronicapastor\",\"@id\":\"https:\\\/\\\/valenciasjb.salesianos.edu\\\/colegio\\\/#\\\/schema\\\/person\\\/1f45b67e52b27da175190a574db6bed9\"},\"headline\":\"El proyecto de Primaria \u201cPintando sonrisas\u201d, finalista nacional en el premio Aprendizaje-Servicio\",\"datePublished\":\"2017-11-07T09:37:46+00:00\",\"dateModified\":\"2017-11-07T16:50:38+00:00\",\"mainEntityOfPage\":{\"@id\":\"https:\\\/\\\/valenciasjb.salesianos.edu\\\/colegio\\\/el-proyecto-de-primaria-pintando-sonrisas-finalista-nacional-en-el-premio-aprendizaje-servicio\\\/\"},\"wordCount\":665,\"image\":{\"@id\":\"https:\\\/\\\/valenciasjb.salesianos.edu\\\/colegio\\\/el-proyecto-de-primaria-pintando-sonrisas-finalista-nacional-en-el-premio-aprendizaje-servicio\\\/#primaryimage\"},\"thumbnailUrl\":\"https:\\\/\\\/valenciasjb.salesianos.edu\\\/colegio\\\/wp-content\\\/uploads\\\/sites\\\/2\\\/2017\\\/11\\\/aprendizaje-servicio.png\",\"articleSection\":[\"Noticia Colegio\"],\"inLanguage\":\"es\"},{\"@type\":\"WebPage\",\"@id\":\"https:\\\/\\\/valenciasjb.salesianos.edu\\\/colegio\\\/el-proyecto-de-primaria-pintando-sonrisas-finalista-nacional-en-el-premio-aprendizaje-servicio\\\/\",\"url\":\"https:\\\/\\\/valenciasjb.salesianos.edu\\\/colegio\\\/el-proyecto-de-primaria-pintando-sonrisas-finalista-nacional-en-el-premio-aprendizaje-servicio\\\/\",\"name\":\"El proyecto de Primaria \u201cPintando sonrisas\u201d, finalista nacional en el premio Aprendizaje-Servicio - Colegio San Juan Bosco Valencia\",\"isPartOf\":{\"@id\":\"https:\\\/\\\/valenciasjb.salesianos.edu\\\/colegio\\\/#website\"},\"primaryImageOfPage\":{\"@id\":\"https:\\\/\\\/valenciasjb.salesianos.edu\\\/colegio\\\/el-proyecto-de-primaria-pintando-sonrisas-finalista-nacional-en-el-premio-aprendizaje-servicio\\\/#primaryimage\"},\"image\":{\"@id\":\"https:\\\/\\\/valenciasjb.salesianos.edu\\\/colegio\\\/el-proyecto-de-primaria-pintando-sonrisas-finalista-nacional-en-el-premio-aprendizaje-servicio\\\/#primaryimage\"},\"thumbnailUrl\":\"https:\\\/\\\/valenciasjb.salesianos.edu\\\/colegio\\\/wp-content\\\/uploads\\\/sites\\\/2\\\/2017\\\/11\\\/aprendizaje-servicio.png\",\"datePublished\":\"2017-11-07T09:37:46+00:00\",\"dateModified\":\"2017-11-07T16:50:38+00:00\",\"author\":{\"@id\":\"https:\\\/\\\/valenciasjb.salesianos.edu\\\/colegio\\\/#\\\/schema\\\/person\\\/1f45b67e52b27da175190a574db6bed9\"},\"breadcrumb\":{\"@id\":\"https:\\\/\\\/valenciasjb.salesianos.edu\\\/colegio\\\/el-proyecto-de-primaria-pintando-sonrisas-finalista-nacional-en-el-premio-aprendizaje-servicio\\\/#breadcrumb\"},\"inLanguage\":\"es\",\"potentialAction\":[{\"@type\":\"ReadAction\",\"target\":[\"https:\\\/\\\/valenciasjb.salesianos.edu\\\/colegio\\\/el-proyecto-de-primaria-pintando-sonrisas-finalista-nacional-en-el-premio-aprendizaje-servicio\\\/\"]}]},{\"@type\":\"ImageObject\",\"inLanguage\":\"es\",\"@id\":\"https:\\\/\\\/valenciasjb.salesianos.edu\\\/colegio\\\/el-proyecto-de-primaria-pintando-sonrisas-finalista-nacional-en-el-premio-aprendizaje-servicio\\\/#primaryimage\",\"url\":\"https:\\\/\\\/valenciasjb.salesianos.edu\\\/colegio\\\/wp-content\\\/uploads\\\/sites\\\/2\\\/2017\\\/11\\\/aprendizaje-servicio.png\",\"contentUrl\":\"https:\\\/\\\/valenciasjb.salesianos.edu\\\/colegio\\\/wp-content\\\/uploads\\\/sites\\\/2\\\/2017\\\/11\\\/aprendizaje-servicio.png\",\"width\":264,\"height\":191},{\"@type\":\"BreadcrumbList\",\"@id\":\"https:\\\/\\\/valenciasjb.salesianos.edu\\\/colegio\\\/el-proyecto-de-primaria-pintando-sonrisas-finalista-nacional-en-el-premio-aprendizaje-servicio\\\/#breadcrumb\",\"itemListElement\":[{\"@type\":\"ListItem\",\"position\":1,\"name\":\"Portada\",\"item\":\"https:\\\/\\\/valenciasjb.salesianos.edu\\\/colegio\\\/\"},{\"@type\":\"ListItem\",\"position\":2,\"name\":\"El proyecto de Primaria \u201cPintando sonrisas\u201d, finalista nacional en el premio Aprendizaje-Servicio\"}]},{\"@type\":\"WebSite\",\"@id\":\"https:\\\/\\\/valenciasjb.salesianos.edu\\\/colegio\\\/#website\",\"url\":\"https:\\\/\\\/valenciasjb.salesianos.edu\\\/colegio\\\/\",\"name\":\"Colegio San Juan Bosco Valencia\",\"description\":\"P\u00e1gina oficial del Colegio Salesianos San Juan Bosco Valencia\",\"alternateName\":\"Salesianos.VSJB\",\"potentialAction\":[{\"@type\":\"SearchAction\",\"target\":{\"@type\":\"EntryPoint\",\"urlTemplate\":\"https:\\\/\\\/valenciasjb.salesianos.edu\\\/colegio\\\/?s={search_term_string}\"},\"query-input\":{\"@type\":\"PropertyValueSpecification\",\"valueRequired\":true,\"valueName\":\"search_term_string\"}}],\"inLanguage\":\"es\"},{\"@type\":\"Person\",\"@id\":\"https:\\\/\\\/valenciasjb.salesianos.edu\\\/colegio\\\/#\\\/schema\\\/person\\\/1f45b67e52b27da175190a574db6bed9\",\"name\":\"veronicapastor\",\"image\":{\"@type\":\"ImageObject\",\"inLanguage\":\"es\",\"@id\":\"https:\\\/\\\/secure.gravatar.com\\\/avatar\\\/e29bd40bace3fd935e1d6fdb7313ffc14628cc037c5e16f4c7369b20a2a6f7f0?s=96&d=mm&r=g\",\"url\":\"https:\\\/\\\/secure.gravatar.com\\\/avatar\\\/e29bd40bace3fd935e1d6fdb7313ffc14628cc037c5e16f4c7369b20a2a6f7f0?s=96&d=mm&r=g\",\"contentUrl\":\"https:\\\/\\\/secure.gravatar.com\\\/avatar\\\/e29bd40bace3fd935e1d6fdb7313ffc14628cc037c5e16f4c7369b20a2a6f7f0?s=96&d=mm&r=g\",\"caption\":\"veronicapastor\"}}]}<\/script>\n<!-- \/ Yoast SEO plugin. -->","yoast_head_json":{"title":"El proyecto de Primaria \u201cPintando sonrisas\u201d, finalista nacional en el premio Aprendizaje-Servicio - Colegio San Juan Bosco Valencia","robots":{"index":"index","follow":"follow","max-snippet":"max-snippet:-1","max-image-preview":"max-image-preview:large","max-video-preview":"max-video-preview:-1"},"canonical":"https:\/\/valenciasjb.salesianos.edu\/colegio\/el-proyecto-de-primaria-pintando-sonrisas-finalista-nacional-en-el-premio-aprendizaje-servicio\/","og_locale":"es_ES","og_type":"article","og_title":"El proyecto de Primaria \u201cPintando sonrisas\u201d, finalista nacional en el premio Aprendizaje-Servicio - Colegio San Juan Bosco Valencia","og_description":"Organizados por Educo, Edeb\u00e9 y la Red Espa\u00f1ola de Aprendizaje-Servicio.\u00a0Apoyado por diversas empresas, entidades sociales e instituciones como\u00a0DKV, Obra Social La Caixa, CENEAM, Fundaci\u00f3 Princesa de Girona, ACIDH, Fundaci\u00f3n Anabella, Mullor S.A, Abacus y el Ayuntamiento de L'Hospitalet de Llobregat, en el proceso de evaluaci\u00f3n han participado 48 expertos de toda Espa\u00f1a y se ha [&hellip;]","og_url":"https:\/\/valenciasjb.salesianos.edu\/colegio\/el-proyecto-de-primaria-pintando-sonrisas-finalista-nacional-en-el-premio-aprendizaje-servicio\/","og_site_name":"Colegio San Juan Bosco Valencia","article_publisher":"https:\/\/www.facebook.com\/ColegioSalesianoSanJuanBoscoValencia","article_published_time":"2017-11-07T09:37:46+00:00","article_modified_time":"2017-11-07T16:50:38+00:00","og_image":[{"width":264,"height":191,"url":"https:\/\/valenciasjb.salesianos.edu\/colegio\/wp-content\/uploads\/sites\/2\/2017\/11\/aprendizaje-servicio.png","type":"image\/png"}],"author":"veronicapastor","twitter_card":"summary_large_image","twitter_creator":"@SalesianosVSJB","twitter_site":"@SalesianosVSJB","twitter_misc":{"Escrito por":"veronicapastor","Tiempo de lectura":"3 minutos"},"schema":{"@context":"https:\/\/schema.org","@graph":[{"@type":"Article","@id":"https:\/\/valenciasjb.salesianos.edu\/colegio\/el-proyecto-de-primaria-pintando-sonrisas-finalista-nacional-en-el-premio-aprendizaje-servicio\/#article","isPartOf":{"@id":"https:\/\/valenciasjb.salesianos.edu\/colegio\/el-proyecto-de-primaria-pintando-sonrisas-finalista-nacional-en-el-premio-aprendizaje-servicio\/"},"author":{"name":"veronicapastor","@id":"https:\/\/valenciasjb.salesianos.edu\/colegio\/#\/schema\/person\/1f45b67e52b27da175190a574db6bed9"},"headline":"El proyecto de Primaria \u201cPintando sonrisas\u201d, finalista nacional en el premio Aprendizaje-Servicio","datePublished":"2017-11-07T09:37:46+00:00","dateModified":"2017-11-07T16:50:38+00:00","mainEntityOfPage":{"@id":"https:\/\/valenciasjb.salesianos.edu\/colegio\/el-proyecto-de-primaria-pintando-sonrisas-finalista-nacional-en-el-premio-aprendizaje-servicio\/"},"wordCount":665,"image":{"@id":"https:\/\/valenciasjb.salesianos.edu\/colegio\/el-proyecto-de-primaria-pintando-sonrisas-finalista-nacional-en-el-premio-aprendizaje-servicio\/#primaryimage"},"thumbnailUrl":"https:\/\/valenciasjb.salesianos.edu\/colegio\/wp-content\/uploads\/sites\/2\/2017\/11\/aprendizaje-servicio.png","articleSection":["Noticia Colegio"],"inLanguage":"es"},{"@type":"WebPage","@id":"https:\/\/valenciasjb.salesianos.edu\/colegio\/el-proyecto-de-primaria-pintando-sonrisas-finalista-nacional-en-el-premio-aprendizaje-servicio\/","url":"https:\/\/valenciasjb.salesianos.edu\/colegio\/el-proyecto-de-primaria-pintando-sonrisas-finalista-nacional-en-el-premio-aprendizaje-servicio\/","name":"El proyecto de Primaria \u201cPintando sonrisas\u201d, finalista nacional en el premio Aprendizaje-Servicio - Colegio San Juan Bosco Valencia","isPartOf":{"@id":"https:\/\/valenciasjb.salesianos.edu\/colegio\/#website"},"primaryImageOfPage":{"@id":"https:\/\/valenciasjb.salesianos.edu\/colegio\/el-proyecto-de-primaria-pintando-sonrisas-finalista-nacional-en-el-premio-aprendizaje-servicio\/#primaryimage"},"image":{"@id":"https:\/\/valenciasjb.salesianos.edu\/colegio\/el-proyecto-de-primaria-pintando-sonrisas-finalista-nacional-en-el-premio-aprendizaje-servicio\/#primaryimage"},"thumbnailUrl":"https:\/\/valenciasjb.salesianos.edu\/colegio\/wp-content\/uploads\/sites\/2\/2017\/11\/aprendizaje-servicio.png","datePublished":"2017-11-07T09:37:46+00:00","dateModified":"2017-11-07T16:50:38+00:00","author":{"@id":"https:\/\/valenciasjb.salesianos.edu\/colegio\/#\/schema\/person\/1f45b67e52b27da175190a574db6bed9"},"breadcrumb":{"@id":"https:\/\/valenciasjb.salesianos.edu\/colegio\/el-proyecto-de-primaria-pintando-sonrisas-finalista-nacional-en-el-premio-aprendizaje-servicio\/#breadcrumb"},"inLanguage":"es","potentialAction":[{"@type":"ReadAction","target":["https:\/\/valenciasjb.salesianos.edu\/colegio\/el-proyecto-de-primaria-pintando-sonrisas-finalista-nacional-en-el-premio-aprendizaje-servicio\/"]}]},{"@type":"ImageObject","inLanguage":"es","@id":"https:\/\/valenciasjb.salesianos.edu\/colegio\/el-proyecto-de-primaria-pintando-sonrisas-finalista-nacional-en-el-premio-aprendizaje-servicio\/#primaryimage","url":"https:\/\/valenciasjb.salesianos.edu\/colegio\/wp-content\/uploads\/sites\/2\/2017\/11\/aprendizaje-servicio.png","contentUrl":"https:\/\/valenciasjb.salesianos.edu\/colegio\/wp-content\/uploads\/sites\/2\/2017\/11\/aprendizaje-servicio.png","width":264,"height":191},{"@type":"BreadcrumbList","@id":"https:\/\/valenciasjb.salesianos.edu\/colegio\/el-proyecto-de-primaria-pintando-sonrisas-finalista-nacional-en-el-premio-aprendizaje-servicio\/#breadcrumb","itemListElement":[{"@type":"ListItem","position":1,"name":"Portada","item":"https:\/\/valenciasjb.salesianos.edu\/colegio\/"},{"@type":"ListItem","position":2,"name":"El proyecto de Primaria \u201cPintando sonrisas\u201d, finalista nacional en el premio Aprendizaje-Servicio"}]},{"@type":"WebSite","@id":"https:\/\/valenciasjb.salesianos.edu\/colegio\/#website","url":"https:\/\/valenciasjb.salesianos.edu\/colegio\/","name":"Colegio San Juan Bosco Valencia","description":"P\u00e1gina oficial del Colegio Salesianos San Juan Bosco Valencia","alternateName":"Salesianos.VSJB","potentialAction":[{"@type":"SearchAction","target":{"@type":"EntryPoint","urlTemplate":"https:\/\/valenciasjb.salesianos.edu\/colegio\/?s={search_term_string}"},"query-input":{"@type":"PropertyValueSpecification","valueRequired":true,"valueName":"search_term_string"}}],"inLanguage":"es"},{"@type":"Person","@id":"https:\/\/valenciasjb.salesianos.edu\/colegio\/#\/schema\/person\/1f45b67e52b27da175190a574db6bed9","name":"veronicapastor","image":{"@type":"ImageObject","inLanguage":"es","@id":"https:\/\/secure.gravatar.com\/avatar\/e29bd40bace3fd935e1d6fdb7313ffc14628cc037c5e16f4c7369b20a2a6f7f0?s=96&d=mm&r=g","url":"https:\/\/secure.gravatar.com\/avatar\/e29bd40bace3fd935e1d6fdb7313ffc14628cc037c5e16f4c7369b20a2a6f7f0?s=96&d=mm&r=g","contentUrl":"https:\/\/secure.gravatar.com\/avatar\/e29bd40bace3fd935e1d6fdb7313ffc14628cc037c5e16f4c7369b20a2a6f7f0?s=96&d=mm&r=g","caption":"veronicapastor"}}]}},"_links":{"self":[{"href":"https:\/\/valenciasjb.salesianos.edu\/colegio\/wp-json\/wp\/v2\/posts\/5882","targetHints":{"allow":["GET"]}}],"collection":[{"href":"https:\/\/valenciasjb.salesianos.edu\/colegio\/wp-json\/wp\/v2\/posts"}],"about":[{"href":"https:\/\/valenciasjb.salesianos.edu\/colegio\/wp-json\/wp\/v2\/types\/post"}],"author":[{"embeddable":true,"href":"https:\/\/valenciasjb.salesianos.edu\/colegio\/wp-json\/wp\/v2\/users\/6"}],"replies":[{"embeddable":true,"href":"https:\/\/valenciasjb.salesianos.edu\/colegio\/wp-json\/wp\/v2\/comments?post=5882"}],"version-history":[{"count":6,"href":"https:\/\/valenciasjb.salesianos.edu\/colegio\/wp-json\/wp\/v2\/posts\/5882\/revisions"}],"predecessor-version":[{"id":5888,"href":"https:\/\/valenciasjb.salesianos.edu\/colegio\/wp-json\/wp\/v2\/posts\/5882\/revisions\/5888"}],"wp:featuredmedia":[{"embeddable":true,"href":"https:\/\/valenciasjb.salesianos.edu\/colegio\/wp-json\/wp\/v2\/media\/5883"}],"wp:attachment":[{"href":"https:\/\/valenciasjb.salesianos.edu\/colegio\/wp-json\/wp\/v2\/media?parent=5882"}],"wp:term":[{"taxonomy":"category","embeddable":true,"href":"https:\/\/valenciasjb.salesianos.edu\/colegio\/wp-json\/wp\/v2\/categories?post=5882"},{"taxonomy":"post_tag","embeddable":true,"href":"https:\/\/valenciasjb.salesianos.edu\/colegio\/wp-json\/wp\/v2\/tags?post=5882"}],"curies":[{"name":"wp","href":"https:\/\/api.w.org\/{rel}","templated":true}]}}