{"id":5917,"date":"2017-11-07T22:59:00","date_gmt":"2017-11-07T21:59:00","guid":{"rendered":"https:\/\/valenciasjb.salesianos.edu\/colegio\/?p=5917"},"modified":"2017-11-08T12:17:16","modified_gmt":"2017-11-08T11:17:16","slug":"laprententage-fins-a-linfinit-i-mes-enlla","status":"publish","type":"post","link":"https:\/\/valenciasjb.salesianos.edu\/colegio\/laprententage-fins-a-linfinit-i-mes-enlla\/","title":{"rendered":"L&#8217;aprententage fins a l&#8217;infinit i m\u00e9s enll\u00e0"},"content":{"rendered":"<div id=\"fb-root\"><\/div>\n<p>[et_pb_section bb_built=\u00bb1&#8243; admin_label=\u00bbsection\u00bb][et_pb_row admin_label=\u00bbrow\u00bb background_position=\u00bbtop_left\u00bb background_repeat=\u00bbrepeat\u00bb background_size=\u00bbinitial\u00bb][et_pb_column type=\u00bb4_4&#8243;][et_pb_text admin_label=\u00bbEntradilla (Texto)\u00bb _builder_version=\u00bb3.0.85&#8243; background_layout=\u00bblight\u00bb text_orientation=\u00bbjustified\u00bb text_font=\u00bb|on|||\u00bb]<\/p>\n<div id=\"resumen\">\n<p lang=\"zxx\"><img loading=\"lazy\" decoding=\"async\" class=\"aligncenter  wp-image-5921\" src=\"https:\/\/valenciasjb.salesianos.edu\/colegio\/wp-content\/uploads\/sites\/2\/2017\/11\/IMG_20170928_092930-300x225.jpg\" alt=\"\" width=\"623\" height=\"467\" srcset=\"https:\/\/valenciasjb.salesianos.edu\/colegio\/wp-content\/uploads\/sites\/2\/2017\/11\/IMG_20170928_092930-300x225.jpg 300w, https:\/\/valenciasjb.salesianos.edu\/colegio\/wp-content\/uploads\/sites\/2\/2017\/11\/IMG_20170928_092930-768x576.jpg 768w, https:\/\/valenciasjb.salesianos.edu\/colegio\/wp-content\/uploads\/sites\/2\/2017\/11\/IMG_20170928_092930-1024x768.jpg 1024w, https:\/\/valenciasjb.salesianos.edu\/colegio\/wp-content\/uploads\/sites\/2\/2017\/11\/IMG_20170928_092930-510x382.jpg 510w, https:\/\/valenciasjb.salesianos.edu\/colegio\/wp-content\/uploads\/sites\/2\/2017\/11\/IMG_20170928_092930-1080x810.jpg 1080w\" sizes=\"(max-width: 623px) 100vw, 623px\" \/><\/p>\n<p lang=\"zxx\"><span style=\"color: #000000;\"><span style=\"font-family: Verdana;\"><span style=\"font-size: medium;\">Els xiquets i xiquetes de 5 anys pugen a la nau \u00abProjecte\u00bb per a aprendre sobre l&#8217;espai.\u00a0<\/span><\/span><\/span><span style=\"color: #000000;\"><span style=\"font-family: Verdana;\"><span style=\"font-size: small;\">El projecte sobre l&#8217;espai i les constel\u00b7lacions es troba en el seu equinoci.\u00a0<\/span><\/span><\/span><span style=\"color: #000000;\"><span style=\"font-family: Verdana;\"><span style=\"font-size: small;\">Aquest projecte va comen\u00e7ar amb sorpresa, ja que la tem\u00e0tica fou guardada en secret per les tutores i les fam\u00edlies. L&#8217;alumnat de 5 anys va haver-hi que despla\u00e7ar-se fins a l&#8217;Hemisf\u00e8ric, plens d&#8217;expectatives i suposicions, per a descobrir l&#8217;ambientaci\u00f3.<\/span><\/span><\/span><\/p>\n<p><strong><br \/>\n<\/strong><\/p>\n<\/div>\n<div><\/div>\n<p>[\/et_pb_text][et_pb_text admin_label=\u00bbAutor (Texto)\u00bb _builder_version=\u00bb3.0.85&#8243; background_layout=\u00bblight\u00bb text_font=\u00bb||on||\u00bb]<\/p>\n<p lang=\"zxx\"><span style=\"color: #000000;\"><span style=\"font-family: Verdana;\"><span style=\"font-size: small;\">Mar\u00eda Cardona. Professora d\u2019Infantil<\/span><\/span><\/span><\/p>\n<p>[\/et_pb_text][et_pb_text admin_label=\u00bbDesarrollo (Texto)\u00bb _builder_version=\u00bb3.0.85&#8243; background_layout=\u00bblight\u00bb text_orientation=\u00bbjustified\u00bb module_alignment=\u00bbjustified\u00bb]<\/p>\n<p lang=\"zxx\" align=\"justify\"><span style=\"color: #000000;\"><span style=\"font-family: Verdana;\"><span style=\"font-size: small;\">Al poc de seure va comen\u00e7ar una projecci\u00f3 interactiva, guiada per un astr\u00f2nom. Van veure com es produeix el dia i la nit, qu\u00e8 s\u00f3n les constel\u00b7lacions, quina \u00e9s la nostra estrela, etc. L&#8217;espai seria el tema al voltant del qual aprendrien el primer trimestre. Per\u00f2 a m\u00e9s de la sorpresa, varen gaudir de can\u00e7ons i jocs amb els amics, amigues i tutores durant la resta del mat\u00ed als exteriors del Museu Pr\u00edncep Felip.<\/span><\/span><\/span><\/p>\n<p lang=\"zxx\" align=\"justify\"><span style=\"color: #000000;\"><span style=\"font-family: Verdana;\"><span style=\"font-size: small;\">Per al projecte els xiquets i xiquetes amb les seues fam\u00edlies preparen materials de tot tipus: murals, dibuixos, trencaclosques, can\u00e7ons, poesies, experiments&#8230; En arribar a classe presenten els conceptes als companys i els nous coneixements s&#8217;incorporen al mapa mental (que \u00e9s un registre gr\u00e0fic dels aprenentatges amb el que es recorden els conceptes treballats).<\/span><\/span><\/span><\/p>\n<p lang=\"zxx\" align=\"justify\"><span style=\"color: #000000;\"><span style=\"font-family: Verdana;\"><span style=\"font-size: small;\">En els projectes, a m\u00e9s d&#8217;aprendre de murals, revistes, explicacions o v\u00eddeos, s&#8217;ambienten altres moments durant el dia com per exemple, les sessions de psicomotricitat. Durant aquestes sessions, es realitzen contes motors, jocs cooperatius, recorreguts, dramatitzacions i relaxacions ambientades en l&#8217;espai. Tamb\u00e9 durant els moments de joc a l&#8217;aula, els menuts i menudes poden compartir coneixements i hist\u00f2ries fruit de la seua imaginaci\u00f3 sobre astronautes, viatges espacials i estreles.<\/span><\/span><\/span><\/p>\n<p lang=\"zxx\" align=\"justify\"><span style=\"color: #000000;\"><span style=\"font-family: Verdana;\"><span style=\"font-size: small;\">En definitiva, \u00e9s un projecte per a somiar, per a descobrir la complexitat i l&#8217;abstracci\u00f3 de l&#8217;espai i per a mirar el cel d&#8217;una altra forma. Sense oblidar el m\u00e9s importat en educacio: \u00e9s un projecte per a fer-se preguntes.<\/span><\/span><\/span><\/p>\n<p>[\/et_pb_text][et_pb_text admin_label=\u00bbT\u00edtulo: Galer\u00eda de fotos (Texto)\u00bb _builder_version=\u00bb3.0.76&#8243; background_layout=\u00bblight\u00bb text_font=\u00bb|on|||\u00bb text_text_color=\u00bb#dc001b\u00bb border_style=\u00bbsolid\u00bb disabled=\u00bboff\u00bb disabled_on=\u00bboff|on|on\u00bb]<\/p>\n<p>Galer\u00eda de im\u00e1genes<\/p>\n<p>[\/et_pb_text][et_pb_gallery _builder_version=\u00bb3.0.85&#8243; posts_number=\u00bb8&#8243; show_title_and_caption=\u00bboff\u00bb show_pagination=\u00bbon\u00bb fullwidth=\u00bboff\u00bb orientation=\u00bblandscape\u00bb zoom_icon_color=\u00bb#dc001b\u00bb hover_overlay_color=\u00bbrgba(255,255,255,0.9)\u00bb hover_icon=\u00bb%%51%%\u00bb background_layout=\u00bblight\u00bb disabled=\u00bboff\u00bb disabled_on=\u00bboff|off|off\u00bb gallery_ids=\u00bb5918,5919,5920,5921,5922&#8243; pagination_font_size_tablet=\u00bb51&#8243; pagination_line_height_tablet=\u00bb2&#8243; \/][et_pb_video _builder_version=\u00bb3.0.51&#8243; disabled=\u00bbon\u00bb disabled_on=\u00bbon|on|on\u00bb \/][\/et_pb_column][\/et_pb_row][\/et_pb_section]<\/p>\n<!-- AddThis Advanced Settings generic via filter on the_content --><!-- AddThis Share Buttons generic via filter on the_content -->","protected":false},"excerpt":{"rendered":"<p>Els xiquets i xiquetes de 5 anys pugen a la nau \u00abProjecte\u00bb per a aprendre sobre l&#8217;espai.\u00a0El projecte sobre l&#8217;espai i les constel\u00b7lacions es troba en el seu equinoci.\u00a0Aquest projecte va comen\u00e7ar amb sorpresa, ja que la tem\u00e0tica fou guardada en secret per les tutores i les fam\u00edlies. L&#8217;alumnat de 5 anys va haver-hi que [&hellip;]<\/p>\n<p><!-- AddThis Advanced Settings generic via filter on get_the_excerpt --><!-- AddThis Share Buttons generic via filter on get_the_excerpt --><\/p>\n","protected":false},"author":6,"featured_media":5921,"comment_status":"closed","ping_status":"open","sticky":false,"template":"","format":"standard","meta":{"_et_pb_use_builder":"on","_et_pb_old_content":"","_et_gb_content_width":"","footnotes":""},"categories":[14],"tags":[],"class_list":["post-5917","post","type-post","status-publish","format-standard","has-post-thumbnail","hentry","category-noticia_colegio"],"yoast_head":"<!-- This site is optimized with the Yoast SEO plugin v28.4 - https:\/\/yoast.com\/product\/yoast-seo-wordpress\/ -->\n<title>L&#039;aprententage fins a l&#039;infinit i m\u00e9s enll\u00e0 - Colegio San Juan Bosco Valencia<\/title>\n<meta name=\"robots\" content=\"index, follow, max-snippet:-1, max-image-preview:large, max-video-preview:-1\" \/>\n<link rel=\"canonical\" href=\"https:\/\/valenciasjb.salesianos.edu\/colegio\/laprententage-fins-a-linfinit-i-mes-enlla\/\" \/>\n<meta property=\"og:locale\" content=\"es_ES\" \/>\n<meta property=\"og:type\" content=\"article\" \/>\n<meta property=\"og:title\" content=\"L&#039;aprententage fins a l&#039;infinit i m\u00e9s enll\u00e0 - Colegio San Juan Bosco Valencia\" \/>\n<meta property=\"og:description\" content=\"Els xiquets i xiquetes de 5 anys pugen a la nau &quot;Projecte&quot; per a aprendre sobre l&#039;espai.\u00a0El projecte sobre l&#039;espai i les constel\u00b7lacions es troba en el seu equinoci.\u00a0Aquest projecte va comen\u00e7ar amb sorpresa, ja que la tem\u00e0tica fou guardada en secret per les tutores i les fam\u00edlies. L&#039;alumnat de 5 anys va haver-hi que [&hellip;]\" \/>\n<meta property=\"og:url\" content=\"https:\/\/valenciasjb.salesianos.edu\/colegio\/laprententage-fins-a-linfinit-i-mes-enlla\/\" \/>\n<meta property=\"og:site_name\" content=\"Colegio San Juan Bosco Valencia\" \/>\n<meta property=\"article:publisher\" content=\"https:\/\/www.facebook.com\/ColegioSalesianoSanJuanBoscoValencia\" \/>\n<meta property=\"article:published_time\" content=\"2017-11-07T21:59:00+00:00\" \/>\n<meta property=\"article:modified_time\" content=\"2017-11-08T11:17:16+00:00\" \/>\n<meta property=\"og:image\" content=\"https:\/\/valenciasjb.salesianos.edu\/colegio\/wp-content\/uploads\/sites\/2\/2017\/11\/IMG_20170928_092930.jpg\" \/>\n\t<meta property=\"og:image:width\" content=\"4160\" \/>\n\t<meta property=\"og:image:height\" content=\"3120\" \/>\n\t<meta property=\"og:image:type\" content=\"image\/jpeg\" \/>\n<meta name=\"author\" content=\"veronicapastor\" \/>\n<meta name=\"twitter:card\" content=\"summary_large_image\" \/>\n<meta name=\"twitter:creator\" content=\"@SalesianosVSJB\" \/>\n<meta name=\"twitter:site\" content=\"@SalesianosVSJB\" \/>\n<meta name=\"twitter:label1\" content=\"Escrito por\" \/>\n\t<meta name=\"twitter:data1\" content=\"veronicapastor\" \/>\n\t<meta name=\"twitter:label2\" content=\"Tiempo de lectura\" \/>\n\t<meta name=\"twitter:data2\" content=\"3 minutos\" \/>\n<script type=\"application\/ld+json\" class=\"yoast-schema-graph\">{\"@context\":\"https:\\\/\\\/schema.org\",\"@graph\":[{\"@type\":\"Article\",\"@id\":\"https:\\\/\\\/valenciasjb.salesianos.edu\\\/colegio\\\/laprententage-fins-a-linfinit-i-mes-enlla\\\/#article\",\"isPartOf\":{\"@id\":\"https:\\\/\\\/valenciasjb.salesianos.edu\\\/colegio\\\/laprententage-fins-a-linfinit-i-mes-enlla\\\/\"},\"author\":{\"name\":\"veronicapastor\",\"@id\":\"https:\\\/\\\/valenciasjb.salesianos.edu\\\/colegio\\\/#\\\/schema\\\/person\\\/1f45b67e52b27da175190a574db6bed9\"},\"headline\":\"L&#8217;aprententage fins a l&#8217;infinit i m\u00e9s enll\u00e0\",\"datePublished\":\"2017-11-07T21:59:00+00:00\",\"dateModified\":\"2017-11-08T11:17:16+00:00\",\"mainEntityOfPage\":{\"@id\":\"https:\\\/\\\/valenciasjb.salesianos.edu\\\/colegio\\\/laprententage-fins-a-linfinit-i-mes-enlla\\\/\"},\"wordCount\":557,\"image\":{\"@id\":\"https:\\\/\\\/valenciasjb.salesianos.edu\\\/colegio\\\/laprententage-fins-a-linfinit-i-mes-enlla\\\/#primaryimage\"},\"thumbnailUrl\":\"https:\\\/\\\/valenciasjb.salesianos.edu\\\/colegio\\\/wp-content\\\/uploads\\\/sites\\\/2\\\/2017\\\/11\\\/IMG_20170928_092930.jpg\",\"articleSection\":[\"Noticia Colegio\"],\"inLanguage\":\"es\"},{\"@type\":\"WebPage\",\"@id\":\"https:\\\/\\\/valenciasjb.salesianos.edu\\\/colegio\\\/laprententage-fins-a-linfinit-i-mes-enlla\\\/\",\"url\":\"https:\\\/\\\/valenciasjb.salesianos.edu\\\/colegio\\\/laprententage-fins-a-linfinit-i-mes-enlla\\\/\",\"name\":\"L'aprententage fins a l'infinit i m\u00e9s enll\u00e0 - Colegio San Juan Bosco Valencia\",\"isPartOf\":{\"@id\":\"https:\\\/\\\/valenciasjb.salesianos.edu\\\/colegio\\\/#website\"},\"primaryImageOfPage\":{\"@id\":\"https:\\\/\\\/valenciasjb.salesianos.edu\\\/colegio\\\/laprententage-fins-a-linfinit-i-mes-enlla\\\/#primaryimage\"},\"image\":{\"@id\":\"https:\\\/\\\/valenciasjb.salesianos.edu\\\/colegio\\\/laprententage-fins-a-linfinit-i-mes-enlla\\\/#primaryimage\"},\"thumbnailUrl\":\"https:\\\/\\\/valenciasjb.salesianos.edu\\\/colegio\\\/wp-content\\\/uploads\\\/sites\\\/2\\\/2017\\\/11\\\/IMG_20170928_092930.jpg\",\"datePublished\":\"2017-11-07T21:59:00+00:00\",\"dateModified\":\"2017-11-08T11:17:16+00:00\",\"author\":{\"@id\":\"https:\\\/\\\/valenciasjb.salesianos.edu\\\/colegio\\\/#\\\/schema\\\/person\\\/1f45b67e52b27da175190a574db6bed9\"},\"breadcrumb\":{\"@id\":\"https:\\\/\\\/valenciasjb.salesianos.edu\\\/colegio\\\/laprententage-fins-a-linfinit-i-mes-enlla\\\/#breadcrumb\"},\"inLanguage\":\"es\",\"potentialAction\":[{\"@type\":\"ReadAction\",\"target\":[\"https:\\\/\\\/valenciasjb.salesianos.edu\\\/colegio\\\/laprententage-fins-a-linfinit-i-mes-enlla\\\/\"]}]},{\"@type\":\"ImageObject\",\"inLanguage\":\"es\",\"@id\":\"https:\\\/\\\/valenciasjb.salesianos.edu\\\/colegio\\\/laprententage-fins-a-linfinit-i-mes-enlla\\\/#primaryimage\",\"url\":\"https:\\\/\\\/valenciasjb.salesianos.edu\\\/colegio\\\/wp-content\\\/uploads\\\/sites\\\/2\\\/2017\\\/11\\\/IMG_20170928_092930.jpg\",\"contentUrl\":\"https:\\\/\\\/valenciasjb.salesianos.edu\\\/colegio\\\/wp-content\\\/uploads\\\/sites\\\/2\\\/2017\\\/11\\\/IMG_20170928_092930.jpg\",\"width\":4160,\"height\":3120},{\"@type\":\"BreadcrumbList\",\"@id\":\"https:\\\/\\\/valenciasjb.salesianos.edu\\\/colegio\\\/laprententage-fins-a-linfinit-i-mes-enlla\\\/#breadcrumb\",\"itemListElement\":[{\"@type\":\"ListItem\",\"position\":1,\"name\":\"Portada\",\"item\":\"https:\\\/\\\/valenciasjb.salesianos.edu\\\/colegio\\\/\"},{\"@type\":\"ListItem\",\"position\":2,\"name\":\"L&#8217;aprententage fins a l&#8217;infinit i m\u00e9s enll\u00e0\"}]},{\"@type\":\"WebSite\",\"@id\":\"https:\\\/\\\/valenciasjb.salesianos.edu\\\/colegio\\\/#website\",\"url\":\"https:\\\/\\\/valenciasjb.salesianos.edu\\\/colegio\\\/\",\"name\":\"Colegio San Juan Bosco Valencia\",\"description\":\"P\u00e1gina oficial del Colegio Salesianos San Juan Bosco Valencia\",\"alternateName\":\"Salesianos.VSJB\",\"potentialAction\":[{\"@type\":\"SearchAction\",\"target\":{\"@type\":\"EntryPoint\",\"urlTemplate\":\"https:\\\/\\\/valenciasjb.salesianos.edu\\\/colegio\\\/?s={search_term_string}\"},\"query-input\":{\"@type\":\"PropertyValueSpecification\",\"valueRequired\":true,\"valueName\":\"search_term_string\"}}],\"inLanguage\":\"es\"},{\"@type\":\"Person\",\"@id\":\"https:\\\/\\\/valenciasjb.salesianos.edu\\\/colegio\\\/#\\\/schema\\\/person\\\/1f45b67e52b27da175190a574db6bed9\",\"name\":\"veronicapastor\",\"image\":{\"@type\":\"ImageObject\",\"inLanguage\":\"es\",\"@id\":\"https:\\\/\\\/secure.gravatar.com\\\/avatar\\\/e29bd40bace3fd935e1d6fdb7313ffc14628cc037c5e16f4c7369b20a2a6f7f0?s=96&d=mm&r=g\",\"url\":\"https:\\\/\\\/secure.gravatar.com\\\/avatar\\\/e29bd40bace3fd935e1d6fdb7313ffc14628cc037c5e16f4c7369b20a2a6f7f0?s=96&d=mm&r=g\",\"contentUrl\":\"https:\\\/\\\/secure.gravatar.com\\\/avatar\\\/e29bd40bace3fd935e1d6fdb7313ffc14628cc037c5e16f4c7369b20a2a6f7f0?s=96&d=mm&r=g\",\"caption\":\"veronicapastor\"}}]}<\/script>\n<!-- \/ Yoast SEO plugin. -->","yoast_head_json":{"title":"L'aprententage fins a l'infinit i m\u00e9s enll\u00e0 - Colegio San Juan Bosco Valencia","robots":{"index":"index","follow":"follow","max-snippet":"max-snippet:-1","max-image-preview":"max-image-preview:large","max-video-preview":"max-video-preview:-1"},"canonical":"https:\/\/valenciasjb.salesianos.edu\/colegio\/laprententage-fins-a-linfinit-i-mes-enlla\/","og_locale":"es_ES","og_type":"article","og_title":"L'aprententage fins a l'infinit i m\u00e9s enll\u00e0 - Colegio San Juan Bosco Valencia","og_description":"Els xiquets i xiquetes de 5 anys pugen a la nau \"Projecte\" per a aprendre sobre l'espai.\u00a0El projecte sobre l'espai i les constel\u00b7lacions es troba en el seu equinoci.\u00a0Aquest projecte va comen\u00e7ar amb sorpresa, ja que la tem\u00e0tica fou guardada en secret per les tutores i les fam\u00edlies. L'alumnat de 5 anys va haver-hi que [&hellip;]","og_url":"https:\/\/valenciasjb.salesianos.edu\/colegio\/laprententage-fins-a-linfinit-i-mes-enlla\/","og_site_name":"Colegio San Juan Bosco Valencia","article_publisher":"https:\/\/www.facebook.com\/ColegioSalesianoSanJuanBoscoValencia","article_published_time":"2017-11-07T21:59:00+00:00","article_modified_time":"2017-11-08T11:17:16+00:00","og_image":[{"width":4160,"height":3120,"url":"https:\/\/valenciasjb.salesianos.edu\/colegio\/wp-content\/uploads\/sites\/2\/2017\/11\/IMG_20170928_092930.jpg","type":"image\/jpeg"}],"author":"veronicapastor","twitter_card":"summary_large_image","twitter_creator":"@SalesianosVSJB","twitter_site":"@SalesianosVSJB","twitter_misc":{"Escrito por":"veronicapastor","Tiempo de lectura":"3 minutos"},"schema":{"@context":"https:\/\/schema.org","@graph":[{"@type":"Article","@id":"https:\/\/valenciasjb.salesianos.edu\/colegio\/laprententage-fins-a-linfinit-i-mes-enlla\/#article","isPartOf":{"@id":"https:\/\/valenciasjb.salesianos.edu\/colegio\/laprententage-fins-a-linfinit-i-mes-enlla\/"},"author":{"name":"veronicapastor","@id":"https:\/\/valenciasjb.salesianos.edu\/colegio\/#\/schema\/person\/1f45b67e52b27da175190a574db6bed9"},"headline":"L&#8217;aprententage fins a l&#8217;infinit i m\u00e9s enll\u00e0","datePublished":"2017-11-07T21:59:00+00:00","dateModified":"2017-11-08T11:17:16+00:00","mainEntityOfPage":{"@id":"https:\/\/valenciasjb.salesianos.edu\/colegio\/laprententage-fins-a-linfinit-i-mes-enlla\/"},"wordCount":557,"image":{"@id":"https:\/\/valenciasjb.salesianos.edu\/colegio\/laprententage-fins-a-linfinit-i-mes-enlla\/#primaryimage"},"thumbnailUrl":"https:\/\/valenciasjb.salesianos.edu\/colegio\/wp-content\/uploads\/sites\/2\/2017\/11\/IMG_20170928_092930.jpg","articleSection":["Noticia Colegio"],"inLanguage":"es"},{"@type":"WebPage","@id":"https:\/\/valenciasjb.salesianos.edu\/colegio\/laprententage-fins-a-linfinit-i-mes-enlla\/","url":"https:\/\/valenciasjb.salesianos.edu\/colegio\/laprententage-fins-a-linfinit-i-mes-enlla\/","name":"L'aprententage fins a l'infinit i m\u00e9s enll\u00e0 - Colegio San Juan Bosco Valencia","isPartOf":{"@id":"https:\/\/valenciasjb.salesianos.edu\/colegio\/#website"},"primaryImageOfPage":{"@id":"https:\/\/valenciasjb.salesianos.edu\/colegio\/laprententage-fins-a-linfinit-i-mes-enlla\/#primaryimage"},"image":{"@id":"https:\/\/valenciasjb.salesianos.edu\/colegio\/laprententage-fins-a-linfinit-i-mes-enlla\/#primaryimage"},"thumbnailUrl":"https:\/\/valenciasjb.salesianos.edu\/colegio\/wp-content\/uploads\/sites\/2\/2017\/11\/IMG_20170928_092930.jpg","datePublished":"2017-11-07T21:59:00+00:00","dateModified":"2017-11-08T11:17:16+00:00","author":{"@id":"https:\/\/valenciasjb.salesianos.edu\/colegio\/#\/schema\/person\/1f45b67e52b27da175190a574db6bed9"},"breadcrumb":{"@id":"https:\/\/valenciasjb.salesianos.edu\/colegio\/laprententage-fins-a-linfinit-i-mes-enlla\/#breadcrumb"},"inLanguage":"es","potentialAction":[{"@type":"ReadAction","target":["https:\/\/valenciasjb.salesianos.edu\/colegio\/laprententage-fins-a-linfinit-i-mes-enlla\/"]}]},{"@type":"ImageObject","inLanguage":"es","@id":"https:\/\/valenciasjb.salesianos.edu\/colegio\/laprententage-fins-a-linfinit-i-mes-enlla\/#primaryimage","url":"https:\/\/valenciasjb.salesianos.edu\/colegio\/wp-content\/uploads\/sites\/2\/2017\/11\/IMG_20170928_092930.jpg","contentUrl":"https:\/\/valenciasjb.salesianos.edu\/colegio\/wp-content\/uploads\/sites\/2\/2017\/11\/IMG_20170928_092930.jpg","width":4160,"height":3120},{"@type":"BreadcrumbList","@id":"https:\/\/valenciasjb.salesianos.edu\/colegio\/laprententage-fins-a-linfinit-i-mes-enlla\/#breadcrumb","itemListElement":[{"@type":"ListItem","position":1,"name":"Portada","item":"https:\/\/valenciasjb.salesianos.edu\/colegio\/"},{"@type":"ListItem","position":2,"name":"L&#8217;aprententage fins a l&#8217;infinit i m\u00e9s enll\u00e0"}]},{"@type":"WebSite","@id":"https:\/\/valenciasjb.salesianos.edu\/colegio\/#website","url":"https:\/\/valenciasjb.salesianos.edu\/colegio\/","name":"Colegio San Juan Bosco Valencia","description":"P\u00e1gina oficial del Colegio Salesianos San Juan Bosco Valencia","alternateName":"Salesianos.VSJB","potentialAction":[{"@type":"SearchAction","target":{"@type":"EntryPoint","urlTemplate":"https:\/\/valenciasjb.salesianos.edu\/colegio\/?s={search_term_string}"},"query-input":{"@type":"PropertyValueSpecification","valueRequired":true,"valueName":"search_term_string"}}],"inLanguage":"es"},{"@type":"Person","@id":"https:\/\/valenciasjb.salesianos.edu\/colegio\/#\/schema\/person\/1f45b67e52b27da175190a574db6bed9","name":"veronicapastor","image":{"@type":"ImageObject","inLanguage":"es","@id":"https:\/\/secure.gravatar.com\/avatar\/e29bd40bace3fd935e1d6fdb7313ffc14628cc037c5e16f4c7369b20a2a6f7f0?s=96&d=mm&r=g","url":"https:\/\/secure.gravatar.com\/avatar\/e29bd40bace3fd935e1d6fdb7313ffc14628cc037c5e16f4c7369b20a2a6f7f0?s=96&d=mm&r=g","contentUrl":"https:\/\/secure.gravatar.com\/avatar\/e29bd40bace3fd935e1d6fdb7313ffc14628cc037c5e16f4c7369b20a2a6f7f0?s=96&d=mm&r=g","caption":"veronicapastor"}}]}},"_links":{"self":[{"href":"https:\/\/valenciasjb.salesianos.edu\/colegio\/wp-json\/wp\/v2\/posts\/5917","targetHints":{"allow":["GET"]}}],"collection":[{"href":"https:\/\/valenciasjb.salesianos.edu\/colegio\/wp-json\/wp\/v2\/posts"}],"about":[{"href":"https:\/\/valenciasjb.salesianos.edu\/colegio\/wp-json\/wp\/v2\/types\/post"}],"author":[{"embeddable":true,"href":"https:\/\/valenciasjb.salesianos.edu\/colegio\/wp-json\/wp\/v2\/users\/6"}],"replies":[{"embeddable":true,"href":"https:\/\/valenciasjb.salesianos.edu\/colegio\/wp-json\/wp\/v2\/comments?post=5917"}],"version-history":[{"count":5,"href":"https:\/\/valenciasjb.salesianos.edu\/colegio\/wp-json\/wp\/v2\/posts\/5917\/revisions"}],"predecessor-version":[{"id":5926,"href":"https:\/\/valenciasjb.salesianos.edu\/colegio\/wp-json\/wp\/v2\/posts\/5917\/revisions\/5926"}],"wp:featuredmedia":[{"embeddable":true,"href":"https:\/\/valenciasjb.salesianos.edu\/colegio\/wp-json\/wp\/v2\/media\/5921"}],"wp:attachment":[{"href":"https:\/\/valenciasjb.salesianos.edu\/colegio\/wp-json\/wp\/v2\/media?parent=5917"}],"wp:term":[{"taxonomy":"category","embeddable":true,"href":"https:\/\/valenciasjb.salesianos.edu\/colegio\/wp-json\/wp\/v2\/categories?post=5917"},{"taxonomy":"post_tag","embeddable":true,"href":"https:\/\/valenciasjb.salesianos.edu\/colegio\/wp-json\/wp\/v2\/tags?post=5917"}],"curies":[{"name":"wp","href":"https:\/\/api.w.org\/{rel}","templated":true}]}}