{"id":5974,"date":"2017-11-08T22:05:22","date_gmt":"2017-11-08T21:05:22","guid":{"rendered":"https:\/\/valenciasjb.salesianos.edu\/colegio\/?p=5974"},"modified":"2017-11-10T09:25:46","modified_gmt":"2017-11-10T08:25:46","slug":"conocemos-nuestra-iglesia-parte-fundamental-de-nuestra-casa","status":"publish","type":"post","link":"https:\/\/valenciasjb.salesianos.edu\/colegio\/conocemos-nuestra-iglesia-parte-fundamental-de-nuestra-casa\/","title":{"rendered":"Conocemos nuestra Iglesia, parte fundamental de nuestra casa"},"content":{"rendered":"<div id=\"fb-root\"><\/div>\n<p>[et_pb_section bb_built=\u00bb1&#8243; admin_label=\u00bbsection\u00bb][et_pb_row admin_label=\u00bbrow\u00bb background_position=\u00bbtop_left\u00bb background_repeat=\u00bbrepeat\u00bb background_size=\u00bbinitial\u00bb][et_pb_column type=\u00bb4_4&#8243;][et_pb_text admin_label=\u00bbEntradilla (Texto)\u00bb _builder_version=\u00bb3.0.85&#8243; background_layout=\u00bblight\u00bb text_orientation=\u00bbjustified\u00bb text_font=\u00bb|on|||\u00bb]<\/p>\n<div id=\"resumen\">\n<p><img loading=\"lazy\" decoding=\"async\" class=\"alignnone wp-image-5975\" src=\"https:\/\/valenciasjb.salesianos.edu\/colegio\/wp-content\/uploads\/sites\/2\/2017\/11\/image1-300x225.jpeg\" alt=\"\" width=\"781\" height=\"585\" srcset=\"https:\/\/valenciasjb.salesianos.edu\/colegio\/wp-content\/uploads\/sites\/2\/2017\/11\/image1-300x225.jpeg 300w, https:\/\/valenciasjb.salesianos.edu\/colegio\/wp-content\/uploads\/sites\/2\/2017\/11\/image1-768x576.jpeg 768w, https:\/\/valenciasjb.salesianos.edu\/colegio\/wp-content\/uploads\/sites\/2\/2017\/11\/image1-1024x768.jpeg 1024w, https:\/\/valenciasjb.salesianos.edu\/colegio\/wp-content\/uploads\/sites\/2\/2017\/11\/image1-510x382.jpeg 510w, https:\/\/valenciasjb.salesianos.edu\/colegio\/wp-content\/uploads\/sites\/2\/2017\/11\/image1-1080x810.jpeg 1080w, https:\/\/valenciasjb.salesianos.edu\/colegio\/wp-content\/uploads\/sites\/2\/2017\/11\/image1.jpeg 2016w\" sizes=\"(max-width: 781px) 100vw, 781px\" \/><\/p>\n<p><span style=\"font-family: Verdana, sans-serif;\"><span style=\"font-size: small;\">El lunes 30 de octubre, por la tarde, los m\u00e1s peque\u00f1os visitaron por primera vez la Iglesia del colegio.\u00a0<\/span><\/span><span style=\"font-family: Verdana, sans-serif;\"><span style=\"font-size: small;\">Con esta visita conseguimos que los ni\u00f1os asociaran las figuras m\u00e1s representativas de nuestro colegio en la Iglesia. Adem\u00e1s, presentamos la misma como el lugar en donde la familia cristiana se re\u00fane para celebrar la Eucar\u00edstia.<\/span><\/span><\/p>\n<p><strong><br \/>\n<\/strong><\/p>\n<\/div>\n<div><\/div>\n<p>[\/et_pb_text][et_pb_text admin_label=\u00bbAutor (Texto)\u00bb _builder_version=\u00bb3.0.85&#8243; background_layout=\u00bblight\u00bb text_font=\u00bb||on||\u00bb]<\/p>\n<p><span style=\"font-family: Verdana, sans-serif;\"><span style=\"font-size: small;\">Puri Quilis, profesora de Infantil.<\/span><\/span><\/p>\n<p>[\/et_pb_text][et_pb_text admin_label=\u00bbDesarrollo (Texto)\u00bb _builder_version=\u00bb3.0.85&#8243; background_layout=\u00bblight\u00bb text_orientation=\u00bbjustified\u00bb module_alignment=\u00bbjustified\u00bb]<\/p>\n<p><span style=\"font-family: Verdana, sans-serif;\"><span style=\"font-size: small;\">Acompa\u00f1ados por las tutoras, los alumnos reconocieron algunos s\u00edmbolos y elementos caracter\u00edsticos como por ejemplo la vela (luz), la pila bautismal (agua), el altar, los bancos, etc. Tambi\u00e9n, trabajamos actitudes tan importantes como el silencio, sentarse bien, cantar a la Virgen y a Jes\u00fas, etc.<\/span><\/span><\/p>\n<p><span style=\"font-family: Verdana, sans-serif;\"><span style=\"font-size: small;\">En todo momento, los ni\u00f1os estuvieron muy motivados al haber conocido las figuras de M\u00aa Auxiliadora, D. Bosco, Jes\u00fas, Domingo Savio, a qui\u00e9nes les regalaron un mont\u00f3n de besos y alguna que otra canci\u00f3n.<\/span><\/span><\/p>\n<p>[\/et_pb_text][et_pb_text admin_label=\u00bbT\u00edtulo: Galer\u00eda de fotos (Texto)\u00bb _builder_version=\u00bb3.0.76&#8243; background_layout=\u00bblight\u00bb text_font=\u00bb|on|||\u00bb text_text_color=\u00bb#dc001b\u00bb border_style=\u00bbsolid\u00bb disabled=\u00bboff\u00bb disabled_on=\u00bboff|on|on\u00bb]<\/p>\n<p>Galer\u00eda de im\u00e1genes<\/p>\n<p>[\/et_pb_text][et_pb_gallery _builder_version=\u00bb3.0.85&#8243; posts_number=\u00bb8&#8243; show_title_and_caption=\u00bboff\u00bb show_pagination=\u00bbon\u00bb fullwidth=\u00bboff\u00bb orientation=\u00bblandscape\u00bb zoom_icon_color=\u00bb#dc001b\u00bb hover_overlay_color=\u00bbrgba(255,255,255,0.9)\u00bb hover_icon=\u00bb%%51%%\u00bb background_layout=\u00bblight\u00bb disabled=\u00bboff\u00bb disabled_on=\u00bboff|off|off\u00bb gallery_ids=\u00bb5979,5978,5977,5976,5975&#8243; pagination_font_size_tablet=\u00bb51&#8243; pagination_line_height_tablet=\u00bb2&#8243; \/][et_pb_video _builder_version=\u00bb3.0.51&#8243; disabled=\u00bbon\u00bb disabled_on=\u00bbon|on|on\u00bb \/][\/et_pb_column][\/et_pb_row][\/et_pb_section]<\/p>\n<!-- AddThis Advanced Settings generic via filter on the_content --><!-- AddThis Share Buttons generic via filter on the_content -->","protected":false},"excerpt":{"rendered":"<p>El lunes 30 de octubre, por la tarde, los m\u00e1s peque\u00f1os visitaron por primera vez la Iglesia del colegio.\u00a0Con esta visita conseguimos que los ni\u00f1os asociaran las figuras m\u00e1s representativas de nuestro colegio en la Iglesia. Adem\u00e1s, presentamos la misma como el lugar en donde la familia cristiana se re\u00fane para celebrar la Eucar\u00edstia. Puri [&hellip;]<\/p>\n<p><!-- AddThis Advanced Settings generic via filter on get_the_excerpt --><!-- AddThis Share Buttons generic via filter on get_the_excerpt --><\/p>\n","protected":false},"author":6,"featured_media":5977,"comment_status":"closed","ping_status":"open","sticky":false,"template":"","format":"standard","meta":{"_et_pb_use_builder":"on","_et_pb_old_content":"","_et_gb_content_width":"","footnotes":""},"categories":[14],"tags":[],"class_list":["post-5974","post","type-post","status-publish","format-standard","has-post-thumbnail","hentry","category-noticia_colegio"],"yoast_head":"<!-- This site is optimized with the Yoast SEO plugin v28.4 - https:\/\/yoast.com\/product\/yoast-seo-wordpress\/ -->\n<title>Conocemos nuestra Iglesia, parte fundamental de nuestra casa - Colegio San Juan Bosco Valencia<\/title>\n<meta name=\"robots\" content=\"index, follow, max-snippet:-1, max-image-preview:large, max-video-preview:-1\" \/>\n<link rel=\"canonical\" href=\"https:\/\/valenciasjb.salesianos.edu\/colegio\/conocemos-nuestra-iglesia-parte-fundamental-de-nuestra-casa\/\" \/>\n<meta property=\"og:locale\" content=\"es_ES\" \/>\n<meta property=\"og:type\" content=\"article\" \/>\n<meta property=\"og:title\" content=\"Conocemos nuestra Iglesia, parte fundamental de nuestra casa - Colegio San Juan Bosco Valencia\" \/>\n<meta property=\"og:description\" content=\"El lunes 30 de octubre, por la tarde, los m\u00e1s peque\u00f1os visitaron por primera vez la Iglesia del colegio.\u00a0Con esta visita conseguimos que los ni\u00f1os asociaran las figuras m\u00e1s representativas de nuestro colegio en la Iglesia. Adem\u00e1s, presentamos la misma como el lugar en donde la familia cristiana se re\u00fane para celebrar la Eucar\u00edstia. Puri [&hellip;]\" \/>\n<meta property=\"og:url\" content=\"https:\/\/valenciasjb.salesianos.edu\/colegio\/conocemos-nuestra-iglesia-parte-fundamental-de-nuestra-casa\/\" \/>\n<meta property=\"og:site_name\" content=\"Colegio San Juan Bosco Valencia\" \/>\n<meta property=\"article:publisher\" content=\"https:\/\/www.facebook.com\/ColegioSalesianoSanJuanBoscoValencia\" \/>\n<meta property=\"article:published_time\" content=\"2017-11-08T21:05:22+00:00\" \/>\n<meta property=\"article:modified_time\" content=\"2017-11-10T08:25:46+00:00\" \/>\n<meta property=\"og:image\" content=\"https:\/\/valenciasjb.salesianos.edu\/colegio\/wp-content\/uploads\/sites\/2\/2017\/11\/image3.jpeg\" \/>\n\t<meta property=\"og:image:width\" content=\"2016\" \/>\n\t<meta property=\"og:image:height\" content=\"1512\" \/>\n\t<meta property=\"og:image:type\" content=\"image\/jpeg\" \/>\n<meta name=\"author\" content=\"veronicapastor\" \/>\n<meta name=\"twitter:card\" content=\"summary_large_image\" \/>\n<meta name=\"twitter:creator\" content=\"@SalesianosVSJB\" \/>\n<meta name=\"twitter:site\" content=\"@SalesianosVSJB\" \/>\n<meta name=\"twitter:label1\" content=\"Escrito por\" \/>\n\t<meta name=\"twitter:data1\" content=\"veronicapastor\" \/>\n\t<meta name=\"twitter:label2\" content=\"Tiempo de lectura\" \/>\n\t<meta name=\"twitter:data2\" content=\"2 minutos\" \/>\n<script type=\"application\/ld+json\" class=\"yoast-schema-graph\">{\"@context\":\"https:\\\/\\\/schema.org\",\"@graph\":[{\"@type\":\"Article\",\"@id\":\"https:\\\/\\\/valenciasjb.salesianos.edu\\\/colegio\\\/conocemos-nuestra-iglesia-parte-fundamental-de-nuestra-casa\\\/#article\",\"isPartOf\":{\"@id\":\"https:\\\/\\\/valenciasjb.salesianos.edu\\\/colegio\\\/conocemos-nuestra-iglesia-parte-fundamental-de-nuestra-casa\\\/\"},\"author\":{\"name\":\"veronicapastor\",\"@id\":\"https:\\\/\\\/valenciasjb.salesianos.edu\\\/colegio\\\/#\\\/schema\\\/person\\\/1f45b67e52b27da175190a574db6bed9\"},\"headline\":\"Conocemos nuestra Iglesia, parte fundamental de nuestra casa\",\"datePublished\":\"2017-11-08T21:05:22+00:00\",\"dateModified\":\"2017-11-10T08:25:46+00:00\",\"mainEntityOfPage\":{\"@id\":\"https:\\\/\\\/valenciasjb.salesianos.edu\\\/colegio\\\/conocemos-nuestra-iglesia-parte-fundamental-de-nuestra-casa\\\/\"},\"wordCount\":365,\"image\":{\"@id\":\"https:\\\/\\\/valenciasjb.salesianos.edu\\\/colegio\\\/conocemos-nuestra-iglesia-parte-fundamental-de-nuestra-casa\\\/#primaryimage\"},\"thumbnailUrl\":\"https:\\\/\\\/valenciasjb.salesianos.edu\\\/colegio\\\/wp-content\\\/uploads\\\/sites\\\/2\\\/2017\\\/11\\\/image3.jpeg\",\"articleSection\":[\"Noticia Colegio\"],\"inLanguage\":\"es\"},{\"@type\":\"WebPage\",\"@id\":\"https:\\\/\\\/valenciasjb.salesianos.edu\\\/colegio\\\/conocemos-nuestra-iglesia-parte-fundamental-de-nuestra-casa\\\/\",\"url\":\"https:\\\/\\\/valenciasjb.salesianos.edu\\\/colegio\\\/conocemos-nuestra-iglesia-parte-fundamental-de-nuestra-casa\\\/\",\"name\":\"Conocemos nuestra Iglesia, parte fundamental de nuestra casa - Colegio San Juan Bosco Valencia\",\"isPartOf\":{\"@id\":\"https:\\\/\\\/valenciasjb.salesianos.edu\\\/colegio\\\/#website\"},\"primaryImageOfPage\":{\"@id\":\"https:\\\/\\\/valenciasjb.salesianos.edu\\\/colegio\\\/conocemos-nuestra-iglesia-parte-fundamental-de-nuestra-casa\\\/#primaryimage\"},\"image\":{\"@id\":\"https:\\\/\\\/valenciasjb.salesianos.edu\\\/colegio\\\/conocemos-nuestra-iglesia-parte-fundamental-de-nuestra-casa\\\/#primaryimage\"},\"thumbnailUrl\":\"https:\\\/\\\/valenciasjb.salesianos.edu\\\/colegio\\\/wp-content\\\/uploads\\\/sites\\\/2\\\/2017\\\/11\\\/image3.jpeg\",\"datePublished\":\"2017-11-08T21:05:22+00:00\",\"dateModified\":\"2017-11-10T08:25:46+00:00\",\"author\":{\"@id\":\"https:\\\/\\\/valenciasjb.salesianos.edu\\\/colegio\\\/#\\\/schema\\\/person\\\/1f45b67e52b27da175190a574db6bed9\"},\"breadcrumb\":{\"@id\":\"https:\\\/\\\/valenciasjb.salesianos.edu\\\/colegio\\\/conocemos-nuestra-iglesia-parte-fundamental-de-nuestra-casa\\\/#breadcrumb\"},\"inLanguage\":\"es\",\"potentialAction\":[{\"@type\":\"ReadAction\",\"target\":[\"https:\\\/\\\/valenciasjb.salesianos.edu\\\/colegio\\\/conocemos-nuestra-iglesia-parte-fundamental-de-nuestra-casa\\\/\"]}]},{\"@type\":\"ImageObject\",\"inLanguage\":\"es\",\"@id\":\"https:\\\/\\\/valenciasjb.salesianos.edu\\\/colegio\\\/conocemos-nuestra-iglesia-parte-fundamental-de-nuestra-casa\\\/#primaryimage\",\"url\":\"https:\\\/\\\/valenciasjb.salesianos.edu\\\/colegio\\\/wp-content\\\/uploads\\\/sites\\\/2\\\/2017\\\/11\\\/image3.jpeg\",\"contentUrl\":\"https:\\\/\\\/valenciasjb.salesianos.edu\\\/colegio\\\/wp-content\\\/uploads\\\/sites\\\/2\\\/2017\\\/11\\\/image3.jpeg\",\"width\":2016,\"height\":1512},{\"@type\":\"BreadcrumbList\",\"@id\":\"https:\\\/\\\/valenciasjb.salesianos.edu\\\/colegio\\\/conocemos-nuestra-iglesia-parte-fundamental-de-nuestra-casa\\\/#breadcrumb\",\"itemListElement\":[{\"@type\":\"ListItem\",\"position\":1,\"name\":\"Portada\",\"item\":\"https:\\\/\\\/valenciasjb.salesianos.edu\\\/colegio\\\/\"},{\"@type\":\"ListItem\",\"position\":2,\"name\":\"Conocemos nuestra Iglesia, parte fundamental de nuestra casa\"}]},{\"@type\":\"WebSite\",\"@id\":\"https:\\\/\\\/valenciasjb.salesianos.edu\\\/colegio\\\/#website\",\"url\":\"https:\\\/\\\/valenciasjb.salesianos.edu\\\/colegio\\\/\",\"name\":\"Colegio San Juan Bosco Valencia\",\"description\":\"P\u00e1gina oficial del Colegio Salesianos San Juan Bosco Valencia\",\"alternateName\":\"Salesianos.VSJB\",\"potentialAction\":[{\"@type\":\"SearchAction\",\"target\":{\"@type\":\"EntryPoint\",\"urlTemplate\":\"https:\\\/\\\/valenciasjb.salesianos.edu\\\/colegio\\\/?s={search_term_string}\"},\"query-input\":{\"@type\":\"PropertyValueSpecification\",\"valueRequired\":true,\"valueName\":\"search_term_string\"}}],\"inLanguage\":\"es\"},{\"@type\":\"Person\",\"@id\":\"https:\\\/\\\/valenciasjb.salesianos.edu\\\/colegio\\\/#\\\/schema\\\/person\\\/1f45b67e52b27da175190a574db6bed9\",\"name\":\"veronicapastor\",\"image\":{\"@type\":\"ImageObject\",\"inLanguage\":\"es\",\"@id\":\"https:\\\/\\\/secure.gravatar.com\\\/avatar\\\/e29bd40bace3fd935e1d6fdb7313ffc14628cc037c5e16f4c7369b20a2a6f7f0?s=96&d=mm&r=g\",\"url\":\"https:\\\/\\\/secure.gravatar.com\\\/avatar\\\/e29bd40bace3fd935e1d6fdb7313ffc14628cc037c5e16f4c7369b20a2a6f7f0?s=96&d=mm&r=g\",\"contentUrl\":\"https:\\\/\\\/secure.gravatar.com\\\/avatar\\\/e29bd40bace3fd935e1d6fdb7313ffc14628cc037c5e16f4c7369b20a2a6f7f0?s=96&d=mm&r=g\",\"caption\":\"veronicapastor\"}}]}<\/script>\n<!-- \/ Yoast SEO plugin. -->","yoast_head_json":{"title":"Conocemos nuestra Iglesia, parte fundamental de nuestra casa - Colegio San Juan Bosco Valencia","robots":{"index":"index","follow":"follow","max-snippet":"max-snippet:-1","max-image-preview":"max-image-preview:large","max-video-preview":"max-video-preview:-1"},"canonical":"https:\/\/valenciasjb.salesianos.edu\/colegio\/conocemos-nuestra-iglesia-parte-fundamental-de-nuestra-casa\/","og_locale":"es_ES","og_type":"article","og_title":"Conocemos nuestra Iglesia, parte fundamental de nuestra casa - Colegio San Juan Bosco Valencia","og_description":"El lunes 30 de octubre, por la tarde, los m\u00e1s peque\u00f1os visitaron por primera vez la Iglesia del colegio.\u00a0Con esta visita conseguimos que los ni\u00f1os asociaran las figuras m\u00e1s representativas de nuestro colegio en la Iglesia. Adem\u00e1s, presentamos la misma como el lugar en donde la familia cristiana se re\u00fane para celebrar la Eucar\u00edstia. Puri [&hellip;]","og_url":"https:\/\/valenciasjb.salesianos.edu\/colegio\/conocemos-nuestra-iglesia-parte-fundamental-de-nuestra-casa\/","og_site_name":"Colegio San Juan Bosco Valencia","article_publisher":"https:\/\/www.facebook.com\/ColegioSalesianoSanJuanBoscoValencia","article_published_time":"2017-11-08T21:05:22+00:00","article_modified_time":"2017-11-10T08:25:46+00:00","og_image":[{"width":2016,"height":1512,"url":"https:\/\/valenciasjb.salesianos.edu\/colegio\/wp-content\/uploads\/sites\/2\/2017\/11\/image3.jpeg","type":"image\/jpeg"}],"author":"veronicapastor","twitter_card":"summary_large_image","twitter_creator":"@SalesianosVSJB","twitter_site":"@SalesianosVSJB","twitter_misc":{"Escrito por":"veronicapastor","Tiempo de lectura":"2 minutos"},"schema":{"@context":"https:\/\/schema.org","@graph":[{"@type":"Article","@id":"https:\/\/valenciasjb.salesianos.edu\/colegio\/conocemos-nuestra-iglesia-parte-fundamental-de-nuestra-casa\/#article","isPartOf":{"@id":"https:\/\/valenciasjb.salesianos.edu\/colegio\/conocemos-nuestra-iglesia-parte-fundamental-de-nuestra-casa\/"},"author":{"name":"veronicapastor","@id":"https:\/\/valenciasjb.salesianos.edu\/colegio\/#\/schema\/person\/1f45b67e52b27da175190a574db6bed9"},"headline":"Conocemos nuestra Iglesia, parte fundamental de nuestra casa","datePublished":"2017-11-08T21:05:22+00:00","dateModified":"2017-11-10T08:25:46+00:00","mainEntityOfPage":{"@id":"https:\/\/valenciasjb.salesianos.edu\/colegio\/conocemos-nuestra-iglesia-parte-fundamental-de-nuestra-casa\/"},"wordCount":365,"image":{"@id":"https:\/\/valenciasjb.salesianos.edu\/colegio\/conocemos-nuestra-iglesia-parte-fundamental-de-nuestra-casa\/#primaryimage"},"thumbnailUrl":"https:\/\/valenciasjb.salesianos.edu\/colegio\/wp-content\/uploads\/sites\/2\/2017\/11\/image3.jpeg","articleSection":["Noticia Colegio"],"inLanguage":"es"},{"@type":"WebPage","@id":"https:\/\/valenciasjb.salesianos.edu\/colegio\/conocemos-nuestra-iglesia-parte-fundamental-de-nuestra-casa\/","url":"https:\/\/valenciasjb.salesianos.edu\/colegio\/conocemos-nuestra-iglesia-parte-fundamental-de-nuestra-casa\/","name":"Conocemos nuestra Iglesia, parte fundamental de nuestra casa - Colegio San Juan Bosco Valencia","isPartOf":{"@id":"https:\/\/valenciasjb.salesianos.edu\/colegio\/#website"},"primaryImageOfPage":{"@id":"https:\/\/valenciasjb.salesianos.edu\/colegio\/conocemos-nuestra-iglesia-parte-fundamental-de-nuestra-casa\/#primaryimage"},"image":{"@id":"https:\/\/valenciasjb.salesianos.edu\/colegio\/conocemos-nuestra-iglesia-parte-fundamental-de-nuestra-casa\/#primaryimage"},"thumbnailUrl":"https:\/\/valenciasjb.salesianos.edu\/colegio\/wp-content\/uploads\/sites\/2\/2017\/11\/image3.jpeg","datePublished":"2017-11-08T21:05:22+00:00","dateModified":"2017-11-10T08:25:46+00:00","author":{"@id":"https:\/\/valenciasjb.salesianos.edu\/colegio\/#\/schema\/person\/1f45b67e52b27da175190a574db6bed9"},"breadcrumb":{"@id":"https:\/\/valenciasjb.salesianos.edu\/colegio\/conocemos-nuestra-iglesia-parte-fundamental-de-nuestra-casa\/#breadcrumb"},"inLanguage":"es","potentialAction":[{"@type":"ReadAction","target":["https:\/\/valenciasjb.salesianos.edu\/colegio\/conocemos-nuestra-iglesia-parte-fundamental-de-nuestra-casa\/"]}]},{"@type":"ImageObject","inLanguage":"es","@id":"https:\/\/valenciasjb.salesianos.edu\/colegio\/conocemos-nuestra-iglesia-parte-fundamental-de-nuestra-casa\/#primaryimage","url":"https:\/\/valenciasjb.salesianos.edu\/colegio\/wp-content\/uploads\/sites\/2\/2017\/11\/image3.jpeg","contentUrl":"https:\/\/valenciasjb.salesianos.edu\/colegio\/wp-content\/uploads\/sites\/2\/2017\/11\/image3.jpeg","width":2016,"height":1512},{"@type":"BreadcrumbList","@id":"https:\/\/valenciasjb.salesianos.edu\/colegio\/conocemos-nuestra-iglesia-parte-fundamental-de-nuestra-casa\/#breadcrumb","itemListElement":[{"@type":"ListItem","position":1,"name":"Portada","item":"https:\/\/valenciasjb.salesianos.edu\/colegio\/"},{"@type":"ListItem","position":2,"name":"Conocemos nuestra Iglesia, parte fundamental de nuestra casa"}]},{"@type":"WebSite","@id":"https:\/\/valenciasjb.salesianos.edu\/colegio\/#website","url":"https:\/\/valenciasjb.salesianos.edu\/colegio\/","name":"Colegio San Juan Bosco Valencia","description":"P\u00e1gina oficial del Colegio Salesianos San Juan Bosco Valencia","alternateName":"Salesianos.VSJB","potentialAction":[{"@type":"SearchAction","target":{"@type":"EntryPoint","urlTemplate":"https:\/\/valenciasjb.salesianos.edu\/colegio\/?s={search_term_string}"},"query-input":{"@type":"PropertyValueSpecification","valueRequired":true,"valueName":"search_term_string"}}],"inLanguage":"es"},{"@type":"Person","@id":"https:\/\/valenciasjb.salesianos.edu\/colegio\/#\/schema\/person\/1f45b67e52b27da175190a574db6bed9","name":"veronicapastor","image":{"@type":"ImageObject","inLanguage":"es","@id":"https:\/\/secure.gravatar.com\/avatar\/e29bd40bace3fd935e1d6fdb7313ffc14628cc037c5e16f4c7369b20a2a6f7f0?s=96&d=mm&r=g","url":"https:\/\/secure.gravatar.com\/avatar\/e29bd40bace3fd935e1d6fdb7313ffc14628cc037c5e16f4c7369b20a2a6f7f0?s=96&d=mm&r=g","contentUrl":"https:\/\/secure.gravatar.com\/avatar\/e29bd40bace3fd935e1d6fdb7313ffc14628cc037c5e16f4c7369b20a2a6f7f0?s=96&d=mm&r=g","caption":"veronicapastor"}}]}},"_links":{"self":[{"href":"https:\/\/valenciasjb.salesianos.edu\/colegio\/wp-json\/wp\/v2\/posts\/5974","targetHints":{"allow":["GET"]}}],"collection":[{"href":"https:\/\/valenciasjb.salesianos.edu\/colegio\/wp-json\/wp\/v2\/posts"}],"about":[{"href":"https:\/\/valenciasjb.salesianos.edu\/colegio\/wp-json\/wp\/v2\/types\/post"}],"author":[{"embeddable":true,"href":"https:\/\/valenciasjb.salesianos.edu\/colegio\/wp-json\/wp\/v2\/users\/6"}],"replies":[{"embeddable":true,"href":"https:\/\/valenciasjb.salesianos.edu\/colegio\/wp-json\/wp\/v2\/comments?post=5974"}],"version-history":[{"count":4,"href":"https:\/\/valenciasjb.salesianos.edu\/colegio\/wp-json\/wp\/v2\/posts\/5974\/revisions"}],"predecessor-version":[{"id":5998,"href":"https:\/\/valenciasjb.salesianos.edu\/colegio\/wp-json\/wp\/v2\/posts\/5974\/revisions\/5998"}],"wp:featuredmedia":[{"embeddable":true,"href":"https:\/\/valenciasjb.salesianos.edu\/colegio\/wp-json\/wp\/v2\/media\/5977"}],"wp:attachment":[{"href":"https:\/\/valenciasjb.salesianos.edu\/colegio\/wp-json\/wp\/v2\/media?parent=5974"}],"wp:term":[{"taxonomy":"category","embeddable":true,"href":"https:\/\/valenciasjb.salesianos.edu\/colegio\/wp-json\/wp\/v2\/categories?post=5974"},{"taxonomy":"post_tag","embeddable":true,"href":"https:\/\/valenciasjb.salesianos.edu\/colegio\/wp-json\/wp\/v2\/tags?post=5974"}],"curies":[{"name":"wp","href":"https:\/\/api.w.org\/{rel}","templated":true}]}}