{"id":6009,"date":"2017-11-10T22:46:42","date_gmt":"2017-11-10T21:46:42","guid":{"rendered":"https:\/\/valenciasjb.salesianos.edu\/colegio\/?p=6009"},"modified":"2017-11-10T22:46:42","modified_gmt":"2017-11-10T21:46:42","slug":"cientificos-e-investigadoras-de-la-casa-en-comun-de-1o-de-primaria-hay-un-sitio-para-vosotros","status":"publish","type":"post","link":"https:\/\/valenciasjb.salesianos.edu\/colegio\/cientificos-e-investigadoras-de-la-casa-en-comun-de-1o-de-primaria-hay-un-sitio-para-vosotros\/","title":{"rendered":"Cient\u00edficos e investigadoras de la Casa en Com\u00fan  de 1\u00ba de Primaria, hay un sitio para vosotros"},"content":{"rendered":"<div id=\"fb-root\"><\/div>\n<p>[et_pb_section bb_built=\u00bb1&#8243; admin_label=\u00bbsection\u00bb][et_pb_row admin_label=\u00bbrow\u00bb background_position=\u00bbtop_left\u00bb background_repeat=\u00bbrepeat\u00bb background_size=\u00bbinitial\u00bb][et_pb_column type=\u00bb4_4&#8243;][et_pb_text admin_label=\u00bbEntradilla (Texto)\u00bb _builder_version=\u00bb3.0.85&#8243; background_layout=\u00bblight\u00bb text_orientation=\u00bbjustified\u00bb text_font=\u00bb|on|||\u00bb]<\/p>\n<div>\n<p>Cient\u00edficos y cient\u00edficas, hay un sitio para vosotros. As\u00ed est\u00e1 llevando a cabo el nivel de 1\u00ba de Primaria su proyecto en el \u00e1rea de Ciencias Naturales \u201cCient\u00edficas e investigadoras investigadoras de la Casa Com\u00fan\u201d.<\/p>\n<\/div>\n<p>[\/et_pb_text][et_pb_text admin_label=\u00bbAutor (Texto)\u00bb _builder_version=\u00bb3.0.85&#8243; background_layout=\u00bblight\u00bb text_font=\u00bb||on||\u00bb]<\/p>\n<p><em>Equipo de profesores de 1\u00ba Primaria<\/em><\/p>\n<p>[\/et_pb_text][et_pb_text admin_label=\u00bbDesarrollo (Texto)\u00bb _builder_version=\u00bb3.0.85&#8243; background_layout=\u00bblight\u00bb text_orientation=\u00bbjustified\u00bb]<\/p>\n<p><img loading=\"lazy\" decoding=\"async\" class=\"alignnone  wp-image-6011\" src=\"https:\/\/valenciasjb.salesianos.edu\/colegio\/wp-content\/uploads\/sites\/2\/2017\/11\/171108_1-300x225.jpg\" alt=\"\" width=\"829\" height=\"622\" srcset=\"https:\/\/valenciasjb.salesianos.edu\/colegio\/wp-content\/uploads\/sites\/2\/2017\/11\/171108_1-300x225.jpg 300w, https:\/\/valenciasjb.salesianos.edu\/colegio\/wp-content\/uploads\/sites\/2\/2017\/11\/171108_1-768x576.jpg 768w, https:\/\/valenciasjb.salesianos.edu\/colegio\/wp-content\/uploads\/sites\/2\/2017\/11\/171108_1-1024x768.jpg 1024w, https:\/\/valenciasjb.salesianos.edu\/colegio\/wp-content\/uploads\/sites\/2\/2017\/11\/171108_1-510x382.jpg 510w, https:\/\/valenciasjb.salesianos.edu\/colegio\/wp-content\/uploads\/sites\/2\/2017\/11\/171108_1-1080x810.jpg 1080w\" sizes=\"(max-width: 829px) 100vw, 829px\" \/><\/p>\n<p>Todos los alumnos de 1\u00ba han firmado su compromiso de permanecer a este gran grupo de investigaci\u00f3n encabezados por Carlos G\u00f3mez, Isabel Belloch, Carmen Casa\u00f1 y Pilar Gorbe. Despu\u00e9s de varias semanas de trabajo, los alumnos ya han identificado todas las partes de su cuerpo con diferentes juegos de lateralidad y de conciencia corporal incorporando sesiones de biodanza; las emociones que suscita la alegr\u00eda, la tristeza, ira, o el miedo, y c\u00f3mo saber gestionarlas sin olvidarnos de la vuelta a la calma como parte de reflexi\u00f3n personal. Adem\u00e1s, nuestros alumnos est\u00e1n descubriendo la magia que ofrecen los sentidos del cuerpo, asociando el \u00f3rgano del cuerpo a la sensaci\u00f3n que produce y valorando la importancia de poder sentir a trav\u00e9s de ellos.<\/p>\n<p>Cada d\u00eda est\u00e1n m\u00e1s ilusionados y entusiasmados, ellos son los principales protagonistas de este peque\u00f1o gran viaje cient\u00edfico que est\u00e1 recorriendo todo su cuerpo y que les ayuda a conocerse mejor a ellos mismos.<\/p>\n<p>Os dejamos a continuaci\u00f3n varios momentos de la puesta en marcha de este proyecto que estamos seguros que les dejar\u00e1 huella en su mente y en su coraz\u00f3n.<\/p>\n<p>[\/et_pb_text][et_pb_text admin_label=\u00bbT\u00edtulo: Galer\u00eda de fotos (Texto)\u00bb _builder_version=\u00bb3.0.76&#8243; background_layout=\u00bblight\u00bb text_font=\u00bb|on|||\u00bb text_text_color=\u00bb#dc001b\u00bb border_style=\u00bbsolid\u00bb disabled=\u00bboff\u00bb disabled_on=\u00bboff|on|on\u00bb]<\/p>\n<p>Galer\u00eda de im\u00e1genes<\/p>\n<p>[\/et_pb_text][et_pb_gallery _builder_version=\u00bb3.0.85&#8243; posts_number=\u00bb8&#8243; show_title_and_caption=\u00bboff\u00bb show_pagination=\u00bbon\u00bb fullwidth=\u00bboff\u00bb orientation=\u00bblandscape\u00bb zoom_icon_color=\u00bb#dc001b\u00bb hover_overlay_color=\u00bbrgba(255,255,255,0.9)\u00bb hover_icon=\u00bb%%51%%\u00bb background_layout=\u00bblight\u00bb disabled=\u00bboff\u00bb disabled_on=\u00bboff|off|off\u00bb gallery_ids=\u00bb6014,6013,6012,6011,6010&#8243; pagination_font_size_tablet=\u00bb51&#8243; pagination_line_height_tablet=\u00bb2&#8243; \/][et_pb_video _builder_version=\u00bb3.0.51&#8243; disabled=\u00bbon\u00bb disabled_on=\u00bbon|on|on\u00bb \/][\/et_pb_column][\/et_pb_row][\/et_pb_section]<\/p>\n<!-- AddThis Advanced Settings generic via filter on the_content --><!-- AddThis Share Buttons generic via filter on the_content -->","protected":false},"excerpt":{"rendered":"<p>Cient\u00edficos y cient\u00edficas, hay un sitio para vosotros. As\u00ed est\u00e1 llevando a cabo el nivel de 1\u00ba de Primaria su proyecto en el \u00e1rea de Ciencias Naturales \u201cCient\u00edficas e investigadoras investigadoras de la Casa Com\u00fan\u201d. Equipo de profesores de 1\u00ba Primaria Todos los alumnos de 1\u00ba han firmado su compromiso de permanecer a este gran [&hellip;]<\/p>\n<p><!-- AddThis Advanced Settings generic via filter on get_the_excerpt --><!-- AddThis Share Buttons generic via filter on get_the_excerpt --><\/p>\n","protected":false},"author":6,"featured_media":6011,"comment_status":"closed","ping_status":"open","sticky":false,"template":"","format":"standard","meta":{"_et_pb_use_builder":"on","_et_pb_old_content":"","_et_gb_content_width":"","footnotes":""},"categories":[14],"tags":[],"class_list":["post-6009","post","type-post","status-publish","format-standard","has-post-thumbnail","hentry","category-noticia_colegio"],"yoast_head":"<!-- This site is optimized with the Yoast SEO plugin v28.4 - https:\/\/yoast.com\/product\/yoast-seo-wordpress\/ -->\n<title>Cient\u00edficos e investigadoras de la Casa en Com\u00fan de 1\u00ba de Primaria, hay un sitio para vosotros - Colegio San Juan Bosco Valencia<\/title>\n<meta name=\"robots\" content=\"index, follow, max-snippet:-1, max-image-preview:large, max-video-preview:-1\" \/>\n<link rel=\"canonical\" href=\"https:\/\/valenciasjb.salesianos.edu\/colegio\/cientificos-e-investigadoras-de-la-casa-en-comun-de-1o-de-primaria-hay-un-sitio-para-vosotros\/\" \/>\n<meta property=\"og:locale\" content=\"es_ES\" \/>\n<meta property=\"og:type\" content=\"article\" \/>\n<meta property=\"og:title\" content=\"Cient\u00edficos e investigadoras de la Casa en Com\u00fan de 1\u00ba de Primaria, hay un sitio para vosotros - Colegio San Juan Bosco Valencia\" \/>\n<meta property=\"og:description\" content=\"Cient\u00edficos y cient\u00edficas, hay un sitio para vosotros. As\u00ed est\u00e1 llevando a cabo el nivel de 1\u00ba de Primaria su proyecto en el \u00e1rea de Ciencias Naturales \u201cCient\u00edficas e investigadoras investigadoras de la Casa Com\u00fan\u201d. Equipo de profesores de 1\u00ba Primaria Todos los alumnos de 1\u00ba han firmado su compromiso de permanecer a este gran [&hellip;]\" \/>\n<meta property=\"og:url\" content=\"https:\/\/valenciasjb.salesianos.edu\/colegio\/cientificos-e-investigadoras-de-la-casa-en-comun-de-1o-de-primaria-hay-un-sitio-para-vosotros\/\" \/>\n<meta property=\"og:site_name\" content=\"Colegio San Juan Bosco Valencia\" \/>\n<meta property=\"article:publisher\" content=\"https:\/\/www.facebook.com\/ColegioSalesianoSanJuanBoscoValencia\" \/>\n<meta property=\"article:published_time\" content=\"2017-11-10T21:46:42+00:00\" \/>\n<meta property=\"og:image\" content=\"https:\/\/valenciasjb.salesianos.edu\/colegio\/wp-content\/uploads\/sites\/2\/2017\/11\/171108_1-1024x768.jpg\" \/>\n\t<meta property=\"og:image:width\" content=\"1024\" \/>\n\t<meta property=\"og:image:height\" content=\"768\" \/>\n\t<meta property=\"og:image:type\" content=\"image\/jpeg\" \/>\n<meta name=\"author\" content=\"veronicapastor\" \/>\n<meta name=\"twitter:card\" content=\"summary_large_image\" \/>\n<meta name=\"twitter:creator\" content=\"@SalesianosVSJB\" \/>\n<meta name=\"twitter:site\" content=\"@SalesianosVSJB\" \/>\n<meta name=\"twitter:label1\" content=\"Escrito por\" \/>\n\t<meta name=\"twitter:data1\" content=\"veronicapastor\" \/>\n\t<meta name=\"twitter:label2\" content=\"Tiempo de lectura\" \/>\n\t<meta name=\"twitter:data2\" content=\"2 minutos\" \/>\n<script type=\"application\/ld+json\" class=\"yoast-schema-graph\">{\"@context\":\"https:\\\/\\\/schema.org\",\"@graph\":[{\"@type\":\"Article\",\"@id\":\"https:\\\/\\\/valenciasjb.salesianos.edu\\\/colegio\\\/cientificos-e-investigadoras-de-la-casa-en-comun-de-1o-de-primaria-hay-un-sitio-para-vosotros\\\/#article\",\"isPartOf\":{\"@id\":\"https:\\\/\\\/valenciasjb.salesianos.edu\\\/colegio\\\/cientificos-e-investigadoras-de-la-casa-en-comun-de-1o-de-primaria-hay-un-sitio-para-vosotros\\\/\"},\"author\":{\"name\":\"veronicapastor\",\"@id\":\"https:\\\/\\\/valenciasjb.salesianos.edu\\\/colegio\\\/#\\\/schema\\\/person\\\/1f45b67e52b27da175190a574db6bed9\"},\"headline\":\"Cient\u00edficos e investigadoras de la Casa en Com\u00fan de 1\u00ba de Primaria, hay un sitio para vosotros\",\"datePublished\":\"2017-11-10T21:46:42+00:00\",\"mainEntityOfPage\":{\"@id\":\"https:\\\/\\\/valenciasjb.salesianos.edu\\\/colegio\\\/cientificos-e-investigadoras-de-la-casa-en-comun-de-1o-de-primaria-hay-un-sitio-para-vosotros\\\/\"},\"wordCount\":459,\"image\":{\"@id\":\"https:\\\/\\\/valenciasjb.salesianos.edu\\\/colegio\\\/cientificos-e-investigadoras-de-la-casa-en-comun-de-1o-de-primaria-hay-un-sitio-para-vosotros\\\/#primaryimage\"},\"thumbnailUrl\":\"https:\\\/\\\/valenciasjb.salesianos.edu\\\/colegio\\\/wp-content\\\/uploads\\\/sites\\\/2\\\/2017\\\/11\\\/171108_1.jpg\",\"articleSection\":[\"Noticia Colegio\"],\"inLanguage\":\"es\"},{\"@type\":\"WebPage\",\"@id\":\"https:\\\/\\\/valenciasjb.salesianos.edu\\\/colegio\\\/cientificos-e-investigadoras-de-la-casa-en-comun-de-1o-de-primaria-hay-un-sitio-para-vosotros\\\/\",\"url\":\"https:\\\/\\\/valenciasjb.salesianos.edu\\\/colegio\\\/cientificos-e-investigadoras-de-la-casa-en-comun-de-1o-de-primaria-hay-un-sitio-para-vosotros\\\/\",\"name\":\"Cient\u00edficos e investigadoras de la Casa en Com\u00fan de 1\u00ba de Primaria, hay un sitio para vosotros - Colegio San Juan Bosco Valencia\",\"isPartOf\":{\"@id\":\"https:\\\/\\\/valenciasjb.salesianos.edu\\\/colegio\\\/#website\"},\"primaryImageOfPage\":{\"@id\":\"https:\\\/\\\/valenciasjb.salesianos.edu\\\/colegio\\\/cientificos-e-investigadoras-de-la-casa-en-comun-de-1o-de-primaria-hay-un-sitio-para-vosotros\\\/#primaryimage\"},\"image\":{\"@id\":\"https:\\\/\\\/valenciasjb.salesianos.edu\\\/colegio\\\/cientificos-e-investigadoras-de-la-casa-en-comun-de-1o-de-primaria-hay-un-sitio-para-vosotros\\\/#primaryimage\"},\"thumbnailUrl\":\"https:\\\/\\\/valenciasjb.salesianos.edu\\\/colegio\\\/wp-content\\\/uploads\\\/sites\\\/2\\\/2017\\\/11\\\/171108_1.jpg\",\"datePublished\":\"2017-11-10T21:46:42+00:00\",\"author\":{\"@id\":\"https:\\\/\\\/valenciasjb.salesianos.edu\\\/colegio\\\/#\\\/schema\\\/person\\\/1f45b67e52b27da175190a574db6bed9\"},\"breadcrumb\":{\"@id\":\"https:\\\/\\\/valenciasjb.salesianos.edu\\\/colegio\\\/cientificos-e-investigadoras-de-la-casa-en-comun-de-1o-de-primaria-hay-un-sitio-para-vosotros\\\/#breadcrumb\"},\"inLanguage\":\"es\",\"potentialAction\":[{\"@type\":\"ReadAction\",\"target\":[\"https:\\\/\\\/valenciasjb.salesianos.edu\\\/colegio\\\/cientificos-e-investigadoras-de-la-casa-en-comun-de-1o-de-primaria-hay-un-sitio-para-vosotros\\\/\"]}]},{\"@type\":\"ImageObject\",\"inLanguage\":\"es\",\"@id\":\"https:\\\/\\\/valenciasjb.salesianos.edu\\\/colegio\\\/cientificos-e-investigadoras-de-la-casa-en-comun-de-1o-de-primaria-hay-un-sitio-para-vosotros\\\/#primaryimage\",\"url\":\"https:\\\/\\\/valenciasjb.salesianos.edu\\\/colegio\\\/wp-content\\\/uploads\\\/sites\\\/2\\\/2017\\\/11\\\/171108_1.jpg\",\"contentUrl\":\"https:\\\/\\\/valenciasjb.salesianos.edu\\\/colegio\\\/wp-content\\\/uploads\\\/sites\\\/2\\\/2017\\\/11\\\/171108_1.jpg\",\"width\":3264,\"height\":2448},{\"@type\":\"BreadcrumbList\",\"@id\":\"https:\\\/\\\/valenciasjb.salesianos.edu\\\/colegio\\\/cientificos-e-investigadoras-de-la-casa-en-comun-de-1o-de-primaria-hay-un-sitio-para-vosotros\\\/#breadcrumb\",\"itemListElement\":[{\"@type\":\"ListItem\",\"position\":1,\"name\":\"Portada\",\"item\":\"https:\\\/\\\/valenciasjb.salesianos.edu\\\/colegio\\\/\"},{\"@type\":\"ListItem\",\"position\":2,\"name\":\"Cient\u00edficos e investigadoras de la Casa en Com\u00fan de 1\u00ba de Primaria, hay un sitio para vosotros\"}]},{\"@type\":\"WebSite\",\"@id\":\"https:\\\/\\\/valenciasjb.salesianos.edu\\\/colegio\\\/#website\",\"url\":\"https:\\\/\\\/valenciasjb.salesianos.edu\\\/colegio\\\/\",\"name\":\"Colegio San Juan Bosco Valencia\",\"description\":\"P\u00e1gina oficial del Colegio Salesianos San Juan Bosco Valencia\",\"alternateName\":\"Salesianos.VSJB\",\"potentialAction\":[{\"@type\":\"SearchAction\",\"target\":{\"@type\":\"EntryPoint\",\"urlTemplate\":\"https:\\\/\\\/valenciasjb.salesianos.edu\\\/colegio\\\/?s={search_term_string}\"},\"query-input\":{\"@type\":\"PropertyValueSpecification\",\"valueRequired\":true,\"valueName\":\"search_term_string\"}}],\"inLanguage\":\"es\"},{\"@type\":\"Person\",\"@id\":\"https:\\\/\\\/valenciasjb.salesianos.edu\\\/colegio\\\/#\\\/schema\\\/person\\\/1f45b67e52b27da175190a574db6bed9\",\"name\":\"veronicapastor\",\"image\":{\"@type\":\"ImageObject\",\"inLanguage\":\"es\",\"@id\":\"https:\\\/\\\/secure.gravatar.com\\\/avatar\\\/e29bd40bace3fd935e1d6fdb7313ffc14628cc037c5e16f4c7369b20a2a6f7f0?s=96&d=mm&r=g\",\"url\":\"https:\\\/\\\/secure.gravatar.com\\\/avatar\\\/e29bd40bace3fd935e1d6fdb7313ffc14628cc037c5e16f4c7369b20a2a6f7f0?s=96&d=mm&r=g\",\"contentUrl\":\"https:\\\/\\\/secure.gravatar.com\\\/avatar\\\/e29bd40bace3fd935e1d6fdb7313ffc14628cc037c5e16f4c7369b20a2a6f7f0?s=96&d=mm&r=g\",\"caption\":\"veronicapastor\"}}]}<\/script>\n<!-- \/ Yoast SEO plugin. -->","yoast_head_json":{"title":"Cient\u00edficos e investigadoras de la Casa en Com\u00fan de 1\u00ba de Primaria, hay un sitio para vosotros - Colegio San Juan Bosco Valencia","robots":{"index":"index","follow":"follow","max-snippet":"max-snippet:-1","max-image-preview":"max-image-preview:large","max-video-preview":"max-video-preview:-1"},"canonical":"https:\/\/valenciasjb.salesianos.edu\/colegio\/cientificos-e-investigadoras-de-la-casa-en-comun-de-1o-de-primaria-hay-un-sitio-para-vosotros\/","og_locale":"es_ES","og_type":"article","og_title":"Cient\u00edficos e investigadoras de la Casa en Com\u00fan de 1\u00ba de Primaria, hay un sitio para vosotros - Colegio San Juan Bosco Valencia","og_description":"Cient\u00edficos y cient\u00edficas, hay un sitio para vosotros. As\u00ed est\u00e1 llevando a cabo el nivel de 1\u00ba de Primaria su proyecto en el \u00e1rea de Ciencias Naturales \u201cCient\u00edficas e investigadoras investigadoras de la Casa Com\u00fan\u201d. Equipo de profesores de 1\u00ba Primaria Todos los alumnos de 1\u00ba han firmado su compromiso de permanecer a este gran [&hellip;]","og_url":"https:\/\/valenciasjb.salesianos.edu\/colegio\/cientificos-e-investigadoras-de-la-casa-en-comun-de-1o-de-primaria-hay-un-sitio-para-vosotros\/","og_site_name":"Colegio San Juan Bosco Valencia","article_publisher":"https:\/\/www.facebook.com\/ColegioSalesianoSanJuanBoscoValencia","article_published_time":"2017-11-10T21:46:42+00:00","og_image":[{"width":1024,"height":768,"url":"https:\/\/valenciasjb.salesianos.edu\/colegio\/wp-content\/uploads\/sites\/2\/2017\/11\/171108_1-1024x768.jpg","type":"image\/jpeg"}],"author":"veronicapastor","twitter_card":"summary_large_image","twitter_creator":"@SalesianosVSJB","twitter_site":"@SalesianosVSJB","twitter_misc":{"Escrito por":"veronicapastor","Tiempo de lectura":"2 minutos"},"schema":{"@context":"https:\/\/schema.org","@graph":[{"@type":"Article","@id":"https:\/\/valenciasjb.salesianos.edu\/colegio\/cientificos-e-investigadoras-de-la-casa-en-comun-de-1o-de-primaria-hay-un-sitio-para-vosotros\/#article","isPartOf":{"@id":"https:\/\/valenciasjb.salesianos.edu\/colegio\/cientificos-e-investigadoras-de-la-casa-en-comun-de-1o-de-primaria-hay-un-sitio-para-vosotros\/"},"author":{"name":"veronicapastor","@id":"https:\/\/valenciasjb.salesianos.edu\/colegio\/#\/schema\/person\/1f45b67e52b27da175190a574db6bed9"},"headline":"Cient\u00edficos e investigadoras de la Casa en Com\u00fan de 1\u00ba de Primaria, hay un sitio para vosotros","datePublished":"2017-11-10T21:46:42+00:00","mainEntityOfPage":{"@id":"https:\/\/valenciasjb.salesianos.edu\/colegio\/cientificos-e-investigadoras-de-la-casa-en-comun-de-1o-de-primaria-hay-un-sitio-para-vosotros\/"},"wordCount":459,"image":{"@id":"https:\/\/valenciasjb.salesianos.edu\/colegio\/cientificos-e-investigadoras-de-la-casa-en-comun-de-1o-de-primaria-hay-un-sitio-para-vosotros\/#primaryimage"},"thumbnailUrl":"https:\/\/valenciasjb.salesianos.edu\/colegio\/wp-content\/uploads\/sites\/2\/2017\/11\/171108_1.jpg","articleSection":["Noticia Colegio"],"inLanguage":"es"},{"@type":"WebPage","@id":"https:\/\/valenciasjb.salesianos.edu\/colegio\/cientificos-e-investigadoras-de-la-casa-en-comun-de-1o-de-primaria-hay-un-sitio-para-vosotros\/","url":"https:\/\/valenciasjb.salesianos.edu\/colegio\/cientificos-e-investigadoras-de-la-casa-en-comun-de-1o-de-primaria-hay-un-sitio-para-vosotros\/","name":"Cient\u00edficos e investigadoras de la Casa en Com\u00fan de 1\u00ba de Primaria, hay un sitio para vosotros - Colegio San Juan Bosco Valencia","isPartOf":{"@id":"https:\/\/valenciasjb.salesianos.edu\/colegio\/#website"},"primaryImageOfPage":{"@id":"https:\/\/valenciasjb.salesianos.edu\/colegio\/cientificos-e-investigadoras-de-la-casa-en-comun-de-1o-de-primaria-hay-un-sitio-para-vosotros\/#primaryimage"},"image":{"@id":"https:\/\/valenciasjb.salesianos.edu\/colegio\/cientificos-e-investigadoras-de-la-casa-en-comun-de-1o-de-primaria-hay-un-sitio-para-vosotros\/#primaryimage"},"thumbnailUrl":"https:\/\/valenciasjb.salesianos.edu\/colegio\/wp-content\/uploads\/sites\/2\/2017\/11\/171108_1.jpg","datePublished":"2017-11-10T21:46:42+00:00","author":{"@id":"https:\/\/valenciasjb.salesianos.edu\/colegio\/#\/schema\/person\/1f45b67e52b27da175190a574db6bed9"},"breadcrumb":{"@id":"https:\/\/valenciasjb.salesianos.edu\/colegio\/cientificos-e-investigadoras-de-la-casa-en-comun-de-1o-de-primaria-hay-un-sitio-para-vosotros\/#breadcrumb"},"inLanguage":"es","potentialAction":[{"@type":"ReadAction","target":["https:\/\/valenciasjb.salesianos.edu\/colegio\/cientificos-e-investigadoras-de-la-casa-en-comun-de-1o-de-primaria-hay-un-sitio-para-vosotros\/"]}]},{"@type":"ImageObject","inLanguage":"es","@id":"https:\/\/valenciasjb.salesianos.edu\/colegio\/cientificos-e-investigadoras-de-la-casa-en-comun-de-1o-de-primaria-hay-un-sitio-para-vosotros\/#primaryimage","url":"https:\/\/valenciasjb.salesianos.edu\/colegio\/wp-content\/uploads\/sites\/2\/2017\/11\/171108_1.jpg","contentUrl":"https:\/\/valenciasjb.salesianos.edu\/colegio\/wp-content\/uploads\/sites\/2\/2017\/11\/171108_1.jpg","width":3264,"height":2448},{"@type":"BreadcrumbList","@id":"https:\/\/valenciasjb.salesianos.edu\/colegio\/cientificos-e-investigadoras-de-la-casa-en-comun-de-1o-de-primaria-hay-un-sitio-para-vosotros\/#breadcrumb","itemListElement":[{"@type":"ListItem","position":1,"name":"Portada","item":"https:\/\/valenciasjb.salesianos.edu\/colegio\/"},{"@type":"ListItem","position":2,"name":"Cient\u00edficos e investigadoras de la Casa en Com\u00fan de 1\u00ba de Primaria, hay un sitio para vosotros"}]},{"@type":"WebSite","@id":"https:\/\/valenciasjb.salesianos.edu\/colegio\/#website","url":"https:\/\/valenciasjb.salesianos.edu\/colegio\/","name":"Colegio San Juan Bosco Valencia","description":"P\u00e1gina oficial del Colegio Salesianos San Juan Bosco Valencia","alternateName":"Salesianos.VSJB","potentialAction":[{"@type":"SearchAction","target":{"@type":"EntryPoint","urlTemplate":"https:\/\/valenciasjb.salesianos.edu\/colegio\/?s={search_term_string}"},"query-input":{"@type":"PropertyValueSpecification","valueRequired":true,"valueName":"search_term_string"}}],"inLanguage":"es"},{"@type":"Person","@id":"https:\/\/valenciasjb.salesianos.edu\/colegio\/#\/schema\/person\/1f45b67e52b27da175190a574db6bed9","name":"veronicapastor","image":{"@type":"ImageObject","inLanguage":"es","@id":"https:\/\/secure.gravatar.com\/avatar\/e29bd40bace3fd935e1d6fdb7313ffc14628cc037c5e16f4c7369b20a2a6f7f0?s=96&d=mm&r=g","url":"https:\/\/secure.gravatar.com\/avatar\/e29bd40bace3fd935e1d6fdb7313ffc14628cc037c5e16f4c7369b20a2a6f7f0?s=96&d=mm&r=g","contentUrl":"https:\/\/secure.gravatar.com\/avatar\/e29bd40bace3fd935e1d6fdb7313ffc14628cc037c5e16f4c7369b20a2a6f7f0?s=96&d=mm&r=g","caption":"veronicapastor"}}]}},"_links":{"self":[{"href":"https:\/\/valenciasjb.salesianos.edu\/colegio\/wp-json\/wp\/v2\/posts\/6009","targetHints":{"allow":["GET"]}}],"collection":[{"href":"https:\/\/valenciasjb.salesianos.edu\/colegio\/wp-json\/wp\/v2\/posts"}],"about":[{"href":"https:\/\/valenciasjb.salesianos.edu\/colegio\/wp-json\/wp\/v2\/types\/post"}],"author":[{"embeddable":true,"href":"https:\/\/valenciasjb.salesianos.edu\/colegio\/wp-json\/wp\/v2\/users\/6"}],"replies":[{"embeddable":true,"href":"https:\/\/valenciasjb.salesianos.edu\/colegio\/wp-json\/wp\/v2\/comments?post=6009"}],"version-history":[{"count":2,"href":"https:\/\/valenciasjb.salesianos.edu\/colegio\/wp-json\/wp\/v2\/posts\/6009\/revisions"}],"predecessor-version":[{"id":6016,"href":"https:\/\/valenciasjb.salesianos.edu\/colegio\/wp-json\/wp\/v2\/posts\/6009\/revisions\/6016"}],"wp:featuredmedia":[{"embeddable":true,"href":"https:\/\/valenciasjb.salesianos.edu\/colegio\/wp-json\/wp\/v2\/media\/6011"}],"wp:attachment":[{"href":"https:\/\/valenciasjb.salesianos.edu\/colegio\/wp-json\/wp\/v2\/media?parent=6009"}],"wp:term":[{"taxonomy":"category","embeddable":true,"href":"https:\/\/valenciasjb.salesianos.edu\/colegio\/wp-json\/wp\/v2\/categories?post=6009"},{"taxonomy":"post_tag","embeddable":true,"href":"https:\/\/valenciasjb.salesianos.edu\/colegio\/wp-json\/wp\/v2\/tags?post=6009"}],"curies":[{"name":"wp","href":"https:\/\/api.w.org\/{rel}","templated":true}]}}