{"id":6142,"date":"2017-11-17T21:48:43","date_gmt":"2017-11-17T20:48:43","guid":{"rendered":"https:\/\/valenciasjb.salesianos.edu\/colegio\/?p=6142"},"modified":"2017-11-17T21:53:09","modified_gmt":"2017-11-17T20:53:09","slug":"el-colegio-colabora-con-la-cruz-roja-en-el-concierto-solidario-veus-amb-cor-en-beneficio-del-medio-ambiente-y-de-la-crisis-alimentaria","status":"publish","type":"post","link":"https:\/\/valenciasjb.salesianos.edu\/colegio\/el-colegio-colabora-con-la-cruz-roja-en-el-concierto-solidario-veus-amb-cor-en-beneficio-del-medio-ambiente-y-de-la-crisis-alimentaria\/","title":{"rendered":"El Colegio colabora con la Cruz Roja en el concierto solidario \u00abVeus amb cor\u00bb en beneficio del medio ambiente y de la crisis alimentaria"},"content":{"rendered":"<div id=\"fb-root\"><\/div>\n<p>[et_pb_section bb_built=\u00bb1&#8243; admin_label=\u00bbsection\u00bb][et_pb_row admin_label=\u00bbrow\u00bb background_position=\u00bbtop_left\u00bb background_repeat=\u00bbrepeat\u00bb background_size=\u00bbinitial\u00bb][et_pb_column type=\u00bb4_4&#8243;][et_pb_text admin_label=\u00bbEntradilla (Texto)\u00bb _builder_version=\u00bb3.0.88&#8243; background_layout=\u00bblight\u00bb text_orientation=\u00bbjustified\u00bb text_font=\u00bb|on|||\u00bb module_alignment=\u00bbleft\u00bb]<\/p>\n<div id=\"resumen\"><strong>Una representaci\u00f3n del Concierto Solidario del Colegio Salesiano San Juan Bosco de Valencia estar\u00e1 presente el s\u00e1bado 18 de noviembre en el\u00a0IV Concierto Solidario \u00abVeus amb Cor\u00bb, organizado por la Cruz Roja, en favor del medio ambiente y contra la crisis alimentaria.<br \/>\n<\/strong><\/div>\n<div><\/div>\n<p>[\/et_pb_text][et_pb_text admin_label=\u00bbAutor (Texto)\u00bb _builder_version=\u00bb3.0.88&#8243; background_layout=\u00bblight\u00bb text_font=\u00bb||on||\u00bb]<\/p>\n<p>Redacci\u00f3n<\/p>\n<p>[\/et_pb_text][et_pb_text admin_label=\u00bbDesarrollo (Texto)\u00bb _builder_version=\u00bb3.0.88&#8243; background_layout=\u00bblight\u00bb text_orientation=\u00bbjustified\u00bb module_alignment=\u00bbleft\u00bb]<\/p>\n<p><img loading=\"lazy\" decoding=\"async\" class=\"alignnone wp-image-6143\" src=\"https:\/\/valenciasjb.salesianos.edu\/colegio\/wp-content\/uploads\/sites\/2\/2017\/11\/cruz-roja1-212x300.jpg\" alt=\"\" width=\"688\" height=\"974\" srcset=\"https:\/\/valenciasjb.salesianos.edu\/colegio\/wp-content\/uploads\/sites\/2\/2017\/11\/cruz-roja1-212x300.jpg 212w, https:\/\/valenciasjb.salesianos.edu\/colegio\/wp-content\/uploads\/sites\/2\/2017\/11\/cruz-roja1.jpg 679w\" sizes=\"(max-width: 688px) 100vw, 688px\" \/><\/p>\n<p>El evento tendr\u00e1 lugar a las 18:00 de la tarde, en el Auditorio colegio S.C. Esclavas, calle Micer Masc\u00f3, 1, Valencia, con una entrada solidaria de 5 euros. El pasado jueves 16 de noviembre, el director del Concierto Solidario, Jos\u00e9 Valero, estuvo presente en una rueda de prensa en la que se difundi\u00f3 este importante acontecimiento en el que el colegio ha sido invitado a participar.<\/p>\n<p>La IV edici\u00f3n de Veus amb cor \u2014 Cruz Roja Valencia \u2013 estar\u00e1 dedicada a la campa\u00f1a de cooperaci\u00f3n internacional \u201cProtege su medio de vida. No explotes el medio ambiente\u201d con un concierto intercultural cuya recaudaci\u00f3n ir\u00e1 dirigida al proyecto \u201cHogares verdes\u201d de Cruz Roja Valencia y al llamamiento de Cruz Roja Internacional sobre la \u201cCrisis alimentaria en \u00c1frica Oriental\u201d.<\/p>\n<p>Nos sentimos muy orgullosos de ser un referente social y solidario en la ciudad de Valencia y de poder seguir colaborando en la construcci\u00f3n de un mundo m\u00e1s justo y fraterno.<\/p>\n<p>[\/et_pb_text][et_pb_text admin_label=\u00bbT\u00edtulo: Galer\u00eda de fotos (Texto)\u00bb _builder_version=\u00bb3.0.76&#8243; background_layout=\u00bblight\u00bb text_font=\u00bb|on|||\u00bb text_text_color=\u00bb#dc001b\u00bb border_style=\u00bbsolid\u00bb disabled=\u00bboff\u00bb disabled_on=\u00bboff|on|on\u00bb]<\/p>\n<p>Galer\u00eda de im\u00e1genes<\/p>\n<p>[\/et_pb_text][et_pb_gallery _builder_version=\u00bb3.0.88&#8243; posts_number=\u00bb8&#8243; show_title_and_caption=\u00bboff\u00bb show_pagination=\u00bbon\u00bb fullwidth=\u00bboff\u00bb orientation=\u00bblandscape\u00bb zoom_icon_color=\u00bb#dc001b\u00bb hover_overlay_color=\u00bbrgba(255,255,255,0.9)\u00bb hover_icon=\u00bb%%51%%\u00bb background_layout=\u00bblight\u00bb disabled=\u00bboff\u00bb disabled_on=\u00bboff|off|off\u00bb gallery_ids=\u00bb6146,6145,6144,6143&#8243; pagination_font_size_tablet=\u00bb51&#8243; pagination_line_height_tablet=\u00bb2&#8243; \/][et_pb_video _builder_version=\u00bb3.0.51&#8243; disabled=\u00bbon\u00bb disabled_on=\u00bbon|on|on\u00bb \/][\/et_pb_column][\/et_pb_row][\/et_pb_section]<\/p>\n<!-- AddThis Advanced Settings generic via filter on the_content --><!-- AddThis Share Buttons generic via filter on the_content -->","protected":false},"excerpt":{"rendered":"<p>Una representaci\u00f3n del Concierto Solidario del Colegio Salesiano San Juan Bosco de Valencia estar\u00e1 presente el s\u00e1bado 18 de noviembre en el\u00a0IV Concierto Solidario \u00abVeus amb Cor\u00bb, organizado por la Cruz Roja, en favor del medio ambiente y contra la crisis alimentaria. Redacci\u00f3n El evento tendr\u00e1 lugar a las 18:00 de la tarde, en el [&hellip;]<\/p>\n<p><!-- AddThis Advanced Settings generic via filter on get_the_excerpt --><!-- AddThis Share Buttons generic via filter on get_the_excerpt --><\/p>\n","protected":false},"author":6,"featured_media":6144,"comment_status":"closed","ping_status":"open","sticky":false,"template":"","format":"standard","meta":{"_et_pb_use_builder":"on","_et_pb_old_content":"","_et_gb_content_width":"","footnotes":""},"categories":[14],"tags":[],"class_list":["post-6142","post","type-post","status-publish","format-standard","has-post-thumbnail","hentry","category-noticia_colegio"],"yoast_head":"<!-- This site is optimized with the Yoast SEO plugin v28.4 - https:\/\/yoast.com\/product\/yoast-seo-wordpress\/ -->\n<title>El Colegio colabora con la Cruz Roja en el concierto solidario &quot;Veus amb cor&quot; en beneficio del medio ambiente y de la crisis alimentaria - Colegio San Juan Bosco Valencia<\/title>\n<meta name=\"robots\" content=\"index, follow, max-snippet:-1, max-image-preview:large, max-video-preview:-1\" \/>\n<link rel=\"canonical\" href=\"https:\/\/valenciasjb.salesianos.edu\/colegio\/el-colegio-colabora-con-la-cruz-roja-en-el-concierto-solidario-veus-amb-cor-en-beneficio-del-medio-ambiente-y-de-la-crisis-alimentaria\/\" \/>\n<meta property=\"og:locale\" content=\"es_ES\" \/>\n<meta property=\"og:type\" content=\"article\" \/>\n<meta property=\"og:title\" content=\"El Colegio colabora con la Cruz Roja en el concierto solidario &quot;Veus amb cor&quot; en beneficio del medio ambiente y de la crisis alimentaria - Colegio San Juan Bosco Valencia\" \/>\n<meta property=\"og:description\" content=\"Una representaci\u00f3n del Concierto Solidario del Colegio Salesiano San Juan Bosco de Valencia estar\u00e1 presente el s\u00e1bado 18 de noviembre en el\u00a0IV Concierto Solidario \u00abVeus amb Cor\u00bb, organizado por la Cruz Roja, en favor del medio ambiente y contra la crisis alimentaria. Redacci\u00f3n El evento tendr\u00e1 lugar a las 18:00 de la tarde, en el [&hellip;]\" \/>\n<meta property=\"og:url\" content=\"https:\/\/valenciasjb.salesianos.edu\/colegio\/el-colegio-colabora-con-la-cruz-roja-en-el-concierto-solidario-veus-amb-cor-en-beneficio-del-medio-ambiente-y-de-la-crisis-alimentaria\/\" \/>\n<meta property=\"og:site_name\" content=\"Colegio San Juan Bosco Valencia\" \/>\n<meta property=\"article:publisher\" content=\"https:\/\/www.facebook.com\/ColegioSalesianoSanJuanBoscoValencia\" \/>\n<meta property=\"article:published_time\" content=\"2017-11-17T20:48:43+00:00\" \/>\n<meta property=\"article:modified_time\" content=\"2017-11-17T20:53:09+00:00\" \/>\n<meta property=\"og:image\" content=\"https:\/\/valenciasjb.salesianos.edu\/colegio\/wp-content\/uploads\/sites\/2\/2017\/11\/cruz-roja2.jpg\" \/>\n\t<meta property=\"og:image:width\" content=\"960\" \/>\n\t<meta property=\"og:image:height\" content=\"720\" \/>\n\t<meta property=\"og:image:type\" content=\"image\/jpeg\" \/>\n<meta name=\"author\" content=\"veronicapastor\" \/>\n<meta name=\"twitter:card\" content=\"summary_large_image\" \/>\n<meta name=\"twitter:creator\" content=\"@SalesianosVSJB\" \/>\n<meta name=\"twitter:site\" content=\"@SalesianosVSJB\" \/>\n<meta name=\"twitter:label1\" content=\"Escrito por\" \/>\n\t<meta name=\"twitter:data1\" content=\"veronicapastor\" \/>\n\t<meta name=\"twitter:label2\" content=\"Tiempo de lectura\" \/>\n\t<meta name=\"twitter:data2\" content=\"2 minutos\" \/>\n<script type=\"application\/ld+json\" class=\"yoast-schema-graph\">{\"@context\":\"https:\\\/\\\/schema.org\",\"@graph\":[{\"@type\":\"Article\",\"@id\":\"https:\\\/\\\/valenciasjb.salesianos.edu\\\/colegio\\\/el-colegio-colabora-con-la-cruz-roja-en-el-concierto-solidario-veus-amb-cor-en-beneficio-del-medio-ambiente-y-de-la-crisis-alimentaria\\\/#article\",\"isPartOf\":{\"@id\":\"https:\\\/\\\/valenciasjb.salesianos.edu\\\/colegio\\\/el-colegio-colabora-con-la-cruz-roja-en-el-concierto-solidario-veus-amb-cor-en-beneficio-del-medio-ambiente-y-de-la-crisis-alimentaria\\\/\"},\"author\":{\"name\":\"veronicapastor\",\"@id\":\"https:\\\/\\\/valenciasjb.salesianos.edu\\\/colegio\\\/#\\\/schema\\\/person\\\/1f45b67e52b27da175190a574db6bed9\"},\"headline\":\"El Colegio colabora con la Cruz Roja en el concierto solidario \u00abVeus amb cor\u00bb en beneficio del medio ambiente y de la crisis alimentaria\",\"datePublished\":\"2017-11-17T20:48:43+00:00\",\"dateModified\":\"2017-11-17T20:53:09+00:00\",\"mainEntityOfPage\":{\"@id\":\"https:\\\/\\\/valenciasjb.salesianos.edu\\\/colegio\\\/el-colegio-colabora-con-la-cruz-roja-en-el-concierto-solidario-veus-amb-cor-en-beneficio-del-medio-ambiente-y-de-la-crisis-alimentaria\\\/\"},\"wordCount\":433,\"image\":{\"@id\":\"https:\\\/\\\/valenciasjb.salesianos.edu\\\/colegio\\\/el-colegio-colabora-con-la-cruz-roja-en-el-concierto-solidario-veus-amb-cor-en-beneficio-del-medio-ambiente-y-de-la-crisis-alimentaria\\\/#primaryimage\"},\"thumbnailUrl\":\"https:\\\/\\\/valenciasjb.salesianos.edu\\\/colegio\\\/wp-content\\\/uploads\\\/sites\\\/2\\\/2017\\\/11\\\/cruz-roja2.jpg\",\"articleSection\":[\"Noticia Colegio\"],\"inLanguage\":\"es\"},{\"@type\":\"WebPage\",\"@id\":\"https:\\\/\\\/valenciasjb.salesianos.edu\\\/colegio\\\/el-colegio-colabora-con-la-cruz-roja-en-el-concierto-solidario-veus-amb-cor-en-beneficio-del-medio-ambiente-y-de-la-crisis-alimentaria\\\/\",\"url\":\"https:\\\/\\\/valenciasjb.salesianos.edu\\\/colegio\\\/el-colegio-colabora-con-la-cruz-roja-en-el-concierto-solidario-veus-amb-cor-en-beneficio-del-medio-ambiente-y-de-la-crisis-alimentaria\\\/\",\"name\":\"El Colegio colabora con la Cruz Roja en el concierto solidario \\\"Veus amb cor\\\" en beneficio del medio ambiente y de la crisis alimentaria - Colegio San Juan Bosco Valencia\",\"isPartOf\":{\"@id\":\"https:\\\/\\\/valenciasjb.salesianos.edu\\\/colegio\\\/#website\"},\"primaryImageOfPage\":{\"@id\":\"https:\\\/\\\/valenciasjb.salesianos.edu\\\/colegio\\\/el-colegio-colabora-con-la-cruz-roja-en-el-concierto-solidario-veus-amb-cor-en-beneficio-del-medio-ambiente-y-de-la-crisis-alimentaria\\\/#primaryimage\"},\"image\":{\"@id\":\"https:\\\/\\\/valenciasjb.salesianos.edu\\\/colegio\\\/el-colegio-colabora-con-la-cruz-roja-en-el-concierto-solidario-veus-amb-cor-en-beneficio-del-medio-ambiente-y-de-la-crisis-alimentaria\\\/#primaryimage\"},\"thumbnailUrl\":\"https:\\\/\\\/valenciasjb.salesianos.edu\\\/colegio\\\/wp-content\\\/uploads\\\/sites\\\/2\\\/2017\\\/11\\\/cruz-roja2.jpg\",\"datePublished\":\"2017-11-17T20:48:43+00:00\",\"dateModified\":\"2017-11-17T20:53:09+00:00\",\"author\":{\"@id\":\"https:\\\/\\\/valenciasjb.salesianos.edu\\\/colegio\\\/#\\\/schema\\\/person\\\/1f45b67e52b27da175190a574db6bed9\"},\"breadcrumb\":{\"@id\":\"https:\\\/\\\/valenciasjb.salesianos.edu\\\/colegio\\\/el-colegio-colabora-con-la-cruz-roja-en-el-concierto-solidario-veus-amb-cor-en-beneficio-del-medio-ambiente-y-de-la-crisis-alimentaria\\\/#breadcrumb\"},\"inLanguage\":\"es\",\"potentialAction\":[{\"@type\":\"ReadAction\",\"target\":[\"https:\\\/\\\/valenciasjb.salesianos.edu\\\/colegio\\\/el-colegio-colabora-con-la-cruz-roja-en-el-concierto-solidario-veus-amb-cor-en-beneficio-del-medio-ambiente-y-de-la-crisis-alimentaria\\\/\"]}]},{\"@type\":\"ImageObject\",\"inLanguage\":\"es\",\"@id\":\"https:\\\/\\\/valenciasjb.salesianos.edu\\\/colegio\\\/el-colegio-colabora-con-la-cruz-roja-en-el-concierto-solidario-veus-amb-cor-en-beneficio-del-medio-ambiente-y-de-la-crisis-alimentaria\\\/#primaryimage\",\"url\":\"https:\\\/\\\/valenciasjb.salesianos.edu\\\/colegio\\\/wp-content\\\/uploads\\\/sites\\\/2\\\/2017\\\/11\\\/cruz-roja2.jpg\",\"contentUrl\":\"https:\\\/\\\/valenciasjb.salesianos.edu\\\/colegio\\\/wp-content\\\/uploads\\\/sites\\\/2\\\/2017\\\/11\\\/cruz-roja2.jpg\",\"width\":960,\"height\":720},{\"@type\":\"BreadcrumbList\",\"@id\":\"https:\\\/\\\/valenciasjb.salesianos.edu\\\/colegio\\\/el-colegio-colabora-con-la-cruz-roja-en-el-concierto-solidario-veus-amb-cor-en-beneficio-del-medio-ambiente-y-de-la-crisis-alimentaria\\\/#breadcrumb\",\"itemListElement\":[{\"@type\":\"ListItem\",\"position\":1,\"name\":\"Portada\",\"item\":\"https:\\\/\\\/valenciasjb.salesianos.edu\\\/colegio\\\/\"},{\"@type\":\"ListItem\",\"position\":2,\"name\":\"El Colegio colabora con la Cruz Roja en el concierto solidario \u00abVeus amb cor\u00bb en beneficio del medio ambiente y de la crisis alimentaria\"}]},{\"@type\":\"WebSite\",\"@id\":\"https:\\\/\\\/valenciasjb.salesianos.edu\\\/colegio\\\/#website\",\"url\":\"https:\\\/\\\/valenciasjb.salesianos.edu\\\/colegio\\\/\",\"name\":\"Colegio San Juan Bosco Valencia\",\"description\":\"P\u00e1gina oficial del Colegio Salesianos San Juan Bosco Valencia\",\"alternateName\":\"Salesianos.VSJB\",\"potentialAction\":[{\"@type\":\"SearchAction\",\"target\":{\"@type\":\"EntryPoint\",\"urlTemplate\":\"https:\\\/\\\/valenciasjb.salesianos.edu\\\/colegio\\\/?s={search_term_string}\"},\"query-input\":{\"@type\":\"PropertyValueSpecification\",\"valueRequired\":true,\"valueName\":\"search_term_string\"}}],\"inLanguage\":\"es\"},{\"@type\":\"Person\",\"@id\":\"https:\\\/\\\/valenciasjb.salesianos.edu\\\/colegio\\\/#\\\/schema\\\/person\\\/1f45b67e52b27da175190a574db6bed9\",\"name\":\"veronicapastor\",\"image\":{\"@type\":\"ImageObject\",\"inLanguage\":\"es\",\"@id\":\"https:\\\/\\\/secure.gravatar.com\\\/avatar\\\/e29bd40bace3fd935e1d6fdb7313ffc14628cc037c5e16f4c7369b20a2a6f7f0?s=96&d=mm&r=g\",\"url\":\"https:\\\/\\\/secure.gravatar.com\\\/avatar\\\/e29bd40bace3fd935e1d6fdb7313ffc14628cc037c5e16f4c7369b20a2a6f7f0?s=96&d=mm&r=g\",\"contentUrl\":\"https:\\\/\\\/secure.gravatar.com\\\/avatar\\\/e29bd40bace3fd935e1d6fdb7313ffc14628cc037c5e16f4c7369b20a2a6f7f0?s=96&d=mm&r=g\",\"caption\":\"veronicapastor\"}}]}<\/script>\n<!-- \/ Yoast SEO plugin. -->","yoast_head_json":{"title":"El Colegio colabora con la Cruz Roja en el concierto solidario \"Veus amb cor\" en beneficio del medio ambiente y de la crisis alimentaria - Colegio San Juan Bosco Valencia","robots":{"index":"index","follow":"follow","max-snippet":"max-snippet:-1","max-image-preview":"max-image-preview:large","max-video-preview":"max-video-preview:-1"},"canonical":"https:\/\/valenciasjb.salesianos.edu\/colegio\/el-colegio-colabora-con-la-cruz-roja-en-el-concierto-solidario-veus-amb-cor-en-beneficio-del-medio-ambiente-y-de-la-crisis-alimentaria\/","og_locale":"es_ES","og_type":"article","og_title":"El Colegio colabora con la Cruz Roja en el concierto solidario \"Veus amb cor\" en beneficio del medio ambiente y de la crisis alimentaria - Colegio San Juan Bosco Valencia","og_description":"Una representaci\u00f3n del Concierto Solidario del Colegio Salesiano San Juan Bosco de Valencia estar\u00e1 presente el s\u00e1bado 18 de noviembre en el\u00a0IV Concierto Solidario \u00abVeus amb Cor\u00bb, organizado por la Cruz Roja, en favor del medio ambiente y contra la crisis alimentaria. Redacci\u00f3n El evento tendr\u00e1 lugar a las 18:00 de la tarde, en el [&hellip;]","og_url":"https:\/\/valenciasjb.salesianos.edu\/colegio\/el-colegio-colabora-con-la-cruz-roja-en-el-concierto-solidario-veus-amb-cor-en-beneficio-del-medio-ambiente-y-de-la-crisis-alimentaria\/","og_site_name":"Colegio San Juan Bosco Valencia","article_publisher":"https:\/\/www.facebook.com\/ColegioSalesianoSanJuanBoscoValencia","article_published_time":"2017-11-17T20:48:43+00:00","article_modified_time":"2017-11-17T20:53:09+00:00","og_image":[{"width":960,"height":720,"url":"https:\/\/valenciasjb.salesianos.edu\/colegio\/wp-content\/uploads\/sites\/2\/2017\/11\/cruz-roja2.jpg","type":"image\/jpeg"}],"author":"veronicapastor","twitter_card":"summary_large_image","twitter_creator":"@SalesianosVSJB","twitter_site":"@SalesianosVSJB","twitter_misc":{"Escrito por":"veronicapastor","Tiempo de lectura":"2 minutos"},"schema":{"@context":"https:\/\/schema.org","@graph":[{"@type":"Article","@id":"https:\/\/valenciasjb.salesianos.edu\/colegio\/el-colegio-colabora-con-la-cruz-roja-en-el-concierto-solidario-veus-amb-cor-en-beneficio-del-medio-ambiente-y-de-la-crisis-alimentaria\/#article","isPartOf":{"@id":"https:\/\/valenciasjb.salesianos.edu\/colegio\/el-colegio-colabora-con-la-cruz-roja-en-el-concierto-solidario-veus-amb-cor-en-beneficio-del-medio-ambiente-y-de-la-crisis-alimentaria\/"},"author":{"name":"veronicapastor","@id":"https:\/\/valenciasjb.salesianos.edu\/colegio\/#\/schema\/person\/1f45b67e52b27da175190a574db6bed9"},"headline":"El Colegio colabora con la Cruz Roja en el concierto solidario \u00abVeus amb cor\u00bb en beneficio del medio ambiente y de la crisis alimentaria","datePublished":"2017-11-17T20:48:43+00:00","dateModified":"2017-11-17T20:53:09+00:00","mainEntityOfPage":{"@id":"https:\/\/valenciasjb.salesianos.edu\/colegio\/el-colegio-colabora-con-la-cruz-roja-en-el-concierto-solidario-veus-amb-cor-en-beneficio-del-medio-ambiente-y-de-la-crisis-alimentaria\/"},"wordCount":433,"image":{"@id":"https:\/\/valenciasjb.salesianos.edu\/colegio\/el-colegio-colabora-con-la-cruz-roja-en-el-concierto-solidario-veus-amb-cor-en-beneficio-del-medio-ambiente-y-de-la-crisis-alimentaria\/#primaryimage"},"thumbnailUrl":"https:\/\/valenciasjb.salesianos.edu\/colegio\/wp-content\/uploads\/sites\/2\/2017\/11\/cruz-roja2.jpg","articleSection":["Noticia Colegio"],"inLanguage":"es"},{"@type":"WebPage","@id":"https:\/\/valenciasjb.salesianos.edu\/colegio\/el-colegio-colabora-con-la-cruz-roja-en-el-concierto-solidario-veus-amb-cor-en-beneficio-del-medio-ambiente-y-de-la-crisis-alimentaria\/","url":"https:\/\/valenciasjb.salesianos.edu\/colegio\/el-colegio-colabora-con-la-cruz-roja-en-el-concierto-solidario-veus-amb-cor-en-beneficio-del-medio-ambiente-y-de-la-crisis-alimentaria\/","name":"El Colegio colabora con la Cruz Roja en el concierto solidario \"Veus amb cor\" en beneficio del medio ambiente y de la crisis alimentaria - Colegio San Juan Bosco Valencia","isPartOf":{"@id":"https:\/\/valenciasjb.salesianos.edu\/colegio\/#website"},"primaryImageOfPage":{"@id":"https:\/\/valenciasjb.salesianos.edu\/colegio\/el-colegio-colabora-con-la-cruz-roja-en-el-concierto-solidario-veus-amb-cor-en-beneficio-del-medio-ambiente-y-de-la-crisis-alimentaria\/#primaryimage"},"image":{"@id":"https:\/\/valenciasjb.salesianos.edu\/colegio\/el-colegio-colabora-con-la-cruz-roja-en-el-concierto-solidario-veus-amb-cor-en-beneficio-del-medio-ambiente-y-de-la-crisis-alimentaria\/#primaryimage"},"thumbnailUrl":"https:\/\/valenciasjb.salesianos.edu\/colegio\/wp-content\/uploads\/sites\/2\/2017\/11\/cruz-roja2.jpg","datePublished":"2017-11-17T20:48:43+00:00","dateModified":"2017-11-17T20:53:09+00:00","author":{"@id":"https:\/\/valenciasjb.salesianos.edu\/colegio\/#\/schema\/person\/1f45b67e52b27da175190a574db6bed9"},"breadcrumb":{"@id":"https:\/\/valenciasjb.salesianos.edu\/colegio\/el-colegio-colabora-con-la-cruz-roja-en-el-concierto-solidario-veus-amb-cor-en-beneficio-del-medio-ambiente-y-de-la-crisis-alimentaria\/#breadcrumb"},"inLanguage":"es","potentialAction":[{"@type":"ReadAction","target":["https:\/\/valenciasjb.salesianos.edu\/colegio\/el-colegio-colabora-con-la-cruz-roja-en-el-concierto-solidario-veus-amb-cor-en-beneficio-del-medio-ambiente-y-de-la-crisis-alimentaria\/"]}]},{"@type":"ImageObject","inLanguage":"es","@id":"https:\/\/valenciasjb.salesianos.edu\/colegio\/el-colegio-colabora-con-la-cruz-roja-en-el-concierto-solidario-veus-amb-cor-en-beneficio-del-medio-ambiente-y-de-la-crisis-alimentaria\/#primaryimage","url":"https:\/\/valenciasjb.salesianos.edu\/colegio\/wp-content\/uploads\/sites\/2\/2017\/11\/cruz-roja2.jpg","contentUrl":"https:\/\/valenciasjb.salesianos.edu\/colegio\/wp-content\/uploads\/sites\/2\/2017\/11\/cruz-roja2.jpg","width":960,"height":720},{"@type":"BreadcrumbList","@id":"https:\/\/valenciasjb.salesianos.edu\/colegio\/el-colegio-colabora-con-la-cruz-roja-en-el-concierto-solidario-veus-amb-cor-en-beneficio-del-medio-ambiente-y-de-la-crisis-alimentaria\/#breadcrumb","itemListElement":[{"@type":"ListItem","position":1,"name":"Portada","item":"https:\/\/valenciasjb.salesianos.edu\/colegio\/"},{"@type":"ListItem","position":2,"name":"El Colegio colabora con la Cruz Roja en el concierto solidario \u00abVeus amb cor\u00bb en beneficio del medio ambiente y de la crisis alimentaria"}]},{"@type":"WebSite","@id":"https:\/\/valenciasjb.salesianos.edu\/colegio\/#website","url":"https:\/\/valenciasjb.salesianos.edu\/colegio\/","name":"Colegio San Juan Bosco Valencia","description":"P\u00e1gina oficial del Colegio Salesianos San Juan Bosco Valencia","alternateName":"Salesianos.VSJB","potentialAction":[{"@type":"SearchAction","target":{"@type":"EntryPoint","urlTemplate":"https:\/\/valenciasjb.salesianos.edu\/colegio\/?s={search_term_string}"},"query-input":{"@type":"PropertyValueSpecification","valueRequired":true,"valueName":"search_term_string"}}],"inLanguage":"es"},{"@type":"Person","@id":"https:\/\/valenciasjb.salesianos.edu\/colegio\/#\/schema\/person\/1f45b67e52b27da175190a574db6bed9","name":"veronicapastor","image":{"@type":"ImageObject","inLanguage":"es","@id":"https:\/\/secure.gravatar.com\/avatar\/e29bd40bace3fd935e1d6fdb7313ffc14628cc037c5e16f4c7369b20a2a6f7f0?s=96&d=mm&r=g","url":"https:\/\/secure.gravatar.com\/avatar\/e29bd40bace3fd935e1d6fdb7313ffc14628cc037c5e16f4c7369b20a2a6f7f0?s=96&d=mm&r=g","contentUrl":"https:\/\/secure.gravatar.com\/avatar\/e29bd40bace3fd935e1d6fdb7313ffc14628cc037c5e16f4c7369b20a2a6f7f0?s=96&d=mm&r=g","caption":"veronicapastor"}}]}},"_links":{"self":[{"href":"https:\/\/valenciasjb.salesianos.edu\/colegio\/wp-json\/wp\/v2\/posts\/6142","targetHints":{"allow":["GET"]}}],"collection":[{"href":"https:\/\/valenciasjb.salesianos.edu\/colegio\/wp-json\/wp\/v2\/posts"}],"about":[{"href":"https:\/\/valenciasjb.salesianos.edu\/colegio\/wp-json\/wp\/v2\/types\/post"}],"author":[{"embeddable":true,"href":"https:\/\/valenciasjb.salesianos.edu\/colegio\/wp-json\/wp\/v2\/users\/6"}],"replies":[{"embeddable":true,"href":"https:\/\/valenciasjb.salesianos.edu\/colegio\/wp-json\/wp\/v2\/comments?post=6142"}],"version-history":[{"count":2,"href":"https:\/\/valenciasjb.salesianos.edu\/colegio\/wp-json\/wp\/v2\/posts\/6142\/revisions"}],"predecessor-version":[{"id":6148,"href":"https:\/\/valenciasjb.salesianos.edu\/colegio\/wp-json\/wp\/v2\/posts\/6142\/revisions\/6148"}],"wp:featuredmedia":[{"embeddable":true,"href":"https:\/\/valenciasjb.salesianos.edu\/colegio\/wp-json\/wp\/v2\/media\/6144"}],"wp:attachment":[{"href":"https:\/\/valenciasjb.salesianos.edu\/colegio\/wp-json\/wp\/v2\/media?parent=6142"}],"wp:term":[{"taxonomy":"category","embeddable":true,"href":"https:\/\/valenciasjb.salesianos.edu\/colegio\/wp-json\/wp\/v2\/categories?post=6142"},{"taxonomy":"post_tag","embeddable":true,"href":"https:\/\/valenciasjb.salesianos.edu\/colegio\/wp-json\/wp\/v2\/tags?post=6142"}],"curies":[{"name":"wp","href":"https:\/\/api.w.org\/{rel}","templated":true}]}}