{"id":6206,"date":"2017-11-21T19:14:01","date_gmt":"2017-11-21T18:14:01","guid":{"rendered":"https:\/\/valenciasjb.salesianos.edu\/colegio\/?p=6206"},"modified":"2017-12-16T10:46:22","modified_gmt":"2017-12-16T09:46:22","slug":"el-colegio-recibe-la-renovacion-del-sello-500-segun-el-modelo-efqm-de-calidad","status":"publish","type":"post","link":"https:\/\/valenciasjb.salesianos.edu\/colegio\/el-colegio-recibe-la-renovacion-del-sello-500-segun-el-modelo-efqm-de-calidad\/","title":{"rendered":"El colegio recibe la certificaci\u00f3n 500+ conforme al modelo EFQM por su modelo de gesti\u00f3n y de mejora de la calidad de servicio"},"content":{"rendered":"<div id=\"fb-root\"><\/div>\n<p>[et_pb_section bb_built=\u00bb1&#8243; admin_label=\u00bbsection\u00bb][et_pb_row admin_label=\u00bbrow\u00bb background_position=\u00bbtop_left\u00bb background_repeat=\u00bbrepeat\u00bb background_size=\u00bbinitial\u00bb][et_pb_column type=\u00bb4_4&#8243;][et_pb_text admin_label=\u00bbEntradilla (Texto)\u00bb _builder_version=\u00bb3.0.89&#8243; background_layout=\u00bblight\u00bb text_orientation=\u00bbjustified\u00bb text_font=\u00bb|on|||\u00bb module_alignment=\u00bbleft\u00bb]<\/p>\n<div id=\"resumen\">\n<p><strong><strong>El colegio recibe la certificaci\u00f3n 500+ conforme al modelo EFQM por su modelo de gesti\u00f3n y de mejora de la calidad de servicio. Un reconocimiento que obtuvo en el a\u00f1o 2015 y que ha renovado este curso. En la ma\u00f1ana del martes 21 de noviembre el\u00a0<\/strong><\/strong><strong>director de la casa, Jos\u00e9 Joaqu\u00edn G\u00f3mez, el\u00a0<\/strong><strong>director del colegio, Juan Peris, y el coordinador de calidad, Roberto del R\u00edo, han recogido en un acto oficial el sello de calidad.<\/strong><\/p>\n<\/div>\n<p>[\/et_pb_text][et_pb_text admin_label=\u00bbAutor (Texto)\u00bb _builder_version=\u00bb3.0.89&#8243; background_layout=\u00bblight\u00bb text_font=\u00bb||on||\u00bb]<\/p>\n<p>Redacci\u00f3n<\/p>\n<p>[\/et_pb_text][et_pb_text admin_label=\u00bbDesarrollo (Texto)\u00bb _builder_version=\u00bb3.0.89&#8243; background_layout=\u00bblight\u00bb text_orientation=\u00bbjustified\u00bb module_alignment=\u00bbleft\u00bb]<\/p>\n<p><img loading=\"lazy\" decoding=\"async\" class=\"alignnone wp-image-6209\" src=\"https:\/\/valenciasjb.salesianos.edu\/colegio\/wp-content\/uploads\/sites\/2\/2017\/11\/IMG-20171121-WA0003-300x225.jpg\" alt=\"\" width=\"832\" height=\"624\" srcset=\"https:\/\/valenciasjb.salesianos.edu\/colegio\/wp-content\/uploads\/sites\/2\/2017\/11\/IMG-20171121-WA0003-300x225.jpg 300w, https:\/\/valenciasjb.salesianos.edu\/colegio\/wp-content\/uploads\/sites\/2\/2017\/11\/IMG-20171121-WA0003-768x576.jpg 768w, https:\/\/valenciasjb.salesianos.edu\/colegio\/wp-content\/uploads\/sites\/2\/2017\/11\/IMG-20171121-WA0003-1024x768.jpg 1024w, https:\/\/valenciasjb.salesianos.edu\/colegio\/wp-content\/uploads\/sites\/2\/2017\/11\/IMG-20171121-WA0003-510x382.jpg 510w, https:\/\/valenciasjb.salesianos.edu\/colegio\/wp-content\/uploads\/sites\/2\/2017\/11\/IMG-20171121-WA0003-1080x810.jpg 1080w, https:\/\/valenciasjb.salesianos.edu\/colegio\/wp-content\/uploads\/sites\/2\/2017\/11\/IMG-20171121-WA0003.jpg 1600w\" sizes=\"(max-width: 832px) 100vw, 832px\" \/><\/p>\n<p>El colegio Salesianos San Juan Bosco de Valencia obtuvo, el pasado lunes 6 de noviembre, la renovaci\u00f3n de su certificaci\u00f3n de calidad 500+ seg\u00fan el modelo EFQM, por el Instituto Docente para la Excelencia e Innovaci\u00f3n (IDEI).<\/p>\n<p>Se suma a la alegr\u00eda de ver reconocido el trabajo en pro de la mejora continua, el hecho de haber certificado de forma conjunta con el colegio Salesianos San Antonio Abad. Esta circunstancia es una novedad en nuestra zona y hace que el nivel de sinton\u00eda y trabajo coordinado d\u00e9 tambi\u00e9n fruto.<\/p>\n<p>El trabajo en red y la optimizaci\u00f3n de recursos es la idea que subyace tras esta modalidad de certificaci\u00f3n.<\/p>\n<p>El lunes 21 de noviembre, en Madrid, ha tenido lugar el acto de recogida de los certificados y, previo a este, se ha recibido el informe de la evaluaci\u00f3n realizada, donde la puntuaci\u00f3n de la \u00faltima evaluaci\u00f3n se ha superado y son muchas las mejoras implementadas.<\/p>\n<p>Tras la auditor\u00eda se destaca la ilusi\u00f3n porque, adem\u00e1s de los logros ya alcanzados, son muchas las \u00e1reas en las que poder seguir creciendo y mejorando. Este es el compromiso que se tiene desde el colegio con las familias y los j\u00f3venes que conf\u00edan en este centro.<\/p>\n<p>[\/et_pb_text][et_pb_text admin_label=\u00bbT\u00edtulo: Galer\u00eda de fotos (Texto)\u00bb _builder_version=\u00bb3.0.76&#8243; background_layout=\u00bblight\u00bb text_font=\u00bb|on|||\u00bb text_text_color=\u00bb#dc001b\u00bb border_style=\u00bbsolid\u00bb disabled=\u00bboff\u00bb disabled_on=\u00bboff|on|on\u00bb]<\/p>\n<p>Galer\u00eda de im\u00e1genes<\/p>\n<p>[\/et_pb_text][et_pb_gallery _builder_version=\u00bb3.0.89&#8243; posts_number=\u00bb8&#8243; show_title_and_caption=\u00bboff\u00bb show_pagination=\u00bbon\u00bb fullwidth=\u00bboff\u00bb orientation=\u00bblandscape\u00bb zoom_icon_color=\u00bb#dc001b\u00bb hover_overlay_color=\u00bbrgba(255,255,255,0.9)\u00bb hover_icon=\u00bb%%51%%\u00bb background_layout=\u00bblight\u00bb disabled=\u00bboff\u00bb disabled_on=\u00bboff|off|off\u00bb gallery_ids=\u00bb6209,6208,6207,6210&#8243; pagination_font_size_tablet=\u00bb51&#8243; pagination_line_height_tablet=\u00bb2&#8243; \/][et_pb_video _builder_version=\u00bb3.0.51&#8243; disabled=\u00bbon\u00bb disabled_on=\u00bbon|on|on\u00bb \/][\/et_pb_column][\/et_pb_row][\/et_pb_section]<\/p>\n<!-- AddThis Advanced Settings generic via filter on the_content --><!-- AddThis Share Buttons generic via filter on the_content -->","protected":false},"excerpt":{"rendered":"<p>El colegio recibe la certificaci\u00f3n 500+ conforme al modelo EFQM por su modelo de gesti\u00f3n y de mejora de la calidad de servicio. Un reconocimiento que obtuvo en el a\u00f1o 2015 y que ha renovado este curso. En la ma\u00f1ana del martes 21 de noviembre el\u00a0director de la casa, Jos\u00e9 Joaqu\u00edn G\u00f3mez, el\u00a0director del colegio, [&hellip;]<\/p>\n<p><!-- AddThis Advanced Settings generic via filter on get_the_excerpt --><!-- AddThis Share Buttons generic via filter on get_the_excerpt --><\/p>\n","protected":false},"author":6,"featured_media":6209,"comment_status":"closed","ping_status":"open","sticky":false,"template":"","format":"standard","meta":{"_et_pb_use_builder":"on","_et_pb_old_content":"","_et_gb_content_width":"","footnotes":""},"categories":[14],"tags":[],"class_list":["post-6206","post","type-post","status-publish","format-standard","has-post-thumbnail","hentry","category-noticia_colegio"],"yoast_head":"<!-- This site is optimized with the Yoast SEO plugin v28.4 - https:\/\/yoast.com\/product\/yoast-seo-wordpress\/ -->\n<title>El colegio recibe la certificaci\u00f3n 500+ conforme al modelo EFQM por su modelo de gesti\u00f3n y de mejora de la calidad de servicio - Colegio San Juan Bosco Valencia<\/title>\n<meta name=\"robots\" content=\"index, follow, max-snippet:-1, max-image-preview:large, max-video-preview:-1\" \/>\n<link rel=\"canonical\" href=\"https:\/\/valenciasjb.salesianos.edu\/colegio\/el-colegio-recibe-la-renovacion-del-sello-500-segun-el-modelo-efqm-de-calidad\/\" \/>\n<meta property=\"og:locale\" content=\"es_ES\" \/>\n<meta property=\"og:type\" content=\"article\" \/>\n<meta property=\"og:title\" content=\"El colegio recibe la certificaci\u00f3n 500+ conforme al modelo EFQM por su modelo de gesti\u00f3n y de mejora de la calidad de servicio - Colegio San Juan Bosco Valencia\" \/>\n<meta property=\"og:description\" content=\"El colegio recibe la certificaci\u00f3n 500+ conforme al modelo EFQM por su modelo de gesti\u00f3n y de mejora de la calidad de servicio. Un reconocimiento que obtuvo en el a\u00f1o 2015 y que ha renovado este curso. En la ma\u00f1ana del martes 21 de noviembre el\u00a0director de la casa, Jos\u00e9 Joaqu\u00edn G\u00f3mez, el\u00a0director del colegio, [&hellip;]\" \/>\n<meta property=\"og:url\" content=\"https:\/\/valenciasjb.salesianos.edu\/colegio\/el-colegio-recibe-la-renovacion-del-sello-500-segun-el-modelo-efqm-de-calidad\/\" \/>\n<meta property=\"og:site_name\" content=\"Colegio San Juan Bosco Valencia\" \/>\n<meta property=\"article:publisher\" content=\"https:\/\/www.facebook.com\/ColegioSalesianoSanJuanBoscoValencia\" \/>\n<meta property=\"article:published_time\" content=\"2017-11-21T18:14:01+00:00\" \/>\n<meta property=\"article:modified_time\" content=\"2017-12-16T09:46:22+00:00\" \/>\n<meta property=\"og:image\" content=\"https:\/\/valenciasjb.salesianos.edu\/colegio\/wp-content\/uploads\/sites\/2\/2017\/11\/IMG-20171121-WA0003.jpg\" \/>\n\t<meta property=\"og:image:width\" content=\"1600\" \/>\n\t<meta property=\"og:image:height\" content=\"1200\" \/>\n\t<meta property=\"og:image:type\" content=\"image\/jpeg\" \/>\n<meta name=\"author\" content=\"veronicapastor\" \/>\n<meta name=\"twitter:card\" content=\"summary_large_image\" \/>\n<meta name=\"twitter:creator\" content=\"@SalesianosVSJB\" \/>\n<meta name=\"twitter:site\" content=\"@SalesianosVSJB\" \/>\n<meta name=\"twitter:label1\" content=\"Escrito por\" \/>\n\t<meta name=\"twitter:data1\" content=\"veronicapastor\" \/>\n\t<meta name=\"twitter:label2\" content=\"Tiempo de lectura\" \/>\n\t<meta name=\"twitter:data2\" content=\"3 minutos\" \/>\n<script type=\"application\/ld+json\" class=\"yoast-schema-graph\">{\"@context\":\"https:\\\/\\\/schema.org\",\"@graph\":[{\"@type\":\"Article\",\"@id\":\"https:\\\/\\\/valenciasjb.salesianos.edu\\\/colegio\\\/el-colegio-recibe-la-renovacion-del-sello-500-segun-el-modelo-efqm-de-calidad\\\/#article\",\"isPartOf\":{\"@id\":\"https:\\\/\\\/valenciasjb.salesianos.edu\\\/colegio\\\/el-colegio-recibe-la-renovacion-del-sello-500-segun-el-modelo-efqm-de-calidad\\\/\"},\"author\":{\"name\":\"veronicapastor\",\"@id\":\"https:\\\/\\\/valenciasjb.salesianos.edu\\\/colegio\\\/#\\\/schema\\\/person\\\/1f45b67e52b27da175190a574db6bed9\"},\"headline\":\"El colegio recibe la certificaci\u00f3n 500+ conforme al modelo EFQM por su modelo de gesti\u00f3n y de mejora de la calidad de servicio\",\"datePublished\":\"2017-11-21T18:14:01+00:00\",\"dateModified\":\"2017-12-16T09:46:22+00:00\",\"mainEntityOfPage\":{\"@id\":\"https:\\\/\\\/valenciasjb.salesianos.edu\\\/colegio\\\/el-colegio-recibe-la-renovacion-del-sello-500-segun-el-modelo-efqm-de-calidad\\\/\"},\"wordCount\":527,\"image\":{\"@id\":\"https:\\\/\\\/valenciasjb.salesianos.edu\\\/colegio\\\/el-colegio-recibe-la-renovacion-del-sello-500-segun-el-modelo-efqm-de-calidad\\\/#primaryimage\"},\"thumbnailUrl\":\"https:\\\/\\\/valenciasjb.salesianos.edu\\\/colegio\\\/wp-content\\\/uploads\\\/sites\\\/2\\\/2017\\\/11\\\/IMG-20171121-WA0003.jpg\",\"articleSection\":[\"Noticia Colegio\"],\"inLanguage\":\"es\"},{\"@type\":\"WebPage\",\"@id\":\"https:\\\/\\\/valenciasjb.salesianos.edu\\\/colegio\\\/el-colegio-recibe-la-renovacion-del-sello-500-segun-el-modelo-efqm-de-calidad\\\/\",\"url\":\"https:\\\/\\\/valenciasjb.salesianos.edu\\\/colegio\\\/el-colegio-recibe-la-renovacion-del-sello-500-segun-el-modelo-efqm-de-calidad\\\/\",\"name\":\"El colegio recibe la certificaci\u00f3n 500+ conforme al modelo EFQM por su modelo de gesti\u00f3n y de mejora de la calidad de servicio - Colegio San Juan Bosco Valencia\",\"isPartOf\":{\"@id\":\"https:\\\/\\\/valenciasjb.salesianos.edu\\\/colegio\\\/#website\"},\"primaryImageOfPage\":{\"@id\":\"https:\\\/\\\/valenciasjb.salesianos.edu\\\/colegio\\\/el-colegio-recibe-la-renovacion-del-sello-500-segun-el-modelo-efqm-de-calidad\\\/#primaryimage\"},\"image\":{\"@id\":\"https:\\\/\\\/valenciasjb.salesianos.edu\\\/colegio\\\/el-colegio-recibe-la-renovacion-del-sello-500-segun-el-modelo-efqm-de-calidad\\\/#primaryimage\"},\"thumbnailUrl\":\"https:\\\/\\\/valenciasjb.salesianos.edu\\\/colegio\\\/wp-content\\\/uploads\\\/sites\\\/2\\\/2017\\\/11\\\/IMG-20171121-WA0003.jpg\",\"datePublished\":\"2017-11-21T18:14:01+00:00\",\"dateModified\":\"2017-12-16T09:46:22+00:00\",\"author\":{\"@id\":\"https:\\\/\\\/valenciasjb.salesianos.edu\\\/colegio\\\/#\\\/schema\\\/person\\\/1f45b67e52b27da175190a574db6bed9\"},\"breadcrumb\":{\"@id\":\"https:\\\/\\\/valenciasjb.salesianos.edu\\\/colegio\\\/el-colegio-recibe-la-renovacion-del-sello-500-segun-el-modelo-efqm-de-calidad\\\/#breadcrumb\"},\"inLanguage\":\"es\",\"potentialAction\":[{\"@type\":\"ReadAction\",\"target\":[\"https:\\\/\\\/valenciasjb.salesianos.edu\\\/colegio\\\/el-colegio-recibe-la-renovacion-del-sello-500-segun-el-modelo-efqm-de-calidad\\\/\"]}]},{\"@type\":\"ImageObject\",\"inLanguage\":\"es\",\"@id\":\"https:\\\/\\\/valenciasjb.salesianos.edu\\\/colegio\\\/el-colegio-recibe-la-renovacion-del-sello-500-segun-el-modelo-efqm-de-calidad\\\/#primaryimage\",\"url\":\"https:\\\/\\\/valenciasjb.salesianos.edu\\\/colegio\\\/wp-content\\\/uploads\\\/sites\\\/2\\\/2017\\\/11\\\/IMG-20171121-WA0003.jpg\",\"contentUrl\":\"https:\\\/\\\/valenciasjb.salesianos.edu\\\/colegio\\\/wp-content\\\/uploads\\\/sites\\\/2\\\/2017\\\/11\\\/IMG-20171121-WA0003.jpg\",\"width\":1600,\"height\":1200},{\"@type\":\"BreadcrumbList\",\"@id\":\"https:\\\/\\\/valenciasjb.salesianos.edu\\\/colegio\\\/el-colegio-recibe-la-renovacion-del-sello-500-segun-el-modelo-efqm-de-calidad\\\/#breadcrumb\",\"itemListElement\":[{\"@type\":\"ListItem\",\"position\":1,\"name\":\"Portada\",\"item\":\"https:\\\/\\\/valenciasjb.salesianos.edu\\\/colegio\\\/\"},{\"@type\":\"ListItem\",\"position\":2,\"name\":\"El colegio recibe la certificaci\u00f3n 500+ conforme al modelo EFQM por su modelo de gesti\u00f3n y de mejora de la calidad de servicio\"}]},{\"@type\":\"WebSite\",\"@id\":\"https:\\\/\\\/valenciasjb.salesianos.edu\\\/colegio\\\/#website\",\"url\":\"https:\\\/\\\/valenciasjb.salesianos.edu\\\/colegio\\\/\",\"name\":\"Colegio San Juan Bosco Valencia\",\"description\":\"P\u00e1gina oficial del Colegio Salesianos San Juan Bosco Valencia\",\"alternateName\":\"Salesianos.VSJB\",\"potentialAction\":[{\"@type\":\"SearchAction\",\"target\":{\"@type\":\"EntryPoint\",\"urlTemplate\":\"https:\\\/\\\/valenciasjb.salesianos.edu\\\/colegio\\\/?s={search_term_string}\"},\"query-input\":{\"@type\":\"PropertyValueSpecification\",\"valueRequired\":true,\"valueName\":\"search_term_string\"}}],\"inLanguage\":\"es\"},{\"@type\":\"Person\",\"@id\":\"https:\\\/\\\/valenciasjb.salesianos.edu\\\/colegio\\\/#\\\/schema\\\/person\\\/1f45b67e52b27da175190a574db6bed9\",\"name\":\"veronicapastor\",\"image\":{\"@type\":\"ImageObject\",\"inLanguage\":\"es\",\"@id\":\"https:\\\/\\\/secure.gravatar.com\\\/avatar\\\/e29bd40bace3fd935e1d6fdb7313ffc14628cc037c5e16f4c7369b20a2a6f7f0?s=96&d=mm&r=g\",\"url\":\"https:\\\/\\\/secure.gravatar.com\\\/avatar\\\/e29bd40bace3fd935e1d6fdb7313ffc14628cc037c5e16f4c7369b20a2a6f7f0?s=96&d=mm&r=g\",\"contentUrl\":\"https:\\\/\\\/secure.gravatar.com\\\/avatar\\\/e29bd40bace3fd935e1d6fdb7313ffc14628cc037c5e16f4c7369b20a2a6f7f0?s=96&d=mm&r=g\",\"caption\":\"veronicapastor\"}}]}<\/script>\n<!-- \/ Yoast SEO plugin. -->","yoast_head_json":{"title":"El colegio recibe la certificaci\u00f3n 500+ conforme al modelo EFQM por su modelo de gesti\u00f3n y de mejora de la calidad de servicio - Colegio San Juan Bosco Valencia","robots":{"index":"index","follow":"follow","max-snippet":"max-snippet:-1","max-image-preview":"max-image-preview:large","max-video-preview":"max-video-preview:-1"},"canonical":"https:\/\/valenciasjb.salesianos.edu\/colegio\/el-colegio-recibe-la-renovacion-del-sello-500-segun-el-modelo-efqm-de-calidad\/","og_locale":"es_ES","og_type":"article","og_title":"El colegio recibe la certificaci\u00f3n 500+ conforme al modelo EFQM por su modelo de gesti\u00f3n y de mejora de la calidad de servicio - Colegio San Juan Bosco Valencia","og_description":"El colegio recibe la certificaci\u00f3n 500+ conforme al modelo EFQM por su modelo de gesti\u00f3n y de mejora de la calidad de servicio. Un reconocimiento que obtuvo en el a\u00f1o 2015 y que ha renovado este curso. En la ma\u00f1ana del martes 21 de noviembre el\u00a0director de la casa, Jos\u00e9 Joaqu\u00edn G\u00f3mez, el\u00a0director del colegio, [&hellip;]","og_url":"https:\/\/valenciasjb.salesianos.edu\/colegio\/el-colegio-recibe-la-renovacion-del-sello-500-segun-el-modelo-efqm-de-calidad\/","og_site_name":"Colegio San Juan Bosco Valencia","article_publisher":"https:\/\/www.facebook.com\/ColegioSalesianoSanJuanBoscoValencia","article_published_time":"2017-11-21T18:14:01+00:00","article_modified_time":"2017-12-16T09:46:22+00:00","og_image":[{"width":1600,"height":1200,"url":"https:\/\/valenciasjb.salesianos.edu\/colegio\/wp-content\/uploads\/sites\/2\/2017\/11\/IMG-20171121-WA0003.jpg","type":"image\/jpeg"}],"author":"veronicapastor","twitter_card":"summary_large_image","twitter_creator":"@SalesianosVSJB","twitter_site":"@SalesianosVSJB","twitter_misc":{"Escrito por":"veronicapastor","Tiempo de lectura":"3 minutos"},"schema":{"@context":"https:\/\/schema.org","@graph":[{"@type":"Article","@id":"https:\/\/valenciasjb.salesianos.edu\/colegio\/el-colegio-recibe-la-renovacion-del-sello-500-segun-el-modelo-efqm-de-calidad\/#article","isPartOf":{"@id":"https:\/\/valenciasjb.salesianos.edu\/colegio\/el-colegio-recibe-la-renovacion-del-sello-500-segun-el-modelo-efqm-de-calidad\/"},"author":{"name":"veronicapastor","@id":"https:\/\/valenciasjb.salesianos.edu\/colegio\/#\/schema\/person\/1f45b67e52b27da175190a574db6bed9"},"headline":"El colegio recibe la certificaci\u00f3n 500+ conforme al modelo EFQM por su modelo de gesti\u00f3n y de mejora de la calidad de servicio","datePublished":"2017-11-21T18:14:01+00:00","dateModified":"2017-12-16T09:46:22+00:00","mainEntityOfPage":{"@id":"https:\/\/valenciasjb.salesianos.edu\/colegio\/el-colegio-recibe-la-renovacion-del-sello-500-segun-el-modelo-efqm-de-calidad\/"},"wordCount":527,"image":{"@id":"https:\/\/valenciasjb.salesianos.edu\/colegio\/el-colegio-recibe-la-renovacion-del-sello-500-segun-el-modelo-efqm-de-calidad\/#primaryimage"},"thumbnailUrl":"https:\/\/valenciasjb.salesianos.edu\/colegio\/wp-content\/uploads\/sites\/2\/2017\/11\/IMG-20171121-WA0003.jpg","articleSection":["Noticia Colegio"],"inLanguage":"es"},{"@type":"WebPage","@id":"https:\/\/valenciasjb.salesianos.edu\/colegio\/el-colegio-recibe-la-renovacion-del-sello-500-segun-el-modelo-efqm-de-calidad\/","url":"https:\/\/valenciasjb.salesianos.edu\/colegio\/el-colegio-recibe-la-renovacion-del-sello-500-segun-el-modelo-efqm-de-calidad\/","name":"El colegio recibe la certificaci\u00f3n 500+ conforme al modelo EFQM por su modelo de gesti\u00f3n y de mejora de la calidad de servicio - Colegio San Juan Bosco Valencia","isPartOf":{"@id":"https:\/\/valenciasjb.salesianos.edu\/colegio\/#website"},"primaryImageOfPage":{"@id":"https:\/\/valenciasjb.salesianos.edu\/colegio\/el-colegio-recibe-la-renovacion-del-sello-500-segun-el-modelo-efqm-de-calidad\/#primaryimage"},"image":{"@id":"https:\/\/valenciasjb.salesianos.edu\/colegio\/el-colegio-recibe-la-renovacion-del-sello-500-segun-el-modelo-efqm-de-calidad\/#primaryimage"},"thumbnailUrl":"https:\/\/valenciasjb.salesianos.edu\/colegio\/wp-content\/uploads\/sites\/2\/2017\/11\/IMG-20171121-WA0003.jpg","datePublished":"2017-11-21T18:14:01+00:00","dateModified":"2017-12-16T09:46:22+00:00","author":{"@id":"https:\/\/valenciasjb.salesianos.edu\/colegio\/#\/schema\/person\/1f45b67e52b27da175190a574db6bed9"},"breadcrumb":{"@id":"https:\/\/valenciasjb.salesianos.edu\/colegio\/el-colegio-recibe-la-renovacion-del-sello-500-segun-el-modelo-efqm-de-calidad\/#breadcrumb"},"inLanguage":"es","potentialAction":[{"@type":"ReadAction","target":["https:\/\/valenciasjb.salesianos.edu\/colegio\/el-colegio-recibe-la-renovacion-del-sello-500-segun-el-modelo-efqm-de-calidad\/"]}]},{"@type":"ImageObject","inLanguage":"es","@id":"https:\/\/valenciasjb.salesianos.edu\/colegio\/el-colegio-recibe-la-renovacion-del-sello-500-segun-el-modelo-efqm-de-calidad\/#primaryimage","url":"https:\/\/valenciasjb.salesianos.edu\/colegio\/wp-content\/uploads\/sites\/2\/2017\/11\/IMG-20171121-WA0003.jpg","contentUrl":"https:\/\/valenciasjb.salesianos.edu\/colegio\/wp-content\/uploads\/sites\/2\/2017\/11\/IMG-20171121-WA0003.jpg","width":1600,"height":1200},{"@type":"BreadcrumbList","@id":"https:\/\/valenciasjb.salesianos.edu\/colegio\/el-colegio-recibe-la-renovacion-del-sello-500-segun-el-modelo-efqm-de-calidad\/#breadcrumb","itemListElement":[{"@type":"ListItem","position":1,"name":"Portada","item":"https:\/\/valenciasjb.salesianos.edu\/colegio\/"},{"@type":"ListItem","position":2,"name":"El colegio recibe la certificaci\u00f3n 500+ conforme al modelo EFQM por su modelo de gesti\u00f3n y de mejora de la calidad de servicio"}]},{"@type":"WebSite","@id":"https:\/\/valenciasjb.salesianos.edu\/colegio\/#website","url":"https:\/\/valenciasjb.salesianos.edu\/colegio\/","name":"Colegio San Juan Bosco Valencia","description":"P\u00e1gina oficial del Colegio Salesianos San Juan Bosco Valencia","alternateName":"Salesianos.VSJB","potentialAction":[{"@type":"SearchAction","target":{"@type":"EntryPoint","urlTemplate":"https:\/\/valenciasjb.salesianos.edu\/colegio\/?s={search_term_string}"},"query-input":{"@type":"PropertyValueSpecification","valueRequired":true,"valueName":"search_term_string"}}],"inLanguage":"es"},{"@type":"Person","@id":"https:\/\/valenciasjb.salesianos.edu\/colegio\/#\/schema\/person\/1f45b67e52b27da175190a574db6bed9","name":"veronicapastor","image":{"@type":"ImageObject","inLanguage":"es","@id":"https:\/\/secure.gravatar.com\/avatar\/e29bd40bace3fd935e1d6fdb7313ffc14628cc037c5e16f4c7369b20a2a6f7f0?s=96&d=mm&r=g","url":"https:\/\/secure.gravatar.com\/avatar\/e29bd40bace3fd935e1d6fdb7313ffc14628cc037c5e16f4c7369b20a2a6f7f0?s=96&d=mm&r=g","contentUrl":"https:\/\/secure.gravatar.com\/avatar\/e29bd40bace3fd935e1d6fdb7313ffc14628cc037c5e16f4c7369b20a2a6f7f0?s=96&d=mm&r=g","caption":"veronicapastor"}}]}},"_links":{"self":[{"href":"https:\/\/valenciasjb.salesianos.edu\/colegio\/wp-json\/wp\/v2\/posts\/6206","targetHints":{"allow":["GET"]}}],"collection":[{"href":"https:\/\/valenciasjb.salesianos.edu\/colegio\/wp-json\/wp\/v2\/posts"}],"about":[{"href":"https:\/\/valenciasjb.salesianos.edu\/colegio\/wp-json\/wp\/v2\/types\/post"}],"author":[{"embeddable":true,"href":"https:\/\/valenciasjb.salesianos.edu\/colegio\/wp-json\/wp\/v2\/users\/6"}],"replies":[{"embeddable":true,"href":"https:\/\/valenciasjb.salesianos.edu\/colegio\/wp-json\/wp\/v2\/comments?post=6206"}],"version-history":[{"count":5,"href":"https:\/\/valenciasjb.salesianos.edu\/colegio\/wp-json\/wp\/v2\/posts\/6206\/revisions"}],"predecessor-version":[{"id":6472,"href":"https:\/\/valenciasjb.salesianos.edu\/colegio\/wp-json\/wp\/v2\/posts\/6206\/revisions\/6472"}],"wp:featuredmedia":[{"embeddable":true,"href":"https:\/\/valenciasjb.salesianos.edu\/colegio\/wp-json\/wp\/v2\/media\/6209"}],"wp:attachment":[{"href":"https:\/\/valenciasjb.salesianos.edu\/colegio\/wp-json\/wp\/v2\/media?parent=6206"}],"wp:term":[{"taxonomy":"category","embeddable":true,"href":"https:\/\/valenciasjb.salesianos.edu\/colegio\/wp-json\/wp\/v2\/categories?post=6206"},{"taxonomy":"post_tag","embeddable":true,"href":"https:\/\/valenciasjb.salesianos.edu\/colegio\/wp-json\/wp\/v2\/tags?post=6206"}],"curies":[{"name":"wp","href":"https:\/\/api.w.org\/{rel}","templated":true}]}}