{"id":6215,"date":"2017-11-25T10:44:09","date_gmt":"2017-11-25T09:44:09","guid":{"rendered":"https:\/\/valenciasjb.salesianos.edu\/colegio\/?p=6215"},"modified":"2017-11-25T10:44:09","modified_gmt":"2017-11-25T09:44:09","slug":"el-alumnado-de-tercero-de-primaria-realiza-un-taller-titulado-el-agua-es-un-recurso-muy-escaso-y-hay-que-controlarlo","status":"publish","type":"post","link":"https:\/\/valenciasjb.salesianos.edu\/colegio\/el-alumnado-de-tercero-de-primaria-realiza-un-taller-titulado-el-agua-es-un-recurso-muy-escaso-y-hay-que-controlarlo\/","title":{"rendered":"El alumnado de tercero de Primaria realiza un taller titulado \u201cEl agua es un recurso muy escaso y hay que controlarlo\u201d"},"content":{"rendered":"<div id=\"fb-root\"><\/div>\n<p>[et_pb_section bb_built=\u00bb1&#8243; admin_label=\u00bbsection\u00bb][et_pb_row admin_label=\u00bbrow\u00bb background_position=\u00bbtop_left\u00bb background_repeat=\u00bbrepeat\u00bb background_size=\u00bbinitial\u00bb][et_pb_column type=\u00bb4_4&#8243;][et_pb_text admin_label=\u00bbEntradilla (Texto)\u00bb _builder_version=\u00bb3.0.89&#8243; background_layout=\u00bblight\u00bb text_orientation=\u00bbjustified\u00bb text_font=\u00bb|on|||\u00bb module_alignment=\u00bbleft\u00bb]<\/p>\n<div id=\"resumen\">\n<p>Con este t\u00edtulo es como empez\u00f3 el taller del agua que realizaron en nuestro colegio los alumnos de tercero de primaria durante los d\u00edas 14 y 15 de noviembre. Desde el Ayuntamiento, vinieron a explicar, entre otras cosas, el ciclo del agua. Dieron una lecci\u00f3n de por qu\u00e9 el agua es un recurso muy escaso y hay que valorarlo y controlarlo porque se est\u00e1 perdiendo por la falta de lluvia y el mal consumo de todos.<\/p>\n<p><strong><br \/>\n<\/strong><\/div>\n<div><\/div>\n<p>[\/et_pb_text][et_pb_text admin_label=\u00bbAutor (Texto)\u00bb _builder_version=\u00bb3.0.89&#8243; background_layout=\u00bblight\u00bb text_font=\u00bb||on||\u00bb]<\/p>\n<p><strong>Beatriz Lluch profesora de 3\u00ba de Primaria.<\/strong><\/p>\n<p>[\/et_pb_text][et_pb_text admin_label=\u00bbDesarrollo (Texto)\u00bb _builder_version=\u00bb3.0.89&#8243; background_layout=\u00bblight\u00bb text_orientation=\u00bbjustified\u00bb module_alignment=\u00bbleft\u00bb]<\/p>\n<p><img loading=\"lazy\" decoding=\"async\" class=\"alignnone  wp-image-6218\" src=\"https:\/\/valenciasjb.salesianos.edu\/colegio\/wp-content\/uploads\/sites\/2\/2017\/11\/Taller-agua-tercero-primaria-3-300x225.jpg\" alt=\"\" width=\"851\" height=\"638\" srcset=\"https:\/\/valenciasjb.salesianos.edu\/colegio\/wp-content\/uploads\/sites\/2\/2017\/11\/Taller-agua-tercero-primaria-3-300x225.jpg 300w, https:\/\/valenciasjb.salesianos.edu\/colegio\/wp-content\/uploads\/sites\/2\/2017\/11\/Taller-agua-tercero-primaria-3-768x576.jpg 768w, https:\/\/valenciasjb.salesianos.edu\/colegio\/wp-content\/uploads\/sites\/2\/2017\/11\/Taller-agua-tercero-primaria-3-510x382.jpg 510w, https:\/\/valenciasjb.salesianos.edu\/colegio\/wp-content\/uploads\/sites\/2\/2017\/11\/Taller-agua-tercero-primaria-3.jpg 1000w\" sizes=\"(max-width: 851px) 100vw, 851px\" \/><\/p>\n<p>Salieron temas de especial importancia\u00a0 como el mal consumo o h\u00e1bitos negativos que pod\u00edamos tener en casa. Un ejemplo muy claro y com\u00fan es el arrojar toallitas al inodoro, cosa que los expertos advierten que es inapropiado, ya que no se deshacen y crean embozos y malos olores.<\/p>\n<p>Los alumnos se quedaron perplejos al ver la gran cantidad de animales que mueren o que se enferman por tirar basura al mar, a los r\u00edos o a lugares inapropiados.<\/p>\n<p>En definitiva, han aprendido a respetar el medio ambiente y sobre todo a entender que el recurso del agua es un bien muy necesario pero que, si no se controla, acabar\u00e1 por agotarse y hay que recordar que el agua es vida. As\u00ed que desde tercero de primaria os animan a tener un uso responsable del agua porque es un bien de todos y todos la necesitamos.<\/p>\n<p>[\/et_pb_text][et_pb_text admin_label=\u00bbT\u00edtulo: Galer\u00eda de fotos (Texto)\u00bb _builder_version=\u00bb3.0.76&#8243; background_layout=\u00bblight\u00bb text_font=\u00bb|on|||\u00bb text_text_color=\u00bb#dc001b\u00bb border_style=\u00bbsolid\u00bb disabled=\u00bboff\u00bb disabled_on=\u00bboff|on|on\u00bb]<\/p>\n<p>Galer\u00eda de im\u00e1genes<\/p>\n<p>[\/et_pb_text][et_pb_gallery _builder_version=\u00bb3.0.89&#8243; posts_number=\u00bb8&#8243; show_title_and_caption=\u00bboff\u00bb show_pagination=\u00bbon\u00bb fullwidth=\u00bboff\u00bb orientation=\u00bblandscape\u00bb zoom_icon_color=\u00bb#dc001b\u00bb hover_overlay_color=\u00bbrgba(255,255,255,0.9)\u00bb hover_icon=\u00bb%%51%%\u00bb background_layout=\u00bblight\u00bb disabled=\u00bboff\u00bb disabled_on=\u00bboff|off|off\u00bb gallery_ids=\u00bb6216,6217,6218,6219,6220,6221&#8243; pagination_font_size_tablet=\u00bb51&#8243; pagination_line_height_tablet=\u00bb2&#8243; \/][et_pb_video _builder_version=\u00bb3.0.51&#8243; disabled=\u00bbon\u00bb disabled_on=\u00bbon|on|on\u00bb \/][\/et_pb_column][\/et_pb_row][\/et_pb_section]<\/p>\n<!-- AddThis Advanced Settings generic via filter on the_content --><!-- AddThis Share Buttons generic via filter on the_content -->","protected":false},"excerpt":{"rendered":"<p>Con este t\u00edtulo es como empez\u00f3 el taller del agua que realizaron en nuestro colegio los alumnos de tercero de primaria durante los d\u00edas 14 y 15 de noviembre. Desde el Ayuntamiento, vinieron a explicar, entre otras cosas, el ciclo del agua. Dieron una lecci\u00f3n de por qu\u00e9 el agua es un recurso muy escaso [&hellip;]<\/p>\n<p><!-- AddThis Advanced Settings generic via filter on get_the_excerpt --><!-- AddThis Share Buttons generic via filter on get_the_excerpt --><\/p>\n","protected":false},"author":6,"featured_media":6220,"comment_status":"closed","ping_status":"open","sticky":false,"template":"","format":"standard","meta":{"_et_pb_use_builder":"on","_et_pb_old_content":"","_et_gb_content_width":"","footnotes":""},"categories":[14],"tags":[],"class_list":["post-6215","post","type-post","status-publish","format-standard","has-post-thumbnail","hentry","category-noticia_colegio"],"yoast_head":"<!-- This site is optimized with the Yoast SEO plugin v28.4 - https:\/\/yoast.com\/product\/yoast-seo-wordpress\/ -->\n<title>El alumnado de tercero de Primaria realiza un taller titulado \u201cEl agua es un recurso muy escaso y hay que controlarlo\u201d - Colegio San Juan Bosco Valencia<\/title>\n<meta name=\"robots\" content=\"index, follow, max-snippet:-1, max-image-preview:large, max-video-preview:-1\" \/>\n<link rel=\"canonical\" href=\"https:\/\/valenciasjb.salesianos.edu\/colegio\/el-alumnado-de-tercero-de-primaria-realiza-un-taller-titulado-el-agua-es-un-recurso-muy-escaso-y-hay-que-controlarlo\/\" \/>\n<meta property=\"og:locale\" content=\"es_ES\" \/>\n<meta property=\"og:type\" content=\"article\" \/>\n<meta property=\"og:title\" content=\"El alumnado de tercero de Primaria realiza un taller titulado \u201cEl agua es un recurso muy escaso y hay que controlarlo\u201d - Colegio San Juan Bosco Valencia\" \/>\n<meta property=\"og:description\" content=\"Con este t\u00edtulo es como empez\u00f3 el taller del agua que realizaron en nuestro colegio los alumnos de tercero de primaria durante los d\u00edas 14 y 15 de noviembre. Desde el Ayuntamiento, vinieron a explicar, entre otras cosas, el ciclo del agua. Dieron una lecci\u00f3n de por qu\u00e9 el agua es un recurso muy escaso [&hellip;]\" \/>\n<meta property=\"og:url\" content=\"https:\/\/valenciasjb.salesianos.edu\/colegio\/el-alumnado-de-tercero-de-primaria-realiza-un-taller-titulado-el-agua-es-un-recurso-muy-escaso-y-hay-que-controlarlo\/\" \/>\n<meta property=\"og:site_name\" content=\"Colegio San Juan Bosco Valencia\" \/>\n<meta property=\"article:publisher\" content=\"https:\/\/www.facebook.com\/ColegioSalesianoSanJuanBoscoValencia\" \/>\n<meta property=\"article:published_time\" content=\"2017-11-25T09:44:09+00:00\" \/>\n<meta property=\"og:image\" content=\"https:\/\/valenciasjb.salesianos.edu\/colegio\/wp-content\/uploads\/sites\/2\/2017\/11\/Taller-agua-tercero-primaria-5.jpg\" \/>\n\t<meta property=\"og:image:width\" content=\"1600\" \/>\n\t<meta property=\"og:image:height\" content=\"1200\" \/>\n\t<meta property=\"og:image:type\" content=\"image\/jpeg\" \/>\n<meta name=\"author\" content=\"veronicapastor\" \/>\n<meta name=\"twitter:card\" content=\"summary_large_image\" \/>\n<meta name=\"twitter:creator\" content=\"@SalesianosVSJB\" \/>\n<meta name=\"twitter:site\" content=\"@SalesianosVSJB\" \/>\n<meta name=\"twitter:label1\" content=\"Escrito por\" \/>\n\t<meta name=\"twitter:data1\" content=\"veronicapastor\" \/>\n\t<meta name=\"twitter:label2\" content=\"Tiempo de lectura\" \/>\n\t<meta name=\"twitter:data2\" content=\"2 minutos\" \/>\n<script type=\"application\/ld+json\" class=\"yoast-schema-graph\">{\"@context\":\"https:\\\/\\\/schema.org\",\"@graph\":[{\"@type\":\"Article\",\"@id\":\"https:\\\/\\\/valenciasjb.salesianos.edu\\\/colegio\\\/el-alumnado-de-tercero-de-primaria-realiza-un-taller-titulado-el-agua-es-un-recurso-muy-escaso-y-hay-que-controlarlo\\\/#article\",\"isPartOf\":{\"@id\":\"https:\\\/\\\/valenciasjb.salesianos.edu\\\/colegio\\\/el-alumnado-de-tercero-de-primaria-realiza-un-taller-titulado-el-agua-es-un-recurso-muy-escaso-y-hay-que-controlarlo\\\/\"},\"author\":{\"name\":\"veronicapastor\",\"@id\":\"https:\\\/\\\/valenciasjb.salesianos.edu\\\/colegio\\\/#\\\/schema\\\/person\\\/1f45b67e52b27da175190a574db6bed9\"},\"headline\":\"El alumnado de tercero de Primaria realiza un taller titulado \u201cEl agua es un recurso muy escaso y hay que controlarlo\u201d\",\"datePublished\":\"2017-11-25T09:44:09+00:00\",\"mainEntityOfPage\":{\"@id\":\"https:\\\/\\\/valenciasjb.salesianos.edu\\\/colegio\\\/el-alumnado-de-tercero-de-primaria-realiza-un-taller-titulado-el-agua-es-un-recurso-muy-escaso-y-hay-que-controlarlo\\\/\"},\"wordCount\":458,\"image\":{\"@id\":\"https:\\\/\\\/valenciasjb.salesianos.edu\\\/colegio\\\/el-alumnado-de-tercero-de-primaria-realiza-un-taller-titulado-el-agua-es-un-recurso-muy-escaso-y-hay-que-controlarlo\\\/#primaryimage\"},\"thumbnailUrl\":\"https:\\\/\\\/valenciasjb.salesianos.edu\\\/colegio\\\/wp-content\\\/uploads\\\/sites\\\/2\\\/2017\\\/11\\\/Taller-agua-tercero-primaria-5.jpg\",\"articleSection\":[\"Noticia Colegio\"],\"inLanguage\":\"es\"},{\"@type\":\"WebPage\",\"@id\":\"https:\\\/\\\/valenciasjb.salesianos.edu\\\/colegio\\\/el-alumnado-de-tercero-de-primaria-realiza-un-taller-titulado-el-agua-es-un-recurso-muy-escaso-y-hay-que-controlarlo\\\/\",\"url\":\"https:\\\/\\\/valenciasjb.salesianos.edu\\\/colegio\\\/el-alumnado-de-tercero-de-primaria-realiza-un-taller-titulado-el-agua-es-un-recurso-muy-escaso-y-hay-que-controlarlo\\\/\",\"name\":\"El alumnado de tercero de Primaria realiza un taller titulado \u201cEl agua es un recurso muy escaso y hay que controlarlo\u201d - Colegio San Juan Bosco Valencia\",\"isPartOf\":{\"@id\":\"https:\\\/\\\/valenciasjb.salesianos.edu\\\/colegio\\\/#website\"},\"primaryImageOfPage\":{\"@id\":\"https:\\\/\\\/valenciasjb.salesianos.edu\\\/colegio\\\/el-alumnado-de-tercero-de-primaria-realiza-un-taller-titulado-el-agua-es-un-recurso-muy-escaso-y-hay-que-controlarlo\\\/#primaryimage\"},\"image\":{\"@id\":\"https:\\\/\\\/valenciasjb.salesianos.edu\\\/colegio\\\/el-alumnado-de-tercero-de-primaria-realiza-un-taller-titulado-el-agua-es-un-recurso-muy-escaso-y-hay-que-controlarlo\\\/#primaryimage\"},\"thumbnailUrl\":\"https:\\\/\\\/valenciasjb.salesianos.edu\\\/colegio\\\/wp-content\\\/uploads\\\/sites\\\/2\\\/2017\\\/11\\\/Taller-agua-tercero-primaria-5.jpg\",\"datePublished\":\"2017-11-25T09:44:09+00:00\",\"author\":{\"@id\":\"https:\\\/\\\/valenciasjb.salesianos.edu\\\/colegio\\\/#\\\/schema\\\/person\\\/1f45b67e52b27da175190a574db6bed9\"},\"breadcrumb\":{\"@id\":\"https:\\\/\\\/valenciasjb.salesianos.edu\\\/colegio\\\/el-alumnado-de-tercero-de-primaria-realiza-un-taller-titulado-el-agua-es-un-recurso-muy-escaso-y-hay-que-controlarlo\\\/#breadcrumb\"},\"inLanguage\":\"es\",\"potentialAction\":[{\"@type\":\"ReadAction\",\"target\":[\"https:\\\/\\\/valenciasjb.salesianos.edu\\\/colegio\\\/el-alumnado-de-tercero-de-primaria-realiza-un-taller-titulado-el-agua-es-un-recurso-muy-escaso-y-hay-que-controlarlo\\\/\"]}]},{\"@type\":\"ImageObject\",\"inLanguage\":\"es\",\"@id\":\"https:\\\/\\\/valenciasjb.salesianos.edu\\\/colegio\\\/el-alumnado-de-tercero-de-primaria-realiza-un-taller-titulado-el-agua-es-un-recurso-muy-escaso-y-hay-que-controlarlo\\\/#primaryimage\",\"url\":\"https:\\\/\\\/valenciasjb.salesianos.edu\\\/colegio\\\/wp-content\\\/uploads\\\/sites\\\/2\\\/2017\\\/11\\\/Taller-agua-tercero-primaria-5.jpg\",\"contentUrl\":\"https:\\\/\\\/valenciasjb.salesianos.edu\\\/colegio\\\/wp-content\\\/uploads\\\/sites\\\/2\\\/2017\\\/11\\\/Taller-agua-tercero-primaria-5.jpg\",\"width\":1600,\"height\":1200},{\"@type\":\"BreadcrumbList\",\"@id\":\"https:\\\/\\\/valenciasjb.salesianos.edu\\\/colegio\\\/el-alumnado-de-tercero-de-primaria-realiza-un-taller-titulado-el-agua-es-un-recurso-muy-escaso-y-hay-que-controlarlo\\\/#breadcrumb\",\"itemListElement\":[{\"@type\":\"ListItem\",\"position\":1,\"name\":\"Portada\",\"item\":\"https:\\\/\\\/valenciasjb.salesianos.edu\\\/colegio\\\/\"},{\"@type\":\"ListItem\",\"position\":2,\"name\":\"El alumnado de tercero de Primaria realiza un taller titulado \u201cEl agua es un recurso muy escaso y hay que controlarlo\u201d\"}]},{\"@type\":\"WebSite\",\"@id\":\"https:\\\/\\\/valenciasjb.salesianos.edu\\\/colegio\\\/#website\",\"url\":\"https:\\\/\\\/valenciasjb.salesianos.edu\\\/colegio\\\/\",\"name\":\"Colegio San Juan Bosco Valencia\",\"description\":\"P\u00e1gina oficial del Colegio Salesianos San Juan Bosco Valencia\",\"alternateName\":\"Salesianos.VSJB\",\"potentialAction\":[{\"@type\":\"SearchAction\",\"target\":{\"@type\":\"EntryPoint\",\"urlTemplate\":\"https:\\\/\\\/valenciasjb.salesianos.edu\\\/colegio\\\/?s={search_term_string}\"},\"query-input\":{\"@type\":\"PropertyValueSpecification\",\"valueRequired\":true,\"valueName\":\"search_term_string\"}}],\"inLanguage\":\"es\"},{\"@type\":\"Person\",\"@id\":\"https:\\\/\\\/valenciasjb.salesianos.edu\\\/colegio\\\/#\\\/schema\\\/person\\\/1f45b67e52b27da175190a574db6bed9\",\"name\":\"veronicapastor\",\"image\":{\"@type\":\"ImageObject\",\"inLanguage\":\"es\",\"@id\":\"https:\\\/\\\/secure.gravatar.com\\\/avatar\\\/e29bd40bace3fd935e1d6fdb7313ffc14628cc037c5e16f4c7369b20a2a6f7f0?s=96&d=mm&r=g\",\"url\":\"https:\\\/\\\/secure.gravatar.com\\\/avatar\\\/e29bd40bace3fd935e1d6fdb7313ffc14628cc037c5e16f4c7369b20a2a6f7f0?s=96&d=mm&r=g\",\"contentUrl\":\"https:\\\/\\\/secure.gravatar.com\\\/avatar\\\/e29bd40bace3fd935e1d6fdb7313ffc14628cc037c5e16f4c7369b20a2a6f7f0?s=96&d=mm&r=g\",\"caption\":\"veronicapastor\"}}]}<\/script>\n<!-- \/ Yoast SEO plugin. -->","yoast_head_json":{"title":"El alumnado de tercero de Primaria realiza un taller titulado \u201cEl agua es un recurso muy escaso y hay que controlarlo\u201d - Colegio San Juan Bosco Valencia","robots":{"index":"index","follow":"follow","max-snippet":"max-snippet:-1","max-image-preview":"max-image-preview:large","max-video-preview":"max-video-preview:-1"},"canonical":"https:\/\/valenciasjb.salesianos.edu\/colegio\/el-alumnado-de-tercero-de-primaria-realiza-un-taller-titulado-el-agua-es-un-recurso-muy-escaso-y-hay-que-controlarlo\/","og_locale":"es_ES","og_type":"article","og_title":"El alumnado de tercero de Primaria realiza un taller titulado \u201cEl agua es un recurso muy escaso y hay que controlarlo\u201d - Colegio San Juan Bosco Valencia","og_description":"Con este t\u00edtulo es como empez\u00f3 el taller del agua que realizaron en nuestro colegio los alumnos de tercero de primaria durante los d\u00edas 14 y 15 de noviembre. Desde el Ayuntamiento, vinieron a explicar, entre otras cosas, el ciclo del agua. Dieron una lecci\u00f3n de por qu\u00e9 el agua es un recurso muy escaso [&hellip;]","og_url":"https:\/\/valenciasjb.salesianos.edu\/colegio\/el-alumnado-de-tercero-de-primaria-realiza-un-taller-titulado-el-agua-es-un-recurso-muy-escaso-y-hay-que-controlarlo\/","og_site_name":"Colegio San Juan Bosco Valencia","article_publisher":"https:\/\/www.facebook.com\/ColegioSalesianoSanJuanBoscoValencia","article_published_time":"2017-11-25T09:44:09+00:00","og_image":[{"width":1600,"height":1200,"url":"https:\/\/valenciasjb.salesianos.edu\/colegio\/wp-content\/uploads\/sites\/2\/2017\/11\/Taller-agua-tercero-primaria-5.jpg","type":"image\/jpeg"}],"author":"veronicapastor","twitter_card":"summary_large_image","twitter_creator":"@SalesianosVSJB","twitter_site":"@SalesianosVSJB","twitter_misc":{"Escrito por":"veronicapastor","Tiempo de lectura":"2 minutos"},"schema":{"@context":"https:\/\/schema.org","@graph":[{"@type":"Article","@id":"https:\/\/valenciasjb.salesianos.edu\/colegio\/el-alumnado-de-tercero-de-primaria-realiza-un-taller-titulado-el-agua-es-un-recurso-muy-escaso-y-hay-que-controlarlo\/#article","isPartOf":{"@id":"https:\/\/valenciasjb.salesianos.edu\/colegio\/el-alumnado-de-tercero-de-primaria-realiza-un-taller-titulado-el-agua-es-un-recurso-muy-escaso-y-hay-que-controlarlo\/"},"author":{"name":"veronicapastor","@id":"https:\/\/valenciasjb.salesianos.edu\/colegio\/#\/schema\/person\/1f45b67e52b27da175190a574db6bed9"},"headline":"El alumnado de tercero de Primaria realiza un taller titulado \u201cEl agua es un recurso muy escaso y hay que controlarlo\u201d","datePublished":"2017-11-25T09:44:09+00:00","mainEntityOfPage":{"@id":"https:\/\/valenciasjb.salesianos.edu\/colegio\/el-alumnado-de-tercero-de-primaria-realiza-un-taller-titulado-el-agua-es-un-recurso-muy-escaso-y-hay-que-controlarlo\/"},"wordCount":458,"image":{"@id":"https:\/\/valenciasjb.salesianos.edu\/colegio\/el-alumnado-de-tercero-de-primaria-realiza-un-taller-titulado-el-agua-es-un-recurso-muy-escaso-y-hay-que-controlarlo\/#primaryimage"},"thumbnailUrl":"https:\/\/valenciasjb.salesianos.edu\/colegio\/wp-content\/uploads\/sites\/2\/2017\/11\/Taller-agua-tercero-primaria-5.jpg","articleSection":["Noticia Colegio"],"inLanguage":"es"},{"@type":"WebPage","@id":"https:\/\/valenciasjb.salesianos.edu\/colegio\/el-alumnado-de-tercero-de-primaria-realiza-un-taller-titulado-el-agua-es-un-recurso-muy-escaso-y-hay-que-controlarlo\/","url":"https:\/\/valenciasjb.salesianos.edu\/colegio\/el-alumnado-de-tercero-de-primaria-realiza-un-taller-titulado-el-agua-es-un-recurso-muy-escaso-y-hay-que-controlarlo\/","name":"El alumnado de tercero de Primaria realiza un taller titulado \u201cEl agua es un recurso muy escaso y hay que controlarlo\u201d - Colegio San Juan Bosco Valencia","isPartOf":{"@id":"https:\/\/valenciasjb.salesianos.edu\/colegio\/#website"},"primaryImageOfPage":{"@id":"https:\/\/valenciasjb.salesianos.edu\/colegio\/el-alumnado-de-tercero-de-primaria-realiza-un-taller-titulado-el-agua-es-un-recurso-muy-escaso-y-hay-que-controlarlo\/#primaryimage"},"image":{"@id":"https:\/\/valenciasjb.salesianos.edu\/colegio\/el-alumnado-de-tercero-de-primaria-realiza-un-taller-titulado-el-agua-es-un-recurso-muy-escaso-y-hay-que-controlarlo\/#primaryimage"},"thumbnailUrl":"https:\/\/valenciasjb.salesianos.edu\/colegio\/wp-content\/uploads\/sites\/2\/2017\/11\/Taller-agua-tercero-primaria-5.jpg","datePublished":"2017-11-25T09:44:09+00:00","author":{"@id":"https:\/\/valenciasjb.salesianos.edu\/colegio\/#\/schema\/person\/1f45b67e52b27da175190a574db6bed9"},"breadcrumb":{"@id":"https:\/\/valenciasjb.salesianos.edu\/colegio\/el-alumnado-de-tercero-de-primaria-realiza-un-taller-titulado-el-agua-es-un-recurso-muy-escaso-y-hay-que-controlarlo\/#breadcrumb"},"inLanguage":"es","potentialAction":[{"@type":"ReadAction","target":["https:\/\/valenciasjb.salesianos.edu\/colegio\/el-alumnado-de-tercero-de-primaria-realiza-un-taller-titulado-el-agua-es-un-recurso-muy-escaso-y-hay-que-controlarlo\/"]}]},{"@type":"ImageObject","inLanguage":"es","@id":"https:\/\/valenciasjb.salesianos.edu\/colegio\/el-alumnado-de-tercero-de-primaria-realiza-un-taller-titulado-el-agua-es-un-recurso-muy-escaso-y-hay-que-controlarlo\/#primaryimage","url":"https:\/\/valenciasjb.salesianos.edu\/colegio\/wp-content\/uploads\/sites\/2\/2017\/11\/Taller-agua-tercero-primaria-5.jpg","contentUrl":"https:\/\/valenciasjb.salesianos.edu\/colegio\/wp-content\/uploads\/sites\/2\/2017\/11\/Taller-agua-tercero-primaria-5.jpg","width":1600,"height":1200},{"@type":"BreadcrumbList","@id":"https:\/\/valenciasjb.salesianos.edu\/colegio\/el-alumnado-de-tercero-de-primaria-realiza-un-taller-titulado-el-agua-es-un-recurso-muy-escaso-y-hay-que-controlarlo\/#breadcrumb","itemListElement":[{"@type":"ListItem","position":1,"name":"Portada","item":"https:\/\/valenciasjb.salesianos.edu\/colegio\/"},{"@type":"ListItem","position":2,"name":"El alumnado de tercero de Primaria realiza un taller titulado \u201cEl agua es un recurso muy escaso y hay que controlarlo\u201d"}]},{"@type":"WebSite","@id":"https:\/\/valenciasjb.salesianos.edu\/colegio\/#website","url":"https:\/\/valenciasjb.salesianos.edu\/colegio\/","name":"Colegio San Juan Bosco Valencia","description":"P\u00e1gina oficial del Colegio Salesianos San Juan Bosco Valencia","alternateName":"Salesianos.VSJB","potentialAction":[{"@type":"SearchAction","target":{"@type":"EntryPoint","urlTemplate":"https:\/\/valenciasjb.salesianos.edu\/colegio\/?s={search_term_string}"},"query-input":{"@type":"PropertyValueSpecification","valueRequired":true,"valueName":"search_term_string"}}],"inLanguage":"es"},{"@type":"Person","@id":"https:\/\/valenciasjb.salesianos.edu\/colegio\/#\/schema\/person\/1f45b67e52b27da175190a574db6bed9","name":"veronicapastor","image":{"@type":"ImageObject","inLanguage":"es","@id":"https:\/\/secure.gravatar.com\/avatar\/e29bd40bace3fd935e1d6fdb7313ffc14628cc037c5e16f4c7369b20a2a6f7f0?s=96&d=mm&r=g","url":"https:\/\/secure.gravatar.com\/avatar\/e29bd40bace3fd935e1d6fdb7313ffc14628cc037c5e16f4c7369b20a2a6f7f0?s=96&d=mm&r=g","contentUrl":"https:\/\/secure.gravatar.com\/avatar\/e29bd40bace3fd935e1d6fdb7313ffc14628cc037c5e16f4c7369b20a2a6f7f0?s=96&d=mm&r=g","caption":"veronicapastor"}}]}},"_links":{"self":[{"href":"https:\/\/valenciasjb.salesianos.edu\/colegio\/wp-json\/wp\/v2\/posts\/6215","targetHints":{"allow":["GET"]}}],"collection":[{"href":"https:\/\/valenciasjb.salesianos.edu\/colegio\/wp-json\/wp\/v2\/posts"}],"about":[{"href":"https:\/\/valenciasjb.salesianos.edu\/colegio\/wp-json\/wp\/v2\/types\/post"}],"author":[{"embeddable":true,"href":"https:\/\/valenciasjb.salesianos.edu\/colegio\/wp-json\/wp\/v2\/users\/6"}],"replies":[{"embeddable":true,"href":"https:\/\/valenciasjb.salesianos.edu\/colegio\/wp-json\/wp\/v2\/comments?post=6215"}],"version-history":[{"count":2,"href":"https:\/\/valenciasjb.salesianos.edu\/colegio\/wp-json\/wp\/v2\/posts\/6215\/revisions"}],"predecessor-version":[{"id":6223,"href":"https:\/\/valenciasjb.salesianos.edu\/colegio\/wp-json\/wp\/v2\/posts\/6215\/revisions\/6223"}],"wp:featuredmedia":[{"embeddable":true,"href":"https:\/\/valenciasjb.salesianos.edu\/colegio\/wp-json\/wp\/v2\/media\/6220"}],"wp:attachment":[{"href":"https:\/\/valenciasjb.salesianos.edu\/colegio\/wp-json\/wp\/v2\/media?parent=6215"}],"wp:term":[{"taxonomy":"category","embeddable":true,"href":"https:\/\/valenciasjb.salesianos.edu\/colegio\/wp-json\/wp\/v2\/categories?post=6215"},{"taxonomy":"post_tag","embeddable":true,"href":"https:\/\/valenciasjb.salesianos.edu\/colegio\/wp-json\/wp\/v2\/tags?post=6215"}],"curies":[{"name":"wp","href":"https:\/\/api.w.org\/{rel}","templated":true}]}}