{"id":6231,"date":"2017-11-27T21:14:35","date_gmt":"2017-11-27T20:14:35","guid":{"rendered":"https:\/\/valenciasjb.salesianos.edu\/colegio\/?p=6231"},"modified":"2017-11-27T21:14:35","modified_gmt":"2017-11-27T20:14:35","slug":"los-alumnos-de-1o-primaria-visitan-el-corazon-de-la-cultura-tradicional-valenciana","status":"publish","type":"post","link":"https:\/\/valenciasjb.salesianos.edu\/colegio\/los-alumnos-de-1o-primaria-visitan-el-corazon-de-la-cultura-tradicional-valenciana\/","title":{"rendered":"Los alumnos de 1\u00ba Primaria visitan el coraz\u00f3n de la cultura tradicional valenciana"},"content":{"rendered":"<div id=\"fb-root\"><\/div>\n<p>[et_pb_section bb_built=\u00bb1&#8243; admin_label=\u00bbsection\u00bb][et_pb_row admin_label=\u00bbrow\u00bb background_position=\u00bbtop_left\u00bb background_repeat=\u00bbrepeat\u00bb background_size=\u00bbinitial\u00bb][et_pb_column type=\u00bb4_4&#8243;][et_pb_text admin_label=\u00bbEntradilla (Texto)\u00bb _builder_version=\u00bb3.0.89&#8243; background_layout=\u00bblight\u00bb text_orientation=\u00bbjustified\u00bb text_font=\u00bb|on|||\u00bb module_alignment=\u00bbleft\u00bb]<\/p>\n<div id=\"resumen\">\n<p><strong>El pasado mi\u00e9rcoles y jueves 22 y 23 de noviembre, los alumnos de 1\u00ba de Primaria realizaron su primera salida al Observatorio del Canvi Clim\u00e0tic, el Mercat del Cabanyal y el Museo del Arroz.<\/strong><\/p>\n<p><strong><br \/>\n<\/strong><\/div>\n<div><\/div>\n<p>[\/et_pb_text][et_pb_text admin_label=\u00bbAutor (Texto)\u00bb _builder_version=\u00bb3.0.89&#8243; background_layout=\u00bblight\u00bb text_font=\u00bb||on||\u00bb]<\/p>\n<p>Equipo de profesores de 1\u00ba de Primaria<\/p>\n<p>[\/et_pb_text][et_pb_text admin_label=\u00bbDesarrollo (Texto)\u00bb _builder_version=\u00bb3.0.89&#8243; background_layout=\u00bblight\u00bb text_orientation=\u00bbjustified\u00bb module_alignment=\u00bbleft\u00bb]<\/p>\n<p><img loading=\"lazy\" decoding=\"async\" class=\"alignnone  wp-image-6232\" src=\"https:\/\/valenciasjb.salesianos.edu\/colegio\/wp-content\/uploads\/sites\/2\/2017\/11\/1711232-300x200.jpeg\" alt=\"\" width=\"860\" height=\"573\" srcset=\"https:\/\/valenciasjb.salesianos.edu\/colegio\/wp-content\/uploads\/sites\/2\/2017\/11\/1711232-300x200.jpeg 300w, https:\/\/valenciasjb.salesianos.edu\/colegio\/wp-content\/uploads\/sites\/2\/2017\/11\/1711232-768x513.jpeg 768w, https:\/\/valenciasjb.salesianos.edu\/colegio\/wp-content\/uploads\/sites\/2\/2017\/11\/1711232-1024x684.jpeg 1024w\" sizes=\"(max-width: 860px) 100vw, 860px\" \/><\/p>\n<p>La primera parada la realizamos al<strong>\u00a0 Observatori del Canvi Clim\u00e0tic<\/strong>, un \u00a0centro destinado espec\u00edficamente a un problema ambiental de magnitud internacional como es el Calentamiento Global. Los diversos monitores sensibilizaron y formaron a nuestros alumnos con diferentes e interactivas actividades para mostrarles la contribuci\u00f3n que cada persona puede realizar para luchar contra el cambio clim\u00e1tico y contribuir al desarrollo sostenible.<\/p>\n<p>Despu\u00e9s de esta interesante visita, cogimos fuerzas con un gran almuerzo en el parque del Observatori donde los ni\u00f1os disfrutaron jugando al aire libre. Una vez finalizado el almuerzo, \u00a0caminamos hacia el <strong>Mercat del Cabanyal<\/strong>, una oportunidad \u00fanica y tradicional de conocer de primera mano qu\u00e9 alimentos consumimos, fomentar h\u00e1bitos saludables o identificar los diferentes miembros del mercado. Los alumnos recorrieron todo el Mercado ordenadamente, preguntando a los comerciantes contenidos ya aprendidos en clase como el peso y la balanza, sobre qu\u00e9 alimentos son de origen animal o vegetal, el tipo de verdura, el pescado o carne. De esta manera, los alumnos interrelacionaron los contenidos aprendidos en el aula para desarrollarlos en situaciones reales y cotidianas.<\/p>\n<p>Por \u00faltimo, y despu\u00e9s de sumergirnos en el coraz\u00f3n hist\u00f3rico del Cabanyal, nos adentramos en el precioso <strong>Museo del Arroz<\/strong>, un antiguo molino de arroz construido a principios del siglo XX. Durante esta visita, los alumnos conocieron el proceso de industrializaci\u00f3n del arroz, las maquinarias empleadas, adem\u00e1s de ver en detalle el proceso de transformaci\u00f3n del arroz c\u00e1scara del campo en arroz blanco para consumir.<\/p>\n<p>Los alumnos se mostraron <strong>emocionados y entusiasmados<\/strong> durante esta gran jornada para conocer los diferentes aspectos de nuestra cultura valenciana. Una jornada que result\u00f3 <strong>muy enriquecedora y atractiva para todos ellos.<\/strong><\/p>\n<p>[\/et_pb_text][et_pb_text admin_label=\u00bbT\u00edtulo: Galer\u00eda de fotos (Texto)\u00bb _builder_version=\u00bb3.0.76&#8243; background_layout=\u00bblight\u00bb text_font=\u00bb|on|||\u00bb text_text_color=\u00bb#dc001b\u00bb border_style=\u00bbsolid\u00bb disabled=\u00bboff\u00bb disabled_on=\u00bboff|on|on\u00bb]<\/p>\n<p>Galer\u00eda de im\u00e1genes<\/p>\n<p>[\/et_pb_text][et_pb_gallery _builder_version=\u00bb3.0.89&#8243; posts_number=\u00bb8&#8243; show_title_and_caption=\u00bboff\u00bb show_pagination=\u00bbon\u00bb fullwidth=\u00bboff\u00bb orientation=\u00bblandscape\u00bb zoom_icon_color=\u00bb#dc001b\u00bb hover_overlay_color=\u00bbrgba(255,255,255,0.9)\u00bb hover_icon=\u00bb%%51%%\u00bb background_layout=\u00bblight\u00bb disabled=\u00bboff\u00bb disabled_on=\u00bboff|off|off\u00bb gallery_ids=\u00bb6240,6238,6237,6236,6235,6234,6233,6232&#8243; pagination_font_size_tablet=\u00bb51&#8243; pagination_line_height_tablet=\u00bb2&#8243; \/][et_pb_video _builder_version=\u00bb3.0.51&#8243; disabled=\u00bbon\u00bb disabled_on=\u00bbon|on|on\u00bb \/][\/et_pb_column][\/et_pb_row][\/et_pb_section]<\/p>\n<!-- AddThis Advanced Settings generic via filter on the_content --><!-- AddThis Share Buttons generic via filter on the_content -->","protected":false},"excerpt":{"rendered":"<p>El pasado mi\u00e9rcoles y jueves 22 y 23 de noviembre, los alumnos de 1\u00ba de Primaria realizaron su primera salida al Observatorio del Canvi Clim\u00e0tic, el Mercat del Cabanyal y el Museo del Arroz. Equipo de profesores de 1\u00ba de Primaria La primera parada la realizamos al\u00a0 Observatori del Canvi Clim\u00e0tic, un \u00a0centro destinado espec\u00edficamente [&hellip;]<\/p>\n<p><!-- AddThis Advanced Settings generic via filter on get_the_excerpt --><!-- AddThis Share Buttons generic via filter on get_the_excerpt --><\/p>\n","protected":false},"author":6,"featured_media":6232,"comment_status":"closed","ping_status":"open","sticky":false,"template":"","format":"standard","meta":{"_et_pb_use_builder":"on","_et_pb_old_content":"<p>[et_pb_section bb_built=\"1\" admin_label=\"section\"][et_pb_row admin_label=\"row\" background_position=\"top_left\" background_repeat=\"repeat\" background_size=\"initial\"][et_pb_column type=\"4_4\"][et_pb_text admin_label=\"Entradilla (Texto)\" _builder_version=\"3.0.89\" background_layout=\"light\" text_orientation=\"justified\" text_font=\"|on|||\" module_alignment=\"left\"]<\/p><div id=\"resumen\"><p align=\"justify\"><span style=\"color: #494949;\"><span style=\"font-family: Verdana, serif;\"><span style=\"font-size: small;\"><b>El pasado mi\u00e9rcoles y jueves 22 y 23 de noviembre, los alumnos de 1\u00ba de Primaria realizaron su primera salida al Observatorio del Canvi Clim\u00e0tic, el Mercat del Cabanyal y el Museo del Arroz.<\/b><\/span><\/span><\/span><\/p><p><strong><br \/> <\/strong><\/p><\/div><div>\u00a0<\/div><p>[\/et_pb_text][et_pb_text admin_label=\"Autor (Texto)\" _builder_version=\"3.0.89\" background_layout=\"light\" text_font=\"||on||\"]<\/p><p align=\"justify\"><span style=\"color: #494949;\"><span style=\"font-family: Verdana, serif;\"><span style=\"font-size: small;\">Equipo de profesores de 1\u00ba de Primaria.<\/span><\/span><\/span><\/p><p>[\/et_pb_text][et_pb_text admin_label=\"Desarrollo (Texto)\" _builder_version=\"3.0.89\" background_layout=\"light\" text_orientation=\"justified\" module_alignment=\"left\"]<\/p><p align=\"justify\"><img class=\"alignnone wp-image-6232\" src=\"https:\/\/valenciasjb.salesianos.edu\/colegio\/wp-content\/uploads\/sites\/2\/2017\/11\/1711232-300x200.jpeg\" alt=\"\" width=\"857\" height=\"571\" \/><\/p><p align=\"justify\"><span style=\"color: #333333;\"><span style=\"font-family: Verdana, serif;\">La primera parada la realizamos al<\/span><\/span><span style=\"color: #333333;\"><span style=\"font-family: Verdana, serif;\"><b> Observatori del Canvi Clim\u00e0tic<\/b><\/span><\/span><span style=\"color: #333333;\"><span style=\"font-family: Verdana, serif;\">, un centro destinado espec\u00edficamente a un problema ambiental de magnitud internacional como es el Calentamiento Global. Los diversos monitores sensibilizaron y formaron a nuestros alumnos con diferentes e interactivas actividades para mostrarles la contribuci\u00f3n que cada persona puede realizar para luchar contra el cambio clim\u00e1tico y contribuir al desarrollo sostenible.<\/span><\/span><\/p><p align=\"justify\"><span style=\"color: #333333;\"><span style=\"font-family: Verdana, serif;\">Despu\u00e9s de esta interesante visita, cogimos fuerzas con un gran almuerzo en el parque del Observatori donde los ni\u00f1os disfrutaron jugando al aire libre. Una vez finalizado el almuerzo, caminamos hacia el <\/span><\/span><span style=\"color: #333333;\"><span style=\"font-family: Verdana, serif;\"><b>Mercat del Cabanyal<\/b><\/span><\/span><span style=\"color: #333333;\"><span style=\"font-family: Verdana, serif;\">, una oportunidad \u00fanica y tradicional de conocer de primera mano qu\u00e9 alimentos consumimos, fomentar h\u00e1bitos saludables o identificar los diferentes miembros del mercado. Los alumnos recorrieron todo el Mercado ordenadamente, preguntando a los comerciantes contenidos ya aprendidos en clase como el peso y la balanza, sobre qu\u00e9 alimentos son de origen animal o vegetal, el tipo de verdura, el pescado o carne. De esta manera, los alumnos interrelacionaron los contenidos aprendidos en el aula para desarrollarlos en situaciones reales y cotidianas.<\/span><\/span><\/p><p align=\"justify\"><span style=\"color: #333333;\"><span style=\"font-family: Verdana, serif;\">Por \u00faltimo, y despu\u00e9s de sumergirnos en el coraz\u00f3n hist\u00f3rico del Cabanyal, nos adentramos en el precioso <\/span><\/span><span style=\"color: #333333;\"><span style=\"font-family: Verdana, serif;\"><b>Museo del Arroz<\/b><\/span><\/span><span style=\"color: #333333;\"><span style=\"font-family: Verdana, serif;\">, un antiguo molino de arroz construido a principios del siglo XX. Durante esta visita, los alumnos conocieron el proceso de industrializaci\u00f3n del arroz, las maquinarias empleadas, adem\u00e1s de ver en detalle el proceso de transformaci\u00f3n del arroz c\u00e1scara del campo en arroz blanco para consumir. <\/span><\/span><\/p><p align=\"justify\"><span style=\"color: #333333;\"><span style=\"font-family: Verdana, serif;\">Los alumnos se mostraron <\/span><\/span><span style=\"color: #333333;\"><span style=\"font-family: Verdana, serif;\"><b>emocionados y entusiasmados<\/b><\/span><\/span><span style=\"color: #333333;\"><span style=\"font-family: Verdana, serif;\"> durante esta gran jornada para conocer los diferentes aspectos de nuestra cultura valenciana. Una jornada que result\u00f3 <\/span><\/span><span style=\"color: #333333;\"><span style=\"font-family: Verdana, serif;\"><b>muy enriquecedora y atractiva para todos ellos.<\/b><\/span><\/span><\/p><p>[\/et_pb_text][et_pb_text admin_label=\"T\u00edtulo: Galer\u00eda de fotos (Texto)\" _builder_version=\"3.0.76\" background_layout=\"light\" text_font=\"|on|||\" text_text_color=\"#dc001b\" border_style=\"solid\" disabled=\"off\" disabled_on=\"off|on|on\"]<\/p><p>Galer\u00eda de im\u00e1genes<\/p><p>[\/et_pb_text][et_pb_gallery _builder_version=\"3.0.89\" posts_number=\"8\" show_title_and_caption=\"off\" show_pagination=\"on\" fullwidth=\"off\" orientation=\"landscape\" zoom_icon_color=\"#dc001b\" hover_overlay_color=\"rgba(255,255,255,0.9)\" hover_icon=\"%%51%%\" background_layout=\"light\" disabled=\"off\" disabled_on=\"off|off|off\" gallery_ids=\"5794\" pagination_font_size_tablet=\"51\" pagination_line_height_tablet=\"2\" \/][et_pb_video _builder_version=\"3.0.51\" disabled=\"on\" disabled_on=\"on|on|on\" \/][\/et_pb_column][\/et_pb_row][\/et_pb_section]<\/p>","_et_gb_content_width":"","footnotes":""},"categories":[14],"tags":[],"class_list":["post-6231","post","type-post","status-publish","format-standard","has-post-thumbnail","hentry","category-noticia_colegio"],"yoast_head":"<!-- This site is optimized with the Yoast SEO plugin v28.4 - https:\/\/yoast.com\/product\/yoast-seo-wordpress\/ -->\n<title>Los alumnos de 1\u00ba Primaria visitan el coraz\u00f3n de la cultura tradicional valenciana - Colegio San Juan Bosco Valencia<\/title>\n<meta name=\"robots\" content=\"index, follow, max-snippet:-1, max-image-preview:large, max-video-preview:-1\" \/>\n<link rel=\"canonical\" href=\"https:\/\/valenciasjb.salesianos.edu\/colegio\/los-alumnos-de-1o-primaria-visitan-el-corazon-de-la-cultura-tradicional-valenciana\/\" \/>\n<meta property=\"og:locale\" content=\"es_ES\" \/>\n<meta property=\"og:type\" content=\"article\" \/>\n<meta property=\"og:title\" content=\"Los alumnos de 1\u00ba Primaria visitan el coraz\u00f3n de la cultura tradicional valenciana - Colegio San Juan Bosco Valencia\" \/>\n<meta property=\"og:description\" content=\"El pasado mi\u00e9rcoles y jueves 22 y 23 de noviembre, los alumnos de 1\u00ba de Primaria realizaron su primera salida al Observatorio del Canvi Clim\u00e0tic, el Mercat del Cabanyal y el Museo del Arroz. Equipo de profesores de 1\u00ba de Primaria La primera parada la realizamos al\u00a0 Observatori del Canvi Clim\u00e0tic, un \u00a0centro destinado espec\u00edficamente [&hellip;]\" \/>\n<meta property=\"og:url\" content=\"https:\/\/valenciasjb.salesianos.edu\/colegio\/los-alumnos-de-1o-primaria-visitan-el-corazon-de-la-cultura-tradicional-valenciana\/\" \/>\n<meta property=\"og:site_name\" content=\"Colegio San Juan Bosco Valencia\" \/>\n<meta property=\"article:publisher\" content=\"https:\/\/www.facebook.com\/ColegioSalesianoSanJuanBoscoValencia\" \/>\n<meta property=\"article:published_time\" content=\"2017-11-27T20:14:35+00:00\" \/>\n<meta property=\"og:image\" content=\"https:\/\/valenciasjb.salesianos.edu\/colegio\/wp-content\/uploads\/sites\/2\/2017\/11\/1711232.jpeg\" \/>\n\t<meta property=\"og:image:width\" content=\"1616\" \/>\n\t<meta property=\"og:image:height\" content=\"1080\" \/>\n\t<meta property=\"og:image:type\" content=\"image\/jpeg\" \/>\n<meta name=\"author\" content=\"veronicapastor\" \/>\n<meta name=\"twitter:card\" content=\"summary_large_image\" \/>\n<meta name=\"twitter:creator\" content=\"@SalesianosVSJB\" \/>\n<meta name=\"twitter:site\" content=\"@SalesianosVSJB\" \/>\n<meta name=\"twitter:label1\" content=\"Escrito por\" \/>\n\t<meta name=\"twitter:data1\" content=\"veronicapastor\" \/>\n\t<meta name=\"twitter:label2\" content=\"Tiempo de lectura\" \/>\n\t<meta name=\"twitter:data2\" content=\"3 minutos\" \/>\n<script type=\"application\/ld+json\" class=\"yoast-schema-graph\">{\"@context\":\"https:\\\/\\\/schema.org\",\"@graph\":[{\"@type\":\"Article\",\"@id\":\"https:\\\/\\\/valenciasjb.salesianos.edu\\\/colegio\\\/los-alumnos-de-1o-primaria-visitan-el-corazon-de-la-cultura-tradicional-valenciana\\\/#article\",\"isPartOf\":{\"@id\":\"https:\\\/\\\/valenciasjb.salesianos.edu\\\/colegio\\\/los-alumnos-de-1o-primaria-visitan-el-corazon-de-la-cultura-tradicional-valenciana\\\/\"},\"author\":{\"name\":\"veronicapastor\",\"@id\":\"https:\\\/\\\/valenciasjb.salesianos.edu\\\/colegio\\\/#\\\/schema\\\/person\\\/1f45b67e52b27da175190a574db6bed9\"},\"headline\":\"Los alumnos de 1\u00ba Primaria visitan el coraz\u00f3n de la cultura tradicional valenciana\",\"datePublished\":\"2017-11-27T20:14:35+00:00\",\"mainEntityOfPage\":{\"@id\":\"https:\\\/\\\/valenciasjb.salesianos.edu\\\/colegio\\\/los-alumnos-de-1o-primaria-visitan-el-corazon-de-la-cultura-tradicional-valenciana\\\/\"},\"wordCount\":543,\"image\":{\"@id\":\"https:\\\/\\\/valenciasjb.salesianos.edu\\\/colegio\\\/los-alumnos-de-1o-primaria-visitan-el-corazon-de-la-cultura-tradicional-valenciana\\\/#primaryimage\"},\"thumbnailUrl\":\"https:\\\/\\\/valenciasjb.salesianos.edu\\\/colegio\\\/wp-content\\\/uploads\\\/sites\\\/2\\\/2017\\\/11\\\/1711232.jpeg\",\"articleSection\":[\"Noticia Colegio\"],\"inLanguage\":\"es\"},{\"@type\":\"WebPage\",\"@id\":\"https:\\\/\\\/valenciasjb.salesianos.edu\\\/colegio\\\/los-alumnos-de-1o-primaria-visitan-el-corazon-de-la-cultura-tradicional-valenciana\\\/\",\"url\":\"https:\\\/\\\/valenciasjb.salesianos.edu\\\/colegio\\\/los-alumnos-de-1o-primaria-visitan-el-corazon-de-la-cultura-tradicional-valenciana\\\/\",\"name\":\"Los alumnos de 1\u00ba Primaria visitan el coraz\u00f3n de la cultura tradicional valenciana - Colegio San Juan Bosco Valencia\",\"isPartOf\":{\"@id\":\"https:\\\/\\\/valenciasjb.salesianos.edu\\\/colegio\\\/#website\"},\"primaryImageOfPage\":{\"@id\":\"https:\\\/\\\/valenciasjb.salesianos.edu\\\/colegio\\\/los-alumnos-de-1o-primaria-visitan-el-corazon-de-la-cultura-tradicional-valenciana\\\/#primaryimage\"},\"image\":{\"@id\":\"https:\\\/\\\/valenciasjb.salesianos.edu\\\/colegio\\\/los-alumnos-de-1o-primaria-visitan-el-corazon-de-la-cultura-tradicional-valenciana\\\/#primaryimage\"},\"thumbnailUrl\":\"https:\\\/\\\/valenciasjb.salesianos.edu\\\/colegio\\\/wp-content\\\/uploads\\\/sites\\\/2\\\/2017\\\/11\\\/1711232.jpeg\",\"datePublished\":\"2017-11-27T20:14:35+00:00\",\"author\":{\"@id\":\"https:\\\/\\\/valenciasjb.salesianos.edu\\\/colegio\\\/#\\\/schema\\\/person\\\/1f45b67e52b27da175190a574db6bed9\"},\"breadcrumb\":{\"@id\":\"https:\\\/\\\/valenciasjb.salesianos.edu\\\/colegio\\\/los-alumnos-de-1o-primaria-visitan-el-corazon-de-la-cultura-tradicional-valenciana\\\/#breadcrumb\"},\"inLanguage\":\"es\",\"potentialAction\":[{\"@type\":\"ReadAction\",\"target\":[\"https:\\\/\\\/valenciasjb.salesianos.edu\\\/colegio\\\/los-alumnos-de-1o-primaria-visitan-el-corazon-de-la-cultura-tradicional-valenciana\\\/\"]}]},{\"@type\":\"ImageObject\",\"inLanguage\":\"es\",\"@id\":\"https:\\\/\\\/valenciasjb.salesianos.edu\\\/colegio\\\/los-alumnos-de-1o-primaria-visitan-el-corazon-de-la-cultura-tradicional-valenciana\\\/#primaryimage\",\"url\":\"https:\\\/\\\/valenciasjb.salesianos.edu\\\/colegio\\\/wp-content\\\/uploads\\\/sites\\\/2\\\/2017\\\/11\\\/1711232.jpeg\",\"contentUrl\":\"https:\\\/\\\/valenciasjb.salesianos.edu\\\/colegio\\\/wp-content\\\/uploads\\\/sites\\\/2\\\/2017\\\/11\\\/1711232.jpeg\",\"width\":1616,\"height\":1080},{\"@type\":\"BreadcrumbList\",\"@id\":\"https:\\\/\\\/valenciasjb.salesianos.edu\\\/colegio\\\/los-alumnos-de-1o-primaria-visitan-el-corazon-de-la-cultura-tradicional-valenciana\\\/#breadcrumb\",\"itemListElement\":[{\"@type\":\"ListItem\",\"position\":1,\"name\":\"Portada\",\"item\":\"https:\\\/\\\/valenciasjb.salesianos.edu\\\/colegio\\\/\"},{\"@type\":\"ListItem\",\"position\":2,\"name\":\"Los alumnos de 1\u00ba Primaria visitan el coraz\u00f3n de la cultura tradicional valenciana\"}]},{\"@type\":\"WebSite\",\"@id\":\"https:\\\/\\\/valenciasjb.salesianos.edu\\\/colegio\\\/#website\",\"url\":\"https:\\\/\\\/valenciasjb.salesianos.edu\\\/colegio\\\/\",\"name\":\"Colegio San Juan Bosco Valencia\",\"description\":\"P\u00e1gina oficial del Colegio Salesianos San Juan Bosco Valencia\",\"alternateName\":\"Salesianos.VSJB\",\"potentialAction\":[{\"@type\":\"SearchAction\",\"target\":{\"@type\":\"EntryPoint\",\"urlTemplate\":\"https:\\\/\\\/valenciasjb.salesianos.edu\\\/colegio\\\/?s={search_term_string}\"},\"query-input\":{\"@type\":\"PropertyValueSpecification\",\"valueRequired\":true,\"valueName\":\"search_term_string\"}}],\"inLanguage\":\"es\"},{\"@type\":\"Person\",\"@id\":\"https:\\\/\\\/valenciasjb.salesianos.edu\\\/colegio\\\/#\\\/schema\\\/person\\\/1f45b67e52b27da175190a574db6bed9\",\"name\":\"veronicapastor\",\"image\":{\"@type\":\"ImageObject\",\"inLanguage\":\"es\",\"@id\":\"https:\\\/\\\/secure.gravatar.com\\\/avatar\\\/e29bd40bace3fd935e1d6fdb7313ffc14628cc037c5e16f4c7369b20a2a6f7f0?s=96&d=mm&r=g\",\"url\":\"https:\\\/\\\/secure.gravatar.com\\\/avatar\\\/e29bd40bace3fd935e1d6fdb7313ffc14628cc037c5e16f4c7369b20a2a6f7f0?s=96&d=mm&r=g\",\"contentUrl\":\"https:\\\/\\\/secure.gravatar.com\\\/avatar\\\/e29bd40bace3fd935e1d6fdb7313ffc14628cc037c5e16f4c7369b20a2a6f7f0?s=96&d=mm&r=g\",\"caption\":\"veronicapastor\"}}]}<\/script>\n<!-- \/ Yoast SEO plugin. -->","yoast_head_json":{"title":"Los alumnos de 1\u00ba Primaria visitan el coraz\u00f3n de la cultura tradicional valenciana - Colegio San Juan Bosco Valencia","robots":{"index":"index","follow":"follow","max-snippet":"max-snippet:-1","max-image-preview":"max-image-preview:large","max-video-preview":"max-video-preview:-1"},"canonical":"https:\/\/valenciasjb.salesianos.edu\/colegio\/los-alumnos-de-1o-primaria-visitan-el-corazon-de-la-cultura-tradicional-valenciana\/","og_locale":"es_ES","og_type":"article","og_title":"Los alumnos de 1\u00ba Primaria visitan el coraz\u00f3n de la cultura tradicional valenciana - Colegio San Juan Bosco Valencia","og_description":"El pasado mi\u00e9rcoles y jueves 22 y 23 de noviembre, los alumnos de 1\u00ba de Primaria realizaron su primera salida al Observatorio del Canvi Clim\u00e0tic, el Mercat del Cabanyal y el Museo del Arroz. Equipo de profesores de 1\u00ba de Primaria La primera parada la realizamos al\u00a0 Observatori del Canvi Clim\u00e0tic, un \u00a0centro destinado espec\u00edficamente [&hellip;]","og_url":"https:\/\/valenciasjb.salesianos.edu\/colegio\/los-alumnos-de-1o-primaria-visitan-el-corazon-de-la-cultura-tradicional-valenciana\/","og_site_name":"Colegio San Juan Bosco Valencia","article_publisher":"https:\/\/www.facebook.com\/ColegioSalesianoSanJuanBoscoValencia","article_published_time":"2017-11-27T20:14:35+00:00","og_image":[{"width":1616,"height":1080,"url":"https:\/\/valenciasjb.salesianos.edu\/colegio\/wp-content\/uploads\/sites\/2\/2017\/11\/1711232.jpeg","type":"image\/jpeg"}],"author":"veronicapastor","twitter_card":"summary_large_image","twitter_creator":"@SalesianosVSJB","twitter_site":"@SalesianosVSJB","twitter_misc":{"Escrito por":"veronicapastor","Tiempo de lectura":"3 minutos"},"schema":{"@context":"https:\/\/schema.org","@graph":[{"@type":"Article","@id":"https:\/\/valenciasjb.salesianos.edu\/colegio\/los-alumnos-de-1o-primaria-visitan-el-corazon-de-la-cultura-tradicional-valenciana\/#article","isPartOf":{"@id":"https:\/\/valenciasjb.salesianos.edu\/colegio\/los-alumnos-de-1o-primaria-visitan-el-corazon-de-la-cultura-tradicional-valenciana\/"},"author":{"name":"veronicapastor","@id":"https:\/\/valenciasjb.salesianos.edu\/colegio\/#\/schema\/person\/1f45b67e52b27da175190a574db6bed9"},"headline":"Los alumnos de 1\u00ba Primaria visitan el coraz\u00f3n de la cultura tradicional valenciana","datePublished":"2017-11-27T20:14:35+00:00","mainEntityOfPage":{"@id":"https:\/\/valenciasjb.salesianos.edu\/colegio\/los-alumnos-de-1o-primaria-visitan-el-corazon-de-la-cultura-tradicional-valenciana\/"},"wordCount":543,"image":{"@id":"https:\/\/valenciasjb.salesianos.edu\/colegio\/los-alumnos-de-1o-primaria-visitan-el-corazon-de-la-cultura-tradicional-valenciana\/#primaryimage"},"thumbnailUrl":"https:\/\/valenciasjb.salesianos.edu\/colegio\/wp-content\/uploads\/sites\/2\/2017\/11\/1711232.jpeg","articleSection":["Noticia Colegio"],"inLanguage":"es"},{"@type":"WebPage","@id":"https:\/\/valenciasjb.salesianos.edu\/colegio\/los-alumnos-de-1o-primaria-visitan-el-corazon-de-la-cultura-tradicional-valenciana\/","url":"https:\/\/valenciasjb.salesianos.edu\/colegio\/los-alumnos-de-1o-primaria-visitan-el-corazon-de-la-cultura-tradicional-valenciana\/","name":"Los alumnos de 1\u00ba Primaria visitan el coraz\u00f3n de la cultura tradicional valenciana - Colegio San Juan Bosco Valencia","isPartOf":{"@id":"https:\/\/valenciasjb.salesianos.edu\/colegio\/#website"},"primaryImageOfPage":{"@id":"https:\/\/valenciasjb.salesianos.edu\/colegio\/los-alumnos-de-1o-primaria-visitan-el-corazon-de-la-cultura-tradicional-valenciana\/#primaryimage"},"image":{"@id":"https:\/\/valenciasjb.salesianos.edu\/colegio\/los-alumnos-de-1o-primaria-visitan-el-corazon-de-la-cultura-tradicional-valenciana\/#primaryimage"},"thumbnailUrl":"https:\/\/valenciasjb.salesianos.edu\/colegio\/wp-content\/uploads\/sites\/2\/2017\/11\/1711232.jpeg","datePublished":"2017-11-27T20:14:35+00:00","author":{"@id":"https:\/\/valenciasjb.salesianos.edu\/colegio\/#\/schema\/person\/1f45b67e52b27da175190a574db6bed9"},"breadcrumb":{"@id":"https:\/\/valenciasjb.salesianos.edu\/colegio\/los-alumnos-de-1o-primaria-visitan-el-corazon-de-la-cultura-tradicional-valenciana\/#breadcrumb"},"inLanguage":"es","potentialAction":[{"@type":"ReadAction","target":["https:\/\/valenciasjb.salesianos.edu\/colegio\/los-alumnos-de-1o-primaria-visitan-el-corazon-de-la-cultura-tradicional-valenciana\/"]}]},{"@type":"ImageObject","inLanguage":"es","@id":"https:\/\/valenciasjb.salesianos.edu\/colegio\/los-alumnos-de-1o-primaria-visitan-el-corazon-de-la-cultura-tradicional-valenciana\/#primaryimage","url":"https:\/\/valenciasjb.salesianos.edu\/colegio\/wp-content\/uploads\/sites\/2\/2017\/11\/1711232.jpeg","contentUrl":"https:\/\/valenciasjb.salesianos.edu\/colegio\/wp-content\/uploads\/sites\/2\/2017\/11\/1711232.jpeg","width":1616,"height":1080},{"@type":"BreadcrumbList","@id":"https:\/\/valenciasjb.salesianos.edu\/colegio\/los-alumnos-de-1o-primaria-visitan-el-corazon-de-la-cultura-tradicional-valenciana\/#breadcrumb","itemListElement":[{"@type":"ListItem","position":1,"name":"Portada","item":"https:\/\/valenciasjb.salesianos.edu\/colegio\/"},{"@type":"ListItem","position":2,"name":"Los alumnos de 1\u00ba Primaria visitan el coraz\u00f3n de la cultura tradicional valenciana"}]},{"@type":"WebSite","@id":"https:\/\/valenciasjb.salesianos.edu\/colegio\/#website","url":"https:\/\/valenciasjb.salesianos.edu\/colegio\/","name":"Colegio San Juan Bosco Valencia","description":"P\u00e1gina oficial del Colegio Salesianos San Juan Bosco Valencia","alternateName":"Salesianos.VSJB","potentialAction":[{"@type":"SearchAction","target":{"@type":"EntryPoint","urlTemplate":"https:\/\/valenciasjb.salesianos.edu\/colegio\/?s={search_term_string}"},"query-input":{"@type":"PropertyValueSpecification","valueRequired":true,"valueName":"search_term_string"}}],"inLanguage":"es"},{"@type":"Person","@id":"https:\/\/valenciasjb.salesianos.edu\/colegio\/#\/schema\/person\/1f45b67e52b27da175190a574db6bed9","name":"veronicapastor","image":{"@type":"ImageObject","inLanguage":"es","@id":"https:\/\/secure.gravatar.com\/avatar\/e29bd40bace3fd935e1d6fdb7313ffc14628cc037c5e16f4c7369b20a2a6f7f0?s=96&d=mm&r=g","url":"https:\/\/secure.gravatar.com\/avatar\/e29bd40bace3fd935e1d6fdb7313ffc14628cc037c5e16f4c7369b20a2a6f7f0?s=96&d=mm&r=g","contentUrl":"https:\/\/secure.gravatar.com\/avatar\/e29bd40bace3fd935e1d6fdb7313ffc14628cc037c5e16f4c7369b20a2a6f7f0?s=96&d=mm&r=g","caption":"veronicapastor"}}]}},"_links":{"self":[{"href":"https:\/\/valenciasjb.salesianos.edu\/colegio\/wp-json\/wp\/v2\/posts\/6231","targetHints":{"allow":["GET"]}}],"collection":[{"href":"https:\/\/valenciasjb.salesianos.edu\/colegio\/wp-json\/wp\/v2\/posts"}],"about":[{"href":"https:\/\/valenciasjb.salesianos.edu\/colegio\/wp-json\/wp\/v2\/types\/post"}],"author":[{"embeddable":true,"href":"https:\/\/valenciasjb.salesianos.edu\/colegio\/wp-json\/wp\/v2\/users\/6"}],"replies":[{"embeddable":true,"href":"https:\/\/valenciasjb.salesianos.edu\/colegio\/wp-json\/wp\/v2\/comments?post=6231"}],"version-history":[{"count":1,"href":"https:\/\/valenciasjb.salesianos.edu\/colegio\/wp-json\/wp\/v2\/posts\/6231\/revisions"}],"predecessor-version":[{"id":6243,"href":"https:\/\/valenciasjb.salesianos.edu\/colegio\/wp-json\/wp\/v2\/posts\/6231\/revisions\/6243"}],"wp:featuredmedia":[{"embeddable":true,"href":"https:\/\/valenciasjb.salesianos.edu\/colegio\/wp-json\/wp\/v2\/media\/6232"}],"wp:attachment":[{"href":"https:\/\/valenciasjb.salesianos.edu\/colegio\/wp-json\/wp\/v2\/media?parent=6231"}],"wp:term":[{"taxonomy":"category","embeddable":true,"href":"https:\/\/valenciasjb.salesianos.edu\/colegio\/wp-json\/wp\/v2\/categories?post=6231"},{"taxonomy":"post_tag","embeddable":true,"href":"https:\/\/valenciasjb.salesianos.edu\/colegio\/wp-json\/wp\/v2\/tags?post=6231"}],"curies":[{"name":"wp","href":"https:\/\/api.w.org\/{rel}","templated":true}]}}