{"id":6311,"date":"2017-12-01T09:29:58","date_gmt":"2017-12-01T08:29:58","guid":{"rendered":"https:\/\/valenciasjb.salesianos.edu\/colegio\/?p=6311"},"modified":"2017-12-01T09:29:58","modified_gmt":"2017-12-01T08:29:58","slug":"que-vivan-las-matematicas-que-vivan-las-ludomates-familia-y-escuela-unidos-por-la-competencia-matematica-por-las-ludomates","status":"publish","type":"post","link":"https:\/\/valenciasjb.salesianos.edu\/colegio\/que-vivan-las-matematicas-que-vivan-las-ludomates-familia-y-escuela-unidos-por-la-competencia-matematica-por-las-ludomates\/","title":{"rendered":"\u00a1Qu\u00e9 vivan las matem\u00e1ticas! \u00a1Qu\u00e9 vivan las ludomates! Familia y escuela unidos por la competencia matem\u00e1tica, por las ludomates"},"content":{"rendered":"<div id=\"fb-root\"><\/div>\n<p>[et_pb_section bb_built=\u00bb1&#8243; admin_label=\u00bbsection\u00bb][et_pb_row admin_label=\u00bbrow\u00bb background_position=\u00bbtop_left\u00bb background_repeat=\u00bbrepeat\u00bb background_size=\u00bbinitial\u00bb][et_pb_column type=\u00bb4_4&#8243;][et_pb_text admin_label=\u00bbEntradilla (Texto)\u00bb _builder_version=\u00bb3.0.89&#8243; background_layout=\u00bblight\u00bb text_orientation=\u00bbjustified\u00bb text_font=\u00bb|on|||\u00bb module_alignment=\u00bbleft\u00bb]<\/p>\n<div id=\"resumen\">\n<p class=\"western\" align=\"justify\">\u201c<span style=\"font-family: Verdana, sans-serif\"><span style=\"font-size: small\"><b>La competencia matem\u00e1tica desarrolla la capacidad para utilizar n\u00fameros, medidas, conocimiento geom\u00e9trico o problemas de probabilidad y azar en un contexto escolar y extraescolar\u201d.<\/b><\/span><\/span><\/p>\n<p><strong><br \/>\n<\/strong><\/div>\n<div><\/div>\n<p>[\/et_pb_text][et_pb_text admin_label=\u00bbAutor (Texto)\u00bb _builder_version=\u00bb3.0.89&#8243; background_layout=\u00bblight\u00bb text_font=\u00bb||on||\u00bb]<\/p>\n<p class=\"western\" align=\"justify\"><span style=\"font-family: Verdana, sans-serif\"><span style=\"font-size: xx-small\">Cristina Colomer. Maestra de primaria. <\/span><\/span><\/p>\n<p>[\/et_pb_text][et_pb_text admin_label=\u00bbDesarrollo (Texto)\u00bb _builder_version=\u00bb3.0.89&#8243; background_layout=\u00bblight\u00bb text_orientation=\u00bbjustified\u00bb module_alignment=\u00bbleft\u00bb]<\/p>\n<p align=\"justify\"><img loading=\"lazy\" decoding=\"async\" class=\"alignnone  wp-image-6314\" src=\"https:\/\/valenciasjb.salesianos.edu\/colegio\/wp-content\/uploads\/sites\/2\/2017\/12\/2\u00baCIMG_6218-300x225.jpg\" alt=\"\" width=\"844\" height=\"633\" srcset=\"https:\/\/valenciasjb.salesianos.edu\/colegio\/wp-content\/uploads\/sites\/2\/2017\/12\/2\u00baCIMG_6218-300x225.jpg 300w, https:\/\/valenciasjb.salesianos.edu\/colegio\/wp-content\/uploads\/sites\/2\/2017\/12\/2\u00baCIMG_6218-768x576.jpg 768w, https:\/\/valenciasjb.salesianos.edu\/colegio\/wp-content\/uploads\/sites\/2\/2017\/12\/2\u00baCIMG_6218-1024x768.jpg 1024w, https:\/\/valenciasjb.salesianos.edu\/colegio\/wp-content\/uploads\/sites\/2\/2017\/12\/2\u00baCIMG_6218-510x382.jpg 510w, https:\/\/valenciasjb.salesianos.edu\/colegio\/wp-content\/uploads\/sites\/2\/2017\/12\/2\u00baCIMG_6218-1080x810.jpg 1080w, https:\/\/valenciasjb.salesianos.edu\/colegio\/wp-content\/uploads\/sites\/2\/2017\/12\/2\u00baCIMG_6218.jpg 1632w\" sizes=\"(max-width: 844px) 100vw, 844px\" \/><\/p>\n<p class=\"western\" align=\"justify\"><span style=\"font-family: Verdana, sans-serif\"><span style=\"font-size: small\">Qu\u00e9 ganas y qu\u00e9 ilusi\u00f3n ten\u00edan los alumnos de segundo de primaria de empezar este curso los talleres ludomatem\u00e1ticos, que bien lo pasaron y cuanto aprendieron junto a las cinco familias participantes por clase. Esta iniciativa ya se llevo a cabo durante el curso pasado y tuvo muy buena aceptaci\u00f3n por parte de alumnos y familias de manera que han querido repetir la experiencia. <\/span><\/span><\/p>\n<p class=\"western\" align=\"justify\"><span style=\"font-family: Verdana, sans-serif\"><span style=\"font-size: small\"><span style=\"color: #000000\">El <\/span><span style=\"color: #000000\">taller de matem\u00e1ticas t<\/span><span style=\"color: #000000\">iene <\/span><span style=\"color: #000000\">como objetivos principales el aprendizaje de las matem\u00e1ticas a trav\u00e9s del juego. <\/span><span style=\"color: #000000\">P<\/span><span style=\"color: #000000\">ara que el aprendizaje sea significativo necesitan vivenciarlo, manipularlo y ver su aplicaci\u00f3n en <\/span><span style=\"color: #000000\">diversas <\/span><span style=\"color: #000000\">situaciones de <\/span><span style=\"color: #000000\">la vi<\/span><span style=\"color: #000000\">da <\/span><span style=\"color: #000000\">cotidiana<\/span> <span style=\"color: #000000\">ya que<\/span><span style=\"color: #000000\"> las matem\u00e1ticas <\/span><span style=\"color: #000000\">se <\/span><span style=\"color: #000000\">enc<\/span><span style=\"color: #000000\">uentran<\/span><span style=\"color: #000000\"> en m\u00faltiples situaciones del d\u00eda a d\u00eda. <\/span><span style=\"color: #000000\">L<\/span><span style=\"color: #000000\">os juegos matem\u00e1ticos <\/span><span style=\"color: #000000\">les <\/span><span style=\"color: #000000\">a<\/span><span style=\"color: #000000\">yuda<\/span><span style=\"color: #000000\">n<\/span> <span style=\"color: #000000\">a comprender mejor los <\/span><span style=\"color: #000000\">objetivos curriculares<\/span><span style=\"color: #000000\">, afianzar los <\/span><span style=\"color: #000000\">objetivos <\/span><span style=\"color: #000000\">ya adquiridos, adquirir destreza en alg\u00fan algoritmo o descubrir la importancia de una propiedad, reforzar automatismos y consolidar un contenido. <\/span><span style=\"color: #000000\">A su vez, los alumnos logra<\/span><span style=\"color: #000000\">n<\/span> <span style=\"color: #000000\">romper<\/span><span style=\"color: #000000\"> con la rutina que suponen los ejercicios mec\u00e1nicos <\/span><span style=\"color: #000000\">p<\/span><span style=\"color: #000000\">ero sobretodo e<\/span><span style=\"color: #000000\">s tambi\u00e9n un trabajo en equipo en el que la participaci\u00f3n activa de todos y el respeto al compa\u00f1ero son de vital importancia. <\/span><\/span><\/span><\/p>\n<p class=\"western\" align=\"justify\"><span style=\"font-family: Verdana, sans-serif\"><span style=\"font-size: small\"><span style=\"color: #000000\">Para finalizar, tal y como dice <\/span>Isaac Newton <span style=\"color: #000000\">\u201c<\/span><span style=\"color: #000000\">Construimos demasiados muros y no suficientes puentes\u201d <\/span><span style=\"color: #000000\">con los juegos <\/span><span style=\"color: #000000\">se consiguen<\/span><span style=\"color: #000000\"> crear <\/span><span style=\"color: #000000\">esos <\/span><span style=\"color: #000000\">puentes. <\/span><\/span><\/span><\/p>\n<p class=\"western\" align=\"justify\"><span style=\"font-family: Verdana, sans-serif\"><span style=\"font-size: small\"><span style=\"color: #000000\">Muchas gracias a las familias por vuestra participaci\u00f3n, <\/span><span style=\"color: #000000\">implicaci\u00f3n<\/span><span style=\"color: #000000\"> y gran ayuda en este taller, sin vosotros no ser\u00eda posible. <\/span><\/span><\/span><\/p>\n<p>[\/et_pb_text][et_pb_text admin_label=\u00bbT\u00edtulo: Galer\u00eda de fotos (Texto)\u00bb _builder_version=\u00bb3.0.76&#8243; background_layout=\u00bblight\u00bb text_font=\u00bb|on|||\u00bb text_text_color=\u00bb#dc001b\u00bb border_style=\u00bbsolid\u00bb disabled=\u00bboff\u00bb disabled_on=\u00bboff|on|on\u00bb]<\/p>\n<p>Galer\u00eda de im\u00e1genes<\/p>\n<p>[\/et_pb_text][et_pb_gallery _builder_version=\u00bb3.0.89&#8243; posts_number=\u00bb8&#8243; show_title_and_caption=\u00bboff\u00bb show_pagination=\u00bbon\u00bb fullwidth=\u00bboff\u00bb orientation=\u00bblandscape\u00bb zoom_icon_color=\u00bb#dc001b\u00bb hover_overlay_color=\u00bbrgba(255,255,255,0.9)\u00bb hover_icon=\u00bb%%51%%\u00bb background_layout=\u00bblight\u00bb disabled=\u00bboff\u00bb disabled_on=\u00bboff|off|off\u00bb gallery_ids=\u00bb6315,6314,6313,6312&#8243; pagination_font_size_tablet=\u00bb51&#8243; pagination_line_height_tablet=\u00bb2&#8243; \/][et_pb_video _builder_version=\u00bb3.0.51&#8243; disabled=\u00bbon\u00bb disabled_on=\u00bbon|on|on\u00bb \/][\/et_pb_column][\/et_pb_row][\/et_pb_section]<\/p>\n<!-- AddThis Advanced Settings generic via filter on the_content --><!-- AddThis Share Buttons generic via filter on the_content -->","protected":false},"excerpt":{"rendered":"<p>\u201cLa competencia matem\u00e1tica desarrolla la capacidad para utilizar n\u00fameros, medidas, conocimiento geom\u00e9trico o problemas de probabilidad y azar en un contexto escolar y extraescolar\u201d. Cristina Colomer. Maestra de primaria. Qu\u00e9 ganas y qu\u00e9 ilusi\u00f3n ten\u00edan los alumnos de segundo de primaria de empezar este curso los talleres ludomatem\u00e1ticos, que bien lo pasaron y cuanto aprendieron [&hellip;]<\/p>\n<p><!-- AddThis Advanced Settings generic via filter on get_the_excerpt --><!-- AddThis Share Buttons generic via filter on get_the_excerpt --><\/p>\n","protected":false},"author":6,"featured_media":6312,"comment_status":"closed","ping_status":"open","sticky":false,"template":"","format":"standard","meta":{"_et_pb_use_builder":"on","_et_pb_old_content":"","_et_gb_content_width":"","footnotes":""},"categories":[14],"tags":[],"class_list":["post-6311","post","type-post","status-publish","format-standard","has-post-thumbnail","hentry","category-noticia_colegio"],"yoast_head":"<!-- This site is optimized with the Yoast SEO plugin v28.4 - https:\/\/yoast.com\/product\/yoast-seo-wordpress\/ -->\n<title>\u00a1Qu\u00e9 vivan las matem\u00e1ticas! \u00a1Qu\u00e9 vivan las ludomates! Familia y escuela unidos por la competencia matem\u00e1tica, por las ludomates - Colegio San Juan Bosco Valencia<\/title>\n<meta name=\"robots\" content=\"index, follow, max-snippet:-1, max-image-preview:large, max-video-preview:-1\" \/>\n<link rel=\"canonical\" href=\"https:\/\/valenciasjb.salesianos.edu\/colegio\/que-vivan-las-matematicas-que-vivan-las-ludomates-familia-y-escuela-unidos-por-la-competencia-matematica-por-las-ludomates\/\" \/>\n<meta property=\"og:locale\" content=\"es_ES\" \/>\n<meta property=\"og:type\" content=\"article\" \/>\n<meta property=\"og:title\" content=\"\u00a1Qu\u00e9 vivan las matem\u00e1ticas! \u00a1Qu\u00e9 vivan las ludomates! Familia y escuela unidos por la competencia matem\u00e1tica, por las ludomates - Colegio San Juan Bosco Valencia\" \/>\n<meta property=\"og:description\" content=\"\u201cLa competencia matem\u00e1tica desarrolla la capacidad para utilizar n\u00fameros, medidas, conocimiento geom\u00e9trico o problemas de probabilidad y azar en un contexto escolar y extraescolar\u201d. Cristina Colomer. Maestra de primaria. Qu\u00e9 ganas y qu\u00e9 ilusi\u00f3n ten\u00edan los alumnos de segundo de primaria de empezar este curso los talleres ludomatem\u00e1ticos, que bien lo pasaron y cuanto aprendieron [&hellip;]\" \/>\n<meta property=\"og:url\" content=\"https:\/\/valenciasjb.salesianos.edu\/colegio\/que-vivan-las-matematicas-que-vivan-las-ludomates-familia-y-escuela-unidos-por-la-competencia-matematica-por-las-ludomates\/\" \/>\n<meta property=\"og:site_name\" content=\"Colegio San Juan Bosco Valencia\" \/>\n<meta property=\"article:publisher\" content=\"https:\/\/www.facebook.com\/ColegioSalesianoSanJuanBoscoValencia\" \/>\n<meta property=\"article:published_time\" content=\"2017-12-01T08:29:58+00:00\" \/>\n<meta property=\"og:image\" content=\"https:\/\/valenciasjb.salesianos.edu\/colegio\/wp-content\/uploads\/sites\/2\/2017\/12\/2\u00baAIMG_20171120_165715.jpg\" \/>\n\t<meta property=\"og:image:width\" content=\"2592\" \/>\n\t<meta property=\"og:image:height\" content=\"1944\" \/>\n\t<meta property=\"og:image:type\" content=\"image\/jpeg\" \/>\n<meta name=\"author\" content=\"veronicapastor\" \/>\n<meta name=\"twitter:card\" content=\"summary_large_image\" \/>\n<meta name=\"twitter:creator\" content=\"@SalesianosVSJB\" \/>\n<meta name=\"twitter:site\" content=\"@SalesianosVSJB\" \/>\n<meta name=\"twitter:label1\" content=\"Escrito por\" \/>\n\t<meta name=\"twitter:data1\" content=\"veronicapastor\" \/>\n\t<meta name=\"twitter:label2\" content=\"Tiempo de lectura\" \/>\n\t<meta name=\"twitter:data2\" content=\"2 minutos\" \/>\n<script type=\"application\/ld+json\" class=\"yoast-schema-graph\">{\"@context\":\"https:\\\/\\\/schema.org\",\"@graph\":[{\"@type\":\"Article\",\"@id\":\"https:\\\/\\\/valenciasjb.salesianos.edu\\\/colegio\\\/que-vivan-las-matematicas-que-vivan-las-ludomates-familia-y-escuela-unidos-por-la-competencia-matematica-por-las-ludomates\\\/#article\",\"isPartOf\":{\"@id\":\"https:\\\/\\\/valenciasjb.salesianos.edu\\\/colegio\\\/que-vivan-las-matematicas-que-vivan-las-ludomates-familia-y-escuela-unidos-por-la-competencia-matematica-por-las-ludomates\\\/\"},\"author\":{\"name\":\"veronicapastor\",\"@id\":\"https:\\\/\\\/valenciasjb.salesianos.edu\\\/colegio\\\/#\\\/schema\\\/person\\\/1f45b67e52b27da175190a574db6bed9\"},\"headline\":\"\u00a1Qu\u00e9 vivan las matem\u00e1ticas! \u00a1Qu\u00e9 vivan las ludomates! Familia y escuela unidos por la competencia matem\u00e1tica, por las ludomates\",\"datePublished\":\"2017-12-01T08:29:58+00:00\",\"mainEntityOfPage\":{\"@id\":\"https:\\\/\\\/valenciasjb.salesianos.edu\\\/colegio\\\/que-vivan-las-matematicas-que-vivan-las-ludomates-familia-y-escuela-unidos-por-la-competencia-matematica-por-las-ludomates\\\/\"},\"wordCount\":520,\"image\":{\"@id\":\"https:\\\/\\\/valenciasjb.salesianos.edu\\\/colegio\\\/que-vivan-las-matematicas-que-vivan-las-ludomates-familia-y-escuela-unidos-por-la-competencia-matematica-por-las-ludomates\\\/#primaryimage\"},\"thumbnailUrl\":\"https:\\\/\\\/valenciasjb.salesianos.edu\\\/colegio\\\/wp-content\\\/uploads\\\/sites\\\/2\\\/2017\\\/12\\\/2\u00baAIMG_20171120_165715.jpg\",\"articleSection\":[\"Noticia Colegio\"],\"inLanguage\":\"es\"},{\"@type\":\"WebPage\",\"@id\":\"https:\\\/\\\/valenciasjb.salesianos.edu\\\/colegio\\\/que-vivan-las-matematicas-que-vivan-las-ludomates-familia-y-escuela-unidos-por-la-competencia-matematica-por-las-ludomates\\\/\",\"url\":\"https:\\\/\\\/valenciasjb.salesianos.edu\\\/colegio\\\/que-vivan-las-matematicas-que-vivan-las-ludomates-familia-y-escuela-unidos-por-la-competencia-matematica-por-las-ludomates\\\/\",\"name\":\"\u00a1Qu\u00e9 vivan las matem\u00e1ticas! \u00a1Qu\u00e9 vivan las ludomates! Familia y escuela unidos por la competencia matem\u00e1tica, por las ludomates - Colegio San Juan Bosco Valencia\",\"isPartOf\":{\"@id\":\"https:\\\/\\\/valenciasjb.salesianos.edu\\\/colegio\\\/#website\"},\"primaryImageOfPage\":{\"@id\":\"https:\\\/\\\/valenciasjb.salesianos.edu\\\/colegio\\\/que-vivan-las-matematicas-que-vivan-las-ludomates-familia-y-escuela-unidos-por-la-competencia-matematica-por-las-ludomates\\\/#primaryimage\"},\"image\":{\"@id\":\"https:\\\/\\\/valenciasjb.salesianos.edu\\\/colegio\\\/que-vivan-las-matematicas-que-vivan-las-ludomates-familia-y-escuela-unidos-por-la-competencia-matematica-por-las-ludomates\\\/#primaryimage\"},\"thumbnailUrl\":\"https:\\\/\\\/valenciasjb.salesianos.edu\\\/colegio\\\/wp-content\\\/uploads\\\/sites\\\/2\\\/2017\\\/12\\\/2\u00baAIMG_20171120_165715.jpg\",\"datePublished\":\"2017-12-01T08:29:58+00:00\",\"author\":{\"@id\":\"https:\\\/\\\/valenciasjb.salesianos.edu\\\/colegio\\\/#\\\/schema\\\/person\\\/1f45b67e52b27da175190a574db6bed9\"},\"breadcrumb\":{\"@id\":\"https:\\\/\\\/valenciasjb.salesianos.edu\\\/colegio\\\/que-vivan-las-matematicas-que-vivan-las-ludomates-familia-y-escuela-unidos-por-la-competencia-matematica-por-las-ludomates\\\/#breadcrumb\"},\"inLanguage\":\"es\",\"potentialAction\":[{\"@type\":\"ReadAction\",\"target\":[\"https:\\\/\\\/valenciasjb.salesianos.edu\\\/colegio\\\/que-vivan-las-matematicas-que-vivan-las-ludomates-familia-y-escuela-unidos-por-la-competencia-matematica-por-las-ludomates\\\/\"]}]},{\"@type\":\"ImageObject\",\"inLanguage\":\"es\",\"@id\":\"https:\\\/\\\/valenciasjb.salesianos.edu\\\/colegio\\\/que-vivan-las-matematicas-que-vivan-las-ludomates-familia-y-escuela-unidos-por-la-competencia-matematica-por-las-ludomates\\\/#primaryimage\",\"url\":\"https:\\\/\\\/valenciasjb.salesianos.edu\\\/colegio\\\/wp-content\\\/uploads\\\/sites\\\/2\\\/2017\\\/12\\\/2\u00baAIMG_20171120_165715.jpg\",\"contentUrl\":\"https:\\\/\\\/valenciasjb.salesianos.edu\\\/colegio\\\/wp-content\\\/uploads\\\/sites\\\/2\\\/2017\\\/12\\\/2\u00baAIMG_20171120_165715.jpg\",\"width\":2592,\"height\":1944},{\"@type\":\"BreadcrumbList\",\"@id\":\"https:\\\/\\\/valenciasjb.salesianos.edu\\\/colegio\\\/que-vivan-las-matematicas-que-vivan-las-ludomates-familia-y-escuela-unidos-por-la-competencia-matematica-por-las-ludomates\\\/#breadcrumb\",\"itemListElement\":[{\"@type\":\"ListItem\",\"position\":1,\"name\":\"Portada\",\"item\":\"https:\\\/\\\/valenciasjb.salesianos.edu\\\/colegio\\\/\"},{\"@type\":\"ListItem\",\"position\":2,\"name\":\"\u00a1Qu\u00e9 vivan las matem\u00e1ticas! \u00a1Qu\u00e9 vivan las ludomates! Familia y escuela unidos por la competencia matem\u00e1tica, por las ludomates\"}]},{\"@type\":\"WebSite\",\"@id\":\"https:\\\/\\\/valenciasjb.salesianos.edu\\\/colegio\\\/#website\",\"url\":\"https:\\\/\\\/valenciasjb.salesianos.edu\\\/colegio\\\/\",\"name\":\"Colegio San Juan Bosco Valencia\",\"description\":\"P\u00e1gina oficial del Colegio Salesianos San Juan Bosco Valencia\",\"alternateName\":\"Salesianos.VSJB\",\"potentialAction\":[{\"@type\":\"SearchAction\",\"target\":{\"@type\":\"EntryPoint\",\"urlTemplate\":\"https:\\\/\\\/valenciasjb.salesianos.edu\\\/colegio\\\/?s={search_term_string}\"},\"query-input\":{\"@type\":\"PropertyValueSpecification\",\"valueRequired\":true,\"valueName\":\"search_term_string\"}}],\"inLanguage\":\"es\"},{\"@type\":\"Person\",\"@id\":\"https:\\\/\\\/valenciasjb.salesianos.edu\\\/colegio\\\/#\\\/schema\\\/person\\\/1f45b67e52b27da175190a574db6bed9\",\"name\":\"veronicapastor\",\"image\":{\"@type\":\"ImageObject\",\"inLanguage\":\"es\",\"@id\":\"https:\\\/\\\/secure.gravatar.com\\\/avatar\\\/e29bd40bace3fd935e1d6fdb7313ffc14628cc037c5e16f4c7369b20a2a6f7f0?s=96&d=mm&r=g\",\"url\":\"https:\\\/\\\/secure.gravatar.com\\\/avatar\\\/e29bd40bace3fd935e1d6fdb7313ffc14628cc037c5e16f4c7369b20a2a6f7f0?s=96&d=mm&r=g\",\"contentUrl\":\"https:\\\/\\\/secure.gravatar.com\\\/avatar\\\/e29bd40bace3fd935e1d6fdb7313ffc14628cc037c5e16f4c7369b20a2a6f7f0?s=96&d=mm&r=g\",\"caption\":\"veronicapastor\"}}]}<\/script>\n<!-- \/ Yoast SEO plugin. -->","yoast_head_json":{"title":"\u00a1Qu\u00e9 vivan las matem\u00e1ticas! \u00a1Qu\u00e9 vivan las ludomates! Familia y escuela unidos por la competencia matem\u00e1tica, por las ludomates - Colegio San Juan Bosco Valencia","robots":{"index":"index","follow":"follow","max-snippet":"max-snippet:-1","max-image-preview":"max-image-preview:large","max-video-preview":"max-video-preview:-1"},"canonical":"https:\/\/valenciasjb.salesianos.edu\/colegio\/que-vivan-las-matematicas-que-vivan-las-ludomates-familia-y-escuela-unidos-por-la-competencia-matematica-por-las-ludomates\/","og_locale":"es_ES","og_type":"article","og_title":"\u00a1Qu\u00e9 vivan las matem\u00e1ticas! \u00a1Qu\u00e9 vivan las ludomates! Familia y escuela unidos por la competencia matem\u00e1tica, por las ludomates - Colegio San Juan Bosco Valencia","og_description":"\u201cLa competencia matem\u00e1tica desarrolla la capacidad para utilizar n\u00fameros, medidas, conocimiento geom\u00e9trico o problemas de probabilidad y azar en un contexto escolar y extraescolar\u201d. Cristina Colomer. Maestra de primaria. Qu\u00e9 ganas y qu\u00e9 ilusi\u00f3n ten\u00edan los alumnos de segundo de primaria de empezar este curso los talleres ludomatem\u00e1ticos, que bien lo pasaron y cuanto aprendieron [&hellip;]","og_url":"https:\/\/valenciasjb.salesianos.edu\/colegio\/que-vivan-las-matematicas-que-vivan-las-ludomates-familia-y-escuela-unidos-por-la-competencia-matematica-por-las-ludomates\/","og_site_name":"Colegio San Juan Bosco Valencia","article_publisher":"https:\/\/www.facebook.com\/ColegioSalesianoSanJuanBoscoValencia","article_published_time":"2017-12-01T08:29:58+00:00","og_image":[{"width":2592,"height":1944,"url":"https:\/\/valenciasjb.salesianos.edu\/colegio\/wp-content\/uploads\/sites\/2\/2017\/12\/2\u00baAIMG_20171120_165715.jpg","type":"image\/jpeg"}],"author":"veronicapastor","twitter_card":"summary_large_image","twitter_creator":"@SalesianosVSJB","twitter_site":"@SalesianosVSJB","twitter_misc":{"Escrito por":"veronicapastor","Tiempo de lectura":"2 minutos"},"schema":{"@context":"https:\/\/schema.org","@graph":[{"@type":"Article","@id":"https:\/\/valenciasjb.salesianos.edu\/colegio\/que-vivan-las-matematicas-que-vivan-las-ludomates-familia-y-escuela-unidos-por-la-competencia-matematica-por-las-ludomates\/#article","isPartOf":{"@id":"https:\/\/valenciasjb.salesianos.edu\/colegio\/que-vivan-las-matematicas-que-vivan-las-ludomates-familia-y-escuela-unidos-por-la-competencia-matematica-por-las-ludomates\/"},"author":{"name":"veronicapastor","@id":"https:\/\/valenciasjb.salesianos.edu\/colegio\/#\/schema\/person\/1f45b67e52b27da175190a574db6bed9"},"headline":"\u00a1Qu\u00e9 vivan las matem\u00e1ticas! \u00a1Qu\u00e9 vivan las ludomates! Familia y escuela unidos por la competencia matem\u00e1tica, por las ludomates","datePublished":"2017-12-01T08:29:58+00:00","mainEntityOfPage":{"@id":"https:\/\/valenciasjb.salesianos.edu\/colegio\/que-vivan-las-matematicas-que-vivan-las-ludomates-familia-y-escuela-unidos-por-la-competencia-matematica-por-las-ludomates\/"},"wordCount":520,"image":{"@id":"https:\/\/valenciasjb.salesianos.edu\/colegio\/que-vivan-las-matematicas-que-vivan-las-ludomates-familia-y-escuela-unidos-por-la-competencia-matematica-por-las-ludomates\/#primaryimage"},"thumbnailUrl":"https:\/\/valenciasjb.salesianos.edu\/colegio\/wp-content\/uploads\/sites\/2\/2017\/12\/2\u00baAIMG_20171120_165715.jpg","articleSection":["Noticia Colegio"],"inLanguage":"es"},{"@type":"WebPage","@id":"https:\/\/valenciasjb.salesianos.edu\/colegio\/que-vivan-las-matematicas-que-vivan-las-ludomates-familia-y-escuela-unidos-por-la-competencia-matematica-por-las-ludomates\/","url":"https:\/\/valenciasjb.salesianos.edu\/colegio\/que-vivan-las-matematicas-que-vivan-las-ludomates-familia-y-escuela-unidos-por-la-competencia-matematica-por-las-ludomates\/","name":"\u00a1Qu\u00e9 vivan las matem\u00e1ticas! \u00a1Qu\u00e9 vivan las ludomates! Familia y escuela unidos por la competencia matem\u00e1tica, por las ludomates - Colegio San Juan Bosco Valencia","isPartOf":{"@id":"https:\/\/valenciasjb.salesianos.edu\/colegio\/#website"},"primaryImageOfPage":{"@id":"https:\/\/valenciasjb.salesianos.edu\/colegio\/que-vivan-las-matematicas-que-vivan-las-ludomates-familia-y-escuela-unidos-por-la-competencia-matematica-por-las-ludomates\/#primaryimage"},"image":{"@id":"https:\/\/valenciasjb.salesianos.edu\/colegio\/que-vivan-las-matematicas-que-vivan-las-ludomates-familia-y-escuela-unidos-por-la-competencia-matematica-por-las-ludomates\/#primaryimage"},"thumbnailUrl":"https:\/\/valenciasjb.salesianos.edu\/colegio\/wp-content\/uploads\/sites\/2\/2017\/12\/2\u00baAIMG_20171120_165715.jpg","datePublished":"2017-12-01T08:29:58+00:00","author":{"@id":"https:\/\/valenciasjb.salesianos.edu\/colegio\/#\/schema\/person\/1f45b67e52b27da175190a574db6bed9"},"breadcrumb":{"@id":"https:\/\/valenciasjb.salesianos.edu\/colegio\/que-vivan-las-matematicas-que-vivan-las-ludomates-familia-y-escuela-unidos-por-la-competencia-matematica-por-las-ludomates\/#breadcrumb"},"inLanguage":"es","potentialAction":[{"@type":"ReadAction","target":["https:\/\/valenciasjb.salesianos.edu\/colegio\/que-vivan-las-matematicas-que-vivan-las-ludomates-familia-y-escuela-unidos-por-la-competencia-matematica-por-las-ludomates\/"]}]},{"@type":"ImageObject","inLanguage":"es","@id":"https:\/\/valenciasjb.salesianos.edu\/colegio\/que-vivan-las-matematicas-que-vivan-las-ludomates-familia-y-escuela-unidos-por-la-competencia-matematica-por-las-ludomates\/#primaryimage","url":"https:\/\/valenciasjb.salesianos.edu\/colegio\/wp-content\/uploads\/sites\/2\/2017\/12\/2\u00baAIMG_20171120_165715.jpg","contentUrl":"https:\/\/valenciasjb.salesianos.edu\/colegio\/wp-content\/uploads\/sites\/2\/2017\/12\/2\u00baAIMG_20171120_165715.jpg","width":2592,"height":1944},{"@type":"BreadcrumbList","@id":"https:\/\/valenciasjb.salesianos.edu\/colegio\/que-vivan-las-matematicas-que-vivan-las-ludomates-familia-y-escuela-unidos-por-la-competencia-matematica-por-las-ludomates\/#breadcrumb","itemListElement":[{"@type":"ListItem","position":1,"name":"Portada","item":"https:\/\/valenciasjb.salesianos.edu\/colegio\/"},{"@type":"ListItem","position":2,"name":"\u00a1Qu\u00e9 vivan las matem\u00e1ticas! \u00a1Qu\u00e9 vivan las ludomates! Familia y escuela unidos por la competencia matem\u00e1tica, por las ludomates"}]},{"@type":"WebSite","@id":"https:\/\/valenciasjb.salesianos.edu\/colegio\/#website","url":"https:\/\/valenciasjb.salesianos.edu\/colegio\/","name":"Colegio San Juan Bosco Valencia","description":"P\u00e1gina oficial del Colegio Salesianos San Juan Bosco Valencia","alternateName":"Salesianos.VSJB","potentialAction":[{"@type":"SearchAction","target":{"@type":"EntryPoint","urlTemplate":"https:\/\/valenciasjb.salesianos.edu\/colegio\/?s={search_term_string}"},"query-input":{"@type":"PropertyValueSpecification","valueRequired":true,"valueName":"search_term_string"}}],"inLanguage":"es"},{"@type":"Person","@id":"https:\/\/valenciasjb.salesianos.edu\/colegio\/#\/schema\/person\/1f45b67e52b27da175190a574db6bed9","name":"veronicapastor","image":{"@type":"ImageObject","inLanguage":"es","@id":"https:\/\/secure.gravatar.com\/avatar\/e29bd40bace3fd935e1d6fdb7313ffc14628cc037c5e16f4c7369b20a2a6f7f0?s=96&d=mm&r=g","url":"https:\/\/secure.gravatar.com\/avatar\/e29bd40bace3fd935e1d6fdb7313ffc14628cc037c5e16f4c7369b20a2a6f7f0?s=96&d=mm&r=g","contentUrl":"https:\/\/secure.gravatar.com\/avatar\/e29bd40bace3fd935e1d6fdb7313ffc14628cc037c5e16f4c7369b20a2a6f7f0?s=96&d=mm&r=g","caption":"veronicapastor"}}]}},"_links":{"self":[{"href":"https:\/\/valenciasjb.salesianos.edu\/colegio\/wp-json\/wp\/v2\/posts\/6311","targetHints":{"allow":["GET"]}}],"collection":[{"href":"https:\/\/valenciasjb.salesianos.edu\/colegio\/wp-json\/wp\/v2\/posts"}],"about":[{"href":"https:\/\/valenciasjb.salesianos.edu\/colegio\/wp-json\/wp\/v2\/types\/post"}],"author":[{"embeddable":true,"href":"https:\/\/valenciasjb.salesianos.edu\/colegio\/wp-json\/wp\/v2\/users\/6"}],"replies":[{"embeddable":true,"href":"https:\/\/valenciasjb.salesianos.edu\/colegio\/wp-json\/wp\/v2\/comments?post=6311"}],"version-history":[{"count":2,"href":"https:\/\/valenciasjb.salesianos.edu\/colegio\/wp-json\/wp\/v2\/posts\/6311\/revisions"}],"predecessor-version":[{"id":6317,"href":"https:\/\/valenciasjb.salesianos.edu\/colegio\/wp-json\/wp\/v2\/posts\/6311\/revisions\/6317"}],"wp:featuredmedia":[{"embeddable":true,"href":"https:\/\/valenciasjb.salesianos.edu\/colegio\/wp-json\/wp\/v2\/media\/6312"}],"wp:attachment":[{"href":"https:\/\/valenciasjb.salesianos.edu\/colegio\/wp-json\/wp\/v2\/media?parent=6311"}],"wp:term":[{"taxonomy":"category","embeddable":true,"href":"https:\/\/valenciasjb.salesianos.edu\/colegio\/wp-json\/wp\/v2\/categories?post=6311"},{"taxonomy":"post_tag","embeddable":true,"href":"https:\/\/valenciasjb.salesianos.edu\/colegio\/wp-json\/wp\/v2\/tags?post=6311"}],"curies":[{"name":"wp","href":"https:\/\/api.w.org\/{rel}","templated":true}]}}