{"id":6400,"date":"2017-12-12T17:45:13","date_gmt":"2017-12-12T16:45:13","guid":{"rendered":"https:\/\/valenciasjb.salesianos.edu\/colegio\/?p=6400"},"modified":"2017-12-12T18:45:24","modified_gmt":"2017-12-12T17:45:24","slug":"andres-ramirez-perez-alumno-de-5-anos-de-infantil-segundo-premio-en-el-7o-concurso-solidario-de-tarjetas-de-navidad-organizado-por-caritas-diocesana-de-valencia","status":"publish","type":"post","link":"https:\/\/valenciasjb.salesianos.edu\/colegio\/andres-ramirez-perez-alumno-de-5-anos-de-infantil-segundo-premio-en-el-7o-concurso-solidario-de-tarjetas-de-navidad-organizado-por-caritas-diocesana-de-valencia\/","title":{"rendered":"Andr\u00e9s Ram\u00edrez P\u00e9rez, alumno de 5 a\u00f1os de Infantil, segundo premio en el 7\u00ba Concurso Solidario de tarjetas de Navidad organizado por C\u00e1ritas Diocesana de Valencia"},"content":{"rendered":"<div id=\"fb-root\"><\/div>\n<p>[et_pb_section bb_built=\u00bb1&#8243; admin_label=\u00bbsection\u00bb][et_pb_row admin_label=\u00bbrow\u00bb background_position=\u00bbtop_left\u00bb background_repeat=\u00bbrepeat\u00bb background_size=\u00bbinitial\u00bb][et_pb_column type=\u00bb4_4&#8243;][et_pb_text admin_label=\u00bbEntradilla (Texto)\u00bb _builder_version=\u00bb3.0.89&#8243; background_layout=\u00bblight\u00bb text_orientation=\u00bbjustified\u00bb text_font=\u00bb|on|||\u00bb module_alignment=\u00bbleft\u00bb]<\/p>\n<div id=\"resumen\"><strong>Andr\u00e9s Ram\u00edrez P\u00e9rez, alumno de 5 a\u00f1os del colegio ha ganado el 2\u00ba premio en la categor\u00eda de Educaci\u00f3n Infantil del 7\u00ba Concurso Solidario de tarjetas de Navidad organizado por C\u00e1ritas Diocesana de Valencia. En la ma\u00f1ana del martes 12 de diciembre una representante de C\u00e1ritas ha acudido al colegio a hacer entrega del premio y diploma. Adem\u00e1s, ha realizado una din\u00e1mica para explicar a todos\u00a0los ni\u00f1os de 5 a\u00f1os el trabajo realizado por C\u00e1ritas.<\/strong><\/div>\n<p>[\/et_pb_text][et_pb_text admin_label=\u00bbAutor (Texto)\u00bb _builder_version=\u00bb3.0.89&#8243; background_layout=\u00bblight\u00bb text_font=\u00bb||on||\u00bb]<\/p>\n<p>Redacci\u00f3n.<\/p>\n<p>[\/et_pb_text][et_pb_text admin_label=\u00bbDesarrollo (Texto)\u00bb _builder_version=\u00bb3.0.89&#8243; background_layout=\u00bblight\u00bb text_orientation=\u00bbjustified\u00bb module_alignment=\u00bbleft\u00bb]<\/p>\n<p><img loading=\"lazy\" decoding=\"async\" class=\" wp-image-6410\" src=\"https:\/\/valenciasjb.salesianos.edu\/colegio\/wp-content\/uploads\/sites\/2\/2017\/12\/IMG_20171212_120216-300x210.jpg\" alt=\"\" width=\"714\" height=\"500\" srcset=\"https:\/\/valenciasjb.salesianos.edu\/colegio\/wp-content\/uploads\/sites\/2\/2017\/12\/IMG_20171212_120216-300x210.jpg 300w, https:\/\/valenciasjb.salesianos.edu\/colegio\/wp-content\/uploads\/sites\/2\/2017\/12\/IMG_20171212_120216-768x539.jpg 768w, https:\/\/valenciasjb.salesianos.edu\/colegio\/wp-content\/uploads\/sites\/2\/2017\/12\/IMG_20171212_120216-1024x718.jpg 1024w, https:\/\/valenciasjb.salesianos.edu\/colegio\/wp-content\/uploads\/sites\/2\/2017\/12\/IMG_20171212_120216-1080x757.jpg 1080w\" sizes=\"(max-width: 714px) 100vw, 714px\" \/><\/p>\n<p>Andr\u00e9s ha ganado con una tarjeta en la que refleja que la Navidad es \u00ablluvia de amor\u00bb. El alumno ha demostrado, ya desde muy peque\u00f1o que, tal y como Don Bosco querr\u00eda, en el coraz\u00f3n de nuestros alumnos y alumnas hay un sitio para la entrega y el amor a los dem\u00e1s, especialmente a los m\u00e1s desfavorecidos; una vocaci\u00f3n que florece m\u00e1s si cabe en estos d\u00edas de Adviento, previos a la Navidad donde los cristianos abrimos nuestro coraz\u00f3n a los dem\u00e1s y recibimos el amor del Se\u00f1or.<\/p>\n<p>El colegio quiere dar la enhorabuena a Andr\u00e9s por este reconocimiento y por ser sembrador de amor, paz y esperanza.<\/p>\n<p>[\/et_pb_text][et_pb_text admin_label=\u00bbT\u00edtulo: Galer\u00eda de fotos (Texto)\u00bb _builder_version=\u00bb3.0.76&#8243; background_layout=\u00bblight\u00bb text_font=\u00bb|on|||\u00bb text_text_color=\u00bb#dc001b\u00bb border_style=\u00bbsolid\u00bb disabled=\u00bboff\u00bb disabled_on=\u00bboff|on|on\u00bb]<\/p>\n<p>Galer\u00eda de im\u00e1genes<\/p>\n<p>[\/et_pb_text][et_pb_gallery _builder_version=\u00bb3.0.89&#8243; posts_number=\u00bb8&#8243; show_title_and_caption=\u00bboff\u00bb show_pagination=\u00bbon\u00bb fullwidth=\u00bboff\u00bb orientation=\u00bblandscape\u00bb zoom_icon_color=\u00bb#dc001b\u00bb hover_overlay_color=\u00bbrgba(255,255,255,0.9)\u00bb hover_icon=\u00bb%%51%%\u00bb background_layout=\u00bblight\u00bb disabled=\u00bboff\u00bb disabled_on=\u00bboff|off|off\u00bb gallery_ids=\u00bb6410,6409,6408,6407,6406,6405,6404,6401&#8243; pagination_font_size_tablet=\u00bb51&#8243; pagination_line_height_tablet=\u00bb2&#8243; \/][et_pb_video _builder_version=\u00bb3.0.51&#8243; disabled=\u00bbon\u00bb disabled_on=\u00bbon|on|on\u00bb \/][\/et_pb_column][\/et_pb_row][\/et_pb_section]<\/p>\n<!-- AddThis Advanced Settings generic via filter on the_content --><!-- AddThis Share Buttons generic via filter on the_content -->","protected":false},"excerpt":{"rendered":"<p>Andr\u00e9s Ram\u00edrez P\u00e9rez, alumno de 5 a\u00f1os del colegio ha ganado el 2\u00ba premio en la categor\u00eda de Educaci\u00f3n Infantil del 7\u00ba Concurso Solidario de tarjetas de Navidad organizado por C\u00e1ritas Diocesana de Valencia. En la ma\u00f1ana del martes 12 de diciembre una representante de C\u00e1ritas ha acudido al colegio a hacer entrega del premio [&hellip;]<\/p>\n<p><!-- AddThis Advanced Settings generic via filter on get_the_excerpt --><!-- AddThis Share Buttons generic via filter on get_the_excerpt --><\/p>\n","protected":false},"author":6,"featured_media":6408,"comment_status":"closed","ping_status":"open","sticky":false,"template":"","format":"standard","meta":{"_et_pb_use_builder":"on","_et_pb_old_content":"","_et_gb_content_width":"","footnotes":""},"categories":[14],"tags":[],"class_list":["post-6400","post","type-post","status-publish","format-standard","has-post-thumbnail","hentry","category-noticia_colegio"],"yoast_head":"<!-- This site is optimized with the Yoast SEO plugin v28.4 - https:\/\/yoast.com\/product\/yoast-seo-wordpress\/ -->\n<title>Andr\u00e9s Ram\u00edrez P\u00e9rez, alumno de 5 a\u00f1os de Infantil, segundo premio en el 7\u00ba Concurso Solidario de tarjetas de Navidad organizado por C\u00e1ritas Diocesana de Valencia - Colegio San Juan Bosco Valencia<\/title>\n<meta name=\"robots\" content=\"index, follow, max-snippet:-1, max-image-preview:large, max-video-preview:-1\" \/>\n<link rel=\"canonical\" href=\"https:\/\/valenciasjb.salesianos.edu\/colegio\/andres-ramirez-perez-alumno-de-5-anos-de-infantil-segundo-premio-en-el-7o-concurso-solidario-de-tarjetas-de-navidad-organizado-por-caritas-diocesana-de-valencia\/\" \/>\n<meta property=\"og:locale\" content=\"es_ES\" \/>\n<meta property=\"og:type\" content=\"article\" \/>\n<meta property=\"og:title\" content=\"Andr\u00e9s Ram\u00edrez P\u00e9rez, alumno de 5 a\u00f1os de Infantil, segundo premio en el 7\u00ba Concurso Solidario de tarjetas de Navidad organizado por C\u00e1ritas Diocesana de Valencia - Colegio San Juan Bosco Valencia\" \/>\n<meta property=\"og:description\" content=\"Andr\u00e9s Ram\u00edrez P\u00e9rez, alumno de 5 a\u00f1os del colegio ha ganado el 2\u00ba premio en la categor\u00eda de Educaci\u00f3n Infantil del 7\u00ba Concurso Solidario de tarjetas de Navidad organizado por C\u00e1ritas Diocesana de Valencia. En la ma\u00f1ana del martes 12 de diciembre una representante de C\u00e1ritas ha acudido al colegio a hacer entrega del premio [&hellip;]\" \/>\n<meta property=\"og:url\" content=\"https:\/\/valenciasjb.salesianos.edu\/colegio\/andres-ramirez-perez-alumno-de-5-anos-de-infantil-segundo-premio-en-el-7o-concurso-solidario-de-tarjetas-de-navidad-organizado-por-caritas-diocesana-de-valencia\/\" \/>\n<meta property=\"og:site_name\" content=\"Colegio San Juan Bosco Valencia\" \/>\n<meta property=\"article:publisher\" content=\"https:\/\/www.facebook.com\/ColegioSalesianoSanJuanBoscoValencia\" \/>\n<meta property=\"article:published_time\" content=\"2017-12-12T16:45:13+00:00\" \/>\n<meta property=\"article:modified_time\" content=\"2017-12-12T17:45:24+00:00\" \/>\n<meta property=\"og:image\" content=\"https:\/\/valenciasjb.salesianos.edu\/colegio\/wp-content\/uploads\/sites\/2\/2017\/12\/IMG_20171212_100525-768x1024.jpg\" \/>\n\t<meta property=\"og:image:width\" content=\"768\" \/>\n\t<meta property=\"og:image:height\" content=\"1024\" \/>\n\t<meta property=\"og:image:type\" content=\"image\/jpeg\" \/>\n<meta name=\"author\" content=\"veronicapastor\" \/>\n<meta name=\"twitter:card\" content=\"summary_large_image\" \/>\n<meta name=\"twitter:creator\" content=\"@SalesianosVSJB\" \/>\n<meta name=\"twitter:site\" content=\"@SalesianosVSJB\" \/>\n<meta name=\"twitter:label1\" content=\"Escrito por\" \/>\n\t<meta name=\"twitter:data1\" content=\"veronicapastor\" \/>\n\t<meta name=\"twitter:label2\" content=\"Tiempo de lectura\" \/>\n\t<meta name=\"twitter:data2\" content=\"2 minutos\" \/>\n<script type=\"application\/ld+json\" class=\"yoast-schema-graph\">{\"@context\":\"https:\\\/\\\/schema.org\",\"@graph\":[{\"@type\":\"Article\",\"@id\":\"https:\\\/\\\/valenciasjb.salesianos.edu\\\/colegio\\\/andres-ramirez-perez-alumno-de-5-anos-de-infantil-segundo-premio-en-el-7o-concurso-solidario-de-tarjetas-de-navidad-organizado-por-caritas-diocesana-de-valencia\\\/#article\",\"isPartOf\":{\"@id\":\"https:\\\/\\\/valenciasjb.salesianos.edu\\\/colegio\\\/andres-ramirez-perez-alumno-de-5-anos-de-infantil-segundo-premio-en-el-7o-concurso-solidario-de-tarjetas-de-navidad-organizado-por-caritas-diocesana-de-valencia\\\/\"},\"author\":{\"name\":\"veronicapastor\",\"@id\":\"https:\\\/\\\/valenciasjb.salesianos.edu\\\/colegio\\\/#\\\/schema\\\/person\\\/1f45b67e52b27da175190a574db6bed9\"},\"headline\":\"Andr\u00e9s Ram\u00edrez P\u00e9rez, alumno de 5 a\u00f1os de Infantil, segundo premio en el 7\u00ba Concurso Solidario de tarjetas de Navidad organizado por C\u00e1ritas Diocesana de Valencia\",\"datePublished\":\"2017-12-12T16:45:13+00:00\",\"dateModified\":\"2017-12-12T17:45:24+00:00\",\"mainEntityOfPage\":{\"@id\":\"https:\\\/\\\/valenciasjb.salesianos.edu\\\/colegio\\\/andres-ramirez-perez-alumno-de-5-anos-de-infantil-segundo-premio-en-el-7o-concurso-solidario-de-tarjetas-de-navidad-organizado-por-caritas-diocesana-de-valencia\\\/\"},\"wordCount\":442,\"image\":{\"@id\":\"https:\\\/\\\/valenciasjb.salesianos.edu\\\/colegio\\\/andres-ramirez-perez-alumno-de-5-anos-de-infantil-segundo-premio-en-el-7o-concurso-solidario-de-tarjetas-de-navidad-organizado-por-caritas-diocesana-de-valencia\\\/#primaryimage\"},\"thumbnailUrl\":\"https:\\\/\\\/valenciasjb.salesianos.edu\\\/colegio\\\/wp-content\\\/uploads\\\/sites\\\/2\\\/2017\\\/12\\\/IMG_20171212_100525.jpg\",\"articleSection\":[\"Noticia Colegio\"],\"inLanguage\":\"es\"},{\"@type\":\"WebPage\",\"@id\":\"https:\\\/\\\/valenciasjb.salesianos.edu\\\/colegio\\\/andres-ramirez-perez-alumno-de-5-anos-de-infantil-segundo-premio-en-el-7o-concurso-solidario-de-tarjetas-de-navidad-organizado-por-caritas-diocesana-de-valencia\\\/\",\"url\":\"https:\\\/\\\/valenciasjb.salesianos.edu\\\/colegio\\\/andres-ramirez-perez-alumno-de-5-anos-de-infantil-segundo-premio-en-el-7o-concurso-solidario-de-tarjetas-de-navidad-organizado-por-caritas-diocesana-de-valencia\\\/\",\"name\":\"Andr\u00e9s Ram\u00edrez P\u00e9rez, alumno de 5 a\u00f1os de Infantil, segundo premio en el 7\u00ba Concurso Solidario de tarjetas de Navidad organizado por C\u00e1ritas Diocesana de Valencia - Colegio San Juan Bosco Valencia\",\"isPartOf\":{\"@id\":\"https:\\\/\\\/valenciasjb.salesianos.edu\\\/colegio\\\/#website\"},\"primaryImageOfPage\":{\"@id\":\"https:\\\/\\\/valenciasjb.salesianos.edu\\\/colegio\\\/andres-ramirez-perez-alumno-de-5-anos-de-infantil-segundo-premio-en-el-7o-concurso-solidario-de-tarjetas-de-navidad-organizado-por-caritas-diocesana-de-valencia\\\/#primaryimage\"},\"image\":{\"@id\":\"https:\\\/\\\/valenciasjb.salesianos.edu\\\/colegio\\\/andres-ramirez-perez-alumno-de-5-anos-de-infantil-segundo-premio-en-el-7o-concurso-solidario-de-tarjetas-de-navidad-organizado-por-caritas-diocesana-de-valencia\\\/#primaryimage\"},\"thumbnailUrl\":\"https:\\\/\\\/valenciasjb.salesianos.edu\\\/colegio\\\/wp-content\\\/uploads\\\/sites\\\/2\\\/2017\\\/12\\\/IMG_20171212_100525.jpg\",\"datePublished\":\"2017-12-12T16:45:13+00:00\",\"dateModified\":\"2017-12-12T17:45:24+00:00\",\"author\":{\"@id\":\"https:\\\/\\\/valenciasjb.salesianos.edu\\\/colegio\\\/#\\\/schema\\\/person\\\/1f45b67e52b27da175190a574db6bed9\"},\"breadcrumb\":{\"@id\":\"https:\\\/\\\/valenciasjb.salesianos.edu\\\/colegio\\\/andres-ramirez-perez-alumno-de-5-anos-de-infantil-segundo-premio-en-el-7o-concurso-solidario-de-tarjetas-de-navidad-organizado-por-caritas-diocesana-de-valencia\\\/#breadcrumb\"},\"inLanguage\":\"es\",\"potentialAction\":[{\"@type\":\"ReadAction\",\"target\":[\"https:\\\/\\\/valenciasjb.salesianos.edu\\\/colegio\\\/andres-ramirez-perez-alumno-de-5-anos-de-infantil-segundo-premio-en-el-7o-concurso-solidario-de-tarjetas-de-navidad-organizado-por-caritas-diocesana-de-valencia\\\/\"]}]},{\"@type\":\"ImageObject\",\"inLanguage\":\"es\",\"@id\":\"https:\\\/\\\/valenciasjb.salesianos.edu\\\/colegio\\\/andres-ramirez-perez-alumno-de-5-anos-de-infantil-segundo-premio-en-el-7o-concurso-solidario-de-tarjetas-de-navidad-organizado-por-caritas-diocesana-de-valencia\\\/#primaryimage\",\"url\":\"https:\\\/\\\/valenciasjb.salesianos.edu\\\/colegio\\\/wp-content\\\/uploads\\\/sites\\\/2\\\/2017\\\/12\\\/IMG_20171212_100525.jpg\",\"contentUrl\":\"https:\\\/\\\/valenciasjb.salesianos.edu\\\/colegio\\\/wp-content\\\/uploads\\\/sites\\\/2\\\/2017\\\/12\\\/IMG_20171212_100525.jpg\",\"width\":3120,\"height\":4160,\"caption\":\"dav\"},{\"@type\":\"BreadcrumbList\",\"@id\":\"https:\\\/\\\/valenciasjb.salesianos.edu\\\/colegio\\\/andres-ramirez-perez-alumno-de-5-anos-de-infantil-segundo-premio-en-el-7o-concurso-solidario-de-tarjetas-de-navidad-organizado-por-caritas-diocesana-de-valencia\\\/#breadcrumb\",\"itemListElement\":[{\"@type\":\"ListItem\",\"position\":1,\"name\":\"Portada\",\"item\":\"https:\\\/\\\/valenciasjb.salesianos.edu\\\/colegio\\\/\"},{\"@type\":\"ListItem\",\"position\":2,\"name\":\"Andr\u00e9s Ram\u00edrez P\u00e9rez, alumno de 5 a\u00f1os de Infantil, segundo premio en el 7\u00ba Concurso Solidario de tarjetas de Navidad organizado por C\u00e1ritas Diocesana de Valencia\"}]},{\"@type\":\"WebSite\",\"@id\":\"https:\\\/\\\/valenciasjb.salesianos.edu\\\/colegio\\\/#website\",\"url\":\"https:\\\/\\\/valenciasjb.salesianos.edu\\\/colegio\\\/\",\"name\":\"Colegio San Juan Bosco Valencia\",\"description\":\"P\u00e1gina oficial del Colegio Salesianos San Juan Bosco Valencia\",\"alternateName\":\"Salesianos.VSJB\",\"potentialAction\":[{\"@type\":\"SearchAction\",\"target\":{\"@type\":\"EntryPoint\",\"urlTemplate\":\"https:\\\/\\\/valenciasjb.salesianos.edu\\\/colegio\\\/?s={search_term_string}\"},\"query-input\":{\"@type\":\"PropertyValueSpecification\",\"valueRequired\":true,\"valueName\":\"search_term_string\"}}],\"inLanguage\":\"es\"},{\"@type\":\"Person\",\"@id\":\"https:\\\/\\\/valenciasjb.salesianos.edu\\\/colegio\\\/#\\\/schema\\\/person\\\/1f45b67e52b27da175190a574db6bed9\",\"name\":\"veronicapastor\",\"image\":{\"@type\":\"ImageObject\",\"inLanguage\":\"es\",\"@id\":\"https:\\\/\\\/secure.gravatar.com\\\/avatar\\\/e29bd40bace3fd935e1d6fdb7313ffc14628cc037c5e16f4c7369b20a2a6f7f0?s=96&d=mm&r=g\",\"url\":\"https:\\\/\\\/secure.gravatar.com\\\/avatar\\\/e29bd40bace3fd935e1d6fdb7313ffc14628cc037c5e16f4c7369b20a2a6f7f0?s=96&d=mm&r=g\",\"contentUrl\":\"https:\\\/\\\/secure.gravatar.com\\\/avatar\\\/e29bd40bace3fd935e1d6fdb7313ffc14628cc037c5e16f4c7369b20a2a6f7f0?s=96&d=mm&r=g\",\"caption\":\"veronicapastor\"}}]}<\/script>\n<!-- \/ Yoast SEO plugin. -->","yoast_head_json":{"title":"Andr\u00e9s Ram\u00edrez P\u00e9rez, alumno de 5 a\u00f1os de Infantil, segundo premio en el 7\u00ba Concurso Solidario de tarjetas de Navidad organizado por C\u00e1ritas Diocesana de Valencia - Colegio San Juan Bosco Valencia","robots":{"index":"index","follow":"follow","max-snippet":"max-snippet:-1","max-image-preview":"max-image-preview:large","max-video-preview":"max-video-preview:-1"},"canonical":"https:\/\/valenciasjb.salesianos.edu\/colegio\/andres-ramirez-perez-alumno-de-5-anos-de-infantil-segundo-premio-en-el-7o-concurso-solidario-de-tarjetas-de-navidad-organizado-por-caritas-diocesana-de-valencia\/","og_locale":"es_ES","og_type":"article","og_title":"Andr\u00e9s Ram\u00edrez P\u00e9rez, alumno de 5 a\u00f1os de Infantil, segundo premio en el 7\u00ba Concurso Solidario de tarjetas de Navidad organizado por C\u00e1ritas Diocesana de Valencia - Colegio San Juan Bosco Valencia","og_description":"Andr\u00e9s Ram\u00edrez P\u00e9rez, alumno de 5 a\u00f1os del colegio ha ganado el 2\u00ba premio en la categor\u00eda de Educaci\u00f3n Infantil del 7\u00ba Concurso Solidario de tarjetas de Navidad organizado por C\u00e1ritas Diocesana de Valencia. En la ma\u00f1ana del martes 12 de diciembre una representante de C\u00e1ritas ha acudido al colegio a hacer entrega del premio [&hellip;]","og_url":"https:\/\/valenciasjb.salesianos.edu\/colegio\/andres-ramirez-perez-alumno-de-5-anos-de-infantil-segundo-premio-en-el-7o-concurso-solidario-de-tarjetas-de-navidad-organizado-por-caritas-diocesana-de-valencia\/","og_site_name":"Colegio San Juan Bosco Valencia","article_publisher":"https:\/\/www.facebook.com\/ColegioSalesianoSanJuanBoscoValencia","article_published_time":"2017-12-12T16:45:13+00:00","article_modified_time":"2017-12-12T17:45:24+00:00","og_image":[{"width":768,"height":1024,"url":"https:\/\/valenciasjb.salesianos.edu\/colegio\/wp-content\/uploads\/sites\/2\/2017\/12\/IMG_20171212_100525-768x1024.jpg","type":"image\/jpeg"}],"author":"veronicapastor","twitter_card":"summary_large_image","twitter_creator":"@SalesianosVSJB","twitter_site":"@SalesianosVSJB","twitter_misc":{"Escrito por":"veronicapastor","Tiempo de lectura":"2 minutos"},"schema":{"@context":"https:\/\/schema.org","@graph":[{"@type":"Article","@id":"https:\/\/valenciasjb.salesianos.edu\/colegio\/andres-ramirez-perez-alumno-de-5-anos-de-infantil-segundo-premio-en-el-7o-concurso-solidario-de-tarjetas-de-navidad-organizado-por-caritas-diocesana-de-valencia\/#article","isPartOf":{"@id":"https:\/\/valenciasjb.salesianos.edu\/colegio\/andres-ramirez-perez-alumno-de-5-anos-de-infantil-segundo-premio-en-el-7o-concurso-solidario-de-tarjetas-de-navidad-organizado-por-caritas-diocesana-de-valencia\/"},"author":{"name":"veronicapastor","@id":"https:\/\/valenciasjb.salesianos.edu\/colegio\/#\/schema\/person\/1f45b67e52b27da175190a574db6bed9"},"headline":"Andr\u00e9s Ram\u00edrez P\u00e9rez, alumno de 5 a\u00f1os de Infantil, segundo premio en el 7\u00ba Concurso Solidario de tarjetas de Navidad organizado por C\u00e1ritas Diocesana de Valencia","datePublished":"2017-12-12T16:45:13+00:00","dateModified":"2017-12-12T17:45:24+00:00","mainEntityOfPage":{"@id":"https:\/\/valenciasjb.salesianos.edu\/colegio\/andres-ramirez-perez-alumno-de-5-anos-de-infantil-segundo-premio-en-el-7o-concurso-solidario-de-tarjetas-de-navidad-organizado-por-caritas-diocesana-de-valencia\/"},"wordCount":442,"image":{"@id":"https:\/\/valenciasjb.salesianos.edu\/colegio\/andres-ramirez-perez-alumno-de-5-anos-de-infantil-segundo-premio-en-el-7o-concurso-solidario-de-tarjetas-de-navidad-organizado-por-caritas-diocesana-de-valencia\/#primaryimage"},"thumbnailUrl":"https:\/\/valenciasjb.salesianos.edu\/colegio\/wp-content\/uploads\/sites\/2\/2017\/12\/IMG_20171212_100525.jpg","articleSection":["Noticia Colegio"],"inLanguage":"es"},{"@type":"WebPage","@id":"https:\/\/valenciasjb.salesianos.edu\/colegio\/andres-ramirez-perez-alumno-de-5-anos-de-infantil-segundo-premio-en-el-7o-concurso-solidario-de-tarjetas-de-navidad-organizado-por-caritas-diocesana-de-valencia\/","url":"https:\/\/valenciasjb.salesianos.edu\/colegio\/andres-ramirez-perez-alumno-de-5-anos-de-infantil-segundo-premio-en-el-7o-concurso-solidario-de-tarjetas-de-navidad-organizado-por-caritas-diocesana-de-valencia\/","name":"Andr\u00e9s Ram\u00edrez P\u00e9rez, alumno de 5 a\u00f1os de Infantil, segundo premio en el 7\u00ba Concurso Solidario de tarjetas de Navidad organizado por C\u00e1ritas Diocesana de Valencia - Colegio San Juan Bosco Valencia","isPartOf":{"@id":"https:\/\/valenciasjb.salesianos.edu\/colegio\/#website"},"primaryImageOfPage":{"@id":"https:\/\/valenciasjb.salesianos.edu\/colegio\/andres-ramirez-perez-alumno-de-5-anos-de-infantil-segundo-premio-en-el-7o-concurso-solidario-de-tarjetas-de-navidad-organizado-por-caritas-diocesana-de-valencia\/#primaryimage"},"image":{"@id":"https:\/\/valenciasjb.salesianos.edu\/colegio\/andres-ramirez-perez-alumno-de-5-anos-de-infantil-segundo-premio-en-el-7o-concurso-solidario-de-tarjetas-de-navidad-organizado-por-caritas-diocesana-de-valencia\/#primaryimage"},"thumbnailUrl":"https:\/\/valenciasjb.salesianos.edu\/colegio\/wp-content\/uploads\/sites\/2\/2017\/12\/IMG_20171212_100525.jpg","datePublished":"2017-12-12T16:45:13+00:00","dateModified":"2017-12-12T17:45:24+00:00","author":{"@id":"https:\/\/valenciasjb.salesianos.edu\/colegio\/#\/schema\/person\/1f45b67e52b27da175190a574db6bed9"},"breadcrumb":{"@id":"https:\/\/valenciasjb.salesianos.edu\/colegio\/andres-ramirez-perez-alumno-de-5-anos-de-infantil-segundo-premio-en-el-7o-concurso-solidario-de-tarjetas-de-navidad-organizado-por-caritas-diocesana-de-valencia\/#breadcrumb"},"inLanguage":"es","potentialAction":[{"@type":"ReadAction","target":["https:\/\/valenciasjb.salesianos.edu\/colegio\/andres-ramirez-perez-alumno-de-5-anos-de-infantil-segundo-premio-en-el-7o-concurso-solidario-de-tarjetas-de-navidad-organizado-por-caritas-diocesana-de-valencia\/"]}]},{"@type":"ImageObject","inLanguage":"es","@id":"https:\/\/valenciasjb.salesianos.edu\/colegio\/andres-ramirez-perez-alumno-de-5-anos-de-infantil-segundo-premio-en-el-7o-concurso-solidario-de-tarjetas-de-navidad-organizado-por-caritas-diocesana-de-valencia\/#primaryimage","url":"https:\/\/valenciasjb.salesianos.edu\/colegio\/wp-content\/uploads\/sites\/2\/2017\/12\/IMG_20171212_100525.jpg","contentUrl":"https:\/\/valenciasjb.salesianos.edu\/colegio\/wp-content\/uploads\/sites\/2\/2017\/12\/IMG_20171212_100525.jpg","width":3120,"height":4160,"caption":"dav"},{"@type":"BreadcrumbList","@id":"https:\/\/valenciasjb.salesianos.edu\/colegio\/andres-ramirez-perez-alumno-de-5-anos-de-infantil-segundo-premio-en-el-7o-concurso-solidario-de-tarjetas-de-navidad-organizado-por-caritas-diocesana-de-valencia\/#breadcrumb","itemListElement":[{"@type":"ListItem","position":1,"name":"Portada","item":"https:\/\/valenciasjb.salesianos.edu\/colegio\/"},{"@type":"ListItem","position":2,"name":"Andr\u00e9s Ram\u00edrez P\u00e9rez, alumno de 5 a\u00f1os de Infantil, segundo premio en el 7\u00ba Concurso Solidario de tarjetas de Navidad organizado por C\u00e1ritas Diocesana de Valencia"}]},{"@type":"WebSite","@id":"https:\/\/valenciasjb.salesianos.edu\/colegio\/#website","url":"https:\/\/valenciasjb.salesianos.edu\/colegio\/","name":"Colegio San Juan Bosco Valencia","description":"P\u00e1gina oficial del Colegio Salesianos San Juan Bosco Valencia","alternateName":"Salesianos.VSJB","potentialAction":[{"@type":"SearchAction","target":{"@type":"EntryPoint","urlTemplate":"https:\/\/valenciasjb.salesianos.edu\/colegio\/?s={search_term_string}"},"query-input":{"@type":"PropertyValueSpecification","valueRequired":true,"valueName":"search_term_string"}}],"inLanguage":"es"},{"@type":"Person","@id":"https:\/\/valenciasjb.salesianos.edu\/colegio\/#\/schema\/person\/1f45b67e52b27da175190a574db6bed9","name":"veronicapastor","image":{"@type":"ImageObject","inLanguage":"es","@id":"https:\/\/secure.gravatar.com\/avatar\/e29bd40bace3fd935e1d6fdb7313ffc14628cc037c5e16f4c7369b20a2a6f7f0?s=96&d=mm&r=g","url":"https:\/\/secure.gravatar.com\/avatar\/e29bd40bace3fd935e1d6fdb7313ffc14628cc037c5e16f4c7369b20a2a6f7f0?s=96&d=mm&r=g","contentUrl":"https:\/\/secure.gravatar.com\/avatar\/e29bd40bace3fd935e1d6fdb7313ffc14628cc037c5e16f4c7369b20a2a6f7f0?s=96&d=mm&r=g","caption":"veronicapastor"}}]}},"_links":{"self":[{"href":"https:\/\/valenciasjb.salesianos.edu\/colegio\/wp-json\/wp\/v2\/posts\/6400","targetHints":{"allow":["GET"]}}],"collection":[{"href":"https:\/\/valenciasjb.salesianos.edu\/colegio\/wp-json\/wp\/v2\/posts"}],"about":[{"href":"https:\/\/valenciasjb.salesianos.edu\/colegio\/wp-json\/wp\/v2\/types\/post"}],"author":[{"embeddable":true,"href":"https:\/\/valenciasjb.salesianos.edu\/colegio\/wp-json\/wp\/v2\/users\/6"}],"replies":[{"embeddable":true,"href":"https:\/\/valenciasjb.salesianos.edu\/colegio\/wp-json\/wp\/v2\/comments?post=6400"}],"version-history":[{"count":6,"href":"https:\/\/valenciasjb.salesianos.edu\/colegio\/wp-json\/wp\/v2\/posts\/6400\/revisions"}],"predecessor-version":[{"id":6423,"href":"https:\/\/valenciasjb.salesianos.edu\/colegio\/wp-json\/wp\/v2\/posts\/6400\/revisions\/6423"}],"wp:featuredmedia":[{"embeddable":true,"href":"https:\/\/valenciasjb.salesianos.edu\/colegio\/wp-json\/wp\/v2\/media\/6408"}],"wp:attachment":[{"href":"https:\/\/valenciasjb.salesianos.edu\/colegio\/wp-json\/wp\/v2\/media?parent=6400"}],"wp:term":[{"taxonomy":"category","embeddable":true,"href":"https:\/\/valenciasjb.salesianos.edu\/colegio\/wp-json\/wp\/v2\/categories?post=6400"},{"taxonomy":"post_tag","embeddable":true,"href":"https:\/\/valenciasjb.salesianos.edu\/colegio\/wp-json\/wp\/v2\/tags?post=6400"}],"curies":[{"name":"wp","href":"https:\/\/api.w.org\/{rel}","templated":true}]}}