{"id":6433,"date":"2017-12-13T17:00:51","date_gmt":"2017-12-13T16:00:51","guid":{"rendered":"https:\/\/valenciasjb.salesianos.edu\/colegio\/?p=6433"},"modified":"2017-12-14T09:42:42","modified_gmt":"2017-12-14T08:42:42","slug":"la-sala-80-se-convierte-en-la-sala-de-la-navidad-con-el-magnifico-belen-elaborado-con-la-colaboracion-de-miembros-de-toda-la-comunidad-educativa-coordinados-por-fernando-urios","status":"publish","type":"post","link":"https:\/\/valenciasjb.salesianos.edu\/colegio\/la-sala-80-se-convierte-en-la-sala-de-la-navidad-con-el-magnifico-belen-elaborado-con-la-colaboracion-de-miembros-de-toda-la-comunidad-educativa-coordinados-por-fernando-urios\/","title":{"rendered":"La Sala 80 se convierte en \u00abla Sala de la Navidad\u00bb con el magn\u00edfico Bel\u00e9n elaborado con la colaboraci\u00f3n de miembros de toda la comunidad educativa coordinados por Fernando Urios"},"content":{"rendered":"<div id=\"fb-root\"><\/div>\n<p>[et_pb_section bb_built=\u00bb1&#8243; admin_label=\u00bbsection\u00bb _builder_version=\u00bb3.0.47&#8243;][et_pb_row admin_label=\u00bbrow\u00bb _builder_version=\u00bb3.0.47&#8243; background_size=\u00bbinitial\u00bb background_position=\u00bbtop_left\u00bb background_repeat=\u00bbrepeat\u00bb][et_pb_column type=\u00bb4_4&#8243;][et_pb_text admin_label=\u00bbEntradilla (Texto)\u00bb _builder_version=\u00bb3.0.89&#8243; text_font=\u00bb|on|||\u00bb text_orientation=\u00bbjustified\u00bb module_alignment=\u00bbleft\u00bb]<\/p>\n<div id=\"resumen\"><strong>En este tiempo de Adviento,\u00a0La Sala 80 se ha convertido en la \u00abSala de la Navidad\u00bb.\u00a0All\u00ed se puede visitar todos los d\u00edas, desde las ocho de la ma\u00f1ana hasta las ocho de la tarde, el magn\u00edfico Bel\u00e9n del colegio que con gran maestr\u00eda han montado miembros de esta comunidad educativa: madres, padres, alumnos y alumnas de 1\u00ba y 2\u00ba de ESO, antiguos alumnos, PAS, personal de mantenimiento y del Boscohuerto, capitaneados por Fernando Urios, artista de cabecera del colegio. <\/strong><\/div>\n<div><\/div>\n<p>[\/et_pb_text][et_pb_text admin_label=\u00bbAutor (Texto)\u00bb _builder_version=\u00bb3.0.89&#8243; text_font=\u00bb||on||\u00bb]<\/p>\n<p>Redacci\u00f3n.<\/p>\n<p>[\/et_pb_text][et_pb_text admin_label=\u00bbDesarrollo (Texto)\u00bb _builder_version=\u00bb3.0.89&#8243; text_orientation=\u00bbjustified\u00bb module_alignment=\u00bbleft\u00bb]<\/p>\n<p><img loading=\"lazy\" decoding=\"async\" class=\"alignnone wp-image-6434\" src=\"https:\/\/valenciasjb.salesianos.edu\/colegio\/wp-content\/uploads\/sites\/2\/2017\/12\/IMG_3300-300x200.jpg\" alt=\"\" width=\"723\" height=\"482\" srcset=\"https:\/\/valenciasjb.salesianos.edu\/colegio\/wp-content\/uploads\/sites\/2\/2017\/12\/IMG_3300-300x200.jpg 300w, https:\/\/valenciasjb.salesianos.edu\/colegio\/wp-content\/uploads\/sites\/2\/2017\/12\/IMG_3300-768x512.jpg 768w, https:\/\/valenciasjb.salesianos.edu\/colegio\/wp-content\/uploads\/sites\/2\/2017\/12\/IMG_3300-1024x683.jpg 1024w, https:\/\/valenciasjb.salesianos.edu\/colegio\/wp-content\/uploads\/sites\/2\/2017\/12\/IMG_3300-1080x720.jpg 1080w\" sizes=\"(max-width: 723px) 100vw, 723px\" \/><\/p>\n<p>El Bel\u00e9n consta de 8 metros cuadrados,\u00a05 bombas de agua,\u00a0200 metros de cable de luz,\u00a02000 vatios de luz,\u00a06 escenas principales y 8 de ambiente entre las cuales destacan los oficios con telares, alfarer\u00eda, mercado, tiendas, etc., un lago con agua real y\u00a08 plantas naturales con la participaci\u00f3n del Boscohuerto.<\/p>\n<p>A todos los implicados en la elaboraci\u00f3n del Bel\u00e9n, el colegio agradece profundamente el esfuerzo y todas las horas que durante el puente de la Inmaculada han dedicado a la construcci\u00f3n de este magn\u00edfico \u00abnacimiento\u00bb. Adem\u00e1s, invita a toda la comunidad educativa a visitarlo y disfrutar de este precioso Bel\u00e9n.<\/p>\n<p>[\/et_pb_text][et_pb_text admin_label=\u00bbT\u00edtulo: Galer\u00eda de fotos (Texto)\u00bb disabled_on=\u00bboff|on|on\u00bb _builder_version=\u00bb3.0.76&#8243; text_font=\u00bb|on|||\u00bb text_text_color=\u00bb#dc001b\u00bb border_style=\u00bbsolid\u00bb]<\/p>\n<p>Galer\u00eda de im\u00e1genes<\/p>\n<p>[\/et_pb_text][et_pb_gallery gallery_ids=\u00bb6434,6448,6443,6442,6437,6439,6453,6440&#8243; posts_number=\u00bb8&#8243; show_title_and_caption=\u00bboff\u00bb hover_icon=\u00bb%%51%%\u00bb disabled_on=\u00bboff|off|off\u00bb _builder_version=\u00bb3.0.89&#8243; pagination_font_size_tablet=\u00bb51&#8243; pagination_line_height_tablet=\u00bb2&#8243; show_pagination=\u00bbon\u00bb fullwidth=\u00bboff\u00bb orientation=\u00bblandscape\u00bb zoom_icon_color=\u00bb#dc001b\u00bb hover_overlay_color=\u00bbrgba(255,255,255,0.9)\u00bb background_layout=\u00bblight\u00bb \/][et_pb_video disabled_on=\u00bbon|on|on\u00bb _builder_version=\u00bb3.0.51&#8243; disabled=\u00bbon\u00bb \/][\/et_pb_column][\/et_pb_row][\/et_pb_section]<\/p>\n<!-- AddThis Advanced Settings generic via filter on the_content --><!-- AddThis Share Buttons generic via filter on the_content -->","protected":false},"excerpt":{"rendered":"<p>En este tiempo de Adviento,\u00a0La Sala 80 se ha convertido en la \u00abSala de la Navidad\u00bb.\u00a0All\u00ed se puede visitar todos los d\u00edas, desde las ocho de la ma\u00f1ana hasta las ocho de la tarde, el magn\u00edfico Bel\u00e9n del colegio que con gran maestr\u00eda han montado miembros de esta comunidad educativa: madres, padres, alumnos y alumnas [&hellip;]<\/p>\n<p><!-- AddThis Advanced Settings generic via filter on get_the_excerpt --><!-- AddThis Share Buttons generic via filter on get_the_excerpt --><\/p>\n","protected":false},"author":6,"featured_media":6443,"comment_status":"closed","ping_status":"open","sticky":false,"template":"","format":"standard","meta":{"_et_pb_use_builder":"on","_et_pb_old_content":"","_et_gb_content_width":"","footnotes":""},"categories":[14],"tags":[],"class_list":["post-6433","post","type-post","status-publish","format-standard","has-post-thumbnail","hentry","category-noticia_colegio"],"yoast_head":"<!-- This site is optimized with the Yoast SEO plugin v28.4 - https:\/\/yoast.com\/product\/yoast-seo-wordpress\/ -->\n<title>La Sala 80 se convierte en &quot;la Sala de la Navidad&quot; con el magn\u00edfico Bel\u00e9n elaborado con la colaboraci\u00f3n de miembros de toda la comunidad educativa coordinados por Fernando Urios - Colegio San Juan Bosco Valencia<\/title>\n<meta name=\"robots\" content=\"index, follow, max-snippet:-1, max-image-preview:large, max-video-preview:-1\" \/>\n<link rel=\"canonical\" href=\"https:\/\/valenciasjb.salesianos.edu\/colegio\/la-sala-80-se-convierte-en-la-sala-de-la-navidad-con-el-magnifico-belen-elaborado-con-la-colaboracion-de-miembros-de-toda-la-comunidad-educativa-coordinados-por-fernando-urios\/\" \/>\n<meta property=\"og:locale\" content=\"es_ES\" \/>\n<meta property=\"og:type\" content=\"article\" \/>\n<meta property=\"og:title\" content=\"La Sala 80 se convierte en &quot;la Sala de la Navidad&quot; con el magn\u00edfico Bel\u00e9n elaborado con la colaboraci\u00f3n de miembros de toda la comunidad educativa coordinados por Fernando Urios - Colegio San Juan Bosco Valencia\" \/>\n<meta property=\"og:description\" content=\"En este tiempo de Adviento,\u00a0La Sala 80 se ha convertido en la &quot;Sala de la Navidad&quot;.\u00a0All\u00ed se puede visitar todos los d\u00edas, desde las ocho de la ma\u00f1ana hasta las ocho de la tarde, el magn\u00edfico Bel\u00e9n del colegio que con gran maestr\u00eda han montado miembros de esta comunidad educativa: madres, padres, alumnos y alumnas [&hellip;]\" \/>\n<meta property=\"og:url\" content=\"https:\/\/valenciasjb.salesianos.edu\/colegio\/la-sala-80-se-convierte-en-la-sala-de-la-navidad-con-el-magnifico-belen-elaborado-con-la-colaboracion-de-miembros-de-toda-la-comunidad-educativa-coordinados-por-fernando-urios\/\" \/>\n<meta property=\"og:site_name\" content=\"Colegio San Juan Bosco Valencia\" \/>\n<meta property=\"article:publisher\" content=\"https:\/\/www.facebook.com\/ColegioSalesianoSanJuanBoscoValencia\" \/>\n<meta property=\"article:published_time\" content=\"2017-12-13T16:00:51+00:00\" \/>\n<meta property=\"article:modified_time\" content=\"2017-12-14T08:42:42+00:00\" \/>\n<meta property=\"og:image\" content=\"https:\/\/valenciasjb.salesianos.edu\/colegio\/wp-content\/uploads\/sites\/2\/2017\/12\/belen19-1024x683.jpg\" \/>\n\t<meta property=\"og:image:width\" content=\"1024\" \/>\n\t<meta property=\"og:image:height\" content=\"683\" \/>\n\t<meta property=\"og:image:type\" content=\"image\/jpeg\" \/>\n<meta name=\"author\" content=\"veronicapastor\" \/>\n<meta name=\"twitter:card\" content=\"summary_large_image\" \/>\n<meta name=\"twitter:creator\" content=\"@SalesianosVSJB\" \/>\n<meta name=\"twitter:site\" content=\"@SalesianosVSJB\" \/>\n<meta name=\"twitter:label1\" content=\"Escrito por\" \/>\n\t<meta name=\"twitter:data1\" content=\"veronicapastor\" \/>\n\t<meta name=\"twitter:label2\" content=\"Tiempo de lectura\" \/>\n\t<meta name=\"twitter:data2\" content=\"2 minutos\" \/>\n<script type=\"application\/ld+json\" class=\"yoast-schema-graph\">{\"@context\":\"https:\\\/\\\/schema.org\",\"@graph\":[{\"@type\":\"Article\",\"@id\":\"https:\\\/\\\/valenciasjb.salesianos.edu\\\/colegio\\\/la-sala-80-se-convierte-en-la-sala-de-la-navidad-con-el-magnifico-belen-elaborado-con-la-colaboracion-de-miembros-de-toda-la-comunidad-educativa-coordinados-por-fernando-urios\\\/#article\",\"isPartOf\":{\"@id\":\"https:\\\/\\\/valenciasjb.salesianos.edu\\\/colegio\\\/la-sala-80-se-convierte-en-la-sala-de-la-navidad-con-el-magnifico-belen-elaborado-con-la-colaboracion-de-miembros-de-toda-la-comunidad-educativa-coordinados-por-fernando-urios\\\/\"},\"author\":{\"name\":\"veronicapastor\",\"@id\":\"https:\\\/\\\/valenciasjb.salesianos.edu\\\/colegio\\\/#\\\/schema\\\/person\\\/1f45b67e52b27da175190a574db6bed9\"},\"headline\":\"La Sala 80 se convierte en \u00abla Sala de la Navidad\u00bb con el magn\u00edfico Bel\u00e9n elaborado con la colaboraci\u00f3n de miembros de toda la comunidad educativa coordinados por Fernando Urios\",\"datePublished\":\"2017-12-13T16:00:51+00:00\",\"dateModified\":\"2017-12-14T08:42:42+00:00\",\"mainEntityOfPage\":{\"@id\":\"https:\\\/\\\/valenciasjb.salesianos.edu\\\/colegio\\\/la-sala-80-se-convierte-en-la-sala-de-la-navidad-con-el-magnifico-belen-elaborado-con-la-colaboracion-de-miembros-de-toda-la-comunidad-educativa-coordinados-por-fernando-urios\\\/\"},\"wordCount\":416,\"image\":{\"@id\":\"https:\\\/\\\/valenciasjb.salesianos.edu\\\/colegio\\\/la-sala-80-se-convierte-en-la-sala-de-la-navidad-con-el-magnifico-belen-elaborado-con-la-colaboracion-de-miembros-de-toda-la-comunidad-educativa-coordinados-por-fernando-urios\\\/#primaryimage\"},\"thumbnailUrl\":\"https:\\\/\\\/valenciasjb.salesianos.edu\\\/colegio\\\/wp-content\\\/uploads\\\/sites\\\/2\\\/2017\\\/12\\\/belen19.jpg\",\"articleSection\":[\"Noticia Colegio\"],\"inLanguage\":\"es\"},{\"@type\":\"WebPage\",\"@id\":\"https:\\\/\\\/valenciasjb.salesianos.edu\\\/colegio\\\/la-sala-80-se-convierte-en-la-sala-de-la-navidad-con-el-magnifico-belen-elaborado-con-la-colaboracion-de-miembros-de-toda-la-comunidad-educativa-coordinados-por-fernando-urios\\\/\",\"url\":\"https:\\\/\\\/valenciasjb.salesianos.edu\\\/colegio\\\/la-sala-80-se-convierte-en-la-sala-de-la-navidad-con-el-magnifico-belen-elaborado-con-la-colaboracion-de-miembros-de-toda-la-comunidad-educativa-coordinados-por-fernando-urios\\\/\",\"name\":\"La Sala 80 se convierte en \\\"la Sala de la Navidad\\\" con el magn\u00edfico Bel\u00e9n elaborado con la colaboraci\u00f3n de miembros de toda la comunidad educativa coordinados por Fernando Urios - Colegio San Juan Bosco Valencia\",\"isPartOf\":{\"@id\":\"https:\\\/\\\/valenciasjb.salesianos.edu\\\/colegio\\\/#website\"},\"primaryImageOfPage\":{\"@id\":\"https:\\\/\\\/valenciasjb.salesianos.edu\\\/colegio\\\/la-sala-80-se-convierte-en-la-sala-de-la-navidad-con-el-magnifico-belen-elaborado-con-la-colaboracion-de-miembros-de-toda-la-comunidad-educativa-coordinados-por-fernando-urios\\\/#primaryimage\"},\"image\":{\"@id\":\"https:\\\/\\\/valenciasjb.salesianos.edu\\\/colegio\\\/la-sala-80-se-convierte-en-la-sala-de-la-navidad-con-el-magnifico-belen-elaborado-con-la-colaboracion-de-miembros-de-toda-la-comunidad-educativa-coordinados-por-fernando-urios\\\/#primaryimage\"},\"thumbnailUrl\":\"https:\\\/\\\/valenciasjb.salesianos.edu\\\/colegio\\\/wp-content\\\/uploads\\\/sites\\\/2\\\/2017\\\/12\\\/belen19.jpg\",\"datePublished\":\"2017-12-13T16:00:51+00:00\",\"dateModified\":\"2017-12-14T08:42:42+00:00\",\"author\":{\"@id\":\"https:\\\/\\\/valenciasjb.salesianos.edu\\\/colegio\\\/#\\\/schema\\\/person\\\/1f45b67e52b27da175190a574db6bed9\"},\"breadcrumb\":{\"@id\":\"https:\\\/\\\/valenciasjb.salesianos.edu\\\/colegio\\\/la-sala-80-se-convierte-en-la-sala-de-la-navidad-con-el-magnifico-belen-elaborado-con-la-colaboracion-de-miembros-de-toda-la-comunidad-educativa-coordinados-por-fernando-urios\\\/#breadcrumb\"},\"inLanguage\":\"es\",\"potentialAction\":[{\"@type\":\"ReadAction\",\"target\":[\"https:\\\/\\\/valenciasjb.salesianos.edu\\\/colegio\\\/la-sala-80-se-convierte-en-la-sala-de-la-navidad-con-el-magnifico-belen-elaborado-con-la-colaboracion-de-miembros-de-toda-la-comunidad-educativa-coordinados-por-fernando-urios\\\/\"]}]},{\"@type\":\"ImageObject\",\"inLanguage\":\"es\",\"@id\":\"https:\\\/\\\/valenciasjb.salesianos.edu\\\/colegio\\\/la-sala-80-se-convierte-en-la-sala-de-la-navidad-con-el-magnifico-belen-elaborado-con-la-colaboracion-de-miembros-de-toda-la-comunidad-educativa-coordinados-por-fernando-urios\\\/#primaryimage\",\"url\":\"https:\\\/\\\/valenciasjb.salesianos.edu\\\/colegio\\\/wp-content\\\/uploads\\\/sites\\\/2\\\/2017\\\/12\\\/belen19.jpg\",\"contentUrl\":\"https:\\\/\\\/valenciasjb.salesianos.edu\\\/colegio\\\/wp-content\\\/uploads\\\/sites\\\/2\\\/2017\\\/12\\\/belen19.jpg\",\"width\":2500,\"height\":1667},{\"@type\":\"BreadcrumbList\",\"@id\":\"https:\\\/\\\/valenciasjb.salesianos.edu\\\/colegio\\\/la-sala-80-se-convierte-en-la-sala-de-la-navidad-con-el-magnifico-belen-elaborado-con-la-colaboracion-de-miembros-de-toda-la-comunidad-educativa-coordinados-por-fernando-urios\\\/#breadcrumb\",\"itemListElement\":[{\"@type\":\"ListItem\",\"position\":1,\"name\":\"Portada\",\"item\":\"https:\\\/\\\/valenciasjb.salesianos.edu\\\/colegio\\\/\"},{\"@type\":\"ListItem\",\"position\":2,\"name\":\"La Sala 80 se convierte en \u00abla Sala de la Navidad\u00bb con el magn\u00edfico Bel\u00e9n elaborado con la colaboraci\u00f3n de miembros de toda la comunidad educativa coordinados por Fernando Urios\"}]},{\"@type\":\"WebSite\",\"@id\":\"https:\\\/\\\/valenciasjb.salesianos.edu\\\/colegio\\\/#website\",\"url\":\"https:\\\/\\\/valenciasjb.salesianos.edu\\\/colegio\\\/\",\"name\":\"Colegio San Juan Bosco Valencia\",\"description\":\"P\u00e1gina oficial del Colegio Salesianos San Juan Bosco Valencia\",\"alternateName\":\"Salesianos.VSJB\",\"potentialAction\":[{\"@type\":\"SearchAction\",\"target\":{\"@type\":\"EntryPoint\",\"urlTemplate\":\"https:\\\/\\\/valenciasjb.salesianos.edu\\\/colegio\\\/?s={search_term_string}\"},\"query-input\":{\"@type\":\"PropertyValueSpecification\",\"valueRequired\":true,\"valueName\":\"search_term_string\"}}],\"inLanguage\":\"es\"},{\"@type\":\"Person\",\"@id\":\"https:\\\/\\\/valenciasjb.salesianos.edu\\\/colegio\\\/#\\\/schema\\\/person\\\/1f45b67e52b27da175190a574db6bed9\",\"name\":\"veronicapastor\",\"image\":{\"@type\":\"ImageObject\",\"inLanguage\":\"es\",\"@id\":\"https:\\\/\\\/secure.gravatar.com\\\/avatar\\\/e29bd40bace3fd935e1d6fdb7313ffc14628cc037c5e16f4c7369b20a2a6f7f0?s=96&d=mm&r=g\",\"url\":\"https:\\\/\\\/secure.gravatar.com\\\/avatar\\\/e29bd40bace3fd935e1d6fdb7313ffc14628cc037c5e16f4c7369b20a2a6f7f0?s=96&d=mm&r=g\",\"contentUrl\":\"https:\\\/\\\/secure.gravatar.com\\\/avatar\\\/e29bd40bace3fd935e1d6fdb7313ffc14628cc037c5e16f4c7369b20a2a6f7f0?s=96&d=mm&r=g\",\"caption\":\"veronicapastor\"}}]}<\/script>\n<!-- \/ Yoast SEO plugin. -->","yoast_head_json":{"title":"La Sala 80 se convierte en \"la Sala de la Navidad\" con el magn\u00edfico Bel\u00e9n elaborado con la colaboraci\u00f3n de miembros de toda la comunidad educativa coordinados por Fernando Urios - Colegio San Juan Bosco Valencia","robots":{"index":"index","follow":"follow","max-snippet":"max-snippet:-1","max-image-preview":"max-image-preview:large","max-video-preview":"max-video-preview:-1"},"canonical":"https:\/\/valenciasjb.salesianos.edu\/colegio\/la-sala-80-se-convierte-en-la-sala-de-la-navidad-con-el-magnifico-belen-elaborado-con-la-colaboracion-de-miembros-de-toda-la-comunidad-educativa-coordinados-por-fernando-urios\/","og_locale":"es_ES","og_type":"article","og_title":"La Sala 80 se convierte en \"la Sala de la Navidad\" con el magn\u00edfico Bel\u00e9n elaborado con la colaboraci\u00f3n de miembros de toda la comunidad educativa coordinados por Fernando Urios - Colegio San Juan Bosco Valencia","og_description":"En este tiempo de Adviento,\u00a0La Sala 80 se ha convertido en la \"Sala de la Navidad\".\u00a0All\u00ed se puede visitar todos los d\u00edas, desde las ocho de la ma\u00f1ana hasta las ocho de la tarde, el magn\u00edfico Bel\u00e9n del colegio que con gran maestr\u00eda han montado miembros de esta comunidad educativa: madres, padres, alumnos y alumnas [&hellip;]","og_url":"https:\/\/valenciasjb.salesianos.edu\/colegio\/la-sala-80-se-convierte-en-la-sala-de-la-navidad-con-el-magnifico-belen-elaborado-con-la-colaboracion-de-miembros-de-toda-la-comunidad-educativa-coordinados-por-fernando-urios\/","og_site_name":"Colegio San Juan Bosco Valencia","article_publisher":"https:\/\/www.facebook.com\/ColegioSalesianoSanJuanBoscoValencia","article_published_time":"2017-12-13T16:00:51+00:00","article_modified_time":"2017-12-14T08:42:42+00:00","og_image":[{"width":1024,"height":683,"url":"https:\/\/valenciasjb.salesianos.edu\/colegio\/wp-content\/uploads\/sites\/2\/2017\/12\/belen19-1024x683.jpg","type":"image\/jpeg"}],"author":"veronicapastor","twitter_card":"summary_large_image","twitter_creator":"@SalesianosVSJB","twitter_site":"@SalesianosVSJB","twitter_misc":{"Escrito por":"veronicapastor","Tiempo de lectura":"2 minutos"},"schema":{"@context":"https:\/\/schema.org","@graph":[{"@type":"Article","@id":"https:\/\/valenciasjb.salesianos.edu\/colegio\/la-sala-80-se-convierte-en-la-sala-de-la-navidad-con-el-magnifico-belen-elaborado-con-la-colaboracion-de-miembros-de-toda-la-comunidad-educativa-coordinados-por-fernando-urios\/#article","isPartOf":{"@id":"https:\/\/valenciasjb.salesianos.edu\/colegio\/la-sala-80-se-convierte-en-la-sala-de-la-navidad-con-el-magnifico-belen-elaborado-con-la-colaboracion-de-miembros-de-toda-la-comunidad-educativa-coordinados-por-fernando-urios\/"},"author":{"name":"veronicapastor","@id":"https:\/\/valenciasjb.salesianos.edu\/colegio\/#\/schema\/person\/1f45b67e52b27da175190a574db6bed9"},"headline":"La Sala 80 se convierte en \u00abla Sala de la Navidad\u00bb con el magn\u00edfico Bel\u00e9n elaborado con la colaboraci\u00f3n de miembros de toda la comunidad educativa coordinados por Fernando Urios","datePublished":"2017-12-13T16:00:51+00:00","dateModified":"2017-12-14T08:42:42+00:00","mainEntityOfPage":{"@id":"https:\/\/valenciasjb.salesianos.edu\/colegio\/la-sala-80-se-convierte-en-la-sala-de-la-navidad-con-el-magnifico-belen-elaborado-con-la-colaboracion-de-miembros-de-toda-la-comunidad-educativa-coordinados-por-fernando-urios\/"},"wordCount":416,"image":{"@id":"https:\/\/valenciasjb.salesianos.edu\/colegio\/la-sala-80-se-convierte-en-la-sala-de-la-navidad-con-el-magnifico-belen-elaborado-con-la-colaboracion-de-miembros-de-toda-la-comunidad-educativa-coordinados-por-fernando-urios\/#primaryimage"},"thumbnailUrl":"https:\/\/valenciasjb.salesianos.edu\/colegio\/wp-content\/uploads\/sites\/2\/2017\/12\/belen19.jpg","articleSection":["Noticia Colegio"],"inLanguage":"es"},{"@type":"WebPage","@id":"https:\/\/valenciasjb.salesianos.edu\/colegio\/la-sala-80-se-convierte-en-la-sala-de-la-navidad-con-el-magnifico-belen-elaborado-con-la-colaboracion-de-miembros-de-toda-la-comunidad-educativa-coordinados-por-fernando-urios\/","url":"https:\/\/valenciasjb.salesianos.edu\/colegio\/la-sala-80-se-convierte-en-la-sala-de-la-navidad-con-el-magnifico-belen-elaborado-con-la-colaboracion-de-miembros-de-toda-la-comunidad-educativa-coordinados-por-fernando-urios\/","name":"La Sala 80 se convierte en \"la Sala de la Navidad\" con el magn\u00edfico Bel\u00e9n elaborado con la colaboraci\u00f3n de miembros de toda la comunidad educativa coordinados por Fernando Urios - Colegio San Juan Bosco Valencia","isPartOf":{"@id":"https:\/\/valenciasjb.salesianos.edu\/colegio\/#website"},"primaryImageOfPage":{"@id":"https:\/\/valenciasjb.salesianos.edu\/colegio\/la-sala-80-se-convierte-en-la-sala-de-la-navidad-con-el-magnifico-belen-elaborado-con-la-colaboracion-de-miembros-de-toda-la-comunidad-educativa-coordinados-por-fernando-urios\/#primaryimage"},"image":{"@id":"https:\/\/valenciasjb.salesianos.edu\/colegio\/la-sala-80-se-convierte-en-la-sala-de-la-navidad-con-el-magnifico-belen-elaborado-con-la-colaboracion-de-miembros-de-toda-la-comunidad-educativa-coordinados-por-fernando-urios\/#primaryimage"},"thumbnailUrl":"https:\/\/valenciasjb.salesianos.edu\/colegio\/wp-content\/uploads\/sites\/2\/2017\/12\/belen19.jpg","datePublished":"2017-12-13T16:00:51+00:00","dateModified":"2017-12-14T08:42:42+00:00","author":{"@id":"https:\/\/valenciasjb.salesianos.edu\/colegio\/#\/schema\/person\/1f45b67e52b27da175190a574db6bed9"},"breadcrumb":{"@id":"https:\/\/valenciasjb.salesianos.edu\/colegio\/la-sala-80-se-convierte-en-la-sala-de-la-navidad-con-el-magnifico-belen-elaborado-con-la-colaboracion-de-miembros-de-toda-la-comunidad-educativa-coordinados-por-fernando-urios\/#breadcrumb"},"inLanguage":"es","potentialAction":[{"@type":"ReadAction","target":["https:\/\/valenciasjb.salesianos.edu\/colegio\/la-sala-80-se-convierte-en-la-sala-de-la-navidad-con-el-magnifico-belen-elaborado-con-la-colaboracion-de-miembros-de-toda-la-comunidad-educativa-coordinados-por-fernando-urios\/"]}]},{"@type":"ImageObject","inLanguage":"es","@id":"https:\/\/valenciasjb.salesianos.edu\/colegio\/la-sala-80-se-convierte-en-la-sala-de-la-navidad-con-el-magnifico-belen-elaborado-con-la-colaboracion-de-miembros-de-toda-la-comunidad-educativa-coordinados-por-fernando-urios\/#primaryimage","url":"https:\/\/valenciasjb.salesianos.edu\/colegio\/wp-content\/uploads\/sites\/2\/2017\/12\/belen19.jpg","contentUrl":"https:\/\/valenciasjb.salesianos.edu\/colegio\/wp-content\/uploads\/sites\/2\/2017\/12\/belen19.jpg","width":2500,"height":1667},{"@type":"BreadcrumbList","@id":"https:\/\/valenciasjb.salesianos.edu\/colegio\/la-sala-80-se-convierte-en-la-sala-de-la-navidad-con-el-magnifico-belen-elaborado-con-la-colaboracion-de-miembros-de-toda-la-comunidad-educativa-coordinados-por-fernando-urios\/#breadcrumb","itemListElement":[{"@type":"ListItem","position":1,"name":"Portada","item":"https:\/\/valenciasjb.salesianos.edu\/colegio\/"},{"@type":"ListItem","position":2,"name":"La Sala 80 se convierte en \u00abla Sala de la Navidad\u00bb con el magn\u00edfico Bel\u00e9n elaborado con la colaboraci\u00f3n de miembros de toda la comunidad educativa coordinados por Fernando Urios"}]},{"@type":"WebSite","@id":"https:\/\/valenciasjb.salesianos.edu\/colegio\/#website","url":"https:\/\/valenciasjb.salesianos.edu\/colegio\/","name":"Colegio San Juan Bosco Valencia","description":"P\u00e1gina oficial del Colegio Salesianos San Juan Bosco Valencia","alternateName":"Salesianos.VSJB","potentialAction":[{"@type":"SearchAction","target":{"@type":"EntryPoint","urlTemplate":"https:\/\/valenciasjb.salesianos.edu\/colegio\/?s={search_term_string}"},"query-input":{"@type":"PropertyValueSpecification","valueRequired":true,"valueName":"search_term_string"}}],"inLanguage":"es"},{"@type":"Person","@id":"https:\/\/valenciasjb.salesianos.edu\/colegio\/#\/schema\/person\/1f45b67e52b27da175190a574db6bed9","name":"veronicapastor","image":{"@type":"ImageObject","inLanguage":"es","@id":"https:\/\/secure.gravatar.com\/avatar\/e29bd40bace3fd935e1d6fdb7313ffc14628cc037c5e16f4c7369b20a2a6f7f0?s=96&d=mm&r=g","url":"https:\/\/secure.gravatar.com\/avatar\/e29bd40bace3fd935e1d6fdb7313ffc14628cc037c5e16f4c7369b20a2a6f7f0?s=96&d=mm&r=g","contentUrl":"https:\/\/secure.gravatar.com\/avatar\/e29bd40bace3fd935e1d6fdb7313ffc14628cc037c5e16f4c7369b20a2a6f7f0?s=96&d=mm&r=g","caption":"veronicapastor"}}]}},"_links":{"self":[{"href":"https:\/\/valenciasjb.salesianos.edu\/colegio\/wp-json\/wp\/v2\/posts\/6433","targetHints":{"allow":["GET"]}}],"collection":[{"href":"https:\/\/valenciasjb.salesianos.edu\/colegio\/wp-json\/wp\/v2\/posts"}],"about":[{"href":"https:\/\/valenciasjb.salesianos.edu\/colegio\/wp-json\/wp\/v2\/types\/post"}],"author":[{"embeddable":true,"href":"https:\/\/valenciasjb.salesianos.edu\/colegio\/wp-json\/wp\/v2\/users\/6"}],"replies":[{"embeddable":true,"href":"https:\/\/valenciasjb.salesianos.edu\/colegio\/wp-json\/wp\/v2\/comments?post=6433"}],"version-history":[{"count":8,"href":"https:\/\/valenciasjb.salesianos.edu\/colegio\/wp-json\/wp\/v2\/posts\/6433\/revisions"}],"predecessor-version":[{"id":6458,"href":"https:\/\/valenciasjb.salesianos.edu\/colegio\/wp-json\/wp\/v2\/posts\/6433\/revisions\/6458"}],"wp:featuredmedia":[{"embeddable":true,"href":"https:\/\/valenciasjb.salesianos.edu\/colegio\/wp-json\/wp\/v2\/media\/6443"}],"wp:attachment":[{"href":"https:\/\/valenciasjb.salesianos.edu\/colegio\/wp-json\/wp\/v2\/media?parent=6433"}],"wp:term":[{"taxonomy":"category","embeddable":true,"href":"https:\/\/valenciasjb.salesianos.edu\/colegio\/wp-json\/wp\/v2\/categories?post=6433"},{"taxonomy":"post_tag","embeddable":true,"href":"https:\/\/valenciasjb.salesianos.edu\/colegio\/wp-json\/wp\/v2\/tags?post=6433"}],"curies":[{"name":"wp","href":"https:\/\/api.w.org\/{rel}","templated":true}]}}