{"id":6473,"date":"2017-12-17T13:07:22","date_gmt":"2017-12-17T12:07:22","guid":{"rendered":"https:\/\/valenciasjb.salesianos.edu\/colegio\/?p=6473"},"modified":"2017-12-17T13:09:25","modified_gmt":"2017-12-17T12:09:25","slug":"el-nostre-betlem-vivent-dintantil-el-telo-del-teatre-sobri-per-fer-gaudir-al-public-assistent-dun-impressionant-festival-nadalenc","status":"publish","type":"post","link":"https:\/\/valenciasjb.salesianos.edu\/colegio\/el-nostre-betlem-vivent-dintantil-el-telo-del-teatre-sobri-per-fer-gaudir-al-public-assistent-dun-impressionant-festival-nadalenc\/","title":{"rendered":"El nostre Betlem vivent d&#8217;Intantil: El tel\u00f3 del teatre s&#8217;obr\u00ed per fer gaudir al p\u00fablic assistent d\u00b4un impressionant festival nadalenc."},"content":{"rendered":"<div id=\"fb-root\"><\/div>\n<p>[et_pb_section bb_built=\u00bb1&#8243; admin_label=\u00bbsection\u00bb][et_pb_row admin_label=\u00bbrow\u00bb background_position=\u00bbtop_left\u00bb background_repeat=\u00bbrepeat\u00bb background_size=\u00bbinitial\u00bb][et_pb_column type=\u00bb4_4&#8243;][et_pb_text admin_label=\u00bbEntradilla (Texto)\u00bb _builder_version=\u00bb3.0.89&#8243; background_layout=\u00bblight\u00bb text_orientation=\u00bbjustified\u00bb text_font=\u00bb|on|||\u00bb module_alignment=\u00bbleft\u00bb]<\/p>\n<div id=\"resumen\"><strong>El passat divendres dia 15 de desembre, els alumnes de 4 i 5 anys\u00a0d&#8217;educaci\u00f3 infantil del col\u00b7legi Salesians Sant Joan Bosco de Val\u00e8ncia participaren al tradicional\u00a0festival de nadales per tal de commemorar el naixement del Jesuset.<\/strong><\/div>\n<p>[\/et_pb_text][et_pb_text admin_label=\u00bbAutor (Texto)\u00bb _builder_version=\u00bb3.0.89&#8243; background_layout=\u00bblight\u00bb text_font=\u00bb||on||\u00bb]<\/p>\n<p>Laura Mart\u00ed Tur, professora d\u2019educaci\u00f3 infantil. Fotos Iv\u00e1n Esteban.<\/p>\n<p>[\/et_pb_text][et_pb_text admin_label=\u00bbDesarrollo (Texto)\u00bb _builder_version=\u00bb3.0.89&#8243; background_layout=\u00bblight\u00bb text_orientation=\u00bbjustified\u00bb module_alignment=\u00bbleft\u00bb]<\/p>\n<p>Sota el t\u00edtol \u201cEl nostre Betlem vivent\u201d l\u00b4alumnat interpret\u00e0, per grups, diferents escenes\u00a0del moment del naixement del Mesies, combinant tant can\u00e7ons tradicionals de Nadal\u00a0com d\u00b4altres.\u00a0Els xiquets i les xiquetes demostraren les seues magn\u00edfiques dots interpretatives, tot i\u00a0seguint els diferents ritmes musicales captivant aix\u00ed a cadascuna de les persones que\u00a0no vullgueren perdre\u2019s cap detall del festival.<\/p>\n<p>Despr\u00e9s d\u00b4un gran esfor\u00e7, tant per part de l\u00b4alumnat com del professorat i de les\u00a0fam\u00edlies, realitzat durant les setmanes pr\u00e8vies a l&#8217;actuaci\u00f3 amb preparatius, decorats,\u00a0vestimenta i balls, la recompensa final es reflex\u00e0 a les cares de felicitat i satisfacci\u00f3 de\u00a0tots els participants. Tamb\u00e9 es va veure manifestat pels forts aplaudiments i les\u00a0felicitacions rebudes al finalitzar l&#8217;obra.<\/p>\n<p>Per a sorpresa dels m\u00e9s menuts de la casa, les seues Majestats els Reis Mags d\u2019Orient\u00a0feren una paradeta al cam\u00ed i pujaren a l\u2019escenari del teatre per tal de\u00a0donar-los l\u2019enhorabona i llan\u00e7ar els millors desitjos de Pau, Uni\u00f3 i Alegria a tota la\u00a0Comunitat Educativa.<\/p>\n<p>L\u00b4alumnat va finalitzar exitosament l&#8217;espectacle interpretant la nadala en angl\u00e9s als\u00a0Mags d\u2019Orient donant aix\u00ed per felicitats els Nadals a tota la Comunitat escolar.\u00a0Com era d\u2019esperar, Melcior, Gaspar i Baltasar portaven els sacs ben carregats de regals<br \/>\nper a tots els xiquets i xiquetes de l\u2019escola. Per torns, van anar cridant a les seues\u00a0respectives tutores que foren les encarregades de rebre els paquets.<\/p>\n<p>Sens dubte una emotiva vesprada en fam\u00edlia gaudint del millor que tenim al col.legi, els\u00a0nostres xiquets i xiquetes, la millor esperan\u00e7a per al futur.<\/p>\n<p>[\/et_pb_text][et_pb_text admin_label=\u00bbT\u00edtulo: Galer\u00eda de fotos (Texto)\u00bb _builder_version=\u00bb3.0.76&#8243; background_layout=\u00bblight\u00bb text_font=\u00bb|on|||\u00bb text_text_color=\u00bb#dc001b\u00bb border_style=\u00bbsolid\u00bb disabled=\u00bboff\u00bb disabled_on=\u00bboff|on|on\u00bb]<\/p>\n<p>Galer\u00eda de im\u00e1genes<\/p>\n<p>[\/et_pb_text][et_pb_gallery _builder_version=\u00bb3.0.89&#8243; posts_number=\u00bb8&#8243; show_title_and_caption=\u00bboff\u00bb show_pagination=\u00bbon\u00bb fullwidth=\u00bboff\u00bb orientation=\u00bblandscape\u00bb zoom_icon_color=\u00bb#dc001b\u00bb hover_overlay_color=\u00bbrgba(255,255,255,0.9)\u00bb hover_icon=\u00bb%%51%%\u00bb background_layout=\u00bblight\u00bb disabled=\u00bboff\u00bb disabled_on=\u00bboff|off|off\u00bb gallery_ids=\u00bb6474,6475,6476,6477,6478,6479,6480,6481&#8243; pagination_font_size_tablet=\u00bb51&#8243; pagination_line_height_tablet=\u00bb2&#8243; \/][et_pb_video _builder_version=\u00bb3.0.51&#8243; disabled=\u00bbon\u00bb disabled_on=\u00bbon|on|on\u00bb \/][\/et_pb_column][\/et_pb_row][\/et_pb_section]<\/p>\n<!-- AddThis Advanced Settings generic via filter on the_content --><!-- AddThis Share Buttons generic via filter on the_content -->","protected":false},"excerpt":{"rendered":"<p>El passat divendres dia 15 de desembre, els alumnes de 4 i 5 anys\u00a0d&#8217;educaci\u00f3 infantil del col\u00b7legi Salesians Sant Joan Bosco de Val\u00e8ncia participaren al tradicional\u00a0festival de nadales per tal de commemorar el naixement del Jesuset. Laura Mart\u00ed Tur, professora d\u2019educaci\u00f3 infantil. Fotos Iv\u00e1n Esteban. Sota el t\u00edtol \u201cEl nostre Betlem vivent\u201d l\u00b4alumnat interpret\u00e0, per [&hellip;]<\/p>\n<p><!-- AddThis Advanced Settings generic via filter on get_the_excerpt --><!-- AddThis Share Buttons generic via filter on get_the_excerpt --><\/p>\n","protected":false},"author":6,"featured_media":6477,"comment_status":"closed","ping_status":"open","sticky":false,"template":"","format":"standard","meta":{"_et_pb_use_builder":"on","_et_pb_old_content":"","_et_gb_content_width":"","footnotes":""},"categories":[14],"tags":[],"class_list":["post-6473","post","type-post","status-publish","format-standard","has-post-thumbnail","hentry","category-noticia_colegio"],"yoast_head":"<!-- This site is optimized with the Yoast SEO plugin v28.4 - https:\/\/yoast.com\/product\/yoast-seo-wordpress\/ -->\n<title>El nostre Betlem vivent d&#039;Intantil: El tel\u00f3 del teatre s&#039;obr\u00ed per fer gaudir al p\u00fablic assistent d\u00b4un impressionant festival nadalenc. - Colegio San Juan Bosco Valencia<\/title>\n<meta name=\"robots\" content=\"index, follow, max-snippet:-1, max-image-preview:large, max-video-preview:-1\" \/>\n<link rel=\"canonical\" href=\"https:\/\/valenciasjb.salesianos.edu\/colegio\/el-nostre-betlem-vivent-dintantil-el-telo-del-teatre-sobri-per-fer-gaudir-al-public-assistent-dun-impressionant-festival-nadalenc\/\" \/>\n<meta property=\"og:locale\" content=\"es_ES\" \/>\n<meta property=\"og:type\" content=\"article\" \/>\n<meta property=\"og:title\" content=\"El nostre Betlem vivent d&#039;Intantil: El tel\u00f3 del teatre s&#039;obr\u00ed per fer gaudir al p\u00fablic assistent d\u00b4un impressionant festival nadalenc. - Colegio San Juan Bosco Valencia\" \/>\n<meta property=\"og:description\" content=\"El passat divendres dia 15 de desembre, els alumnes de 4 i 5 anys\u00a0d&#039;educaci\u00f3 infantil del col\u00b7legi Salesians Sant Joan Bosco de Val\u00e8ncia participaren al tradicional\u00a0festival de nadales per tal de commemorar el naixement del Jesuset. Laura Mart\u00ed Tur, professora d\u2019educaci\u00f3 infantil. Fotos Iv\u00e1n Esteban. Sota el t\u00edtol \u201cEl nostre Betlem vivent\u201d l\u00b4alumnat interpret\u00e0, per [&hellip;]\" \/>\n<meta property=\"og:url\" content=\"https:\/\/valenciasjb.salesianos.edu\/colegio\/el-nostre-betlem-vivent-dintantil-el-telo-del-teatre-sobri-per-fer-gaudir-al-public-assistent-dun-impressionant-festival-nadalenc\/\" \/>\n<meta property=\"og:site_name\" content=\"Colegio San Juan Bosco Valencia\" \/>\n<meta property=\"article:publisher\" content=\"https:\/\/www.facebook.com\/ColegioSalesianoSanJuanBoscoValencia\" \/>\n<meta property=\"article:published_time\" content=\"2017-12-17T12:07:22+00:00\" \/>\n<meta property=\"article:modified_time\" content=\"2017-12-17T12:09:25+00:00\" \/>\n<meta property=\"og:image\" content=\"https:\/\/valenciasjb.salesianos.edu\/colegio\/wp-content\/uploads\/sites\/2\/2017\/12\/DSC_7094.jpg\" \/>\n\t<meta property=\"og:image:width\" content=\"6000\" \/>\n\t<meta property=\"og:image:height\" content=\"3375\" \/>\n\t<meta property=\"og:image:type\" content=\"image\/jpeg\" \/>\n<meta name=\"author\" content=\"veronicapastor\" \/>\n<meta name=\"twitter:card\" content=\"summary_large_image\" \/>\n<meta name=\"twitter:creator\" content=\"@SalesianosVSJB\" \/>\n<meta name=\"twitter:site\" content=\"@SalesianosVSJB\" \/>\n<meta name=\"twitter:label1\" content=\"Escrito por\" \/>\n\t<meta name=\"twitter:data1\" content=\"veronicapastor\" \/>\n\t<meta name=\"twitter:label2\" content=\"Tiempo de lectura\" \/>\n\t<meta name=\"twitter:data2\" content=\"3 minutos\" \/>\n<script type=\"application\/ld+json\" class=\"yoast-schema-graph\">{\"@context\":\"https:\\\/\\\/schema.org\",\"@graph\":[{\"@type\":\"Article\",\"@id\":\"https:\\\/\\\/valenciasjb.salesianos.edu\\\/colegio\\\/el-nostre-betlem-vivent-dintantil-el-telo-del-teatre-sobri-per-fer-gaudir-al-public-assistent-dun-impressionant-festival-nadalenc\\\/#article\",\"isPartOf\":{\"@id\":\"https:\\\/\\\/valenciasjb.salesianos.edu\\\/colegio\\\/el-nostre-betlem-vivent-dintantil-el-telo-del-teatre-sobri-per-fer-gaudir-al-public-assistent-dun-impressionant-festival-nadalenc\\\/\"},\"author\":{\"name\":\"veronicapastor\",\"@id\":\"https:\\\/\\\/valenciasjb.salesianos.edu\\\/colegio\\\/#\\\/schema\\\/person\\\/1f45b67e52b27da175190a574db6bed9\"},\"headline\":\"El nostre Betlem vivent d&#8217;Intantil: El tel\u00f3 del teatre s&#8217;obr\u00ed per fer gaudir al p\u00fablic assistent d\u00b4un impressionant festival nadalenc.\",\"datePublished\":\"2017-12-17T12:07:22+00:00\",\"dateModified\":\"2017-12-17T12:09:25+00:00\",\"mainEntityOfPage\":{\"@id\":\"https:\\\/\\\/valenciasjb.salesianos.edu\\\/colegio\\\/el-nostre-betlem-vivent-dintantil-el-telo-del-teatre-sobri-per-fer-gaudir-al-public-assistent-dun-impressionant-festival-nadalenc\\\/\"},\"wordCount\":562,\"image\":{\"@id\":\"https:\\\/\\\/valenciasjb.salesianos.edu\\\/colegio\\\/el-nostre-betlem-vivent-dintantil-el-telo-del-teatre-sobri-per-fer-gaudir-al-public-assistent-dun-impressionant-festival-nadalenc\\\/#primaryimage\"},\"thumbnailUrl\":\"https:\\\/\\\/valenciasjb.salesianos.edu\\\/colegio\\\/wp-content\\\/uploads\\\/sites\\\/2\\\/2017\\\/12\\\/DSC_7094.jpg\",\"articleSection\":[\"Noticia Colegio\"],\"inLanguage\":\"es\"},{\"@type\":\"WebPage\",\"@id\":\"https:\\\/\\\/valenciasjb.salesianos.edu\\\/colegio\\\/el-nostre-betlem-vivent-dintantil-el-telo-del-teatre-sobri-per-fer-gaudir-al-public-assistent-dun-impressionant-festival-nadalenc\\\/\",\"url\":\"https:\\\/\\\/valenciasjb.salesianos.edu\\\/colegio\\\/el-nostre-betlem-vivent-dintantil-el-telo-del-teatre-sobri-per-fer-gaudir-al-public-assistent-dun-impressionant-festival-nadalenc\\\/\",\"name\":\"El nostre Betlem vivent d'Intantil: El tel\u00f3 del teatre s'obr\u00ed per fer gaudir al p\u00fablic assistent d\u00b4un impressionant festival nadalenc. - Colegio San Juan Bosco Valencia\",\"isPartOf\":{\"@id\":\"https:\\\/\\\/valenciasjb.salesianos.edu\\\/colegio\\\/#website\"},\"primaryImageOfPage\":{\"@id\":\"https:\\\/\\\/valenciasjb.salesianos.edu\\\/colegio\\\/el-nostre-betlem-vivent-dintantil-el-telo-del-teatre-sobri-per-fer-gaudir-al-public-assistent-dun-impressionant-festival-nadalenc\\\/#primaryimage\"},\"image\":{\"@id\":\"https:\\\/\\\/valenciasjb.salesianos.edu\\\/colegio\\\/el-nostre-betlem-vivent-dintantil-el-telo-del-teatre-sobri-per-fer-gaudir-al-public-assistent-dun-impressionant-festival-nadalenc\\\/#primaryimage\"},\"thumbnailUrl\":\"https:\\\/\\\/valenciasjb.salesianos.edu\\\/colegio\\\/wp-content\\\/uploads\\\/sites\\\/2\\\/2017\\\/12\\\/DSC_7094.jpg\",\"datePublished\":\"2017-12-17T12:07:22+00:00\",\"dateModified\":\"2017-12-17T12:09:25+00:00\",\"author\":{\"@id\":\"https:\\\/\\\/valenciasjb.salesianos.edu\\\/colegio\\\/#\\\/schema\\\/person\\\/1f45b67e52b27da175190a574db6bed9\"},\"breadcrumb\":{\"@id\":\"https:\\\/\\\/valenciasjb.salesianos.edu\\\/colegio\\\/el-nostre-betlem-vivent-dintantil-el-telo-del-teatre-sobri-per-fer-gaudir-al-public-assistent-dun-impressionant-festival-nadalenc\\\/#breadcrumb\"},\"inLanguage\":\"es\",\"potentialAction\":[{\"@type\":\"ReadAction\",\"target\":[\"https:\\\/\\\/valenciasjb.salesianos.edu\\\/colegio\\\/el-nostre-betlem-vivent-dintantil-el-telo-del-teatre-sobri-per-fer-gaudir-al-public-assistent-dun-impressionant-festival-nadalenc\\\/\"]}]},{\"@type\":\"ImageObject\",\"inLanguage\":\"es\",\"@id\":\"https:\\\/\\\/valenciasjb.salesianos.edu\\\/colegio\\\/el-nostre-betlem-vivent-dintantil-el-telo-del-teatre-sobri-per-fer-gaudir-al-public-assistent-dun-impressionant-festival-nadalenc\\\/#primaryimage\",\"url\":\"https:\\\/\\\/valenciasjb.salesianos.edu\\\/colegio\\\/wp-content\\\/uploads\\\/sites\\\/2\\\/2017\\\/12\\\/DSC_7094.jpg\",\"contentUrl\":\"https:\\\/\\\/valenciasjb.salesianos.edu\\\/colegio\\\/wp-content\\\/uploads\\\/sites\\\/2\\\/2017\\\/12\\\/DSC_7094.jpg\",\"width\":6000,\"height\":3375},{\"@type\":\"BreadcrumbList\",\"@id\":\"https:\\\/\\\/valenciasjb.salesianos.edu\\\/colegio\\\/el-nostre-betlem-vivent-dintantil-el-telo-del-teatre-sobri-per-fer-gaudir-al-public-assistent-dun-impressionant-festival-nadalenc\\\/#breadcrumb\",\"itemListElement\":[{\"@type\":\"ListItem\",\"position\":1,\"name\":\"Portada\",\"item\":\"https:\\\/\\\/valenciasjb.salesianos.edu\\\/colegio\\\/\"},{\"@type\":\"ListItem\",\"position\":2,\"name\":\"El nostre Betlem vivent d&#8217;Intantil: El tel\u00f3 del teatre s&#8217;obr\u00ed per fer gaudir al p\u00fablic assistent d\u00b4un impressionant festival nadalenc.\"}]},{\"@type\":\"WebSite\",\"@id\":\"https:\\\/\\\/valenciasjb.salesianos.edu\\\/colegio\\\/#website\",\"url\":\"https:\\\/\\\/valenciasjb.salesianos.edu\\\/colegio\\\/\",\"name\":\"Colegio San Juan Bosco Valencia\",\"description\":\"P\u00e1gina oficial del Colegio Salesianos San Juan Bosco Valencia\",\"alternateName\":\"Salesianos.VSJB\",\"potentialAction\":[{\"@type\":\"SearchAction\",\"target\":{\"@type\":\"EntryPoint\",\"urlTemplate\":\"https:\\\/\\\/valenciasjb.salesianos.edu\\\/colegio\\\/?s={search_term_string}\"},\"query-input\":{\"@type\":\"PropertyValueSpecification\",\"valueRequired\":true,\"valueName\":\"search_term_string\"}}],\"inLanguage\":\"es\"},{\"@type\":\"Person\",\"@id\":\"https:\\\/\\\/valenciasjb.salesianos.edu\\\/colegio\\\/#\\\/schema\\\/person\\\/1f45b67e52b27da175190a574db6bed9\",\"name\":\"veronicapastor\",\"image\":{\"@type\":\"ImageObject\",\"inLanguage\":\"es\",\"@id\":\"https:\\\/\\\/secure.gravatar.com\\\/avatar\\\/e29bd40bace3fd935e1d6fdb7313ffc14628cc037c5e16f4c7369b20a2a6f7f0?s=96&d=mm&r=g\",\"url\":\"https:\\\/\\\/secure.gravatar.com\\\/avatar\\\/e29bd40bace3fd935e1d6fdb7313ffc14628cc037c5e16f4c7369b20a2a6f7f0?s=96&d=mm&r=g\",\"contentUrl\":\"https:\\\/\\\/secure.gravatar.com\\\/avatar\\\/e29bd40bace3fd935e1d6fdb7313ffc14628cc037c5e16f4c7369b20a2a6f7f0?s=96&d=mm&r=g\",\"caption\":\"veronicapastor\"}}]}<\/script>\n<!-- \/ Yoast SEO plugin. -->","yoast_head_json":{"title":"El nostre Betlem vivent d'Intantil: El tel\u00f3 del teatre s'obr\u00ed per fer gaudir al p\u00fablic assistent d\u00b4un impressionant festival nadalenc. - Colegio San Juan Bosco Valencia","robots":{"index":"index","follow":"follow","max-snippet":"max-snippet:-1","max-image-preview":"max-image-preview:large","max-video-preview":"max-video-preview:-1"},"canonical":"https:\/\/valenciasjb.salesianos.edu\/colegio\/el-nostre-betlem-vivent-dintantil-el-telo-del-teatre-sobri-per-fer-gaudir-al-public-assistent-dun-impressionant-festival-nadalenc\/","og_locale":"es_ES","og_type":"article","og_title":"El nostre Betlem vivent d'Intantil: El tel\u00f3 del teatre s'obr\u00ed per fer gaudir al p\u00fablic assistent d\u00b4un impressionant festival nadalenc. - Colegio San Juan Bosco Valencia","og_description":"El passat divendres dia 15 de desembre, els alumnes de 4 i 5 anys\u00a0d'educaci\u00f3 infantil del col\u00b7legi Salesians Sant Joan Bosco de Val\u00e8ncia participaren al tradicional\u00a0festival de nadales per tal de commemorar el naixement del Jesuset. Laura Mart\u00ed Tur, professora d\u2019educaci\u00f3 infantil. Fotos Iv\u00e1n Esteban. Sota el t\u00edtol \u201cEl nostre Betlem vivent\u201d l\u00b4alumnat interpret\u00e0, per [&hellip;]","og_url":"https:\/\/valenciasjb.salesianos.edu\/colegio\/el-nostre-betlem-vivent-dintantil-el-telo-del-teatre-sobri-per-fer-gaudir-al-public-assistent-dun-impressionant-festival-nadalenc\/","og_site_name":"Colegio San Juan Bosco Valencia","article_publisher":"https:\/\/www.facebook.com\/ColegioSalesianoSanJuanBoscoValencia","article_published_time":"2017-12-17T12:07:22+00:00","article_modified_time":"2017-12-17T12:09:25+00:00","og_image":[{"width":6000,"height":3375,"url":"https:\/\/valenciasjb.salesianos.edu\/colegio\/wp-content\/uploads\/sites\/2\/2017\/12\/DSC_7094.jpg","type":"image\/jpeg"}],"author":"veronicapastor","twitter_card":"summary_large_image","twitter_creator":"@SalesianosVSJB","twitter_site":"@SalesianosVSJB","twitter_misc":{"Escrito por":"veronicapastor","Tiempo de lectura":"3 minutos"},"schema":{"@context":"https:\/\/schema.org","@graph":[{"@type":"Article","@id":"https:\/\/valenciasjb.salesianos.edu\/colegio\/el-nostre-betlem-vivent-dintantil-el-telo-del-teatre-sobri-per-fer-gaudir-al-public-assistent-dun-impressionant-festival-nadalenc\/#article","isPartOf":{"@id":"https:\/\/valenciasjb.salesianos.edu\/colegio\/el-nostre-betlem-vivent-dintantil-el-telo-del-teatre-sobri-per-fer-gaudir-al-public-assistent-dun-impressionant-festival-nadalenc\/"},"author":{"name":"veronicapastor","@id":"https:\/\/valenciasjb.salesianos.edu\/colegio\/#\/schema\/person\/1f45b67e52b27da175190a574db6bed9"},"headline":"El nostre Betlem vivent d&#8217;Intantil: El tel\u00f3 del teatre s&#8217;obr\u00ed per fer gaudir al p\u00fablic assistent d\u00b4un impressionant festival nadalenc.","datePublished":"2017-12-17T12:07:22+00:00","dateModified":"2017-12-17T12:09:25+00:00","mainEntityOfPage":{"@id":"https:\/\/valenciasjb.salesianos.edu\/colegio\/el-nostre-betlem-vivent-dintantil-el-telo-del-teatre-sobri-per-fer-gaudir-al-public-assistent-dun-impressionant-festival-nadalenc\/"},"wordCount":562,"image":{"@id":"https:\/\/valenciasjb.salesianos.edu\/colegio\/el-nostre-betlem-vivent-dintantil-el-telo-del-teatre-sobri-per-fer-gaudir-al-public-assistent-dun-impressionant-festival-nadalenc\/#primaryimage"},"thumbnailUrl":"https:\/\/valenciasjb.salesianos.edu\/colegio\/wp-content\/uploads\/sites\/2\/2017\/12\/DSC_7094.jpg","articleSection":["Noticia Colegio"],"inLanguage":"es"},{"@type":"WebPage","@id":"https:\/\/valenciasjb.salesianos.edu\/colegio\/el-nostre-betlem-vivent-dintantil-el-telo-del-teatre-sobri-per-fer-gaudir-al-public-assistent-dun-impressionant-festival-nadalenc\/","url":"https:\/\/valenciasjb.salesianos.edu\/colegio\/el-nostre-betlem-vivent-dintantil-el-telo-del-teatre-sobri-per-fer-gaudir-al-public-assistent-dun-impressionant-festival-nadalenc\/","name":"El nostre Betlem vivent d'Intantil: El tel\u00f3 del teatre s'obr\u00ed per fer gaudir al p\u00fablic assistent d\u00b4un impressionant festival nadalenc. - Colegio San Juan Bosco Valencia","isPartOf":{"@id":"https:\/\/valenciasjb.salesianos.edu\/colegio\/#website"},"primaryImageOfPage":{"@id":"https:\/\/valenciasjb.salesianos.edu\/colegio\/el-nostre-betlem-vivent-dintantil-el-telo-del-teatre-sobri-per-fer-gaudir-al-public-assistent-dun-impressionant-festival-nadalenc\/#primaryimage"},"image":{"@id":"https:\/\/valenciasjb.salesianos.edu\/colegio\/el-nostre-betlem-vivent-dintantil-el-telo-del-teatre-sobri-per-fer-gaudir-al-public-assistent-dun-impressionant-festival-nadalenc\/#primaryimage"},"thumbnailUrl":"https:\/\/valenciasjb.salesianos.edu\/colegio\/wp-content\/uploads\/sites\/2\/2017\/12\/DSC_7094.jpg","datePublished":"2017-12-17T12:07:22+00:00","dateModified":"2017-12-17T12:09:25+00:00","author":{"@id":"https:\/\/valenciasjb.salesianos.edu\/colegio\/#\/schema\/person\/1f45b67e52b27da175190a574db6bed9"},"breadcrumb":{"@id":"https:\/\/valenciasjb.salesianos.edu\/colegio\/el-nostre-betlem-vivent-dintantil-el-telo-del-teatre-sobri-per-fer-gaudir-al-public-assistent-dun-impressionant-festival-nadalenc\/#breadcrumb"},"inLanguage":"es","potentialAction":[{"@type":"ReadAction","target":["https:\/\/valenciasjb.salesianos.edu\/colegio\/el-nostre-betlem-vivent-dintantil-el-telo-del-teatre-sobri-per-fer-gaudir-al-public-assistent-dun-impressionant-festival-nadalenc\/"]}]},{"@type":"ImageObject","inLanguage":"es","@id":"https:\/\/valenciasjb.salesianos.edu\/colegio\/el-nostre-betlem-vivent-dintantil-el-telo-del-teatre-sobri-per-fer-gaudir-al-public-assistent-dun-impressionant-festival-nadalenc\/#primaryimage","url":"https:\/\/valenciasjb.salesianos.edu\/colegio\/wp-content\/uploads\/sites\/2\/2017\/12\/DSC_7094.jpg","contentUrl":"https:\/\/valenciasjb.salesianos.edu\/colegio\/wp-content\/uploads\/sites\/2\/2017\/12\/DSC_7094.jpg","width":6000,"height":3375},{"@type":"BreadcrumbList","@id":"https:\/\/valenciasjb.salesianos.edu\/colegio\/el-nostre-betlem-vivent-dintantil-el-telo-del-teatre-sobri-per-fer-gaudir-al-public-assistent-dun-impressionant-festival-nadalenc\/#breadcrumb","itemListElement":[{"@type":"ListItem","position":1,"name":"Portada","item":"https:\/\/valenciasjb.salesianos.edu\/colegio\/"},{"@type":"ListItem","position":2,"name":"El nostre Betlem vivent d&#8217;Intantil: El tel\u00f3 del teatre s&#8217;obr\u00ed per fer gaudir al p\u00fablic assistent d\u00b4un impressionant festival nadalenc."}]},{"@type":"WebSite","@id":"https:\/\/valenciasjb.salesianos.edu\/colegio\/#website","url":"https:\/\/valenciasjb.salesianos.edu\/colegio\/","name":"Colegio San Juan Bosco Valencia","description":"P\u00e1gina oficial del Colegio Salesianos San Juan Bosco Valencia","alternateName":"Salesianos.VSJB","potentialAction":[{"@type":"SearchAction","target":{"@type":"EntryPoint","urlTemplate":"https:\/\/valenciasjb.salesianos.edu\/colegio\/?s={search_term_string}"},"query-input":{"@type":"PropertyValueSpecification","valueRequired":true,"valueName":"search_term_string"}}],"inLanguage":"es"},{"@type":"Person","@id":"https:\/\/valenciasjb.salesianos.edu\/colegio\/#\/schema\/person\/1f45b67e52b27da175190a574db6bed9","name":"veronicapastor","image":{"@type":"ImageObject","inLanguage":"es","@id":"https:\/\/secure.gravatar.com\/avatar\/e29bd40bace3fd935e1d6fdb7313ffc14628cc037c5e16f4c7369b20a2a6f7f0?s=96&d=mm&r=g","url":"https:\/\/secure.gravatar.com\/avatar\/e29bd40bace3fd935e1d6fdb7313ffc14628cc037c5e16f4c7369b20a2a6f7f0?s=96&d=mm&r=g","contentUrl":"https:\/\/secure.gravatar.com\/avatar\/e29bd40bace3fd935e1d6fdb7313ffc14628cc037c5e16f4c7369b20a2a6f7f0?s=96&d=mm&r=g","caption":"veronicapastor"}}]}},"_links":{"self":[{"href":"https:\/\/valenciasjb.salesianos.edu\/colegio\/wp-json\/wp\/v2\/posts\/6473","targetHints":{"allow":["GET"]}}],"collection":[{"href":"https:\/\/valenciasjb.salesianos.edu\/colegio\/wp-json\/wp\/v2\/posts"}],"about":[{"href":"https:\/\/valenciasjb.salesianos.edu\/colegio\/wp-json\/wp\/v2\/types\/post"}],"author":[{"embeddable":true,"href":"https:\/\/valenciasjb.salesianos.edu\/colegio\/wp-json\/wp\/v2\/users\/6"}],"replies":[{"embeddable":true,"href":"https:\/\/valenciasjb.salesianos.edu\/colegio\/wp-json\/wp\/v2\/comments?post=6473"}],"version-history":[{"count":3,"href":"https:\/\/valenciasjb.salesianos.edu\/colegio\/wp-json\/wp\/v2\/posts\/6473\/revisions"}],"predecessor-version":[{"id":6484,"href":"https:\/\/valenciasjb.salesianos.edu\/colegio\/wp-json\/wp\/v2\/posts\/6473\/revisions\/6484"}],"wp:featuredmedia":[{"embeddable":true,"href":"https:\/\/valenciasjb.salesianos.edu\/colegio\/wp-json\/wp\/v2\/media\/6477"}],"wp:attachment":[{"href":"https:\/\/valenciasjb.salesianos.edu\/colegio\/wp-json\/wp\/v2\/media?parent=6473"}],"wp:term":[{"taxonomy":"category","embeddable":true,"href":"https:\/\/valenciasjb.salesianos.edu\/colegio\/wp-json\/wp\/v2\/categories?post=6473"},{"taxonomy":"post_tag","embeddable":true,"href":"https:\/\/valenciasjb.salesianos.edu\/colegio\/wp-json\/wp\/v2\/tags?post=6473"}],"curies":[{"name":"wp","href":"https:\/\/api.w.org\/{rel}","templated":true}]}}