{"id":7832,"date":"2017-12-20T16:31:13","date_gmt":"2017-12-20T15:31:13","guid":{"rendered":"https:\/\/valenciasjb.salesianos.edu\/colegio\/?p=7832"},"modified":"2017-12-20T21:57:08","modified_gmt":"2017-12-20T20:57:08","slug":"los-alumnos-y-alumnas-de-infantil-de-tres-anos-nos-sorprenden-con-su-particular-festival-de-navidad","status":"publish","type":"post","link":"https:\/\/valenciasjb.salesianos.edu\/colegio\/los-alumnos-y-alumnas-de-infantil-de-tres-anos-nos-sorprenden-con-su-particular-festival-de-navidad\/","title":{"rendered":"Los alumnos y alumnas de Infantil de tres a\u00f1os nos sorprenden con su particular festival de Navidad"},"content":{"rendered":"<div id=\"fb-root\"><\/div>\n<p>[et_pb_section bb_built=\u00bb1&#8243; admin_label=\u00bbsection\u00bb][et_pb_row admin_label=\u00bbrow\u00bb background_position=\u00bbtop_left\u00bb background_repeat=\u00bbrepeat\u00bb background_size=\u00bbinitial\u00bb][et_pb_column type=\u00bb4_4&#8243;][et_pb_text admin_label=\u00bbEntradilla (Texto)\u00bb _builder_version=\u00bb3.0.92&#8243; background_layout=\u00bblight\u00bb text_orientation=\u00bbjustified\u00bb text_font=\u00bb|on|||\u00bb module_alignment=\u00bbleft\u00bb]<\/p>\n<div id=\"resumen\"><b>En la tarde del martes, 19 de diciembre, los ni\u00f1os y ni\u00f1as de tres a\u00f1os de Infantil, acompa\u00f1ados de sus tutoras, sorprendieron a las familias con una especial actividad navide\u00f1a, compuesta por bailes y villancicos en las clases, donde ellos fueron los bailarines y cantantes y sus familias unos espectadores muy entregados.<\/b><\/div>\n<p>[\/et_pb_text][et_pb_text admin_label=\u00bbAutor (Texto)\u00bb _builder_version=\u00bb3.0.92&#8243; background_layout=\u00bblight\u00bb text_font=\u00bb||on||\u00bb]<\/p>\n<p>Redacci\u00f3n.<\/p>\n<p>[\/et_pb_text][et_pb_text admin_label=\u00bbDesarrollo (Texto)\u00bb _builder_version=\u00bb3.0.92&#8243; background_layout=\u00bblight\u00bb text_orientation=\u00bbjustified\u00bb module_alignment=\u00bbleft\u00bb]<\/p>\n<p><img loading=\"lazy\" decoding=\"async\" class=\"alignnone wp-image-7848\" src=\"https:\/\/valenciasjb.salesianos.edu\/colegio\/wp-content\/uploads\/sites\/2\/2017\/12\/3-A\u00d1OS-D-1-300x225.jpg\" alt=\"\" width=\"783\" height=\"587\" srcset=\"https:\/\/valenciasjb.salesianos.edu\/colegio\/wp-content\/uploads\/sites\/2\/2017\/12\/3-A\u00d1OS-D-1-300x225.jpg 300w, https:\/\/valenciasjb.salesianos.edu\/colegio\/wp-content\/uploads\/sites\/2\/2017\/12\/3-A\u00d1OS-D-1-768x576.jpg 768w, https:\/\/valenciasjb.salesianos.edu\/colegio\/wp-content\/uploads\/sites\/2\/2017\/12\/3-A\u00d1OS-D-1-1024x768.jpg 1024w, https:\/\/valenciasjb.salesianos.edu\/colegio\/wp-content\/uploads\/sites\/2\/2017\/12\/3-A\u00d1OS-D-1-510x382.jpg 510w, https:\/\/valenciasjb.salesianos.edu\/colegio\/wp-content\/uploads\/sites\/2\/2017\/12\/3-A\u00d1OS-D-1-1080x810.jpg 1080w\" sizes=\"(max-width: 783px) 100vw, 783px\" \/><\/p>\n<p>La actividad comenz\u00f3 el martes 19, a las cuatro de la tarde, cuando las aulas de los ni\u00f1os y ni\u00f1as de Infantil de tres a\u00f1os abrieron sus puertas para dar la bienvenida a las familias que, con muchas ganas, ven\u00edan a ser testigos de la actividad que con gran ilusi\u00f3n hab\u00edan preparado sus hijos e hijas para ellos.<\/p>\n<p>Los ni\u00f1os y ni\u00f1as, felices de tener a sus familias all\u00ed con ellos, deleitaron a todos los presentes con dos bailes bien ensayados, uno en castellano y otro en ingl\u00e9s. A continuaci\u00f3n, cantaron una serie de villancicos en valenciano.<\/p>\n<p>Con esta tarde tan especial damos la bienvenida a la Navidad, una preciosa ocasi\u00f3n en la que celebramos, como ellos mismos supieron expresar, que el ni\u00f1o Jes\u00fas va a nacer, por lo que son momentos para disfrutar y compartir en familia, como sin duda lo fue este especial \u00abfestival\u00bb que regalaron los ni\u00f1os y ni\u00f1as de Infantil de tres a\u00f1os. \u00a1Enhorabuena a todos! \u00a1Y feliz Navidad!<\/p>\n<p>[\/et_pb_text][et_pb_text admin_label=\u00bbT\u00edtulo: Galer\u00eda de fotos (Texto)\u00bb _builder_version=\u00bb3.0.76&#8243; background_layout=\u00bblight\u00bb text_font=\u00bb|on|||\u00bb text_text_color=\u00bb#dc001b\u00bb border_style=\u00bbsolid\u00bb disabled=\u00bboff\u00bb disabled_on=\u00bboff|on|on\u00bb]<\/p>\n<p>Galer\u00eda de im\u00e1genes<\/p>\n<p>[\/et_pb_text][et_pb_gallery _builder_version=\u00bb3.0.92&#8243; posts_number=\u00bb8&#8243; show_title_and_caption=\u00bboff\u00bb show_pagination=\u00bbon\u00bb fullwidth=\u00bboff\u00bb orientation=\u00bblandscape\u00bb zoom_icon_color=\u00bb#dc001b\u00bb hover_overlay_color=\u00bbrgba(255,255,255,0.9)\u00bb hover_icon=\u00bb%%51%%\u00bb background_layout=\u00bblight\u00bb disabled=\u00bboff\u00bb disabled_on=\u00bboff|off|off\u00bb gallery_ids=\u00bb7836,7845,7844,7848,7840,7839,7847,7849&#8243; pagination_font_size_tablet=\u00bb51&#8243; pagination_line_height_tablet=\u00bb2&#8243; \/][et_pb_video _builder_version=\u00bb3.0.51&#8243; disabled=\u00bbon\u00bb disabled_on=\u00bbon|on|on\u00bb \/][\/et_pb_column][\/et_pb_row][\/et_pb_section]<\/p>\n<!-- AddThis Advanced Settings generic via filter on the_content --><!-- AddThis Share Buttons generic via filter on the_content -->","protected":false},"excerpt":{"rendered":"<p>En la tarde del martes, 19 de diciembre, los ni\u00f1os y ni\u00f1as de tres a\u00f1os de Infantil, acompa\u00f1ados de sus tutoras, sorprendieron a las familias con una especial actividad navide\u00f1a, compuesta por bailes y villancicos en las clases, donde ellos fueron los bailarines y cantantes y sus familias unos espectadores muy entregados. Redacci\u00f3n. La actividad [&hellip;]<\/p>\n<p><!-- AddThis Advanced Settings generic via filter on get_the_excerpt --><!-- AddThis Share Buttons generic via filter on get_the_excerpt --><\/p>\n","protected":false},"author":6,"featured_media":7848,"comment_status":"closed","ping_status":"open","sticky":false,"template":"","format":"standard","meta":{"_et_pb_use_builder":"on","_et_pb_old_content":"","_et_gb_content_width":"","footnotes":""},"categories":[14],"tags":[],"class_list":["post-7832","post","type-post","status-publish","format-standard","has-post-thumbnail","hentry","category-noticia_colegio"],"yoast_head":"<!-- This site is optimized with the Yoast SEO plugin v28.4 - https:\/\/yoast.com\/product\/yoast-seo-wordpress\/ -->\n<title>Los alumnos y alumnas de Infantil de tres a\u00f1os nos sorprenden con su particular festival de Navidad - Colegio San Juan Bosco Valencia<\/title>\n<meta name=\"robots\" content=\"index, follow, max-snippet:-1, max-image-preview:large, max-video-preview:-1\" \/>\n<link rel=\"canonical\" href=\"https:\/\/valenciasjb.salesianos.edu\/colegio\/los-alumnos-y-alumnas-de-infantil-de-tres-anos-nos-sorprenden-con-su-particular-festival-de-navidad\/\" \/>\n<meta property=\"og:locale\" content=\"es_ES\" \/>\n<meta property=\"og:type\" content=\"article\" \/>\n<meta property=\"og:title\" content=\"Los alumnos y alumnas de Infantil de tres a\u00f1os nos sorprenden con su particular festival de Navidad - Colegio San Juan Bosco Valencia\" \/>\n<meta property=\"og:description\" content=\"En la tarde del martes, 19 de diciembre, los ni\u00f1os y ni\u00f1as de tres a\u00f1os de Infantil, acompa\u00f1ados de sus tutoras, sorprendieron a las familias con una especial actividad navide\u00f1a, compuesta por bailes y villancicos en las clases, donde ellos fueron los bailarines y cantantes y sus familias unos espectadores muy entregados. Redacci\u00f3n. La actividad [&hellip;]\" \/>\n<meta property=\"og:url\" content=\"https:\/\/valenciasjb.salesianos.edu\/colegio\/los-alumnos-y-alumnas-de-infantil-de-tres-anos-nos-sorprenden-con-su-particular-festival-de-navidad\/\" \/>\n<meta property=\"og:site_name\" content=\"Colegio San Juan Bosco Valencia\" \/>\n<meta property=\"article:publisher\" content=\"https:\/\/www.facebook.com\/ColegioSalesianoSanJuanBoscoValencia\" \/>\n<meta property=\"article:published_time\" content=\"2017-12-20T15:31:13+00:00\" \/>\n<meta property=\"article:modified_time\" content=\"2017-12-20T20:57:08+00:00\" \/>\n<meta property=\"og:image\" content=\"https:\/\/valenciasjb.salesianos.edu\/colegio\/wp-content\/uploads\/sites\/2\/2017\/12\/3-A\u00d1OS-D-1-1024x768.jpg\" \/>\n\t<meta property=\"og:image:width\" content=\"1024\" \/>\n\t<meta property=\"og:image:height\" content=\"768\" \/>\n\t<meta property=\"og:image:type\" content=\"image\/jpeg\" \/>\n<meta name=\"author\" content=\"veronicapastor\" \/>\n<meta name=\"twitter:card\" content=\"summary_large_image\" \/>\n<meta name=\"twitter:creator\" content=\"@SalesianosVSJB\" \/>\n<meta name=\"twitter:site\" content=\"@SalesianosVSJB\" \/>\n<meta name=\"twitter:label1\" content=\"Escrito por\" \/>\n\t<meta name=\"twitter:data1\" content=\"veronicapastor\" \/>\n\t<meta name=\"twitter:label2\" content=\"Tiempo de lectura\" \/>\n\t<meta name=\"twitter:data2\" content=\"2 minutos\" \/>\n<script type=\"application\/ld+json\" class=\"yoast-schema-graph\">{\"@context\":\"https:\\\/\\\/schema.org\",\"@graph\":[{\"@type\":\"Article\",\"@id\":\"https:\\\/\\\/valenciasjb.salesianos.edu\\\/colegio\\\/los-alumnos-y-alumnas-de-infantil-de-tres-anos-nos-sorprenden-con-su-particular-festival-de-navidad\\\/#article\",\"isPartOf\":{\"@id\":\"https:\\\/\\\/valenciasjb.salesianos.edu\\\/colegio\\\/los-alumnos-y-alumnas-de-infantil-de-tres-anos-nos-sorprenden-con-su-particular-festival-de-navidad\\\/\"},\"author\":{\"name\":\"veronicapastor\",\"@id\":\"https:\\\/\\\/valenciasjb.salesianos.edu\\\/colegio\\\/#\\\/schema\\\/person\\\/1f45b67e52b27da175190a574db6bed9\"},\"headline\":\"Los alumnos y alumnas de Infantil de tres a\u00f1os nos sorprenden con su particular festival de Navidad\",\"datePublished\":\"2017-12-20T15:31:13+00:00\",\"dateModified\":\"2017-12-20T20:57:08+00:00\",\"mainEntityOfPage\":{\"@id\":\"https:\\\/\\\/valenciasjb.salesianos.edu\\\/colegio\\\/los-alumnos-y-alumnas-de-infantil-de-tres-anos-nos-sorprenden-con-su-particular-festival-de-navidad\\\/\"},\"wordCount\":459,\"image\":{\"@id\":\"https:\\\/\\\/valenciasjb.salesianos.edu\\\/colegio\\\/los-alumnos-y-alumnas-de-infantil-de-tres-anos-nos-sorprenden-con-su-particular-festival-de-navidad\\\/#primaryimage\"},\"thumbnailUrl\":\"https:\\\/\\\/valenciasjb.salesianos.edu\\\/colegio\\\/wp-content\\\/uploads\\\/sites\\\/2\\\/2017\\\/12\\\/3-A\u00d1OS-D-1.jpg\",\"articleSection\":[\"Noticia Colegio\"],\"inLanguage\":\"es\"},{\"@type\":\"WebPage\",\"@id\":\"https:\\\/\\\/valenciasjb.salesianos.edu\\\/colegio\\\/los-alumnos-y-alumnas-de-infantil-de-tres-anos-nos-sorprenden-con-su-particular-festival-de-navidad\\\/\",\"url\":\"https:\\\/\\\/valenciasjb.salesianos.edu\\\/colegio\\\/los-alumnos-y-alumnas-de-infantil-de-tres-anos-nos-sorprenden-con-su-particular-festival-de-navidad\\\/\",\"name\":\"Los alumnos y alumnas de Infantil de tres a\u00f1os nos sorprenden con su particular festival de Navidad - Colegio San Juan Bosco Valencia\",\"isPartOf\":{\"@id\":\"https:\\\/\\\/valenciasjb.salesianos.edu\\\/colegio\\\/#website\"},\"primaryImageOfPage\":{\"@id\":\"https:\\\/\\\/valenciasjb.salesianos.edu\\\/colegio\\\/los-alumnos-y-alumnas-de-infantil-de-tres-anos-nos-sorprenden-con-su-particular-festival-de-navidad\\\/#primaryimage\"},\"image\":{\"@id\":\"https:\\\/\\\/valenciasjb.salesianos.edu\\\/colegio\\\/los-alumnos-y-alumnas-de-infantil-de-tres-anos-nos-sorprenden-con-su-particular-festival-de-navidad\\\/#primaryimage\"},\"thumbnailUrl\":\"https:\\\/\\\/valenciasjb.salesianos.edu\\\/colegio\\\/wp-content\\\/uploads\\\/sites\\\/2\\\/2017\\\/12\\\/3-A\u00d1OS-D-1.jpg\",\"datePublished\":\"2017-12-20T15:31:13+00:00\",\"dateModified\":\"2017-12-20T20:57:08+00:00\",\"author\":{\"@id\":\"https:\\\/\\\/valenciasjb.salesianos.edu\\\/colegio\\\/#\\\/schema\\\/person\\\/1f45b67e52b27da175190a574db6bed9\"},\"breadcrumb\":{\"@id\":\"https:\\\/\\\/valenciasjb.salesianos.edu\\\/colegio\\\/los-alumnos-y-alumnas-de-infantil-de-tres-anos-nos-sorprenden-con-su-particular-festival-de-navidad\\\/#breadcrumb\"},\"inLanguage\":\"es\",\"potentialAction\":[{\"@type\":\"ReadAction\",\"target\":[\"https:\\\/\\\/valenciasjb.salesianos.edu\\\/colegio\\\/los-alumnos-y-alumnas-de-infantil-de-tres-anos-nos-sorprenden-con-su-particular-festival-de-navidad\\\/\"]}]},{\"@type\":\"ImageObject\",\"inLanguage\":\"es\",\"@id\":\"https:\\\/\\\/valenciasjb.salesianos.edu\\\/colegio\\\/los-alumnos-y-alumnas-de-infantil-de-tres-anos-nos-sorprenden-con-su-particular-festival-de-navidad\\\/#primaryimage\",\"url\":\"https:\\\/\\\/valenciasjb.salesianos.edu\\\/colegio\\\/wp-content\\\/uploads\\\/sites\\\/2\\\/2017\\\/12\\\/3-A\u00d1OS-D-1.jpg\",\"contentUrl\":\"https:\\\/\\\/valenciasjb.salesianos.edu\\\/colegio\\\/wp-content\\\/uploads\\\/sites\\\/2\\\/2017\\\/12\\\/3-A\u00d1OS-D-1.jpg\",\"width\":4032,\"height\":3024},{\"@type\":\"BreadcrumbList\",\"@id\":\"https:\\\/\\\/valenciasjb.salesianos.edu\\\/colegio\\\/los-alumnos-y-alumnas-de-infantil-de-tres-anos-nos-sorprenden-con-su-particular-festival-de-navidad\\\/#breadcrumb\",\"itemListElement\":[{\"@type\":\"ListItem\",\"position\":1,\"name\":\"Portada\",\"item\":\"https:\\\/\\\/valenciasjb.salesianos.edu\\\/colegio\\\/\"},{\"@type\":\"ListItem\",\"position\":2,\"name\":\"Los alumnos y alumnas de Infantil de tres a\u00f1os nos sorprenden con su particular festival de Navidad\"}]},{\"@type\":\"WebSite\",\"@id\":\"https:\\\/\\\/valenciasjb.salesianos.edu\\\/colegio\\\/#website\",\"url\":\"https:\\\/\\\/valenciasjb.salesianos.edu\\\/colegio\\\/\",\"name\":\"Colegio San Juan Bosco Valencia\",\"description\":\"P\u00e1gina oficial del Colegio Salesianos San Juan Bosco Valencia\",\"alternateName\":\"Salesianos.VSJB\",\"potentialAction\":[{\"@type\":\"SearchAction\",\"target\":{\"@type\":\"EntryPoint\",\"urlTemplate\":\"https:\\\/\\\/valenciasjb.salesianos.edu\\\/colegio\\\/?s={search_term_string}\"},\"query-input\":{\"@type\":\"PropertyValueSpecification\",\"valueRequired\":true,\"valueName\":\"search_term_string\"}}],\"inLanguage\":\"es\"},{\"@type\":\"Person\",\"@id\":\"https:\\\/\\\/valenciasjb.salesianos.edu\\\/colegio\\\/#\\\/schema\\\/person\\\/1f45b67e52b27da175190a574db6bed9\",\"name\":\"veronicapastor\",\"image\":{\"@type\":\"ImageObject\",\"inLanguage\":\"es\",\"@id\":\"https:\\\/\\\/secure.gravatar.com\\\/avatar\\\/e29bd40bace3fd935e1d6fdb7313ffc14628cc037c5e16f4c7369b20a2a6f7f0?s=96&d=mm&r=g\",\"url\":\"https:\\\/\\\/secure.gravatar.com\\\/avatar\\\/e29bd40bace3fd935e1d6fdb7313ffc14628cc037c5e16f4c7369b20a2a6f7f0?s=96&d=mm&r=g\",\"contentUrl\":\"https:\\\/\\\/secure.gravatar.com\\\/avatar\\\/e29bd40bace3fd935e1d6fdb7313ffc14628cc037c5e16f4c7369b20a2a6f7f0?s=96&d=mm&r=g\",\"caption\":\"veronicapastor\"}}]}<\/script>\n<!-- \/ Yoast SEO plugin. -->","yoast_head_json":{"title":"Los alumnos y alumnas de Infantil de tres a\u00f1os nos sorprenden con su particular festival de Navidad - Colegio San Juan Bosco Valencia","robots":{"index":"index","follow":"follow","max-snippet":"max-snippet:-1","max-image-preview":"max-image-preview:large","max-video-preview":"max-video-preview:-1"},"canonical":"https:\/\/valenciasjb.salesianos.edu\/colegio\/los-alumnos-y-alumnas-de-infantil-de-tres-anos-nos-sorprenden-con-su-particular-festival-de-navidad\/","og_locale":"es_ES","og_type":"article","og_title":"Los alumnos y alumnas de Infantil de tres a\u00f1os nos sorprenden con su particular festival de Navidad - Colegio San Juan Bosco Valencia","og_description":"En la tarde del martes, 19 de diciembre, los ni\u00f1os y ni\u00f1as de tres a\u00f1os de Infantil, acompa\u00f1ados de sus tutoras, sorprendieron a las familias con una especial actividad navide\u00f1a, compuesta por bailes y villancicos en las clases, donde ellos fueron los bailarines y cantantes y sus familias unos espectadores muy entregados. Redacci\u00f3n. La actividad [&hellip;]","og_url":"https:\/\/valenciasjb.salesianos.edu\/colegio\/los-alumnos-y-alumnas-de-infantil-de-tres-anos-nos-sorprenden-con-su-particular-festival-de-navidad\/","og_site_name":"Colegio San Juan Bosco Valencia","article_publisher":"https:\/\/www.facebook.com\/ColegioSalesianoSanJuanBoscoValencia","article_published_time":"2017-12-20T15:31:13+00:00","article_modified_time":"2017-12-20T20:57:08+00:00","og_image":[{"width":1024,"height":768,"url":"https:\/\/valenciasjb.salesianos.edu\/colegio\/wp-content\/uploads\/sites\/2\/2017\/12\/3-A\u00d1OS-D-1-1024x768.jpg","type":"image\/jpeg"}],"author":"veronicapastor","twitter_card":"summary_large_image","twitter_creator":"@SalesianosVSJB","twitter_site":"@SalesianosVSJB","twitter_misc":{"Escrito por":"veronicapastor","Tiempo de lectura":"2 minutos"},"schema":{"@context":"https:\/\/schema.org","@graph":[{"@type":"Article","@id":"https:\/\/valenciasjb.salesianos.edu\/colegio\/los-alumnos-y-alumnas-de-infantil-de-tres-anos-nos-sorprenden-con-su-particular-festival-de-navidad\/#article","isPartOf":{"@id":"https:\/\/valenciasjb.salesianos.edu\/colegio\/los-alumnos-y-alumnas-de-infantil-de-tres-anos-nos-sorprenden-con-su-particular-festival-de-navidad\/"},"author":{"name":"veronicapastor","@id":"https:\/\/valenciasjb.salesianos.edu\/colegio\/#\/schema\/person\/1f45b67e52b27da175190a574db6bed9"},"headline":"Los alumnos y alumnas de Infantil de tres a\u00f1os nos sorprenden con su particular festival de Navidad","datePublished":"2017-12-20T15:31:13+00:00","dateModified":"2017-12-20T20:57:08+00:00","mainEntityOfPage":{"@id":"https:\/\/valenciasjb.salesianos.edu\/colegio\/los-alumnos-y-alumnas-de-infantil-de-tres-anos-nos-sorprenden-con-su-particular-festival-de-navidad\/"},"wordCount":459,"image":{"@id":"https:\/\/valenciasjb.salesianos.edu\/colegio\/los-alumnos-y-alumnas-de-infantil-de-tres-anos-nos-sorprenden-con-su-particular-festival-de-navidad\/#primaryimage"},"thumbnailUrl":"https:\/\/valenciasjb.salesianos.edu\/colegio\/wp-content\/uploads\/sites\/2\/2017\/12\/3-A\u00d1OS-D-1.jpg","articleSection":["Noticia Colegio"],"inLanguage":"es"},{"@type":"WebPage","@id":"https:\/\/valenciasjb.salesianos.edu\/colegio\/los-alumnos-y-alumnas-de-infantil-de-tres-anos-nos-sorprenden-con-su-particular-festival-de-navidad\/","url":"https:\/\/valenciasjb.salesianos.edu\/colegio\/los-alumnos-y-alumnas-de-infantil-de-tres-anos-nos-sorprenden-con-su-particular-festival-de-navidad\/","name":"Los alumnos y alumnas de Infantil de tres a\u00f1os nos sorprenden con su particular festival de Navidad - Colegio San Juan Bosco Valencia","isPartOf":{"@id":"https:\/\/valenciasjb.salesianos.edu\/colegio\/#website"},"primaryImageOfPage":{"@id":"https:\/\/valenciasjb.salesianos.edu\/colegio\/los-alumnos-y-alumnas-de-infantil-de-tres-anos-nos-sorprenden-con-su-particular-festival-de-navidad\/#primaryimage"},"image":{"@id":"https:\/\/valenciasjb.salesianos.edu\/colegio\/los-alumnos-y-alumnas-de-infantil-de-tres-anos-nos-sorprenden-con-su-particular-festival-de-navidad\/#primaryimage"},"thumbnailUrl":"https:\/\/valenciasjb.salesianos.edu\/colegio\/wp-content\/uploads\/sites\/2\/2017\/12\/3-A\u00d1OS-D-1.jpg","datePublished":"2017-12-20T15:31:13+00:00","dateModified":"2017-12-20T20:57:08+00:00","author":{"@id":"https:\/\/valenciasjb.salesianos.edu\/colegio\/#\/schema\/person\/1f45b67e52b27da175190a574db6bed9"},"breadcrumb":{"@id":"https:\/\/valenciasjb.salesianos.edu\/colegio\/los-alumnos-y-alumnas-de-infantil-de-tres-anos-nos-sorprenden-con-su-particular-festival-de-navidad\/#breadcrumb"},"inLanguage":"es","potentialAction":[{"@type":"ReadAction","target":["https:\/\/valenciasjb.salesianos.edu\/colegio\/los-alumnos-y-alumnas-de-infantil-de-tres-anos-nos-sorprenden-con-su-particular-festival-de-navidad\/"]}]},{"@type":"ImageObject","inLanguage":"es","@id":"https:\/\/valenciasjb.salesianos.edu\/colegio\/los-alumnos-y-alumnas-de-infantil-de-tres-anos-nos-sorprenden-con-su-particular-festival-de-navidad\/#primaryimage","url":"https:\/\/valenciasjb.salesianos.edu\/colegio\/wp-content\/uploads\/sites\/2\/2017\/12\/3-A\u00d1OS-D-1.jpg","contentUrl":"https:\/\/valenciasjb.salesianos.edu\/colegio\/wp-content\/uploads\/sites\/2\/2017\/12\/3-A\u00d1OS-D-1.jpg","width":4032,"height":3024},{"@type":"BreadcrumbList","@id":"https:\/\/valenciasjb.salesianos.edu\/colegio\/los-alumnos-y-alumnas-de-infantil-de-tres-anos-nos-sorprenden-con-su-particular-festival-de-navidad\/#breadcrumb","itemListElement":[{"@type":"ListItem","position":1,"name":"Portada","item":"https:\/\/valenciasjb.salesianos.edu\/colegio\/"},{"@type":"ListItem","position":2,"name":"Los alumnos y alumnas de Infantil de tres a\u00f1os nos sorprenden con su particular festival de Navidad"}]},{"@type":"WebSite","@id":"https:\/\/valenciasjb.salesianos.edu\/colegio\/#website","url":"https:\/\/valenciasjb.salesianos.edu\/colegio\/","name":"Colegio San Juan Bosco Valencia","description":"P\u00e1gina oficial del Colegio Salesianos San Juan Bosco Valencia","alternateName":"Salesianos.VSJB","potentialAction":[{"@type":"SearchAction","target":{"@type":"EntryPoint","urlTemplate":"https:\/\/valenciasjb.salesianos.edu\/colegio\/?s={search_term_string}"},"query-input":{"@type":"PropertyValueSpecification","valueRequired":true,"valueName":"search_term_string"}}],"inLanguage":"es"},{"@type":"Person","@id":"https:\/\/valenciasjb.salesianos.edu\/colegio\/#\/schema\/person\/1f45b67e52b27da175190a574db6bed9","name":"veronicapastor","image":{"@type":"ImageObject","inLanguage":"es","@id":"https:\/\/secure.gravatar.com\/avatar\/e29bd40bace3fd935e1d6fdb7313ffc14628cc037c5e16f4c7369b20a2a6f7f0?s=96&d=mm&r=g","url":"https:\/\/secure.gravatar.com\/avatar\/e29bd40bace3fd935e1d6fdb7313ffc14628cc037c5e16f4c7369b20a2a6f7f0?s=96&d=mm&r=g","contentUrl":"https:\/\/secure.gravatar.com\/avatar\/e29bd40bace3fd935e1d6fdb7313ffc14628cc037c5e16f4c7369b20a2a6f7f0?s=96&d=mm&r=g","caption":"veronicapastor"}}]}},"_links":{"self":[{"href":"https:\/\/valenciasjb.salesianos.edu\/colegio\/wp-json\/wp\/v2\/posts\/7832","targetHints":{"allow":["GET"]}}],"collection":[{"href":"https:\/\/valenciasjb.salesianos.edu\/colegio\/wp-json\/wp\/v2\/posts"}],"about":[{"href":"https:\/\/valenciasjb.salesianos.edu\/colegio\/wp-json\/wp\/v2\/types\/post"}],"author":[{"embeddable":true,"href":"https:\/\/valenciasjb.salesianos.edu\/colegio\/wp-json\/wp\/v2\/users\/6"}],"replies":[{"embeddable":true,"href":"https:\/\/valenciasjb.salesianos.edu\/colegio\/wp-json\/wp\/v2\/comments?post=7832"}],"version-history":[{"count":3,"href":"https:\/\/valenciasjb.salesianos.edu\/colegio\/wp-json\/wp\/v2\/posts\/7832\/revisions"}],"predecessor-version":[{"id":7852,"href":"https:\/\/valenciasjb.salesianos.edu\/colegio\/wp-json\/wp\/v2\/posts\/7832\/revisions\/7852"}],"wp:featuredmedia":[{"embeddable":true,"href":"https:\/\/valenciasjb.salesianos.edu\/colegio\/wp-json\/wp\/v2\/media\/7848"}],"wp:attachment":[{"href":"https:\/\/valenciasjb.salesianos.edu\/colegio\/wp-json\/wp\/v2\/media?parent=7832"}],"wp:term":[{"taxonomy":"category","embeddable":true,"href":"https:\/\/valenciasjb.salesianos.edu\/colegio\/wp-json\/wp\/v2\/categories?post=7832"},{"taxonomy":"post_tag","embeddable":true,"href":"https:\/\/valenciasjb.salesianos.edu\/colegio\/wp-json\/wp\/v2\/tags?post=7832"}],"curies":[{"name":"wp","href":"https:\/\/api.w.org\/{rel}","templated":true}]}}